{"id":27470,"date":"2020-05-29T11:36:59","date_gmt":"2020-05-29T10:36:59","guid":{"rendered":"https:\/\/speyer24news.com\/?p=27470"},"modified":"2020-05-29T11:37:00","modified_gmt":"2020-05-29T10:37:00","slug":"germersheim-und-landkreis-ger-18","status":"publish","type":"post","link":"https:\/\/speyer24news.com\/?p=27470","title":{"rendered":"Germersheim und Landkreis GER"},"content":{"rendered":"<style type=\"text\/css\">\r\n\t.ads_top_disp{}\r\n\t.ads_top_corner_disp{ float:left; margin:0px 10px 10px 0px; }\r\n\t.ads_first_p_disp{}\r\n\t.ads_bottom_disp{}\r\n\t<\/style>\n<h2 class=\"wp-block-heading\" style=\"text-align:center\"><strong>Coronavirus<\/strong> &#8211; Fallzahlen aus dem Landkreis<\/h2>\n\n\n\n<div class=\"wp-block-image\"><figure class=\"aligncenter\"><img decoding=\"async\" loading=\"lazy\" width=\"800\" height=\"400\" src=\"https:\/\/speyer24news.com\/wp-content\/uploads\/2020\/02\/virus-1812092_1920.jpg\" alt=\"\" class=\"wp-image-25128\" srcset=\"https:\/\/speyer24news.com\/wp-content\/uploads\/2020\/02\/virus-1812092_1920.jpg 800w, https:\/\/speyer24news.com\/wp-content\/uploads\/2020\/02\/virus-1812092_1920-300x150.jpg 300w, https:\/\/speyer24news.com\/wp-content\/uploads\/2020\/02\/virus-1812092_1920-768x384.jpg 768w\" sizes=\"(max-width: 800px) 100vw, 800px\" \/><\/figure><\/div>\n\n\n\n<h2 class=\"wp-block-heading\"><strong>Aktuell\nkein best\u00e4tigter positiver Fall im Landkreis Germersheim (28. Mai 2020, Stand&nbsp;13Uhr)<\/strong><\/h2>\n\n\n\n<p>Die \u00dcbersicht aus dem Landkreis Germersheim:<\/p>\n\n\n\n<ul><li>Derzeit positiv getestete Personen: 0<\/li><li>Gesundete Personen: 143<\/li><li>Bislang leider verstorbene Personen: 5<ul><li>Gesamtzahl\npositiv getestete Personen (seit Ausbruch): 148<\/li><\/ul><\/li><\/ul>\n\n\n\n<h2 class=\"wp-block-heading\"><strong>Aktuell\nein best\u00e4tigter positiver Fall im Landkreis Germersheim (27. Mai 2020, Stand&nbsp;12\nUhr)<\/strong><\/h2>\n\n\n\n<p>Die \u00dcbersicht aus dem Landkreis Germersheim:<\/p>\n\n\n\n<ul><li>Derzeit positiv getestete Personen: eine<\/li><li>Gesundete Personen: 142<\/li><li>Bislang leider verstorbene Personen: 5<ul><li>Gesamtzahl\npositiv getestete Personen (seit Ausbruch): 148<\/li><\/ul><\/li><\/ul>\n\n\n\n<h2 class=\"wp-block-heading\"><strong>Aktuell\n4 best\u00e4tigte positive F\u00e4lle im Landkreis Germersheim (26. Mai 2020, Stand&nbsp;13\nUhr)<\/strong><\/h2>\n\n\n\n<p>Die \u00dcbersicht aus dem Landkreis Germersheim:<\/p>\n\n\n\n<ul><li>Derzeit positiv getestete Personen: 4<\/li><li>Gesundete Personen: 139<\/li><li>Bislang leider verstorbene Personen: 5<ul><li>Gesamtzahl\npositiv getestete Personen (seit Ausbruch): 148<\/li><\/ul><\/li><\/ul>\n\n\n\n<h2 class=\"wp-block-heading\"><strong>Aktuell\n7 best\u00e4tigte positive F\u00e4lle im Landkreis Germersheim (25. Mai 2020, Stand 12.30\nUhr)<\/strong><\/h2>\n\n\n\n<p>Die \u00dcbersicht aus dem Landkreis Germersheim:<\/p>\n\n\n\n<ul><li>Derzeit positiv getestete Personen: 7<\/li><li>Gesundete Personen: 136<\/li><li>Bislang leider verstorbene Personen: 5<ul><li>Gesamtzahl\npositiv getestete Personen (seit Ausbruch): 148<\/li><\/ul><\/li><\/ul>\n\n\n\n<p><em>Kreisverwaltung Germersheim<\/em><br><em>29.05.2020<\/em><\/p>\n\n\n\n<h2 class=\"wp-block-heading\"><strong>Neue \u00d6ffnungszeiten der Corona-Ambulanz ab 2 Juni 2020<\/strong><\/h2>\n\n\n\n<p>Die Corona-Ambulanz im B\u00fcrgerhaus\nJockgrim, Untere Buchstra\u00dfe, hat ab Montag,&nbsp;1.&nbsp;Juni&nbsp;2020,\nge\u00e4nderte \u00d6ffnungszeiten. Diese sind:<\/p>\n\n\n\n<ul><li>Montag, 1. Juni, geschlossen, Feiertag<\/li><li>Dienstag, 2. Juni, 14-18 Uhr<\/li><li>Mittwoch, 3. Juni, geschlossen<\/li><li>Donnerstag, 4. Juni, 14-18 Uhr<\/li><li>Freitag, 5. Juni, 14-18 Uhr<\/li><\/ul>\n\n\n\n<ul><li>Montag, 8. Juni, 14-18 Uhr<\/li><li>Dienstag, 9. Juni, 14-18 Uhr<\/li><li>Mittwoch, 10. Juni, geschlossen<\/li><li>Donnerstag, 11. Juni, geschlossen, Feiertag<\/li><li>Freitag, 12. Juni, 14-18 Uhr<\/li><\/ul>\n\n\n\n<h4 class=\"wp-block-heading\"><strong>Hinweis f\u00fcr Patientinnen und Patienten<\/strong><\/h4>\n\n\n\n<p>Um in der Corona-Ambulanz untersucht und gegebenenfalls abgestrichen zu werden, ben\u00f6tigen Patientinnen und Patienten\n keine \u00dcberweisung, keinen Termin und m\u00fcssen vorab auch nicht anrufen. Es gen\u00fcgt die Vorlage des Personalausweises und der Krankenkassenkarte.<\/p>\n\n\n\n<p><em>Kreisverwaltung Germersheim<\/em><br><em>29.05.2020<\/em><\/p>\n\n\n\n<h2 class=\"wp-block-heading\"><strong>Corona-Pandemie: Thekenverkauf seit 27.05.2020 zul\u00e4ssig:<\/strong><\/h2>\n\n\n\n<h3 class=\"wp-block-heading\"><strong>Landr\u00e4te und Oberb\u00fcrgermeister begr\u00fc\u00dfen Regelungen der 8. Corona-Bek\u00e4mpfungsverordnung (CoBeLVO)<\/strong><\/h3>\n\n\n\n<figure class=\"wp-block-image\"><img decoding=\"async\" loading=\"lazy\" width=\"800\" height=\"600\" src=\"https:\/\/speyer24news.com\/wp-content\/uploads\/2020\/05\/IMG_20190915_115002.jpg\" alt=\"\" class=\"wp-image-27131\" srcset=\"https:\/\/speyer24news.com\/wp-content\/uploads\/2020\/05\/IMG_20190915_115002.jpg 800w, https:\/\/speyer24news.com\/wp-content\/uploads\/2020\/05\/IMG_20190915_115002-300x225.jpg 300w, https:\/\/speyer24news.com\/wp-content\/uploads\/2020\/05\/IMG_20190915_115002-768x576.jpg 768w, https:\/\/speyer24news.com\/wp-content\/uploads\/2020\/05\/IMG_20190915_115002-678x509.jpg 678w, https:\/\/speyer24news.com\/wp-content\/uploads\/2020\/05\/IMG_20190915_115002-326x245.jpg 326w, https:\/\/speyer24news.com\/wp-content\/uploads\/2020\/05\/IMG_20190915_115002-80x60.jpg 80w\" sizes=\"(max-width: 800px) 100vw, 800px\" \/><\/figure>\n\n\n\n<p>Seit Mittwoch, 27. Mai, gilt in Rheinland-Pfalz eine neue Verordnung im Kampf gegen das Corona-Virus. Landr\u00e4tin Dr. Susanne Ganster (S\u00fcdwestpfalz),  die Landr\u00e4te Dr. Fritz Brechtel (Germersheim) und Dietmar Seefeldt (S\u00fcdliche Weinstra\u00dfe) sowie Oberb\u00fcrgermeister Thomas Hirsch (Landau) begr\u00fc\u00dfen, dass mit der 8. Corona-Bek\u00e4mpfungsverordnung nun auch die Bar- und Thekenbereiche f\u00fcr den Verkauf und die Abgabe  von Speisen und Getr\u00e4nken ge\u00f6ffnet werden k\u00f6nnen.<\/p>\n\n\n\n<p>\u201eWir danken der Landesregierung, dass die bisherige Haltung nochmals \u00fcberdacht\u00a0 und insbesondere\u00a0 die Sinnhaftigkeit in der Gleichbehandlung der Gastronomie erkannt und eingesehen wurde. Die \u00d6ffnung ist nat\u00fcrlich auch im Sinne unserer B\u00fcrgerinnen und B\u00fcrger sowie G\u00e4ste unserer sch\u00f6nen Region. Es war nicht plausibel, weshalb der Thekenverkauf (Selbstbedienung) in der vorherigen  Verordnung nicht zul\u00e4ssig war\u201c, so Landr\u00e4tin Dr. Ganster, die Landr\u00e4te Dr. Brechtel und Seefeldt sowie Oberb\u00fcrgermeister Hirsch. <\/p>\n\n\n\n<p>Bereits Mitte Mai haben sich die politisch Verantwortlichen aus den Landkreisen S\u00fcdwestpfalz, Germersheim, S\u00fcdliche Weinstra\u00dfe und der  Stadt Landau mit einem Schreiben an die Landesregierung gewandt und gefordert, landesweit einfache, klare und faire Regelungen zur Gleichbehandlung zu schaffen: \u201eWir sind nun froh \u00fcber die neuen einheitlichen Regelungen der 8. CoBeLVO, die zur Gleichbehandlung in der Gastronomie und zum Schutz von Existenzen dringend  notwendig waren.\u201c Es sei nicht nachvollziehbar gewesen, dass nach der 7. Corona-Bek\u00e4mpfungsverordnung Gastst\u00e4tten, Restaurants und Kneipen mit Bedienung  an Tischen wieder \u00f6ffnen durften und dass bei Eisdielen, B\u00e4ckereien, Metzgereien und anderen Verkaufsst\u00e4nden \u00fcber die Theke verkauft werden durfte, nicht jedoch in Gastst\u00e4tten oder Pf\u00e4lzerwaldh\u00fctten. \u201eDie H\u00fctten- und Gastst\u00e4ttenkultur in  unserer Region ist etwas Besonderes und ein wichtiger Teil der touristischen Infrastruktur, unserer Lebenskultur, unserer Identit\u00e4t und Teil unseres Selbstverst\u00e4ndnisses. Gerade die H\u00fctten, die oft von Ehrenamtlichen betrieben werden, haben Ideen und Konzepte  entwickelt, die den hygienerechtlichen Anforderungen entsprechen und nun Anwendung finden k\u00f6nnen. Beispiele, wie diese Ma\u00dfnahmen aussehen k\u00f6nnen, hatten wir l\u00e4ngst gegen\u00fcber dem Land kommuniziert.\u201c <\/p>\n\n\n\n<p>Die Kreischefs und der Stadtchef haben in ihrem Schreiben grunds\u00e4tzlich darauf hingewiesen, dass in Rheinland-Pfalz mit verschiedensten Ma\u00dfnahmen erfolgreich gegen die Ausbreitung des Coronavirus gek\u00e4mpft werde. Die B\u00fcrgerinnen und B\u00fcrger,  aber auch Unternehmen, Selbstst\u00e4ndige, Handel, Gastgewerbe etc. tr\u00fcgen unter Gef\u00e4hrdung ihrer wirtschaftlichen Existenz durch Einhaltung der beschlossenen Beschr\u00e4nkungen dazu bei. Auch Landr\u00e4tin Dr. Ganster, die Landr\u00e4te Dr. Brechtel und Seefeldt sowie Oberb\u00fcrgermeister Thomas Hirsch  erachten ein an die Infektionslage angepasstes Vorgehen nach wie vor als zielf\u00fchrend und sinnvoll: \u201eEs war jedoch \u00fcberf\u00e4llig, die Gleichbehandlung der Gastronomie in den Blick zu nehmen. Die Einhaltung der strengen Hygienema\u00dfnahmen  ist auch dort selbstverst\u00e4ndlich und umsetzbar, wie die Beispiele der Eisdielen, B\u00e4ckereien und Metzgereien zeigen\u201c, betonen die Verwaltungschefs.<\/p>\n\n\n\n<p><em>Text: Gemeinsame Pressemitteilung der Landkreise S\u00fcdliche Weinstra\u00dfe, Germersheim  und S\u00fcdwestpfalz sowie der Stadt Landau Foto: Speyer 24\/7 News, dak<br>29.05.2020<\/em><\/p>\n\n\n\n<h2 class=\"wp-block-heading\"><strong>Freib\u00e4der im Landkreis Germersheim werden ge\u00f6ffnet, Baggerseen bleiben vorl\u00e4ufig noch geschlossen<\/strong><\/h2>\n\n\n\n<p>Im Landkreis Germersheim werden die\nFreib\u00e4der ge\u00f6ffnet. Die Kommunen arbeiten mit Hochdruck an den erforderlichen\nKonzepten und sind zuversichtlich, sie in den n\u00e4chsten Tagen vorlegen k\u00f6nnen.\nBei Bade- und Baggerseen mit ihrem ungechlorten Wasser ist die \u00dcbertragungsgefahr\ndes Virus h\u00f6her, die Einhaltung der erforderlichen landeseinheitlichen\nSicherheitsvorgaben nicht m\u00f6glich. Sie bleiben daher vorl\u00e4ufig weiterhin\ngeschlossen. Das haben die B\u00fcrgermeister aus dem Landkreis Germersheim zusammen\nden Fachleuten des Gesundheitsamtes und mit Landrat Dr. Fritz Brechtel in einer\nTelefonkonferenz besprochen und einhellig entschieden. \u201eDas Risiko, dass das\nCoronavirus im Get\u00fcmmel an einem Baggersee \u00fcbertragen wird, im Wasser oder auf\nder Liegewiese, ist sehr hoch\u201c, so Landrat Brechtel. Um die positiven\nErgebnisse bei der Eind\u00e4mmung der Infektionen nicht zu gef\u00e4hrden, wollen die\nVerwaltungschefs das Thema zumindest vorl\u00e4ufig restriktiv handhaben und die\nBadeseen nicht \u00f6ffnen.<\/p>\n\n\n\n<p>In der\n8.&nbsp;Corona-Bek\u00e4mpfungsverordnung wurde vom Land bisher lediglich \u00fcber die\n\u00d6ffnung der Freib\u00e4der \u2013 verbunden mit einem strengen Hygienekonzept \u2013\nbeschieden, nicht aber \u00fcber Badeseen. \u201eWir wollen keine unkontrollierbaren\nHotspots entstehen lassen. Die n\u00e4chsten Wochen werden zeigen, ob die Ma\u00dfnahmen\neinen dauerhaften Erfolg bringen. Bleiben die Infektionszahlen gering oder\nsinken weiter, dann kann \u00fcber Lockerungen auch in sensiblen Bereichen wie\nBadeseen entschieden werden. Wir bitten daher die B\u00fcrgerinnen und B\u00fcrger noch\num etwas Geduld, damit die bisherigen Erfolge der Pandemiebek\u00e4mpfung nicht\ngef\u00e4hrdet werden\u201c, sagt Brechtel. Gemeinsam mit den B\u00fcrgermeistern wird er das\nThema immer wieder diskutieren und im Blick behalten mit dem Ziel, auch das\nBaden an den Baggerseen zu erm\u00f6glichen, allerdings erst dann, wenn es\nverantwortbar ist.<\/p>\n\n\n\n<p><em>Kreisverwaltung Germersheim<\/em><br><em>29.05.2020<\/em><\/p>\n\n\n\n<h2 class=\"wp-block-heading\"><strong>Landkreis Germersheim mit neuer Gleichstellungsbeauftragten<\/strong><\/h2>\n\n\n\n<div class=\"wp-block-image\"><figure class=\"aligncenter\"><img decoding=\"async\" loading=\"lazy\" width=\"500\" height=\"653\" src=\"https:\/\/speyer24news.com\/wp-content\/uploads\/2020\/05\/Lisa-Marie-Trog_Gleichstellungsbeauftragte_Kreis-Germersheim-01.jpg\" alt=\"\" class=\"wp-image-27476\" srcset=\"https:\/\/speyer24news.com\/wp-content\/uploads\/2020\/05\/Lisa-Marie-Trog_Gleichstellungsbeauftragte_Kreis-Germersheim-01.jpg 500w, https:\/\/speyer24news.com\/wp-content\/uploads\/2020\/05\/Lisa-Marie-Trog_Gleichstellungsbeauftragte_Kreis-Germersheim-01-230x300.jpg 230w\" sizes=\"(max-width: 500px) 100vw, 500px\" \/><\/figure><\/div>\n\n\n\n<p>Die Soziologin und Erziehungswissenschaftlerin Lisa-Marie Trog ist neue Gleichstellungsbeauftragte f\u00fcr den Landkreis Germersheim. Trog war vor\n Ihrer T\u00e4tigkeit in Germersheim als Integrationsfachkraft im Job-Center Landau besch\u00e4ftigt, hat sich als p\u00e4dagogische Fachkraft im Wohnheim f\u00fcr behinderte Menschen bei der Lebenshilfe S\u00fcdliche Weinstra\u00dfe eingebracht und verbrachte zudem zwei Jahre in Norwegen.<\/p>\n\n\n\n<p>\u201eIch freue mich, dass wir gerade in dieser Zeit mit Lisa-Marie Trog eine kompetente und erfahrene Fachfrau f\u00fcr diese Position gewinnen konnten.\n Es ist leider immer noch so, dass viele Frauen vor immensen Herausforderungen stehen und gerade bei der Vereinbarkeit von Beruf und Familie Hilfestellungen mehr denn je gefragt sind. Hier kann unsere Gleichstellungsbeauftragte nicht nur beraten, sondern individuell\n auch direkt aktiv werden.\u201c Germersheims Landrat, Dr. Fritz Brechtel, freut sich \u00fcber den Neuzugang und die professionelle Unterst\u00fctzung, wenn es darum geht, geschlechterspezifische Ungleichheiten auszur\u00e4umen.<\/p>\n\n\n\n<p>Die Gleichstellungsbeauftragte hat angek\u00fcndigt, sich in den n\u00e4chsten Tagen mit Ihren Kolleginnen aus den einzelnen Gemeindeverwaltungen und den  benachbarten Landkreisen zu vernetzen. Au\u00dferdem wird Trog den Austausch und die Zusammenarbeit mit Frauengruppen anregen oder auch Info-Veranstaltungen organisieren. Trog geht es um die aktive Mitwirkung f\u00fcr einen Bewusstseinswandel in der Gesellschaft, hin  zu mehr Gleichberechtigung zwischen Mann und Frau. \u00dcber ihre Aktivit\u00e4ten, die Situation der Frauen im Landkreis Germersheim und den Stand der Gleichberechtigung wird die Gleichstellungsbeauftragte einmal j\u00e4hrlich einen Bericht verfassen, der \u00f6ffentlich einsehbar sein wird.<\/p>\n\n\n\n<p><em>Kreisverwaltung Germersheim<\/em><br><em>29.05.2020<\/em><\/p>\n\n\n\n<h2 class=\"wp-block-heading\"><strong>Qualit\u00e4tsoffensive Biom\u00fcll<\/strong><\/h2>\n\n\n\n<h3 class=\"wp-block-heading\"><strong>STOP-Aufkleber-Aktion wurde teilweise von B\u00fcrgern missverstanden<\/strong><\/h3>\n\n\n\n<div class=\"wp-block-image\"><figure class=\"aligncenter\"><img decoding=\"async\" loading=\"lazy\" width=\"500\" height=\"580\" src=\"https:\/\/speyer24news.com\/wp-content\/uploads\/2020\/05\/Bild-STOP-Aufkleber-Biotonne.jpg\" alt=\"\" class=\"wp-image-27475\" srcset=\"https:\/\/speyer24news.com\/wp-content\/uploads\/2020\/05\/Bild-STOP-Aufkleber-Biotonne.jpg 500w, https:\/\/speyer24news.com\/wp-content\/uploads\/2020\/05\/Bild-STOP-Aufkleber-Biotonne-259x300.jpg 259w\" sizes=\"(max-width: 500px) 100vw, 500px\" \/><\/figure><\/div>\n\n\n\n<p>Ein\nzus\u00e4tzlicher Baustein im Rahmen der Qualit\u00e4tsoffensive f\u00fcr den Biom\u00fcll im\nLandkreis Germersheim ist die Mitte Mai gestartete STOP-Aufkleber-Aktion, die bereits\nin den Wochen davor angek\u00fcndigt wurde. Dabei werden sukzessive alle Biotonnen\nim Landkreis mit einem roten Aufkleber in Form eines Warnschilds auf dem Deckel\nzu versehen. Der Text auf dem Aufkleber lautet \u201eSTOP, Kein Plastik in die\nBiotonne \u2013 auch keine kompostierbaren Plastikbeutel\u201c. Dies soll darauf aufmerksam\nmachen, dass Plastik jeglicher Art nicht in die Biotonne geh\u00f6rt.<\/p>\n\n\n\n<p>Allerdings\nf\u00fchrte die Aufkleber-Aktion bei einigen B\u00fcrgern im Landkreis zu Irritationen.\nSie dachten, dass sie trotz richtiger Bef\u00fcllung die \u201erote Karte\u201c erhalten\nh\u00e4tten und die Tonne nun nicht mehr geleert w\u00fcrde. Andere wunderten sich, dass\nsie, aber nicht ihr Nachbar einen Aufkleber auf der Tonne hatte.<\/p>\n\n\n\n<p>J\u00fcrgen\nStumpf, Leiter des Fachbereichs Abfallwirtschaft m\u00f6chte deshalb nochmal\nbetonen, dass die Aufkleber auf den Deckeln der Biogef\u00e4\u00dfe nur als Hinweis bzw.\nals Aufforderung verstanden werden sollen bei der Biotonne auf die richtige\nBef\u00fcllung zu achten. Sie sind kein Hinweis auf eine aktuelle Fehlbef\u00fcllung der\nTonne. Sie sollen zudem dauerhaft an den Tonnen verbleiben. Eigent\u00fcmer der\nBiotonnen ist die Entsorgerfirma SUEZ. <\/p>\n\n\n\n<p>\u201eNat\u00fcrlich\nk\u00f6nnen nur Tonnen beklebt werden, die zur Leerung bereitgestellt sind. Es kann\naber auch passieren, dass die Mitarbeiter schon durch die Stra\u00dfe gegangen sind\nund erst danach eine Biotonne bereit gestellt wurde, die dadurch nicht beklebt\nwurde. So kann es passieren, dass jemand einen Aufkleber auf seiner Biotonne hat,\nw\u00e4hrend auf der Tonne des Nachbarn (noch) kein Aufkleber zu finden ist, da\nseine Tonne am Beklebungstermin nicht zur Leerung drau\u00dfen stand. Diese Tonne\nwird eben zu einem sp\u00e4teren Termin den Aufkleber erhalten\u201c, so J\u00fcrgen Stumpf:\n\u201eGrunds\u00e4tzlich hoffen wir, dass mit diesem Aufkleber auf den Deckeln der\nBiotonnen, als weiterem Baustein der Qualit\u00e4tsoffensive, das Bewusstsein f\u00fcr\ndie richtige Bef\u00fcllung der Biotonnen weiter gesch\u00e4rft wird.\u201c<\/p>\n\n\n\n<p><em>Kreisverwaltung Germersheim<\/em><br><em>29.05.2020<\/em><\/p>\n\n\n\n<h2 class=\"wp-block-heading\"><strong>Lerncaf\u00e9 der KVHS Germersheim wieder vor Ort besetzt<\/strong><\/h2>\n\n\n\n<div class=\"wp-block-image\"><figure class=\"aligncenter\"><img decoding=\"async\" src=\"https:\/\/speyer24news.com\/wp-content\/uploads\/2020\/01\/VHS-GER-Logo.png\" alt=\"\" class=\"wp-image-24132\"\/><\/figure><\/div>\n\n\n\n<p>Grundbildung kommt derzeit\neine besondere Bedeutung zu. Denn einiges hat sich ver\u00e4ndert, bisher\nverl\u00e4ssliche Strukturen existieren nicht mehr in der gewohnten Form,\nEinrichtungen und Anlaufstellen sind geschlossen. Noch dazu kursieren viele\nInformationen, von denen schwer zu beurteilen ist, ob sie tats\u00e4chlich der\nWahrheit entsprechen. Was bedeutet das alles aber, wenn der Alltag schon unter\nnormalen Bedingungen eine Herausforderung darstellt, weil Lesen und Schreiben\nschwerfallen? <\/p>\n\n\n\n<p>Wie kann man finanzielle\nHilfen beantragen, wenn schon ein Formular oder ein amtliches Schreiben\nunverst\u00e4ndlich ist? Wie kauft man einen Fahrschein, wenn der Automat nur R\u00e4tsel\naufgibt? Gerade Menschen, die nicht ausreichend lesen und schreiben k\u00f6nnen,\nsind auf den pers\u00f6nlichen Kontakt angewiesen, um Allt\u00e4gliches zu meistern. <\/p>\n\n\n\n<p>Diesen\nKontakt bietet GrubiNetz mit dem Projekt \u201eLerncaf\u00e9\u201c und steht f\u00fcr alle Fragen\nzur Verf\u00fcgung. Menschen mit Grundbildungsbedarf sowie Lernerinnen und Lerner\nsind eingeladen, die Ansprechpartnerin des Lerncaf\u00e9s der KVHS Germersheim,\nRosemarie Bachtler, <strong>donnerstags zwischen\n16-17.30 Uhr<\/strong>, pers\u00f6nlich zu kontaktieren. Terminvereinbarungen bei der\nGesch\u00e4ftsstelle der KVHS, Tel. 07274-53382 bzw. 53334.<\/p>\n\n\n\n<p>Gerne\nkann man dann mit Mundschutz und unter Beachtung der geltenden\nHygienevorschriften in die Gesch\u00e4ftsstelle der Kreisvolkshochschule,\nRitter-von-Schmau\u00df-Str.\/Ecke Paradeplatz (Seiteneingang der Berufsbildenden\nSchule) kommen.\n\nDar\u00fcber hinaus kann man bei Dr. Andrea Fleischer\nvon der Regionalkoordinationsstelle Pfalz unter 0151-28863911 auch au\u00dferhalb\nder \u00d6ffnungszeiten des Lerncaf\u00e9s Hilfestellung erhalten.\n\n\n\n<\/p>\n\n\n\n<p><em>Kreisverwaltung Germersheim \/ Kreisvolkshochschule (KVHS)<br>29.05.2020<\/em><\/p>\n\n\n\n<h2 class=\"wp-block-heading\">KULT2020 \u2013 Aktuelle Ausschreibung des Kulturpreises der TechnologieRegion Karlsruhe: \u201eMein lieber Herr Gesangsverein\u201c \u2013 hereinspaziert!<\/h2>\n\n\n\n<div class=\"wp-block-image\"><figure class=\"aligncenter\"><img decoding=\"async\" loading=\"lazy\" width=\"800\" height=\"488\" src=\"https:\/\/speyer24news.com\/wp-content\/uploads\/2020\/05\/KULT2020_Teaser_770x470.jpg\" alt=\"\" class=\"wp-image-27474\" srcset=\"https:\/\/speyer24news.com\/wp-content\/uploads\/2020\/05\/KULT2020_Teaser_770x470.jpg 800w, https:\/\/speyer24news.com\/wp-content\/uploads\/2020\/05\/KULT2020_Teaser_770x470-300x183.jpg 300w, https:\/\/speyer24news.com\/wp-content\/uploads\/2020\/05\/KULT2020_Teaser_770x470-768x468.jpg 768w\" sizes=\"(max-width: 800px) 100vw, 800px\" \/><\/figure><\/div>\n\n\n\n<p>Die TechnologieRegion Karlsruhe m\u00f6chte mit ihrem Kulturpreis KULT2020 \u201eZukunftsrezepte\u201c aus dem ehrenamtlich getragenen Kulturbereich auszeichnen. Gesucht werden kreative und wirksame L\u00f6sungen, um langfristig neue \u201eK\u00f6pfe\u201c zu gewinnen, sei es als Mitwirkende oder als Publikum oder beides. Angesprochen sind Kulturvereine oder ehrenamtlich getragene Kultureinrichtungen in der TechnologieRegion Karlsruhe. Die offizielle Ausschreibung und die Bewerbungsunterlagen gibt es online unter www.trk.de\/kult. Der Einsendeschluss f\u00fcr den KULT2020 ist Dienstag, der 30. Juni 2020. <\/p>\n\n\n\n<p>\u201eIn der Corona-Krise haben viele Kulturvereine und Kulturh\u00e4user schnell mit guten Ideen reagiert, um ihre Mitglieder oder ihr Publikum zu motivieren. Aber auch schon davor gab es innovative Konzepte f\u00fcr die Zukunft des Vereinslebens wie das kreative Anwerben von Mitgliedern oder die vorbildhafte Steigerung der Besucherzahlen. Entsprechende Strategien und Ma\u00dfnahmen aus der Region m\u00f6chten wir in diesem Jahr mit dem KULT auszeichnen und bekannter machen\u201c, so Jochen Ehlg\u00f6tz, Gesch\u00e4ftsf\u00fchrer der TechnologieRegion Karlsruhe GmbH. <\/p>\n\n\n\n<p>Der Hintergrund f\u00fcr das diesj\u00e4hrige Motto der Ausschreibung sind zun\u00e4chst die gesellschaftlichen Herausforderungen f\u00fcr viele Kulturvereine und ehrenamtlich getragenen Kultureinrichtungen. \u201eDazu z\u00e4hlen Individualisierung, Digitalisierung, demografische Entwicklungen aber auch die schwindende Traditionsverbundenheit\u201c, erkl\u00e4rt Prof. Dr. Gerd Hager von der KulturRegion Karlsruhe, die das Konzept und die Organisation des KULT verantwortet. Hinzu kamen unerwartet die Herausforderungen durch die Corona-Krise. \u201eWir freuen uns, wenn vorbildhafte Bewerbungen f\u00fcr den KULT2020 im Nachhinein sogar zur Renaissance von Traditionsvereinen beitragen k\u00f6nnen\u201c, so Hager. <\/p>\n\n\n\n<p>Die TechnologieRegion Karlsruhe GmbH stellt Preisgelder in H\u00f6he von insgesamt 2.000 Euro in Aussicht. \u201eIm Vordergrund steht f\u00fcr uns jedoch die \u00f6ffentliche Wertsch\u00e4tzung und die Auszeichnung der Preistr\u00e4ger als Botschafter der KulturRegion Karlsruhe\u201c, unterstreicht Jochen Ehlg\u00f6tz. Inzwischen verleiht die TechnologieRegion Karlsruhe ihren Kulturpreis KULT zum sechsten Mal. Initiator war der Karlsruher Landrat Dr. Christoph Schnaudigel, der mit dem KULT vorbildhafte Kulturbausteine ehrenamtlicher Akteure ins Rampenlicht bringen m\u00f6chte. Bewerben k\u00f6nnen sich in erster Linie Vereine und vereins\u00e4hnliche Zusammenschl\u00fcsse, deren Hauptzweck und \u00fcberwiegendes Bet\u00e4tigungsfeld im Bereich der Kultur liegt. Angesprochen ist der Amateurbereich aus den Sparten Musik (Vokal und Instrumental), Darstellende und Bildende K\u00fcnste, Heimat- und Traditionspflege, Archivwesen, Literatur, Foto, Film und Neue Medien. Inhaltlich entsprechend kommen auch ehrenamtlich getragene Kultureinrichtungen, deren F\u00f6rder- oder Tr\u00e4gervereine sowie kulturf\u00f6rdernde Stiftungen als Bewerber in Frage. Diese sollten ihren Sitz in der TechnologieRegion Karlsruhe haben, das sind die Stadtkreise Baden-Baden und Karlsruhe sowie die vier Landkreise Germersheim, Karlsruhe, Rastatt und S\u00fcdliche Weinstra\u00dfe sowie erstmals auch das els\u00e4ssische D\u00e9partement Bas-Rhin.  <\/p>\n\n\n\n<p>Alle Informationen und den Ausschreibungsflyer gibt es online unter <a href=\"http:\/\/www.trk.de\/kult\">www.trk.de\/kult<\/a>. <strong><em>Einsendeschluss ist Dienstag, der 30. Juni 2020<\/em><\/strong>. Der Rechtsweg ist ausgeschlossen. Eine Jury bestehend aus Fachleuten und Repr\u00e4sentanten der TechnologieRegion Karlsruhe GmbH und der KulturRegion Karlsruhe wird die Bewerbungen sichten und nach dem Kriterienkatalog der Ausschreibung bewerten. Die Verleihung der Preise mit der Pr\u00e4sentation der Preistr\u00e4ger ist f\u00fcr Herbst in der TechnologieRegion Karlsruhe geplant. <\/p>\n\n\n\n<h4 class=\"wp-block-heading\">Lesen sie hier die Ausschreibung als pdf:<\/h4>\n\n\n\n<div class=\"wp-block-file\"><a href=\"https:\/\/speyer24news.com\/wp-content\/uploads\/2020\/05\/KULT2020_Ausschreibung_web.pdf\">KULT2020_Ausschreibung_web<\/a><a href=\"https:\/\/speyer24news.com\/wp-content\/uploads\/2020\/05\/KULT2020_Ausschreibung_web.pdf\" class=\"wp-block-file__button\" download>Herunterladen<\/a><\/div>\n\n\n\n<h4 class=\"wp-block-heading\">Lesen sie hier das Bewerbungsformular als pdf:<\/h4>\n\n\n\n<div class=\"wp-block-file\"><a href=\"https:\/\/speyer24news.com\/wp-content\/uploads\/2020\/05\/KULT2020_Bewerbungsformular_D_k3.pdf\">KULT2020_Bewerbungsformular_D_k3<\/a><a href=\"https:\/\/speyer24news.com\/wp-content\/uploads\/2020\/05\/KULT2020_Bewerbungsformular_D_k3.pdf\" class=\"wp-block-file__button\" download>Herunterladen<\/a><\/div>\n\n\n\n<p><em>TechnologieRegion Karlsruhe GmbH<br>29.05.2020<\/em><\/p>\n\n\n\n<h2 class=\"wp-block-heading\"><strong>Kreisverwaltung Germersheim begr\u00fc\u00dft die Empfehlungen des Landesjugendamtes f\u00fcr die Jugendarbeit und Jugendsozialarbeit<\/strong><\/h2>\n\n\n\n<div class=\"wp-block-image\"><figure class=\"aligncenter\"><img decoding=\"async\" loading=\"lazy\" width=\"500\" height=\"500\" src=\"https:\/\/speyer24news.com\/wp-content\/uploads\/2020\/02\/virus-4810549_1920.png\" alt=\"\" class=\"wp-image-25116\" srcset=\"https:\/\/speyer24news.com\/wp-content\/uploads\/2020\/02\/virus-4810549_1920.png 500w, https:\/\/speyer24news.com\/wp-content\/uploads\/2020\/02\/virus-4810549_1920-150x150.png 150w, https:\/\/speyer24news.com\/wp-content\/uploads\/2020\/02\/virus-4810549_1920-300x300.png 300w\" sizes=\"(max-width: 500px) 100vw, 500px\" \/><\/figure><\/div>\n\n\n\n<p>Am 18.05.2020 hat das Landesjugendamt\nRheinland Pfalz \u201eEmpfehlungen f\u00fcr die Jugendarbeit\/Jugendsozialarbeit in\nRheinland-Pfalz im Umgang mit SARS-CoV-2 (Corona-Virus)\u201c ver\u00f6ffentlicht.<\/p>\n\n\n\n<p>\u201eDas begr\u00fc\u00dfen wir sehr.\nDenn viele Anbieter von Ferienma\u00dfnahmen bzw. Jugend- und Jugendsozialarbeit im\nAllgemeinen m\u00fcssen sich derzeit Gedanken dar\u00fcber machen, ob bzw. unter welchen\nVoraussetzungen sie ihre Angebote umsetzen k\u00f6nnen\u201c, so Landrat Dr. Fritz\nBrechtel und Jugenddezernent und Erster Kreisbeigeordneter Christoph Buttweiler.\nDie Tr\u00e4ger der Angebote sind gezwungen, mit den Auswirkungen des Corona-Virus\numzugehen und befinden sich in einem wichtigen aber auch schwierigen Abw\u00e4gungs-\nund Entscheidungsprozess.<\/p>\n\n\n\n<p>\u201eDie Empfehlungen des\nLandesjugendamtes schaffen hierf\u00fcr eine hilfreiche Grundlage, die es den\nTr\u00e4gern erm\u00f6glichen soll, ihre Entscheidungen verantwortungsbewusst abzuw\u00e4gen\u201c,\nso Jugendamtsleiterin Denise Hartmann-Mohr.<\/p>\n\n\n\n<p>Dar\u00fcber hinaus\nverursachen Anpassung, Umplanung oder auch Absage von Ma\u00dfnahmen der Jugend- und\nJugendsozialarbeit nat\u00fcrlich auch Kosten, mit deren Bew\u00e4ltigung sich viele\nAnbieter auseinandersetzen m\u00fcssen. \u201eDiesbez\u00fcglich sind in den Empfehlungen des\nLandesjugendamtes auch wichtige F\u00f6rderungs- und Unterst\u00fctzungsm\u00f6glichkeiten\nzusammengetragen worden\u201c, betont Jugenddezernent Christoph Buttweiler und empfiehlt\nden Anbietern diese auch zu nutzen. <\/p>\n\n\n\n<p>Exemplarisch weist\nButtweiler nochmals auf die \u201eF\u00f6rderung\nder Anschaffung oder Modernisierung von digitaler Ausstattung zur Unterst\u00fctzung\nvon kontaktlosen Beratungs-, Schulungs- und Begegnungsangeboten in der\nCorona-Krise\u201c und das \u201eSchutzschild f\u00fcr Vereine in Not\u201c hin. <\/p>\n\n\n\n<p>Die Empfehlungen des Landesjugendamtes\nsind unter folgenden links auf der Seite der Kreisverwaltung Germersheim bzw. des\nLandesamtes f\u00fcr Soziales, Jugend und Versorgung einsehbar:<\/p>\n\n\n\n<p><a href=\"https:\/\/www.kreis-germersheim.de\/coronavirus\">https:\/\/www.kreis-germersheim.de\/coronavirus<\/a><\/p>\n\n\n\n<p><a href=\"https:\/\/lsjv.rlp.de\/fileadmin\/lsjv\/Dateien\/Aufgaben\/Kinder_Jugend_Familie\/Rundschreiben\/RdSchr_LJA_2020_39_Empfehlungen_Jugendarbeit_in_RLP_im_Umgang_mit_Coronavirus.pdf\">https:\/\/lsjv.rlp.de\/fileadmin\/lsjv\/Dateien\/Aufgaben\/Kinder_Jugend_Familie\/Rundschreiben\/RdSchr_LJA_2020_39_Empfehlungen_Jugendarbeit_in_RLP_im_Umgang_mit_Coronavirus.pdf<\/a><\/p>\n\n\n\n<p><em>Kreisverwaltung Germersheim<\/em><br><em>29.05.2020<\/em><\/p>\n\n\n\n<h2 class=\"wp-block-heading\"><strong>Keine\nSchuleingangsuntersuchungen in diesem Jahr<\/strong><\/h2>\n\n\n\n<p>Aufgrund\nder Corona-Pandemie wird f\u00fcr den Einschulungsjahrgang 2020\/2021 die Pflicht der\nGesundheits\u00e4mter ausgesetzt, die schul\u00e4rztliche Untersuchung aller angemeldeten\nKinder vorzunehmen. Dies hat das Ministerium f\u00fcr Soziales, Arbeit, Gesundheit\nund Demografie den Gesundheits\u00e4mtern im Land Rheinland-Pfalz mitgeteilt. <\/p>\n\n\n\n<p>Folglich\nfinden keine Einschulungsuntersuchungen statt, auch nicht f\u00fcr Kann-Kinder. Die\nSchuleingangsuntersuchungen werden nicht nachgeholt. Kinder, deren Eltern eine\nZur\u00fcckstellung beantragt haben, werden untersucht. F\u00fcr Kinder mit\nsonderp\u00e4dagogischem F\u00f6rderbedarf mit k\u00f6rperlichen und geistigen Behinderungen,\nsowie f\u00fcr Kinder mit Beeintr\u00e4chtigung des Sehens und H\u00f6rens, wird das\nGesundheitsamt der Kreisverwaltung Germersheim Einzelfalll\u00f6sungen herbeif\u00fchren.\nDie betroffenen Familien werden vom Gesundheitsamt gesondert kontaktiert.<\/p>\n\n\n\n<p><em>Kreisverwaltung Germersheim<\/em><br><em>29.05.2020<\/em><\/p>\n\n\n\n<h2 class=\"wp-block-heading\"><strong>Von\n25.05.2020 bis 16.06.2020 f\u00fcr Schulbuchausleihe anmelden<\/strong><\/h2>\n\n\n\n<h3 class=\"wp-block-heading\"><strong>Schulen verteilen Briefe mit Zugangsdaten<\/strong><\/h3>\n\n\n\n<div class=\"wp-block-image\"><figure class=\"aligncenter\"><img decoding=\"async\" loading=\"lazy\" width=\"800\" height=\"600\" src=\"https:\/\/speyer24news.com\/wp-content\/uploads\/2020\/05\/steinbach-56642_1920.jpg\" alt=\"\" class=\"wp-image-27471\" srcset=\"https:\/\/speyer24news.com\/wp-content\/uploads\/2020\/05\/steinbach-56642_1920.jpg 800w, https:\/\/speyer24news.com\/wp-content\/uploads\/2020\/05\/steinbach-56642_1920-300x225.jpg 300w, https:\/\/speyer24news.com\/wp-content\/uploads\/2020\/05\/steinbach-56642_1920-768x576.jpg 768w, https:\/\/speyer24news.com\/wp-content\/uploads\/2020\/05\/steinbach-56642_1920-678x509.jpg 678w, https:\/\/speyer24news.com\/wp-content\/uploads\/2020\/05\/steinbach-56642_1920-326x245.jpg 326w, https:\/\/speyer24news.com\/wp-content\/uploads\/2020\/05\/steinbach-56642_1920-80x60.jpg 80w\" sizes=\"(max-width: 800px) 100vw, 800px\" \/><\/figure><\/div>\n\n\n\n<p>Landrat Dr.\nFritz Brechtel empfiehlt, sich an der Schulbuchausleihe zu beteiligen. Kinder,\ndie ab dem kommenden Schuljahr die Klassen 5 bis 13 einer allgemeinbildenden\nSchule oder in den Berufsbildenden Schule (die Berufsfachschule I und II, die\nH\u00f6here Berufsfachschule, das Wirtschaftsgymnasium) besuchen, k\u00f6nnen k\u00fcnftig an\nder entgeltlichen Ausleihe teilnehmen. Um sich daf\u00fcr online im Internet\nanzumelden, erhalten alle Eltern im Mai einen Brief mit den notwendigen\nZugangsdaten. Der Brief wird vom Ministerium f\u00fcr Bildung, Wissenschaft, Jugend\nund Kultur \u00fcber die Schulen verteilt bzw. per Post versandt.<\/p>\n\n\n\n<p>Das Internetportal\nist ab dem <strong>25.05.2020 bis einschlie\u00dflich 16.06.2020<\/strong> ge\u00f6ffnet. Mit den\nentsprechenden Zugangsdaten k\u00f6nnen sich alle, die an der Schulbuchausleihe\nteilnehmen wollen, dort registrieren. Die Teilnahme ist freiwillig. Aufgrund\nder aktuellen Corona-Pandemie kann in Einzelf\u00e4llen die Frist verl\u00e4ngert werden.\nDennoch wird empfohlen, die Bestellung sofort nach Erhalt der Zugangsdaten\ndurchzuf\u00fchren. <\/p>\n\n\n\n<p>Ebenso wird empfohlen die Anmeldung\nim Internet-Portal durchzuf\u00fchren, <strong>auch\nwenn noch keine eindeutige Entscheidung \u00fcber einen eventuellen Schulwechsel\nbzw. eine Versetzung des Kindes getroffen werden kann, da eine nachtr\u00e4gliche\nFreischaltung in diesem Fall ausgeschlossen ist. <\/strong><\/p>\n\n\n\n<p>In dem\nPortal hinterlegen die Eltern ihre Kontodaten. Von dem hinterlegten Bankkonto\nwird dann die Leihgeb\u00fchr am 01.11.2020 abgebucht. <\/p>\n\n\n\n<p>\u201eF\u00fcr die\nEltern bedeutet das nicht nur weniger Aufwand in der Beschaffung der\nSchulb\u00fccher, sondern auch eine deutliche finanzielle Entlastung. Deshalb kann\nich nur dazu animieren, sich an der Schulbuchausleihe zu beteiligen\u201c, so\nBrechtel.<\/p>\n\n\n\n<p>\u201eDa nicht\njeder Haushalt\u00fcber einen Internetzugang und PC verf\u00fcgt, haben wir an den\nSchulen Servicestellen eingerichtet, die die Eltern gerne bei der Anmeldung\nunterst\u00fctzen. Wann diese zu erreichen sind, entnehmen die Eltern den\nInformationen, die von den Schulen versandt und verteilt wurden. Bei Vorsprache\nin der Servicestelle bitten wir darum, insbesondere die Bankverbindung (mit\nIBAN und BIC) bereit zu halten, um den Bestellvorgang reibungslos unter\nBeachtung des neuen SEPA-Verfahrens durchf\u00fchren lassen zu k\u00f6nnen\u201c, erkl\u00e4rt Christoph\nButtweiler, Erster Kreisbeigeordneter und Schuldezernent. Die Servicestellen\nsind wie folgt ge\u00f6ffnet:<\/p>\n\n\n\n<p><strong>Realschule\nplus Geschwister-Scholl Germersheim<\/strong>: <br>\nvom 02.06.2020 bis\n05.06.2020 jeweils von 08:00 Uhr bis 12:30 Uhr<\/p>\n\n\n\n<p><strong>Realschule\nplus Richard-von-Weizs\u00e4cker Germersheim<\/strong>:<br>\nvom 27.05.2020 bis\n16.06.2020 jeweils von 09:30 Uhr bis 11:00 Uhr (nur nach telefonischer\nAnmeldung)<\/p>\n\n\n\n<p><strong>Realschule plus Kandel<\/strong>: <br>\nvom 02.06.2020 bis 04.06.2020 jeweils von 07:30 Uhr bis 15:30 Uhr<\/p>\n\n\n\n<p><strong>Realschule plus\nBellheim<\/strong>: <br>\nnach telefonischer Vereinbarung<\/p>\n\n\n\n<p><strong>Realschule plus Lingenfeld<\/strong>: <br>\nvom 25.05.2020 bis 10.06.2020 (nur nach telefonischer Anmeldung)<\/p>\n\n\n\n<p><strong>Goethe Gymnasium Germersheim<\/strong>: <br>\nam 26.05.2020 und 02.06.2020 jeweils von 14:00 Uhr bis 16:00 Uhr<\/p>\n\n\n\n<p><strong>Europa\nGymnasium W\u00f6rth<\/strong>: <br>\nnach telefonischer Vereinbarung<\/p>\n\n\n\n<p><strong>IGS Kandel<\/strong>: <br>\nvom 02.06.2020 bis 05.06.2020 jeweils von 10:00 Uhr bis 13:00 Uhr <\/p>\n\n\n\n<p><strong>IGS Rheinzabern<\/strong>: <br>\nvom 25.05.2020bis 10.06.2020 jeweils von 09:00 Uhr bis 12:00 Uhr bzw. nach\ntelefonischer Vereinbarung<\/p>\n\n\n\n<p><strong>IGS R\u00fclzheim<\/strong>: <br>\nam 28.05.2020 und 04.06.2020 von jeweils 14.00 Uhr \u2013 16.00 Uhr und<\/p>\n\n\n\n<p>am 02.06.2020\nund 09.06.2020 von jeweils 09.00 Uhr \u2013 12.00 Uhr<br>\n(nur nach telefonischer Anmeldung)<\/p>\n\n\n\n<p><strong>IGS W\u00f6rth<\/strong>: <br>\nvom 25.05.2020 bis 16.06.2020 <\/p>\n\n\n\n<p>montags bis\ndonnerstags von 08:00 Uhr bis 15:30 Uhr und <br>\nfreitags von 08:00 Uhr bis 12:00 Uhr<\/p>\n\n\n\n<p><strong>Berufsbildende Schule Germersheim<\/strong>: <br>\nvom 08.06.2020 bis 10.06.2020 jeweils von 08:00 Uhr bis 15:00 Uhr <\/p>\n\n\n\n<p><strong>Berufsbildende\nSchule W\u00f6rth<\/strong>: <br>\nvom 08.06.2020 bis 10.06.2020 jeweils von 08:00 Uhr bis 16:00 Uhr <\/p>\n\n\n\n<p>Folgendes ist zu beachten: Sofern ein\nAntrag auf Gew\u00e4hrung von<strong>\nLernmittelfreiheit<\/strong> (<strong>unentgeltliche<\/strong>\nSchulbuchausleihe) <strong>bewilligt<\/strong> wurde,\nist eine <strong>Anmeldung im Online-Portal nicht\nerforderlich<\/strong>, da die Kreisverwaltung diesen Schritt bereits\ndurchgef\u00fchrt hat. <\/p>\n\n\n\n<p>Die\nBestellung der B\u00fccher erfolgt \u00fcber die Schulen in Zusammenarbeit mit der\nKreisverwaltung als Schultr\u00e4ger. Zu Schuljahresbeginn werden diese B\u00fccher in\nder Schule bereits sortiert und kodiert f\u00fcr jeden einzelnen Sch\u00fcler bereit\nliegen.<\/p>\n\n\n\n<p>Weitere\nInformationen rund um das Thema Schulbuchausleihe gibt es im Internet unter <a href=\"http:\/\/www.LMF-online.rlp.de\">www.LMF-online.rlp.de<\/a>.<\/p>\n\n\n\n<p><em>Kreisverwaltung Germersheim<\/em><br><em>29.05.2020<\/em><\/p>\n\n\n\n<h2 class=\"wp-block-heading\"><strong>F\u00f6rderschule Lernen auf einen Standort konzentrieren<\/strong><\/h2>\n\n\n\n<h3 class=\"wp-block-heading\"><strong>Gr\u00f6\u00dfere Gemeinschaft f\u00fcr mehr Miteinander und gezieltes Lernen \u2013 ADD erbittet Einvernehmen zur Aufhebung des Standortes in W\u00f6rth<\/strong><\/h3>\n\n\n\n<p>Auf Initiative der Aufsichts- und Dienstleistungsdirektion S\u00fcd (ADD) plant die Kreisverwaltung als Schultr\u00e4ger die Zusammenlegung der beiden Standorte W\u00f6rth und Germersheim  der \u201eF\u00f6rderschule Lernen\u201c. Vorausgesetzt, auch Schultr\u00e4gerausschuss und Kreistag stimmen dem Vorhaben zu, wird ab dem kommenden Schuljahr nur noch in einer gr\u00f6\u00dferen Schulgemeinschaft am Standort Germersheim, in der Nardini-Schule, unterrichtet.<\/p>\n\n\n\n<p>\u201eR\u00fcckl\u00e4ufige Sch\u00fclerzahlen haben zu dieser p\u00e4dagogisch bedingten Entscheidung gef\u00fchrt. Im Schuljahr 2020\/2021 werden am Standort W\u00f6rth voraussichtlich nur noch 25 Sch\u00fclerinnen  und Sch\u00fcler in zwei Klassen beschult. Dadurch ergeben sich f\u00fcr diese Sch\u00fclerinnen und Sch\u00fcler in p\u00e4dagogischer und sozialer Hinsicht weitreichende Einschr\u00e4nkungen\u201c, erkl\u00e4ren Landrat Dr. Fritz Brechtel und der f\u00fcr Soziales und Schulen zust\u00e4ndige Erste Kreisbeigeordnete,  Christoph Buttweiler. Auch mit der Schulleiterin, Petra Mohr, und ihrer Stellvertreterin, Lisa Mosner-Kempermann, wurde das Thema er\u00f6rtert. Sie betonen: \u201eInsbesondere in F\u00f6rderschulen geht es um mehr als um Wissensvermittlung. Aspekte wie soziale und emotionale  Bildung spielen eine weitaus gr\u00f6\u00dfere Rolle als an Regelschulen beim Lernen f\u00fcr das t\u00e4gliche Leben und den \u00dcbergang in ein selbstbestimmtes Erwachsenen-Dasein.\u201c <\/p>\n\n\n\n<p>\u201eDie F\u00f6rderschule Lernen ist schon seit Jahren eine Einheit, allerdings bisher mit zwei Standorten. Der gemeinsame\n Standort Nardini-Schule Germersheim w\u00fcrde die Voraussetzungen bieten, in Angeboten wie klassen\u00fcbergreifende Arbeitsgemeinschaften, gemeinsamen Sportunterricht, Sportfesten oder Projekten den Sch\u00fclerinnen und Sch\u00fclern den angemessenen Mehrwert sowie Begegnungen\n und Abwechslungen zu erm\u00f6glichen. Auch w\u00fcrden sich zum Beispiel krankheitsbedingte Ausf\u00e4lle bei den Lehrkr\u00e4ften nicht so heftig auswirken, da die Gemeinschaft in allen Bereichen gr\u00f6\u00dfer und tragf\u00e4higer wird\u201c, so Buttweiler.\n<\/p>\n\n\n\n<p>Die ADD war auf die Kreisverwaltung zugekommen und hatte darum gebeten, das Einvernehmen mit der Entscheidung\n des Landes, den gemeinsamen Schulstandort aufzuheben, herzustellen. Derzeit besuchen 140 Sch\u00fclerinnen und Sch\u00fcler die F\u00f6rderschule Lernen an zwei Standorten. Zahlen f\u00fcr das kommende Schuljahr liegen noch nicht final vor.<\/p>\n\n\n\n<p>Inzwischen sind auch die\nLehrerinnen und Lehrer sowie Eltern und Schulelternbeirat \u00fcber die geplante Entwicklung informiert. Auch die Fraktionsvorsitzenden des Kreistages sowie der W\u00f6rther B\u00fcrgermeister\n wurden informiert und erkl\u00e4rten die Entscheidung f\u00fcr nachvollziehbar.<\/p>\n\n\n\n<p>Was mit dem dann leerstehenden Geb\u00e4ude in W\u00f6rth geschieht, ist noch offen. Eine m\u00f6gliche weitere Nutzung wird  derzeit gepr\u00fcft. <\/p>\n\n\n\n<p><em>Kreisverwaltung Germersheim<br>29.05.2020<\/em><\/p>\n","protected":false},"excerpt":{"rendered":"<div class=\"mh-excerpt\"><p>Coronavirus &#8211; Fallzahlen aus dem Landkreis Aktuell kein best\u00e4tigter positiver Fall im Landkreis Germersheim (28. Mai 2020, Stand&nbsp;13Uhr) Die \u00dcbersicht aus dem Landkreis Germersheim: Derzeit positiv getestete Personen: 0 Gesundete Personen: 143 Bislang leider verstorbene <a class=\"mh-excerpt-more\" href=\"https:\/\/speyer24news.com\/?p=27470\" title=\"Germersheim und Landkreis GER\">[&#8230;]<\/a><\/p>\n<\/div>","protected":false},"author":3,"featured_media":0,"comment_status":"open","ping_status":"open","sticky":false,"template":"","format":"standard","meta":{"_monsterinsights_skip_tracking":false,"_monsterinsights_sitenote_active":false,"_monsterinsights_sitenote_note":"","_monsterinsights_sitenote_category":0,"footnotes":""},"categories":[449],"tags":[7161,7162,4548,6554,6902,6367,6323,7160,6903,210,7163,7166,7167,1665,7164,5057,5569,1210,7168,7165,6994,6995],"aioseo_notices":[],"amp_enabled":true,"_links":{"self":[{"href":"https:\/\/speyer24news.com\/index.php?rest_route=\/wp\/v2\/posts\/27470"}],"collection":[{"href":"https:\/\/speyer24news.com\/index.php?rest_route=\/wp\/v2\/posts"}],"about":[{"href":"https:\/\/speyer24news.com\/index.php?rest_route=\/wp\/v2\/types\/post"}],"author":[{"embeddable":true,"href":"https:\/\/speyer24news.com\/index.php?rest_route=\/wp\/v2\/users\/3"}],"replies":[{"embeddable":true,"href":"https:\/\/speyer24news.com\/index.php?rest_route=%2Fwp%2Fv2%2Fcomments&post=27470"}],"version-history":[{"count":1,"href":"https:\/\/speyer24news.com\/index.php?rest_route=\/wp\/v2\/posts\/27470\/revisions"}],"predecessor-version":[{"id":27477,"href":"https:\/\/speyer24news.com\/index.php?rest_route=\/wp\/v2\/posts\/27470\/revisions\/27477"}],"wp:attachment":[{"href":"https:\/\/speyer24news.com\/index.php?rest_route=%2Fwp%2Fv2%2Fmedia&parent=27470"}],"wp:term":[{"taxonomy":"category","embeddable":true,"href":"https:\/\/speyer24news.com\/index.php?rest_route=%2Fwp%2Fv2%2Fcategories&post=27470"},{"taxonomy":"post_tag","embeddable":true,"href":"https:\/\/speyer24news.com\/index.php?rest_route=%2Fwp%2Fv2%2Ftags&post=27470"}],"curies":[{"name":"wp","href":"https:\/\/api.w.org\/{rel}","templated":true}]}}