{"id":27478,"date":"2020-05-29T21:02:40","date_gmt":"2020-05-29T20:02:40","guid":{"rendered":"https:\/\/speyer24news.com\/?p=27478"},"modified":"2020-05-29T21:02:40","modified_gmt":"2020-05-29T20:02:40","slug":"polizei-258","status":"publish","type":"post","link":"https:\/\/speyer24news.com\/?p=27478","title":{"rendered":"Polizei"},"content":{"rendered":"<style type=\"text\/css\">\r\n\t.ads_top_disp{}\r\n\t.ads_top_corner_disp{ float:left; margin:0px 10px 10px 0px; }\r\n\t.ads_first_p_disp{}\r\n\t.ads_bottom_disp{}\r\n\t<\/style>\n<h2 class=\"wp-block-heading\">Polizeimeldungen vom Freitag (29.05.2020)<\/h2>\n\n\n\n<div class=\"wp-block-image\"><figure class=\"aligncenter\"><img decoding=\"async\" src=\"https:\/\/speyer24news.com\/wp-content\/uploads\/2020\/01\/Aktuelles-Polizeilogo.jpg\" alt=\"\" class=\"wp-image-23832\"\/><\/figure><\/div>\n\n\n\n<h4 class=\"wp-block-heading\">(Speyer) &#8211; E-Scooter-Fahrer unter Drogeneinfluss<\/h4>\n\n\n\n<p>Einer Polizeistreife fiel am Donnerstagvormittag in der Ludwigstra\u00dfe ein E-Scooter ohne die erforderliche Versicherungsplakette auf. Im Rahmen der Kontrolle gab der 25- j\u00e4hrige Fahrer an, dass er nicht gewusst habe, dass das Elektrokleinstfahrzeug versichert werden m\u00fcsse. Zudem stellten die Beamten bei dem jungen Speyerer drogentypische Auffallerscheinungen fest. Ein Urintest ergab, dass er unter dem Einfluss von THC stand. Die Weiterfahrt wurde ihm untersagt, eine Blutprobe wurde entnommen und eine Anzeige wegen Versto\u00dfes gegen das Pflichtversicherungsgesetz und wegen Fahrens unter Btm &#8211; Einfluss erfasst. <\/p>\n\n\n\n<h4 class=\"wp-block-heading\">(Steinfeld) &#8211; Brand einer Wiese<\/h4>\n\n\n\n<p>Zu einem Wiesenbrand zwischen der Bahnlinie und der Unteren Hauptstra\u00dfe, kam es am Donnerstag, 28.05.2020, gegen 12:30 Uhr. Auf einer gem\u00e4hten Wiese geriet aus bislang unbekannter Ursache das Heu auf einer Fl\u00e4che von 1125 qm in Brand. Gl\u00fccklicherweise griff das Feuer nicht auf die in der N\u00e4he liegenden Schreberg\u00e4rten und Holzlagerpl\u00e4tze \u00fcber. Die Feuerwehren aus Steinfeld, Kapsweyer, Schaidt und Bad Bergzabern waren mit mehreren Fahrzeugen im Einsatz. <\/p>\n\n\n\n<h4 class=\"wp-block-heading\">(Lambrecht) &#8211; Unter Drogeneinfluss mit Auto unterwegs<\/h4>\n\n\n\n<p>Ein 24-j\u00e4hriger Autofahrer wurde am 28.05.2020 gegen 23:25 Uhr in Lambrecht kontrolliert, da er sich mit seinem Fahrzeug nicht an die \u00f6rtliche Geschwindigkeitsbegrenzung hielt. Bei der \u00dcberpr\u00fcfung der Verkehrst\u00fcchtigkeit wurden drogentypische Auff\u00e4lligkeiten festgestellt. Ein Drogenschnelltest reagierte positiv auf THC. Die Weiterfahrt wurde unterbunden und der 24-J\u00e4hrige musste eine Blutprobe abgeben. Ihn erwarten nun 500 Euro Bu\u00dfgeld sowie einen Monat Fahrverbot und zwei Punkte in Flensburg. <\/p>\n\n\n\n<h4 class=\"wp-block-heading\">(Frankeneck) &#8211; Streitigkeiten l\u00f6sen Polizeieinsatz aus<\/h4>\n\n\n\n<p>Scheinbar schon l\u00e4nger andauernde Streitigkeiten l\u00f6sten am 28.05.2020 gegen 18:45 Uhr in Frankeneck einen Polizeieinsatz aus. Mehrere Streifenwagen fuhren nach Frankeneck, nachdem eine Schl\u00e4gerei mit mehreren Beteiligten telefonisch gemeldet wurde. Vor Ort stellte sich heraus, dass es zwischen einem 27-j\u00e4hrigen und 32-j\u00e4hrigen Mann zu einer handfesten Auseinandersetzung kam. Der 27-j\u00e4hrige wurde hierbei leicht verletzt. Im Rahmen der Sachverhaltsaufnahme stellte sich weiter heraus, dass der 27-J\u00e4hrige alkoholisiert mit einem Kleinkraftrad zu seinem Kontrahenten unterwegs war. Die Atemalkoholkonzentration lag unter 1,0 Promille. Ihm wurde eine Blutprobe genommen. <\/p>\n\n\n\n<h4 class=\"wp-block-heading\">(Bad D\u00fcrkheim \/ Wachenheim) &#8211; Geschwindigkeitskontrollen<\/h4>\n\n\n\n<p>Nach Anwohnerbeschwerden wurden am Donnerstag erneut Geschwindigkeitskontrollen durchgef\u00fchrt. In der Waldstra\u00dfe in Wachenheim wurden in der Zeit von 09.30 bis 10.45 Uhr 40 Fahrzeuge gemessen und sieben Fahrzeugf\u00fchrer geb\u00fchrenpflichtig verwarnt. Bei erlaubten 30 km\/h wurden 47 km\/h als h\u00f6chste Geschwindigkeit gemessen. In der Sonnenwendstra\u00dfe in Bad D\u00fcrkheim wurden von 11.30 bis 12.00 Uhr 25 Fahrzeuge gemessen. Hier kam es zu vier Verst\u00f6\u00dfen. Bei erlaubten 30 km\/h wurde der Schnellste mit 54 km\/h gemessen. <\/p>\n\n\n\n<h4 class=\"wp-block-heading\">(Gr\u00fcnstadt \/ Kircheim) &#8211; Renitenter Gast ohne Mund\/Nasen-Schutz<\/h4>\n\n\n\n<p>Mitarbeiter eines Schnellrestaurants meldeten Donnerstagnachmittag einen rabiaten Gast, der sich weigere eine Maske zu tragen und deshalb nicht bedient wurde. Der 21-J\u00e4hrige Student aus Mannheim legte ein Attest vor, wonach er &#8222;bei Pr\u00fcfungen&#8220; von der Maskenpflicht befreit wurde. Nachdem ihm ein Hausverbot und ein Platzverweis f\u00fcr die \u00d6rtlichkeit ausgesprochen wurde, bel\u00e4stigte er auf dem Mitfahrerparkplatz am &#8222;Autobahnkreisel&#8220; Autofahrer, weil er mitgenommen werden wollte. Auch versuchte er Auto&#8217;s anzuhalten. Der 21-J\u00e4hrige wurde zum Bahnhof verbracht. F\u00fcr den Fall weiterer St\u00f6rungen wurde ihm die Ingewahrsamnahme angedroht. Welche Pr\u00fcfung er im Schnellrestaurant ablegen wollte, konnte indes nicht ermittelt werden. <\/p>\n\n\n\n<h4 class=\"wp-block-heading\">(He\u00dfheim) &#8211; Mehrfach dicht aufgefahren und auf der Gegenfahrbahn aufgeschlossen<\/h4>\n\n\n\n<p>Am 24.05.2020, zwischen 16 und 16:30 Uhr, befuhr die Gesch\u00e4digte die L 453 nach Frankenthal und im Anschluss \u00fcber He\u00dfheim und Dirmstein nach Laumersheim. Auf dieser Strecke schloss ein silberner Pkw, \u00fcber einen l\u00e4ngeren Zeitraum (ca. 1 Minute), extrem dicht auf ihren Pkw auf. Zwischendurch wechselt der Pkw-Fahrer auf die Gegenfahrbahn, als ob er \u00fcberholen wolle, was er aber nicht machte, sondern ebenfalls \u00fcber eine l\u00e4ngere Strecke neben ihr herfuhr. Dieser Vorgang wird von dem Beschuldigten 3-mal wiederholt. In dem Pkw sollen sich zwei junge M\u00e4nner befunden haben. T\u00e4terhinweise liegen keine vor. <\/p>\n\n\n\n<p>Zeugen werden gebeten sich an die Polizeiinspektion Frankenthal unter der Tel.-Nr.: 06233\/313-0 oder an die Polizeiwache Maxdorf unter der Tel.-Nr.: 06237\/934-100 zu wenden. Gerne nehmen wir Ihre Hinweise auch per E-Mail unter  <a href=\"mailto:pifrankenthal@polizei.rlp.de\">pifrankenthal@polizei.rlp.de<\/a> entgegen. <\/p>\n\n\n\n<h4 class=\"wp-block-heading\">(Frankenthal) &#8211; Diebstahl von zwei Mobiltelefonen aus Mobilfunkladen<\/h4>\n\n\n\n<p>Am 28.05.2020, gegen 12:50 Uhr kam es in der Speyerer Stra\u00dfe zu einem besonders schweren Fall des Diebstahls aus einem Mobilfunkladen. Von zwei T\u00e4tern hielt sich einer im Eingangsbereich des Ladens auf. Der zweite T\u00e4ter ging in dem Laden gezielt an die Mobiltelefone und entriss zwei davon gewaltsam aus der Diebstahlssicherung. Im Anschluss entfernte er sich joggend mit beiden Mobiltelefonen in Richtung Speyerer Tor. Der Hauptt\u00e4ter wird als 16 &#8211; 20 Jahre alt beschrieben, hatte schwarze Haare, war sehr schlank und trug eine auff\u00e4llige Sporthose mit mehreren neonfarbenen Logos des Herstellers. T\u00e4terhinweise liegen keine vor. <\/p>\n\n\n\n<p>Zeugen werden gebeten sich an die Polizeiinspektion Frankenthal unter der Tel.-Nr.: 06233\/313-0 oder an die Polizeiwache Maxdorf unter der Tel.-Nr.: 06237\/934-100 zu wenden. Gerne nehmen wir Ihre Hinweise auch per E-Mail unter  <a href=\"mailto:pifrankenthal@polizei.rlp.de\">pifrankenthal@polizei.rlp.de<\/a> entgegen. <\/p>\n\n\n\n<h4 class=\"wp-block-heading\">(Bobenheim-Roxheim) &#8211; Eingeschlagene Pkw \/ Scheiben<br>Diebstahl von Geldbeutel<\/h4>\n\n\n\n<p>Im Tatzeitraum vom 26.05.20, 22:30 Uhr bis zum 27.05.20, 06:30 Uhr, wurden in der Roxheimer Stra\u00dfe, in H\u00f6he Hausnummer 20, beide Fensterscheiben der Fahrerseite eingeschlagen und der im Pkw befindliche Geldbeutel daraus entwendet. T\u00e4terhinweise liegen keine vor. Die Polizei weist nochmals daraufhin, keine Wertgegenst\u00e4nde im Pkw zur\u00fcck zu lassen. <\/p>\n\n\n\n<p>Zeugen werden gebeten sich an die Polizeiinspektion Frankenthal unter der Tel.-Nr.: 06233\/313-0 oder an die Polizeiwache Maxdorf unter der Tel.-Nr.: 06237\/934-100 zu wenden. Gerne nehmen wir Ihre Hinweise auch per E-Mail unter  <a href=\"mailto:pifrankenthal@polizei.rlp.de\">pifrankenthal@polizei.rlp.de<\/a> entgegen. <\/p>\n\n\n\n<h4 class=\"wp-block-heading\">(Ludwigshafen) &#8211; Widerstand gegen Polizeibeamte<\/h4>\n\n\n\n<p>Am fr\u00fchen Freitagmorgen leistete ein 41-j\u00e4hriger Ludwigshafener auf einer Ausfahrt der B 9 Widerstand bei einem Polizeieinsatz. Der Ludwigshafener war zuvor gegen\u00fcber einem Taxifahrer aggressiv geworden, wodurch der Polizeieinsatz ausgel\u00f6st wurde.  Dem 41-J\u00e4hrigen wurde ein Platzverweis erteilt, welchem er aber nicht nachkam. Au\u00dferdem machte er unerlaubt Videoaufzeichnungen, weshalb sein Handy beschlagnahmt werden sollte. Hiergegen wehrte sich der Ludwigshafener derart, dass er gefesselt werden musste. Da er stark alkoholisiert war, ein Atemalkoholtest ergab 2,03 Promille, wurde ihm anschlie\u00dfend auf der Polizeidienststelle eine Blutprobe entnommen. Die eingesetzten Polizisten blieben unverletzt. Gegen den 41-j\u00e4hrigen Ludwigshafener wird nun wegen Beleidigung, Widerstand gegen Vollstreckungsbeamte und Verletzung der Vertraulichkeit des Wortes ermittelt. <\/p>\n\n\n\n<p>Immer wieder werden Polizeibeamtinnen und Polizeibeamte Opfer von Gewalt. Die Polizei duldet keine Gewalt. Nicht gegen B\u00fcrgerinnen und B\u00fcrger und nicht gegen Polizeibeamtinnen und Polizeibeamte. Jede Gewaltanwendung wird strafrechtlich verfolgt! Bei einer Widerstandhandlung drohen dem T\u00e4ter bis zu drei Jahre Freiheitsstrafe oder eine Geldstrafe. <\/p>\n\n\n\n<h4 class=\"wp-block-heading\">(Ludwigshafen) &#8211; Betrug mit altem Feuerl\u00f6scher<\/h4>\n\n\n\n<p>Am 28.05.2020, gegen 15:00 Uhr, klingelten unbekannte T\u00e4ter bei einem 23-J\u00e4hrigen in der Bahnhofstra\u00dfe und erkl\u00e4rten, sie m\u00fcssten seinen Feuerl\u00f6scher ersetzen. Sie hatten rote Kleidung an mit der Aufschrift &#8222;Brandschutz Chemnitz&#8220;. Diese Aufschrift war jeweils auf der Brust und auf dem R\u00fccken. Zudem hatten beide einen blauen Ausweis an ihrer rechten Brustseite, auf dem &#8222;IHK&#8220; stand und darunter ein Name. Nachdem der 23-J\u00e4hrige den Austausch gew\u00e4hrte, verlangten die unbekannten T\u00e4ter 90 Euro f\u00fcr ihre &#8222;Leistung&#8220;. Als der 23-J\u00e4hrige jedoch feststellte, dass sein erst vor kurzem gewarteter Feuerl\u00f6scher durch einen alten Feuerl\u00f6scher ersetzt worden war und deshalb die Zahlung der 90 Euro ablehnte, fl\u00fcchteten die beiden unbekannten T\u00e4ter mit dem neueren Feuerl\u00f6scher. Sie waren etwa 30 bis 35 Jahre alt, circa 1,70 m bis 1,80 m gro\u00df und hatten schwarze kurze Haare. Der eine war schlank und hatte einen kurzen Vollbart. Der andere war etwas dicker und hatte keinen Bart. <\/p>\n\n\n\n<p>Wer Hinweise auf die T\u00e4ter geben kann, wird gebeten, sich an die Polizeiinspektion Ludwigshafen 1, 0621 963-2122 oder per E-Mail <a href=\"mailto:piludwigshafen1@polizei.rlp.de\">piludwigshafen1@polizei.rlp.de<\/a> zu wenden. <\/p>\n\n\n\n<h4 class=\"wp-block-heading\">(Ludwigshafen) &#8211; Exhibitionist spricht M\u00e4dchen an<\/h4>\n\n\n\n<div class=\"wp-block-image\"><figure class=\"aligncenter\"><img decoding=\"async\" loading=\"lazy\" width=\"801\" height=\"600\" src=\"https:\/\/speyer24news.com\/wp-content\/uploads\/2020\/05\/Zeugen-gesucht-Neutral.jpg\" alt=\"\" class=\"wp-image-26598\" srcset=\"https:\/\/speyer24news.com\/wp-content\/uploads\/2020\/05\/Zeugen-gesucht-Neutral.jpg 801w, https:\/\/speyer24news.com\/wp-content\/uploads\/2020\/05\/Zeugen-gesucht-Neutral-300x225.jpg 300w, https:\/\/speyer24news.com\/wp-content\/uploads\/2020\/05\/Zeugen-gesucht-Neutral-768x575.jpg 768w, https:\/\/speyer24news.com\/wp-content\/uploads\/2020\/05\/Zeugen-gesucht-Neutral-678x509.jpg 678w, https:\/\/speyer24news.com\/wp-content\/uploads\/2020\/05\/Zeugen-gesucht-Neutral-326x245.jpg 326w, https:\/\/speyer24news.com\/wp-content\/uploads\/2020\/05\/Zeugen-gesucht-Neutral-80x60.jpg 80w\" sizes=\"(max-width: 801px) 100vw, 801px\" \/><\/figure><\/div>\n\n\n\n<p>Am 26.05.2020, gegen 19:45 Uhr, gingen eine 12-J\u00e4hrige und eine 13-J\u00e4hrige (Geschwister) auf einem Gehweg neben dem Sportplatz vom Ludwigshafener Sport Club (LSC) in der Buchenstra\u00dfe mit dem Hund spazieren. Auf der H\u00f6he des ersten Sportplatzes (Kleingartenanlagen) sahen beide pl\u00f6tzlich einen Mann an einem Geb\u00fcsch neben seinem Fahrrad stehen. Seine Hose war herunter gelassen und er manipulierte an seinem Geschlechtsteil. Als die beiden M\u00e4dchen an dem Mann vorbei liefen, sprach er sie an. Daraufhin bekamen sie Angst und rannten nach Hause. Die Mutter verst\u00e4ndigte daraufhin die Polizei. Die sofort eintreffenden Polizeibeamten konnten den unbekannten Mann nicht mehr ausfindig machen. <\/p>\n\n\n\n<ul><li>Er war etwa 30-35 Jahre alt<\/li><li>circa 1,75-1,82 m gro\u00df<\/li><li>hatte kurze schwarze Haare und vermutlich eine Halbglatze<\/li><li>Er trug blaue Jeans, eine schwarze Weste mit Rei\u00dfverschluss und ein gelbes T-Shirt. <\/li><li>Bei dem Fahrrad handelte es sich um ein altes Herrenrad. <\/li><\/ul>\n\n\n\n<p>Wer Hinweise auf den unbekannten T\u00e4ter geben kann, wird gebeten, sich an die Kriminalpolizei Ludwigshafen unter der Telefonnummer 0621\/963-2773 oder per E-Mail <a href=\"mailto:kiludwigshafen.k1.kdd@polizei.rlp.de\">kiludwigshafen.k1.kdd@polizei.rlp.de<\/a> zu wenden. <\/p>\n\n\n\n<h4 class=\"wp-block-heading\">(Mannheim) &#8211; Intensivma\u00dfnahmen wieder angelaufen \/ Gef\u00e4hrliches &#8222;Poser-Gehabe&#8220; m\u00f6glichst schnell und konsequent eind\u00e4mmen &#8211; in vier Wochen bereits 21 Fahrzeuge sichergestellt<\/h4>\n\n\n\n<div class=\"wp-block-image\"><figure class=\"aligncenter\"><img decoding=\"async\" loading=\"lazy\" width=\"800\" height=\"533\" src=\"https:\/\/speyer24news.com\/wp-content\/uploads\/2020\/05\/Mannheim_Poser_29052020.jpg\" alt=\"\" class=\"wp-image-27479\" srcset=\"https:\/\/speyer24news.com\/wp-content\/uploads\/2020\/05\/Mannheim_Poser_29052020.jpg 800w, https:\/\/speyer24news.com\/wp-content\/uploads\/2020\/05\/Mannheim_Poser_29052020-300x200.jpg 300w, https:\/\/speyer24news.com\/wp-content\/uploads\/2020\/05\/Mannheim_Poser_29052020-768x512.jpg 768w\" sizes=\"(max-width: 800px) 100vw, 800px\" \/><\/figure><\/div>\n\n\n\n<p>Seit mehreren Jahren gibt es im Bereich der Innenstadt Beschwerden \u00fcber unn\u00f6tigen Motorenl\u00e4rm, der die Anwohner um den Schlaf bringt und die Verkehrssicherheit erheblich beeintr\u00e4chtigt. Dies hat dazu gef\u00fchrt, dass Spezialisten der Verkehrspolizei seit 2016 gezielt gegen diese L\u00e4rmverursacher vorgehen und die &#8222;EG-Poser&#8220; eingerichtet wurde. <\/p>\n\n\n\n<p>Seit nunmehr vier Wochen, mit Beginn der w\u00e4rmeren Jahreszeiten, hat die Verkehrspolizei in Mannheim die Intensivma\u00dfnahmen in diesem Jahr gegen Poser wiederaufgenommen. \u00dcberwiegend junge M\u00e4nner mit s\u00fcdosteurop\u00e4ischem Migrationshintergrund drehen in den Abendstunden mit ihren aufgemotzten Autos Runde um Runde auf der &#8222;Poser-Meile&#8220; Kunststra\u00dfe &#8211; Kaiserring &#8211; Fressgasse um den Leuten zu imponieren. Sie lassen unn\u00f6tig den Motor aufheulen, fahren mit quietschenden Reifen an oder legen kurze Vollgas-Sprints hin. An teuren Karossen werden die eingebauten Klappenauspuffanlagen ge\u00f6ffnet, andere bauen akustische Sound Booster-Anlagen ein und lassen damit ihre untermotorisierten Fahrzeuge r\u00f6hren wie ein Rennboliden. Ziel ist es, dieses gef\u00e4hrliche &#8222;Poser-Gehabe&#8220; wieder m\u00f6glichst schnell und konsequent einzud\u00e4mmen. <\/p>\n\n\n\n<p>In den ersten vier Kontrollwochen wurden bereits 21 Fahrzeuge sichergestellt. Dabei fiel auf, dass die meisten Fahrer aus der gesamten Metropolregion und dem Raum Karlsruhe nach Mannheim kommen. Und der Trend beim L\u00e4rm geht eindeutig in Richtung Sportauspuffanlagen. Offensichtliche Manipulationen wie aufgeflexte Auspuffanlagen in den Vorjahren sind bisher kaum feststellbar. <\/p>\n\n\n\n<p>Insgesamt wurden in diesem Zeitraum, vorwiegend zwischen Donnerstag und Sonntag, 263 Fahrzeuge und 246 Insassen kontrolliert. In 22 F\u00e4llen wurde die Weiterfahrt untersagt. Wegen Erl\u00f6schen der Betriebserlaubnis werden 63 Fahrer zur Anzeige gebracht. 42 Fahrer erhalten einen Bu\u00dfgeldbescheid wegen unn\u00f6tigem L\u00e4rm, hinzu kommen 19 Verwarnungen. <\/p>\n\n\n\n<p>Allein am vergangenen Wochenende wurden acht Fahrzeuge sichergestellt. In sieben F\u00e4llen f\u00fchrten dabei zu hohe L\u00e4rmwerte der Sportauspuffanlagen zu der Betriebsuntersagung, in einem Fall war der Endschalld\u00e4mpfer ausger\u00e4umt worden. <\/p>\n\n\n\n<p>Weitere Kontrollen der Fahnder der Verkehrsinspektion des Polizeipr\u00e4sidiums Mannheim sind bereits in der Planung. Dabei werden die Kontrollen auch auf die Innenstadt von Heidelberg ausgeweitet. <\/p>\n\n\n\n<p>Beschwerden von B\u00fcrgern werden weiterhin unter der bekannten Email-Adresse (<a href=\"mailto:mannheim.vd@polizei.bwl.de\">mannheim.vd@polizei.bwl.de<\/a>) entgegengenommen. <\/p>\n\n\n\n<h4 class=\"wp-block-heading\">(Mannheim-Innenstadt) &#8211; Unter Alkoholeinfluss stehender Autofahrer verursacht Verkehrsunfall und leistet Widerstand gegen die Polizei<\/h4>\n\n\n\n<p>Am Donnerstagnachmittag kam es gegen 15.30 Uhr auf der Bismarckstra\u00dfe in Fahrtrichtung Ludwigshafen an der Ampelanlage in H\u00f6he des Quadrates L4 zu einem Verkehrsunfall, bei dem der Fahrer eines Mercedes auf einen anderen an der roten Ampel verkehrsbedingt haltenden Mercedes auffuhr. Nicht nur den am haltenden Fahrzeug entstandenen Schaden im Bereich der Hecksto\u00dfstange in H\u00f6he von ca. 1000 Euro stellte der unter Alkoholeinfluss stehende 61-j\u00e4hrige Verkehrsteilnehmer in Abrede. Bei der Unfallaufnahme widersetzte er sich au\u00dferdem noch den Anweisungen der Polizeibeamten. Ein durchgef\u00fchrter Atemalkoholtest ergab 1,32 Promille. Dem Unfallverursacher wurde auf dem Polizeirevier Oststadt eine Blutprobe entnommen. Anschlie\u00dfend durfte er &#8211; im wahrsten Sinne des Wortes &#8211; nach Hause gehen. Die vor\u00fcbergehende Sperrung des rechten Fahrstreifens f\u00fchrte zu einer kurzzeitigen Verkehrsbehinderung. <\/p>\n\n\n\n<h4 class=\"wp-block-heading\">(Mannheim-Neckarstadt) &#8211; Radfahrer kollidiert mit Stra\u00dfenbahn<\/h4>\n\n\n\n<p>Am Donnerstagabend gegen 20.00 Uhr kam es im Ulmenweg zu einem Verkehrsunfall zwischen einem Radfahrer und einer Stra\u00dfenbahn der Linie 4. Der 16-j\u00e4hrige Radfahrer geriet aus Unachtsamkeit in den Gleisbereich und wurde von der in Richtung K\u00e4fertal fahrenden Stra\u00dfenbahn erfasst. Bei seinem Sturz zog er sich eine leichte Kopfverletzung zu. Zur weiteren medizinischen Versorgung wurde er in mit einem Rettungsfahrzeug in eine Klinik gebracht. Der an Fahrrad als auch Bahn entstandene Schaden wird auf ca. 500 Euro gesch\u00e4tzt.  Der Stra\u00dfenbahnverkehr in Richtung K\u00e4fertal und Gartenstadt war in der Zeit von 20 bis 21 Uhr unterbrochen. <\/p>\n\n\n\n<h4 class=\"wp-block-heading\">(Mannheim-Neckarau) &#8211; Nach Farbschmiererei Zeugen gesucht<\/h4>\n\n\n\n<p>Nachdem ein Zeuge auf eine frische Farbschmiererei in der Unterf\u00fchrung der Angelstra\u00dfe aufmerksam wurde, meldete er dies der Polizei. Vor Ort stellten die Beamte fest, dass ein bislang unbekannter &#8222;Schmierfink&#8220; eine Polizei verunglimpfende Zeichnung auf eine wei\u00df \u00fcberstrichene Wand gesprayt hat. Die 1,5m auf 0,5 m gro\u00dfe Zeichnung wurde den ersten Ermittlungen nach am Wochenende vom 23.05. bis 24.05.2020 angebracht. Der Schaden durch die entstandenen Kosten der Beseitigung ist bislang nicht bekannt. Zeugen oder Hinweisgeber, werden gebeten, sich unter 0621 833970 an die Ermittler zu wenden. <\/p>\n\n\n\n<h4 class=\"wp-block-heading\">(Mannheim-Rheinau) &#8211; Wohnhaus nach Brand unbewohnbar; hoher Sachschaden; keine Verletzte; Ursache noch unklar<\/h4>\n\n\n\n<p>Am Donnerstagnachmittag geriet ein Wohnhaus in der Rohrhofer Stra\u00dfe in Brand, wodurch nach ersten Sch\u00e4tzungen ein Sachschaden von mehreren hunderttausend Euro entstand. Verletzt wurde niemand. Das Haus ist derzeit unbewohnbar. Alle f\u00fcnf Bewohner kommen bei Verwandten unter. <\/p>\n\n\n\n<p>Ersten Erkenntnisse zufolge brach das Feuer gegen 16.30 Uhr im 1. Obergeschoss des Hauses aus und griff schnell auf die Holzfassade des Geb\u00e4udes \u00fcber. Die Berufsfeuerwehr Mannheim (Feuerwachen S\u00fcd und Nord) konnte den Brand schnell l\u00f6schen. W\u00e4hrend der L\u00f6scharbeiten waren sechs Streifenwagenbesatzungen, auch zur Absperrung angrenzender Stra\u00dfen im Einsatz. <\/p>\n\n\n\n<p>Die Brandursache ist bislang noch unklar. Ob ein technischer Defekt einer Markise, die am Balkon im 1. Obergeschoss angebracht ist, brandurs\u00e4chlich ist, ist Gegenstand weiterer Ermittlungen. <\/p>\n\n\n\n<h4 class=\"wp-block-heading\">(Mannheim-Vogelstang) &#8211; Bauarbeiter nach Diebstahl mit K\u00fcchenmesser bedroht; 39-j\u00e4hriger Mann in Untersuchungshaft<\/h4>\n\n\n\n<h4 class=\"wp-block-heading\">Gemeinsame Presseerkl\u00e4rung der Staatsanwaltschaft Mannheim und des Polizeipr\u00e4sidiums Mannheim <\/h4>\n\n\n\n<p>Auf Antrag der Staatsanwaltschaft Mannheim wurde ein Haftbefehl gegen einen 39-j\u00e4hrigen Mann mit bulgarischer Staatsangeh\u00f6rigkeit wegen des Verdachts des besonders schweren r\u00e4uberischen Diebstahls erlassen. <\/p>\n\n\n\n<p>Der 39-J\u00e4hrige steht im dringenden Verdacht, am Mittwochnachmittag (27. 05.) gegen 16:20 Uhr einen Bauarbeiter nach einem Diebstahl mit einem K\u00fcchenmesser bedroht zu haben. Dieser soll den 39-J\u00e4hrigen dabei erwischt haben, wie er in einem als Aufenthaltsraum genutzten Baucontainer im Bereich der Weimarer Stra\u00dfe die pers\u00f6nlichen Taschen und Kleidungsst\u00fccke der dortigen Bauarbeiter durchsuchte. Zwei Mobiltelefone hatte er bereits an sich genommen. Der 44-j\u00e4hrige Bauarbeiter, der den Tatverd\u00e4chtigen bei seinem Vorhaben \u00fcberrascht hatte, blieb unverletzt. Er alarmierte sofort die Polizei. Die Beamten des Kriminaldauerdienstes, die kurze Zeit sp\u00e4ter auf der Baustelle eintrafen, nahmen den Tatverd\u00e4chtigen, der in Deutschland \u00fcber keinen festen Wohnsitz verf\u00fcgt, vorl\u00e4ufig fest. <\/p>\n\n\n\n<p>Am Donnerstagnachmittag wurde der Tatverd\u00e4chtige auf Antrag der Staatsanwaltschaft Mannheim dem Ermittlungsrichter vorgef\u00fchrt, der Haftbefehl wegen Fluchtgefahr erlie\u00df. <\/p>\n\n\n\n<p>Der 39-J\u00e4hrige wurde anschlie\u00dfend in eine Justizvollzugsanstalt eingeliefert. Das Messer wurde als Beweismittel sichergestellt. Die Ermittlungen der Staatsanwaltschaft Mannheim und des Kriminalkommissariats Mannheim dauern an. <\/p>\n\n\n\n<h4 class=\"wp-block-heading\">(Mannheim-Sandhofen) &#8211; Vor\u00fcbergehende Sperrung Viernheimer Weg nach Verkehrsunfall; Autofahrer nimmt Bus die Vorfahrt; mehrere Personen verletzt<\/h4>\n\n\n\n<p>Beim Verlassen eines Firmenparkplatzes, um nach rechts auf den Viernheimer Weg in Richtung Sch\u00f6nau abzubiegen, achtete ein 84-j\u00e4hriger BMW-Fahrer nicht auf den Linienbus der RNV, welcher ebenfalls in Richtung Sch\u00f6nau fuhr. Beide Fahrzeuge stie\u00dfen zusammen. Sowohl der Unfallverursacher als auch der Busfahrer sowie zwei Fahrg\u00e4ste wurden hierbei leicht verletzt und noch am Unfallort von einem Notarzt erstversorgt. Der Fahrzeugf\u00fchrer des Linienbusses und die Fahrg\u00e4ste wurden jeweils mit einem Rettungswagen zur Beobachtung in eine Klinik gebracht. Der Unfallverursacher nahm selbstst\u00e4ndig medizinische Hilfe in Anspruch. Sein Auto war nicht mehr fahrbereit und musste abgeschleppt werden. Der Gesamtschaden an beiden Fahrzeugen wird auf ca. 10.000 Euro gesch\u00e4tzt. Der Viernheimer Weg war vor\u00fcbergehend in beiden Richtungen voll gesperrt. Die Verkehrspolizei in Mannheim hat die Ermittlungen aufgenommen. <\/p>\n\n\n\n<h4 class=\"wp-block-heading\">(Heidelberg) &#8211; Person bei Unfall verletzt, Zeugen gesucht<\/h4>\n\n\n\n<p>Leicht verletzt wurde ein Pkw-Lenker am 28.05.2020 gegen 18:00 Uhr auf der Ernst-Walz-Br\u00fccke in Heidelberg. Der 24-j\u00e4hrige Mann aus Heidelberg fuhr vom Iqbal-Ufer auf die Ernst-Walz-Br\u00fccke. Dort kam es zu einem Zusammensto\u00df mit einer Stra\u00dfenbahn der Linie 24, die in Richtung Neuenheim unterwegs war. Der junge Mann wurde bei dem Unfall leicht verletzt und in ein Krankenhaus zur Untersuchung eingeliefert. Bei dem Unfall entstand ein Sachschaden von ca. 10.000 Euro. Um den genauen Unfallhergang kl\u00e4ren zu k\u00f6nnen, bittet der Verkehrsdienst Heidelberg, Zeugen des Unfalles sich unter der Nummer 0621\/174-4110 zu melden. <\/p>\n\n\n\n<h4 class=\"wp-block-heading\">(Heidelberg-Altstadt) &#8211; Unfallflucht in der Altstadt; Zeugen gesucht<\/h4>\n\n\n\n<p>Zwischen Mittwochabend und Donnerstag, 12 Uhr, wurde ein 5er BMW in der Bauamtsgasse von einem bislang unbekannten Autofahrer, vermutlich beim Aus- oder Einparken besch\u00e4digt. <\/p>\n\n\n\n<p>Der Schaden bel\u00e4uft sich auf nahezu 3.000.- Euro. <\/p>\n\n\n\n<p>Das Fahrzeug des Verursachers d\u00fcrfte wei\u00dfe oder eine \u00e4hnlich helle Farbe haben. <\/p>\n\n\n\n<p>Zeugen werden gebeten, sich bei der Verkehrspolizei Heidelberg, Tel.: 0621\/174-4111 zu melden. <\/p>\n\n\n\n<h4 class=\"wp-block-heading\">(Heidelberg-Kirchheim) &#8211; Pferd setzt sich auf Motorhaube und bleibt unverletzt<\/h4>\n\n\n\n<p>Am Donnerstagmittag kam es gegen 12:45 Uhr beim Kirchheimer Hof zu einer Begegnung zwischen Pkw und Pferd, als das Pferd samt Reiter die Fahrbahn \u00fcberquerte. Ein Pkw wollte vorsichtig an dem Pferd vorbeifahren, was dem Pferd offenbar nicht gefiel. Es drehte sich pl\u00f6tzlich zu dem Fahrzeug hin und setzte sich kurzerhand auf die Motorhaube. Die Motorhaube wurde dadurch eingedellt. Sowohl die 70-j\u00e4hrige Fahrzeugf\u00fchrerin, als auch das Pferd samt Reiterin blieben aber unverletzt.<\/p>\n\n\n\n<h4 class=\"wp-block-heading\">(Heidelberg-Wieblingen) &#8211; Schwerer Verkehrsunfall mit zwei Fahrzeugen \/ Zwei Personen verletzt<\/h4>\n\n\n\n<h4 class=\"wp-block-heading\" style=\"text-align:center\">Pressemitteilung Nr. 1<\/h4>\n\n\n\n<p>Am Freitagmittag kam es gegen 13:50 Uhr zu einem schweren Frontalzusammensto\u00df zweier Pkw auf der Kreisstra\u00dfe 9702 zwischen Grenzh\u00f6fer Stra\u00dfe und Plankstadt. Den ersten Ermittlungen zufolge geschah dies als Folge eines missgl\u00fcckten \u00dcberholman\u00f6vers. Der genaue Unfallhergang ist z.Zt. noch unklar. Bei dem Unfall wurde der Fahrer eines VW in seinem Fahrzeug eingeklemmt und musste durch die Feuerwehr geborgen werden. Er wurde schwer verletzt, wobei der Fahrer eines Mazda eher leichter verletzt wurde. Beide Personen wurden zur Behandlung mit dem Krankenwagen abtransportiert. \u00dcber die genauen Verletzungen liegen bislang keine Informationen vor. Ein Rettungshubschrauber war im Einsatz. Beide Fahrzeuge sind nicht mehr fahrbereit und m\u00fcssen abgeschleppt werden. Die Strecke ist derzeit noch in beide Richtungen voll gesperrt. <\/p>\n\n\n\n<h4 class=\"wp-block-heading\">(Heidelberg-Wieblingen) &#8211; Frontalzusammensto\u00df zweier Fahrzeuge; zwei Schwerverletzte<\/h4>\n\n\n\n<h4 class=\"wp-block-heading\" style=\"text-align:center\">Pressemitteilung Nr. 2<\/h4>\n\n\n\n<p>Am Freitagnachmittag, kurz vor 14 Uhr war eine 39-j\u00e4hrige VW-Fahrerin auf der K 4147 (Verl\u00e4ngerung Grenzh\u00f6fer Weg) in Richtung Plankstadt unterwegs, als sie nach der Einm\u00fcndung Grenzh\u00f6fer Stra\u00dfe einen 35-j\u00e4hrigen Lkw-Fahrer \u00fcberholte. Dabei stie\u00df sie mit einer entgegenkommenden 30-j\u00e4hrigen Mazda-Fahrerin frontal zusammen, worauf deren Fahrzeug noch gegen den Lkw geschleudert wird. Beide Frauen wurden bei dem Zusammensto\u00df schwer verletzt. Sie wurden mit Rettungswagen in eine Klinik gebracht. Der Lkw-Fahrer blieb unverletzt. Beide Autos wurden abgeschleppt. Der Gesamtschaden bel\u00e4uft sich nach ersten Sch\u00e4tzungen auf rund 20.000.- Euro. Die Stra\u00dfe wurde von einer Spezialfirma gereinigt. Die Feuerwehren aus Eppelheim und Plankstadt waren zur Bergung der Fahrzeuge und er Verletzten im Einsatz. Die K 4147 war bis kurz nach 17 Uhr voll gesperrt. Der Verkehr wurde \u00f6rtlich umgeleitet. <\/p>\n\n\n\n<h4 class=\"wp-block-heading\">(Heidelberg-Wieblingen) &#8211; Pedelec-Fahrer bei Verkehrsunfall schwer verletzt<\/h4>\n\n\n\n<p>Schwer verletzt wurde am Freitagmorgen ein Pedelec-Fahrer auf der Wieblinger-Stra\u00dfe als er beim Abbiegen von einem Pkw erfasst wurde. Eine 45-J\u00e4hrige fuhr um 7.40 Uhr auf der Kreisstra\u00dfe in Richtung Wieblingen und \u00fcberholte dabei einen vor ihr fahrenden Pkw. Als sie im Anschluss mit ihrem Opel noch einen 49-j\u00e4hrigen Pedelec-Fahrer \u00fcberholen wollte, bog dieser im selben Moment nach links in Richtung eines Feldweges ab. Beim heftigen Zusammensto\u00df wurde der Zweiradfahrer auf die Motorhaube aufgeladen und st\u00fcrzte anschlie\u00dfend auf den Boden. Der 49-J\u00e4hrige wurde schwer, aber nicht lebensbedrohlich, verletzt und kam in Krankenhaus. Die Unfallermittler des Verkehrsdienst Heidelberg haben die Ermittlungen aufgenommen. <\/p>\n\n\n\n<h4 class=\"wp-block-heading\">(Heidelberg-Rohrbach) &#8211; Berauscht, ohne F\u00fchrerschein und mit nicht zugelassenem Fahrzeug unterwegs<\/h4>\n\n\n\n<p>Am Donnerstagmorgen kontrollierten Beamte des Polizeireviers Heidelberg-Mitte zwei Personen, die sich mit einem Pkw im Bereich des Ehrenfriedhofs aufgehalten haben. Bei der \u00dcberpr\u00fcfung stellten die Beamten fest, dass der 31-j\u00e4hrige Fahrer des Fahrzeugs keinen F\u00fchrerschein besitzt und offenbar unter Drogeneinfluss stand. Dies best\u00e4tigte anschlie\u00dfend ein Urintest. Zudem stellte sich heraus, dass das Fahrzeug nicht zugelassen ist und mit fremden Kennzeichen best\u00fcckt war. Bei der Durchsuchung des Fahrzeugs wurde obendrein auch noch eine geringe Menge Amphetamin aufgefunden. Dem Mann wurde auf der Dienststelle eine Blutprobe entnommen und ihn erwartet nun eine Strafanzeige u. a. wegen Fahren ohne Fahrerlaubnis, Besitz von Bet\u00e4ubungsmitteln und Versto\u00df gegen das Pflichtversicherungsgesetz. Die Ermittlungen bez\u00fcglich der falschen Kennzeichen dauern an. <\/p>\n\n\n\n<h4 class=\"wp-block-heading\">(Ketsch \/ Rhein-Neckar-Kreis) &#8211; Unfall in Kreisverkehr \/ Motorradfahrer verletzt<\/h4>\n\n\n\n<p>Am Freitagmorgen kam es in der Schwetzinger Stra\u00dfe zu einem Verkehrsunfall bei dem ein Motorradfahrer verletzt wurde. <\/p>\n\n\n\n<p>Der Fahrer eines VW \u00fcbersah kurz vor 7 Uhr beim Einfahren in den dortigen Kreisverkehr einen darin fahrenden Motorradfahrer. Beim Zusammensto\u00df st\u00fcrzte der Zweiradfahrer und verletzte sich dabei. Er wurde zur weiteren Behandlung in ein Krankenhaus gebracht. Es entstand ein Unfallschaden von insgesamt 5.000 Euro. Das Motorrad musste abgeschleppt werden. Aufgrund ausgelaufener Betriebsstoffe musste die Fahrbahn anschlie\u00dfend professionell gereinigt werden. <\/p>\n\n\n\n<h4 class=\"wp-block-heading\">(Ilvesheim \/ Rhein-Neckar-Kreis) &#8211; Zur Mittagszeit mit 2,3 Promille unterwegs<\/h4>\n\n\n\n<p>Am Donnerstagmittag meldete eine aufmerksame Zeugin der Polizei gegen 12 Uhr, dass sie beobachten konnte, wie ein offensichtlich volltrunkener Mann nach einem missgl\u00fcckten Tankversuch an einer Tankstelle in der Schlossstra\u00dfe, mit seinem VW-Touran weggefahren ist. Da die Zeugin sich das Kennzeichen des Fahrzeuges gemerkt hatte und \u00fcberdies Videoaufzeichnungen der Tankstelle vorhanden waren, konnten Beamte des Polizeireviers Ladenburg den 51-j\u00e4hrigen Mann samt Pkw kurze Zeit sp\u00e4ter an seiner Wohnanschrift antreffen. Ein Alkoholtest zeigte, dass er 2,3 Promille hatte und nicht im Besitz einer Fahrerlaubnis ist. Er wurde daraufhin zur Entnahme einer Blutprobe auf die Dienststelle transportiert. Dort gab sich der Mann ziemlich uneinsichtig, t\u00e4uschte einen Ohnmachtsanfall vor und beleidigte schlie\u00dflich den Polizeiarzt. <\/p>\n\n\n\n<h4 class=\"wp-block-heading\">(St. Leon-Rot \/ Rhein-Neckar-Kreis) &#8211; Erdaushub mit Bauschutt in der Natur abgekippt \/ Polizei sucht Zeugen<\/h4>\n\n\n\n<div class=\"wp-block-image\"><figure class=\"aligncenter\"><img decoding=\"async\" loading=\"lazy\" width=\"800\" height=\"600\" src=\"https:\/\/speyer24news.com\/wp-content\/uploads\/2020\/05\/St.Leon-Rot_Aushub_2_29052020.jpg\" alt=\"\" class=\"wp-image-27480\" srcset=\"https:\/\/speyer24news.com\/wp-content\/uploads\/2020\/05\/St.Leon-Rot_Aushub_2_29052020.jpg 800w, https:\/\/speyer24news.com\/wp-content\/uploads\/2020\/05\/St.Leon-Rot_Aushub_2_29052020-300x225.jpg 300w, https:\/\/speyer24news.com\/wp-content\/uploads\/2020\/05\/St.Leon-Rot_Aushub_2_29052020-768x576.jpg 768w, https:\/\/speyer24news.com\/wp-content\/uploads\/2020\/05\/St.Leon-Rot_Aushub_2_29052020-678x509.jpg 678w, https:\/\/speyer24news.com\/wp-content\/uploads\/2020\/05\/St.Leon-Rot_Aushub_2_29052020-326x245.jpg 326w, https:\/\/speyer24news.com\/wp-content\/uploads\/2020\/05\/St.Leon-Rot_Aushub_2_29052020-80x60.jpg 80w\" sizes=\"(max-width: 800px) 100vw, 800px\" \/><\/figure><\/div>\n\n\n\n<p>Im Zeitraum zwischen 15. und 28.05.2020 hat ein bislang unbekannter T\u00e4ter gr\u00f6\u00dfere Mengen an Erdaushub, durchsetzt mit Bauschutt, an zwei Wegen wild abgelagert. Die Ablagerungen wurden am Lu\u00dfhardthof an der L 546 zwischen St. Leon-Rot und Reilingen sowie auf dem Verbindungsweg vom Kreuzweg zur Minigolfanlage. Die Gemeinde wurde unterrichtet, die weiteren Ermittlungen f\u00fchrt der \u00f6rtliche Polizeiposten. <\/p>\n\n\n\n<div class=\"wp-block-image\"><figure class=\"aligncenter\"><img decoding=\"async\" loading=\"lazy\" width=\"800\" height=\"600\" src=\"https:\/\/speyer24news.com\/wp-content\/uploads\/2020\/05\/St.Leon-Rot_Aushub_29052020.jpg\" alt=\"\" class=\"wp-image-27481\" srcset=\"https:\/\/speyer24news.com\/wp-content\/uploads\/2020\/05\/St.Leon-Rot_Aushub_29052020.jpg 800w, https:\/\/speyer24news.com\/wp-content\/uploads\/2020\/05\/St.Leon-Rot_Aushub_29052020-300x225.jpg 300w, https:\/\/speyer24news.com\/wp-content\/uploads\/2020\/05\/St.Leon-Rot_Aushub_29052020-768x576.jpg 768w, https:\/\/speyer24news.com\/wp-content\/uploads\/2020\/05\/St.Leon-Rot_Aushub_29052020-678x509.jpg 678w, https:\/\/speyer24news.com\/wp-content\/uploads\/2020\/05\/St.Leon-Rot_Aushub_29052020-326x245.jpg 326w, https:\/\/speyer24news.com\/wp-content\/uploads\/2020\/05\/St.Leon-Rot_Aushub_29052020-80x60.jpg 80w\" sizes=\"(max-width: 800px) 100vw, 800px\" \/><\/figure><\/div>\n\n\n\n<p>Zeugen, die im fraglichen Zeitraum verd\u00e4chtige Fahrzeuge oder Personen bemerkt haben, werden gebeten sich unter Telefon 06227\/881600 beim Polizeiposten St. Leon-Rot zu melden. <\/p>\n\n\n\n<h4 class=\"wp-block-heading\">(St. Leon-Rot \/ Rhein-Neckar-Kreis) &#8211; Polizeihubschrauber nach vermisster Person im Einsatz; Hinweise bitte an den Polizeinotruf 110<\/h4>\n\n\n\n<h4 class=\"wp-block-heading\" style=\"text-align:center\">Pressemitteilung Nr. 1<\/h4>\n\n\n\n<p>Mit einem Polizeihubschrauber wird derzeit nach dem 67-j\u00e4hrigen Gerold K. gefahndet. <\/p>\n\n\n\n<p>Der Mann, der im &#8222;Haus Mathilde&#8220; im Ortsteil Rot wohnt, verlie\u00df nach derzeitigen Erkenntnissen das Wohnheim in der Karl-Schmidt-Stra\u00dfe am Freitagmorgen zwischen 2-5 Uhr und ist seitdem unbekannten Aufenthalts. <\/p>\n\n\n\n<p>Herr K. ist schwer krank und auf Medikamente sowie ein Beatmungsger\u00e4t angewiesen. Es ist nicht ausgeschlossen, dass er sich in einer hilflosen Lage befindet. <\/p>\n\n\n\n<p>Er wird wie folgt beschrieben: ca. 180 cm; 80 Kilogramm; &#8222;Bierbauch&#8220;; Haarkranz; r\u00f6chelt und hustet stark; aufgedunsenes Gesicht; breite Nase; nach vorne gebeugter Gehstil mit nach hinten verschr\u00e4nkten Armen. \u00dcber seine Kleidung ist nicht bekannt. <\/p>\n\n\n\n<p>Im Laufe des sp\u00e4ten Freitagnachmittages ist der Einsatz eines Mantrailer-Hundes geplant; er ist bereits auf Anfahrt. <\/p>\n\n\n\n<p>Zeugen, die Hinweise auf den Aufenthalt des Mannes geben k\u00f6nnen, werden gebeten, sich \u00fcber den Polizeinotruf 110 zu melden. <\/p>\n\n\n\n<p>Zeugen, die im fraglichen Zeitraum verd\u00e4chtige Fahrzeuge oder Personen bemerkt haben, werden gebeten sich unter Telefon 06227\/881600 beim Polizeiposten St. Leon-Rot zu melden. <\/p>\n\n\n\n<h4 class=\"wp-block-heading\">(St. Leon-Rot \/ Wiesloch \/ Rhein-Neckar-Kreis) &#8211; Vermisster Gerold K. wieder aufgefunden<\/h4>\n\n\n\n<h4 class=\"wp-block-heading\" style=\"text-align:center\">Pressemitteilung Nr. 2<\/h4>\n\n\n\n<p>Der seit den fr\u00fchen Morgenstunden vermisste Gerold K. konnte am heutigen Abend gegen 19.20 Uhr durch die Polizei in Wiesloch aufgefunden werden. Der gesundheitlich angeschlagene Mann wurde noch vor Ort durch Rettungskr\u00e4fte behandelt und vorsorglich in ein Krankenhaus eingeliefert. <\/p>\n\n\n\n<h4 class=\"wp-block-heading\">(Eberbach \/ Rhein-Neckar-Kreis) &#8211; Brand eines Kellers; Ursache noch unklar<\/h4>\n\n\n\n<p>Aus bislang ungekl\u00e4rter Ursache geriet am Donnerstagabend, gegen 18 Uhr, der Keller eines dreist\u00f6ckigen Wohnhauses im Kirchenweg in Brand. Dank des schnellen Eingreifens der Eberbacher Feuerwehr, die mit einem L\u00f6schzug vor Ort war, konnte verhindert werden, dass das Feuer auf den Wohnbereich \u00fcbergriff. Die Hauseigent\u00fcmerin war durch den Feuermelder alarmiert worden und hatte wohlbehalten das Anwesen verlassen k\u00f6nnen. Der entstandene Schaden wird auf ca. 15.000 Euro gesch\u00e4tzt. Nach ausgiebiger L\u00fcftung der R\u00e4umlichkeiten konnte die Eigent\u00fcmerin in ihrem Haus verbleiben. Ein Polizeibeamter wurde bei dem Einsatz durch die starke Rauchentwicklung leicht verletzt. Die Brandexperten des Polizeireviers Eberbach haben die Ermittlungen aufgenommen. <\/p>\n\n\n\n<h4 class=\"wp-block-heading\">(Edingen-Neckarhausen \/ Rhein-Neckar-Kreis) &#8211;  Unfallflucht; junger Fahrradfahrer leicht verletzt; Zeugen gesucht<\/h4>\n\n\n\n<p>Am Donnerstagvormittag, kurz vor 9 Uhr, kam es im Ortsteil Neu-Edingen zu einem Verkehrsunfall zwischen einem 16-j\u00e4hrigen Radfahrer und einem bislang noch unbekannten VW-Golf-Fahrer. <\/p>\n\n\n\n<p>Der junge Radler war im bereich des Schul- und Sportzentrums in der Mannheimer Stra\u00dfe unterwegs, als ihn in H\u00f6he des Tennisplatzes der Autofahrer beim \u00dcberholvorgang am Hinterrad streifte. Der 16-J\u00e4hrige st\u00fcrzte daraufhin zu Boden und zog sich zum Gl\u00fcck nur leichte Verletzungen zu. <\/p>\n\n\n\n<p>Der Autofahrer, ein ca. 20-j\u00e4hriger Mann mit dunklen Haaren und Bart fuhr mit seinem schwarzen VW Golf mit HD-Kennzeichen davon, ohne sich um den Jugendlichen zu k\u00fcmmern. <\/p>\n\n\n\n<p>Zeugen, die Hinweise zum Unfallhergang, zum Unfallverursacher und\/oder dessen Fahrzeug sowie dessen Fluchtrichtung geben k\u00f6nnen, werden gebeten, sich mit dem Polizeirevier Ladenburg, Tel.: 06203\/9305-0 in Verbindung zu setzen. <\/p>\n\n\n\n<h4 class=\"wp-block-heading\">(Dossenheim \/ Rhein-Neckar-Kreis) &#8211; 36-j\u00e4hrige Natalia S. aus Dossenheim \/ Vermisste tot aufgefunden<\/h4>\n\n\n\n<div class=\"wp-block-image\"><figure class=\"aligncenter\"><img decoding=\"async\" loading=\"lazy\" width=\"800\" height=\"533\" src=\"https:\/\/speyer24news.com\/wp-content\/uploads\/2020\/03\/candle-2905395_1920.jpg\" alt=\"\" class=\"wp-image-25905\" srcset=\"https:\/\/speyer24news.com\/wp-content\/uploads\/2020\/03\/candle-2905395_1920.jpg 800w, https:\/\/speyer24news.com\/wp-content\/uploads\/2020\/03\/candle-2905395_1920-300x200.jpg 300w, https:\/\/speyer24news.com\/wp-content\/uploads\/2020\/03\/candle-2905395_1920-768x512.jpg 768w\" sizes=\"(max-width: 800px) 100vw, 800px\" \/><\/figure><\/div>\n\n\n\n<p>Die seit dem 21.05.2020 vermisste 36-j\u00e4hrige Natalia S. aus Dossenheim wurde nach Zeugenhinweisen am Donnerstagnachmittag in Dossenheim, tot in ihrem Pkw aufgefunden. Hinweise auf Fremdeinwirkungen oder einen Ungl\u00fccksfall liegen nicht vor. <\/p>\n\n\n\n<p> <\/p>\n","protected":false},"excerpt":{"rendered":"<div class=\"mh-excerpt\"><p>Polizeimeldungen vom Freitag (29.05.2020) (Speyer) &#8211; E-Scooter-Fahrer unter Drogeneinfluss Einer Polizeistreife fiel am Donnerstagvormittag in der Ludwigstra\u00dfe ein E-Scooter ohne die erforderliche Versicherungsplakette auf. Im Rahmen der Kontrolle gab der 25- j\u00e4hrige Fahrer an, dass <a class=\"mh-excerpt-more\" href=\"https:\/\/speyer24news.com\/?p=27478\" title=\"Polizei\">[&#8230;]<\/a><\/p>\n<\/div>","protected":false},"author":3,"featured_media":0,"comment_status":"open","ping_status":"open","sticky":false,"template":"","format":"standard","meta":{"_monsterinsights_skip_tracking":false,"_monsterinsights_sitenote_active":false,"_monsterinsights_sitenote_note":"","_monsterinsights_sitenote_category":0,"footnotes":""},"categories":[12],"tags":[3614,61,2555,6955,6986,6263,63,105,6987,53,4854,4683,1548,102,213,55,5261,103,106,2803,2423,427,2625,380,62,104,979,1565],"aioseo_notices":[],"amp_enabled":true,"_links":{"self":[{"href":"https:\/\/speyer24news.com\/index.php?rest_route=\/wp\/v2\/posts\/27478"}],"collection":[{"href":"https:\/\/speyer24news.com\/index.php?rest_route=\/wp\/v2\/posts"}],"about":[{"href":"https:\/\/speyer24news.com\/index.php?rest_route=\/wp\/v2\/types\/post"}],"author":[{"embeddable":true,"href":"https:\/\/speyer24news.com\/index.php?rest_route=\/wp\/v2\/users\/3"}],"replies":[{"embeddable":true,"href":"https:\/\/speyer24news.com\/index.php?rest_route=%2Fwp%2Fv2%2Fcomments&post=27478"}],"version-history":[{"count":1,"href":"https:\/\/speyer24news.com\/index.php?rest_route=\/wp\/v2\/posts\/27478\/revisions"}],"predecessor-version":[{"id":27482,"href":"https:\/\/speyer24news.com\/index.php?rest_route=\/wp\/v2\/posts\/27478\/revisions\/27482"}],"wp:attachment":[{"href":"https:\/\/speyer24news.com\/index.php?rest_route=%2Fwp%2Fv2%2Fmedia&parent=27478"}],"wp:term":[{"taxonomy":"category","embeddable":true,"href":"https:\/\/speyer24news.com\/index.php?rest_route=%2Fwp%2Fv2%2Fcategories&post=27478"},{"taxonomy":"post_tag","embeddable":true,"href":"https:\/\/speyer24news.com\/index.php?rest_route=%2Fwp%2Fv2%2Ftags&post=27478"}],"curies":[{"name":"wp","href":"https:\/\/api.w.org\/{rel}","templated":true}]}}