{"id":27503,"date":"2020-05-30T07:27:04","date_gmt":"2020-05-30T06:27:04","guid":{"rendered":"https:\/\/speyer24news.com\/?p=27503"},"modified":"2020-05-30T07:31:40","modified_gmt":"2020-05-30T06:31:40","slug":"hockenheim-57","status":"publish","type":"post","link":"https:\/\/speyer24news.com\/?p=27503","title":{"rendered":"Hockenheim"},"content":{"rendered":"<style type=\"text\/css\">\r\n\t.ads_top_disp{}\r\n\t.ads_top_corner_disp{ float:left; margin:0px 10px 10px 0px; }\r\n\t.ads_first_p_disp{}\r\n\t.ads_bottom_disp{}\r\n\t<\/style>\n<figure class=\"wp-block-image\"><img decoding=\"async\" loading=\"lazy\" width=\"800\" height=\"559\" src=\"https:\/\/speyer24news.com\/wp-content\/uploads\/2020\/01\/1250-Jahre-Hockenheim.jpg\" alt=\"\" class=\"wp-image-23860\" srcset=\"https:\/\/speyer24news.com\/wp-content\/uploads\/2020\/01\/1250-Jahre-Hockenheim.jpg 800w, https:\/\/speyer24news.com\/wp-content\/uploads\/2020\/01\/1250-Jahre-Hockenheim-300x210.jpg 300w, https:\/\/speyer24news.com\/wp-content\/uploads\/2020\/01\/1250-Jahre-Hockenheim-768x537.jpg 768w\" sizes=\"(max-width: 800px) 100vw, 800px\" \/><\/figure>\n\n\n\n<h2 class=\"wp-block-heading\"><strong>Kostenlose Gr\u00fcnschnitt-Entsorgung wird\nverl\u00e4ngert<\/strong><\/h2>\n\n\n\n<p>Die Stadtverwaltung Hockenheim erm\u00f6glicht weiterhin die kostenfreie Abnahme des Gr\u00fcnschnitts f\u00fcr ihre B\u00fcrgerinnen und B\u00fcrger. Dies geschieht in Kooperation mit der Kompostanlage Wagner GmbH und ist <strong>bis zum 31. Juli 2020<\/strong> verl\u00e4ngert. Sie k\u00f6nnen dort haushalts\u00fcbliche Mengen bis rund 250 Liter Volumen kostenfrei anliefern, gr\u00f6\u00dfere Mengen sind zu bezahlen.<\/p>\n\n\n\n<p>Die Stadtverwaltung Hockenheim kommt f\u00fcr\ndie anfallenden Kosten bis 250 Liter auf.<\/p>\n\n\n\n<p>Das Angebot gilt nur f\u00fcr in Hockenheim\ngemeldeten B\u00fcrger. Dies ist bei der Kompostanlage der Wagner GmbH vor dem\nAbladen des Gr\u00fcnschnitts mit dem Personalausweis nachzuweisen. Die B\u00fcrger\nm\u00fcssen darauf achten, dass sich immer nur maximal f\u00fcnf Privatanlieferer\ngleichzeitig in der Annahmezone mit\neinem Abstand von mindestens zwei Metern zueinander aufhalten d\u00fcrfen. Den\nAnweisungen des Personales ist Folge zu leisten.<\/p>\n\n\n\n<p>Au\u00dferdem gilt f\u00fcr Nutzer der Kompostanlage MNS-Maskenpflicht. <\/p>\n\n\n\n<p>Neue Anlieferzeiten: Zuk\u00fcnftig kann die Kompostanlage neben dem Kl\u00e4rwerk Hockenheim\nwieder am Montag, Dienstag und Donnerstag von Privaten und Gewerbebetrieben\nangefahren werden. Die Hockenheimerinnen und Hockenheimer haben somit die\nM\u00f6glichkeit der ganzt\u00e4gigen\nAnlieferung, jeweils von 8.00 Uhr bis 12.00 Uhr und\nvon 12.45 Uhr bis 16.30 Uhr.<\/p>\n\n\n\n<p>Au\u00dferdem k\u00f6nnen wieder Humus- und Rindenprodukte auch von Privaten\nbei der Kompostanlage gekauft werden. <\/p>\n\n\n\n<p>Die Stadt Hockenheim dankt der Firma\nWagner f\u00fcr die hervorragende Zusammenarbeit. \u201eWir sind gl\u00fccklich eine L\u00f6sung\nf\u00fcr alle gefunden zu haben und m\u00f6chten die gro\u00dfartige Kooperation mit der Firma\nWagner hervorheben\u201c, so Oberb\u00fcrgermeister Marcus Zeitler.<\/p>\n\n\n\n<h4 class=\"wp-block-heading\">Adresse der Kompostanlage:<\/h4>\n\n\n\n<p>Wagner\nGmbH, Kompostanlage in Hockenheim, Industriegebiet Talhaus, M\u00f6rscher Weg 14, 68766 Hockenheim, Tel.\n06205 \/ 5765.<\/p>\n\n\n\n<p><em>Stadtverwaltung Hockenheim<\/em><br><em>30.05.2020<\/em><\/p>\n\n\n\n<h2 class=\"wp-block-heading\"><strong>Meldungen an zust\u00e4ndige Forstreviere<\/strong><\/h2>\n\n\n\n<div class=\"wp-block-image\"><figure class=\"aligncenter\"><img decoding=\"async\" loading=\"lazy\" width=\"800\" height=\"501\" src=\"https:\/\/speyer24news.com\/wp-content\/uploads\/2020\/05\/2020-05-29-Verwaltung_Meldung-Forstbezirke.jpg\" alt=\"\" class=\"wp-image-27506\" srcset=\"https:\/\/speyer24news.com\/wp-content\/uploads\/2020\/05\/2020-05-29-Verwaltung_Meldung-Forstbezirke.jpg 800w, https:\/\/speyer24news.com\/wp-content\/uploads\/2020\/05\/2020-05-29-Verwaltung_Meldung-Forstbezirke-300x188.jpg 300w, https:\/\/speyer24news.com\/wp-content\/uploads\/2020\/05\/2020-05-29-Verwaltung_Meldung-Forstbezirke-768x481.jpg 768w\" sizes=\"(max-width: 800px) 100vw, 800px\" \/><figcaption>Die interaktive Karte zeigt die Aufteilung der Forstbezirke um Hockenheim und die zust\u00e4ndigen Ansprechpartner. (<em>Quelle: ForstBW<\/em>)<\/figcaption><\/figure><\/div>\n\n\n\n<p>Durch die sehr trockenen Jahre 2018\nund 2019 ist eine gro\u00dfe Anzahl von B\u00e4umen stark gesch\u00e4digt oder gar\nabgestorben. Daher kann es in Zukunft vermehrt zu umgefallenen und\nliegengebliebenen B\u00e4umen und nicht passierbaren Wegen kommen. Grund daf\u00fcr ist,\ndass die Schadh\u00f6lzer vom Holzmarkt nicht aufgenommen und in Folge dessen von\nden Forstbetrieben nicht mehr beseitigt werden. <\/p>\n\n\n\n<p>Befestigte Fahrwege werden dennoch\nvom Forstbetrieb zeitnah ge\u00f6ffnet. Sollten B\u00e4ume auf Erdwegen und R\u00fcckegassen\nliegen, verbleibt dies in der Regel bis zur n\u00e4chsten Holzernte. <\/p>\n\n\n\n<p>Meldungen zu umgest\u00fcrzten B\u00e4umen\nk\u00f6nnen beim entsprechend zust\u00e4ndigen Forstrevier gemeldet werden. Die\nZust\u00e4ndigkeiten f\u00fcr den Staatswald in der Hockenheimer Umgebung (Revier 8, 9\nsowie Revier 10) sind auf einer interaktiven Karte auf der Internetseite von\nForstBW unter <a href=\"http:\/\/www.forstbw.de\">www.forstbw.de<\/a> vermerkt. Hier sind mit einem Klick auf das entsprechende Revier die\nentsprechenden Kontaktdaten hinterlegt, bei denen eine Meldung abgegeben werden\nkann. <\/p>\n\n\n\n<h4 class=\"wp-block-heading\">Die\nKontaktdaten der Forstreviere um Hockenheim in der \u00dcbersicht: <\/h4>\n\n\n\n<p><strong>Revier 8 \u2013 Wagh\u00e4usler Wald<\/strong><\/p>\n\n\n\n<p>Volker\nB\u00f6ning, <\/p>\n\n\n\n<p>Telefon:\n06205-208800,\n<\/p>\n\n\n\n<p>E-Mail: <a href=\"mailto:volker.boening@forstbw.de\">volker.boening@forstbw.de<\/a> <\/p>\n\n\n\n<p><strong>Revier 9 \u2013 Sch\u00f6nhaus<\/strong><\/p>\n\n\n\n<p>Andreas\nKolb, <\/p>\n\n\n\n<p>Telefon:\n06205-4208, <\/p>\n\n\n\n<p>E-Mail:\nandreas.kolb@forstbw.de<\/p>\n\n\n\n<p><strong>Revier 10 \u2013 Hirschhaus<\/strong><\/p>\n\n\n\n<p>Achim Freund, <\/p>\n\n\n\n<p>Telefon: 06227-3981502, <\/p>\n\n\n\n<p>E-Mail: achim.freund@forstbw.de<\/p>\n\n\n\n<p><em>Text: Stadtverwaltung Hockenheim Foto: ForstBW<br>30.05.2020<\/em><\/p>\n\n\n\n<h2 class=\"wp-block-heading\"><strong>Karlstra\u00dfe in H\u00f6he B\u00fcrgermeister-Zahn-Stra\u00dfe 29 gesperrt<\/strong><\/h2>\n\n\n\n<div class=\"wp-block-image\"><figure class=\"aligncenter\"><img decoding=\"async\" src=\"https:\/\/speyer24news.com\/wp-content\/uploads\/2020\/01\/Vollsperrung.jpg\" alt=\"\" class=\"wp-image-23970\"\/><\/figure><\/div>\n\n\n\n<p>Die Karlstra\u00dfe in Hockenheim wird in H\u00f6he der B\u00fcrgermeister-Zahn-Stra\u00dfe 29 <strong><em>vom 28. Mai bis zur Beendigung der Arbeiten, l\u00e4ngstens bis 18.Juli 2020<\/em><\/strong> vollst\u00e4ndig gesperrt. Grund daf\u00fcr sind Bauarbeiten im Stra\u00dfenraum.<\/p>\n\n\n\n<p>Der Verkehr wird umgeleitet \u00fcber B\u00fcrgermeister-Zahn-Stra\u00dfe \u2013 Berlinallee \u2013 Ludwigstra\u00dfe bzw. B\u00fcrgermeister-Zahn-Stra\u00dfe \u2013 Ziegelstra\u00dfe \u2013 Ludwigstra\u00dfe, sowie jeweils umgekehrt. Der Anliegerverkehr ist bis zur Baustelle zugelassen.<\/p>\n\n\n\n<p><em>Stadtverwaltung Hockenheim<\/em><br><em>30.05.2020<\/em><\/p>\n\n\n\n<h2 class=\"wp-block-heading\"><strong>Kostenloses WLAN in Hockenheim &#8211; Ausbau mit EU-F\u00f6rderung und flexibler L\u00f6sung der EnBW<\/strong><\/h2>\n\n\n\n<div class=\"wp-block-image\"><figure class=\"aligncenter\"><img decoding=\"async\" loading=\"lazy\" width=\"800\" height=\"638\" src=\"https:\/\/speyer24news.com\/wp-content\/uploads\/2020\/05\/2020-05-28-Verwaltung_Kostenloses-WLan-in-Hockenheim.jpg\" alt=\"\" class=\"wp-image-27505\" srcset=\"https:\/\/speyer24news.com\/wp-content\/uploads\/2020\/05\/2020-05-28-Verwaltung_Kostenloses-WLan-in-Hockenheim.jpg 800w, https:\/\/speyer24news.com\/wp-content\/uploads\/2020\/05\/2020-05-28-Verwaltung_Kostenloses-WLan-in-Hockenheim-300x239.jpg 300w, https:\/\/speyer24news.com\/wp-content\/uploads\/2020\/05\/2020-05-28-Verwaltung_Kostenloses-WLan-in-Hockenheim-768x612.jpg 768w\" sizes=\"(max-width: 800px) 100vw, 800px\" \/><figcaption>v.l.: Oberb\u00fcrgermeister Marcus Zeitler, Michael Hahn (SMIGHT\/EnBW AG), Donald Pape-Rese (Stadt Hockenheim), Ralf Strohecker (Netze BW GmbH). <em>(Quelle: Stadtverwaltung Hockenheim)<\/em><\/figcaption><\/figure><\/div>\n\n\n\n<p>Kein mobiles Datenvolumen auf dem\nSmartphone zur Verf\u00fcgung und trotzdem schnell etwas im Internet nachschauen,\neine Nachricht oder ein Foto verschicken oder im Audioguide etwas \u00fcber die\nHockenheimer Geschichte erfahren? Das geht mit dem kostenlosen WLAN der Stadt\nHockenheim, das in den vergangenen Wochen ausgebaut wurde. G\u00e4ste, Besucher und B\u00fcrger\nhaben nun die M\u00f6glichkeit, in einem Bereich rund um das Rathaus, die\nFortuna-Kreuzung, dem verkehrsberuhigten Bereich der Karlsruher Stra\u00dfe, der\nZehntscheune bis hin zum \u201eBr\u00fcckenpl\u00e4tzchen\u201c vor dem Gau\u00df-Gymnasium das\n\u201eWiFi4EU\u201c-WLAN zu nutzen. Auch am Bahnhofsvorplatz wurde kostenfreies WLAN\neingerichtet.<\/p>\n\n\n\n<p>\u201eGerade in den vergangenen Wochen haben\nwir erlebt, wie wichtig digitaler Service und Erreichbarkeit sind. Viele\nunserer Einzelh\u00e4ndler, Firmen und Gastronomen konnten auf diesem Weg ihr\nAngebot den Kunden pr\u00e4sentieren. Um diesen Service nutzen zu k\u00f6nnen, braucht\nman daf\u00fcr ein funktionierendes und stabiles Netz. Als Stadt unterst\u00fctzen wir\nganz konkret die Digitalisierung, indem wir G\u00e4sten, Besuchern und Einheimischen\nkostenfrei das WLAN-Netz in der Innenstadt und am Bahnhof zur Verf\u00fcgung\nstellen\u201c, so Oberb\u00fcrgermeister Marcus Zeitler.<\/p>\n\n\n\n<p>Ausgebaut wurde das Netz mit\nF\u00f6rdermitteln der WiFi4EU-Initiative der Europ\u00e4ischen Kommision, um die sich\ndie Stadt aufgrund eines einstimmigen Beschlusses des Gemeinderates erfolgreich\nbeworben hatte. Gemeinden k\u00f6nnen im Rahmen des Programms Gutscheine im Wert von\n15 000 Euro f\u00fcr die Installation von WLAN-Hotspots beantragen. Installiert\nwurde das \u00f6ffentliche WLAN durch SMIGHT, einer Gesch\u00e4ftseinheit der EnBW, mit\nder Hockenheim bereits seit Jahren erfolgreich im Bereich des \u00f6ffentlichen\nWLANs zusammenarbeitet. Und nicht nur Hockenheim \u2013 Oberb\u00fcrgermeister Zeitler\nhat in seiner vorherigen Position als B\u00fcrgermeister von Sch\u00f6nau bereits auf die\nDienstleistungen von SMIGHT gesetzt.<\/p>\n\n\n\n<p>\u201eDie L\u00f6sung ist einfach zu installieren,\nrechtssicher und jederzeit erweiterbar. Da die WLAN-Router in bereits\nbestehende Stra\u00dfenlaternen eingebaut werden, wird das Stadtbild nicht\nbeeinflusst.\u201c so Ralf Strohecker, Kommunalberater bei der EnBW-Tochter Netze BW\nGmbH. Der Einstieg ins \u00f6ffentliche WLAN ist einfach: Man muss lediglich im\nEmpfangsbereich des SMIGHT WLAN die Verbindung mit seinem Smartphone oder\nTablet-PC aktivieren und die AGB auf der Anmeldeseite akzeptieren und schon\nkann kostenfrei im Mobilfunkstandard LTE losgesurft werden.<\/p>\n\n\n\n<p>\u201eWir\ndanken dem Gemeinderat, f\u00fcr die gro\u00dfartige Unterst\u00fctzung und M\u00f6glichkeit,\ndiesen Service in unserer Stadt anbieten zu k\u00f6nnen. Damit st\u00e4rken wir nicht nur\ndie Attraktivit\u00e4t Hockenheims f\u00fcr unsere G\u00e4ste, sondern setzen auch ein klares\nZeichen, wie die Innenstadt uns am Herzen liegt\u201c, so Zeitler abschlie\u00dfend.<\/p>\n\n\n\n<p>Info: Wer das kostenfreie \u00f6ffentliche\nWLAN nutzen m\u00f6chte, w\u00e4hlt auf dem Smartphone das Netzwerk WIFI4EU aus,\nakzeptiert die AGB auf der Anmeldeseite und schon geht\u2019s los. Viel Spa\u00df beim\nSurfen!<\/p>\n\n\n\n<p><em>Stadtverwaltung Hockenheim<\/em><br><em>30.05.2020<\/em><\/p>\n\n\n\n<h2 class=\"wp-block-heading\"><strong>Sommerspa\u00df erst wieder 2021<\/strong><\/h2>\n\n\n\n<div class=\"wp-block-image\"><figure class=\"aligncenter\"><img decoding=\"async\" loading=\"lazy\" width=\"800\" height=\"440\" src=\"https:\/\/speyer24news.com\/wp-content\/uploads\/2020\/03\/no-1532826_1920.png\" alt=\"\" class=\"wp-image-25973\" srcset=\"https:\/\/speyer24news.com\/wp-content\/uploads\/2020\/03\/no-1532826_1920.png 800w, https:\/\/speyer24news.com\/wp-content\/uploads\/2020\/03\/no-1532826_1920-300x165.png 300w, https:\/\/speyer24news.com\/wp-content\/uploads\/2020\/03\/no-1532826_1920-768x422.png 768w\" sizes=\"(max-width: 800px) 100vw, 800px\" \/><\/figure><\/div>\n\n\n\n<p>Der allseits beliebte \u201eSommerspa\u00df im Aquadrom\u201c f\u00fcr Kinder und Jugendliche\nmuss dieses Jahr leider entfallen. Grund f\u00fcr die Absage ist die fehlende M\u00f6glichkeit,\ndie Hygieneregeln umfassend umzusetzen und einzuhalten, so die gemeinsame\nBegr\u00fcndung zur Entscheidung der drei Kooperationspartner Aquadrom,\nJugendzentrum am Aquadrom (JUZ) sowie dem Kinder- und Jugendb\u00fcro Pumpwerk\n(KJB).<\/p>\n\n\n\n<p>\u201eSicherheit steht f\u00fcr uns an oberster Stelle, diese m\u00fcssen wir\ngew\u00e4hrleisten k\u00f6nnen und das ist bei so einer Veranstaltungsreihe nicht\nm\u00f6glich\u201c, so sind sich die Einrichtungsleitungen Nina Unglenk-Baumann (KJB),\nGregor Ries (Aquadrom) und Matthias Falke (JUZ) einig. <\/p>\n\n\n\n<p>\u201eWir sind zuversichtlich und hoffen, dass wir n\u00e4chstes Jahr wieder mit\nvollem Elan f\u00fcr die Kinder und Jugendlichen ein abwechslungsreiches Programm\nauf die Beine stellen k\u00f6nnen\u201c, so Gregor Ries vom Aquadrom, das vergangenes\nJahr erstmalig aktiv an der Veranstaltung zum Auftakt des Sommerspa\u00df beteiligt\nwar. Die zw\u00f6lfte Auflage vom \u201eSommerspa\u00df im Aquadrom\u201c findet erst wieder 2021\nstatt.<\/p>\n\n\n\n<p>Stadtverwaltung Hockenheim \/ Stadtwerke Hockenheim <br>30.05.2020<\/p>\n\n\n\n<h2 class=\"wp-block-heading\"><strong>Kurzzeitige Stromausf\u00e4lle im Industriegebiet<\/strong><\/h2>\n\n\n\n<div class=\"wp-block-image\"><figure class=\"aligncenter\"><img decoding=\"async\" loading=\"lazy\" width=\"640\" height=\"213\" src=\"https:\/\/speyer24news.com\/wp-content\/uploads\/2020\/05\/Stadtwerke-Hockenheim-Logo.png\" alt=\"\" class=\"wp-image-27263\" srcset=\"https:\/\/speyer24news.com\/wp-content\/uploads\/2020\/05\/Stadtwerke-Hockenheim-Logo.png 640w, https:\/\/speyer24news.com\/wp-content\/uploads\/2020\/05\/Stadtwerke-Hockenheim-Logo-300x100.png 300w\" sizes=\"(max-width: 640px) 100vw, 640px\" \/><\/figure><\/div>\n\n\n\n<p>Am\nNachmittag des 28. Mai kam es zu kurzen Stromausf\u00e4llen auf H\u00f6he der\nTalhausstra\u00dfe 1 sowie in der 1. Industriestra\u00dfe Nr. 14. Ursache war ein\nErdschluss.<\/p>\n\n\n\n<p>Die Stadtwerke Hockenheim konnten das Problem innerhalb kurzer Zeit lokalisieren und beheben, so dass bis um 15 Uhr eine durchgehende Stromversorgung wieder hergestellt werden konnte. <\/p>\n\n\n\n<p><em>Stadtwerke Hockenheim<br>30.05.2020<\/em><\/p>\n\n\n\n<h2 class=\"wp-block-heading\"><strong>Medienr\u00fcckgabe bei der Stadtbibliothek<\/strong><\/h2>\n\n\n\n<figure class=\"wp-block-image\"><img decoding=\"async\" loading=\"lazy\" width=\"800\" height=\"594\" src=\"https:\/\/speyer24news.com\/wp-content\/uploads\/2020\/05\/books-2596809_1920.jpg\" alt=\"\" class=\"wp-image-26814\" srcset=\"https:\/\/speyer24news.com\/wp-content\/uploads\/2020\/05\/books-2596809_1920.jpg 800w, https:\/\/speyer24news.com\/wp-content\/uploads\/2020\/05\/books-2596809_1920-300x223.jpg 300w, https:\/\/speyer24news.com\/wp-content\/uploads\/2020\/05\/books-2596809_1920-768x570.jpg 768w, https:\/\/speyer24news.com\/wp-content\/uploads\/2020\/05\/books-2596809_1920-80x60.jpg 80w\" sizes=\"(max-width: 800px) 100vw, 800px\" \/><\/figure>\n\n\n\n<p>Vor\ngut drei Wochen konnte die Stadtbibliothek Hockenheim mit Einschr\u00e4nkungen\nwieder \u00f6ffnen. Die Leserinnen und Leser haben die M\u00f6glichkeit dankbar\nangenommen und sich mit neuem Lesestoff zu versorgen. <\/p>\n\n\n\n<p>Um\nden Nutzern den Neustart einfacher zu machen und um einen zu hohen Andrang in\nden ersten Tagen zu vermeiden, hat das Team der Stadtbibliothek Hockenheim in\nder \u00d6ffnungszeit nach der Corona bedingten Schlie\u00dfung darauf verzichtet,\nMahnungen zu verschicken.<\/p>\n\n\n\n<p>Da\nsich nun der Betrieb unter den besonderen Hygieneregeln eingespielt hat, werden\nab dem 2. Juni wieder die Mahnvorg\u00e4nge aufgenommen. Medien, die aus der Zeit\nvor der Corona bedingten Schlie\u00dfung entliehen worden sind und sich noch bei den\nEntleihern zu Hause befinden, k\u00f6nnen noch diese Woche bis einschlie\u00dflich\nSamstag 30. Mai zur\u00fcckgegeben oder bei der Stadtbibliothek Hockenheim\nverl\u00e4ngert werden. <\/p>\n\n\n\n<p>\u201eDie\nBesucher haben die Regeln gut eingehalten und es hat alles reibungslos\nfunktioniert, alle haben Verst\u00e4ndnis f\u00fcr die Situation gezeigt. Wir konnten\nsogar einen neuen Ausleihrekord verbuchen\u201c, res\u00fcmiert Bibliotheksleiter Dieter\nReif die letzten drei Wochen der \u00d6ffnung, \u201edie eingef\u00fchrten Vorsichtsma\u00dfnahmen\nwurden vorbildlich umgesetzt und es wurde R\u00fccksicht aufeinander genommen.\u201c<\/p>\n\n\n\n<p>Die\naktuellen Ma\u00dfnahmen und Regelungen gelten auch in der Stadtbibliothek\nHockenheim bis auf weiteres. <\/p>\n\n\n\n<p><em>Stadtverwaltung Hockenheim<\/em><br><em>30.05.2020<\/em><\/p>\n\n\n\n<h2 class=\"wp-block-heading\"><strong>Erreichbarkeiten\nWohngeldstelle &amp; Sozialamt<\/strong><\/h2>\n\n\n\n<p>Aufgrund von organisatorischen Gr\u00fcnden bleibt die Wohngeldstelle bis einschlie\u00dflich 5. Juni 2020 geschlossen. Das Sozialamt ist am Mittwoch, dem 3. Juni 2020 bis 12 Uhr ge\u00f6ffnet. <\/p>\n\n\n\n<p>Aufgrund der aktuellen Zugangsbeschr\u00e4nkung des Rathauses bitten wir grunds\u00e4tzlich um eine telefonische Terminvereinbarung. Die entsprechenden Ansprechpartner mitsamt den Kontaktdaten f\u00fcr das Sozialamt sowie f\u00fcr alle anderen Bereiche der Stadtverwaltung finden sich auf der Internetseite der Stadtverwaltung unter <a href=\"https:\/\/www.hockenheim.de\/mitarbeiter\">https:\/\/www.hockenheim.de\/mitarbeiter<\/a>.<\/p>\n\n\n\n<p><em>Stadtverwaltung Hockenheim<\/em><br><em>30.05.2020<\/em><\/p>\n\n\n\n<h2 class=\"wp-block-heading\"><strong>Ein weiterer Schritt hin zur papierlosen Verwaltung<\/strong><\/h2>\n\n\n\n<div class=\"wp-block-image\"><figure class=\"aligncenter\"><img decoding=\"async\" loading=\"lazy\" width=\"800\" height=\"533\" src=\"https:\/\/speyer24news.com\/wp-content\/uploads\/2020\/05\/man-791049_1920.jpg\" alt=\"\" class=\"wp-image-27504\" srcset=\"https:\/\/speyer24news.com\/wp-content\/uploads\/2020\/05\/man-791049_1920.jpg 800w, https:\/\/speyer24news.com\/wp-content\/uploads\/2020\/05\/man-791049_1920-300x200.jpg 300w, https:\/\/speyer24news.com\/wp-content\/uploads\/2020\/05\/man-791049_1920-768x512.jpg 768w\" sizes=\"(max-width: 800px) 100vw, 800px\" \/><\/figure><\/div>\n\n\n\n<p>Bisher\nwurden die Einladungen der Gremiensitzungen mit Tagesordnung und etwaigen\nVorlagen und Anlagen in Papierform gedruckt, geheftet und an die jeweiligen\nPersonen sowie auch an die eingeladenen Pressevertreter \u00fcberbracht. Ab Juni\ndieses Jahres wird nun das Einladungsschreiben zu den Gremiensitzungen in\ndigitaler Form eingef\u00fchrt. <\/p>\n\n\n\n<p>Seit\nAnfang dieses Jahres haben die Stadtr\u00e4tinnen und Stadtr\u00e4te bereits die\nM\u00f6glichkeit, die Vor- und Nachbereitungen der Gemeinderats- und\nAusschusssitzungen auf digitalem Wege durchzuf\u00fchren. Dieser Zwischenschritt diente\nals \u00dcbergang zur digitalen Gremienarbeit. <\/p>\n\n\n\n<p>Nun\nfindet der Zwischenschritt seinen Abschluss. Ab Juni 2020 werden die Einladungen\nder Gremiensitzungen auf digitalem Wege \u00fcber das Ratsinformationssystem\nversendet. Die Umstellung der papierlosen Zustellung der Sitzungseinladungen\nwird in Zukunft nicht nur innerhalb des Gremiums erfolgen, auch die\nPressevertreter sowie die beteiligten Mitarbeiter der Stadtverwaltung\nHockenheim werden ab sofort \u00fcber das Ratsinformationssystem digital auf die\nUnterlagen zugreifen k\u00f6nnen. <\/p>\n\n\n\n<p>\u201eWir gehen damit einen Schritt weiter in\nRichtung Digitalisierung der Verwaltung. Damit leistet\ndie Stadtverwaltung Hockenheim zudem einen weiteren Beitrag zu umweltbewusstem\nArbeiten.\u201c, sagt dazu Natascha Spahn, Leiterin des Fachbereichs\nOrganisation, IuK und zentraler Service (OIS) der Stadt Hockenheim, \u201edadurch\nwird der Verbrauch von Druck- und Kopierkosten erheblich verringert. Im Schnitt sprechen wir in der Stadtverwaltung \u00fcber\neine j\u00e4hrliche Einsparung von \u00fcber sechzigtausend DIN A4-Bl\u00e4ttern \u2013 das sind\n\u00fcber 120 handels\u00fcbliche Packungen Druckerpapier\u201c, erl\u00e4utert Spahn weiter. <\/p>\n\n\n\n<p>Alle Unterlagen der \u00f6ffentlichen Gemeinderatssitzungen k\u00f6nnen, wie bereits jetzt schon, \u00fcber das B\u00fcrgerinformationsportal Session eingesehen werden. Dieses ist \u00fcber die Internetseite der Stadt unter <a href=\"https:\/\/www.hockenheim.de\/startseite\/rathaus\/gemeinderat.html\" target=\"_blank\" rel=\"noreferrer noopener\">https:\/\/www.hockenheim.de\/gemeinderat<\/a> zu erreichen. Das Programm kann alternativ auch \u00fcber <a href=\"https:\/\/session.hockenheim.de\/bi\/\">https:\/\/session.hockenheim.de\/bi\/<\/a> erreicht werden.<\/p>\n\n\n\n<p><em>Stadtverwaltung Hockenheim<br>30.05.2020<\/em><\/p>\n","protected":false},"excerpt":{"rendered":"<div class=\"mh-excerpt\"><p>Kostenlose Gr\u00fcnschnitt-Entsorgung wird verl\u00e4ngert Die Stadtverwaltung Hockenheim erm\u00f6glicht weiterhin die kostenfreie Abnahme des Gr\u00fcnschnitts f\u00fcr ihre B\u00fcrgerinnen und B\u00fcrger. Dies geschieht in Kooperation mit der Kompostanlage Wagner GmbH und ist bis zum 31. Juli 2020 <a class=\"mh-excerpt-more\" href=\"https:\/\/speyer24news.com\/?p=27503\" title=\"Hockenheim\">[&#8230;]<\/a><\/p>\n<\/div>","protected":false},"author":3,"featured_media":23861,"comment_status":"open","ping_status":"open","sticky":false,"template":"","format":"standard","meta":{"_monsterinsights_skip_tracking":false,"_monsterinsights_sitenote_active":false,"_monsterinsights_sitenote_note":"","_monsterinsights_sitenote_category":0,"footnotes":""},"categories":[489],"tags":[934,7190,1447,7184,3255,7183,7182,108,7185,7187,7189,7181,1286,492,7186,7188],"aioseo_notices":[],"amp_enabled":true,"_links":{"self":[{"href":"https:\/\/speyer24news.com\/index.php?rest_route=\/wp\/v2\/posts\/27503"}],"collection":[{"href":"https:\/\/speyer24news.com\/index.php?rest_route=\/wp\/v2\/posts"}],"about":[{"href":"https:\/\/speyer24news.com\/index.php?rest_route=\/wp\/v2\/types\/post"}],"author":[{"embeddable":true,"href":"https:\/\/speyer24news.com\/index.php?rest_route=\/wp\/v2\/users\/3"}],"replies":[{"embeddable":true,"href":"https:\/\/speyer24news.com\/index.php?rest_route=%2Fwp%2Fv2%2Fcomments&post=27503"}],"version-history":[{"count":2,"href":"https:\/\/speyer24news.com\/index.php?rest_route=\/wp\/v2\/posts\/27503\/revisions"}],"predecessor-version":[{"id":27508,"href":"https:\/\/speyer24news.com\/index.php?rest_route=\/wp\/v2\/posts\/27503\/revisions\/27508"}],"wp:featuredmedia":[{"embeddable":true,"href":"https:\/\/speyer24news.com\/index.php?rest_route=\/wp\/v2\/media\/23861"}],"wp:attachment":[{"href":"https:\/\/speyer24news.com\/index.php?rest_route=%2Fwp%2Fv2%2Fmedia&parent=27503"}],"wp:term":[{"taxonomy":"category","embeddable":true,"href":"https:\/\/speyer24news.com\/index.php?rest_route=%2Fwp%2Fv2%2Fcategories&post=27503"},{"taxonomy":"post_tag","embeddable":true,"href":"https:\/\/speyer24news.com\/index.php?rest_route=%2Fwp%2Fv2%2Ftags&post=27503"}],"curies":[{"name":"wp","href":"https:\/\/api.w.org\/{rel}","templated":true}]}}