{"id":27553,"date":"2020-05-31T16:08:11","date_gmt":"2020-05-31T15:08:11","guid":{"rendered":"https:\/\/speyer24news.com\/?p=27553"},"modified":"2020-05-31T16:08:13","modified_gmt":"2020-05-31T15:08:13","slug":"kirche-67","status":"publish","type":"post","link":"https:\/\/speyer24news.com\/?p=27553","title":{"rendered":"Kirche"},"content":{"rendered":"<style type=\"text\/css\">\r\n\t.ads_top_disp{}\r\n\t.ads_top_corner_disp{ float:left; margin:0px 10px 10px 0px; }\r\n\t.ads_first_p_disp{}\r\n\t.ads_bottom_disp{}\r\n\t<\/style>\n<h2 class=\"wp-block-heading\"><strong>\u201eAuf den\nGeist kommt es an, gerade in der Krise\u201c<\/strong><\/h2>\n\n\n\n<h3 class=\"wp-block-heading\"><strong>Bischof Wiesemann warnt vor Verschw\u00f6rungs- und Bestrafungstheorien in der Corona-Krise<\/strong><\/h3>\n\n\n\n<div class=\"wp-block-image\"><figure class=\"aligncenter\"><img decoding=\"async\" loading=\"lazy\" width=\"800\" height=\"532\" src=\"https:\/\/speyer24news.com\/wp-content\/uploads\/2020\/04\/Bischof-Karl-Heinz-Wiesemann.jpg\" alt=\"\" class=\"wp-image-26300\" srcset=\"https:\/\/speyer24news.com\/wp-content\/uploads\/2020\/04\/Bischof-Karl-Heinz-Wiesemann.jpg 800w, https:\/\/speyer24news.com\/wp-content\/uploads\/2020\/04\/Bischof-Karl-Heinz-Wiesemann-300x200.jpg 300w, https:\/\/speyer24news.com\/wp-content\/uploads\/2020\/04\/Bischof-Karl-Heinz-Wiesemann-768x511.jpg 768w\" sizes=\"(max-width: 800px) 100vw, 800px\" \/><\/figure><\/div>\n\n\n\n<p><strong>Speyer &#8211; <\/strong>Am Pfingstsonntag feierte Bischof Dr. Karl-Heinz Wiesemann ein Pontifikalamt im Speyerer Dom und stellte die Bedeutung des Geistes in den Mittelpunkt seiner Predigt. \u201eEs kommt auf den Geist an, wie eine Krise bestanden wird\u201c, so Wiesemann. Geist sei mehr als k\u00fcnstliche Intelligenz. Er sei \u201eLebenskraft im Innersten\u201c und durchdringe die Tiefen der seelischen Landschaft, individuell und in der Gesellschaft. \u201eAls Menschen sind wir geistige Wesen durch und durch. Das zeigt sich nirgends deutlicher als in der Krise\u201c, unterstrich der Bischof.<\/p>\n\n\n\n<p>Mit jeder Krise gehe ein Schrecken einher. \u201eIn der Krise steckt\ndie Frage nach dem Welt- und Gottesbild, nach dem Grundvertrauen und dem\ninneren Halt des Lebens\u201c, betonte Wiesemann. Im Erschreckens \u00fcber die\nHaltlosigkeit der Welt offenbare sich die Notwendigkeit des Glaubens. Gottes\nGeist zeige sich als lebensspendende Kraft, die den Menschen aus Verzweiflung\nund Tod herauszieht. Er gebe Menschen die Kraft, sich gegen alle Verschw\u00f6rungs-\nund Bestrafungstheorien zu stemmen. Die gegenw\u00e4rtige Krise bezeichnete der\nBischof als Chance, aus falscher Selbstsicherheit aufzuwachen und zu erkennen,\nwas im Leben wirklich wichtig ist. \u201eSie zeigt uns die Bedeutung des\nmenschlichen Miteinanders und der Solidarit\u00e4t &#8211; hier bei uns und weltweit\u201c, so\nder Bischof. Zugleich erm\u00f6gliche sie einen neuen Blick darauf, \u201ewie wir die\nZukunft gestalten wollen\u201c.<\/p>\n\n\n\n<p>Im Gottesdienst, der auch ins Internet \u00fcbertragen wurde, sangen\nMitglieder der Capella Spirensis Teile der Missa Papae Marcelli von Giovanni\nPierluigi da Palestrina (1525-1594) sowie dessen Motette zur Gabenbereitung\n\u201eConfirma hoc Deus\u201c. Der Introitus \u201eSpiritus Domini\u201c und die Sequenz \u201eVeni\nsancte spiritus\u201c erklangen im gregorianischen Choral.<\/p>\n\n\n\n<p>An Pfingsten feiern die Christen das Fest des Heiligen\nGeistes, der auf die Apostel herabkam, als diese in Jerusalem versammelt waren\n(Apostelgeschichte 2). Der Heilige Geist ist nach kirchlicher Lehre in die Welt\ngesandt, um Person, Wort und Werk Jesu Christi in der Geschichte lebendig zu\nerhalten. Das Fest wird 50 Tage nach Ostern begangen &#8211; von daher l\u00e4sst sich auch\ndas Wort &#8222;Pfingsten&#8220; erkl\u00e4ren: Es leitet sich von\n&#8222;pentekoste&#8220; ab, dem griechischen Begriff f\u00fcr &#8222;f\u00fcnfzig&#8220;.<\/p>\n\n\n\n<p><strong>Livestream des Gottesdienstes:<\/strong><a rel=\"noreferrer noopener\" href=\"https:\/\/deref-web-02.de\/mail\/client\/WCYZ9n6Fm2U\/dereferrer\/?redirectUrl=https%3A%2F%2Fwww.youtube.com%2Fwatch%3Fv%3DHtYsDhV_mxM\" target=\"_blank\">https:\/\/www.youtube.com\/watch?v=HtYsDhV_mxM<\/a> oder auch beim Facebookauftritt von Speyer 24\/7 News<\/p>\n\n\n\n<p><em>Bistum Speyer<\/em><br><em>31.05.2020<\/em><\/p>\n\n\n\n<h2 class=\"wp-block-heading\"><strong>Katholiken im Bistum Speyer spenden 134.000 Euro f\u00fcr die Diaspora<\/strong><\/h2>\n\n\n\n<h3 class=\"wp-block-heading\"><strong>Bonifatiuswerk ver\u00f6ffentlicht Jahresbericht 2019 \u2013 Spenden und Kollekten sind stabil geblieben \u2013 das erm\u00f6glicht Solidarit\u00e4t auch in herausfordernden Zeiten<\/strong><\/h3>\n\n\n\n<div class=\"wp-block-image\"><figure class=\"aligncenter\"><img decoding=\"async\" loading=\"lazy\" width=\"800\" height=\"491\" src=\"https:\/\/speyer24news.com\/wp-content\/uploads\/2020\/05\/Bonifatiushaus_Foto_Patrick-Kleibold3.jpg\" alt=\"\" class=\"wp-image-27555\" srcset=\"https:\/\/speyer24news.com\/wp-content\/uploads\/2020\/05\/Bonifatiushaus_Foto_Patrick-Kleibold3.jpg 800w, https:\/\/speyer24news.com\/wp-content\/uploads\/2020\/05\/Bonifatiushaus_Foto_Patrick-Kleibold3-300x184.jpg 300w, https:\/\/speyer24news.com\/wp-content\/uploads\/2020\/05\/Bonifatiushaus_Foto_Patrick-Kleibold3-768x471.jpg 768w\" sizes=\"(max-width: 800px) 100vw, 800px\" \/><\/figure><\/div>\n\n\n\n<p>Mit 14 Millionen Euro hat das Bonifatiuswerk im Gesch\u00e4ftsjahr 2019 Katholiken in der deutschen, nordeurop\u00e4ischen und baltischen Diaspora unterst\u00fctzt. Das im Jahr 1849 gegr\u00fcndete Spendenhilfswerk konnte im 170. Jahr seines Bestehens 1.203 Projekte f\u00f6rdern. Die Spenden und Kollekten seien erfreulicherweise stabil geblieben, aufgrund der Corona-Pandemie zeigten sich jedoch bereits in diesem Jahr erste R\u00fcckg\u00e4nge bei den Einnahmen. Zuk\u00fcnftig m\u00fcsse sogar von einem erheblichen R\u00fcckgang ausgegangen werden. Zentrale Aufgabe des \u201eHilfswerkes f\u00fcr den Glauben\u201c ist die Solidarit\u00e4t mit den Glaubensschwestern und -br\u00fcdern in der Diaspora sowie die Glaubensweitergabe in einer zunehmend s\u00e4kularen und pluralistisch gepr\u00e4gten Gesellschaft. Vorgestellt wurde der Jahresbericht am heutigen Freitag im Bistum Hildesheim.<\/p>\n\n\n\n<p>Die katholischen Christen aus dem Bistum Speyer haben 134.000 Euro in Kollekten und Einzelspenden f\u00fcr die Diasporahilfe gespendet. Bei der traditionellen Kollekte zum Diaspora-Sonntag wurden im Bistum Speyer 41.000 Euro und bundesweit 2,2 Millionen Euro gesammelt. Erstkommunionkinder und Firmbewerber sammelten 47.000 Euro und 9.000 Euro f\u00fcr Kinder und Jugendliche in der Diaspora.<\/p>\n\n\n\n<p>\u201eWir sind dankbar f\u00fcr ein gutes Gesch\u00e4ftsjahr 2019. Somit k\u00f6nnen wir in dieser belastenden Zeit \u2013 mit vielen Um- und Abbr\u00fcchen sowie Unw\u00e4gbarkeiten \u2013 weiterhin unseren Projektpartnern helfend und verl\u00e4sslich zur Seite stehen. Wie alle gesellschaftlichen und kirchlichen Bereiche ist auch das Bonifatiuswerk von der Corona-Krise betroffen. Wir bedauern die Absagen der Erstkommunion- und Firmfeiern sowie anderer Veranstaltungen und Aktionen, die aus verst\u00e4ndlichen Gr\u00fcnden zum Schutz der Menschen getroffen wurden und hoffen, dass diese bald nachgeholt werden k\u00f6nnen. Zugleich bef\u00fcrchten wir einen erheblichen R\u00fcckgang unserer Einnahmen. Doch bei allen Betrachtungen sollten wir zuerst die Menschen mit ihren Sorgen, Hoffnungen und Existenz\u00e4ngsten sehen. Unsere Solidarit\u00e4t ist gerade jetzt gefordert und notwendig. Grundlage unserer Arbeit und Hilfe sind stets die Menschen, die auf der Suche nach Lebensperspektiven, Orientierung und nach Halt in unserer Glaubensgemeinschaft sind\u201c, sagte Generalsekret\u00e4r Monsignore Georg Austen.<\/p>\n\n\n\n<p>In den Diasporagebieten Deutschlands, Nordeuropas und in den baltischen Staaten Estland und Lettland wurden 72 Bauprojekte mit 2,9 Millionen Euro, 1.017 Projekte der Kinder- und Jugendhilfe mit 1,8 Millionen Euro und 74 Projekte der Glaubenshilfe mit 569.000 Euro unterst\u00fctzt. Durch die Verkehrshilfe konnten 40 BONI-Busse mit 745.000 Euro f\u00fcr die Gemeindearbeit gef\u00f6rdert werden. In missionarische Initiativen sowie in die religi\u00f6se Bildungsarbeit flossen 1,9 Millionen Euro, in die Projektbegleitung 430.000 Euro, in die Unterst\u00fctzung der Seelsorge 150.000 Euro und in die zweckgebundene F\u00f6rderung 1,1 Millionen Euro. Aus zweckgebundenen Mitteln des Diaspora-Kommissariats wurden 4,5 Millionen Euro an Projekte in Nordeuropa weitergeleitet.<\/p>\n\n\n\n<p>\u201eDas Bonifatiuswerk ist ein ausgesprochen wichtiger Partner f\u00fcr uns in der Diaspora: immer wieder hilfsbereit, verl\u00e4sslich und gro\u00dfz\u00fcgig\u201c, sagte der Bischof von Hildesheim, Heiner Wilmer, der an der Vorstellung des Jahresberichts in Hildesheim teilnahm. Ohne diese kontinuierliche und unverzichtbare F\u00f6rderung w\u00e4re Glaubensleben in vielen Regionen unseres Bistums nur sehr eingeschr\u00e4nkt m\u00f6glich. Bischof Wilmer dankte dem Bonifatiuswerk daf\u00fcr, \u201edass es uns dabei unterst\u00fctzt, die \u201aFrohe Botschaft\u2018 in die Gesellschaft zu tragen.\u201c<\/p>\n\n\n\n<p>Die F\u00f6rderung der Projekte finanziert das Bonifatiuswerk durch Einnahmen aus Kollekten (4,9 Millionen Euro), Spenden\/Beitr\u00e4gen\/Verm\u00e4chtnissen und Schenkungen (5,8 Millionen Euro) und aus Mitteln des Diaspora-Kommissariats. Die Kollekten sind im Vergleich zum Vorjahr um 63.680 Euro (+ 1,3 Prozent) gestiegen. Die Kollekte zum Diaspora-Sonntag erbrachte 2,2 Millionen Euro. Die Erstkommunionkinder gaben 1,86 Millionen Euro und die Firmbewerber 804.000 Euro f\u00fcr Kinder- und Jugendhilfe-Projekte.<\/p>\n\n\n\n<p>\u201eBedingt durch die Auswirkungen der Corona-Pandemie, gehen wir nat\u00fcrlich mit Sorgen, aber auch mit Hoffnung in die Zukunft, da wir auf die Solidargemeinschaft unser Spender bauen. Negative Schwankungen k\u00f6nnen wir aufgrund einer stabilen Verm\u00f6gens- und Liquidit\u00e4tslage in einem begrenzten Zeitraum abfedern. Daher ist es derzeit notwendig die ganze Stra\u00dfe im Blick zu haben und verantwortungsvoll auf Sicht zu fahren. Damit steht und f\u00e4llt auch die M\u00f6glichkeit der F\u00f6rderung von wertvollen Projekten\u201c, sagte Gesch\u00e4ftsf\u00fchrer Ingo Imenk\u00e4mper. <\/p>\n\n\n\n<p>Valide Prognosen seien jedoch nur sehr schwer zu treffen, f\u00fcgte der Pr\u00e4sident des Bonifatiuswerkes, Heinz Paus hinzu und dankte allen Spenderinnen und Spendern f\u00fcr das geschenkte Vertrauen und die konkrete finanzielle Unterst\u00fctzung der Katholiken in der Diaspora.<\/p>\n\n\n\n<p><strong>Den Jahresbericht 2019 finden Sie auf der Internetseite des Bonifatiuswerkes im Downloadbereich unter:<\/strong> <a rel=\"noreferrer noopener\" href=\"https:\/\/deref-web-02.de\/mail\/client\/GZt2pr3a1qQ\/dereferrer\/?redirectUrl=https%3A%2F%2Fwww.bonifatiuswerk.de%2Fde%2Fdownload%2F\" target=\"_blank\">https:\/\/www.bonifatiuswerk.de\/de\/download\/<\/a><\/p>\n\n\n\n<p><em>Text: Bistum Speyer Foto: Patrick Kleibold<br>31.05.2020<\/em><\/p>\n\n\n\n<h2 class=\"wp-block-heading\"><strong>Digitaler UNESCO-Welterbetag am Dom zu Speyer<\/strong><\/h2>\n\n\n\n<h3 class=\"wp-block-heading\"><strong>Live \u00dcbertragung von F\u00fchrungen zum Thema Weltkulturerbe am 7. Juni 2020<\/strong><\/h3>\n\n\n\n<div class=\"wp-block-image\"><figure class=\"aligncenter\"><img decoding=\"async\" loading=\"lazy\" width=\"500\" height=\"648\" src=\"https:\/\/speyer24news.com\/wp-content\/uploads\/2020\/05\/UNESCO-Welterbetag_WelterbeVerbindet_2020-05-16_21-13-35.jpg\" alt=\"\" class=\"wp-image-27554\" srcset=\"https:\/\/speyer24news.com\/wp-content\/uploads\/2020\/05\/UNESCO-Welterbetag_WelterbeVerbindet_2020-05-16_21-13-35.jpg 500w, https:\/\/speyer24news.com\/wp-content\/uploads\/2020\/05\/UNESCO-Welterbetag_WelterbeVerbindet_2020-05-16_21-13-35-231x300.jpg 231w\" sizes=\"(max-width: 500px) 100vw, 500px\" \/><figcaption>Geh\u00f6rt auch zum digitalen Welterbetag: Eine Foto-Mitmachaktion #Welterbeverbindet <em>\u00a9 Bistum Speyer<\/em><\/figcaption><\/figure><\/div>\n\n\n\n<p><strong>Speyer &#8211; <\/strong>Auch wenn der Tag des UNESCO-Welterbes am 7. Juni in diesem Jahr unter besonderen Vorzeichen steht, wird er dennoch stattfinden \u2013 auf Beschluss der deutschen UNESCO-Kommission allerdings ausschlie\u00dflich in digitaler Form. Der Dom zu Speyer l\u00e4dt dazu ein, in Form von Live F\u00fchrungen, die auf Facebook \u00fcbertragen werden, an diesem Tag die romanische Kathedrale zu erkunden. Da Veranstaltungen mit gr\u00f6\u00dferen Menschenansammlungen w\u00e4hrend der Covid19 Pandemie nicht m\u00f6glich sind, sind zudem Online-F\u00fchrungen buchbar, in denen an Hand einer Pr\u00e4sentation Informationen zur Bedeutung des Doms als Kirche und Denkmal gegeben werden.<\/p>\n\n\n\n<p>Zwei Live-F\u00fchrungen zum Thema UNESCO-Weltkulturerbe werden auf Facebook \u00fcbertragen. Um 11:30 Uhr geht es dabei um die Frage \u201eWarum ist der Speyerer Dom UNESCO-Welterbe?\u201c. Einen weiteren Themenschwerpunkt bildet in 2020 das christlich-j\u00fcdische Erbe in Speyer. In einer Live-F\u00fchrung um 12:30 Uhr werden die Bez\u00fcge zwischen dem Dom als Bischofskirche und den j\u00fcdischen St\u00e4tten in der Stadt Speyer schlaglichtartig beleuchtet. Einen aktuellen Bezug gibt es hier aufgrund des derzeit laufenden Antrags zur Aufnahme der SchUM-St\u00e4dte auf die Liste des UNESCO-Welterbes.<\/p>\n\n\n\n<p>Da vor Ort keine Gruppenf\u00fchrungen m\u00f6glich sind, werden um 13 Uhr und um 15 Uhr Online-F\u00fchrungen \u00fcber ein Videokonferenzsystem angeboten. Hier k\u00f6nnen Interessierte einen umfassenden Einblick zur Geschichte und Bedeutung des Speyerer Doms erhalten. F\u00fcr die Online-F\u00fchrungen muss man sich anmelden, da jeder Teilnehmer vorab einen Link zugesendet bekommt, mit dem er sich dann in das System einklinken kann. Anmeldungen sind bis sp\u00e4testens Freitag, 5. Juni, 14 Uhr an die Mailadresse <a rel=\"noreferrer noopener\" href=\"mailto:domfuehrungen@bistum-speyer.de\" target=\"_blank\">domfuehrungen@bistum-speyer.de<\/a> zu richten. Das Angebot ist kostenfrei, die Pl\u00e4tze sind limitiert und werden nach Anmeldedatum vergeben. Es besteht kein Anspruch auf einen Platz.<\/p>\n\n\n\n<p><a rel=\"noreferrer noopener\" href=\"https:\/\/deref-web-02.de\/mail\/client\/FeM9avOVRZQ\/dereferrer\/?redirectUrl=http%3A%2F%2Fwww.dom-zu-speyer.de\" target=\"_blank\">www.dom-zu-speyer.de<\/a><\/p>\n\n\n\n<p><a href=\"https:\/\/www.facebook.com\/SpeyererDom\/\">https:\/\/www.facebook.com\/SpeyererDom\/<\/a><\/p>\n\n\n\n<p><a href=\"https:\/\/www.instagram.com\/dom_zu_speyer\/\">https:\/\/www.instagram.com\/dom_zu_speyer\/<\/a><\/p>\n\n\n\n<h4 class=\"wp-block-heading\"><strong>Zum Hintergrund: Der Welterbetag in Deutschland zum ersten Mal digital<\/strong><\/h4>\n\n\n\n<p>Seit 2005 wird der UNESCO Welterbetag auf Initiative der Deutschen UNESCO-Kommission und des Vereins UNESCO-Welterbest\u00e4tten Deutschland am ersten Sonntag im Juni begangen. Dieses Jahr findet er aufgrund der Covid-19-Pandemie erstmals digital statt. Informationen und Material zur Erkundung der Welterbest\u00e4tten gibt es unter <a href=\"https:\/\/deref-web-02.de\/mail\/client\/A4LRo4EtBwg\/dereferrer\/?redirectUrl=https%3A%2F%2Fwww.unesco-welterbetag.de%2F\" target=\"_blank\" rel=\"noreferrer noopener\">https:\/\/www.unesco-welterbetag.de\/<\/a><\/p>\n\n\n\n<p>46 der weltweit mehr als 1.000 Welterbest\u00e4tten liegen in Deutschland. Von der Klosterinsel Reichenau im Bodensee, den deutschen Teilgebieten der St\u00e4tte \u201eAlte Buchenw\u00e4lder und Buchenurw\u00e4lder der Karpaten und anderer Regionen Europas\u201c, \u00fcber die Schl\u00f6sser und Parks von Potsdam und Berlin bis hin zum Augsburger Wassermanagement-System \u2013 Deutschlands Welterbest\u00e4tten sind vielf\u00e4ltig. Zusammen machen sie die Geschichte der Menschheit und die Wunder der Natur erlebbar und verbinden Menschen \u00fcber Landesgrenzen hinweg.<\/p>\n\n\n\n<p>Die neue Website <a rel=\"noreferrer noopener\" href=\"https:\/\/deref-web-02.de\/mail\/client\/X52OBW8hOEs\/dereferrer\/?redirectUrl=http%3A%2F%2Fwww.unesco-welterbetag.de\" target=\"_blank\">www.unesco-welterbetag.de<\/a> bietet eine virtuelle Entdeckungstour durch das vielf\u00e4ltige Kultur- und Naturerbe Deutschlands. Virtuelle Spazierg\u00e4nge erm\u00f6glichen das Erkunden von Orten des Menschheitserbes, die aktuell nicht oder nur schwierig zug\u00e4nglich sind. Interviews mit lokalen Welterbeexpertinnen und \u2013experten geben pers\u00f6nliche Einblicke in die t\u00e4glichen Herausforderungen der Erhaltungs- und Vermittlungsarbeit. Kinder k\u00f6nnen sich mithilfe von Malvorlagen, Bastelanleitungen und Erkl\u00e4rvideos kreativ mit dem Welterbe auseinandersetzen.<\/p>\n\n\n\n<p>Die Fotoaktion #WelterbeVerbindet gibt Interessierten die M\u00f6glichkeit, den UNESCO Welterbetag selbst mitzugestalten. Egal ob Gro\u00df oder Klein, jede und jeder ist eingeladen, ein Foto von sich und \u201eihrer\/seiner\u201c Welterbest\u00e4tte zu machen, es auf der Website <a rel=\"noreferrer noopener\" href=\"https:\/\/deref-web-02.de\/mail\/client\/X52OBW8hOEs\/dereferrer\/?redirectUrl=http%3A%2F%2Fwww.unesco-welterbetag.de\" target=\"_blank\">www.unesco-welterbetag.de<\/a> hochzuladen, mit einem Welterbe-Motiv zu versehen und es unter dem Hashtag #WelterbeVerbindet \u00fcber Facebook, Instagram oder Twitter zu teilen. Alle eingereichten Fotos werden ab 7. Juni 2020 in einer digitalen Ausstellung sichtbar. Die Absenderinnen und Absender der originellsten drei Fotos erhalten eine Tasche mit vielen bunten Give-aways aus UNESCO-Welterbest\u00e4tten. Erkunden, erfahren und experimentieren Sie mit unter: <a rel=\"noreferrer noopener\" href=\"https:\/\/deref-web-02.de\/mail\/client\/X52OBW8hOEs\/dereferrer\/?redirectUrl=http%3A%2F%2Fwww.unesco-welterbetag.de\" target=\"_blank\">www.unesco-welterbetag.de<\/a>!<\/p>\n\n\n\n<p>UNESCO-Welterbest\u00e4tten in 167 L\u00e4ndern weltweit machen die Geschichte der Menschheit und des Planeten erlebbar. 46 von ihnen befinden sich in Deutschland. Welterbest\u00e4tten sind Zeugnisse vergangener Kulturen, k\u00fcnstlerische Meisterwerke und einzigartige Naturlandschaften. Der Schutz und Erhalt dieser St\u00e4tten liegt in der Verantwortung der gesamten Weltgemeinschaft. <\/p>\n\n\n\n<p><em>Bistum Speyer<br>31.05.2020<\/em><\/p>\n\n\n\n<h2 class=\"wp-block-heading\">Kurs f\u00fcr Krankenhausseelsorge startet<\/h2>\n\n\n\n<h3 class=\"wp-block-heading\">Im November 2020 beginnt in der Landeskirche ein neuer Kurs f\u00fcr ein anspruchsvolles Ehrenamt im Krankenhaus. Anmeldungen sind bis Juli m\u00f6glich.<\/h3>\n\n\n\n<p><strong>Speyer <em>(lk)<\/em> &#8211; <\/strong>Wer Interesse daran hat, erkrankte Menschen in einem Krankenhaus vor Ort ehrenamtlich zu betreuen, kann sich ab November 2020 in einem Kurs zum Krankenhausseelsorger der Evangelischen Kirche der Pfalz ausbilden lassen.<\/p>\n\n\n\n<p>F\u00fcr Oberkirchenrat und Diakoniedezernent Manfred Sutter ist die Krankenhausseelsorge ein &#8222;anspruchsvolles Ehrenamt&#8220;. Daf\u00fcr seien Menschen geeignet, die gerne zuh\u00f6ren, psychisch belastbar und emotional stabil sind sowie von der heilsamen Kraft des Glaubens erz\u00e4hlen k\u00f6nnen. Die zuk\u00fcnftigen Krankenhausseelsorger besuchen im Auftrag der Landeskirche Patienten auf einer Krankenhausstation in der N\u00e4he ihres Wohnorts.<\/p>\n\n\n\n<p>Der Qualifizierungskurs beginnt mit einem Einf\u00fchrungswochenende Anfang November im Herz-Jesu-Kloster in Neustadt an der Weinstra\u00dfe. Danach folgen von Januar bis Juni 2021 Seminare jeweils an einem Freitag im Monat von 15 bis 21 Uhr in der Alten Eintracht in Kaiserslautern. Das letzte Kurstreffen findet an einem Wochenende Ende Juni 2021 im Butenschoen-Haus in Landau statt. Dort wird die Qualifizierung mit einem Entsendungsgottesdienst abgeschlossen. Die Kursleitung \u00fcbernehmen Pfarrerin Sabine Hof\u00e4cker, Pfarrerin Jutta Rech, Pfarrer Martin Risch und Pfarrer Benno Scheidt. Der Kurs h\u00e4lt sich an pastoralpsychologische Standards und beachtet in allen Bereichen die jeweils geltenden Hygiene- und Schutzvorschriften. Der Kurs ist kostenlos.<\/p>\n\n\n\n<p>Die Absolventen werden nach Abschluss des Kurses mindestens ein Jahr lang mit ihren Erfahrungen bei Besuchen durch Gruppensupervision weiter begleitet. Dabei verpflichten sich die Teilnehmer, bis Ende 2022 etwa zwei bis drei Stunden w\u00f6chentlich Besuche bei Kranken zu machen.<\/p>\n\n\n\n<p>Interessenten k\u00f6nnen sich bis zum 17. Juli an das Dezernat 3 der Landeskirche wenden. Ende August werden sie zu einem Kennenlern- und Eignungsgespr\u00e4ch in den Landeskirchenrat nach Speyer eingeladen.<\/p>\n\n\n\n<p>Informationen und Anmeldung bis 17. Juli an das Dezernat 3 der Landeskirche: Rosa Wagner, Telefon: 06232 667-237, E-Mail: <a href=\"rosa.wagner@evkirchepfalz.de\">rosa.wagner@evkirchepfalz.de<\/a>.<\/p>\n\n\n\n<p><em>31.05.2020<\/em><\/p>\n\n\n\n<h2 class=\"wp-block-heading\">&#8222;Ausloten, wo wir noch intensiver kooperieren k\u00f6nnen&#8220;<\/h2>\n\n\n\n<h3 class=\"wp-block-heading\">Kirchen betonen bei \u00f6kumenischer Pfingstvesper im Dom ihre Entschlossenheit zu noch mehr \u00f6kumenischer Gemeinsamkeit<\/h3>\n\n\n\n<p><strong>Speyer <em>(is\/lk)<\/em> &#8211; <\/strong>&#8222;Wir sind \u00fcberzeugt, dass wir auf die Herausforderungen unserer Zeit nur gemeinsam Antworten geben und L\u00f6sungen finden k\u00f6nnen&#8220;: Diese Haltung haben Kirchenpr\u00e4sident Christian Schad und Bischof Karl-Heinz Wiesemann bei der \u00f6kumenischen Pfingstvesper am Pfingstsonntag im Dom zu Speyer bekr\u00e4ftigt.<\/p>\n\n\n\n<p>Gottes Reich sei kein &#8222;Land der Nostalgie und auch keine reine Utopie&#8220;, sondern setze immer in der Gegenwart an. &#8222;Hier und heute will Gott uns begegnen, hier und heute will sein Reich wachsen&#8220;, so Bischof und Kirchenpr\u00e4sident. 20 Jahre nach dem &#8222;ChristFest 2000&#8220; und f\u00fcnf Jahre nach dem \u00f6kumenischen Kirchentag &#8222;Aufstehen zum Leben&#8220; mit Unterzeichnung des &#8222;Leitfadens f\u00fcr das \u00f6kumenische Miteinander&#8220; w\u00fcrdigten sie dankbar, &#8222;was Gott unter uns hat wachsen lassen&#8220; in geistlichen Initiativen, im gesellschaftspolitischen Engagement der Kirchen, dem gemeinsamen karitativen Dienst wie auch hinsichtlich der Verst\u00e4ndigung im theologischen Diskurs.<\/p>\n\n\n\n<p>&#8222;Der \u00f6kumenische Weg ist f\u00fcr uns unumkehrbar. Wir d\u00fcrfen und wir wollen keinesfalls auf halber Strecke stehenbleiben&#8220;, betonten Wiesemann und Schad ihre Entschlossenheit, weiter zusammen zu wachsen. Das gelte auf allen Ebenen der Kirchen bis hin zu den Verwaltungen von Landeskirchenrat und Bisch\u00f6flichem Ordinariat: &#8222;Wir werden gemeinsam ausloten, wie und wo wir konkret noch mehr und noch intensiver miteinander kooperieren k\u00f6nnen &#8211; und das nicht oder nicht nur, weil uns die zur\u00fcckgehenden personellen und finanziellen Ressourcen keine andere Wahl lassen.&#8220; Entscheidend sei vielmehr die \u00dcberzeugung, dass &#8222;unser Zeugnis wirksamer und glaubw\u00fcrdiger ist, wenn wir gemeinsam reden und handeln, wo immer es theologisch m\u00f6glich und strukturell sinnvoll ist.&#8220;<br> Die Vesper wurde von Pastor Jochen Wagner, dem Vorsitzenden der Arbeitsgemeinschaft Christlicher Kirchen in der Region S\u00fcdwest (ACK), sowie von Anja Bein von der Ged\u00e4chtniskirchengemeinde in Speyer liturgisch mitgestaltet. Die musikalische Gestaltung lag in den H\u00e4nden von Clara Steuerwald (Sopran), Nora Steuerwald (Alt), Daniel Schreiber (Tenor), Magnus Piontek (Bass), Landeskirchenmusikdirektor Jochen Steuerwald (Leitung) und Domorganist Markus Eichenlaub (Orgel). Die \u00f6kumenische Pfingstvesper wurde per Livestream ins Internet \u00fcbertragen.<br> Die Gemeinden im Gebiet von Landeskirche und Bistum sind eingeladen, in ihren konfessionellen oder \u00f6kumenischen Gottesdiensten am Pfingstmontag dieselben F\u00fcrbitten wie bei der \u00f6kumenischen Vesper im Dom zu verwenden, um sich auf diese Weise zum gemeinsamen Gebet um das Kommen des Heiligen Geistes zu verbinden.<\/p>\n\n\n\n<p><em>31.05.2020<\/em><\/p>\n","protected":false},"excerpt":{"rendered":"<div class=\"mh-excerpt\"><p>\u201eAuf den Geist kommt es an, gerade in der Krise\u201c Bischof Wiesemann warnt vor Verschw\u00f6rungs- und Bestrafungstheorien in der Corona-Krise Speyer &#8211; Am Pfingstsonntag feierte Bischof Dr. Karl-Heinz Wiesemann ein Pontifikalamt im Speyerer Dom und <a class=\"mh-excerpt-more\" href=\"https:\/\/speyer24news.com\/?p=27553\" title=\"Kirche\">[&#8230;]<\/a><\/p>\n<\/div>","protected":false},"author":3,"featured_media":0,"comment_status":"open","ping_status":"open","sticky":false,"template":"","format":"standard","meta":{"_monsterinsights_skip_tracking":false,"_monsterinsights_sitenote_active":false,"_monsterinsights_sitenote_note":"","_monsterinsights_sitenote_category":0,"footnotes":""},"categories":[120],"tags":[7226,174,1735,7227,6370,1734,2360,121,3440,7230,7228,6917,7225,3362,7229],"aioseo_notices":[],"amp_enabled":true,"_links":{"self":[{"href":"https:\/\/speyer24news.com\/index.php?rest_route=\/wp\/v2\/posts\/27553"}],"collection":[{"href":"https:\/\/speyer24news.com\/index.php?rest_route=\/wp\/v2\/posts"}],"about":[{"href":"https:\/\/speyer24news.com\/index.php?rest_route=\/wp\/v2\/types\/post"}],"author":[{"embeddable":true,"href":"https:\/\/speyer24news.com\/index.php?rest_route=\/wp\/v2\/users\/3"}],"replies":[{"embeddable":true,"href":"https:\/\/speyer24news.com\/index.php?rest_route=%2Fwp%2Fv2%2Fcomments&post=27553"}],"version-history":[{"count":1,"href":"https:\/\/speyer24news.com\/index.php?rest_route=\/wp\/v2\/posts\/27553\/revisions"}],"predecessor-version":[{"id":27556,"href":"https:\/\/speyer24news.com\/index.php?rest_route=\/wp\/v2\/posts\/27553\/revisions\/27556"}],"wp:attachment":[{"href":"https:\/\/speyer24news.com\/index.php?rest_route=%2Fwp%2Fv2%2Fmedia&parent=27553"}],"wp:term":[{"taxonomy":"category","embeddable":true,"href":"https:\/\/speyer24news.com\/index.php?rest_route=%2Fwp%2Fv2%2Fcategories&post=27553"},{"taxonomy":"post_tag","embeddable":true,"href":"https:\/\/speyer24news.com\/index.php?rest_route=%2Fwp%2Fv2%2Ftags&post=27553"}],"curies":[{"name":"wp","href":"https:\/\/api.w.org\/{rel}","templated":true}]}}