{"id":27597,"date":"2020-06-02T07:01:23","date_gmt":"2020-06-02T06:01:23","guid":{"rendered":"https:\/\/speyer24news.com\/?p=27597"},"modified":"2020-06-02T07:04:11","modified_gmt":"2020-06-02T06:04:11","slug":"rhein-pfalz-kreis-43","status":"publish","type":"post","link":"https:\/\/speyer24news.com\/?p=27597","title":{"rendered":"Rhein-Pfalz-Kreis"},"content":{"rendered":"<style type=\"text\/css\">\r\n\t.ads_top_disp{}\r\n\t.ads_top_corner_disp{ float:left; margin:0px 10px 10px 0px; }\r\n\t.ads_first_p_disp{}\r\n\t.ads_bottom_disp{}\r\n\t<\/style>\n<h2 class=\"wp-block-heading\"><strong>Badeseen im Rhein-Pfalz-Kreis unter Beachtung der allgemeinen Abstand- und Hygieneregelungen ge\u00f6ffnet<\/strong><\/h2>\n\n\n\n<div class=\"wp-block-image\"><figure class=\"aligncenter\"><img decoding=\"async\" loading=\"lazy\" width=\"800\" height=\"600\" src=\"https:\/\/speyer24news.com\/wp-content\/uploads\/2020\/06\/101448830_3281594678559728_7442035742408179712_o.jpg\" alt=\"\" class=\"wp-image-27599\" srcset=\"https:\/\/speyer24news.com\/wp-content\/uploads\/2020\/06\/101448830_3281594678559728_7442035742408179712_o.jpg 800w, https:\/\/speyer24news.com\/wp-content\/uploads\/2020\/06\/101448830_3281594678559728_7442035742408179712_o-300x225.jpg 300w, https:\/\/speyer24news.com\/wp-content\/uploads\/2020\/06\/101448830_3281594678559728_7442035742408179712_o-768x576.jpg 768w, https:\/\/speyer24news.com\/wp-content\/uploads\/2020\/06\/101448830_3281594678559728_7442035742408179712_o-678x509.jpg 678w, https:\/\/speyer24news.com\/wp-content\/uploads\/2020\/06\/101448830_3281594678559728_7442035742408179712_o-326x245.jpg 326w, https:\/\/speyer24news.com\/wp-content\/uploads\/2020\/06\/101448830_3281594678559728_7442035742408179712_o-80x60.jpg 80w\" sizes=\"(max-width: 800px) 100vw, 800px\" \/><\/figure><\/div>\n\n\n\n<p>Nachdem\ndie \u00d6ffnung der Freib\u00e4der im Rhein-Pfalz-Kreis sukzessive in Aussicht gestellt wird,\nstellt sich durch die ansteigenden Temperaturen die Frage, wie mit den Badeseen\nverfahren wird. In der 8. Corona-Bek\u00e4mpfungsverordnung des Landes wurde \u00fcber\ndie \u00d6ffnung der Freib\u00e4der, verbunden mit einem strengen Hygienekonzept,\nbeschieden. Eine Regelung f\u00fcr die Badeseen ist darin nicht enthalten.<\/p>\n\n\n\n<p>Da die\nBadeseen nicht mehr ausdr\u00fccklich zu schlie\u00dfen sind, sieht die Kreisverwaltung\nRhein-Pfalz-Kreis keine Gr\u00fcnde mehr, eine \u00d6ffnung weiter zu verweigern. Bei den Badeseen im Rhein-Pfalz-Kreis handelt es\nsich um frei angelegte \u00f6ffentlichen Badestellen bzw. \u00fcberwiegend frei\nzug\u00e4ngliche Gew\u00e4sser. <\/p>\n\n\n\n<p>Demnach geh\u00f6ren die Badeseen mit den Uferbereichen zum\n\u00f6ffentlichen Raum und der Aufenthalt ist unter Beachtung der allgemeinen\nAbstands- und Hygieneregelungen und der geltenden Kontaktbeschr\u00e4nkungen &#8211; sowohl\nam als auch im Wasser &#8211; zul\u00e4ssig. Entsprechende Tafeln oder Hinweise auf die\nEinhaltung dieser Regelungen werden im Bereich der Badeseen angebracht. <\/p>\n\n\n\n<p>Die Kreisverwaltung weist ausdr\u00fccklich darauf hin, dass die Gefahr einer Infektion mit dem Coronavirus aufgrund der hohen Anzahl von Personen, die sich im Wasser oder auf der Liegewiese befinden, sehr hoch ist. Die bisher erreichten positiven Ergebnisse bei der Eind\u00e4mmung der Infektion d\u00fcrfen nicht aufs Spiel gesetzt werden.<\/p>\n\n\n\n<p><em>Kreisverwaltung Rhein-Pfalz-Kreis<br>02.06.2020<\/em><\/p>\n\n\n\n<div class=\"wp-block-image\"><figure class=\"aligncenter\"><img decoding=\"async\" src=\"https:\/\/speyer24news.com\/wp-content\/uploads\/2020\/05\/Achtung-Wichtig.png\" alt=\"\" class=\"wp-image-26847\"\/><\/figure><\/div>\n\n\n\n<h3 class=\"wp-block-heading\">Anmerkung der Redaktion: <\/h3>\n\n\n\n<p>Dies gilt nicht f\u00fcr die Kreisfreie Stadt Speyer. Wir fragten diesbez\u00fcglich bei der Stadt Speyer an und erhielten folgende Antwort:<\/p>\n\n\n\n<p>Sehr geehrter Herr Kemmerich,<\/p>\n\n\n\n<p>das Baden in den Seen auf Speyerer Gemarkung ist zum jetzigen Zeitpunkt noch nicht erlaubt. Die Landesregierung hat auf Anfrage mitgeteilt,  dass Badeseen in der Handhabung mit Freib\u00e4dern gleichzusetzen sind. Das f\u00fcr Freib\u00e4der ver\u00f6ffentlichte Hygienekonzept soll demnach auch f\u00fcr Badeseen gelten. Die dort festgeschriebenen Auflagen k\u00f6nnen wir zum jetzigen Zeitpunkt nicht erf\u00fcllen. Es wird daher  zeitnah eine Abstimmung mit dem Rhein-Pfalz-Kreis und weiteren umliegenden Gemeinden\/St\u00e4dten geben, um ein gemeinsames Konzept zur \u00d6ffnung der Badeseen zu erarbeiten. Sobald es Ergebnisse bzw. einen \u00d6ffnungstermin gibt, werden wir diesen selbstverst\u00e4ndlich  kommunizieren. Bis dahin gilt der Status Quo, nach welchem nicht in den Seen gebadet werden darf. <\/p>\n\n\n\n<p><em>Stadtverwaltung Speyer<br>29.05.2020<\/em><\/p>\n\n\n\n<h2 class=\"wp-block-heading\">Coronavirus \u2013 Fallzahlen aus dem Rhein-Pfalz-Kreis und den St\u00e4dten Ludwigshafen, Frankenthal und Speyer<\/h2>\n\n\n\n<div class=\"wp-block-image\"><figure class=\"aligncenter\"><img decoding=\"async\" loading=\"lazy\" width=\"800\" height=\"400\" src=\"https:\/\/speyer24news.com\/wp-content\/uploads\/2020\/02\/virus-1812092_1920.jpg\" alt=\"\" class=\"wp-image-25128\" srcset=\"https:\/\/speyer24news.com\/wp-content\/uploads\/2020\/02\/virus-1812092_1920.jpg 800w, https:\/\/speyer24news.com\/wp-content\/uploads\/2020\/02\/virus-1812092_1920-300x150.jpg 300w, https:\/\/speyer24news.com\/wp-content\/uploads\/2020\/02\/virus-1812092_1920-768x384.jpg 768w\" sizes=\"(max-width: 800px) 100vw, 800px\" \/><\/figure><\/div>\n\n\n\n<p>Das Gesundheitsamt des Rhein-Pfalz-Kreises,\nin dessen Zust\u00e4ndigkeitsbereich neben dem Rhein-Pfalz-Kreis auch die St\u00e4dte Ludwigshafen,\nFrankenthal und Speyer fallen, teilt mit, dass nach aktuellem Stand (29. Mai\n2020, 12 Uhr) erstmalig seit Aufzeichnung der Fallzahlen des Coronavirus keine\nNeuinfektionen zu vermelden sind. <\/p>\n\n\n\n<p>Die Anzahl der best\u00e4tigten SARSCoV-2 F\u00e4lle\nbetr\u00e4gt insgesamt 680, davon 236 F\u00e4lle aus\ndem Rhein-Pfalz-Kreis, 314 aus der Stadt\nLudwigshafen, 86 aus Speyer und 44 aus Frankenthal. <\/p>\n\n\n\n<p>Von den 680 best\u00e4tigten infizierten Personen sind bereits 622 Personen genesen: 212 Personen aus dem Rhein-Pfalz-Kreis, 288 aus der Stadt Ludwigshafen, 82 aus Speyer und 40 aus Frankenthal.<\/p>\n\n\n\n<div class=\"wp-block-image\"><figure class=\"aligncenter\"><img decoding=\"async\" loading=\"lazy\" width=\"957\" height=\"960\" src=\"https:\/\/speyer24news.com\/wp-content\/uploads\/2020\/06\/101206365_3271982142854315_6812831765212692480_o.jpg\" alt=\"\" class=\"wp-image-27598\" srcset=\"https:\/\/speyer24news.com\/wp-content\/uploads\/2020\/06\/101206365_3271982142854315_6812831765212692480_o.jpg 957w, https:\/\/speyer24news.com\/wp-content\/uploads\/2020\/06\/101206365_3271982142854315_6812831765212692480_o-150x150.jpg 150w, https:\/\/speyer24news.com\/wp-content\/uploads\/2020\/06\/101206365_3271982142854315_6812831765212692480_o-300x300.jpg 300w, https:\/\/speyer24news.com\/wp-content\/uploads\/2020\/06\/101206365_3271982142854315_6812831765212692480_o-768x770.jpg 768w\" sizes=\"(max-width: 957px) 100vw, 957px\" \/><\/figure><\/div>\n\n\n\n<p>Eine Person gilt als gesundet und wird aus\nder 14-t\u00e4tigen h\u00e4uslichen Quarant\u00e4ne entlassen, wenn sie 48 Stunden symptomfrei\nwar (das entspricht den Tagen 13 und 14 der h\u00e4uslichen Quarant\u00e4ne). Die\nQuarant\u00e4ne verl\u00e4ngert sich um weitere 48 Stunden, wenn bei einer positiv\ngetesteten Person nach 14 Tagen keine Symptomfreiheit gegeben ist. Ein erneuter\nTest findet dann nicht mehr statt. Diese Verfahrensweise zur Entlassung von\nPersonen aus der h\u00e4uslichen Quarant\u00e4ne entspricht der vorgegebenen\nVorgehensweise des Robert-Koch-Instituts. Die Kreisverwaltung Rhein-Pfalz-Kreis\nweist ausdr\u00fccklich darauf hin, dass die Zahl der Gesundeten lediglich auf einer\nHochsch\u00e4tzung beruht und keine genaue Angabe darstellen kann.<\/p>\n\n\n\n<p>Leider sind im Zust\u00e4ndigkeitsbereich bisher zehn\nPersonen verstorben: vier aus dem Rhein-Pfalz-Kreis, zwei aus der Stadt\nFrankenthal, zwei aus Ludwigshafen und zwei Personen aus Speyer. <\/p>\n\n\n\n<p>Weitere Informationen zum Thema Coronavirus\nunter <a href=\"http:\/\/www.rhein-pfalz-kreis.de\">www.rhein-pfalz-kreis.de<\/a>. Das B\u00fcrgertelefon f\u00fcr Fragen zum Thema ist montags bis\ndonnerstags von 9 bis 12 Uhr und 13 bis 16 Uhr sowie freitags von 9 bis 12 Uhr\nunter der Telefonnummer 0621\/5909-5800 erreichbar.<\/p>\n\n\n\n<p><em>Kreisverwaltung Rhein-Pfalz-Kreis<\/em><br><em>02.06.2020<\/em><\/p>\n","protected":false},"excerpt":{"rendered":"<div class=\"mh-excerpt\"><p>Badeseen im Rhein-Pfalz-Kreis unter Beachtung der allgemeinen Abstand- und Hygieneregelungen ge\u00f6ffnet Nachdem die \u00d6ffnung der Freib\u00e4der im Rhein-Pfalz-Kreis sukzessive in Aussicht gestellt wird, stellt sich durch die ansteigenden Temperaturen die Frage, wie mit den Badeseen <a class=\"mh-excerpt-more\" href=\"https:\/\/speyer24news.com\/?p=27597\" title=\"Rhein-Pfalz-Kreis\">[&#8230;]<\/a><\/p>\n<\/div>","protected":false},"author":3,"featured_media":0,"comment_status":"open","ping_status":"open","sticky":false,"template":"","format":"standard","meta":{"_monsterinsights_skip_tracking":false,"_monsterinsights_sitenote_active":false,"_monsterinsights_sitenote_note":"","_monsterinsights_sitenote_category":0,"footnotes":""},"categories":[1564],"tags":[7243,7244,7242,7241,5904,6634,7245,427,1565],"aioseo_notices":[],"amp_enabled":true,"_links":{"self":[{"href":"https:\/\/speyer24news.com\/index.php?rest_route=\/wp\/v2\/posts\/27597"}],"collection":[{"href":"https:\/\/speyer24news.com\/index.php?rest_route=\/wp\/v2\/posts"}],"about":[{"href":"https:\/\/speyer24news.com\/index.php?rest_route=\/wp\/v2\/types\/post"}],"author":[{"embeddable":true,"href":"https:\/\/speyer24news.com\/index.php?rest_route=\/wp\/v2\/users\/3"}],"replies":[{"embeddable":true,"href":"https:\/\/speyer24news.com\/index.php?rest_route=%2Fwp%2Fv2%2Fcomments&post=27597"}],"version-history":[{"count":1,"href":"https:\/\/speyer24news.com\/index.php?rest_route=\/wp\/v2\/posts\/27597\/revisions"}],"predecessor-version":[{"id":27600,"href":"https:\/\/speyer24news.com\/index.php?rest_route=\/wp\/v2\/posts\/27597\/revisions\/27600"}],"wp:attachment":[{"href":"https:\/\/speyer24news.com\/index.php?rest_route=%2Fwp%2Fv2%2Fmedia&parent=27597"}],"wp:term":[{"taxonomy":"category","embeddable":true,"href":"https:\/\/speyer24news.com\/index.php?rest_route=%2Fwp%2Fv2%2Fcategories&post=27597"},{"taxonomy":"post_tag","embeddable":true,"href":"https:\/\/speyer24news.com\/index.php?rest_route=%2Fwp%2Fv2%2Ftags&post=27597"}],"curies":[{"name":"wp","href":"https:\/\/api.w.org\/{rel}","templated":true}]}}