{"id":27602,"date":"2020-06-02T11:49:09","date_gmt":"2020-06-02T10:49:09","guid":{"rendered":"https:\/\/speyer24news.com\/?p=27602"},"modified":"2020-06-02T11:49:10","modified_gmt":"2020-06-02T10:49:10","slug":"technik-museum-speyer-autokino-speyer","status":"publish","type":"post","link":"https:\/\/speyer24news.com\/?p=27602","title":{"rendered":"Technik Museum Speyer \/ Autokino Speyer"},"content":{"rendered":"<style type=\"text\/css\">\r\n\t.ads_top_disp{}\r\n\t.ads_top_corner_disp{ float:left; margin:0px 10px 10px 0px; }\r\n\t.ads_first_p_disp{}\r\n\t.ads_bottom_disp{}\r\n\t<\/style>\n<h2 class=\"wp-block-heading\">Sven Hieronymus \u2013 Comedy ohne Corona<\/h2>\n\n\n\n<h3 class=\"wp-block-heading\">Der \u201eRocker vom Hocker\u201c im Autokino Speyer<\/h3>\n\n\n\n<div class=\"wp-block-image\"><figure class=\"aligncenter\"><img decoding=\"async\" loading=\"lazy\" width=\"800\" height=\"556\" src=\"https:\/\/speyer24news.com\/wp-content\/uploads\/2020\/06\/Pressebild_Hieronymus_Foto_VolkerBesier_OlyWahner.jpg\" alt=\"\" class=\"wp-image-27604\" srcset=\"https:\/\/speyer24news.com\/wp-content\/uploads\/2020\/06\/Pressebild_Hieronymus_Foto_VolkerBesier_OlyWahner.jpg 800w, https:\/\/speyer24news.com\/wp-content\/uploads\/2020\/06\/Pressebild_Hieronymus_Foto_VolkerBesier_OlyWahner-300x209.jpg 300w, https:\/\/speyer24news.com\/wp-content\/uploads\/2020\/06\/Pressebild_Hieronymus_Foto_VolkerBesier_OlyWahner-768x534.jpg 768w\" sizes=\"(max-width: 800px) 100vw, 800px\" \/><figcaption>Sven Hieronymus will auch mal das Autokino &#8222;rocken&#8220; <em>Foto: \u00a9 Volker Besier \/ Oly Wahner<\/em><\/figcaption><\/figure><\/div>\n\n\n\n<p>Er kommt aus Mainz, ist Morning-Show-Comedian und Moderator bei Radio RPR1 und er k\u00f6nnte jeden Tag weinen. Gemeint ist der \u201eRocker vom Hocker\u201c. Sven Hieronymus ist Comedian, auch wenn er selber gar nicht wei\u00df, was das eigentlich ist. \u201eIch erz\u00e4hle doch nur Sachen, die auch wirklich so sind\u201c\u2026 das glaubt ihm aber keiner, denn was er uns erz\u00e4hlt, das gibt es eigentlich gar nicht wirklich. Wenn er seine \u201eLebenserfahrungen\u201c preisgibt oder Menschen parodiert, die niemand freiwillig kennen lernen m\u00f6chte, ist der Weg zum Wahnsinn nicht mehr weit. Seit vielen Jahren tourt der \u201eRocker\u201c mit eigenen Solo Comedy-Shows durch die Republik und will jetzt ein neues Kapitel seiner Karriere aufschlagen: Autokino mit dem Rocker vom Hocker!<\/p>\n\n\n\n<div class=\"wp-block-image\"><figure class=\"aligncenter\"><img decoding=\"async\" loading=\"lazy\" width=\"800\" height=\"600\" src=\"https:\/\/speyer24news.com\/wp-content\/uploads\/2020\/06\/IMG_20200531_190512.jpg\" alt=\"\" class=\"wp-image-27605\" srcset=\"https:\/\/speyer24news.com\/wp-content\/uploads\/2020\/06\/IMG_20200531_190512.jpg 800w, https:\/\/speyer24news.com\/wp-content\/uploads\/2020\/06\/IMG_20200531_190512-300x225.jpg 300w, https:\/\/speyer24news.com\/wp-content\/uploads\/2020\/06\/IMG_20200531_190512-768x576.jpg 768w, https:\/\/speyer24news.com\/wp-content\/uploads\/2020\/06\/IMG_20200531_190512-678x509.jpg 678w, https:\/\/speyer24news.com\/wp-content\/uploads\/2020\/06\/IMG_20200531_190512-326x245.jpg 326w, https:\/\/speyer24news.com\/wp-content\/uploads\/2020\/06\/IMG_20200531_190512-80x60.jpg 80w\" sizes=\"(max-width: 800px) 100vw, 800px\" \/><\/figure><\/div>\n\n\n\n<p>Am 13. Juni gibt es im Autokino Speyer ab 19.30 Uhr das Beste aus 15 Jahren, im neuen Autokino-Comedy-Programm. Fr\u00fcher \u2013 also VOR Corona \u2013 war wirklich alles besser: Ob Bluestanzen, Musik aufnehmen oder Gitarristen am Lagerfeuer, \u00fcber die man sich fr\u00fcher so aufgeregt hat, das alles klingt heute wie Geschichten aus einer anderen Welt. \u201eLehnt euch entspannt zur\u00fcck, bringt einen kleinen Picknickkorb mit und lacht, hupt und rockt. Am Ende hei\u00dft es aber doch wieder: Weine k\u00f6nnt ich\u2026 weine!\u201c, so Sven Hieronymus. Tickets f\u00fcr die 70min\u00fctige Show gibt es zu 37,00 \u20ac inkl. VVK ab sofort unter <a href=\"http:\/\/www.autokino-speyer.de\">www.autokino-speyer.de<\/a>. <\/p>\n\n\n\n<div class=\"wp-block-image\"><figure class=\"aligncenter\"><img decoding=\"async\" loading=\"lazy\" width=\"800\" height=\"600\" src=\"https:\/\/speyer24news.com\/wp-content\/uploads\/2020\/06\/IMG_20200531_200421.jpg\" alt=\"\" class=\"wp-image-27606\" srcset=\"https:\/\/speyer24news.com\/wp-content\/uploads\/2020\/06\/IMG_20200531_200421.jpg 800w, https:\/\/speyer24news.com\/wp-content\/uploads\/2020\/06\/IMG_20200531_200421-300x225.jpg 300w, https:\/\/speyer24news.com\/wp-content\/uploads\/2020\/06\/IMG_20200531_200421-768x576.jpg 768w, https:\/\/speyer24news.com\/wp-content\/uploads\/2020\/06\/IMG_20200531_200421-678x509.jpg 678w, https:\/\/speyer24news.com\/wp-content\/uploads\/2020\/06\/IMG_20200531_200421-326x245.jpg 326w, https:\/\/speyer24news.com\/wp-content\/uploads\/2020\/06\/IMG_20200531_200421-80x60.jpg 80w\" sizes=\"(max-width: 800px) 100vw, 800px\" \/><\/figure><\/div>\n\n\n\n<p><em>Text: Technik Museum Speyer Foto: (1) Volker Besier &amp; Oly Wahner; (2&amp;3) Speyer 24\/7 News, dak<br>02.06.2020<\/em><\/p>\n","protected":false},"excerpt":{"rendered":"<div class=\"mh-excerpt\"><p>Sven Hieronymus \u2013 Comedy ohne Corona Der \u201eRocker vom Hocker\u201c im Autokino Speyer Er kommt aus Mainz, ist Morning-Show-Comedian und Moderator bei Radio RPR1 und er k\u00f6nnte jeden Tag weinen. Gemeint ist der \u201eRocker vom <a class=\"mh-excerpt-more\" href=\"https:\/\/speyer24news.com\/?p=27602\" title=\"Technik Museum Speyer \/ Autokino Speyer\">[&#8230;]<\/a><\/p>\n<\/div>","protected":false},"author":3,"featured_media":27603,"comment_status":"open","ping_status":"open","sticky":false,"template":"","format":"standard","meta":{"_monsterinsights_skip_tracking":false,"_monsterinsights_sitenote_active":false,"_monsterinsights_sitenote_note":"","_monsterinsights_sitenote_category":0,"footnotes":""},"categories":[14],"tags":[6573,6574,7249,7247,6,7246,7248,133],"aioseo_notices":[],"amp_enabled":true,"_links":{"self":[{"href":"https:\/\/speyer24news.com\/index.php?rest_route=\/wp\/v2\/posts\/27602"}],"collection":[{"href":"https:\/\/speyer24news.com\/index.php?rest_route=\/wp\/v2\/posts"}],"about":[{"href":"https:\/\/speyer24news.com\/index.php?rest_route=\/wp\/v2\/types\/post"}],"author":[{"embeddable":true,"href":"https:\/\/speyer24news.com\/index.php?rest_route=\/wp\/v2\/users\/3"}],"replies":[{"embeddable":true,"href":"https:\/\/speyer24news.com\/index.php?rest_route=%2Fwp%2Fv2%2Fcomments&post=27602"}],"version-history":[{"count":1,"href":"https:\/\/speyer24news.com\/index.php?rest_route=\/wp\/v2\/posts\/27602\/revisions"}],"predecessor-version":[{"id":27607,"href":"https:\/\/speyer24news.com\/index.php?rest_route=\/wp\/v2\/posts\/27602\/revisions\/27607"}],"wp:featuredmedia":[{"embeddable":true,"href":"https:\/\/speyer24news.com\/index.php?rest_route=\/wp\/v2\/media\/27603"}],"wp:attachment":[{"href":"https:\/\/speyer24news.com\/index.php?rest_route=%2Fwp%2Fv2%2Fmedia&parent=27602"}],"wp:term":[{"taxonomy":"category","embeddable":true,"href":"https:\/\/speyer24news.com\/index.php?rest_route=%2Fwp%2Fv2%2Fcategories&post=27602"},{"taxonomy":"post_tag","embeddable":true,"href":"https:\/\/speyer24news.com\/index.php?rest_route=%2Fwp%2Fv2%2Ftags&post=27602"}],"curies":[{"name":"wp","href":"https:\/\/api.w.org\/{rel}","templated":true}]}}