{"id":27640,"date":"2020-06-03T14:13:53","date_gmt":"2020-06-03T13:13:53","guid":{"rendered":"https:\/\/speyer24news.com\/?p=27640"},"modified":"2020-06-03T15:14:34","modified_gmt":"2020-06-03T14:14:34","slug":"polizei-264","status":"publish","type":"post","link":"https:\/\/speyer24news.com\/?p=27640","title":{"rendered":"Polizei"},"content":{"rendered":"<style type=\"text\/css\">\r\n\t.ads_top_disp{}\r\n\t.ads_top_corner_disp{ float:left; margin:0px 10px 10px 0px; }\r\n\t.ads_first_p_disp{}\r\n\t.ads_bottom_disp{}\r\n\t<\/style>\n<h2 class=\"wp-block-heading\">Polizeimeldungen vom Mittwoch (03.06.2020)<\/h2>\n\n\n\n<div class=\"wp-block-image\"><figure class=\"aligncenter\"><img decoding=\"async\" src=\"https:\/\/speyer24news.com\/wp-content\/uploads\/2020\/01\/Aktuelles-Polizeilogo.jpg\" alt=\"\" class=\"wp-image-23832\"\/><\/figure><\/div>\n\n\n\n<h4 class=\"wp-block-heading\">(Speyer) &#8211; Unerlaubt von der Unfallstelle entfernt<\/h4>\n\n\n\n<p>Am Dienstagmittag kam es zu einem Unfall, bei welchem ein parkender BMW, der in der Zeit von 13:10 Uhr bis 16:15 Uhr auf dem Parkplatz Postgalerie in der Unteren Langgasse abgestellt war, besch\u00e4digt wurde. Das besch\u00e4digte Fahrzeug parkte in Queraufstellung und hatte Sch\u00e4den an der Fahrert\u00fcr. Der Unfallverursacher entfernte sich von der Unfallstelle ohne sich um die Schadensregulierung zu k\u00fcmmern. Die Polizei sucht nach Zeugen, die zur fraglichen Tatzeit Wahrnehmungen machten und somit Hinweise zu dem Unfallverursacher oder dem Unfallfahrzeug machen k\u00f6nnen. Hinweise nimmt die Polizei Speyer telefonisch unter 06232\/137-101 oder per E-Mail unter <a href=\"mailto:pispeyer@polizei.rlp.de\">pispeyer@polizei.rlp.de<\/a> entgegen. <\/p>\n\n\n\n<h4 class=\"wp-block-heading\">(Waldsee) &#8211; Brand auf Campingplatz<\/h4>\n\n\n\n<p>Auf dem Campingplatz &#8218;Auf der Au&#8216; brannte am 02.06.2020 ein Wohnwagen mit Vorzelt. Die genaue Brandursache ist derzeit noch unklar. Es besteht jedoch der Verdacht, dass das Feuer durch Unbekannte entz\u00fcndet wurde. Durch den Brand entstand ein Schaden von ca. 1000,- EUR. <\/p>\n\n\n\n<p>Wer hat am 02.06.2020 verd\u00e4chtige Wahrnehmungen auf dem Campingplatz gemacht? Sachdienliche Hinweise nimmt die Kriminalpolizei Ludwigshafen unter der Telefonnummer 0621\/963-2773 oder per Email  <a href=\"mailto:kiludwigshafen.k1.kdd@polizei.rlp.de\">kiludwigshafen.k1.kdd@polizei.rlp.de<\/a><\/p>\n\n\n\n<h4 class=\"wp-block-heading\">(Schifferstadt) &#8211; Versuchter Telefonbetrug<\/h4>\n\n\n\n<p>Am Dienstagvormittag gegen 11:50 Uhr erhielt eine Dame aus Schifferstadt einen Anruf von einem angeblichen Mitarbeiter der &#8222;SK Lotterie&#8220;. Er gab vor, die Dame h\u00e4tte ein Jahresabo bei der Lotterie abgeschlossen und k\u00f6nne dieses nun gegen eine Geb\u00fchr von 190 Euro beenden. Doch sein vermeintliches Opfer durchschaute den Betrugsversuch sofort und so fragte sie ihn, was &#8222;ihm eigentlich einfalle, sie anzurufen&#8220;. Daraufhin beendete der Anrufer sofort das Gespr\u00e4ch. Ein Schaden ist nicht entstanden. <\/p>\n\n\n\n<h4 class=\"wp-block-heading\">(Limburgerhof) &#8211; Pkw-Brand aufgrund technischen Defekts<\/h4>\n\n\n\n<p>Am fr\u00fchen Dienstagmorgen kam es auf der B9 in Richtung Speyer, H\u00f6he der Anschlussstelle Limburgerhof\/Rehh\u00fctte, zu einem Pkw-Brand. Der 78j\u00e4hrige Fahrer eines Pkw Fiat aus dem Raum Mannheim befuhr mit seinem Firmenfahrzeug die B9, als pl\u00f6tzlich Rauch aus der Motorhaube seines Fahrzeugs kam. Der Fahrer konnte sein Fahrzeug noch geistesgegenw\u00e4rtig auf der Beschleunigungsspur der Anschlussstelle Limburgerhof zu Stehen bringen und das Fahrzeug verlassen. Dieses begann kurze Zeit darauf zu brennen. <\/p>\n\n\n\n<p>Der Pkw brannte hierbei v\u00f6llig aus. Der Brand musste durch die Feuerwehr gel\u00f6scht werden. Am Pkw entstand Totalschaden. Personen wurden gl\u00fccklicherweise nicht verletzt. <\/p>\n\n\n\n<p>Aufgrund der L\u00f6scharbeiten und der Fahrzeugbergung, kam es teilweise zu Stauungen. <\/p>\n\n\n\n<h4 class=\"wp-block-heading\">(Germersheim) &#8211; Unter Drogeneinfluss am Steuer<\/h4>\n\n\n\n<p>Ein Bu\u00dfgeld in H\u00f6he von 500 EUR und ein einmonatiges Fahrverbot drohen einem 52 &#8211; j\u00e4hrigen Mann aus Germersheim. Der Autofahrer war mit seinem Fahrzeug im Bereich der Werftstra\u00dfe von zwei Polizeibeamten am Dienstagabend gegen 22.15 Uhr kontrolliert worden. Im Rahmen der Kontrolle ergab sich der Verdacht, dass der Fahrer unter dem Einfluss von Bet\u00e4ubungsmittel stand. Der 52 &#8211; j\u00e4hrige gab gegen\u00fcber den Beamten an, dass er am Morgen einen Joint mit Marihuana geraucht hatte. Dem Mann wurde bei der Dienststelle eine Blutprobe genommen. <\/p>\n\n\n\n<h4 class=\"wp-block-heading\">(Germersheim) &#8211; Fl\u00fcchtiger Ladendieb geschnappt<\/h4>\n\n\n\n<p>Zu einem Polizeieinsatz kam es am Dienstagmittag gegen 13 Uhr im Bereich der Mainzer Stra\u00dfe in Germersheim. Ein Ladendieb hatte bei der Flucht aus einem Gesch\u00e4ft einen Mitarbeiter zu Boden gesto\u00dfen und fl\u00fcchtet zu Fu\u00df \u00fcber die B 35 in Richtung Insel Gr\u00fcn. Der leicht verletzte Mitarbeiter folgte dem Ladendieb und verst\u00e4ndigte die Polizei. Letztlich konnte der Tatverd\u00e4chtige durch die hinzugerufenen Polizeibeamten im Rahmen der Fahndung festgenommen werden. Bei dem Ladendieb handelt es sich um einen 32 &#8211; j\u00e4hrigen Mann aus Germersheim. Der Dieb hatte Kleidung im Wert von zirka 150 EUR gestohlen und muss sich nun wegen r\u00e4uberischen Diebstahls verantworten. <\/p>\n\n\n\n<h4 class=\"wp-block-heading\">(Freckenfeld) &#8211; Zeugensuche nach Sexualdelikt in Freckenfeld<\/h4>\n\n\n\n<h4 class=\"wp-block-heading\">Gemeinsame Presseerkl\u00e4rung der Staatsanwaltschaft Landau und der Kriminalinspektion Landau<\/h4>\n\n\n\n<div class=\"wp-block-image\"><figure class=\"aligncenter\"><img decoding=\"async\" loading=\"lazy\" width=\"500\" height=\"570\" src=\"https:\/\/speyer24news.com\/wp-content\/uploads\/2020\/06\/csm_Phantombild_Freckenfeld_f15dba13b8.jpg\" alt=\"\" class=\"wp-image-27644\" srcset=\"https:\/\/speyer24news.com\/wp-content\/uploads\/2020\/06\/csm_Phantombild_Freckenfeld_f15dba13b8.jpg 500w, https:\/\/speyer24news.com\/wp-content\/uploads\/2020\/06\/csm_Phantombild_Freckenfeld_f15dba13b8-263x300.jpg 263w\" sizes=\"(max-width: 500px) 100vw, 500px\" \/><\/figure><\/div>\n\n\n\n<p>Am 02.06.2020 gegen 08:30 Uhr wurde eine 64-j\u00e4hrige Spazierg\u00e4ngerin in einem Feld n\u00f6rdlich von Freckenfeld von einem Unbekannten angesprochen, der sich nach dem Weg in einen Nachbarort erkundigte. Hierbei wurde sie pl\u00f6tzlich von dem Mann gepackt und in ein Feld gezerrt, wo er sexuelle Handlungen an der Frau vornahm. <\/p>\n\n\n\n<p>Der T\u00e4ter kann wie folgt beschrieben werden: <\/p>\n\n\n\n<ul><li>25 bis 30 Jahre alt<\/li><li>blonde Haare<\/li><li>3-Tage-Bart<\/li><li>ca. 1,75 bis 1,80 Meter gro\u00df<\/li><li>muskul\u00f6s<\/li><li>deutschsprachig<\/li><li>trug eine dunkle Basecap und war mit einem schwarzen Mountainbike unterwegs. <\/li><\/ul>\n\n\n\n<p>Die Kriminalpolizei Landau hat die Ermittlungen aufgenommen und bittet um Hinweise, insbesondere zu dem Phantombild des T\u00e4ters. Hier geht es zum Phantombild: <a href=\"https:\/\/s.rlp.de\/g2TuS\" target=\"_blank\" rel=\"noreferrer noopener\">https:\/\/s.rlp.de\/g2TuS<\/a> <\/p>\n\n\n\n<p>Sachdienliche Hinweise nimmt die Kriminalpolizei Landau unter der Telefonnummer 06341\/287-0 oder per E-Mail <a href=\"mailto:kilandau@polizei.rlp.de\">kilandau@polizei.rlp.de<\/a> entgegen. <\/p>\n\n\n\n<h4 class=\"wp-block-heading\">(Landau) &#8211; Unter Alkoholeinfluss vom Unfallort entfernt<\/h4>\n\n\n\n<p>Ein 48-j\u00e4hriger PKW-Fahrer befuhr am Dienstagabend die Queichheimer Hauptstra\u00dfe in Richtung Innenstadt und streifte mit seinem rechten Au\u00dfenspiegel den linken Au\u00dfenspiegel eines am rechten Fahrbahnrand geparkten Fahrzeugs. Danach fuhr er ohne anzuhalten weiter. Eine dahinter fahrende Zeugin folgte jedoch dem PKW und sprach den Fahrer an einer roten Ampel vor dem Hauptbahnhof an. Hier bemerkte sie, dass er alkoholisiert war und nahm ihm dann auch den Fahrzeugschl\u00fcssel ab. Bei Eintreffen der verst\u00e4ndigten Polizeibeamten ergab ein Alkohol-Test einen Wert von 3,38 Promille. Im Fahrzeug sa\u00df noch der 3-j\u00e4hrige Sohn des Mannes, der anschlie\u00dfend von der Kindesmutter abgeholt wurde. Bei Eintreffen seiner Frau versuchte der Mann noch zu fl\u00fcchten, was jedoch durch die Polizeibeamten verhindert werden konnte. Er wurde mit zur Dienststelle genommen, wo ihm eine Blutprobe entnommen wurde. <\/p>\n\n\n\n<h4 class=\"wp-block-heading\">(Gro\u00dffischlingen) &#8211; Rennradfahrer umgefahren \/ Unfallverursacher fl\u00fcchtet<\/h4>\n\n\n\n<p>Die Polizei fahndet aktuell nach einem Fahrer eines schwarzen neueren PKW &#8211; \u00e4hnlich eines Mercedes Benz A-Klasse &#8211; mit sportlichem Design, der gestern Abend an der Kreuzung bei Gro\u00dffischlingen auf der L 542\/L507 einen Rennradfahrer anfuhr. Der Unbekannte kam aus Kleinfischlingen\/L507 und fuhr, ohne die Vorfahrtsregelung zu beachten, \u00fcber die Kreuzung in Richtung Edesheim. Der 50-j\u00e4hrige Rennradfahrer &#8211; auf der L 542 fahrend &#8211;  wurde dabei mit seinem Rennrad am Hinterreifen erfasst. Aufgrund seiner schnellen Reaktion konnte er sich entsprechend fangen, weshalb ein Sturz vermieden werden konnte. Durch die Kollision wurde am Rennrad der Rahmen, die Felge sowie das komplette Schaltwerk besch\u00e4digt. Die Schadensh\u00f6he liegt bei \u00fcber 2500 Euro. Der Unbekannte, der seine Geschwindigkeit zun\u00e4chst verringerte, gab Gas und fl\u00fcchtete. Hinweise zu dem Unbekannte erbittet die Polizei Edenkoben unter der Telefonnummer 06323 9550. <\/p>\n\n\n\n<h4 class=\"wp-block-heading\">(Edenkoben) &#8211; Der Bass lebt weiter<\/h4>\n\n\n\n<p>Bereits am 27. Mai gegen 22 Uhr fiel im Stadtgebiet Edenkoben ein Raver auf, weil sich Anwohner wegen lauter Elektromusik bei der Polizei beschwerten. Am heutigen Morgen (03.06.2020, 4 Uhr) hielt er erneut eine &#8222;Ein-Mann-Technoparty&#8220; ab, weshalb die Streife wiederholt anr\u00fccken und die Nachtruhe herstellen musste. Die Beamten konnten bereits im Hausflur die h\u00e4mmernden B\u00e4sse wahrnehmen. Der endlose Rhythmus wurde sodann gleich abgestellt. Das zust\u00e4ndige Ordnungsamt der Verbandsgemeinde Edenkoben wurde in Kenntnis gesetzt. Der Bu\u00dfgeldbescheid wird aufgrund der Uneinsichtigkeit vermutlich h\u00f6her ausfallen. <\/p>\n\n\n\n<h4 class=\"wp-block-heading\">(Edenkoben) &#8211; Streitigkeiten<\/h4>\n\n\n\n<p>Im Bereich der Polizei Edenkoben kam es gestern Abend kurz vor 22 Uhr zu Streitigkeiten zwischen einem 32-j\u00e4hrigem Mann und seiner 30-j\u00e4hrigen Partnerin. Laut Zeugenangaben soll der Mann seine Freundin an den Haaren gezogen haben und ihr mit einer Schaufel in der Hand gedroht haben. Als die Polizei vor Ort kam, stritten beide alles ab, vielmehr h\u00e4tte man sich verbal gestritten.  Die polizeilichen Ermittlungen wurden aufgenommen. Die Polizei appelliert: Gewalt in Beziehungen sollten nicht privat bleiben. Dar\u00fcber zu sprechen, ist f\u00fcr viele ein Tabu. Sollten Sie Gewalt in einer Beziehung erleben, verst\u00e4ndigen sie die Polizei. Jede Polizeidienststelle bietet und koordiniert eine Opferberatung gemeinsam mit der Interventionsstelle an. Die zust\u00e4ndige Interventionsstelle f\u00fcr den Bereich der Polizeiinspektion Edenkoben erreichen sie unter der Telefonnummer 06341\/381922. <\/p>\n\n\n\n<h4 class=\"wp-block-heading\">(Neustadt) &#8211; Bei Verkehrsunfall durch Ladung leicht verletzt<\/h4>\n\n\n\n<div class=\"wp-block-image\"><figure class=\"aligncenter\"><img decoding=\"async\" loading=\"lazy\" width=\"800\" height=\"600\" src=\"https:\/\/speyer24news.com\/wp-content\/uploads\/2020\/06\/200603_1.jpg\" alt=\"\" class=\"wp-image-27641\" srcset=\"https:\/\/speyer24news.com\/wp-content\/uploads\/2020\/06\/200603_1.jpg 800w, https:\/\/speyer24news.com\/wp-content\/uploads\/2020\/06\/200603_1-300x225.jpg 300w, https:\/\/speyer24news.com\/wp-content\/uploads\/2020\/06\/200603_1-768x576.jpg 768w, https:\/\/speyer24news.com\/wp-content\/uploads\/2020\/06\/200603_1-678x509.jpg 678w, https:\/\/speyer24news.com\/wp-content\/uploads\/2020\/06\/200603_1-326x245.jpg 326w, https:\/\/speyer24news.com\/wp-content\/uploads\/2020\/06\/200603_1-80x60.jpg 80w\" sizes=\"(max-width: 800px) 100vw, 800px\" \/><\/figure><\/div>\n\n\n\n<p>Bei einem Verkehrsunfall am 02.06.2020 gegen 12:55 Uhr an der Kreuzung Ludwigstra\u00dfe \/ Kohlplatz wurden einer der beteiligten Fahrzeugf\u00fchrer leicht verletzt. Ein 33-j\u00e4hriger Mann fuhr mit seinem Pkw vom Kohlplatz \u00fcber die Ludwigstra\u00dfe, ohne auf den vorfahrtberechtigten Verkehr zu achten. Hierbei kam es zum Zusammensto\u00df mit einem 71-j\u00e4hrigen Autofahrer, der die Ludwigstra\u00dfe stadtausw\u00e4rts befuhr. Der 33-j\u00e4hrige Unfallverursacher zog sich eine Kopfverletzung durch nicht gen\u00fcgend gesicherte Ladung in seinem Fahrzeug zu, er wurde \u00e4rztlich versorgt und ins Krankenhaus verbracht. Der 71-J\u00e4hrige und seine Beifahrerin blieben unverletzt. Da beide Fahrzeug nicht mehr fahrbereit waren, wurden sie abgeschleppt. Der Gesamtsachschaden wird auf ca. 10 000 Euro gesch\u00e4tzt. Die Ludwigstra\u00dfe war f\u00fcr ca. 45 Minuten nur einseitig befahrbar. <\/p>\n\n\n\n<h4 class=\"wp-block-heading\">(Neustadt) &#8211; Zwei Fahrzeugf\u00fchrer ohne g\u00fcltigen F\u00fchrerschein<\/h4>\n\n\n\n<p>Im Rahmen von Verkehrskontrollen wurden am 02.06.2020 zwei Fahrzeugf\u00fchrer angetroffen, die nicht im Besitz eines g\u00fcltigen F\u00fchrerscheines waren. Gegen 0:15 Uhr wurde in der Gabelsberger Stra\u00dfe ein 37-j\u00e4hriger Mann aus dem mittleren Osten kontrolliert. Hierbei konnte er nur eine ausl\u00e4ndische Fahrerlaubnis vorweisen. Da der Autofahrer schon seit vier Jahren in Deutschland wohnt, ist die Fahrerlaubnis ung\u00fcltig. Die Weiterfahrt wurde untersagt. Um 09:50 Uhr wurde in der Maximilianstra\u00dfe ein 46-j\u00e4hriger Mofafahrer kontrolliert, der nicht im Besitz eines F\u00fchrerscheins ist. Auch hier wurde die Weiterfahrt unterbunden. In beiden F\u00e4llen f\u00fchrten die beiden Fahrer nicht ihre eigenen Fahrzeuge, weshalb die Fahrzeughalter wegen Zulassen zum Fahren ohne Fahrerlaubnis bei der Staatsanwaltschaft beanzeigt werden. <\/p>\n\n\n\n<h4 class=\"wp-block-heading\">(Ha\u00dfloch) &#8211; Verkehrsunfall mit verletztem Radfahrer<\/h4>\n\n\n\n<p>Am Dienstag, 02.06., um 10.15 Uhr, befuhr der 61-j\u00e4hrige Fahrer eines Pkw VW Caddy die Schillerstra\u00dfe in Ha\u00dfloch in \u00f6stlicher Richtung. An der Einm\u00fcndung zur Gillergasse missachtete er die Vorfahrt eines von rechts aus der Gillergasse kommenden 81-j\u00e4hrigen Radfahrers. Es kam zum Zusammensto\u00df, bei dem der Radfahrer st\u00fcrzte und sich leicht verletzte. Am Fahrrad entstand geringf\u00fcgiger Sachschaden. <\/p>\n\n\n\n<h4 class=\"wp-block-heading\">(Deidesheim) &#8211; Unfall mit Verletztem auf Feldwegen<\/h4>\n\n\n\n<p>Am Dienstag, 02.06., um 17.45 Uhr, befuhr der 84-j\u00e4hrige Fahrer eines Pkw Peugeot den befestigten Feldweg unmittelbar n\u00f6rdlich des Gewerbegebietes &#8222;Buschweg Nord&#8220; in Deidesheim in westliche Richtung, also parallel zur L 527. An der Kreuzung mit einem ebenfalls befestigten Feldweg, die unmittelbar nordwestlich angrenzend an das genannte Gewerbegebiet liegt, missachtete er die Vorfahrt der von rechts kommenden 24-j\u00e4hrigen Fahrerin eines Pkw VW Golf, weshalb es zum Zusammensto\u00df zwischen beiden Pkw kam. Die beiden Fahrzeugf\u00fchrer wurden beim Zusammensto\u00df leicht verletzt, an den Fahrzeugen und einem angrenzenden Weinberg entstand erheblicher Sachschaden von insgesamt ca. 30.000 Euro. Beide Fahrzeugf\u00fchrer benutzten die Feldwege berechtigt. <\/p>\n\n\n\n<h4 class=\"wp-block-heading\">(Friedelsheim) &#8211; Offene Kirchent\u00fcr<\/h4>\n\n\n\n<p>Eine aufmerksame B\u00fcrgerin teilte der Polizei in Bad D\u00fcrkheim mit, dass die Eingangst\u00fcr der evangelischen Kirche in Friedelsheim offenstehen w\u00fcrde. Die Kirche wurde umgehend aufgesucht und nach Personen und Einbruchsspuren, mit negativem Ergebnis, abgesucht. \u00dcber die Freiwillige Feuerwehr Friedelsheim konnte die Kirchendienerin informiert werden, welche die Kirche anschlie\u00dfend verschloss. Vermutlich hatte jemand vom Personal vergessen habe die T\u00fcr zuzuschlie\u00dfen. <\/p>\n\n\n\n<h4 class=\"wp-block-heading\">(Weisenheim am Sand) &#8211; Verkehrsunfallflucht<\/h4>\n\n\n\n<p>Am 01.06.2020 gegen 15:00 Uhr stellte der 51-j\u00e4hrige Gesch\u00e4digte seinen VW Kleinbus in Weisenheim am Sand, in der Friedrich-Ebert-Stra\u00dfe ordnungsgem\u00e4\u00df am rechten Fahrbandrand ab. Gegen 21:30 Uhr stellte er dann fest, dass ein bislang unbekannter Verkehrsteilnehmer seinen VW Bus am linken Au\u00dfenspiegel und an der Fahrert\u00fcr besch\u00e4digt hatte und sich, ohne sich um den entstandenen Schaden zu k\u00fcmmern, von der Unfallstelle entfernt hatte. Es entstand ein Sachschaden von ca. 1000 EUR. Die Polizei Bad D\u00fcrkheim bittet um Hinweise unter 06322 963 0 oder per E-Mail an <a href=\"mailto:pibadduerk-heim@polizei.rlp.de\">pibadduerk-heim@polizei.rlp.de<\/a><\/p>\n\n\n\n<h4 class=\"wp-block-heading\">(Dackenheim) &#8211; Verkehrsunfall mit Personenschaden<\/h4>\n\n\n\n<p>Am 02.06.2020 gegen 13:00 Uhr befuhr eine 39-j\u00e4hrige Suzuki-Fahrerin die Kreisstra\u00dfe 2 von Dackenheim in Richtung Freinsheim. Vor ihr fuhr ein 35-j\u00e4hriger mit seinem Gespann aus Traktor und Anh\u00e4nger dieselbe Strecke in gleicher Richtung. Die 39-j\u00e4hrige \u00fcberholte das Gespann, obwohl dieses nach links in den landwirtschaftlichen Weg abbiegen wollte. Es zu einer Kollision mit dem Anh\u00e4nger. Sowohl der Traktorfahrer, als auch sein 50-j\u00e4hriger Mitfahrer wurden dabei leicht verletzt. Der Suzuki war nicht mehr fahrbereit und musste abgeschleppt werden. Der Gesamtschaden bel\u00e4uft sich auf ca. 1000 Euro. <\/p>\n\n\n\n<h4 class=\"wp-block-heading\">(Dackenheim) &#8211; Sachbesch\u00e4digung auf Golfplatz<\/h4>\n\n\n\n<p>Bislang unbekannte T\u00e4ter besch\u00e4digten in der Nacht von 01.06.2020 auf den 02.06.2020 mehrere Sitzb\u00e4nke, Schilder und M\u00fclleimer auf einem Golfplatz in Dackenheim. Weiterhin wurde auf einer Bahn ein Green mit Bauschaum und Graffitis beschmiert. Die Besch\u00e4digungen fanden alle im \u00f6stlichen Bereich des Platzes statt. Ein Mitarbeiter der Anlage hatte in den Abendstunden eine Gruppe Jugendlicher gesehen. Der Schaden wird auf circa 3000 Euro gesch\u00e4tzt. Die Polizei Bad D\u00fcrkheim bittet um Hinweise unter 06322 963 0 oder per E-Mail an <a href=\"mailto:pibadduerk-heim@polizei.rlp.de\">pibadduerk-heim@polizei.rlp.de<\/a><\/p>\n\n\n\n<h4 class=\"wp-block-heading\">(Wiesoppenheim) &#8211; Autokauf mit Folgen<\/h4>\n\n\n\n<p>Zwei junge M\u00e4nner wurden in der Nacht auf der BAB 61 einer allgemeinen Verkehrskontrolle unterzogen. Diese waren auf dem Weg in die Schweiz, um dort ein Auto zu kaufen. Jedoch standen beide Personen unter Drogeneinfluss und f\u00fchrten zudem noch Marihuana sowie Haschisch mit sich. Die Fahrt wurde somit vorzeitig beendet und ein Strafverfahren eingeleitet. <\/p>\n\n\n\n<h4 class=\"wp-block-heading\">(Frankenthal) &#8211; So eilig und doch Zeit f\u00fcr eine verbale Auseinandersetzung<\/h4>\n\n\n\n<p>Am 02.06.20, gegen 20:55 Uhr kam es auf der L 523, am Ortsausgang Frankenthal, in Fahrtrichtung Bobenheim-Roxheim, zu einer N\u00f6tigung im Stra\u00dfenverkehr. Der Beschuldigte wollte sich mit seinem Pkw, an der vor Ort befindlichen Baustelle, noch vor den Pkw der Gesch\u00e4digten dr\u00fccken, was aber misslang, da die Gesch\u00e4digte sich bereits vor ihm befand. Nachdem er sich dann hinter ihr auf den linken Fahrstreifen eingeordnet hatte, \u00fcberholte er sie und bremste sie im Anschluss bis zum Stillstand aus. Danach stieg der Beschuldigte aus, ging zum Pkw der Gesch\u00e4digten und fragte sie, was das denn soll. Erst als ein Motorradfahrer anhielt, um sich zu erkundigen, was los sei, lie\u00df der Beschuldigte von der Gesch\u00e4digten ab und fuhr davon. T\u00e4terhinweise liegen keine vor. Der helfende Motorradfahrer k\u00f6nnte vielleicht sachdienliche Angaben machen. <\/p>\n\n\n\n<p>Zeugen werden gebeten sich an die Polizeiinspektion Frankenthal unter der Tel.-Nr.: 06233\/313-0 oder an die Polizeiwache Maxdorf unter der Tel.-Nr.: 06237\/934-100 zu wenden. Gerne nehmen wir Ihre Hinweise auch per E-Mail unter  <a href=\"mailto:pifrankenthal@polizei.rlp.de\">pifrankenthal@polizei.rlp.de<\/a> entgegen. <\/p>\n\n\n\n<h4 class=\"wp-block-heading\">(Frankenthal) &#8211; Geschwindigkeitskontrolle der Polizei Frankenthal<\/h4>\n\n\n\n<p>Am 02.06.20 richtete die Polizei in der Lambsheimer Stra\u00dfe eine Geschwindigkeitskontrollstelle ein. Erfreulicherweise war festzustellen, dass es hier zu keinen Verst\u00f6\u00dfen gekommen ist und sich die Verkehrsteilnehmer an die Verkehrsregeln hielten. Bei einer weiteren Kontrollstelle in der D\u00fcrkheimer Stra\u00dfe verstie\u00dfen 15 Verkehrsteilnehmer gegen die vor Ort erlaubten 30 km\/h. Der Spitzenreiter war mit einer Geschwindigkeit von 47 km\/h unterwegs. <\/p>\n\n\n\n<p>Zeugen werden gebeten sich an die Polizeiinspektion Frankenthal unter der Tel.-Nr.: 06233\/313-0 oder an die Polizeiwache Maxdorf unter der Tel.-Nr.: 06237\/934-100 zu wenden. Gerne nehmen wir Ihre Hinweise auch per E-Mail unter  <a href=\"mailto:pifrankenthal@polizei.rlp.de\">pifrankenthal@polizei.rlp.de<\/a> entgegen. <\/p>\n\n\n\n<h4 class=\"wp-block-heading\">(Frankenthal) &#8211; Abgerissener Au\u00dfenspiegel<\/h4>\n\n\n\n<p>Bereits am 31.05.20 zwischen 17:00 Uhr und 22 Uhr, stellte der Gesch\u00e4digte seinen Pkw im Nachtweideweg, in H\u00f6he der Hausnummer 60 ab. Sp\u00e4ter musste er feststellen, dass ein unbekannter T\u00e4ter den Au\u00dfenspiegel abgerissen hatte. T\u00e4terhinweise liegen keine vor. <\/p>\n\n\n\n<p>Zeugen werden gebeten sich an die Polizeiinspektion Frankenthal unter der Tel.-Nr.: 06233\/313-0 oder an die Polizeiwache Maxdorf unter der Tel.-Nr.: 06237\/934-100 zu wenden. Gerne nehmen wir Ihre Hinweise auch per E-Mail unter  <a href=\"mailto:pifrankenthal@polizei.rlp.de\">pifrankenthal@polizei.rlp.de<\/a> entgegen. <\/p>\n\n\n\n<h4 class=\"wp-block-heading\">(Frankenthal) &#8211; Fahrerseite eines Pkw zerkratzt<\/h4>\n\n\n\n<p>Bereits am 30.05.20 zwischen 11:00 Uhr und 13:00 Uhr, stellte der Gesch\u00e4digte seinen Pkw im Matth\u00e4us-Merian-Ring, in H\u00f6he der Hausnummer 11 ab. Im Anschluss stellte er fest, dass ein ihm unbekannter T\u00e4ter die Fahrerseite seines Pkw, in Form eines durchg\u00e4ngigen Kratzers, besch\u00e4digte. T\u00e4terhinweise liegen keine vor. <\/p>\n\n\n\n<p>Zeugen werden gebeten sich an die Polizeiinspektion Frankenthal unter der Tel.-Nr.: 06233\/313-0 oder an die Polizeiwache Maxdorf unter der Tel.-Nr.: 06237\/934-100 zu wenden. Gerne nehmen wir Ihre Hinweise auch per E-Mail unter  <a href=\"mailto:pifrankenthal@polizei.rlp.de\">pifrankenthal@polizei.rlp.de<\/a> entgegen. <\/p>\n\n\n\n<h4 class=\"wp-block-heading\">(Ludwigshafen) &#8211; Einbruch in Autos<\/h4>\n\n\n\n<p>In der Nacht von Dienstag auf Mittwoch, zwischen 18 Uhr und 05:30 Uhr, schlug ein bislang Unbekannter in der Karolina-Burger-Stra\u00dfe die Seitenscheibe eines Opel Zafira ein. Aus dem Fahrzeug entwendete er ein Ladekabel sowie ein CD-M\u00e4ppchen. <\/p>\n\n\n\n<p>Zwischen dem 02.06.2020, 21 Uhr und dem 03.06.2020, 4 Uhr, gelang es einem Unbekannten auch in der Drachenfelsstra\u00dfe die Seitenscheibe eines Audi aufzuhebeln. Entwendet wurde nichts. <\/p>\n\n\n\n<p>Wer etwas beobachtet hat und Hinweise auf die T\u00e4ter geben kann, wird gebeten, sich an die Polizeiinspektion Ludwigshafen 1, 0621 963-2122 oder per E-Mail <a href=\"mailto:piludwigshafen1@polizei.rlp.de\">piludwigshafen1@polizei.rlp.de<\/a> zu wenden. <\/p>\n\n\n\n<h4 class=\"wp-block-heading\">(Ludwigshafen) &#8211; Schl\u00e4gerei endet mit Krankenhausbesuch<\/h4>\n\n\n\n<p>Eine k\u00f6rperliche Auseinandersetzung zwischen mehreren Personen rief am Dienstagabend (02.06.2020) die Polizei auf den Plan. Gegen 21.13 Uhr meldeten sich mehrere Zeugen bei der Polizei und berichteten \u00fcber eine Schl\u00e4gerei zwischen mehreren Personen in der Comeniusstra\u00dfe. Als die Polizei eintraf, war die Schl\u00e4gerei bereits beendet. Es konnte lediglich nur noch ein alkoholisierter 33-J\u00e4hrige mit einer Kopfplatzwunde ermittelt werden. Der Mann wurde in ein Krankenhaus gebracht. Die Anzahl der Beteiligten Personen sowie die Ursache der Auseinandersetzung werden derzeit noch ermittelt. Die Polizei sucht deshalb Zeugen. Hinweise werden an die Polizeiwache Oggersheim unter Tel. 0621 963 &#8211; 2403 oder per Mail <a href=\"mailto:pwoggers-heim@polizei.rlp.de\">pwoggers-heim@polizei.rlp.de<\/a> erbeten. <\/p>\n\n\n\n<h4 class=\"wp-block-heading\">(Ludwigshafen) &#8211; Gef\u00e4hrliche K\u00f6rperverletzung<\/h4>\n\n\n\n<figure class=\"wp-block-image\"><img decoding=\"async\" loading=\"lazy\" width=\"801\" height=\"600\" src=\"https:\/\/speyer24news.com\/wp-content\/uploads\/2020\/05\/Zeugen-gesucht-Neutral.jpg\" alt=\"\" class=\"wp-image-26598\" srcset=\"https:\/\/speyer24news.com\/wp-content\/uploads\/2020\/05\/Zeugen-gesucht-Neutral.jpg 801w, https:\/\/speyer24news.com\/wp-content\/uploads\/2020\/05\/Zeugen-gesucht-Neutral-300x225.jpg 300w, https:\/\/speyer24news.com\/wp-content\/uploads\/2020\/05\/Zeugen-gesucht-Neutral-768x575.jpg 768w, https:\/\/speyer24news.com\/wp-content\/uploads\/2020\/05\/Zeugen-gesucht-Neutral-678x509.jpg 678w, https:\/\/speyer24news.com\/wp-content\/uploads\/2020\/05\/Zeugen-gesucht-Neutral-326x245.jpg 326w, https:\/\/speyer24news.com\/wp-content\/uploads\/2020\/05\/Zeugen-gesucht-Neutral-80x60.jpg 80w\" sizes=\"(max-width: 801px) 100vw, 801px\" \/><\/figure>\n\n\n\n<p>Am Dienstagabend gegen 18:30 Uhr griff ein unbekannter Mann zwei junge Frauen in der Rheinuferstra\u00dfe an. Der Angreifer fragte eine der beiden Frauen zun\u00e4chst, ob sie einen Joint f\u00fcr ihn habe. Als die Frau dies verneinte, kam es zum Streitgespr\u00e4ch. Dieses eskalierte derart, dass der Angreifer beide Frauen mit Tritten angriff. Eine der Frauen wurde gegen den Kopf getreten. Sie wurde durch den Rettungsdienst zur weiteren Untersuchung in ein Krankenhaus gebracht. Der Angreifer konnte unerkannt fl\u00fcchten. <\/p>\n\n\n\n<p><strong><em>Er wird wie folgt beschrieben:<\/em><\/strong><\/p>\n\n\n\n<ul><li>m\u00e4nnlich<\/li><li>20 &#8211; 30 Jahre alt<\/li><li>ca. 175 cm gro\u00df<\/li><li>schlank<\/li><li>dunkelh\u00e4utig<\/li><li>kurze Haare<\/li><li>bekleidet mit dunkler Kleidung (T-Shirt, \u00be-Shorts und Sportschuhe). <\/li><\/ul>\n\n\n\n<p>Wer kann Hinweise zu dem gefl\u00fcchteten T\u00e4ter geben? Sachdienliche Hinweise bitte an die Polizeiinspektion Ludwigshafen 1, Telefonnummer 0621 963-2122 oder per E-Mail <a href=\"mailto:piludwigshafen1@polizei.rlp.de\">piludwigshafen1@polizei.rlp.de<\/a> . <\/p>\n\n\n\n<h4 class=\"wp-block-heading\">(Ludwigshafen) &#8211; Joghurt ins Gesicht geschlagen<\/h4>\n\n\n\n<p>Am 02.06.2020, gegen 17:30 Uhr, wurde ein 57-J\u00e4hriger in einem Lebensmittelgesch\u00e4ft in der Ludwigstra\u00dfe beim Diebstahl einer Packung Wurst erwischt. Nachdem er sich im Gespr\u00e4ch mit dem Ladendetektiv zun\u00e4chst einsichtig zeigte, unternahm er unvermittelt doch noch einen Versuch mit der Wurstware zu fliehen. Erneut wurde er vom Ladendetektiv und einem Mitarbeiter aufgehalten. Dagegen werte sich der 57-J\u00e4hrige, indem er dem Ladendetektiv einen Joghurt ins Gesicht schlug. Trotzdem konnte er festgehalten und durch die Polizei festgenommen werden. Ein freiwillig durchgef\u00fchrter Atemalkoholtest ergab einen Wert von 1,72 Promille. <\/p>\n\n\n\n<h4 class=\"wp-block-heading\">(Ludwigshafen) &#8211; Gartenparzelle verw\u00fcstet<\/h4>\n\n\n\n<p>Zu einer Sachbesch\u00e4digung mit einer Schadensh\u00f6he von etwa 1000 Euro kam es in einer Kleingartenanlage in der Croissant-Rust-Stra\u00dfe. Bislang Unbekannte verw\u00fcsteten zwischen dem 01.06.2020, 23 Uhr, und dem 02.06.2020, 17 Uhr, die Gartenparzelle eines 57-J\u00e4hrigen vollst\u00e4ndig. <\/p>\n\n\n\n<p>Wer etwas beobachtet hat und Hinweise auf die T\u00e4ter geben kann, wird gebeten, sich an die Polizeiinspektion Ludwigshafen 1, 0621 963-2122 oder per E-Mail <a href=\"mailto:piludwigshafen1@polizei.rlp.de\">piludwigshafen1@polizei.rlp.de<\/a> zu wenden. <\/p>\n\n\n\n<h4 class=\"wp-block-heading\">(Ludwigshafen) &#8211; Einbruch in Keller<\/h4>\n\n\n\n<p>Unbekannte brachen in der Zeit von Sonntag (31.05.2020) bis Dienstag (02.06.2020) in einen Kellerraum eines Anwesens in der Schellingstra\u00dfe ein. Aus dem Keller wurde ein Fahrrad gestohlen. Der Gesamtschaden bel\u00e4uft sich auf 500 Euro. Sachdienliche Hinweise bitte an die Polizeiinspektion Ludwigshafen 2, Telefonnummer 0621 963-2222 oder per E-Mail <a href=\"mailto:piludwigshafen2@polizei.rlp.de\">piludwigshafen2@polizei.rlp.de<\/a> . <\/p>\n\n\n\n<h4 class=\"wp-block-heading\">(Ludwigshafen) &#8211; K\u00f6rperverletzung nach Verkehrskonflikt<\/h4>\n\n\n\n<p>Am Dienstagmittag gegen 13:00 Uhr eskalierte ein Streit zwischen einem Auto- und einem Lkw-Fahrer in der Bruchwiesenstra\u00dfe.  Grund des Streites war ein Fahrstreifenwechsel des Lkw bei welchem er dem Auto sehr nahe kam. Der Autofahrer wollte den Lkw-Fahrer an einer Ampel mit dem Fahrman\u00f6ver konfrontieren.  Das Streitgespr\u00e4ch endete in einer handgreiflichen Auseinandersetzung. Beide Kontrahenten wurden leicht verletzt. Gegen beide wird nun wegen K\u00f6rperverletzung ermittelt. <\/p>\n\n\n\n<p>Auch in solchen F\u00e4llen kann eine Entziehung der Fahrerlaubnis drohen! Die Fahrerlaubnisbeh\u00f6rde kann auch aufgrund von aggressivem Verhalten die Eignung zum F\u00fchren von Kraftfahrzeugen pr\u00fcfen und die Fahrerlaubnis entziehen. <\/p>\n\n\n\n<h4 class=\"wp-block-heading\">(Ludwigshafen) &#8211; Fahrrad gestohlen<\/h4>\n\n\n\n<p>Eine 78-J\u00e4hrige meldete, dass ihr Fahrrad zwischen dem 27.05.2020, 9 Uhr, und dem 02.06.2020, 12 Uhr, in der Berliner Stra\u00dfe aus dem Fahrradkeller eines Mehrfamilienhauses gestohlen wurde. Die Ermittlungen nach dem Rad werden aktuell deutlich erschwert, weil der 78-J\u00e4hrigen die Individualdaten nicht bekannt sind. <\/p>\n\n\n\n<p><strong><em>Wir empfehlen daher: <\/em><\/strong><\/p>\n\n\n\n<p>Erfassen Sie die Daten Ihres Rads in einem Fahrradpass. Wurde ein Rad gestohlen, ist es wichtig, dass der Besitzer der Polizei die individuellen Daten des Rads, z.B. Rahmennummer nennen kann. Nur so kann die Polizei das Rad, sollte es aufgefunden werden, dem rechtm\u00e4\u00dfigen Eigent\u00fcmer zweifelsfrei zuordnen. <\/p>\n\n\n\n<p>Um diese Daten immer griffbereit zu haben, hat die Polizeiliche Kriminalpr\u00e4vention auch eine Fahrradpass-App entwickelt. In dieser werden Rahmennummer, Marke und Typ Ihres Fahrrads sowie ein aktuelles Foto ganz einfach und unkompliziert mit dem Smartphone dokumentiert und gespeichert. <\/p>\n\n\n\n<p>Die FAHRRADPASS-App steht kostenlos im App Store beziehungsweise im Google Play Store unter folgenden Links zum Download bereit: <\/p>\n\n\n\n<p>App Store: <a href=\"https:\/\/itunes.apple.com\/de\/app\/fahrradpass\/id438072942?mt=8\" target=\"_blank\" rel=\"noreferrer noopener\">https:\/\/itunes.apple.com\/de\/app\/fahrradpass\/id438072942?mt=8<\/a> Google Play Store: <a href=\"https:\/\/play.google.com\/store\/apps\/details?id=com.netzbewegung.polizei.bicyclePass\" target=\"_blank\" rel=\"noreferrer noopener\">https:\/\/play.google.com\/store\/apps\/details?id=com.netzbewegung.polizei.bicyclePass<\/a> <\/p>\n\n\n\n<p>Sie k\u00f6nnen nat\u00fcrlich auch nach wie vor den polizeilichen Fahrradpass in Papierform ausf\u00fcllen und zu Hause aufbewahren. Ein Fahrradpass zum Selbstausf\u00fcllen ist in jeder (Kriminal-)Polizeilichen Beratungsstelle kostenlos erh\u00e4ltlich. <\/p>\n\n\n\n<p>Weitere Informationen zum Schutz vor Fahrraddiebstahl und den Fahrradpass zum Download finden Sie im Faltblatt &#8222;R\u00e4der richtig sichern&#8220; der Polizei unter: <a rel=\"noreferrer noopener\" href=\"https:\/\/www.polizei-beratung.de\/fileadmin\/Medien\/025-FB-Raeder-richtig-sichern.pdf\" target=\"_blank\">https:\/\/www.polizei-beratung.de\/fileadmin\/Medien\/025-FB-Raeder-richtig-sichern.pdf<\/a><\/p>\n\n\n\n<h4 class=\"wp-block-heading\">(Ludwigshafen) &#8211; Mit Eisenstange geschlagen<\/h4>\n\n\n\n<p>Als eine 51-j\u00e4hrige Baumkontrolleurin am 02.06.2020 gegen 08:15 Uhr durch den Parkwald im Maudacher Bruch ging, traf sie auf einen 43-j\u00e4hrigen Wohnsitzlosen, der ihr g\u00e4nzlich unvermittelt mit einer langen Eisenstange zwei Mal auf den Arm schlug. Danach fl\u00fcchtete er. Die 51-J\u00e4hrige wurde leicht verletzt. Durch eine sehr detaillierte Personenbeschreibung konnte der 43-J\u00e4hrige schlie\u00dflich gefunden werden. Er war alkoholisiert (laut Atemalkoholtest 1,23 Promille) und hatte geringe Menge an Marihuana bei sich. <\/p>\n\n\n\n<h4 class=\"wp-block-heading\">(Ludwigshafen) &#8211; Auto gestohlen<\/h4>\n\n\n\n<p>Unbekannte entwendeten vom 28.05. bis 02.06.2020 einen abgestellten PKW. Der graue Golf war im Tatzeitraum auf dem Gel\u00e4nde eines Autoh\u00e4ndlers in der Sternstra\u00dfe geparkt. Der Golf hatte noch einen Wert von 2500 Euro. Sachdienliche Hinweise bitte an die Polizeiinspektion Ludwigshafen 2, Telefonnummer 0621 963-2222 oder per E-Mail <a href=\"mailto:piludwigshafen2@polizei.rlp.de\">piludwigshafen2@polizei.rlp.de<\/a> . <\/p>\n\n\n\n<h4 class=\"wp-block-heading\">(Ludwigshafen) &#8211; Einbruch in zwei Firmengeb\u00e4ude<\/h4>\n\n\n\n<p>\u00dcber das Pfingstwochenende wurde in zwei Firmengeb\u00e4ude in der Achtmorgenstra\u00dfe eingebrochen. Die unbekannten T\u00e4ter brachen an einem Firmengeb\u00e4ude die T\u00fcr und am benachbarten Firmengeb\u00e4ude ein Fenster auf, um so in die B\u00fcros zu kommen.  Nach derzeitigem Ermittlungsstand wurden Gebrauchsgegenst\u00e4nde und eine kleine Menge Bargeld entwendet. Der entstandene Schaden der beiden Taten wird auf ca. 6.000,-EUR gesch\u00e4tzt. Konkrete T\u00e4terhinweise liegen derzeit nicht vor. <\/p>\n\n\n\n<p>Sachdienliche Hinweise nimmt die Kriminalpolizei Ludwigshafen unter der Telefonnummer 0621\/963-2773 oder per Email  <a href=\"mailto:kiludwigshafen.k1.kdd@polizei.rlp.de\">kiludwigshafen.k1.kdd@polizei.rlp.de<\/a><\/p>\n\n\n\n<h4 class=\"wp-block-heading\">(Mannheim) &#8211; Fahrradfahrerin bei Verkehrsunfall schwer verletzt; Zeugen gesucht<\/h4>\n\n\n\n<p>Bei einem Verkehrsunfall am Mittwochvormittag in der Schwetzingerstadt wurde eine 61-j\u00e4hrige Fahrradfahrerin schwer verletzt. <\/p>\n\n\n\n<p>Sie war gegen 8.15 Uhr auf dem Radweg der Reichskanzler-M\u00fcller-Stra\u00dfe stadtausw\u00e4rts unterwegs, als sie von einem 39-j\u00e4hrigen Ford-Fahrer \u00fcbersehen wurde, der von der Kleinfeldstra\u00dfe nach rechts auf die Reichskanzler-M\u00fcller-Stra\u00dfe in Richtung Innenstadt abbiegen wollte. <\/p>\n\n\n\n<p>Nach ihrer not\u00e4rztlichen Behandlung wurde die Radlerin mit einem Rettungswagen in eine Klinik gebracht. Der Autofahrer blieb unverletzt. Sowohl am Fahrrad als auch am Auto entstand nur geringer Sachschaden. <\/p>\n\n\n\n<p>Zeugen, die den Unfallhergang beobachtet haben, werden gebeten, sich mit der Mannheimer Verkehrspolizei, Tel.: 0621\/174-4222 in Verbindung zu setzen. <\/p>\n\n\n\n<h4 class=\"wp-block-heading\">(Mannheim) &#8211; Unfallflucht; Zeugen gesucht<\/h4>\n\n\n\n<p>Ein bislang unbekannter Autofahrer besch\u00e4digte vermutlich beim Ein- o-der Ausparken einen VW-Golf, der am Dienstagvormittag, zwischen 10 Uhr und 10.45 Uhr auf dem Aldi-Parkplatz in der Neckarauer Stra\u00dfe ab-gestellt war. Der Sachschaden betr\u00e4gt rund 2.000.- Euro. Zeugen werden gebeten, sich mit dem Polizeirevier Mannheim-Neckarau, Tel.: 0621\/83397-0 in Verbindung zu setzen. <\/p>\n\n\n\n<h4 class=\"wp-block-heading\">(Mannheim-Innenstadt) &#8211; Hund schnappt zu \/ Weitere Verletzte?<\/h4>\n\n\n\n<p>Am fr\u00fchen Dienstagabend wurde ein 17-J\u00e4hriger am Quadrat P 1 von einem Hund gebissen und dabei leicht verletzt &#8211; das Polizeirevier Mannheim-Innenstadt hat die Ermittlungen aufgenommen. <\/p>\n\n\n\n<p>Der Jugendliche ging kurz nach 17 Uhr mit einem Bekannten zu Fu\u00df an dem angeleinten Hund und seinem &#8222;Herrchen&#8220; vorbei. Ohne Vorwarnung Biss der R\u00fcde dann zweimal zu, sodass der 17-J\u00e4hrige an Arm und Bauch verletzt wurde. Offenbar blieb dies beim Hundehalter unbemerkt, da dieser einfach weiterging. Der gl\u00fccklicherweise nur leicht Verletzte informierte daraufhin die Polizei. Nur wenig sp\u00e4ter wurde der kaum zu \u00fcbersehende Hund, ein ausgewachsener Kangal, und sein ebenfalls 17-j\u00e4hriges Herrchen angetroffen und kontrolliert. Da der Hund auch w\u00e4hrend der Kontrolle einen unkontrollierten Eindruck machte, wurde der Halter angewiesen den gut gef\u00fcllten Innenstadtbereich zu verlassen. Da nicht auszuschlie\u00dfen ist, dass der Hund m\u00f6glicherweise auch andere Passanten im innerst\u00e4dtischen Bereich gebissen hat, werden weitere Verletzte gesucht, die sich bislang nicht an die Polizei gewandt haben. Diese werden gebeten, sich unter 0621 12580 an die Beamten zu wenden. Gegen den 17-j\u00e4hrigen Hundehalter wird nun wegen fahrl\u00e4ssiger K\u00f6rperverletzung ermittelt. Zudem wurden bereits erste Schritte zur \u00dcberpr\u00fcfung des Hundes eingeleitet. <\/p>\n\n\n\n<h4 class=\"wp-block-heading\">(Mannheim-Neckarstadt) &#8211; Brand einer K\u00fcche<\/h4>\n\n\n\n<p>Eine in Brand geratene K\u00fcche war der Grund f\u00fcr einen Feuerwehreinsatz in der Nacht von Dienstag auf Mittwoch in der Rainweidenstra\u00dfe. Ein Bewohner des betroffenen Mehrfamilienhauses wurde gegen 01:20 Uhr auf den alarmschlagenden Rauchmelder seines Nachbarn aufmerksam. Als er bei ihm Nachschau hielt, stand ein Teil der K\u00fcche bereits in Flammen. Rasch informierte der Zeuge alle anderen Bewohner, sodass diese das Haus unverletzt verlassen konnten. Trotz des schnellen Eingreifens der Feuerwehr Mannheim entstand in der betroffenen Wohnung ein Schaden von mindestens 30.000 Euro. Diese ist vorerst unbewohnbar. Wieso es zu dem Brand kam ermitteln nun die Brandexperten des Polizeireviers Mannheim-Neckarstadt. <\/p>\n\n\n\n<h4 class=\"wp-block-heading\">(Mannheim-Neckarau) &#8211; Diebstahl am Strandbad \/ Zeugen gesucht<\/h4>\n\n\n\n<p>Am Dienstagnachmittag gegen 15.00 Uhr nahm eine 20-J\u00e4hrige am Strandbad in der N\u00e4he der &#8222;Silberpappel&#8220; gemeinsam mit ihren Freunden ein Bad im Rhein. Ihren Rucksack lie\u00df sie w\u00e4hrenddessen unbeaufsichtigt am Ufer zur\u00fcck. Kurz darauf beobachtete sie zwei M\u00e4nner, die sich im Vorbeigehen offensichtlich f\u00fcr ihre pers\u00f6nlichen Gegenst\u00e4nde interessierten. Die Unbekannten gingen weiter. Einer der beiden kam mit einem Fahrrad zur\u00fcck, nahm den Rucksack an sich und fuhr weg. Die Bem\u00fchungen eines Zeugen, den Unbekannten zu verfolgen und zu stellen, blieben erfolglos. Der Rucksack wurde sp\u00e4ter in der N\u00e4he im Geh\u00f6lz aufgefunden. Entwendet wurde hieraus gl\u00fccklicherweise nichts. <\/p>\n\n\n\n<p><strong><em>Der unbekannten T\u00e4ter wird wie folgt beschrieben: <\/em><\/strong><\/p>\n\n\n\n<ul><li>ca. 40 Jahre alt<\/li><li>ca. 170 cm gro\u00df<\/li><li>korpulent<\/li><li>dichte kurze schwarze Haare<\/li><li>Er trug eine auff\u00e4llige gro\u00dfe Silberkette und f\u00fchrte ein orange-goldenes Mountainbike mit sehr breiten Reifen mit sich. <\/li><\/ul>\n\n\n\n<ul><li>Der zweite Unbekannte, der den T\u00e4ter zuvor begleitet hatte, soll gro\u00df und schlank gewesen sein. <\/li><\/ul>\n\n\n\n<p>Zeugen, die Hinweise auf den T\u00e4ter geben k\u00f6nnen, werden gebeten, sich beim Polizeirevier Neckarau unter der Rufnummer 0621\/83397-0 zu melden. <\/p>\n\n\n\n<h4 class=\"wp-block-heading\">(Mannheim-Rheinau) &#8211; Schwer verletzter Fahrradfahrer \/ Zeugen gesucht<\/h4>\n\n\n\n<p>Bereits am Donnerstag, den 28.05.2020, kam es in der Duisburger Stra\u00dfe zu einem schweren Verkehrsunfall &#8211; das Geschehen ist bislang aber v\u00f6llig unklar. Ein Zeuge wurde um 23.30 Uhr auf einen Mann aufmerksam der nahe der Ruhrorter Stra\u00dfe neben seinem besch\u00e4digten Fahrrad auf dem Boden sa\u00df. Da der 30-J\u00e4hrige offensichtliche Verletzung hatte verst\u00e4ndigte der Zeuge den Rettungsdienst. Da der Fahrradfahrer aufgrund der erlittenen Verletzungen keine Erinnerungen mehr an den Unfall hat, sucht der Verkehrsdienst Mannheim Zeugen des Geschehens. Hinweisgeber werden gebeten, sich unter 0621 174-4222 zu melden. <\/p>\n\n\n\n<h4 class=\"wp-block-heading\">(Mannheim-Vogelstang) &#8211; Heinz E. vermisst, Polizeihubschrauber im Einsatz \/ \u00d6ffentlichkeitsfahndung der Polizei<\/h4>\n\n\n\n<figure class=\"wp-block-image\"><img decoding=\"async\" src=\"https:\/\/speyer24news.com\/wp-content\/uploads\/2020\/01\/Hubschrauber-bei-Personensuche.jpeg\" alt=\"\" class=\"wp-image-24211\"\/><\/figure>\n\n\n\n<p>Seit Montagnachmittag gilt Heinz E. aus Mannheim als vermisst. Die Polizei geht davon aus, dass sich der 82-J\u00e4hrige in einer hilflosen Lage befinden k\u00f6nnte. <\/p>\n\n\n\n<p>Der Vermisste verlie\u00df um 16 Uhr seine Wohnanschrift in Mannheim-Vogelstang und kehrte seitdem nicht mehr zur\u00fcck. <\/p>\n\n\n\n<p><strong><em>Heinz E. kann wie folgt beschrieben werden: <\/em><\/strong><\/p>\n\n\n\n<ul><li><strong>m\u00e4nnlich<\/strong><\/li><li><strong>westeurop\u00e4isches Erscheinungsbild<\/strong><\/li><li><strong>zwischen 1,60m und 1,65m gro\u00df<\/strong><\/li><li><strong>dunkelblonde\/graue Halbglatze<\/strong><\/li><li><strong>spricht Hochdeutsch und <\/strong><\/li><li><strong>ist bekleidet mit einer blauen Stoffm\u00fctze, blauen Jacke, rot\/blau kariertem Hemd, hellgraue Stoffhose und schwarzen Sportschuhen. <\/strong><\/li><\/ul>\n\n\n\n<p>Bereits am gestrigen Abend wurden umfangreiche polizeiliche Ma\u00dfnahmen zum Auffinden des Vermissten getroffen, welche allerdings bislang erfolglos blieben. <\/p>\n\n\n\n<p>Am Dienstagnachmittag war zudem ein Polizeihubschrauber im Einsatz.  <\/p>\n\n\n\n<p>Hinweise auf den Aufenthaltsort des Gesuchten nimmt die Kriminalpolizei unter Telefon 0621\/174-4444 oder jede andere Polizeidienststelle entgegen.<\/p>\n\n\n\n<h2 class=\"wp-block-heading\">Vermisster Heinz E. wieder da!<\/h2>\n\n\n\n<h2 class=\"wp-block-heading\" style=\"text-align:center\">R\u00fccknahme der Fahndung<\/h2>\n\n\n\n<p>Der seit Montagabend vermisste Heinz E. aus Mannheim wurde in den fr\u00fchen Abendstunden am heutigen Dienstag wohlbehalten in der Mannheimer Innenstadt angetroffen. <\/p>\n\n\n\n<p>Die polizeiliche Fahndung wird zur\u00fcckgezogen.<\/p>\n\n\n\n<h4 class=\"wp-block-heading\">(Heidelberg \/ Mannheim \/ Rhein-Neckar-Kreis) &#8211; Betr\u00fcger haben es auf das Geld von Vereinen abgesehen<\/h4>\n\n\n\n<p>&#8222;Hallo, ich m\u00f6chte dich bitte, eine \u00dcberweisung  vorzunehmen, hier die Bankverbindung&#8230;&#8230;&#8220;. So oder so \u00e4hnlich beginnen Emails, die angeblich vom Vereinsvorsitzenden an den Kassenwart \/ Schatzmeister geschickt werden. Problem dabei: die Mails sind gef\u00e4lscht und die F\u00e4lschung ist nur bei genauen Hinsehen erkennbar. Ist die \u00dcberweisung erst einmal get\u00e4tigt, ist das Geld weg. Meistens handelt es sich dabei um Summen, bei denen nicht genauer nachgefragt wird. Erscheint dann auch der Grund noch plausibel, dann passt ja alles. Gro\u00df ist das Erstaunen dann erst, wenn der Vereinsvorsitzende von der &#8222;g\u00fcnstigen neuen PC-Einheit&#8220;  gar nichts wei\u00df. <\/p>\n\n\n\n<p><strong>Deshalb gilt: Uffbasse! <\/strong><\/p>\n\n\n\n<p>Betr\u00fcger greifen die Daten, die sie dazu brauchen, oft im Internet ab. Die Homepages von Vereinen bieten dazu alle Namen und m\u00f6glicherweise auch noch die Kontoverbindungen. Bei Ausgaben, die nicht direkt mit dem Vereinsvorstand abgesprochen sind und sozusagen &#8222;kurzfristig und schnell&#8220; erledigt werden sollen, ist h\u00f6chste Vorsicht geboten. Eine pers\u00f6nliche Kontaktaufnahme mit dem Vereinsvorsitzenden kann den Betrug noch verhindern! Bleiben Sie misstrauisch. <\/p>\n\n\n\n<p>Nicht weniger perfide sind Betr\u00fcger, die einen \u00dcberweisungstr\u00e4ger mit einer Unterschrift des Vereinsvorsitzenden versehen und einfach beim Geldinstitut einwerfen. Vereine sollten deshalb mit ihrem Geldinstitut kl\u00e4ren, wer bei \u00dcberweisungen zeichnungsberechtigt ist. Im Fall der F\u00e4lle k\u00f6nnen die \u00dcberweisungen dann von der Bank noch rechtzeitig gestoppt werden. <\/p>\n\n\n\n<p>Weitere Informationen zum Thema sowie Tipps zur Pr\u00e4vention finden Sie jederzeit auf <a rel=\"noreferrer noopener\" href=\"http:\/\/www.polizei-beratung.de\/\" target=\"_blank\">www.polizei-beratung.de<\/a>. <\/p>\n\n\n\n<h4 class=\"wp-block-heading\">(Heidelberg-Altstadt) &#8211; Psychisch auff\u00e4llige Person z\u00fcndelt im Innenstadtbereich \/ kein Schaden entstanden<\/h4>\n\n\n\n<p>Gl\u00fccklicherweise hatten Z\u00fcndeleien einer 65-j\u00e4hrigen Frau im Bereich der M\u00e4rzgasse am Dienstagmorgen gegen 10:15 Uhr keine Folgen. Nachdem die Frau in einem Innenhof einen Briefkasten und auch vor einer Papiertonne einen Papierstapel angez\u00fcndet hatte, entz\u00fcndete sie au\u00dferdem einen weiteren Papierstapel neben einem geparkten Fahrzeug. Die gelegten Feuer gingen selbst\u00e4ndig aus und die Frau konnte kurze Zeit sp\u00e4ter durch eine Polizeistreife des Polizeireviers Heidelberg-Mitte festgenommen werden. Sie wurde in eine Psychiatrie eingeliefert. Au\u00dfer den verbrannten Papierstapeln entstand weder Personen-\/ noch Sachschaden. <\/p>\n\n\n\n<h4 class=\"wp-block-heading\">(Heidelberg-Neuenheim) &#8211; Bei Schl\u00e4gerei Stichverletzung erlitten \/ Zeugen gesucht<\/h4>\n\n\n\n<p>Das Polizeirevier Heidelberg-Nord sucht Zeugen einer Schl\u00e4gerei am Dienstag gegen 00:30 Uhr in der Tiergartenstra\u00dfe im Stadtteil Neuenheim. Vor einer dortigen Shisha-Bar gerieten offenbar mehrere Personen in Streit, wobei einer der Beteiligten eine Stichverletzung im Oberschenkel davontrug, die im Krankenhaus behandelt werden musste. Es ist derzeit Gegenstand der Ermittlungen, durch wen die Stichverletzung verursacht worden ist. Zeugen, die sachdienliche Hinweise geben k\u00f6nnen, werden gebeten, diese unter der Rufnummer 06221\/4569-0 mitzuteilen. <\/p>\n\n\n\n<h4 class=\"wp-block-heading\">(Hockenheim \/ A 6 \/ Rhein-Neckar-Kreis) &#8211; Zwei Tatverd\u00e4chtige wegen des illegalen Besitzes von Bet\u00e4ubungsmitteln in nicht geringer Menge in Untersuchungshaft<\/h4>\n\n\n\n<h4 class=\"wp-block-heading\">Gemeinsame Pressemitteilung der Staatsanwaltschaft Mannheim und des Polizeipr\u00e4sidiums Mannheim. <\/h4>\n\n\n\n<div class=\"wp-block-image\"><figure class=\"aligncenter\"><img decoding=\"async\" loading=\"lazy\" width=\"800\" height=\"657\" src=\"https:\/\/speyer24news.com\/wp-content\/uploads\/2020\/06\/BAB_6_Hockenheim_Btm_02062020.jpg\" alt=\"\" class=\"wp-image-27648\" srcset=\"https:\/\/speyer24news.com\/wp-content\/uploads\/2020\/06\/BAB_6_Hockenheim_Btm_02062020.jpg 800w, https:\/\/speyer24news.com\/wp-content\/uploads\/2020\/06\/BAB_6_Hockenheim_Btm_02062020-300x246.jpg 300w, https:\/\/speyer24news.com\/wp-content\/uploads\/2020\/06\/BAB_6_Hockenheim_Btm_02062020-768x631.jpg 768w\" sizes=\"(max-width: 800px) 100vw, 800px\" \/><\/figure><\/div>\n\n\n\n<p>Auf Antrag der Staatsanwaltschaft Mannheim wurde gegen zwei M\u00e4nner aus Serbien Haftbefehl erlassen. Die beiden 30 und 23 Jahre alten M\u00e4nner stehen im dringenden Verdacht, unerlaubt Bet\u00e4ubungsmittel in nicht geringer Menge besessen zu haben. <\/p>\n\n\n\n<p>Die beiden Beschuldigten wurden am vergangenen Freitag den 29.05.2020 gegen 16 Uhr durch eine Streife des Fahndungsdienstes der Verkehrspolizei auf der BAB 6 in Fahrtrichtung Heilbronn auf der Tank- und Rastanlage Hockenheim einer Verkehrskontrolle unterzogen. Bei der Durchsuchung des Fahrzeugs wurden im Kofferraum, versteckt in einer Waschmittelpackung, mehrere eingeschwei\u00dfte Kunststoffbeutel mit insgesamt 6 kg Amphetamin festgestellt. Unter dem Beifahrersitz wurde des Weiteren ein eingeschwei\u00dfter Beutel mit 100 g Kokain aufgefunden. <\/p>\n\n\n\n<p>Durch den Ermittlungsrichter am Amtsgericht Mannheim wurde daraufhin am 30.05.2020 Haftbefehl gegen die beiden Beschuldigten erlassen. Sie wurden anschlie\u00dfend in eine Justizvollzugsanstalt eingeliefert. <\/p>\n\n\n\n<p>Der Ermittlungen der Staatsanwaltschaft Mannheim und des Rauschgiftdezernats der Kriminalpolizeidirektion Heidelberg dauern an. <\/p>\n\n\n\n<h4 class=\"wp-block-heading\">(Plankstadt \/ Rhein-Neckar-Kreis) &#8211; Tonnenweise Buntmetall entwendet, Kriminalpolizei ermittelt \/ Zeugen gesucht<\/h4>\n\n\n\n<div class=\"wp-block-image\"><figure class=\"aligncenter\"><img decoding=\"async\" loading=\"lazy\" width=\"800\" height=\"450\" src=\"https:\/\/speyer24news.com\/wp-content\/uploads\/2020\/06\/wire-2681887_1920.jpg\" alt=\"\" class=\"wp-image-27649\" srcset=\"https:\/\/speyer24news.com\/wp-content\/uploads\/2020\/06\/wire-2681887_1920.jpg 800w, https:\/\/speyer24news.com\/wp-content\/uploads\/2020\/06\/wire-2681887_1920-300x169.jpg 300w, https:\/\/speyer24news.com\/wp-content\/uploads\/2020\/06\/wire-2681887_1920-768x432.jpg 768w, https:\/\/speyer24news.com\/wp-content\/uploads\/2020\/06\/wire-2681887_1920-678x381.jpg 678w\" sizes=\"(max-width: 800px) 100vw, 800px\" \/><\/figure><\/div>\n\n\n\n<p>Mehr als 30 Tonnen Metall im Wert von mindestens 180.000 Euro entwendeten dreiste Einbrecher in der Nacht von Montag auf Dienstag aus einer Lagerhalle &#8211; die Kriminalpolizei Mannheim hat die Ermittlungen aufgenommen und sucht nach Zeugen! <\/p>\n\n\n\n<p>In der Zeit von Montagabend um 23 Uhr bis Dienstagmorgen um 5 Uhr brachen bislang Unbekannte in die Lagerhalle eines metallverarbeitenden Betriebs in der Brauereistra\u00dfe ein und entwendeten daraus tonnenweise Buntmetall. Nachdem die Einbrecher ein Rolltor aufgeschoben hatten, \u00f6ffneten sie dieses komplett um mit einem Lkw in die Halle einzufahren. Darin luden die T\u00e4ter mit einem Kran gezielt das wertvolle Metall auf die Ladefl\u00e4che. <\/p>\n\n\n\n<p>Nach derzeitigem Ermittlungsstand ist davon auszugehen, dass die T\u00e4ter zum Abtransport einen dreiachsigen Lkw nutzten und m\u00f6glicherweise mehrmals in der Nacht Metall vom Tatort abtransportierten. <\/p>\n\n\n\n<p>Zeugen des Geschehens oder Hinweisgeber, die verd\u00e4chtige Wahrnehmungen gemacht haben, werden gebeten, sich unter 0621 174-4444 an die Ermittler zu wenden. <\/p>\n\n\n\n<h4 class=\"wp-block-heading\">(Dielheim \/ Rhein-Neckar-Kreis) &#8211; Bewaffneter Raub\u00fcberfall<\/h4>\n\n\n\n<h4 class=\"wp-block-heading\" style=\"text-align:center\">Pressemitteilung Nr. 1<\/h4>\n\n\n\n<div class=\"wp-block-image\"><figure class=\"aligncenter\"><img decoding=\"async\" src=\"https:\/\/speyer24news.com\/wp-content\/uploads\/2020\/05\/Polizei.jpg\" alt=\"\" class=\"wp-image-26963\"\/><\/figure><\/div>\n\n\n\n<p>Aktuell fahndet die Polizei mit starken Kr\u00e4ften nach einem T\u00e4ter nach einem bewaffneten Raub\u00fcberfall auf eine DHL-Filliale in der Hauptstra\u00dfe in Dielheim. Dabei ist auch ein Polizeihubschrauber im Einsatz. <\/p>\n\n\n\n<p>Gegen 18:00 Uhr bedrohte ein maskierte Mann zwei Angestellte und forderte Bargeld. <\/p>\n\n\n\n<p><strong><em>Anschlie\u00dfend fl\u00fcchtete der:<\/em><\/strong><\/p>\n\n\n\n<ul><li><strong>ca. 190 cm gro\u00df<\/strong><\/li><li><strong>100 kg schwere <\/strong><\/li><li><strong>mit einem wei\u00dfen T-Shirt\/Hemd und <\/strong><\/li><li><strong>dunkler Jeans bekleidete Mann. <\/strong><\/li><\/ul>\n\n\n\n<p>Zeugen die dazu Hinweise geben k\u00f6nnen, werden gebeten sich unter der 110 zu melden. <\/p>\n\n\n\n<h4 class=\"wp-block-heading\">(Dielheim \/ Rhein-Neckar-Kreis) &#8211; Bewaffneter Raub\u00fcberfall auf Deutsche Postfiliale<\/h4>\n\n\n\n<h4 class=\"wp-block-heading\" style=\"text-align:center\">Pressemeldung Nr. 2<\/h4>\n\n\n\n<div class=\"wp-block-image\"><figure class=\"aligncenter\"><img decoding=\"async\" src=\"https:\/\/speyer24news.com\/wp-content\/uploads\/2020\/06\/Maskierter-T\u00e4ter-1024x941-1024x941.jpg\" alt=\"\" class=\"wp-image-27650\"\/><\/figure><\/div>\n\n\n\n<p>Die Kriminalpolizei in Heidelberg fahndet nach einem Raub auf eine Postfiliale in der Hauptstra\u00dfe nach einem unbekannten T\u00e4ter. Am Dienstagabend betrat ein maskierter und mit einer Pistole bewaffneter T\u00e4ter kurz vor Ladenschluss gegen 18.00 Uhr die Postfiliale in der Hauptstra\u00dfe \u00fcber den Zugang f\u00fcr Paketzusteller. Er \u00fcberw\u00e4ltigte zwei anwesende Angestellte und forderte die Herausgabe des Geldes aus dem Tresor. Hierbei wurden beide leicht verletzt. Eine im Verkaufsraum anwesende Kundin konnte fliehen. In einem unbeobachteten Moment konnte eine der Angestellten den Notfall-Alarm ausl\u00f6sen. Mit einer Beute von mehreren Hundert Euro fl\u00fcchtete der Unbekannte wieder \u00fcber den Lieferanteneingang. Die eingeleiteten Fahndungsma\u00dfnahmen blieben bislang ohne Erfolg. Die weiteren Ermittlungen f\u00fchrt das Raubdezernat der Kriminalpolizeidirektion Heidelberg. <\/p>\n\n\n\n<p><strong>Den Unbekannten konnten die Angestellten wie folgt beschreiben:<\/strong><\/p>\n\n\n\n<ul><li><strong>m\u00e4nnlich<\/strong><\/li><li><strong>ca. 190 cm gro\u00df und <\/strong><\/li><li><strong>korpulent<\/strong><\/li><li><strong>bekleidet mit einer dunklen Jeans und einem wei\u00dfen Hemd\/ Shirt. <\/strong><\/li><li><strong>Er trug eine schwarze, gestrickte Sturmhaube und f\u00fchrte einen dunklen Rucksack mit sich. <\/strong><\/li><\/ul>\n\n\n\n<p>Zeugen, die Hinweise auf den T\u00e4ter geben k\u00f6nnen, werden gebeten, sich beim Kriminaldauerdienst der Kriminalpolizeidirektion Heidelberg unter der Rufnummer 0621\/174-4444 zu melden. <\/p>\n\n\n\n<h4 class=\"wp-block-heading\">(Wiesloch \/ Rhein-Neckar-Kreis) &#8211; Einbruch in Firmengeb\u00e4ude \/ Zeugen gesucht!<\/h4>\n\n\n\n<p>In der Zeit von Freitag 13:30 Uhr bis Dienstag 7 Uhr brachen Unbekannte in das Geb\u00e4ude einer Firma f\u00fcr Autoschilder in der Stra\u00dfe &#8222;In den Wein\u00e4ckern&#8220; ein und entwendeten aus einem Tresor etwa 400 Euro Bargeld. Zur Tatausf\u00fchrung warfen der oder die T\u00e4ter ein Fenster ein und gelangten auf diesem Wege in das Geb\u00e4ude. <\/p>\n\n\n\n<p>Zeugen, die sachdienliche Hinweise geben k\u00f6nnen, werden gebeten, diese dem Polizeirevier Wiesloch unter der Rufnummer 06222\/5709-0 mitzuteilen. <\/p>\n\n\n\n<h4 class=\"wp-block-heading\">(Mauer \/ Rhein-Neckar-Kreis) &#8211; Pkw aufgebrochen und mit Beute gefl\u00fcchtet \/ Zeugen gesucht!<\/h4>\n\n\n\n<p>Am Dienstagabend war eine 36-j\u00e4hrige Frau mit ihrem Hund auf einem Feldweg in H\u00f6he des &#8222;Kramerhof&#8220; unterwegs und erwischte bei R\u00fcckkehr zu ihrem Fahrzeug eine m\u00e4nnliche Person in flagranti, w\u00e4hrend diese ihren Pkw aufbrach. Bei Erkennen der Eigent\u00fcmerin stieg der Mann auf der Beifahrerseite eines dunklen Kleinwagens ein und fl\u00fcchtete in Richtung Schatthausen. Der T\u00e4ter hatte \u00fcber eine zuvor eingeschlagene Scheibe aus dem Auto der Frau eine Plastikt\u00fcte entwendet, in der sich der Geldbeutel mit Ausweisdokumenten, die EC-Karte und 50 Euro Bargeld sowie ein Schl\u00fcsselbund befanden. <\/p>\n\n\n\n<p><strong><em>Die Frau konnte den Mann wie folgt beschreiben: <\/em><\/strong><\/p>\n\n\n\n<ul><li><strong>ca. 180 cm gro\u00df <\/strong><\/li><li><strong>s\u00fcdl\u00e4ndisches Aussehen <\/strong><\/li><li><strong>schlanke, sportliche Figur <\/strong><\/li><li><strong>kurze dunkle Haare <\/strong><\/li><li><strong>bekleidet mit einem hellen Oberteil und einer dunklen Hose <\/strong><\/li><\/ul>\n\n\n\n<p>Trotz einer sofort eingeleiteten Fahndung verlief die Suche der Polizei erfolglos. Das Polizeirevier Neckargem\u00fcnd bittet Zeugen, die sachdienliche Hinweise geben k\u00f6nnen, diese unter der Rufnummer 06223\/9254-0 mitzuteilen. <\/p>\n\n\n\n<h4 class=\"wp-block-heading\">(Sinsheim \/ Rhein-Neckar-Kreis) &#8211; Vorfahrtsverletzung; Unfall im Einm\u00fcndungsbereich<\/h4>\n\n\n\n<p>Bei einem Verkehrsunfall am Dienstagvormittag, kurz nach 9 Uhr, ent-stand ein Gesamtschaden von rund 5.000.- Euro. Ein 81-j\u00e4hriger Opel-Fahrer war auf der General-Sigel-Stra\u00dfe unterwegs und \u00fcbersah eine 54-j\u00e4hrige Peugeot-Fahrerin, die von rechts aus der Friedrich-Ebert-Stra\u00dfe kam. Durch die Kollision wurde das Fahrzeug der 54-J\u00e4hrigen abgewiesen und prallte anschlie\u00dfend noch gegen einen geparkten Fiat. Verletzt wurde zum Gl\u00fcck niemand.<\/p>\n\n\n\n<h4 class=\"wp-block-heading\">(Sinsheim-Hilsbach \/ Rhein-Neckar-Kreis) &#8211; Unfall aufgrund &#8222;Sekundenschlafs&#8220;<\/h4>\n\n\n\n<p>Ein &#8222;Sekundenschlaf&#8220; d\u00fcrfte die Ursache f\u00fcr einen Verkehrsunfall gewe-sen sein, der sich am Dienstagnachmittag im Stadtteil Hilsbach ereignete. <\/p>\n\n\n\n<p>Ein 32-j\u00e4hriger Mercedes-Fahrer war auf der Stra\u00dfe &#8222;Unter der Stadt&#8220; in Richtung Kraichgaustra\u00dfe unterwegs, als er kurz nach der Einm\u00fcndung Ebersbacher Weg nach rechts von der Fahrbahn abkam und gegen einen geparkten Fiat prallte. <\/p>\n\n\n\n<p>Verletzt wurde zum Gl\u00fcck niemand. Der Sachschaden betr\u00e4gt \u00fcber 5.000.- Euro. <\/p>\n\n\n\n<p>Der F\u00fchrerschein des Mannes wurde sichergestellt. Die Ermittlungen dauern an. <\/p>\n\n\n\n<h4 class=\"wp-block-heading\">(Hemsbach \/ Rhein-Neckar-Kreis) &#8211; Neubaueinbruch; hochwertige Ger\u00e4te entwendet; Zeugen gesucht<\/h4>\n\n\n\n<p>Bei einem Einbruch \u00fcber das Pfingstwochenende, zwischen Freitag und Montag, wurde in den Neubau einer zuk\u00fcnftigen Pflegeeinrichtung in der Carl-Benz-Stra\u00dfe eingebrochen. Die Eindringlinge entwendeten aus dem Lager eine elektrische Sackkarre, eine Tischs\u00e4ge und eine Kreiss\u00e4ge im Wert von rund 4.000.- Euro. Die Ger\u00e4te d\u00fcrften mit einem Fahrzeug ab-transportiert worden sein. Hinweise zum Einbruch, zu verd\u00e4chtigen Per-sonen und Fahrzeugen bitte an den Polizeiposten Hemsbach, Tel.: 06201\/71207 oder an das Polizeirevier Weinheim, Tel.: 06201\/1003-0. <\/p>\n","protected":false},"excerpt":{"rendered":"<div class=\"mh-excerpt\"><p>Polizeimeldungen vom Mittwoch (03.06.2020) (Speyer) &#8211; Unerlaubt von der Unfallstelle entfernt Am Dienstagmittag kam es zu einem Unfall, bei welchem ein parkender BMW, der in der Zeit von 13:10 Uhr bis 16:15 Uhr auf dem <a class=\"mh-excerpt-more\" href=\"https:\/\/speyer24news.com\/?p=27640\" title=\"Polizei\">[&#8230;]<\/a><\/p>\n<\/div>","protected":false},"author":3,"featured_media":0,"comment_status":"open","ping_status":"open","sticky":false,"template":"","format":"standard","meta":{"_monsterinsights_skip_tracking":false,"_monsterinsights_sitenote_active":false,"_monsterinsights_sitenote_note":"","_monsterinsights_sitenote_category":0,"footnotes":""},"categories":[12],"tags":[3614,61,2555,6955,6986,6263,63,105,6987,53,4854,4683,1548,102,213,55,5261,103,106,2803,2423,427,2625,380,62,104,979,1565],"aioseo_notices":[],"amp_enabled":true,"_links":{"self":[{"href":"https:\/\/speyer24news.com\/index.php?rest_route=\/wp\/v2\/posts\/27640"}],"collection":[{"href":"https:\/\/speyer24news.com\/index.php?rest_route=\/wp\/v2\/posts"}],"about":[{"href":"https:\/\/speyer24news.com\/index.php?rest_route=\/wp\/v2\/types\/post"}],"author":[{"embeddable":true,"href":"https:\/\/speyer24news.com\/index.php?rest_route=\/wp\/v2\/users\/3"}],"replies":[{"embeddable":true,"href":"https:\/\/speyer24news.com\/index.php?rest_route=%2Fwp%2Fv2%2Fcomments&post=27640"}],"version-history":[{"count":2,"href":"https:\/\/speyer24news.com\/index.php?rest_route=\/wp\/v2\/posts\/27640\/revisions"}],"predecessor-version":[{"id":27651,"href":"https:\/\/speyer24news.com\/index.php?rest_route=\/wp\/v2\/posts\/27640\/revisions\/27651"}],"wp:attachment":[{"href":"https:\/\/speyer24news.com\/index.php?rest_route=%2Fwp%2Fv2%2Fmedia&parent=27640"}],"wp:term":[{"taxonomy":"category","embeddable":true,"href":"https:\/\/speyer24news.com\/index.php?rest_route=%2Fwp%2Fv2%2Fcategories&post=27640"},{"taxonomy":"post_tag","embeddable":true,"href":"https:\/\/speyer24news.com\/index.php?rest_route=%2Fwp%2Fv2%2Ftags&post=27640"}],"curies":[{"name":"wp","href":"https:\/\/api.w.org\/{rel}","templated":true}]}}