{"id":27707,"date":"2020-06-05T05:59:55","date_gmt":"2020-06-05T04:59:55","guid":{"rendered":"https:\/\/speyer24news.com\/?p=27707"},"modified":"2020-06-05T05:59:55","modified_gmt":"2020-06-05T04:59:55","slug":"wirtschaft-finanzen-45","status":"publish","type":"post","link":"https:\/\/speyer24news.com\/?p=27707","title":{"rendered":"Wirtschaft &#038; Finanzen"},"content":{"rendered":"<style type=\"text\/css\">\r\n\t.ads_top_disp{}\r\n\t.ads_top_corner_disp{ float:left; margin:0px 10px 10px 0px; }\r\n\t.ads_first_p_disp{}\r\n\t.ads_bottom_disp{}\r\n\t<\/style>\n<h2 class=\"wp-block-heading\">Verkauf des Collini-Centers: Deutsche Wohnwerte erh\u00e4lt Zuschlag<\/h2>\n\n\n\n<div class=\"wp-block-image\"><figure class=\"aligncenter\"><img decoding=\"async\" loading=\"lazy\" width=\"800\" height=\"419\" src=\"https:\/\/speyer24news.com\/wp-content\/uploads\/2020\/06\/PK-Collini-Center-K.-Zech-OB-Kurz-BM-Quast.jpg\" alt=\"\" class=\"wp-image-27709\" srcset=\"https:\/\/speyer24news.com\/wp-content\/uploads\/2020\/06\/PK-Collini-Center-K.-Zech-OB-Kurz-BM-Quast.jpg 800w, https:\/\/speyer24news.com\/wp-content\/uploads\/2020\/06\/PK-Collini-Center-K.-Zech-OB-Kurz-BM-Quast-300x157.jpg 300w, https:\/\/speyer24news.com\/wp-content\/uploads\/2020\/06\/PK-Collini-Center-K.-Zech-OB-Kurz-BM-Quast-768x402.jpg 768w\" sizes=\"(max-width: 800px) 100vw, 800px\" \/><figcaption>Neuer Investor Collini-Center:  v.l.:  Kurt Zech (Vorstandsvorsitzender der Zech Group SE), OB Dr. Peter Kurz und BM Lothar Quast <em>(Foto: Thomas Troester)<\/em><\/figcaption><\/figure><\/div>\n\n\n\n<p><strong>Mannheim &#8211; <\/strong>Nach 45 Jahren ver\u00e4u\u00dfert die Stadtverwaltung Mannheim das Verwaltungsgeb\u00e4ude des Collini-Centers. Der Verkauf erfolgt nach Konzeptvergabe, um das Stadtgebiet aufzuwerten und weiterzuentwickeln. Das Ziel war eine hochwertige und st\u00e4dtebaulich passende L\u00f6sung unter Ber\u00fccksichtigung der Quote f\u00fcr preisg\u00fcnstige Mietwohnungen. Im Rahmen des mehrstufigen wettbewerblichen Dialogs unter Hinzuziehung eines Fachgremiums und einer umfangreichen B\u00fcrgerbeteiligung wurden die Wettbewerbsentw\u00fcrfe bewertet und aus den sieben Entw\u00fcrfen ein Sieger gek\u00fcrt. Am Ende hatte die DEUTSCHE WOHNWERTE GmbH &amp; Co. KG aus Heidelberg das Investorenauswahlverfahren f\u00fcr sich entschieden und das beste Konzept f\u00fcr den Standort vorgelegt.<\/p>\n\n\n\n<div class=\"wp-block-image\"><figure class=\"aligncenter\"><img decoding=\"async\" loading=\"lazy\" width=\"800\" height=\"570\" src=\"https:\/\/speyer24news.com\/wp-content\/uploads\/2020\/06\/Collini-Center_Visualisierung1_Copyright.png\" alt=\"\" class=\"wp-image-27710\" srcset=\"https:\/\/speyer24news.com\/wp-content\/uploads\/2020\/06\/Collini-Center_Visualisierung1_Copyright.png 800w, https:\/\/speyer24news.com\/wp-content\/uploads\/2020\/06\/Collini-Center_Visualisierung1_Copyright-300x214.png 300w, https:\/\/speyer24news.com\/wp-content\/uploads\/2020\/06\/Collini-Center_Visualisierung1_Copyright-768x547.png 768w\" sizes=\"(max-width: 800px) 100vw, 800px\" \/><\/figure><\/div>\n\n\n\n<p>\u201eWir standen vor einer gro\u00dfen st\u00e4dtebaulichen Herausforderung. Das Collini-Center mit seinem 1970er-Jahre Brutalismus pr\u00e4gte \u00fcber vier Jahrzehnte das Mannheimer Stadtbild. Durch die Neuinterpretation des strukturalistischen Architekturkonzepts mit dem Charme einer freien Komposition gelingt es der DEUTSCHE WOHNWERTE auf beeindruckende Art und Weise, dieses Areal mit einer hochwertigen Qualit\u00e4t neu aufleben zu lassen\u201c, so Oberb\u00fcrgermeister Dr. Peter Kurz zum Wettbewerb, bei dem die Stadtverwaltung durch die Beteiligung der B\u00fcrgerschaft in einem anonymen Verfahren neue Wege eingeschlagen hatte. \u201eMit der DEUTSCHE WOHNWERTE GmbH &amp; Co. KG hat ein renommiertes und erfahrenes Unternehmen den Zuschlag erhalten\u201c, so Kurz weiter.<\/p>\n\n\n\n<p>\u201eDas Ergebnis des Wettbewerbs stimmt uns positiv, dass wir weiter Ma\u00dfst\u00e4be im St\u00e4dtebau setzen. Ziel war es, das beste Konzept zu finden und nicht den H\u00f6chstpreis zu erzielen. Hierdurch haben wir f\u00fcr diesen Standort einen beeindruckenden Entwurf erhalten. Dieser bringt nicht nur eine st\u00e4dtebauliche Verbesserung im Bereich zwischen Innenstadt und Neckar mit sich. Durch die umzusetzende Quote werden ebenso eine soziale Durchmischung des Stadtquartiers und eine nachhaltige Sicherung der lokalen Infrastruktur sichergestellt\u201c, erl\u00e4utert Baub\u00fcrgermeister Lothar Quast mit Blick auf den Siegerentwurf, der die Jury insbesondere durch das Nutzungs-, Freiraum- sowie Umwelt- und Klimakonzept \u00fcberzeugte. Ein weiteres Ziel war es, dass sich das Konzept in die urbane Nachbarschaft des zu erhaltenden Wohnturms respektvoll einf\u00fcgt und ein nachhaltiges Angebot hinsichtlich Geb\u00e4udestruktur, Nutzungskonzeption, Wege- und Gr\u00fcnvernetzung sowie unter energetischen Gesichtspunkten schafft.<\/p>\n\n\n\n<div class=\"wp-block-image\"><figure class=\"aligncenter\"><img decoding=\"async\" loading=\"lazy\" width=\"800\" height=\"570\" src=\"https:\/\/speyer24news.com\/wp-content\/uploads\/2020\/06\/Collini-Center_Visualisierung2_Copyright.png\" alt=\"\" class=\"wp-image-27713\" srcset=\"https:\/\/speyer24news.com\/wp-content\/uploads\/2020\/06\/Collini-Center_Visualisierung2_Copyright.png 800w, https:\/\/speyer24news.com\/wp-content\/uploads\/2020\/06\/Collini-Center_Visualisierung2_Copyright-300x214.png 300w, https:\/\/speyer24news.com\/wp-content\/uploads\/2020\/06\/Collini-Center_Visualisierung2_Copyright-768x547.png 768w\" sizes=\"(max-width: 800px) 100vw, 800px\" \/><\/figure><\/div>\n\n\n\n<p>\u201eEs freut mich au\u00dferordentlich, dass unsere Quartiersentwicklungsexperten, die DEUTSCHE WOHNWERTE, das Vertrauen seitens der Stadt Mannheim f\u00fcr dieses wichtige und einzigartige Entwicklungsprojekt geschenkt bekommen hat. Sie k\u00f6nnen sich darauf verlassen, dass wir mit aller Kraft und Zuverl\u00e4ssigkeit das Projekt erfolgreich entwickeln und realisieren werden. Daf\u00fcr stehen unser nachhaltiger Gesch\u00e4ftsansatz als familiengef\u00fchrtes Unternehmen und unsere umfassenden Kompetenzen und Ressourcen in der gesamten Wertsch\u00f6pfungskette der Immobilienwirtschaft. Dar\u00fcber hinaus freut es mich auch, dass wir uns neben unseren Aktivit\u00e4ten in Heidelberg, Offenbach und Frankfurt in der Region immer mehr etablieren\u201c, erkl\u00e4rt Kurt Zech, Vorstandsvorsitzender der Zech Group SE.<\/p>\n\n\n\n<p>\u201eWir sind stolz und dankbar gleicherma\u00dfen, dass die DEUTSCHE WOHNWERTE mit der Neuordnung des Areals betraut wurde\u201c, betont Gesch\u00e4ftsf\u00fchrer Thomas Dorant: \u201eMit unserem siegreichen Konzept werden wir echten Mehrwert f\u00fcr die Stadtgesellschaft und ein stadtbildpr\u00e4gendes Ensemble schaffen \u2013 einen Ort, an dem sich Wohnen, Arbeiten, Lernen, Erholung und Genuss in einzigartiger Synthese am Rande des Neckars verbinden und der die Spange zur Neckarstadt-Ost st\u00e4rkt.\u201c Thomas Esslinger, ebenfalls Gesch\u00e4ftsf\u00fchrer der DEUTSCHE WOHNWERTE, erg\u00e4nzt: \u201eUnser Unternehmen steht nicht nur f\u00fcr moderne, nutzerfreundliche und hochwertige Gestaltung sondern genauso f\u00fcr eine nachhaltige Bauweise und regenerative Energien. Das Quartier wird auch durch die vielen begr\u00fcnten Fl\u00e4chen und M\u00f6glichkeiten umweltfreundlicher Mobilit\u00e4t eine wesentliche Aufwertung erfahren. Und wir werden auf die Bed\u00fcrfnisse der Bewohner des Wohnturms auch w\u00e4hrend der Bauphase bestm\u00f6glich eingehen.\u201c<\/p>\n\n\n\n<div class=\"wp-block-image\"><figure class=\"aligncenter\"><img decoding=\"async\" loading=\"lazy\" width=\"800\" height=\"570\" src=\"https:\/\/speyer24news.com\/wp-content\/uploads\/2020\/06\/Collini-Center_Visualisierung3_Copyright.png\" alt=\"\" class=\"wp-image-27712\" srcset=\"https:\/\/speyer24news.com\/wp-content\/uploads\/2020\/06\/Collini-Center_Visualisierung3_Copyright.png 800w, https:\/\/speyer24news.com\/wp-content\/uploads\/2020\/06\/Collini-Center_Visualisierung3_Copyright-300x214.png 300w, https:\/\/speyer24news.com\/wp-content\/uploads\/2020\/06\/Collini-Center_Visualisierung3_Copyright-768x547.png 768w\" sizes=\"(max-width: 800px) 100vw, 800px\" \/><\/figure><\/div>\n\n\n\n<p>\u201eNachhaltiger St\u00e4dtebau, innovative Architektur und atmosph\u00e4rische Freiraumqualit\u00e4ten bilden ein klar ablesbares Gef\u00fcge aus Geb\u00e4uden, \u00f6ffentlichem Raum und halbprivaten Gartenh\u00f6fen, f\u00fchrt Dipl.-Ing. Architekt Christian Simons aus, Gesch\u00e4ftsf\u00fchrer der schneider+schumacher Planungsgesellschaft: \u201eVier neue \u2013 in der H\u00f6he differenzierte \u2013 fl\u00fcgelf\u00f6rmige Bauk\u00f6rper mit individueller architektonischer Auspr\u00e4gung treten in einen Dialog mit dem Bestand und bilden mit diesem zusammen ein neues Ensemble: \u201aDie COLLINIS\u2018.\u201c Dipl.-Ing. Landespflege A.W. Faust, Partner sinai Gesellschaft von Landschaftsarchitekten, erl\u00e4utert: \u201eJede Zeit hat ihre eigene Vorstellung von Stadt und damit von \u00d6ffentlichkeit. Bei den COLLINIS beobachten wir gerade eine bewusste Revision dieser Vorstellung. F\u00fcr uns im Mittelpunkt des Projekts steht nat\u00fcrlich die Entstehung eines neuen \u00f6ffentlichen Raums. Dieser Raum \u00f6ffnet als urbane Fuge ein gro\u00dfes Fenster zum Neckar. Er ist ein lebendiger Ort des Durchgangs f\u00fcr Fu\u00dfg\u00e4nger und Radfahrer, mit dem Zugang zum Collini-Steg.\u201c<\/p>\n\n\n\n<p>\u201eIn einer so gro\u00dfen Gemeinschaft wie bei den fast tausend Bewohnern des Collini-Wohnhauses gibt es verschiedenste W\u00fcnsche und Meinungen zur Neugestaltung. Durch die umfassende Beteiligung an der Vorbereitung und Planung des neuen Nutzungskonzepts konnte eine f\u00fcr die gro\u00dfe Mehrheit der Eigent\u00fcmer gut vertretbare L\u00f6sung gefunden werden\u201c, so Rainer Herzog, Verwaltungsbeirat der Collini-Wohnhaus-Eigent\u00fcmergemeinschaft, zu den nachbarschaftlichen Aspekten und der bisherigen Zusammenarbeit mit der Stadt Mannheim.<\/p>\n\n\n\n<div class=\"wp-block-image\"><figure class=\"aligncenter\"><img decoding=\"async\" loading=\"lazy\" width=\"800\" height=\"570\" src=\"https:\/\/speyer24news.com\/wp-content\/uploads\/2020\/06\/Collini-Center_Visualisierung4_Copyright.png\" alt=\"\" class=\"wp-image-27711\" srcset=\"https:\/\/speyer24news.com\/wp-content\/uploads\/2020\/06\/Collini-Center_Visualisierung4_Copyright.png 800w, https:\/\/speyer24news.com\/wp-content\/uploads\/2020\/06\/Collini-Center_Visualisierung4_Copyright-300x214.png 300w, https:\/\/speyer24news.com\/wp-content\/uploads\/2020\/06\/Collini-Center_Visualisierung4_Copyright-768x547.png 768w\" sizes=\"(max-width: 800px) 100vw, 800px\" \/><\/figure><\/div>\n\n\n\n<p>Die DEUTSCHE WOHNWERTE GmbH &amp; Co. KG ist ein renommierter Projektentwickler und Bautr\u00e4ger mit Sitz in Heidelberg. Seit 2007 konzipiert, entwickelt und realisiert das Unternehmen hochwertige Wohn- und gemischt genutzte Quartiere in erstklassiger Lage. Die DEUTSCHE WOHNWERTE steht f\u00fcr ganzheitliche Quartiersentwicklung im Dreiklang von St\u00e4dtebau, Architektur und Freiraumgestaltung und legt besonderen Wert auf die Ber\u00fccksichtigung von Nutzerbed\u00fcrfnissen wie auf nachhaltige Realisierung der Projekte im jeweiligen st\u00e4dtebaulichen Umfeld. Die DEUTSCHE WOHNWERTE ist ein Beteiligungsunternehmen der Zech Group aus Bremen und Mitglied der Deutschen Gesellschaft f\u00fcr Nachhaltiges Bauen (DGNB). Die DEUTSCHE WOHNWERTE wurde f\u00fcr den Kaufvertragsabschluss von bhp B\u00f6gner Hensel &amp; Partner aus Frankfurt juristisch begleitet.<\/p>\n\n\n\n<p>Weitere Informationen k\u00f6nnen unter <a href=\"http:\/\/www.mannheim-gemeinsam-gestalten.de\/dialoge\/collini-center\">www.mannheim-gemeinsam-gestalten.de\/dialoge\/collini-center<\/a> abgerufen werden.<\/p>\n\n\n\n<p><em>Text: Stadt Mannheim Foto: (1) Thomas Tr\u00f6ster; (2-5) Deutsche Wohnwerte<br>05.06.2020<\/em><\/p>\n\n\n\n<h2 class=\"wp-block-heading\">Trotz Corona gute Auftragslage<\/h2>\n\n\n\n<h3 class=\"wp-block-heading\">Bau-Tarifrunde startet <\/h3>\n\n\n\n<h4 class=\"wp-block-heading\">Bau von 174 Wohnungen in Speyer genehmigt<\/h4>\n\n\n\n<div class=\"wp-block-image\"><figure class=\"aligncenter\"><img decoding=\"async\" loading=\"lazy\" width=\"800\" height=\"533\" src=\"https:\/\/speyer24news.com\/wp-content\/uploads\/2020\/06\/Bauarbeiter-auf-Dach.jpg\" alt=\"\" class=\"wp-image-27708\" srcset=\"https:\/\/speyer24news.com\/wp-content\/uploads\/2020\/06\/Bauarbeiter-auf-Dach.jpg 800w, https:\/\/speyer24news.com\/wp-content\/uploads\/2020\/06\/Bauarbeiter-auf-Dach-300x200.jpg 300w, https:\/\/speyer24news.com\/wp-content\/uploads\/2020\/06\/Bauarbeiter-auf-Dach-768x512.jpg 768w\" sizes=\"(max-width: 800px) 100vw, 800px\" \/><figcaption>Schwer zu tragen: Bauarbeiter haben auch in der Corona-Krise viel zu tun. F\u00fcr sie fordert die Gewerkschaft IG BAU jetzt h\u00f6here L\u00f6hne und die Bezahlung von Fahrzeiten. <\/figcaption><\/figure><\/div>\n\n\n\n<p><strong>Speyer &#8211; <\/strong>Bau bleibt krisenfest: W\u00e4hrend die Corona-Pandemie ganze Wirtschaftszweige lahmlegt, ist auf Baustellen weiter viel zu tun. Das zeigt die Bilanz der Baugenehmigungen in Speyer: Danach wurde hier im vergangenen Jahr der Bau von 174 Wohnungen genehmigt, wie die IG Bauen-Agrar-Umwelt (IG BAU) mitteilt. Die Gewerkschaft beruft sich dabei auf Zahlen des Statistischen Bundesamts und Erfahrungen in der Baustoffindustrie. \u201eKlar ist: Trotz Corona sind die Auftragsb\u00fccher voll. Die Firmen arbeiten jetzt die Wohnungsbauprojekte vom Ein- bis zum Mehrfamilienhaus ab\u201c, sagt R\u00fcdiger Wunderlich, Bezirksvorsitzender der IG BAU Rheinhessen-Vorderpfalz.  <\/p>\n\n\n\n<p>Nun m\u00fcssten allerdings auch die Besch\u00e4ftigten davon profitieren. \u201eBauarbeiter sind nicht nur Garanten daf\u00fcr, dass wir genug Wohnraum haben. Sie leisten in der Krise seit Wochen einen entscheidenden Beitrag daf\u00fcr, dass die heimische Wirtschaft nicht v\u00f6llig abst\u00fcrzt\u201c, betont Wunderlich. Der Bau sei eine wichtige Lokomotive f\u00fcr die Konjunktur \u2013 auch in Speyer. Die IG BAU fordert deshalb in den anstehenden Tarifverhandlungen ein \u201ekr\u00e4ftiges Lohn-Plus\u201c. <\/p>\n\n\n\n<p>Au\u00dferdem sollen die Fahrzeiten zur Baustelle entsch\u00e4digt werden: \u201eHeute hier, morgen da \u2013 70, 80, 90 und mehr Kilometer am Tag sind f\u00fcr Bauarbeiter keine Seltenheit, sondern eher die Regel. Das sind Zeit und Nerven, die sie auf der Stra\u00dfe lassen\u201c, so Wunderlich. Bauleute k\u00f6nnten kein Home-Office machen. Viele s\u00e4\u00dfen t\u00e4glich zwei oder mehr Stunden im Auto, um auf die Baustelle zu kommen.  <\/p>\n\n\n\n<p>F\u00fcr die vielen gefahrenen Baukilometer und die dabei verlorene Lebenszeit m\u00fcsse es endlich eine Entsch\u00e4digung geben. Die Wegezeit sei deshalb f\u00fcr die IG BAU ein zentraler Punkt bei der Tarifrunde f\u00fcr die Baubranche, die am Dienstag (19. Mai) begann. Wegen der Corona-Krise waren die Verhandlungen zuvor verschoben worden. <\/p>\n\n\n\n<p><em>Industriegewerkschaft Bauen-Agrar-Umwelt<br>Bezirksverband Rheinhessen-Vorderpfalz<br>Mitgliederb\u00fcro Ludwigshafen<br>05.06.2020<\/em><\/p>\n\n\n\n<h1 class=\"wp-block-heading\" style=\"text-align:center\">Bundesagentur f\u00fcr Arbeit<\/h1>\n\n\n\n<figure class=\"wp-block-image\"><img decoding=\"async\" src=\"https:\/\/speyer24news.com\/wp-content\/uploads\/2020\/02\/Agentur-f\u00fcr-Arbeit-1.png\" alt=\"\" class=\"wp-image-25918\"\/><\/figure>\n\n\n\n<h2 class=\"wp-block-heading\"><strong>Der Arbeitsmarkt im Mai 2020<\/strong><\/h2>\n\n\n\n<h3 class=\"wp-block-heading\"><strong>Wegen der Corona-Krise weiter stark<\/strong> unter Druck<\/h3>\n\n\n\n<p><strong>N\u00fcrnberg \/ Deutschland &#8211; <\/strong>\u201eDer Arbeitsmarkt ist wegen der Corona-Pandemie weiterhin stark unter Druck. Arbeitslosigkeit und Unterbesch\u00e4ftigung sind auch im Mai gestiegen, allerdings nicht mehr so stark wie im April. Bei der Besch\u00e4ftigung sind erste Spuren sichtbar. Die Kurzarbeit hat das Niveau der Krise von 2009 deutlich \u00fcberschritten. Die Nachfrage der Betriebe nach neuen Mitarbeitern ist weiterhin r\u00fcckl\u00e4ufig, hat sich aber immerhin gefangen.\u201c, sagte der Vorstandsvorsitzende der Bundesagentur f\u00fcr Arbeit (BA), Detlef Scheele, am 03.06.2020 anl\u00e4sslich der monatlichen Pressekonferenz in N\u00fcrnberg.<\/p>\n\n\n\n<ul><li><strong>Arbeitslosenzahl im Mai: +169.000 auf 2.813.000<\/strong><\/li><li><strong>Arbeitslosenzahl im Vorjahresvergleich: +577.000<\/strong><\/li><li><strong>Arbeitslosenquote gegen\u00fcber Vormonat: +0,3 Prozentpunkte auf 6,1 Prozent<\/strong><\/li><\/ul>\n\n\n\n<h4 class=\"wp-block-heading\">Arbeitslosigkeit, Unterbesch\u00e4ftigung und Erwerbslosigkeit <\/h4>\n\n\n\n<p>Die Arbeitslosenzahl ist von April auf Mai infolge der Corona-Krise erneut kr\u00e4ftig gestiegen, wenn auch nicht mehr so stark wie im Vormonat. Mit 2.813.000 liegt sie 169.000 h\u00f6her als im Vormonat. Saisonbereinigt entspricht das einem Zuwachs um 238.000.<\/p>\n\n\n\n<p>Gegen\u00fcber dem Vorjahr hat sich die Arbeitslosenzahl um 577.000 erh\u00f6ht. Die Arbeitslosenquote steigt um 0,3 Prozentpunkte auf 6,1 Prozent und verzeichnet auch im Vergleich zum Mai des vorigen Jahres ein Plus von 1,2 Prozentpunkten. Die nach dem ILO-Erwerbskonzept vom Statistischen Bundesamt ermittelte Erwerbslosenquote belief sich im April auf 4,3 Prozent.<\/p>\n\n\n\n<p>Die Unterbesch\u00e4ftigung, die auch Ver\u00e4nderungen in der Arbeitsmarktpolitik und kurzfristiger Arbeitsunf\u00e4higkeit ber\u00fccksichtigt, hat sich saisonbereinigt gegen\u00fcber dem Vormonat um 170.000 erh\u00f6ht. Damit w\u00e4chst die Unterbesch\u00e4ftigung weniger stark als die Arbeitslosigkeit. Dies liegt zu einem gro\u00dfen Teil daran, dass wegen der Kontaktbeschr\u00e4nkungen Angebote der Arbeitsmarktpolitik nicht zum Einsatz kamen. Insgesamt lag die Unterbesch\u00e4ftigung im Mai 2020 bei 3.573.000 Personen. Das waren 383.000 mehr als vor einem Jahr.<\/p>\n\n\n\n<h4 class=\"wp-block-heading\">Kurzarbeit<\/h4>\n\n\n\n<p>Vor Beginn der Kurzarbeit m\u00fcssen Betriebe Anzeige \u00fcber den voraussichtlichen Arbeitszeitausfall erstatten. Nach aktuellen Daten zu gepr\u00fcften Anzeigen wurden vom 1. bis einschlie\u00dflich 27. Mai f\u00fcr 1,06 Millionen Personen konjunkturelle Kurzarbeit angezeigt, nach zusammen 10,66 Millionen im M\u00e4rz und April. Das hei\u00dft aber nicht, dass diese Menschen schlussendlich auch alle kurzarbeiten werden.<\/p>\n\n\n\n<p>Aktuelle Daten zur tats\u00e4chlichen Inanspruchnahme stehen bis M\u00e4rz zur Verf\u00fcgung und umfassen damit zeitlich den ersten Monat der Versch\u00e4rfung der Corona-Krise. So wurde nach vorl\u00e4ufigen hochgerechneten Daten der Bundesagentur f\u00fcr Arbeit im M\u00e4rz f\u00fcr 2,02 Millionen Arbeitnehmer konjunkturelles Kurzarbeitergeld gezahlt. Die Inanspruchnahme von Kurzarbeit lag damit schon im M\u00e4rz weit \u00fcber den Werten zur Zeit der Gro\u00dfen Rezession 2008\/2009.<\/p>\n\n\n\n<h4 class=\"wp-block-heading\">Erwerbst\u00e4tigkeit und sozialversicherungspflichtige Besch\u00e4ftigung<\/h4>\n\n\n\n<p>Die Corona-Krise hat auch zu einem R\u00fcckgang der Erwerbst\u00e4tigkeit und der Besch\u00e4ftigung gef\u00fchrt. Nach Angaben des Statistischen Bundesamtes hat sich die Zahl der Erwerbst\u00e4tigen (nach dem Inlandskonzept) im April saisonbereinigt gegen\u00fcber dem Vormonat um 275.000 verringert. Mit 44,90 Millionen Personen fiel sie im Vergleich zum Vorjahr um 218.000 niedriger aus. Die sozialversicherungspflichtige Besch\u00e4ftigung verzeichnet im Vergleich zum Vorjahr noch einen Zuwachs. Insgesamt ist sie im M\u00e4rz nach hochgerechneten Angaben der BA im Vergleich zum Vorjahr um 330.000 auf 33,62 Millionen Besch\u00e4ftigte gestiegen. Von Februar auf M\u00e4rz, bereits von den wirtschaftlichen Einschr\u00e4nkungen durch die Corona-Pandemie beeinflusst, ergibt sich saisonbereinigt ein R\u00fcckgang um 21.000.<\/p>\n\n\n\n<h4 class=\"wp-block-heading\">Arbeitskr\u00e4ftenachfrage<\/h4>\n\n\n\n<p>Die Nachfrage nach neuen Arbeitskr\u00e4ften ist infolge der Corona-Krise massiv zur\u00fcckgegangen. Im Mai waren 584.000 Arbeitsstellen bei der BA gemeldet, 208.000 weniger als vor einem Jahr. Saisonbereinigt hat sich der Bestand der bei der BA gemeldeten Arbeitsstellen um 44.000 verringert. Die Stellenneumeldungen haben sich nach dem starken Einbruch im April aber etwas gefangen. Der BA-Stellenindex (BA X) \u2013 ein Indikator f\u00fcr die Nachfrage nach Personal in Deutschland \u2013 sank im Mai 2020 um 3 Punkte auf 91 Punkte. Er liegt damit 38 Punkte unter dem Vorjahreswert.<\/p>\n\n\n\n<h4 class=\"wp-block-heading\">Geldleistungen<\/h4>\n\n\n\n<p>1.058.000 Personen erhielten im Mai 2020 Arbeitslosengeld, 364.000 mehr als vor einem Jahr. Die Zahl der erwerbsf\u00e4higen Leistungsberechtigten in der Grundsicherung f\u00fcr Arbeitsuchende (SGB II) lag im Mai bei 4.027.000. Gegen\u00fcber Mai 2019 war dies ein Anstieg von 75.000 Personen. 7,4 Prozent der in Deutschland lebenden Personen im erwerbsf\u00e4higen Alter waren damit hilfebed\u00fcrftig.<\/p>\n\n\n\n<h4 class=\"wp-block-heading\">Ausbildungsmarkt<\/h4>\n\n\n\n<p>Der Ausgleich auf dem Ausbildungsmarkt hat sich im Zuge der Corona-Krise verlangsamt. Von Oktober 2019 bis Mai 2020 meldeten sich bei den Agenturen f\u00fcr Arbeit und den Jobcentern 400.000 Bewerberinnen und Bewerber f\u00fcr eine Ausbildungsstelle, 39.000 weniger als im Vorjahreszeitraum. Von diesen waren 229.000 im Mai noch auf der Suche. Gleichzeitig waren 463.000 betriebliche Ausbildungsstellen gemeldet, 46.000 weniger als vor einem Jahr. Auff\u00e4llig zur\u00fcckgegangen sind im Vergleich zum Vorjahr vor allem gemeldete betriebliche Ausbildungsstellen in Gastronomie- und Hotellerieberufen, im Friseurhandwerk, in Maschinenbau- und Betriebstechnik, in der Elektrotechnik, in kaufm\u00e4nnischen Berufen, in Informatikberufen, im Lebensmittelverkauf und im Berufskraftverkehr. Im Mai waren noch 250.000 Ausbildungsstellen unbesetzt. Insgesamt ist der Ausbildungsmarkt im Mai noch sehr in Bewegung. Deshalb ist es f\u00fcr eine fundierte Bewertung zu fr\u00fch.<\/p>\n\n\n\n<p>Den ausf\u00fchrlichen Monatsbericht finden Sie im Internet unter<br><a rel=\"noreferrer noopener\" href=\"https:\/\/deref-web-02.de\/mail\/client\/cCyeWcf-PFg\/dereferrer\/?redirectUrl=https%3A%2F%2Fstatistik.arbeitsagentur.de\" target=\"_blank\">https:\/\/statistik.arbeitsagentur.de<\/a>.<\/p>\n\n\n\n<p><em>Bundesagentur f\u00fcr Arbeit<\/em><br><em>05.06.2020<\/em><\/p>\n\n\n\n<h2 class=\"wp-block-heading\"><strong>Partner der Allianz f\u00fcr Aus- und Weiterbildung vereinbaren Ma\u00dfnahmen zur Stabilisierung<\/strong> der dualen Ausbildung<\/h2>\n\n\n\n<p><strong>N\u00fcrnberg \/ Deutschland &#8211; <\/strong>Die Spitzen der Partner der Allianz f\u00fcr Aus- und Weiterbildung haben heute Ma\u00dfnahmen vereinbart, um die Auswirkungen der Corona-Krise auf die duale Ausbildung abzufedern. Die Vertreter der Bundesregierung, der Bundesagentur f\u00fcr Arbeit, der L\u00e4nder, der Wirtschaftsverb\u00e4nde BDA, BFB, DIHK und ZDH und der Gewerkschaften haben heute unter Vorsitz von Bundeswirtschaftsminister Altmaier eine Gemeinsame Erkl\u00e4rung der Allianz f\u00fcr Aus- und Weiterbildung angesichts der Corona-Krise verabschiedet. Die Partner wollen daf\u00fcr sorgen, dass Auszubildende trotz der derzeit schwierigen Situation ihre Ausbildung fortsetzen und ihre Pr\u00fcfung ablegen k\u00f6nnen. Zudem verfolgen sie gemeinsam das Ziel, auch in den kommenden Ausbildungsjahren gen\u00fcgend Ausbildungspl\u00e4tze anbieten zu k\u00f6nnen.<\/p>\n\n\n\n<p>Bundesminister Peter Altmaier: \u201eVerl\u00e4ssliche Rahmenbedingungen f\u00fcr die duale Ausbildung sind in der jetzigen Krise elementar, wenn wir unsere Fachkr\u00e4ftebasis von morgen weiterhin sichern wollen. Gerade jetzt brauchen Betriebe unsere Unterst\u00fctzung, damit sie weiter qualifiziert ausbilden k\u00f6nnen. Mit einer Pr\u00e4mie f\u00fcr Betriebe, die Auszubildende aus insolventen Betrieben \u00fcbernehmen, setzen wir einen wichtigen Impuls, damit Jugendliche eine bereits begonnene Ausbildung auch in der Corona-Krise erfolgreich zum Abschluss bringen k\u00f6nnen\u201c.<\/p>\n\n\n\n<p>Bundesminister Hubertus Heil: \u201eDie duale Ausbildung ist ein Markenkern unseres Landes und unser Ticket in eine wirtschaftlich erfolgreiche Zukunft. Deshalb m\u00fcssen wir sie gerade in schwierigen Zeiten am Laufen halten. Mir ist wichtig, dass junge Menschen auch im Jahr 2020 eine Ausbildung beginnen oder abschlie\u00dfen k\u00f6nnen. Um das zu erm\u00f6glichen, haben wir heute verschiedene Hilfsma\u00dfnahmen vereinbart. Wir k\u00e4mpfen nicht nur um jeden Arbeits-, sondern auch um jeden Ausbildungsplatz.\u201c<\/p>\n\n\n\n<p>Bundesministerin Anja Karliczek: \u201eDie St\u00e4rken der dualen Ausbildung zeigen sich gerade auch in der Krise. Sie ist ein wesentliches Fundament unserer Wirtschaftskraft. Wenn wir diese erhalten wollen, tun wir gut daran, auch in die Leistungsf\u00e4higkeit unseres dualen Ausbildungssystems zu investieren. Die heute in der Allianz f\u00fcr Aus- und Weiterbildung beschlossenen Ma\u00dfnahmen werden dazu beitragen, dass auch in diesen Zeiten junge Leute eine Ausbildung erhalten. Wieder einmal bew\u00e4hrt sich die enge Zusammenarbeit aller Beteiligten, insbesondere der Sozialpartner, in unserem Land. Gemeinsam stellen wir sicher, dass Auszubildende ihre Ausbildung erfolgreich beenden k\u00f6nnen, wenn Pr\u00fcfungen jetzt ausfallen oder verschoben werden m\u00fcssen. Mit einem Sofortprogramm im Rahmen des DigitalPakts Schule investieren wir zudem in digitale Lehrformate und Endger\u00e4te. Das kommt auch den Berufsschulen zugute, damit das Lernen unter den Einschr\u00e4nkungen der Corona-Krise weitergeht.\u201c<\/p>\n\n\n\n<p>Integrationsstaatsministerin Annette Widmann-Mauz: \u201eDie wirtschaftlichen Folgen der Corona-Pandemie treffen auch Menschen mit Einwanderungsgeschichte und Gefl\u00fcchtete besonders hart. Viele sind in der Hotel- und Gastronomiebranche besch\u00e4ftigt oder in Ausbildung. Wir m\u00fcssen alles daransetzen, dass die erreichten Erfolge bei der Arbeitsmarktintegration nicht zur\u00fcckgeworfen werden. Die Integration in Ausbildung und Arbeitsmarkt wird deshalb ein Schwerpunkt im Nationalen Aktionsplan Integration der Bundesregierung sein.\u201c<\/p>\n\n\n\n<p>Die Pr\u00e4sidentin der Kultusministerkonferenz und rheinland-pf\u00e4lzische Bildungsministerin Dr. Stefanie Hubig: \u201eDie Berufliche Bildung und die Berufsschulen schaffen Zukunftschancen f\u00fcr junge Menschen, leisten einen wichtigen Beitrag zur Bildungsgerechtigkeit und tragen ma\u00dfgeblich zur Wettbewerbsf\u00e4higkeit deutscher Unternehmen bei. Mit ihren \u00d6ffnungskonzepten unter Einhaltung strenger hygienischer Kriterien beweist die Berufliche Bildung unter schwierigen Bedingungen erneut ihre gro\u00dfe Leistungs- und Anpassungsf\u00e4higkeit. Es ist wichtig, dass Auszubildende ihren eingeschlagenen Weg jetzt fortsetzen k\u00f6nnen. Die L\u00e4nder werden mit den Berufsschulen das Ihre daf\u00fcr tun, dass den Auszubildenden wegen der Corona-Epidemie keine Nachteile entstehen.\u201c<\/p>\n\n\n\n<p>Vorstandsvorsitzender der Bundesagentur f\u00fcr Arbeit Detlef Scheele: \u201eUnser gemeinsames Ziel muss es sein, einen \u201eAusbildungsjahrgang Corona\u201c zu verhindern. Die Bundesagentur f\u00fcr Arbeit tr\u00e4gt mit Beratung und verl\u00e4sslichen Unterst\u00fctzungsleistungen ihren Teil dazu bei, dass Betriebe und Bewerber auch in unsicheren Zeiten sicher zueinanderfinden k\u00f6nnen. Dabei setzen wir in diesem Jahr noch intensiver auf digitale Angebote f\u00fcr Sch\u00fclerinnen und Sch\u00fcler, zum Beispiel mit unserem Online-Selbsterkundungstool Check U. Ausbildungsbetriebe sprechen wir verst\u00e4rkt pers\u00f6nlich an und beraten zur Begr\u00fcndung und Stabilisierung von Ausbildungsverh\u00e4ltnissen. Wir stehen auch mit unseren arbeitsmarktpolitischen Instrumenten f\u00fcr Jugendliche und Betriebe bereit \u2013 die Kapazit\u00e4ten daf\u00fcr sind vorhanden.\u201c<\/p>\n\n\n\n<p>DIHK-Pr\u00e4sident Eric Schweitzer: \u201eWir beschlie\u00dfen heute erste Ma\u00dfnahmen, die dabei helfen sollen, bestehende Ausbildungsvertr\u00e4ge zu erhalten und neue Ausbildungsangebote zu erm\u00f6glichen. Wir werden den Ausbildungsmarkt genau beobachten und Unternehmen gezielt nach Region, Branche und Betriebsgr\u00f6\u00dfe dort unterst\u00fctzen, wo Ausbildung ohne Hilfe von au\u00dfen nicht mehr m\u00f6glich ist. Vor allem f\u00fcr leistungsschw\u00e4chere Bewerber ist in diesem Jahr die Chance einer Einstiegsqualifizierung wichtig, um schnell in einen Betrieb zu gelangen und m\u00f6glichst rasch in ein Ausbildungsverh\u00e4ltnis zu wechseln. Die Kammern und Verb\u00e4nde werden z.B. virtuelle Speed Datings ausprobieren, die Kammern ihre Lehrstellenb\u00f6rsen ausbauen und sich intensiv daf\u00fcr einsetzen, dass Auszubildende trotz schwieriger Rahmenbedingungen ihre Abschlusspr\u00fcfungen ablegen k\u00f6nnen.\u201c<\/p>\n\n\n\n<p>Elke Hannack, stellvertretende DGB-Vorsitzende: \u201eDie Allianz spannt heute einen Schutzschirm f\u00fcr Ausbildung auf. Mit allen Ma\u00dfnahmen, die wir heute auf den Weg bringen, senden wir ein starkes Signal: Wir k\u00e4mpfen um jeden Ausbildungsplatz. \u00dcbernahmepr\u00e4mie, Verbund- und Auftragsausbildung und als letztes Auffangnetz die au\u00dferbetriebliche Ausbildung werden helfen, die Zukunftschancen der jungen Generation zu sichern. Damit sagen wir den Jugendlichen: Ihr werdet gebraucht. Bewerbt Euch um einen Ausbildungsplatz, geht auf die Betriebe zu, nutzt die vielen Ausbildungsplatzb\u00f6rsen und Beratungsangebote. Wir sagen aber auch den Betrieben: Bilden Sie aus, k\u00fcmmern Sie sich um Auszubildende, damit der Corona-Krise nicht die Fachkr\u00e4fte-Krise folgt.\u201c<\/p>\n\n\n\n<p>Konkret verst\u00e4ndigten sich die Partner der Allianz u.a. darauf, dass Firmen, die Auszubildende aus Insolvenzbetrieben \u00fcbernehmen, zeitlich befristet eine \u00dcbernahmepr\u00e4mie erhalten k\u00f6nnen. Zudem sollen Betriebe zur Stabilisierung des Ausbildungsjahres 2020\/21 die Vorteile der Verbundausbildung und der Auftragsausbildung st\u00e4rker nutzen k\u00f6nnen. Au\u00dferdem wollen die Allianzpartner Jugendliche und Betriebe \u2013 auch mit mehr digitalen Formaten &#8211; im kommenden Ausbildungsjahr noch gezielter beraten und vermitteln.<\/p>\n\n\n\n<p>Die Allianzpartner werden die mittel- und langfristigen Auswirkungen der Pandemie weiter verfolgen und gegebenenfalls weitere Ma\u00dfnahmen zur Stabilisierung des Ausbildungsmarktes ergreifen.<\/p>\n\n\n\n<p><em>Bundesagentur f\u00fcr Arbeit<\/em><br><em>05.06.2020<\/em><\/p>\n\n\n\n<h2 class=\"wp-block-heading\"><strong>Gef\u00e4lschte Mail mit Schadsoftware an Arbeitgeber im Umlauf<\/strong><\/h2>\n\n\n\n<p><strong>N\u00fcrnberg \/ Deutschland &#8211; <\/strong>Die Bundesagentur f\u00fcr Arbeit (BA) warnt vor betr\u00fcgerischen Mails, die an Arbeitgeber verschickt werden. <\/p>\n\n\n\n<p>In den Mails sind vermeintliche Stellenangebote aus der Jobb\u00f6rse der BA enthalten.  Im Absender ist keine Telefonnummer f\u00fcr R\u00fcckfragen angegeben.<\/p>\n\n\n\n<p>Die BA ist nicht Absender dieser Mail. Die Absender nutzen in betr\u00fcgerischer Absicht die Signatur der BA und stellen in der Betreffzeile einen Bezug zu \u00e4lteren Stellenangeboten der angeschriebenen Arbeitgeber aus der Jobb\u00f6rse der BA her.<\/p>\n\n\n\n<p>Arbeitgeber sollen auf keinen Fall auf die Mail antworten und nicht auf den blau hinterlegten Link in der Mail klicken. Es besteht die Gefahr, dass sich Schadsoftware auf dem PC installiert. Arbeitgeber sollten die Mail deshalb umgehend l\u00f6schen.<\/p>\n\n\n\n<p><em>Bundesagentur f\u00fcr Arbeit<\/em><br><em>05.06.2020<\/em><\/p>\n\n\n\n<h2 class=\"wp-block-heading\"><strong>Befristete Verl\u00e4ngerung der Anspruchsdauer beim Arbeitslosengeld<\/strong><\/h2>\n\n\n\n<h3 class=\"wp-block-heading\">Weiterbewilligung erfolgt automatisch<\/h3>\n\n\n\n<p><strong>N\u00fcrnberg \/ Deutschland &#8211; <\/strong>Bundestag und Bundesrat haben am 15.05.2020, das Sozialschutzpaket II beraten und verabschiedet und damit auch die Verl\u00e4ngerung des Arbeitslosengeldes beschlossen. Das Gesetz wurde in der kommenden Woche im Bundesgesetzblatt ver\u00f6ffentlicht.<\/p>\n\n\n\n<p>Die Anspruchsdauer des Arbeitslosengeldes wird mit Inkrafttreten des Gesetzes um drei weitere Monate verl\u00e4ngert. Dies betrifft Personen, deren Anspruch zwischen dem 1. Mai 2020 und 31. Dezember 2020 auslaufen w\u00fcrde.<\/p>\n\n\n\n<h4 class=\"wp-block-heading\">Weiterbewilligung erfolgt automatisch<\/h4>\n\n\n\n<p>Das Arbeitslosengeld wird f\u00fcr die Personen, die von der Gesetzes\u00e4nderung betroffen sind, automatisch verl\u00e4ngert. Sie m\u00fcssen von sich aus nichts weiter veranlassen. <br>Falls Sie nach dem neuen Gesetz weiter Anspruch haben, erhalten Sie ein Weiterbewilligungsschreiben. Sie m\u00fcssen sich nicht noch einmal bei der Agentur f\u00fcr Arbeit melden. <br>Auch derjenige, dessen Anspruch auf Arbeitslosengeld bereits ab dem 1. Mai 2020 ausgelaufen ist und deshalb zwischenzeitlich beim Jobcenter Leistungen beantragt hat oder bereits Leistungen nach dem SGB II bezieht, muss nicht aktiv werden: Jobcenter und Arbeitsagentur verrechnen die Leistungen miteinander.<\/p>\n\n\n\n<p><em>Bundesagentur f\u00fcr Arbeit<br>05.06.2020<\/em><\/p>\n","protected":false},"excerpt":{"rendered":"<div class=\"mh-excerpt\"><p>Verkauf des Collini-Centers: Deutsche Wohnwerte erh\u00e4lt Zuschlag Mannheim &#8211; Nach 45 Jahren ver\u00e4u\u00dfert die Stadtverwaltung Mannheim das Verwaltungsgeb\u00e4ude des Collini-Centers. Der Verkauf erfolgt nach Konzeptvergabe, um das Stadtgebiet aufzuwerten und weiterzuentwickeln. Das Ziel war eine <a class=\"mh-excerpt-more\" href=\"https:\/\/speyer24news.com\/?p=27707\" title=\"Wirtschaft &#038; Finanzen\">[&#8230;]<\/a><\/p>\n<\/div>","protected":false},"author":3,"featured_media":0,"comment_status":"open","ping_status":"open","sticky":false,"template":"","format":"standard","meta":{"_monsterinsights_skip_tracking":false,"_monsterinsights_sitenote_active":false,"_monsterinsights_sitenote_note":"","_monsterinsights_sitenote_category":0,"footnotes":""},"categories":[9],"tags":[7290,553,1317,7288,551,7286,7285,6370,7287,7289,6613,56,6,1087,4698],"aioseo_notices":[],"amp_enabled":true,"_links":{"self":[{"href":"https:\/\/speyer24news.com\/index.php?rest_route=\/wp\/v2\/posts\/27707"}],"collection":[{"href":"https:\/\/speyer24news.com\/index.php?rest_route=\/wp\/v2\/posts"}],"about":[{"href":"https:\/\/speyer24news.com\/index.php?rest_route=\/wp\/v2\/types\/post"}],"author":[{"embeddable":true,"href":"https:\/\/speyer24news.com\/index.php?rest_route=\/wp\/v2\/users\/3"}],"replies":[{"embeddable":true,"href":"https:\/\/speyer24news.com\/index.php?rest_route=%2Fwp%2Fv2%2Fcomments&post=27707"}],"version-history":[{"count":1,"href":"https:\/\/speyer24news.com\/index.php?rest_route=\/wp\/v2\/posts\/27707\/revisions"}],"predecessor-version":[{"id":27714,"href":"https:\/\/speyer24news.com\/index.php?rest_route=\/wp\/v2\/posts\/27707\/revisions\/27714"}],"wp:attachment":[{"href":"https:\/\/speyer24news.com\/index.php?rest_route=%2Fwp%2Fv2%2Fmedia&parent=27707"}],"wp:term":[{"taxonomy":"category","embeddable":true,"href":"https:\/\/speyer24news.com\/index.php?rest_route=%2Fwp%2Fv2%2Fcategories&post=27707"},{"taxonomy":"post_tag","embeddable":true,"href":"https:\/\/speyer24news.com\/index.php?rest_route=%2Fwp%2Fv2%2Ftags&post=27707"}],"curies":[{"name":"wp","href":"https:\/\/api.w.org\/{rel}","templated":true}]}}