{"id":27754,"date":"2020-06-06T13:14:02","date_gmt":"2020-06-06T12:14:02","guid":{"rendered":"https:\/\/speyer24news.com\/?p=27754"},"modified":"2020-06-06T13:14:02","modified_gmt":"2020-06-06T12:14:02","slug":"corona-virus-speyer","status":"publish","type":"post","link":"https:\/\/speyer24news.com\/?p=27754","title":{"rendered":"Corona &#8211; Virus Speyer"},"content":{"rendered":"<style type=\"text\/css\">\r\n\t.ads_top_disp{}\r\n\t.ads_top_corner_disp{ float:left; margin:0px 10px 10px 0px; }\r\n\t.ads_first_p_disp{}\r\n\t.ads_bottom_disp{}\r\n\t<\/style>\n<h2 class=\"wp-block-heading\"><strong>Neunte Corona-Bek\u00e4mpfungsverordnung des Landes Rheinland-Pfalz tritt in Kraft<\/strong><\/h2>\n\n\n\n<div class=\"wp-block-image\"><figure class=\"aligncenter\"><img decoding=\"async\" loading=\"lazy\" width=\"500\" height=\"500\" src=\"https:\/\/speyer24news.com\/wp-content\/uploads\/2020\/02\/virus-4810549_1920.png\" alt=\"\" class=\"wp-image-25116\" srcset=\"https:\/\/speyer24news.com\/wp-content\/uploads\/2020\/02\/virus-4810549_1920.png 500w, https:\/\/speyer24news.com\/wp-content\/uploads\/2020\/02\/virus-4810549_1920-150x150.png 150w, https:\/\/speyer24news.com\/wp-content\/uploads\/2020\/02\/virus-4810549_1920-300x300.png 300w\" sizes=\"(max-width: 500px) 100vw, 500px\" \/><\/figure><\/div>\n\n\n\n<p>Am Donnerstag, 4. Juni 2020 hat das Land Rheinland-Pfalz die Neunte Corona-Bek\u00e4mpfungsverordnung (9. CoBeLVO) erlassen, die die bereits in einer Pressemeldung angek\u00fcndigten Lockerungen in eine Rechtsverordnung umsetzt. Diese\u00a0ersetzt die Achte Corona-Bek\u00e4mpfungsverordnung und gilt ab Mittwoch, 10.\u00a0Juni 2020. Sie tritt mit Ablauf des\u00a023. Juni 2020 au\u00dfer Kraft.<\/p>\n\n\n\n<p>\u201eDie kommende Woche in Kraft tretenden Lockerungen sind ein Erfolg, den wir der bisher stringenten Durchsetzung der Abstands- und Hygienema\u00dfnahmen zu verdanken\n haben. Gerade deshalb ist es wichtig, dass wir uns aufgrund der guten Entwicklung der Infektionszahlen, nicht in falscher Sicherheit wiegen\u201c, res\u00fcmiert Oberb\u00fcrgermeisterin Stefanie Seiler. \u201eWir m\u00fcssen achtsam bleiben, um den hart erarbeiteten Erfolg, der nach\n wie vor sehr fragil ist, nicht zu gef\u00e4hrden\u201c, so die Stadtchefin weiter.&nbsp; \n<\/p>\n\n\n\n<p>Im Zuge der neuen Rechtsverordnung werden die kontaktbeschr\u00e4nkenden Ma\u00dfnahmen gelockert. Demnach ist es ab dem 10. Juni 2020 erlaubt, dass sich im \u00f6ffentlichen Raum bis zu zehn Personen, unabh\u00e4ngig von der Anzahl der Hausst\u00e4nde, oder mehr als zehn Personen aus zwei Hausst\u00e4nden zusammenfinden. Dar\u00fcber hinaus sind Veranstaltungen im Innenbereich wieder mit bis zu 75 Personen m\u00f6glich, im Au\u00dfenbereich mit bis zu 250 Personen. Erm\u00f6glicht wird au\u00dferdem die \u00d6ffnung von Hallenb\u00e4dern, Saunen und Wellnessangeboten, Messen, Freizeitparks und Bordellen. Auch Chor- und Orchesterproben k\u00f6nnen wieder stattfinden. Weiterhin k\u00f6nnen die Innenanlagen von Zoos und Tierparks ge\u00f6ffnet  werden und Zirkusse und Spezialm\u00e4rkte d\u00fcrfen wieder im Innenbereich stattfinden. Auf Camping- und Wohnmobilstellpl\u00e4tzen wird die Benutzung von gemeinschaftlichen Sanit\u00e4reinrichtungen erm\u00f6glicht.\u00a0 <\/p>\n\n\n\n<p>Bus- und Schiffsreisen k\u00f6nnen, anders als zun\u00e4chst geplant, ebenfalls bereits ab 10. Juni 2020 wieder durchgef\u00fchrt werden.\n<\/p>\n\n\n\n<p>Au\u00dferdem entf\u00e4llt die Pflicht zum Tragen von Mund-Nasen-Bedeckungen w\u00e4hrend des Sitzens in Kinos, Theatern und \u00e4hnlichen Einrichtungen sowie die Reservierungspflicht in der Gastronomie. <\/p>\n\n\n\n<p><strong>F\u00fcr alle Bereiche gelten dabei strenge und spezifische Schutzma\u00dfnahmen sowie die allgemein bekannten Abstands- und Hygieneregeln, die zwingend einzuhalten\n sind.<\/strong> Das Land Rheinland-Pfalz hat die f\u00fcr die verschiedenen Bereiche geltenden Hygienekonzepte erg\u00e4nzt und unter\n<a href=\"https:\/\/deref-web-02.de\/mail\/client\/YS0fFN3-NWI\/dereferrer\/?redirectUrl=https%3A%2F%2Fcorona.rlp.de%2Fde%2Fthemen%2Fhygienekonzepte%2F\" target=\"_blank\" rel=\"noreferrer noopener\">https:\/\/corona.rlp.de\/de\/themen\/hygienekonzepte\/<\/a> ver\u00f6ffentlicht.\n<\/p>\n\n\n\n<p>\u00dcber Er\u00f6ffnungstermine des Bademaxx sowie der Seen und Badegew\u00e4sser auf Speyerer Gemarkung werden die Stadtwerke und die Stadtverwaltung Speyer gesondert informieren. <strong><em>(Lesen sie hierzu unseren Artikel unter: <a href=\"https:\/\/speyer24news.com\/?p=27666\"><\/a><\/em><\/strong><a href=\"https:\/\/speyer24news.com\/?p=27666\"><strong><em>https:\/\/speyer24news.com\/?p=27666<\/em><\/strong><\/a>)<\/p>\n\n\n\n<p>Die Landesverordnung kann im Wortlaut unter\n<a href=\"https:\/\/deref-web-02.de\/mail\/client\/1erN5_NI5UQ\/dereferrer\/?redirectUrl=http%3A%2F%2Fwww.speyer.de%2Fcorona\" target=\"_blank\" rel=\"noreferrer noopener\">www.speyer.de\/corona<\/a> in der rechten Seitenbox unter \u201eRechtsgrundlagen\u201c nachgelesen werden.\n<\/p>\n\n\n\n<h4 class=\"wp-block-heading\">Lesen sie hier die 9. Corona-Bek\u00e4mpfungsverordnung (9. CoBeLVO) <\/h4>\n\n\n\n<div class=\"wp-block-file\"><a href=\"https:\/\/speyer24news.com\/wp-content\/uploads\/2020\/06\/9.-CoBeLVO.pdf\">9.-CoBeLVO<\/a><a href=\"https:\/\/speyer24news.com\/wp-content\/uploads\/2020\/06\/9.-CoBeLVO.pdf\" class=\"wp-block-file__button\" download>Herunterladen<\/a><\/div>\n\n\n\n<p><em>Text: Stadtverwaltung Speyer Foto: pixabay<br>06.06.2020<\/em><\/p>\n\n\n\n<h2 class=\"wp-block-heading\">Coronavirus \u2013 Fallzahlen aus Speyer<\/h2>\n\n\n\n<figure class=\"wp-block-image\"><img decoding=\"async\" loading=\"lazy\" width=\"800\" height=\"400\" src=\"https:\/\/speyer24news.com\/wp-content\/uploads\/2020\/02\/virus-1812092_1920.jpg\" alt=\"\" class=\"wp-image-25128\" srcset=\"https:\/\/speyer24news.com\/wp-content\/uploads\/2020\/02\/virus-1812092_1920.jpg 800w, https:\/\/speyer24news.com\/wp-content\/uploads\/2020\/02\/virus-1812092_1920-300x150.jpg 300w, https:\/\/speyer24news.com\/wp-content\/uploads\/2020\/02\/virus-1812092_1920-768x384.jpg 768w\" sizes=\"(max-width: 800px) 100vw, 800px\" \/><\/figure>\n\n\n\n<p>Anzahl best\u00e4tigter F\u00e4lle von Coronavirus (SARS-CoV-2)-Infektionen in der Stadt Speyer: 87 <strong>Keine Ver\u00e4nderung<\/strong><br>Davon bereits genesen: 83 <strong>Keine Ver\u00e4nderung<\/strong><br>Todesf\u00e4lle: 2 <strong>Keine Ver\u00e4nderung<\/strong><br>Personen in Quarant\u00e4ne: 31 <strong>+ 5 im Vergleich zum Vortag<\/strong><br><em>Stand: 06.06.2020, 13:00 Uhr<\/em><\/p>\n\n\n\n<p><em>Stadtverwaltung Speyer<br>06.06.2020<\/em><\/p>\n","protected":false},"excerpt":{"rendered":"<div class=\"mh-excerpt\"><p>Neunte Corona-Bek\u00e4mpfungsverordnung des Landes Rheinland-Pfalz tritt in Kraft Am Donnerstag, 4. Juni 2020 hat das Land Rheinland-Pfalz die Neunte Corona-Bek\u00e4mpfungsverordnung (9. CoBeLVO) erlassen, die die bereits in einer Pressemeldung angek\u00fcndigten Lockerungen in eine Rechtsverordnung umsetzt. <a class=\"mh-excerpt-more\" href=\"https:\/\/speyer24news.com\/?p=27754\" title=\"Corona &#8211; Virus Speyer\">[&#8230;]<\/a><\/p>\n<\/div>","protected":false},"author":3,"featured_media":23902,"comment_status":"open","ping_status":"open","sticky":false,"template":"","format":"standard","meta":{"_monsterinsights_skip_tracking":false,"_monsterinsights_sitenote_active":false,"_monsterinsights_sitenote_note":"","_monsterinsights_sitenote_category":0,"footnotes":""},"categories":[9],"tags":[6401,6367,6940,6359,6429,6370,5904,6358,5801,6342,6],"aioseo_notices":[],"amp_enabled":true,"_links":{"self":[{"href":"https:\/\/speyer24news.com\/index.php?rest_route=\/wp\/v2\/posts\/27754"}],"collection":[{"href":"https:\/\/speyer24news.com\/index.php?rest_route=\/wp\/v2\/posts"}],"about":[{"href":"https:\/\/speyer24news.com\/index.php?rest_route=\/wp\/v2\/types\/post"}],"author":[{"embeddable":true,"href":"https:\/\/speyer24news.com\/index.php?rest_route=\/wp\/v2\/users\/3"}],"replies":[{"embeddable":true,"href":"https:\/\/speyer24news.com\/index.php?rest_route=%2Fwp%2Fv2%2Fcomments&post=27754"}],"version-history":[{"count":1,"href":"https:\/\/speyer24news.com\/index.php?rest_route=\/wp\/v2\/posts\/27754\/revisions"}],"predecessor-version":[{"id":27756,"href":"https:\/\/speyer24news.com\/index.php?rest_route=\/wp\/v2\/posts\/27754\/revisions\/27756"}],"wp:featuredmedia":[{"embeddable":true,"href":"https:\/\/speyer24news.com\/index.php?rest_route=\/wp\/v2\/media\/23902"}],"wp:attachment":[{"href":"https:\/\/speyer24news.com\/index.php?rest_route=%2Fwp%2Fv2%2Fmedia&parent=27754"}],"wp:term":[{"taxonomy":"category","embeddable":true,"href":"https:\/\/speyer24news.com\/index.php?rest_route=%2Fwp%2Fv2%2Fcategories&post=27754"},{"taxonomy":"post_tag","embeddable":true,"href":"https:\/\/speyer24news.com\/index.php?rest_route=%2Fwp%2Fv2%2Ftags&post=27754"}],"curies":[{"name":"wp","href":"https:\/\/api.w.org\/{rel}","templated":true}]}}