{"id":27781,"date":"2020-06-07T15:45:12","date_gmt":"2020-06-07T14:45:12","guid":{"rendered":"https:\/\/speyer24news.com\/?p=27781"},"modified":"2020-06-07T15:45:13","modified_gmt":"2020-06-07T14:45:13","slug":"kirche-69","status":"publish","type":"post","link":"https:\/\/speyer24news.com\/?p=27781","title":{"rendered":"Kirche"},"content":{"rendered":"<style type=\"text\/css\">\r\n\t.ads_top_disp{}\r\n\t.ads_top_corner_disp{ float:left; margin:0px 10px 10px 0px; }\r\n\t.ads_first_p_disp{}\r\n\t.ads_bottom_disp{}\r\n\t<\/style>\n<h2 class=\"wp-block-heading\"><strong>Domorganist aus M\u00fcnster gestaltet Orgelandacht zu Fronleichnam<\/strong><\/h2>\n\n\n\n<div class=\"wp-block-image\"><figure class=\"aligncenter\"><img decoding=\"async\" loading=\"lazy\" width=\"800\" height=\"530\" src=\"https:\/\/speyer24news.com\/wp-content\/uploads\/2020\/06\/Thomas_Schmitz.jpg\" alt=\"\" class=\"wp-image-27784\" srcset=\"https:\/\/speyer24news.com\/wp-content\/uploads\/2020\/06\/Thomas_Schmitz.jpg 800w, https:\/\/speyer24news.com\/wp-content\/uploads\/2020\/06\/Thomas_Schmitz-300x199.jpg 300w, https:\/\/speyer24news.com\/wp-content\/uploads\/2020\/06\/Thomas_Schmitz-768x509.jpg 768w\" sizes=\"(max-width: 800px) 100vw, 800px\" \/><figcaption>Thomas Schmitz vor dem Spieltisch der Domorgel in M\u00fcnster<\/figcaption><\/figure><\/div>\n\n\n\n<p><strong>Speyer &#8211; <\/strong>Im Dom zu Speyer wird in der Orgelandacht, am Mittwoch, den 10. Juni (Vorabend zu Fronleichnam) um 19.30 Uhr, der M\u00fcnsteraner Domorganist Thomas Schmitz erklingen. In der Orgelandacht zu Pfingsten war bereits der Speyerer Domorganist Markus Eichenlaub mit der 1. Symphonie von Louis Vierne zu h\u00f6ren. Damit wurde der 150. Geburtstags des Komponisten gew\u00fcrdigt, nun folgt\u00a0 dessen 2. Symphonie in e-Moll. Interpret dieser Symphonie, sowie weiterer Werke von Jean Langlais, ist Thomas Schmitz, seines Zeichens Domorganist am Hohen Dom zu M\u00fcnster. Schmitz, der schon vor einigen Jahren erfolgreich im Speyerer Dom gastierte, studierte zun\u00e4chst Kirchenmusik in Stuttgart. Nach Stationen als Kirchenmusiker in N\u00fcrtingen und Freudenstadt wurde er im Jahr 2003 als Domorganist nach M\u00fcnster berufen. Dort geht er seither einer intensiven Konzertt\u00e4tigkeit nach.<br>Die Liturgie zu dieser Orgelandacht wird von Domdekan und Domcustos Dr. Christoph Maria Kohl\u00a0gestaltet.<\/p>\n\n\n\n<p>Wer an der Orgelandacht teilnehmen m\u00f6chte, kann sich bis Mittwochmittag im Pfarrb\u00fcro Pax Christi telefonisch (06232\/102140) oder per E-Mail pfarramt.speyer@bistum-speyer.de anmelden. Die Anmeldung\u00a0 wird mit Name, Adresse, Telefonnummer und Email-Adresse erfasst, um im Falle einer Ansteckung m\u00f6gliche Infektionsketten nachverfolgen zu k\u00f6nnen. Im Dom k\u00f6nnen derzeit 92 Pl\u00e4tze besetzt werden.<br><br>Die Orgelandacht wird auch als Live-Stream \u00fcbertragen.<\/p>\n\n\n\n<p><em>Bistum Speyer<\/em><br><em>07.06.2020<\/em><\/p>\n\n\n\n<h2 class=\"wp-block-heading\"><strong>Kaplan Heil wird Kooperator in Bad Bergzabern<\/strong><\/h2>\n\n\n\n<p><strong>Bad Bergzabern \/ Speyer &#8211; <\/strong>Bischof Dr. Karl-Heinz Wiesemann hat Kaplan Tobias Heil mit Wirkung vom 1. August 2020 zum Kooperator der Pfarrei Bad Bergzabern Hl. Edith Stein ernannt. Mit gleichem Datum wird ihm der pers\u00f6nliche Titel \u201ePfarrer\u201c verliehen. Der Seelsorger wurde 2015 zum Priester geweiht und war anschlie\u00dfend als Kaplan in der Pfarrei Seliger Paul Josef Nardini in Pirmasens t\u00e4tig. 2017 wurde Heil Kaplan in der Dompfarrei Pax Christi in Speyer. Zudem \u00fcbernahm er die Rollen als Domvikar und Zeremoniar.<\/p>\n\n\n\n<p><em>Bistum Speyer<br>07.06.2020<\/em><\/p>\n\n\n\n<h2 class=\"wp-block-heading\"><strong>Andreas Rummel wird kommissarischer Pressesprecher<\/strong><\/h2>\n\n\n\n<h3 class=\"wp-block-heading\">Wechsel im \u00d6ffentlichkeitsreferat der Landeskirche: Andreas Rummel folgt Wolfgang Schumacher als kommissarischer Pressesprecher.<\/h3>\n\n\n\n<div class=\"wp-block-image\"><figure class=\"aligncenter\"><img decoding=\"async\" loading=\"lazy\" width=\"800\" height=\"602\" src=\"https:\/\/speyer24news.com\/wp-content\/uploads\/2020\/06\/0605-Andreas-Rummel-kommissarischer-Pressesprecher_Foto-Klaus-Landry.jpg\" alt=\"\" class=\"wp-image-27783\" srcset=\"https:\/\/speyer24news.com\/wp-content\/uploads\/2020\/06\/0605-Andreas-Rummel-kommissarischer-Pressesprecher_Foto-Klaus-Landry.jpg 800w, https:\/\/speyer24news.com\/wp-content\/uploads\/2020\/06\/0605-Andreas-Rummel-kommissarischer-Pressesprecher_Foto-Klaus-Landry-300x226.jpg 300w, https:\/\/speyer24news.com\/wp-content\/uploads\/2020\/06\/0605-Andreas-Rummel-kommissarischer-Pressesprecher_Foto-Klaus-Landry-768x578.jpg 768w, https:\/\/speyer24news.com\/wp-content\/uploads\/2020\/06\/0605-Andreas-Rummel-kommissarischer-Pressesprecher_Foto-Klaus-Landry-678x509.jpg 678w, https:\/\/speyer24news.com\/wp-content\/uploads\/2020\/06\/0605-Andreas-Rummel-kommissarischer-Pressesprecher_Foto-Klaus-Landry-326x245.jpg 326w, https:\/\/speyer24news.com\/wp-content\/uploads\/2020\/06\/0605-Andreas-Rummel-kommissarischer-Pressesprecher_Foto-Klaus-Landry-80x60.jpg 80w\" sizes=\"(max-width: 800px) 100vw, 800px\" \/><figcaption>Pfarrer Andreas Rummel ist kommissarischer Pressesprecher. <em>(Foto: Klaus Landry)<\/em><\/figcaption><\/figure><\/div>\n\n\n\n<p><strong>Speyer <em>(lk\/epd)<\/em> &#8211; <\/strong>Pfarrer Andreas Rummel ist ab 1. Juni kommissarischer Sprecher der Evangelischen Kirche der Pfalz. Der 54-j\u00e4hrige in Neustadt an der Weinstra\u00dfe geborene Theologe tritt die Nachfolge von Kirchenrat Wolfgang Schumacher an,  der zeitgleich neuer Beauftragter der Evangelischen Kirchen im Lande Rheinland-Pfalz in Mainz wird. Rummel, der pers\u00f6nliche Referent von Kirchenpr\u00e4sident Christian Schad ist, wird neun Monate lang bis zu dessen Dienstende am 28. Februar 2021 das Presse- und  \u00d6ffentlichkeitsreferat der Landeskirche in Speyer leiten.<\/p>\n\n\n\n<p>Rummel wuchs in Ha\u00dfloch auf und studierte nach Abitur und Zivildienst Theologie in Bethel und T\u00fcbingen. Er absolvierte sein Vikariat im saarpf\u00e4lzischen Bexbach und sein Spezialvikariat als Seelsorger in der Klinik f\u00fcr Psychiatrie des Evangelischen Klinikums  Bethel. Von 1996 bis 2014 war Rummel Pfarrer im protestantischen Pfarramt Miesau mit den Kirchengemeinden Miesau und Gries. Er hat sich die Pfarrstelle mit seiner Frau Ute Stoll-Rummel geteilt. Das Pfarrehepaar hat drei Kinder. Weiterhin war er Vertrauensmann  des Vereins Pf\u00e4lzischer Pfarrerinnen und Pfarrer sowie Umweltbeauftragter und Fundraising-Beauftragter im Kirchenbezirk Homburg. Seit 2014 ist er pers\u00f6nlicher Referent von Kirchenpr\u00e4sident Schad und Mitglied der landeskirchlichen Klimaschutzbegleitgruppe.<\/p>\n\n\n\n<p>Im Presse- und \u00d6ffentlichkeitsreferat im Speyerer Landeskirchenrat werde Pfarrerin Mechthild Werner weiter f\u00fcr Projekte zust\u00e4ndig sein, sagte Rummel, der in seiner neuen Funktion auch dem Corona-Krisenstab angeh\u00f6rt. Die freiberufliche Journalistin Katja Edelmann  unterst\u00fctze das Team beim Verfassen von Meldungen, Online-Redaktion und im Bereich Social Media.<\/p>\n\n\n\n<p>Der scheidende Pressesprecher Schumacher, der das Referat seit 2009 leitete, bleibe f\u00fcr die Rundfunkarbeit bis zur Wahl eines Nachfolgers oder einer Nachfolgerin zust\u00e4ndig. Eine Ausschreibung solle nach dem 19. September erfolgen. Das Amt des Pressesprechers der Landeskirche ist eng mit Person des Kirchenpr\u00e4sidenten verbunden. Die Kirchenpr\u00e4sidentenwahl soll am 19. September stattfinden, weil Kirchenpr\u00e4sident Schad im Februar 2021 auf eigenen Wunsch aus seinem Amt scheidet.<\/p>\n\n\n\n<p><em>07.06.2020<\/em><\/p>\n\n\n\n<h2 class=\"wp-block-heading\"><strong>Spende aus Taschenverkauf an\nDombauverein \u00fcbergeben<\/strong><\/h2>\n\n\n\n<h3 class=\"wp-block-heading\"><strong>Taschen mit Dommotiv fanden rei\u00dfenden Absatz und brachten Erl\u00f6s von 5.900 Euro f\u00fcr Domerhalt<\/strong><\/h3>\n\n\n\n<div class=\"wp-block-image\"><figure class=\"aligncenter\"><img decoding=\"async\" loading=\"lazy\" width=\"800\" height=\"600\" src=\"https:\/\/speyer24news.com\/wp-content\/uploads\/2020\/06\/P1040431_m.jpg\" alt=\"\" class=\"wp-image-27782\" srcset=\"https:\/\/speyer24news.com\/wp-content\/uploads\/2020\/06\/P1040431_m.jpg 800w, https:\/\/speyer24news.com\/wp-content\/uploads\/2020\/06\/P1040431_m-300x225.jpg 300w, https:\/\/speyer24news.com\/wp-content\/uploads\/2020\/06\/P1040431_m-768x576.jpg 768w, https:\/\/speyer24news.com\/wp-content\/uploads\/2020\/06\/P1040431_m-678x509.jpg 678w, https:\/\/speyer24news.com\/wp-content\/uploads\/2020\/06\/P1040431_m-326x245.jpg 326w, https:\/\/speyer24news.com\/wp-content\/uploads\/2020\/06\/P1040431_m-80x60.jpg 80w\" sizes=\"(max-width: 800px) 100vw, 800px\" \/><figcaption>v.l.: Monika Hoff (Leiterin Schulmanufaktur der Burgfeldschule), Dr. Gottfried Jung (Vorstandsvorsitzender des Dombauvereins), Weihbischof und Dompropst Otto Georgens, Domdekan und Domkustos Dr. Christoph Kohl<\/figcaption><\/figure><\/div>\n\n\n\n<p><strong>Speyer &#8211; <\/strong>Die Domtaschen der Schulmanufaktur der Burgfeldschule waren ein echter Verkaufsschlager. Bereits wenige Tage nach dem Verkaufsstart am 7. M\u00e4rz war die Mehrzahl der Taschen verkauft. Inzwischen haben die Taschen mit Dommotiv bereits Kultstatus. Der Verkaufserl\u00f6s von 5.900 Euro wurde heute als Spende der Schulmanufaktur an den Dombauverein Speyer \u00fcbergeben und wird f\u00fcr den Erhalt des Doms verwendet. <\/p>\n\n\n\n<p>Monika Hoff, die Leiterin der Schulmanufaktur, stellte die Arbeit ihrer Gruppe vor. Seit 2004 werden in der Burgfeldschule handwerklich hochwertige Gegenst\u00e4nde gefertigt und bereits in der Vergangenheit f\u00fcr karitative Zwecke verkauft. Das hat sich inzwischen herum gesprochen, so dass Frank Scheid, Vorsitzender der Speyerer W\u00e4hlergruppe (SWG), gleich an die Manufaktur dachte, als es nach der letzten Kommunalwahl darum ging, die nun nicht mehr ben\u00f6tigten Transparente einer weiteren Nutzung zuzuf\u00fchren. Mit dieser neuen Verwendungsform, dem sogenannten \u201eUpcycling\u201c, konnte dann sogar ein guter Zweck unterst\u00fctzt werden, indem die Taschen zu Gunsten des Dombauvereins verkauft wurden. \u201eDie Werbeplakate werben nun f\u00fcr den Erhalt des Doms\u201c, sagte der Vorstandsvorsitzende des Dombauvereins Dr. Gottfried Jung. Weihbischof und Dompropst Otto Georgens freute sich \u00fcber die erfolgreiche Aktion f\u00fcr den Dom, die er in Gedichtform w\u00fcrdigte, in dem sich \u201eWahlplakate\u201c auf \u201eTaschen-Unikate\u201c reimte. Da, Coronabedingt, nicht mit Sekt angesto\u00dfen werden konnte, bekamen die Initiatoren und Unterst\u00fctzer der Aktion den Domsekt mit nach Hause. Und das Engagement der Sch\u00fcler wurde mit Domschokolade gew\u00fcrdigt.<\/p>\n\n\n\n<p><em>Bistum Speyer<br>07.06.2020<\/em><\/p>\n","protected":false},"excerpt":{"rendered":"<div class=\"mh-excerpt\"><p>Domorganist aus M\u00fcnster gestaltet Orgelandacht zu Fronleichnam Speyer &#8211; Im Dom zu Speyer wird in der Orgelandacht, am Mittwoch, den 10. Juni (Vorabend zu Fronleichnam) um 19.30 Uhr, der M\u00fcnsteraner Domorganist Thomas Schmitz erklingen. In <a class=\"mh-excerpt-more\" href=\"https:\/\/speyer24news.com\/?p=27781\" title=\"Kirche\">[&#8230;]<\/a><\/p>\n<\/div>","protected":false},"author":3,"featured_media":26096,"comment_status":"open","ping_status":"open","sticky":false,"template":"","format":"standard","meta":{"_monsterinsights_skip_tracking":false,"_monsterinsights_sitenote_active":false,"_monsterinsights_sitenote_note":"","_monsterinsights_sitenote_category":0,"footnotes":""},"categories":[120],"tags":[7318,7319,1403,174,7320,1861,7321,2360,1604,7317,121,7104,7103,6,7316],"aioseo_notices":[],"amp_enabled":true,"_links":{"self":[{"href":"https:\/\/speyer24news.com\/index.php?rest_route=\/wp\/v2\/posts\/27781"}],"collection":[{"href":"https:\/\/speyer24news.com\/index.php?rest_route=\/wp\/v2\/posts"}],"about":[{"href":"https:\/\/speyer24news.com\/index.php?rest_route=\/wp\/v2\/types\/post"}],"author":[{"embeddable":true,"href":"https:\/\/speyer24news.com\/index.php?rest_route=\/wp\/v2\/users\/3"}],"replies":[{"embeddable":true,"href":"https:\/\/speyer24news.com\/index.php?rest_route=%2Fwp%2Fv2%2Fcomments&post=27781"}],"version-history":[{"count":1,"href":"https:\/\/speyer24news.com\/index.php?rest_route=\/wp\/v2\/posts\/27781\/revisions"}],"predecessor-version":[{"id":27785,"href":"https:\/\/speyer24news.com\/index.php?rest_route=\/wp\/v2\/posts\/27781\/revisions\/27785"}],"wp:featuredmedia":[{"embeddable":true,"href":"https:\/\/speyer24news.com\/index.php?rest_route=\/wp\/v2\/media\/26096"}],"wp:attachment":[{"href":"https:\/\/speyer24news.com\/index.php?rest_route=%2Fwp%2Fv2%2Fmedia&parent=27781"}],"wp:term":[{"taxonomy":"category","embeddable":true,"href":"https:\/\/speyer24news.com\/index.php?rest_route=%2Fwp%2Fv2%2Fcategories&post=27781"},{"taxonomy":"post_tag","embeddable":true,"href":"https:\/\/speyer24news.com\/index.php?rest_route=%2Fwp%2Fv2%2Ftags&post=27781"}],"curies":[{"name":"wp","href":"https:\/\/api.w.org\/{rel}","templated":true}]}}