{"id":27851,"date":"2020-06-09T06:42:38","date_gmt":"2020-06-09T05:42:38","guid":{"rendered":"https:\/\/speyer24news.com\/?p=27851"},"modified":"2020-06-09T06:42:39","modified_gmt":"2020-06-09T05:42:39","slug":"bistum-speyer","status":"publish","type":"post","link":"https:\/\/speyer24news.com\/?p=27851","title":{"rendered":"Bistum Speyer"},"content":{"rendered":"<style type=\"text\/css\">\r\n\t.ads_top_disp{}\r\n\t.ads_top_corner_disp{ float:left; margin:0px 10px 10px 0px; }\r\n\t.ads_first_p_disp{}\r\n\t.ads_bottom_disp{}\r\n\t<\/style>\n<h2 class=\"wp-block-heading\"><strong>Fronleichnamsfest in Speyer<\/strong><\/h2>\n\n\n\n<h3 class=\"wp-block-heading\"><strong>Pontifikalamt mit Bischof Wiesemann im Speyerer Dom<\/strong><\/h3>\n\n\n\n<div class=\"wp-block-image\"><figure class=\"aligncenter\"><img decoding=\"async\" loading=\"lazy\" width=\"640\" height=\"480\" src=\"https:\/\/speyer24news.com\/wp-content\/uploads\/2020\/06\/DSC08300.jpg\" alt=\"\" class=\"wp-image-27852\" srcset=\"https:\/\/speyer24news.com\/wp-content\/uploads\/2020\/06\/DSC08300.jpg 640w, https:\/\/speyer24news.com\/wp-content\/uploads\/2020\/06\/DSC08300-300x225.jpg 300w, https:\/\/speyer24news.com\/wp-content\/uploads\/2020\/06\/DSC08300-326x245.jpg 326w, https:\/\/speyer24news.com\/wp-content\/uploads\/2020\/06\/DSC08300-80x60.jpg 80w\" sizes=\"(max-width: 640px) 100vw, 640px\" \/><\/figure><\/div>\n\n\n\n<p><strong>Speyer &#8211; <\/strong>Die Pfarrei Pax Christi l\u00e4dt am Donnerstag, 11. Juni, zum Fronleichnamsfest in Speyer ein. Der gemeinsame Fronleichnamsgottesdienst von Bischof Dr. Karl-Heinz Wiesemann, Domkapitel und Pfarrei beginnt um 10 Uhr im Dom. Anstelle der traditionellen Prozession werden jeweils drei Abgesandte von den f\u00fcnf katholischen Kirchen der Stadt in einer Sternwallfahrt mit Kreuz, Fahne und einem Korb mit\u00a0Bl\u00fcten\u00a0f\u00fcr\u00a0einen angedeuteten Blumenteppich\u00a0vor dem Dom zur Kathedrale kommen, um den Gottesdienst dort mitzufeiern. Bischof Wiesemann wird\u00a0gegen Ende des Gottesdienstes\u00a0vom\u00a0Altar vor dem Dom aus die Stadt segnen. \u00a0<\/p>\n\n\n\n<div class=\"wp-block-image\"><figure class=\"aligncenter\"><img decoding=\"async\" loading=\"lazy\" width=\"640\" height=\"480\" src=\"https:\/\/speyer24news.com\/wp-content\/uploads\/2020\/06\/DSC02412.jpg\" alt=\"\" class=\"wp-image-27853\" srcset=\"https:\/\/speyer24news.com\/wp-content\/uploads\/2020\/06\/DSC02412.jpg 640w, https:\/\/speyer24news.com\/wp-content\/uploads\/2020\/06\/DSC02412-300x225.jpg 300w, https:\/\/speyer24news.com\/wp-content\/uploads\/2020\/06\/DSC02412-326x245.jpg 326w, https:\/\/speyer24news.com\/wp-content\/uploads\/2020\/06\/DSC02412-80x60.jpg 80w\" sizes=\"(max-width: 640px) 100vw, 640px\" \/><\/figure><\/div>\n\n\n\n<p>Danach&nbsp;begleiten die Abgesandten das Allerheiligste in die Kirchen der Stadt. Dort beschlie\u00dfen eucharistische Andachten die Feier. Sie beginnen&nbsp;etwa&nbsp;um 11:45 Uhr an den Kirchen St. Bernhard und St. Joseph. Die Gemeinde St. Otto feiert um 18 Uhr eine Abendandacht. In den Kirchen St. Konrad und St. Hedwig wird das&nbsp;Hochfest&nbsp;Fronleichnam am darauffolgenden Sonntag thematisiert. An Fronleichnam feiert die katholische Kirche in besonderer Weise die Gegenwart Jesu Christi im Sakrament der Eucharistie.<\/p>\n\n\n\n<p>Die musikalische Gestaltung des Fronleichnamgottesdienstes im Dom \u00fcbernimmt ein Vokalensemble des Domchores. Es erklingen Werke von Christopher Tambling, Edward Elgar und Anton Bruckner. An der Orgel spielt Domorganist Markus Eichenlaub.<\/p>\n\n\n\n<div class=\"wp-block-image\"><figure class=\"aligncenter\"><img decoding=\"async\" loading=\"lazy\" width=\"640\" height=\"480\" src=\"https:\/\/speyer24news.com\/wp-content\/uploads\/2020\/06\/DSC02474.jpg\" alt=\"\" class=\"wp-image-27854\" srcset=\"https:\/\/speyer24news.com\/wp-content\/uploads\/2020\/06\/DSC02474.jpg 640w, https:\/\/speyer24news.com\/wp-content\/uploads\/2020\/06\/DSC02474-300x225.jpg 300w, https:\/\/speyer24news.com\/wp-content\/uploads\/2020\/06\/DSC02474-326x245.jpg 326w, https:\/\/speyer24news.com\/wp-content\/uploads\/2020\/06\/DSC02474-80x60.jpg 80w\" sizes=\"(max-width: 640px) 100vw, 640px\" \/><\/figure><\/div>\n\n\n\n<p>Der Gottesdienst im Dom wird per Livestream \u00fcber die Social-Media Kan\u00e4le von Dom und Bistum und \u00fcber die Webseiten \u00fcbertragen. Die Zahl der Gottesdienstteilnehmer im Dom ist aufgrund der Abstandsregelung begrenzt. Im Dom k\u00f6nnen 92 Menschen im Mittelschiff\u00a0 so platzier werden, dass der vorgeschriebene Abstand eingehalten wird. Weitere Pl\u00e4tze befinden sich im Querhaus, von wo allerdings kein Sichtkontakt zum gottesdienstlichen Geschehen besteht. Wer an dem Gottesdiensten teilnehmen m\u00f6chte, kann sich im Pfarrb\u00fcro telefonisch (06232-102140) oder per E-Mail\u00a0<a rel=\"noreferrer noopener\" href=\"mailto:pfarramt.speyer@bistum-speyer.de\" target=\"_blank\">pfarramt.speyer@bistum-speyer.de<\/a>\u00a0anmelden. Eine Anmeldung muss mit Name, Adresse, Telefonnummer und Email-Adresse erfasst werden, um im Falle einer Ansteckung m\u00f6gliche Infektionsketten nachverfolgen zu k\u00f6nnen. Der Eingang zum Gottesdienst im Dom geschieht ausschlie\u00dflich \u00fcber das Hauptportal. Die beh\u00f6rdlich verordneten Hygieneschutzregeln gelten auch im Rahmen der Messfeier: Handdesinfektion. ein mitgebrachter Mundschutz und 1,5 Metern Abstand zueinander sind verpflichtend. <\/p>\n\n\n\n<div class=\"wp-block-image\"><figure class=\"aligncenter\"><img decoding=\"async\" loading=\"lazy\" width=\"640\" height=\"480\" src=\"https:\/\/speyer24news.com\/wp-content\/uploads\/2020\/06\/DSC02383.jpg\" alt=\"\" class=\"wp-image-27855\" srcset=\"https:\/\/speyer24news.com\/wp-content\/uploads\/2020\/06\/DSC02383.jpg 640w, https:\/\/speyer24news.com\/wp-content\/uploads\/2020\/06\/DSC02383-300x225.jpg 300w, https:\/\/speyer24news.com\/wp-content\/uploads\/2020\/06\/DSC02383-326x245.jpg 326w, https:\/\/speyer24news.com\/wp-content\/uploads\/2020\/06\/DSC02383-80x60.jpg 80w\" sizes=\"(max-width: 640px) 100vw, 640px\" \/><\/figure><\/div>\n\n\n\n<p><em>Text: Bistum Speyer Foto: Speyer 24\/7 News, dak<br>09.06.2020<\/em><\/p>\n","protected":false},"excerpt":{"rendered":"<div class=\"mh-excerpt\"><p>Fronleichnamsfest in Speyer Pontifikalamt mit Bischof Wiesemann im Speyerer Dom Speyer &#8211; Die Pfarrei Pax Christi l\u00e4dt am Donnerstag, 11. Juni, zum Fronleichnamsfest in Speyer ein. Der gemeinsame Fronleichnamsgottesdienst von Bischof Dr. Karl-Heinz Wiesemann, Domkapitel <a class=\"mh-excerpt-more\" href=\"https:\/\/speyer24news.com\/?p=27851\" title=\"Bistum Speyer\">[&#8230;]<\/a><\/p>\n<\/div>","protected":false},"author":3,"featured_media":0,"comment_status":"open","ping_status":"open","sticky":false,"template":"","format":"standard","meta":{"_monsterinsights_skip_tracking":false,"_monsterinsights_sitenote_active":false,"_monsterinsights_sitenote_note":"","_monsterinsights_sitenote_category":0,"footnotes":""},"categories":[120],"tags":[174,1604,7356,1605,7357,7358,6,4687,7359,7363,7360,7362,7361],"aioseo_notices":[],"amp_enabled":true,"_links":{"self":[{"href":"https:\/\/speyer24news.com\/index.php?rest_route=\/wp\/v2\/posts\/27851"}],"collection":[{"href":"https:\/\/speyer24news.com\/index.php?rest_route=\/wp\/v2\/posts"}],"about":[{"href":"https:\/\/speyer24news.com\/index.php?rest_route=\/wp\/v2\/types\/post"}],"author":[{"embeddable":true,"href":"https:\/\/speyer24news.com\/index.php?rest_route=\/wp\/v2\/users\/3"}],"replies":[{"embeddable":true,"href":"https:\/\/speyer24news.com\/index.php?rest_route=%2Fwp%2Fv2%2Fcomments&post=27851"}],"version-history":[{"count":1,"href":"https:\/\/speyer24news.com\/index.php?rest_route=\/wp\/v2\/posts\/27851\/revisions"}],"predecessor-version":[{"id":27857,"href":"https:\/\/speyer24news.com\/index.php?rest_route=\/wp\/v2\/posts\/27851\/revisions\/27857"}],"wp:attachment":[{"href":"https:\/\/speyer24news.com\/index.php?rest_route=%2Fwp%2Fv2%2Fmedia&parent=27851"}],"wp:term":[{"taxonomy":"category","embeddable":true,"href":"https:\/\/speyer24news.com\/index.php?rest_route=%2Fwp%2Fv2%2Fcategories&post=27851"},{"taxonomy":"post_tag","embeddable":true,"href":"https:\/\/speyer24news.com\/index.php?rest_route=%2Fwp%2Fv2%2Ftags&post=27851"}],"curies":[{"name":"wp","href":"https:\/\/api.w.org\/{rel}","templated":true}]}}