{"id":27858,"date":"2020-06-09T06:55:05","date_gmt":"2020-06-09T05:55:05","guid":{"rendered":"https:\/\/speyer24news.com\/?p=27858"},"modified":"2020-06-09T06:55:07","modified_gmt":"2020-06-09T05:55:07","slug":"landau-kreis-ld-3","status":"publish","type":"post","link":"https:\/\/speyer24news.com\/?p=27858","title":{"rendered":"Landau &#038; Kreis LD"},"content":{"rendered":"<style type=\"text\/css\">\r\n\t.ads_top_disp{}\r\n\t.ads_top_corner_disp{ float:left; margin:0px 10px 10px 0px; }\r\n\t.ads_first_p_disp{}\r\n\t.ads_bottom_disp{}\r\n\t<\/style>\n<h2 class=\"wp-block-heading\"><strong>Coronavirus: Fallzahlen im Landkreis S\u00fcdliche Weinstra\u00dfe und der Stadt Landau<\/strong><\/h2>\n\n\n\n<figure class=\"wp-block-image\"><img decoding=\"async\" loading=\"lazy\" width=\"800\" height=\"400\" src=\"https:\/\/speyer24news.com\/wp-content\/uploads\/2020\/02\/virus-1812092_1920.jpg\" alt=\"\" class=\"wp-image-25128\" srcset=\"https:\/\/speyer24news.com\/wp-content\/uploads\/2020\/02\/virus-1812092_1920.jpg 800w, https:\/\/speyer24news.com\/wp-content\/uploads\/2020\/02\/virus-1812092_1920-300x150.jpg 300w, https:\/\/speyer24news.com\/wp-content\/uploads\/2020\/02\/virus-1812092_1920-768x384.jpg 768w\" sizes=\"(max-width: 800px) 100vw, 800px\" \/><\/figure>\n\n\n\n<h2 class=\"wp-block-heading\">Montag (08.06.2020)<\/h2>\n\n\n\n<p>Nach\naktuellem Stand (08.06.2020, 12:00 Uhr) hat sich seit 05.06.2020 keine\nVer\u00e4nderung der Fallzahlen ergeben. Insgesamt wurden <strong>222<\/strong> F\u00e4lle im Zust\u00e4ndigkeitsbereich des Gesundheitsamts\nLandau\/S\u00fcdliche Weinstra\u00dfe an das Landesuntersuchungsamt \u00fcbermittelt. <strong>216<\/strong> Personen sind gesundet*. <strong>5<\/strong> Personen sind verstorben. <\/p>\n\n\n\n<ul><li><strong>Verbandsgemeinde Annweiler:<\/strong> 12 Personen (12 davon gesundet)<\/li><li><strong>Verbandsgemeinde Bad Bergzabern<\/strong>:11 Personen (11 davon gesundet)<\/li><li><strong>Verbandsgemeinde Edenkoben<\/strong>: 40 Personen (40 davon gesundet)<\/li><li><strong>Verbandsgemeinde Herxheim: <\/strong>28 Personen (26 davon gesundet, 1 verstorben)<\/li><li><strong>Verbandsgemeinde Landau-Land<\/strong>: 22 Personen (20 davon gesundet, 2 verstorben)<\/li><li><strong>Verbandsgemeinde Maikammer<\/strong>: 14 Personen (14 davon gesundet)<\/li><li><strong>Verbandsgemeinde Offenbach<\/strong>: 22 Personen (22 davon gesundet)<\/li><li><strong>Stadt Landau<\/strong>: 73 Personen (71 davon gesundet, 2 verstorben).<\/li><\/ul>\n\n\n\n<p>Alle ermittelbaren Kontaktpersonen werden \u00fcber die Infektion\ninformiert. <\/p>\n\n\n\n<p>*Eine Person gilt als gesundet und wird aus der 14-t\u00e4gigen\nh\u00e4uslichen Quarant\u00e4ne entlassen, wenn sie 48 Stunden (an Tag 13 und 14 der\nh\u00e4uslichen Quarant\u00e4ne) symptomfrei war. Ein erneuter Test findet bei Personen\nin h\u00e4uslicher Quarant\u00e4ne nicht statt.<\/p>\n\n\n\n<p>Diese F\u00e4lle gelten f\u00fcr das Gesundheitsamt als abgeschlossen.\nPersonen in Gesundheitsberufen dagegen \u2013 etwa \u00c4rzte oder Altenpfleger \u2013 werden\nerst als abgeschlossene F\u00e4lle gez\u00e4hlt, wenn diese einen negativen Abstrich\nhatten, da diese erst dann wieder arbeiten d\u00fcrfen.<\/p>\n\n\n\n<p>Informationen zum Thema Coronavirus finden Sie auf der Homepage des Landkreises: <a href=\"http:\/\/www.suedliche-weinstrasse.de\">www.suedliche-weinstrasse.de<\/a>. <\/p>\n\n\n\n<p><em>Gemeinsame Pressemitteilung der Kreisverwaltung S\u00fcdliche Weinstra\u00dfe und der Stadtverwaltung Landau<br>09.06.2020<\/em><\/p>\n\n\n\n<h2 class=\"wp-block-heading\"><strong>S\u00fcdpf\u00e4lzische Gleichstellungsbeauftragte werben f\u00fcr gemeinsame Aktion: In Superm\u00e4rkten und im Einzelhandel auf Hilfetelefon hinweisen<\/strong><\/h2>\n\n\n\n<figure class=\"wp-block-image\"><img decoding=\"async\" loading=\"lazy\" width=\"800\" height=\"594\" src=\"https:\/\/speyer24news.com\/wp-content\/uploads\/2020\/06\/Gleichstellungsbeauftragte_vlnr_Julier_Staehle_Trog.jpg\" alt=\"\" class=\"wp-image-27842\" srcset=\"https:\/\/speyer24news.com\/wp-content\/uploads\/2020\/06\/Gleichstellungsbeauftragte_vlnr_Julier_Staehle_Trog.jpg 800w, https:\/\/speyer24news.com\/wp-content\/uploads\/2020\/06\/Gleichstellungsbeauftragte_vlnr_Julier_Staehle_Trog-300x223.jpg 300w, https:\/\/speyer24news.com\/wp-content\/uploads\/2020\/06\/Gleichstellungsbeauftragte_vlnr_Julier_Staehle_Trog-768x570.jpg 768w, https:\/\/speyer24news.com\/wp-content\/uploads\/2020\/06\/Gleichstellungsbeauftragte_vlnr_Julier_Staehle_Trog-80x60.jpg 80w\" sizes=\"(max-width: 800px) 100vw, 800px\" \/><figcaption>Gleichstellungsbeauftragte: v.l.: Julier, Staehle, Trog<\/figcaption><\/figure>\n\n\n\n<p>Anfang April gab es an der S\u00fcdlichen Weinstra\u00dfe, wie auch im Kreis Germersheim personelle Wechsel in der Position der Gleichstellungsbeauftragten. Jetzt haben sich  zum ersten Mal die Amtsinhaberinnen Isabelle St\u00e4hle (S\u00dcW) und Lisa-Marie Trog (GER) mit der Landauer Kollegin Evi Julier zu einem Arbeitstrefffen verabredet \u2013 und direkt die Absicht formuliert, die Vernetzung und Verzahnung weiter vertiefen zu wollen. Das  soll einerseits daf\u00fcr sorgen, dass Synergien effektiver genutzt werden und andererseits den Menschen aus der Region ein fl\u00e4chendeckendes Unterst\u00fctzungsangebot zugutekommt. Gestartet haben St\u00e4hle, Julier und Trog direkt mit einer ersten gemeinsamen Aktion.  Die richtet sich an Frauen, die m\u00f6glicherweise in der Zeit der durch Corona bedingten Einschr\u00e4nkungen verst\u00e4rkt mit h\u00e4uslicher Gewalt konfrontiert wurden.<\/p>\n\n\n\n<p>Obwohl der Lockdown inzwischen wieder etwas gelockert wurde, stehen Familien und Partnerschaften immer noch vor gro\u00dfen Herausforderungen. Auch das Risiko h\u00e4uslicher  Gewalt steigt. Gleichzeitig wird es f\u00fcr betroffene Frauen schwieriger, Hilfe in Anspruch zu nehmen. Gerade in dieser Ausnahmesituation ist es allerdings wichtig, Menschen zu erreichen und M\u00f6glichkeiten der Hilfe anzubieten. Da Superm\u00e4rkte zu den wenigen Orten  geh\u00f6ren, die nach wie vor regelm\u00e4\u00dfig aufgesucht werden, beteiligen sich die drei Gleichstellungsbeauftragten an der Kampagne \u201eZuhause nicht sicher?\u201c. Dabei appellieren sie an Einzelhandel, sich an der Aktion zu beteiligen.<\/p>\n\n\n\n<p>Unterst\u00fctzt durch die Landr\u00e4te Dietmar Seefeldt (S\u00dcW), Dr. Fritz Brechtel (GER) und Landaus Oberb\u00fcrgermeister Thomas Hirsch, werben sie f\u00fcr die Aktion, die von Bundesfamilienministerin Franziska Giffey initiiert wurde. Lebensmittel-Nahversorger und Einzelh\u00e4ndler  aus der S\u00fcdpfalz sollen mit Plakaten, Abrisszetteln, bedruckten Kassenbons und vielem mehr auf die Aktion und das Hilfetelefon gegen Gewalt an Frauen (08000 116 016) hinweisen. So haben Betroffene die M\u00f6glichkeit sich schnell und unkompliziert zu informieren  oder Hilfe zu holen. Weitere Informationen k\u00f6nnen unter <a href=\"https:\/\/deref-web-02.de\/mail\/client\/6uTx717vq-w\/dereferrer\/?redirectUrl=http%3A%2F%2Fwww.st%C3%A4rker-als-gewalt.de\" target=\"_blank\" rel=\"noreferrer noopener\">www.st\u00e4rker-als-gewalt.de<\/a> nachgelsen werden.<\/p>\n\n\n\n<p>Mindestens einmal alle zwei Monate wollen sich die Gleichstellungsbeauftragten zu einem Pr\u00e4senztreffen verabreden. Ein Schwerpunkt der gemeinsamen Anstrengungen liegt von Beginn  an in der Bek\u00e4mpfung von Gewalt gegen Frauen. Au\u00dferdem konnten Julier, St\u00e4hle und Trog \u00fcbereinstimmend wahrnehmen, dass \u00fcberholte, tradierte und vergessene Rollenbilder von Mann und Frau gerade w\u00e4hrend der Pandemiezeit wieder aufleben, Ressentiments eine Renaissance  erleben und die bunte Vielfalt in der Gesellschaft zu schwinden scheint. Mit vereinten Kr\u00e4ften werden die Gleichstellungsbeauftragten k\u00fcnftig verst\u00e4rkt darauf achten, dass es hier nicht zu einer Schr\u00e4glage kommt, unter der Frauen leiden m\u00fcssen.<\/p>\n\n\n\n<p>Auf den Homepages der jeweiligen Kommune k\u00f6nnen die Kontaktdaten der zust\u00e4ndigen Gleichstellungsbeauftragten sowie weitere regionale Hilfsangebote nachgeschlagen werden.<\/p>\n\n\n\n<p><em>Gemeinsame Pressemitteilung der Landkreise Germersheim und S\u00fcdliche Weinstra\u00dfe und der Stadt Landau in der Pfalz<br>09.06.2020<\/em><\/p>\n\n\n\n<h2 class=\"wp-block-heading\">Bundesweiter Tag der Architektur: Stadt Landau mit vier Bauprojekten vertreten \u2013 Virtuelle Architek(touren) am 27. und 28. Juni<\/h2>\n\n\n\n<div class=\"wp-block-image\"><figure class=\"aligncenter\"><img decoding=\"async\" loading=\"lazy\" width=\"800\" height=\"548\" src=\"https:\/\/speyer24news.com\/wp-content\/uploads\/2020\/06\/Info-08-06-2020-12-Uhr_Architektur.jpg\" alt=\"\" class=\"wp-image-27860\" srcset=\"https:\/\/speyer24news.com\/wp-content\/uploads\/2020\/06\/Info-08-06-2020-12-Uhr_Architektur.jpg 800w, https:\/\/speyer24news.com\/wp-content\/uploads\/2020\/06\/Info-08-06-2020-12-Uhr_Architektur-300x206.jpg 300w, https:\/\/speyer24news.com\/wp-content\/uploads\/2020\/06\/Info-08-06-2020-12-Uhr_Architektur-768x526.jpg 768w\" sizes=\"(max-width: 800px) 100vw, 800px\" \/><figcaption>Neues Leben in alten Gem\u00e4uern: Im Marienring wurde ein ehemaliges Werkstattgeb\u00e4ude saniert und umgenutzt. <em>(Quelle: Magdalena Bumb-R\u00fcbsam)<\/em>.<\/figcaption><\/figure><\/div>\n\n\n\n<p>\u201eRessource Architektur\u201c: Unter diesem Motto steht der diesj\u00e4hrige Tag der Architektur, bei dem bundesweit Bauherrinnen und Bauherren sowie Architektinnen und Architekten ihre Projekte vorstellen. Die seit 25 Jahren von der Bundesarchitektenkammer und den Architektenkammern der L\u00e4nder organisierte Veranstaltung will das Bauen in den jeweiligen Regionen erlebbar machen und Einblicke in Planungs- und Bauprozesse geben. Corona-bedingt k\u00f6nnen die Projekte in diesem Jahr nicht live besucht werden. Stattdessen \u00f6ffnen die Eigent\u00fcmerinnen und Eigent\u00fcmer digital ihre T\u00fcren und laden am Samstag, 27. Juni, und am Sonntag, 28. Juni, auf der Internetseite <a href=\"http:\/\/www.diearchitekten.org\">www.diearchitekten.org<\/a> zu virtuellen (Architek)touren ein. Die Stadt Landau ist mit vier Projekten beim Aktionstag vertreten, drei in der Kernstadt, eines in einem Stadtdorf:<\/p>\n\n\n\n<h4 class=\"wp-block-heading\"><strong>\u201eAlte Schlosserei\u201c wird Architekturb\u00fcro (Reduitstra\u00dfe 21).<\/strong> <\/h4>\n\n\n\n<p>Das Geb\u00e4ude wurde 1862 als Teil des Proviantamts des bayerischen Milit\u00e4rs erbaut. Das Architekturb\u00fcro erwarb das Geb\u00e4ude 2017 mit bereits angebautem, neuem Eingangsbereich und gestaltete es seit 2018 zum B\u00fcrogeb\u00e4ude mit Veranstaltungsraum im Gew\u00f6lbekeller um. Die urspr\u00fcnglichen baulichen Strukturen der \u201eAlten Schlosserei&#8220; wurden dabei freigelegt und in Szene gesetzt. Bauherr und Architekt: Polychrom Architekten GbR, Landau. Innenarchitektin: Maike L\u00f6hr. Fertigstellung: 2020.<\/p>\n\n\n\n<h4 class=\"wp-block-heading\"><strong>Sanierung und Umnutzung eines Werkstattgeb\u00e4udes (Marienring 9a).<\/strong><\/h4>\n\n\n\n<p>Das ehemalige Werkstattgeb\u00e4ude befindet sich im Hof eines repr\u00e4sentativen Geb\u00e4udes aus der Sp\u00e4tgr\u00fcnderzeit um 1900. Ziel der Entwurfsplanung war es, die besondere Atmosph\u00e4re des Geb\u00e4udes zu wahren und durch behutsame und geschickte Eingriffe zeitgem\u00e4\u00dfe Wohn- und B\u00fcroeinheiten zu schaffen. Bauherr: Ingo Bischoff, Bad D\u00fcrkheim. Architekt: LAMPEvier ARCHITEKTEN+INGENIEURE, Landau. Fertigstellung: 2017.<\/p>\n\n\n\n<h4 class=\"wp-block-heading\"><strong>Neubau VR-Bank S\u00fcdpfalz (Waffenstra\u00dfe 17).<\/strong> <\/h4>\n\n\n\n<p>Neu und alt, Ordnung und Flexibilit\u00e4t, getrennt und doch zusammen: Das sind die Gegens\u00e4tze, die der Erweiterungsbau der VR-Bank S\u00fcdpfalz vereint. Bestands- und Neubau sind durch die Queich getrennt und nun durch einen transparenten Skywalk verbunden. Daneben recken sich zwei gl\u00e4serne Konferenzr\u00e4ume, scheinbar \u00fcber dem Wasserlauf schwebend, in den Raum zwischen Alt und Neu. Bauherrin: VR-Bank S\u00fcdpfalz eG, Landau. Architekt: Werkgemeinschaft, Landau. Innenarchitektin: Carolin Seegm\u00fcller. Fertigstellung: 2019.<\/p>\n\n\n\n<h4 class=\"wp-block-heading\"><strong>KAMM (Kammertweg 12, Nu\u00dfdorf).<\/strong> <\/h4>\n\n\n\n<p>Die Bauherren w\u00fcnschten sich ein pures und \u00f6kologisches Wohnhaus mit sichtbaren Materialien. So blieben konsequent die Konstruktionsmaterialien Holz und Beton auf nahezu allen Oberfl\u00e4chen sichtbar. Es entstand ein purer nat\u00fcrlicher Wohnraum, der von und mit den verwendeten Materialien lebt. Durch den offenen Grundriss und die gro\u00dffl\u00e4chige Verglasung wirkt das Geb\u00e4ude sehr gro\u00dfz\u00fcgig und lichtdurchflutet. Bauherr: Privat. Architekt: marcbetz architekten, Landau. Fertigstellung: 2019.<\/p>\n\n\n\n<p>Das komplette Programm des bundesweiten Tags der Architektur kann auf der Internetseite <a href=\"http:\/\/www.tag-der-architektur.de\">www.tag-der-architektur.de<\/a> eingesehen werden.<\/p>\n\n\n\n<p><em>Text: Stadtverwaltung Landau Foto: Magdalena Bumb-R\u00fcbsam<br>09.06.2020<\/em><\/p>\n\n\n\n<h2 class=\"wp-block-heading\">Nach Coronabedingter Schlie\u00dfung: Frank-Loebsches Haus und galerie Z in Landau \u00f6ffnen wieder <\/h2>\n\n\n\n<div class=\"wp-block-image\"><figure class=\"aligncenter\"><img decoding=\"async\" loading=\"lazy\" width=\"800\" height=\"533\" src=\"https:\/\/speyer24news.com\/wp-content\/uploads\/2020\/06\/Info-08-06-2020-12-Uhr_Ausstellung.jpg\" alt=\"\" class=\"wp-image-27859\" srcset=\"https:\/\/speyer24news.com\/wp-content\/uploads\/2020\/06\/Info-08-06-2020-12-Uhr_Ausstellung.jpg 800w, https:\/\/speyer24news.com\/wp-content\/uploads\/2020\/06\/Info-08-06-2020-12-Uhr_Ausstellung-300x200.jpg 300w, https:\/\/speyer24news.com\/wp-content\/uploads\/2020\/06\/Info-08-06-2020-12-Uhr_Ausstellung-768x512.jpg 768w\" sizes=\"(max-width: 800px) 100vw, 800px\" \/><figcaption>Nach der Wiederer\u00f6ffnung zeigt die galerie Z die Ausstellung \u201eUte Gortner\/Thomas Meier-Castel\u201c. <em>(Quelle: Stadt Landau)<\/em><\/figcaption><\/figure><\/div>\n\n\n\n<p>Ab Dienstag, 9. Juni, \u00f6ffnen das Frank-Loebsche Haus\nund die galerie Z in Landau unter Hygieneauflagen ihre Pforten wieder. Wie die\nst\u00e4dtische Kulturabteilung informiert, k\u00f6nnen somit nun sowohl die von der\ngalerie Z f\u00fcr M\u00e4rz geplante und aufgrund des \u201eLockdowns\u201c verschobene\nAusstellung \u201eUte Gortner\/Thomas Meier-Castel\u201c sowie die Dauerausstellungen \u201eJuden\nin Landau \u2013 Vom Mittelalter bis zum Holocaust\u201c und \u201eSinti und Roma: Aus der\nMitte der Gesellschaft \u2013 In der Mitte der Gesellschaft?\u201c wieder besichtigt\nwerden. <\/p>\n\n\n\n<p>Allerdings: Gruppenbesuche und die Durchf\u00fchrung von\nVeranstaltungen sind aktuell noch nicht m\u00f6glich. Auch F\u00fchrungen werden noch nicht\nangeboten. <\/p>\n\n\n\n<p>B\u00fcrgermeister und Kulturdezernent Dr. Maximilian\nIngenthron ist erleichtert, dass die Zwangspause nun zu Ende geht. \u201eDas\nFrank-Loebsche Haus verk\u00f6rpert seit mehr als drei Jahrzehnten die zentrale\nSt\u00e4tte der Erinnerung an die Geschichte des Judentums und der Sinti und Roma in\nLandau. Zusammen mit der galerie Z geh\u00f6rt das Haus zu den wichtigsten\nPlattformen der Pr\u00e4sentation und Vermittlung der Bildenden Kunst und der Kultur\nsowie der gesellschaftlichen Begegnung und des politischen Disputs in der\nRegion. Es ist erfreulich und das richtige Signal, dass das Haus nun wieder\nseine T\u00fcren \u00f6ffnen und die Menschen zum Besuch der Ausstellungen einladen\nkann.\u201c<\/p>\n\n\n\n<p>Die Betreiber der galerie Z freuen sich, nun endlich\ndie Malerei, Grafik und Zeichnungen von Ute Gortner sowie die Grafik-Unikate\nvon Thomas Meier-Castel zeigen zu k\u00f6nnen: \u201eBeide haben rund drei Jahrzehnte\nmiteinander gelebt und k\u00fcnstlerisch gearbeitet. Ihre sich erg\u00e4nzenden\nCharaktere spiegeln sich in ihren Werken wider: Impulsiv und raumgreifend die\nRadierungen von Meier-Castel, fein und detailliert die Arbeiten von Ute\nGortner\u201c, erl\u00e4utert Uschi Zoller. Peter B\u00fcchner erg\u00e4nzt: \u201eDas Paar hat sich\nk\u00fcnstlerisch hervorragend erg\u00e4nzt und befruchtet, das Werk des einen w\u00fcrde ohne\ndas des anderen nicht existieren.\u201c <\/p>\n\n\n\n<p>Die Ausstellung ist bis zum 29. August zu sehen. Derzeit gelten folgende \u00d6ffnungszeiten: Dienstag bis Freitag von 10 bis 12 Uhr und von 14 bis 17 Uhr sowie Samstag von 10 bis 14 Uhr. <\/p>\n\n\n\n<p><em>Stadtverwaltung Landau<br>09.06.2020<\/em><\/p>\n","protected":false},"excerpt":{"rendered":"<div class=\"mh-excerpt\"><p>Coronavirus: Fallzahlen im Landkreis S\u00fcdliche Weinstra\u00dfe und der Stadt Landau Montag (08.06.2020) Nach aktuellem Stand (08.06.2020, 12:00 Uhr) hat sich seit 05.06.2020 keine Ver\u00e4nderung der Fallzahlen ergeben. Insgesamt wurden 222 F\u00e4lle im Zust\u00e4ndigkeitsbereich des Gesundheitsamts <a class=\"mh-excerpt-more\" href=\"https:\/\/speyer24news.com\/?p=27858\" title=\"Landau &#038; Kreis LD\">[&#8230;]<\/a><\/p>\n<\/div>","protected":false},"author":3,"featured_media":23857,"comment_status":"open","ping_status":"open","sticky":false,"template":"","format":"standard","meta":{"_monsterinsights_skip_tracking":false,"_monsterinsights_sitenote_active":false,"_monsterinsights_sitenote_note":"","_monsterinsights_sitenote_category":0,"footnotes":""},"categories":[675],"tags":[6648,7076,7252,5804,7365,7345,7344,7163,7346,7364,58,2962,1704],"aioseo_notices":[],"amp_enabled":true,"_links":{"self":[{"href":"https:\/\/speyer24news.com\/index.php?rest_route=\/wp\/v2\/posts\/27858"}],"collection":[{"href":"https:\/\/speyer24news.com\/index.php?rest_route=\/wp\/v2\/posts"}],"about":[{"href":"https:\/\/speyer24news.com\/index.php?rest_route=\/wp\/v2\/types\/post"}],"author":[{"embeddable":true,"href":"https:\/\/speyer24news.com\/index.php?rest_route=\/wp\/v2\/users\/3"}],"replies":[{"embeddable":true,"href":"https:\/\/speyer24news.com\/index.php?rest_route=%2Fwp%2Fv2%2Fcomments&post=27858"}],"version-history":[{"count":1,"href":"https:\/\/speyer24news.com\/index.php?rest_route=\/wp\/v2\/posts\/27858\/revisions"}],"predecessor-version":[{"id":27861,"href":"https:\/\/speyer24news.com\/index.php?rest_route=\/wp\/v2\/posts\/27858\/revisions\/27861"}],"wp:featuredmedia":[{"embeddable":true,"href":"https:\/\/speyer24news.com\/index.php?rest_route=\/wp\/v2\/media\/23857"}],"wp:attachment":[{"href":"https:\/\/speyer24news.com\/index.php?rest_route=%2Fwp%2Fv2%2Fmedia&parent=27858"}],"wp:term":[{"taxonomy":"category","embeddable":true,"href":"https:\/\/speyer24news.com\/index.php?rest_route=%2Fwp%2Fv2%2Fcategories&post=27858"},{"taxonomy":"post_tag","embeddable":true,"href":"https:\/\/speyer24news.com\/index.php?rest_route=%2Fwp%2Fv2%2Ftags&post=27858"}],"curies":[{"name":"wp","href":"https:\/\/api.w.org\/{rel}","templated":true}]}}