{"id":27863,"date":"2020-06-09T07:10:06","date_gmt":"2020-06-09T06:10:06","guid":{"rendered":"https:\/\/speyer24news.com\/?p=27863"},"modified":"2020-06-09T07:10:06","modified_gmt":"2020-06-09T06:10:06","slug":"badewelt-sinsheim-gmbh-2","status":"publish","type":"post","link":"https:\/\/speyer24news.com\/?p=27863","title":{"rendered":"Badewelt Sinsheim GmbH"},"content":{"rendered":"<style type=\"text\/css\">\r\n\t.ads_top_disp{}\r\n\t.ads_top_corner_disp{ float:left; margin:0px 10px 10px 0px; }\r\n\t.ads_first_p_disp{}\r\n\t.ads_bottom_disp{}\r\n\t<\/style>\n<h2 class=\"wp-block-heading\">Wiederer\u00f6ffnung der Thermen &amp; Badewelt Sinsheim<\/h2>\n\n\n\n<div class=\"wp-block-image\"><figure class=\"aligncenter\"><img decoding=\"async\" loading=\"lazy\" width=\"500\" height=\"593\" src=\"https:\/\/speyer24news.com\/wp-content\/uploads\/2020\/01\/Badewelt-Sinsheim-Logo.png\" alt=\"\" class=\"wp-image-24732\" srcset=\"https:\/\/speyer24news.com\/wp-content\/uploads\/2020\/01\/Badewelt-Sinsheim-Logo.png 500w, https:\/\/speyer24news.com\/wp-content\/uploads\/2020\/01\/Badewelt-Sinsheim-Logo-253x300.png 253w\" sizes=\"(max-width: 500px) 100vw, 500px\" \/><\/figure><\/div>\n\n\n\n<p>Am<strong> 22. Juni <\/strong>ist es endlich soweit \u2013 wir d\u00fcrfen die&nbsp;Thermen &amp; Badewelt Sinsheim f\u00fcr unsere G\u00e4ste \u00f6ffnen. Wir sind \u00fcbergl\u00fccklich, wieder f\u00fcr Sie da sein zu k\u00f6nnen und Sie verw\u00f6hnen zu d\u00fcrfen.<\/p>\n\n\n\n<p>Ob wohlverdiente Auszeit vom Alltag, ein Wellness- und Gesundheitstag oder der langersehnte Kurzurlaub \u2013 wir freuen uns auf Ihren Besuch.<\/p>\n\n\n\n<p>Es kommt von Herzen, wenn wir sagen: <strong>Wir haben Sie vermisst.<\/strong><\/p>\n\n\n\n<div class=\"wp-block-image\"><figure class=\"aligncenter\"><img decoding=\"async\" loading=\"lazy\" width=\"800\" height=\"573\" src=\"https:\/\/speyer24news.com\/wp-content\/uploads\/2020\/06\/Therme.jpg\" alt=\"\" class=\"wp-image-27865\" srcset=\"https:\/\/speyer24news.com\/wp-content\/uploads\/2020\/06\/Therme.jpg 800w, https:\/\/speyer24news.com\/wp-content\/uploads\/2020\/06\/Therme-300x215.jpg 300w, https:\/\/speyer24news.com\/wp-content\/uploads\/2020\/06\/Therme-768x550.jpg 768w\" sizes=\"(max-width: 800px) 100vw, 800px\" \/><\/figure><\/div>\n\n\n\n<h3 class=\"wp-block-heading\">Online-Ticket-Verkauf startet am 12. Juni,12 Uhr<\/h3>\n\n\n\n<p><strong>Tagesdatierte Online-Tickets f\u00fcr Ihren Besuch sind ab 12. Juni, 12 Uhr \u00fcber unseren Onlineshop erh\u00e4ltlich. <\/strong><\/p>\n\n\n\n<p>Ab 22. Juni ist ein Thermenbesuch nur mit einem g\u00fcltigen Online-Ticket (Er\u00f6ffnungsangebot) m\u00f6glich.&nbsp;Tickets sind \u00fcber den Onlineshop erh\u00e4ltlich und k\u00f6nnen nicht vor Ort erworben werden.<\/p>\n\n\n\n<p><strong>Mit Abstand ein paradiesischer Besuch<\/strong><\/p>\n\n\n\n<p>Damit Sie gen\u00fcgend Platz zum Abstand halten haben, ist das Tageskontingent an Besuchern stark limitiert.<\/p>\n\n\n\n<h3 class=\"wp-block-heading\">Informationen zu Ihrem Besuch<\/h3>\n\n\n\n<p>Um die Sicherheit unserer G\u00e4ste und Mitarbeitenden zu gew\u00e4hrleisten, gelten auch in der&nbsp;Thermen &amp; Badewelt Sinsheim die allgemeinen Verhaltensregeln im Umgang mit dem Coronavirus. Das bedeutet: Abstand halten, regelm\u00e4\u00dfig die H\u00e4nde desinfizieren, Nies- und Hustetikette beachten und die&nbsp;Therme nur bei gutem Gesundheitszustand besuchen.<\/p>\n\n\n\n<p>In enger Abstimmung mit den Beh\u00f6rden haben wir uns in den letzten Tagen und Wochen intensiv auf die ver\u00e4nderte Situation vorbereitet. In dieser besonderen Zeit bieten wir Ihnen ein angepasstes Angebot.<\/p>\n\n\n\n<div class=\"wp-block-image\"><figure class=\"aligncenter\"><img decoding=\"async\" loading=\"lazy\" width=\"800\" height=\"403\" src=\"https:\/\/speyer24news.com\/wp-content\/uploads\/2020\/06\/12265_14_panorama-palmenparadies.jpg\" alt=\"\" class=\"wp-image-27866\" srcset=\"https:\/\/speyer24news.com\/wp-content\/uploads\/2020\/06\/12265_14_panorama-palmenparadies.jpg 800w, https:\/\/speyer24news.com\/wp-content\/uploads\/2020\/06\/12265_14_panorama-palmenparadies-300x151.jpg 300w, https:\/\/speyer24news.com\/wp-content\/uploads\/2020\/06\/12265_14_panorama-palmenparadies-768x387.jpg 768w\" sizes=\"(max-width: 800px) 100vw, 800px\" \/><\/figure><\/div>\n\n\n\n<h4 class=\"wp-block-heading\">Begrenzte Anzahl an G\u00e4sten\t\t\t\t\n\n\t\t\t\t\n\t\t\t\t\t\n\t\t\t\t\t\t\t\t\n\t\t\t\t\t\t\t\n\t\t\t\t\t<\/h4>\n\n\n\n<p>Die weitl\u00e4ufigen Wasser- und Ruhefl\u00e4chen unserer Therme erm\u00f6glichen Ihnen einen sicheren und entspannten Aufenthalt.<\/p>\n\n\n\n<p>Unter dem Motto <strong>&#8222;Mit Abstand ein paradiesischer Besuch&#8220;<\/strong> \u00f6ffnen wir die&nbsp;Thermen &amp; Badewelt Sinsheim zum aktuellen Zeitpunkt nur f\u00fcr eine <strong>begrenzte Anzahl<\/strong> <strong>an G\u00e4sten<\/strong>.<\/p>\n\n\n\n<p>Zus\u00e4tzlich bitten wir Sie alle um ein klein wenig Mithilfe \u2013 wenn wir uns gemeinsam an die zus\u00e4tzlichen Hygiene- und Sicherheitsma\u00dfnahmen halten und aufeinander R\u00fccksicht nehmen, steht einem wunderbaren Besuch nichts im Weg.<\/p>\n\n\n\n<h4 class=\"wp-block-heading\">Eintritt online buchen <\/h4>\n\n\n\n<p>Die Nutzung der&nbsp;Thermen &amp; Badewelt Sinsheim ist nur nach <strong>Online-Buchung<\/strong> eines<strong> tagesdatierten Eintrittstickets inklusive festem Liegeplatz<\/strong> m\u00f6glich (Er\u00f6ffnungsangebot). So k\u00f6nnen wir gew\u00e4hrleisten, dass die Anzahl der G\u00e4ste einen festgelegten Wert nicht \u00fcbersteigt und Sie in allen Erholungsbereichen ausreichend Abstand einhalten k\u00f6nnen.<\/p>\n\n\n\n<p>Am besten Sie registrieren sich in unserem <a href=\"https:\/\/www.badewelt-sinsheim.de\/de\/myparadise\/\">Myparadise-Online-Bereich<\/a>, dann k\u00f6nnen Sie Ihren Besuch in der&nbsp;Thermen &amp; Badewelt Sinsheim schnell und einfach auch kurzfristig buchen.<\/p>\n\n\n\n<p><strong>Ein spontaner Besuch der Therme ohne Vorab-Buchung ist zum momentanen Zeitpunkt leider nicht m\u00f6glich.<\/strong> Bitte beachten Sie auch, dass Eintrittstickets nur an dem gebuchten Tag eingel\u00f6st werden k\u00f6nnen und vom Umtausch\/Widerruf ausgeschlossen sind.<\/p>\n\n\n\n<p><strong>Der Online-Verkauf startet am 12. Juni, 12 Uhr<\/strong><\/p>\n\n\n\n<div class=\"wp-block-image\"><figure class=\"aligncenter\"><img decoding=\"async\" loading=\"lazy\" width=\"800\" height=\"403\" src=\"https:\/\/speyer24news.com\/wp-content\/uploads\/2020\/06\/12432_14_thermenstrand-uebersicht-luft.jpg\" alt=\"\" class=\"wp-image-27867\" srcset=\"https:\/\/speyer24news.com\/wp-content\/uploads\/2020\/06\/12432_14_thermenstrand-uebersicht-luft.jpg 800w, https:\/\/speyer24news.com\/wp-content\/uploads\/2020\/06\/12432_14_thermenstrand-uebersicht-luft-300x151.jpg 300w, https:\/\/speyer24news.com\/wp-content\/uploads\/2020\/06\/12432_14_thermenstrand-uebersicht-luft-768x387.jpg 768w\" sizes=\"(max-width: 800px) 100vw, 800px\" \/><\/figure><\/div>\n\n\n\n<h4 class=\"wp-block-heading\">\u00d6ffnungszeiten &amp; Besuchsdauer\t\t\t\t\n\n\t\t\t\t\n\t\t\t\t\t\n\t\t\t\t\t\t\t\t\n\t\t\t\t\t\t\t\n\t\t\t\t\t<\/h4>\n\n\n\n<p>Zur Einhaltung aller Hygiene- und Sicherheitsma\u00dfnahmen haben wir uns in dieser besonderen Zeit f\u00fcr ein neues Besuchsmodell mit angepassten \u00d6ffnungszeiten entschieden.<\/p>\n\n\n\n<p>F\u00fcr Sie ist dies ganz einfach. Sie haben die Wahl zwischen den <strong>t\u00e4glichen Besuchszeitr\u00e4umen:<\/strong><\/p>\n\n\n\n<ul><li><strong> &#8222;Tag&#8220;:<\/strong> <strong>8 &#8211; 16 Uhr<\/strong><\/li><li><strong>&#8222;Abend&#8220;: 17 &#8211; 23 Uhr (samstags 17 &#8211; 24 Uhr)<\/strong><\/li><\/ul>\n\n\n\n<p>&#8222;Fr\u00fcher Vogel&#8220; oder &#8222;Nachtschw\u00e4rmer&#8220; &#8211; Sie entscheiden, wann Sie uns am liebsten besuchen m\u00f6chten.<\/p>\n\n\n\n<p>In der einst\u00fcndigen Pause am Nachmittag f\u00fchren wir in der gesamten Therme <strong>zus\u00e4tzliche Desinfektionsma\u00dfnahmen<\/strong> durch. Der Besuch der\u00a0Thermen &amp; Badewelt Sinsheim ist dadurch nur in den vorgegebenen Zeitr\u00e4umen m\u00f6glich.<\/p>\n\n\n\n<h4 class=\"wp-block-heading\">Liegepl\u00e4tze\t\t\t\t\n\n\t\t\t\t\n\t\t\t\t\t\n\t\t\t\t\t\t\t\t\n\t\t\t\t\t\t\t\n\t\t\t\t\t<\/h4>\n\n\n\n<p>Jeder Thermen-Besucher erh\u00e4lt einen <strong>festen Liegeplatz <\/strong>im gew\u00e4hlten Erholungsbereich. So k\u00f6nnen wir sicherstellen, dass immer nur ein Gast die gleiche Ruheliege nutzt.<\/p>\n\n\n\n<p>W\u00e4hrend einer einst\u00fcndigen Schlie\u00dfung der Therme am Nachmiittag (16 &#8211; 17 Uhr) werden alle Liegepl\u00e4tze neu desinfiziert.&nbsp;<\/p>\n\n\n\n<p>Bei Buchung Ihres Eintrittstickets \u00fcber den Onlineshop w\u00e4hlen Sie Ihre gew\u00fcnschte Liegenart im Palmenparadies oder der Vitaltherme &amp; Sauna aus. Folgende Angebote stehen Ihnen hier zur Verf\u00fcgung:<\/p>\n\n\n\n<ul><li>Einzelliege<\/li><li>Doppelliege (max. 2 Personen)<\/li><li>Relaxmuschel&nbsp;(max. 2 Personen)<\/li><li>Relax Lounge&nbsp;(max. 2 Personen)<\/li><\/ul>\n\n\n\n<p>Unser G\u00e4ste-Service-Team weist Ihnen dann vor Ort den genauen Liegeplatz zu.\u202fWir bitten vorab um Verst\u00e4ndnis, dass zum aktuellen Zeitpunkt keine freie Platzwahl m\u00f6glich ist.<\/p>\n\n\n\n<p><strong>Eintrittstickets inkl. Liegeplatz sind ab 12. Juni, 12 Uhr \u00fcber unseren Onlineshop erh\u00e4ltlich<\/strong><\/p>\n\n\n\n<div class=\"wp-block-image\"><figure class=\"aligncenter\"><img decoding=\"async\" loading=\"lazy\" width=\"800\" height=\"516\" src=\"https:\/\/speyer24news.com\/wp-content\/uploads\/2020\/01\/Palmenparadies-bei-Nacht.jpg\" alt=\"\" class=\"wp-image-24908\" srcset=\"https:\/\/speyer24news.com\/wp-content\/uploads\/2020\/01\/Palmenparadies-bei-Nacht.jpg 800w, https:\/\/speyer24news.com\/wp-content\/uploads\/2020\/01\/Palmenparadies-bei-Nacht-300x194.jpg 300w, https:\/\/speyer24news.com\/wp-content\/uploads\/2020\/01\/Palmenparadies-bei-Nacht-768x495.jpg 768w\" sizes=\"(max-width: 800px) 100vw, 800px\" \/><\/figure><\/div>\n\n\n\n<h4 class=\"wp-block-heading\">Mund-Nasen-Maske\t\t\t\t\n\n\t\t\t\t\n\t\t\t\t\t\n\t\t\t\t\t\t\t\t\n\t\t\t\t\t\t\t\n\t\t\t\t\t<\/h4>\n\n\n\n<p>Innerhalb unserer Erholungsbereiche gilt keine Maskenpflicht.<\/p>\n\n\n\n<p>Im Foyer und in den Umkleidebereichen der Therme ist das Tragen einer Mund-Nasen-Maske jedoch verpflichtend. Ab den Duschbereichen d\u00fcrfen Sie Ihre Maske gerne ablegen.&nbsp;<\/p>\n\n\n\n<p>Die Mund-Nasen-Bedeckung gilt f\u00fcr alle Personen ab 6 Jahren.\u00a0<\/p>\n\n\n\n<h3 class=\"wp-block-heading\">Paradiesisches Angebot<\/h3>\n\n\n\n<p>Auf Grundlage der Vorgaben der Landesregierung Baden-W\u00fcrttemberg und zur Einhaltung unserer Sicherheits- und Hygienevorgaben haben wir unser Angebot f\u00fcr Sie \u00fcberarbeitet. Hier finden Sie eine \u00dcbersicht:<\/p>\n\n\n\n<h4 class=\"wp-block-heading\">Wellnessprogramm &amp; Saunen\t\t\t\t\n\n\t\t\t\t\n\t\t\t\t\t\n\t\t\t\t\t\t\t\t\n\t\t\t\t\t\t\t\n\t\t\t\t\t<\/h4>\n\n\n\n<p>Im Rahmen der Wiederer\u00f6ffnung bietet wir Ihnen ein neues Wellnessangebot: Entspannen Sie bei Klangschalen-Zeremonien in den Mineralbecken, genie\u00dfen Sie wohltuende Duftreisen in unseren Saunen oder lernen Sie bei unseren Schnupperkursen, worauf es beim richtigen Saunieren ankommt.<\/p>\n\n\n\n<p>Alle Saunen sind f\u00fcr Sie ge\u00f6ffnet (Ausnahme Dampfsaunen). Aufg\u00fcsse d\u00fcrfen momentan leider noch nicht stattfinden.<\/p>\n\n\n\n<p>Das g\u00fcltige Tagesprogramm finden Sie auf unseren Informationsbildschirmen vor Ort.<\/p>\n\n\n\n<figure class=\"wp-block-image\"><img decoding=\"async\" loading=\"lazy\" width=\"800\" height=\"485\" src=\"https:\/\/speyer24news.com\/wp-content\/uploads\/2020\/01\/Blaue-Lagune-bei-Nacht.jpg\" alt=\"\" class=\"wp-image-24909\" srcset=\"https:\/\/speyer24news.com\/wp-content\/uploads\/2020\/01\/Blaue-Lagune-bei-Nacht.jpg 800w, https:\/\/speyer24news.com\/wp-content\/uploads\/2020\/01\/Blaue-Lagune-bei-Nacht-300x182.jpg 300w, https:\/\/speyer24news.com\/wp-content\/uploads\/2020\/01\/Blaue-Lagune-bei-Nacht-768x466.jpg 768w\" sizes=\"(max-width: 800px) 100vw, 800px\" \/><\/figure>\n\n\n\n<h4 class=\"wp-block-heading\">Restaurants &amp; Poolbar\t\t\t\t\n\n\t\t\t\t\n\t\t\t\t\t\n\t\t\t\t\t\t\t\t\n\t\t\t\t\t\t\t\n\t\t\t\t\t<\/h4>\n\n\n\n<p>Lassen Sie sich in unseren Restaurants \u201eParadiso&#8220; im Palmenparadies, \u201eLivingGarden&#8220; in der Vitaltherme &amp; Sauna sowie an unserer Smoothiebar \u201eFrooters&#8220; kulinarisch verw\u00f6hnen. Alle Gastronomie-Bereiche stehen Ihnen wie gewohnt zur Verf\u00fcgung.<\/p>\n\n\n\n<p>Auch unsere Poolbars haben f\u00fcr Sie ge\u00f6ffnet und bereiten Ihnen fruchtige Cocktails und vieles mehr zu.<\/p>\n\n\n\n<p>Zur Einhaltung des Mindestabstandes k\u00f6nnen Getr\u00e4nke leider nicht direkt an der Poolbar konsumiert werden.<\/p>\n\n\n\n<h4 class=\"wp-block-heading\">Massagen\t\t\t\t\n\n\t\t\t\t\n\t\t\t\t\t\n\t\t\t\t\t\t\t\t\n\t\t\t\t\t\t\t\n\t\t\t\t\t<\/h4>\n\n\n\n<p>Inwieweit Massage- und Beautyanwendungen in unserer MassagePerle angeboten werden k\u00f6nnen, steht aktuell leider noch nicht fest.<\/p>\n\n\n\n<p>Wir informieren Sie schnellstm\u00f6glich \u00fcber die dortigen Vorgaben.<\/p>\n\n\n\n<figure class=\"wp-block-image\"><img decoding=\"async\" loading=\"lazy\" width=\"800\" height=\"534\" src=\"https:\/\/speyer24news.com\/wp-content\/uploads\/2020\/01\/Orchideen_Palmenparadies.jpg\" alt=\"\" class=\"wp-image-24730\" srcset=\"https:\/\/speyer24news.com\/wp-content\/uploads\/2020\/01\/Orchideen_Palmenparadies.jpg 800w, https:\/\/speyer24news.com\/wp-content\/uploads\/2020\/01\/Orchideen_Palmenparadies-300x200.jpg 300w, https:\/\/speyer24news.com\/wp-content\/uploads\/2020\/01\/Orchideen_Palmenparadies-768x513.jpg 768w\" sizes=\"(max-width: 800px) 100vw, 800px\" \/><\/figure>\n\n\n\n<h4 class=\"wp-block-heading\">Sky Lounge EXKLUSIV\t\t\t\t\n\n\t\t\t\t\n\t\t\t\t\t\n\t\t\t\t\t\t\t\t\n\t\t\t\t\t\t\t\n\t\t\t\t\t<\/h4>\n\n\n\n<p>In dieser besucherbegrenzten Zeit haben wir auch die Liegepl\u00e4tze in unseren EXKLUSIV-Bereichen auf der Sky Lounge auf den vorgegebenen Abstand von 1,5 m angepasst.<\/p>\n\n\n\n<p>Diese Liegepl\u00e4tze inkl. Serviceangebot sind aktuell leider <strong>nicht explizit buchbar<\/strong> und werden bei Buchung eines Online-Eintrittstickets per Zufall vergeben.<\/p>\n\n\n\n<p>Das Serviceangebot (z.B. Prosecco- oder Champagner) steht nicht zur Verf\u00fcgung.<\/p>\n\n\n\n<h4 class=\"wp-block-heading\">Alle Informationen sowie die M\u00f6glichkeit zur Ticketbuchung finden sie auch unter:<\/h4>\n\n\n\n<p><a href=\"https:\/\/www.badewelt-sinsheim.de\/de\/information\/aktuelles\/wiedereroeffnung.php?utm_source=newsletter&amp;utm_medium=email&amp;utm_campaign=wiedereroeffnung&amp;utm_content=informationen\">https:\/\/www.badewelt-sinsheim.de\/de\/information\/aktuelles\/wiedereroeffnung.php?utm_source=newsletter&amp;utm_medium=email&amp;utm_campaign=wiedereroeffnung&amp;utm_content=informationen<\/a><\/p>\n\n\n\n<p><em>Badewelt Sinsheim GmbH<br>09.06.2020<\/em><\/p>\n","protected":false},"excerpt":{"rendered":"<div class=\"mh-excerpt\"><p>Wiederer\u00f6ffnung der Thermen &amp; Badewelt Sinsheim Am 22. Juni ist es endlich soweit \u2013 wir d\u00fcrfen die&nbsp;Thermen &amp; Badewelt Sinsheim f\u00fcr unsere G\u00e4ste \u00f6ffnen. Wir sind \u00fcbergl\u00fccklich, wieder f\u00fcr Sie da sein zu k\u00f6nnen und <a class=\"mh-excerpt-more\" href=\"https:\/\/speyer24news.com\/?p=27863\" title=\"Badewelt Sinsheim GmbH\">[&#8230;]<\/a><\/p>\n<\/div>","protected":false},"author":3,"featured_media":27864,"comment_status":"open","ping_status":"open","sticky":false,"template":"","format":"standard","meta":{"_monsterinsights_skip_tracking":false,"_monsterinsights_sitenote_active":false,"_monsterinsights_sitenote_note":"","_monsterinsights_sitenote_category":0,"footnotes":""},"categories":[11],"tags":[5612,7366,7372,7371,7369,7370,2944,7367,5613,7368,5614],"aioseo_notices":[],"amp_enabled":true,"_links":{"self":[{"href":"https:\/\/speyer24news.com\/index.php?rest_route=\/wp\/v2\/posts\/27863"}],"collection":[{"href":"https:\/\/speyer24news.com\/index.php?rest_route=\/wp\/v2\/posts"}],"about":[{"href":"https:\/\/speyer24news.com\/index.php?rest_route=\/wp\/v2\/types\/post"}],"author":[{"embeddable":true,"href":"https:\/\/speyer24news.com\/index.php?rest_route=\/wp\/v2\/users\/3"}],"replies":[{"embeddable":true,"href":"https:\/\/speyer24news.com\/index.php?rest_route=%2Fwp%2Fv2%2Fcomments&post=27863"}],"version-history":[{"count":1,"href":"https:\/\/speyer24news.com\/index.php?rest_route=\/wp\/v2\/posts\/27863\/revisions"}],"predecessor-version":[{"id":27868,"href":"https:\/\/speyer24news.com\/index.php?rest_route=\/wp\/v2\/posts\/27863\/revisions\/27868"}],"wp:featuredmedia":[{"embeddable":true,"href":"https:\/\/speyer24news.com\/index.php?rest_route=\/wp\/v2\/media\/27864"}],"wp:attachment":[{"href":"https:\/\/speyer24news.com\/index.php?rest_route=%2Fwp%2Fv2%2Fmedia&parent=27863"}],"wp:term":[{"taxonomy":"category","embeddable":true,"href":"https:\/\/speyer24news.com\/index.php?rest_route=%2Fwp%2Fv2%2Fcategories&post=27863"},{"taxonomy":"post_tag","embeddable":true,"href":"https:\/\/speyer24news.com\/index.php?rest_route=%2Fwp%2Fv2%2Ftags&post=27863"}],"curies":[{"name":"wp","href":"https:\/\/api.w.org\/{rel}","templated":true}]}}