{"id":27892,"date":"2020-06-10T07:01:57","date_gmt":"2020-06-10T06:01:57","guid":{"rendered":"https:\/\/speyer24news.com\/?p=27892"},"modified":"2020-06-10T07:01:59","modified_gmt":"2020-06-10T06:01:59","slug":"kirche-bistum-speyer","status":"publish","type":"post","link":"https:\/\/speyer24news.com\/?p=27892","title":{"rendered":"Kirche \/ Bistum Speyer"},"content":{"rendered":"<style type=\"text\/css\">\r\n\t.ads_top_disp{}\r\n\t.ads_top_corner_disp{ float:left; margin:0px 10px 10px 0px; }\r\n\t.ads_first_p_disp{}\r\n\t.ads_bottom_disp{}\r\n\t<\/style>\n<h2 class=\"wp-block-heading\"><strong>Kaisersaal und Turm im Speyerer Dom ab 11. Juni wieder ge\u00f6ffnet<\/strong><strong><\/strong><\/h2>\n\n\n\n<h3 class=\"wp-block-heading\"><strong>Erste \u00f6ffentliche Domf\u00fchrung am 13. Juni<\/strong><\/h3>\n\n\n\n<div class=\"wp-block-image\"><figure class=\"aligncenter\"><img decoding=\"async\" loading=\"lazy\" width=\"500\" height=\"667\" src=\"https:\/\/speyer24news.com\/wp-content\/uploads\/2020\/06\/IMG_1481.jpg\" alt=\"\" class=\"wp-image-27893\" srcset=\"https:\/\/speyer24news.com\/wp-content\/uploads\/2020\/06\/IMG_1481.jpg 500w, https:\/\/speyer24news.com\/wp-content\/uploads\/2020\/06\/IMG_1481-225x300.jpg 225w\" sizes=\"(max-width: 500px) 100vw, 500px\" \/><figcaption>Der Ausblick vom S\u00fcdwestturm des Speyerer Doms <em>Foto: Domkapitel Speyer<\/em><\/figcaption><\/figure><\/div>\n\n\n\n<p>Seit mehreren Wochen sind die touristischen Angebote im Dom zu Speyer durch die bestehenden Corona-Ma\u00dfnahmen stark eingeschr\u00e4nkt. Nach der j\u00fcngsten Landesverordnung und im Gespr\u00e4ch mit dem Ordnungsamt Speyer konnten nun Lockerungen in Bezug auf den Dom vereinbart werden. Die Besichtigung des Kaisersaales und Besteigung des Turmes sind am Fronleichnamstag 11. Juni 2020 ab 12 Uhr erstmals wieder m\u00f6glich. Die erste \u00f6ffentliche Domf\u00fchrung findet am 13. Juni 11 Uhr statt. Ab diesem Datum k\u00f6nnen gebuchte Gruppenf\u00fchrungen wieder stattfinden. Die Nutzung von Audioguides war bereits vorher wieder m\u00f6glich.<\/p>\n\n\n\n<p>Im Zuge der Lockerungen im \u00f6ffentlichen Leben werden nun auch die touristischen Angebote des Domes zu Speyer f\u00fcr Besucherinnen wieder zug\u00e4nglich gemacht. Dabei gelten \u2013 wie in anderen Bereichen \u2013 strenge Regeln und Hygienema\u00dfnahmen, die in einem Hygienekonzept verbindlich festgeschrieben sind. \u201eWir freuen uns, dass viele Menschen den Dom besichtigen m\u00f6chten und tun alles, damit sie dies so sicher wie m\u00f6glich tun k\u00f6nnen\u201c, sagt Domdekan und Domkustos Dr. Christoph Kohl. <\/p>\n\n\n\n<p>Ein Besuch von Turm und Kaisersaal ist Samstagen von 10 bis 17 Uhr sowie an Sonntagen und gesetzlichen Feiertagen von 12 bis 17 Uhr m\u00f6glich. Der Zutritt ist nur mit Eintrittskarte m\u00f6glich, die an Dom-Info oder Kryptakasse zu kaufen sind. Im Fall von Turm und Kaisersaal ist ein Zutritt nur mit Mund-Nase-Schutz m\u00f6glich, die Handl\u00e4ufe werden regelm\u00e4\u00dfig desinfiziert und durch ein Einbahnstra\u00dfensystem wird einen Begegnung im Treppenhaus vermieden. Der Aufstieg beginnt in der Vorhalle, wo die Besucher durch Beschilderung auf die Ticketpflicht, Maskenpflicht, Abstandsregeln und Handdesinfektion hingewiesen werden. Im Kaisersaal k\u00f6nnen sich bei einer Grundfl\u00e4che von 250 Quadratmetern 20 Personen gleichzeitig problemlos aufhalten. Die Besucherbegleiter achten auf das Einhalten der Abstandsregeln. \u00dcber Kartenkontingente und Z\u00e4hlanlage wird gew\u00e4hrleistet, dass sich im Turm maximal 6 Menschen gleichzeitig aufhalten., so dass Begegnungen im Treppenhaus vermieden werden. <\/p>\n\n\n\n<p>Ab dem 13. Juni 2020 finden samstags um 11 Uhr wieder \u00f6ffentliche Domf\u00fchrungen statt. Um auch hier die Infektionsgefahr zu verringern, ist die Anzahl der Teilnehmenden auf 20 Personen begrenzt. Hinzukommend werden die Kontaktdaten der Teilnehmer bei dem Erwerb der Tickets dokumentiert. Die \u00f6ffentliche F\u00fchrung beginnt mit Erl\u00e4uterungen im Au\u00dfenbereich des Domes und wird dann in der Krypta fortgesetzt. Dort sitzen die Besucher im ausreichenden Abstand auf markierten Pl\u00e4tzen. Weiter geht es schlie\u00dflich im Mittelschiff, wo sich die Teilnehmenden der F\u00fchrung auf die markierten Pl\u00e4tze setzen. F\u00fcr die Domf\u00fchrung werden au\u00dferdem Gruppenf\u00fchrungssysteme genutzt. Die Sender, Empf\u00e4nger, Mikrofone und Ohrh\u00f6rer werden in der Dom-Info desinfiziert und bereitgestellt. Genauso wie im gesamten Dom gilt auch in der Dom-Info f\u00fcr alle Besucher Maskenpflicht. Auch Gruppen k\u00f6nnen wieder Domf\u00fchrungen buchen. Dar\u00fcber hinaus k\u00f6nnen Audioguides ausgeliehen werden. Diese werden nach jedem Gebrauch vollfl\u00e4chig desinfiziert, sodass die Ansteckungsgefahr minimiert wird. <\/p>\n\n\n\n<p><em>Text: Bistum Speyer Foto: Domkapitel Speyer<br>10.06.2020<\/em><\/p>\n","protected":false},"excerpt":{"rendered":"<div class=\"mh-excerpt\"><p>Kaisersaal und Turm im Speyerer Dom ab 11. Juni wieder ge\u00f6ffnet Erste \u00f6ffentliche Domf\u00fchrung am 13. Juni Seit mehreren Wochen sind die touristischen Angebote im Dom zu Speyer durch die bestehenden Corona-Ma\u00dfnahmen stark eingeschr\u00e4nkt. Nach <a class=\"mh-excerpt-more\" href=\"https:\/\/speyer24news.com\/?p=27892\" title=\"Kirche \/ Bistum Speyer\">[&#8230;]<\/a><\/p>\n<\/div>","protected":false},"author":3,"featured_media":0,"comment_status":"open","ping_status":"open","sticky":false,"template":"","format":"standard","meta":{"_monsterinsights_skip_tracking":false,"_monsterinsights_sitenote_active":false,"_monsterinsights_sitenote_note":"","_monsterinsights_sitenote_category":0,"footnotes":""},"categories":[120],"tags":[174,5139,7379,7377,121,6,7378],"aioseo_notices":[],"amp_enabled":true,"_links":{"self":[{"href":"https:\/\/speyer24news.com\/index.php?rest_route=\/wp\/v2\/posts\/27892"}],"collection":[{"href":"https:\/\/speyer24news.com\/index.php?rest_route=\/wp\/v2\/posts"}],"about":[{"href":"https:\/\/speyer24news.com\/index.php?rest_route=\/wp\/v2\/types\/post"}],"author":[{"embeddable":true,"href":"https:\/\/speyer24news.com\/index.php?rest_route=\/wp\/v2\/users\/3"}],"replies":[{"embeddable":true,"href":"https:\/\/speyer24news.com\/index.php?rest_route=%2Fwp%2Fv2%2Fcomments&post=27892"}],"version-history":[{"count":1,"href":"https:\/\/speyer24news.com\/index.php?rest_route=\/wp\/v2\/posts\/27892\/revisions"}],"predecessor-version":[{"id":27894,"href":"https:\/\/speyer24news.com\/index.php?rest_route=\/wp\/v2\/posts\/27892\/revisions\/27894"}],"wp:attachment":[{"href":"https:\/\/speyer24news.com\/index.php?rest_route=%2Fwp%2Fv2%2Fmedia&parent=27892"}],"wp:term":[{"taxonomy":"category","embeddable":true,"href":"https:\/\/speyer24news.com\/index.php?rest_route=%2Fwp%2Fv2%2Fcategories&post=27892"},{"taxonomy":"post_tag","embeddable":true,"href":"https:\/\/speyer24news.com\/index.php?rest_route=%2Fwp%2Fv2%2Ftags&post=27892"}],"curies":[{"name":"wp","href":"https:\/\/api.w.org\/{rel}","templated":true}]}}