{"id":27895,"date":"2020-06-12T06:17:20","date_gmt":"2020-06-12T05:17:20","guid":{"rendered":"https:\/\/speyer24news.com\/?p=27895"},"modified":"2020-06-12T06:17:22","modified_gmt":"2020-06-12T05:17:22","slug":"polizei-270","status":"publish","type":"post","link":"https:\/\/speyer24news.com\/?p=27895","title":{"rendered":"Polizei"},"content":{"rendered":"<style type=\"text\/css\">\r\n\t.ads_top_disp{}\r\n\t.ads_top_corner_disp{ float:left; margin:0px 10px 10px 0px; }\r\n\t.ads_first_p_disp{}\r\n\t.ads_bottom_disp{}\r\n\t<\/style>\n<h2 class=\"wp-block-heading\">Polizeimeldungen vom Mittwoch &amp; Donnerstag (10.06 &amp; 11.06.2020)<\/h2>\n\n\n\n<div class=\"wp-block-image\"><figure class=\"aligncenter\"><img decoding=\"async\" src=\"https:\/\/speyer24news.com\/wp-content\/uploads\/2020\/01\/Aktuelles-Polizeilogo.jpg\" alt=\"\" class=\"wp-image-23832\"\/><\/figure><\/div>\n\n\n\n<p><\/p>\n\n\n\n<h4 class=\"wp-block-heading\">(Speyer) &#8211; Versto\u00df gegen das Bet\u00e4ubungsmittelgesetz<\/h4>\n\n\n\n<p>Im Rahmen einer Verkehrskontrolle am Donnerstag konnte bei einem 21-j\u00e4hrigem Speyerer ein T\u00fctchen mit Marihuana aufgefunden werden. Die Drogen wurden durch die eingesetzten Beamten sichergestellt. Gegen den jungen Mann wurde ein Strafverfahren wegen des Besitzes von Bet\u00e4ubungsmitteln eingeleitet. <\/p>\n\n\n\n<h4 class=\"wp-block-heading\">(Speyer) &#8211; 25 Fahrzeuge kontrolliert<\/h4>\n\n\n\n<p>In der Nacht von Dienstag auf Mittwoch wurde im Rahmen einer 1,5 st\u00fcndigen Kontrollstelle in der Wormser Landstra\u00dfe, in Speyer, 25 Fahrzeuge kontrolliert. Dabei stellten die Beamten 7 Verst\u00f6\u00dfe wegen defekten Beleuchtungseinrichtungen fest, 2 Gurtverst\u00f6\u00dfe, in je einem Fall wurde die Warnweste, der Verbandkasten und das Warndreieck nicht mitgef\u00fchrt. Einmal war die f\u00e4llige Hauptuntersuchung um mehr als 4 Monate \u00fcberschritten. In zwei F\u00e4llen kam es zum Erl\u00f6schen der Betriebserlaubnis. Es wurden M\u00e4ngelberichte ausgestellt, Verwarnungen get\u00e4tigt und Ordnungswidrigkeitenanzeigen erfasst. <\/p>\n\n\n\n<h4 class=\"wp-block-heading\">(Speyer) &#8211; Fahrradfahrer verletzt<\/h4>\n\n\n\n<p>Am Dienstag kam es in den fr\u00fchen Abendstunden, in der Franz-Kirrmeier-Stra\u00dfe, in Speyer, zu einem Verkehrsunfall. Eine 54-j\u00e4hrige PKW-Fahrerin fuhr aus dem Gel\u00e4nde eines Kraftfahrzeughandels heraus, um in die Franz-Kirrmeier-Stra\u00dfe einzufahren. Dabei \u00fcbersah sie einen von rechts kommenden, bevorrechtigten, 64-j\u00e4hrigen Fahrradfahrer. Es kam zum Unfall und der Fahrradfahrer st\u00fcrzte zu Boden. Der Mann wurde verletzt und musste zur weiteren Behandlung in das Krankenhaus verbracht werden. <\/p>\n\n\n\n<h4 class=\"wp-block-heading\">(B\u00f6hl-Iggelheim \/ Schifferstadt) &#8211; Diebst\u00e4hle aus PKW<\/h4>\n\n\n\n<p>In der Nacht von Diensttag auf Mittwoch wurden aus einem Fahrzeug, welches in der Robert-Schumann-Stra\u00dfe in Schifferstadt abgestellt war, u.a. ein Tablet und ein Geldbeutel durch unbekannte T\u00e4ter entwendet. Nach jetzigem Stand war der PKW verschlossen. Am Dienstag auf Mittwoch entwendeten auch Unbekannte aus einem in der Meckenheimer Stra\u00dfe in B\u00f6hl-Iggelheim geparkten PKW, Fahrzeugdokumente und einen geringen Bargeldbetrag. Wie die T\u00e4ter in die Fahrzeuge gelangten, ist noch Bestandteil der Ermittlungen. Es wird nochmals darauf hingewiesen, Fahrzeuge, auch bei einem nur kurzzeitigen Verlassen zu verschlie\u00dfen, um T\u00e4tern keine g\u00fcnstige Diebstahlgelegenheit zu geben. Auch sollten im Fahrzeug keinerlei Wertgegenst\u00e4nde zur\u00fcckgelassen werden. Zeugen, die Angaben zur Tat oder T\u00e4tern machen k\u00f6nnen, werden gebeten, sich mit der Polizeiinspektion Schifferstadt unter 06235 495-0 oder <a href=\"mailto:pischifferstadt@polizei.rlp.de\">pischifferstadt@polizei.rlp.de<\/a> in Verbindung zu setzen. <\/p>\n\n\n\n<h4 class=\"wp-block-heading\">(B\u00f6hl-Iggelheim \/ Altrip \/ Dannstadt-Schauernheim) &#8211; Mehrere Betrugsanrufe (Enkeltrick)<\/h4>\n\n\n\n<p>Am Mittwoch kam es erneut zu Betrugsanrufen in Altrip, B\u00f6hl-Iggelheim und Dannstadt-Schauernheim. Der Anrufer gab sich hierbei als Familienangeh\u00f6riger aus und schilderten eine finanzielle Notlage. Es kam dabei auch zu konkreten Geldforderungen. Ohne auf die Forderung einzugehen, wurden die Gespr\u00e4che von den m\u00f6glichen Gesch\u00e4digten beendet. Die Polizei r\u00e4t in diesem Zusammenhang erneut: Seien Sie auch zuk\u00fcnftig misstrauisch, wenn sich Anrufer am Telefon nicht mit Namen melden. Raten Sie nicht, wer anruft, sondern fordern Sie Anrufer grunds\u00e4tzlich dazu auf, ihren Namen selbst zu nennen. \u00dcbergeben Sie niemals Geld oder Wertsachen wie Schmuck an unbekannte Personen. Auch die Polizei wird sie niemals auffordern, solche Gegenst\u00e4nde an Sie zu \u00fcbergeben. Kommt Ihnen ein Anruf verd\u00e4chtig vor, informieren Sie unverz\u00fcglich die Polizei. <\/p>\n\n\n\n<h4 class=\"wp-block-heading\">(R\u00f6merberg-Heiligenstein) &#8211; Sachbesch\u00e4digung durch Feuer<\/h4>\n\n\n\n<p>Ein Schaden in H\u00f6he von ca. 100 Euro wurde auf dem Grundst\u00fcck einer landwirtschaftlichen Nutzfl\u00e4che in R\u00f6merberg Heiligenstein verursacht. Durch bisher unbekannte T\u00e4ter wurde eine Holzt\u00fcr angez\u00fcndet, wodurch auch ein Teil des Flurst\u00fccks in Mitleidenschaft gezogen wurde. Eine Ernte ist aufgrund des Feuers nicht zu erwarten. Die Besch\u00e4digung soll zwischen Mai und dem 10.06.2020 stattgefunden haben. <\/p>\n\n\n\n<p>Zeugenhinweise nimmt die Polizei unter der Tel.-Nr. 06232-1370 oder per Mail an <a href=\"mailto:pispeyer@polizei.rlp.de\">pispeyer@polizei.rlp.de<\/a> entgegen. <\/p>\n\n\n\n<h4 class=\"wp-block-heading\">(Schwegenheim) &#8211; Zeugen nach Unfallflucht gesucht<\/h4>\n\n\n\n<p>Am Mittwoch gegen 17:15h besch\u00e4digte vmtl. ein LKW ein Pannenfahrzeug, welches auf der B9 in H\u00f6he des Autohofes bei Schwegenheim in Fahrtrichtung Speyer abgestellt war. Das Pannenfahrzeug war bereits durch Absperrmaterial umfangreich abgesichert. Trotzdem kam der LKW zu weit nach rechts und besch\u00e4digte das abgestellte Fahrzeug auf der linken Seite. Danach fuhr er unbeirrt weiter. Der Sachschaden bel\u00e4uft sich auf mehrere Tausend Euro. Zeugenhinweise nimmt die Polizei Germersheim unter 07274\/958-0 oder <a href=\"mailto:pigermersheim.presse@polizei.rlp.de\">pigermersheim.presse@polizei.rlp.de<\/a> an. <\/p>\n\n\n\n<h4 class=\"wp-block-heading\">(Germersheim) &#8211; Zeuge verhindert Ladendiebstahl<\/h4>\n\n\n\n<p>Am Mittwoch gegen 14 Uhr kam es in einem Germersheimer Supermarkt zu einem Diebstahl eines Notebooks. Der T\u00e4ter klemmte sich das 699 Euro teure Notebook unter den Arm und verlie\u00df den Markt. Ein Zeuge beobachtete dies und konnte den T\u00e4ter zur Umkehr bewegen. Durch die eingesetzte Streife konnte zudem festgestellt werden, dass gegen den T\u00e4ter ein Hausverbot besteht. Ein Strafverfahren wegen Ladendiebstahl und Hausfriedensbruch wurde eingeleitet. De T\u00e4ter erhielt ein Platzverweis. <\/p>\n\n\n\n<h4 class=\"wp-block-heading\">(Germersheim) &#8211; Verkehrskontrollen &#8222;Am Alten Hafen&#8220;<\/h4>\n\n\n\n<p>Acht Geschwindigkeitsverst\u00f6\u00dfe ahndeten Beamte der Polizeiinspektion Germersheim am Dienstag zwischen 11.30 und 12.30 Uhr im Bereich &#8222;Am Alten Hafen&#8220;. Der &#8222;Schnellste&#8220; wurde mit 51 km\/h bei erlaubten 30 km\/h gemessen. Weiterhin wurde im Rahmen der Verkehrskontrollen ein Versto\u00df wegen fehlender Kindersicherung festgestellt. Drei Fahrzeuge wurden wegen technischer M\u00e4ngel beanstandet. Ein Fahrrad wurde vorsorglich sichergestellt, da der Besitzer alkoholisiert war. Ein entsprechender Atemalkoholtest ergab ein Ergebnis von 2,27 Promille. Der Mann hatte das Fahrrad zuvor geschoben. <\/p>\n\n\n\n<h4 class=\"wp-block-heading\">(Germersheim-Sondernheim) &#8211; Jugendliche auf Schulgel\u00e4nde<\/h4>\n\n\n\n<p>W\u00e4hrend der Streife am Mittwochabend gegen 22.45h konnten auf dem Schulgel\u00e4nde der Gottfried-Tulla-Grundschule in Sondernheim mehrere Jugendliche angetroffen und kontrolliert werden. Sie wurden aufgefordert ihren Unrat zu entsorgen und wurden vom Schulgel\u00e4nde verwiesen. Zuvor wurden ihnen erkl\u00e4rt, dass das Schulgel\u00e4nde f\u00fcr sie kein Ort zum Verweilen sei. In der Vergangenheit kam es zu diversen Sachbesch\u00e4digungen am Schulgeb\u00e4ude. <\/p>\n\n\n\n<h4 class=\"wp-block-heading\">(Bellheim) &#8211; Betrugsmasche &#8222;Enkeltrick&#8220;<\/h4>\n\n\n\n<p>Die Ermittlungen wegen versuchtem Enkeltrickbetrug haben am Dienstag Kriminalbeamte der Polizeiinspektion Germersheim aufgenommen. Eine bis dato unbekannte Anruferin hatte sich gegen 13.30 Uhr telefonisch bei einer 89 &#8211; J\u00e4hrigen aus Bellheim gemeldet und sich als Enkelin ausgegeben. Gl\u00fccklicherweise war der 63 &#8211; j\u00e4hrige Sohn zugegen, welcher das Telefonat entgegennahm und das Gespr\u00e4ch beendete, bevor es zu eine Zahlungsaufforderung durch die Anruferin kam. Die 89 &#8211; J\u00e4hrige hat keine Enkelin. Ein Schaden ist nicht eingetreten. <\/p>\n\n\n\n<h4 class=\"wp-block-heading\">(W\u00f6rth) &#8211; Sachbesch\u00e4digung an Sitzbank am Jugendzentrum<\/h4>\n\n\n\n<p>In der Nacht vom Dienstag, 09.06.2020 auf Mittwoch, 10.06.2020 kam es zur wiederholten Sachbesch\u00e4digung an einer Sitzbank, welche sich im Innenhof des Jugendzentrums W\u00f6rth befindet. Die Polizeiinspektion W\u00f6rth am Rhein bittet um Zeugenhinweise per Telefon: 07271\/9221-0 oder per E-Mail unter <a href=\"mailto:piwoerth@polizei.rlp.de\">piwoerth@polizei.rlp.de<\/a>. <\/p>\n\n\n\n<h4 class=\"wp-block-heading\">(Kandel) &#8211; Unter Einfluss von Cannabis mit dem Auto unterwegs<\/h4>\n\n\n\n<p>Am 10.06.2020 wurde um 23:00 Uhr ein 22-j\u00e4hriger Verkehrsteilnehmer mit einem Auto in der Marktstra\u00dfe in Kandel einer Verkehrskontrolle unterzogen. Im Rahmen der Kontrolle konnten Hinweise auf eine Drogenbeeinflussung erlangt werden. Ein durchgef\u00fchrter Vortest best\u00e4tigte diesen Hinweis auf eine aktuelle Beeinflussung von Cannabis. Gegen den 22-J\u00e4hrigen wurde ein Ermittlungsverfahren eingeleitet. <\/p>\n\n\n\n<h4 class=\"wp-block-heading\">(Dierbach) &#8211; Bauwagen aufgebrochen<\/h4>\n\n\n\n<p>Im Zeitraum vom 06.06.2020 &#8211; 10.06.2020 wurde ein Bauwagen aufgebrochen, welcher in einem umz\u00e4unten Wiesengrundst\u00fcck neben der Kreisstra\u00dfe 24, zwischen Dierbach und Vollmersweiler steht. Aus dem Bauwagen wurden mehrere Werkzeuge und ein Aggregat entwendet. Hinweise die mit der Tat in Verbindung gebracht werden k\u00f6nnen bitte an die Polizei Bad Bergzabern unter der Tel.Nr. 06343-93340 oder per E-Mail an <a href=\"mailto:pibadbergzabern@polizei.rlp.de\">pibadbergzabern@polizei.rlp.de<\/a><\/p>\n\n\n\n<h4 class=\"wp-block-heading\">(Bad Bergzabern) &#8211; Versuchter Einbruch<\/h4>\n\n\n\n<p>Am 10.06.20, in der Zeit von 16:00-18:00 Uhr, wurde versucht in der Jahnstra\u00dfe in ein Einfamilienhaus einzubrechen. Hierbei gingen der oder die T\u00e4ter die Kellert\u00fcr im r\u00fcckw\u00e4rtigen Gartenbereich an und versuchten diese aufzuhebeln. Dies gelang aber nicht. Sachschaden entstand. Die genaue H\u00f6he muss noch festgestellt werden. <\/p>\n\n\n\n<h4 class=\"wp-block-heading\">(D\u00f6rrenbach) &#8211; Vandalismus am Freilichttheater &#8222;Eselsb\u00fchne&#8220;<\/h4>\n\n\n\n<div class=\"wp-block-image\"><figure class=\"aligncenter\"><img decoding=\"async\" loading=\"lazy\" width=\"800\" height=\"533\" src=\"https:\/\/speyer24news.com\/wp-content\/uploads\/2020\/06\/IMG_6271.jpg\" alt=\"\" class=\"wp-image-27896\" srcset=\"https:\/\/speyer24news.com\/wp-content\/uploads\/2020\/06\/IMG_6271.jpg 800w, https:\/\/speyer24news.com\/wp-content\/uploads\/2020\/06\/IMG_6271-300x200.jpg 300w, https:\/\/speyer24news.com\/wp-content\/uploads\/2020\/06\/IMG_6271-768x512.jpg 768w\" sizes=\"(max-width: 800px) 100vw, 800px\" \/><figcaption>Besch\u00e4digte Wegleuchten<\/figcaption><\/figure><\/div>\n\n\n\n<p>In der Nacht zum Dienstag, 09.06.2020, kam es auf dem Gel\u00e4nde des Freilichttheaters &#8222;Eselsb\u00fchne&#8220; kurz vor dem Ortseingang D\u00f6rrenbach, zu Sachbesch\u00e4digungen und Diebstahl. Beim Hauptgeb\u00e4ude wurden 4 Wegleuchten besch\u00e4digt. Im Au\u00dfenbereich abgelegte Marmorplatten, ein Holzstuhl und weitere Requisiten warfen der oder die bislang unbekannten Vandalen \u00fcber einen Metallzaun hinter die B\u00fchne. Des Weiteren drangen die T\u00e4ter sowohl in die Neben- als auch das Hauptgeb\u00e4ude ein. Insgesamt wurde ein Sachschaden in H\u00f6he von 1000.- Euro angerichtet. Zeugen, die in dieser Nacht verd\u00e4chtige Wahrnehmungen an der Freilichtb\u00fchne oder dem Umfeld festgestellt haben, werden gebeten sich unter 06343-93340 oder per E-Mail unter <a href=\"mailto:pibadbergzabern@polizei.rlp.de\">pibadbergzabern@polizei.rlp.de<\/a> bei der Polizeiinspektion Bad Bergzabern zu melden. <\/p>\n\n\n\n<h4 class=\"wp-block-heading\">(Gleisweiler) &#8211; Bettler unterwegs<\/h4>\n\n\n\n<p>Im Herrenweg waren Dienstagmorgen Bettler unterwegs. Trotz intensiver Nachschau konnte der Unbekannte nicht mehr angetroffen werden. Die Polizei bittet die B\u00fcrger um erh\u00f6hte Wachsamkeit. Bei Auff\u00e4lligkeiten sollte die Polizei umgehend verst\u00e4ndigt werden. Gem\u00e4\u00df der Gefahrenabwehrverordnung ist das Betteln verboten. Die zust\u00e4ndige Verbandsgemeinde wurde in Kenntnis gesetzt. <\/p>\n\n\n\n<h4 class=\"wp-block-heading\">(Landau) &#8211; Versuchtes T\u00f6tungsdelikt<\/h4>\n\n\n\n<h4 class=\"wp-block-heading\">Gemeinsame Pressemitteilung von Staatsanwaltschaft Landau und Polizeipr\u00e4sidium Rheinpfalz<\/h4>\n\n\n\n<div class=\"wp-block-image\"><figure class=\"aligncenter\"><img decoding=\"async\" src=\"https:\/\/speyer24news.com\/wp-content\/uploads\/2020\/05\/Zelle-1.jpg\" alt=\"\" class=\"wp-image-27457\"\/><\/figure><\/div>\n\n\n\n<p>Ein 62-j\u00e4hriger Mann aus dem Landkreis S\u00fcdliche Weinstra\u00dfe hat am Dienstagmorgen in seinem Anwesen einen Amtsarzt angegriffen. Der Mann sollte aufgrund psychisch auff\u00e4lligen Verhaltens vom Amtsarzt des Gesundheitsamtes Landau angeh\u00f6rt werden. Der 62-J\u00e4hrige schlug bei der Anh\u00f6rung mit einem Beil in Richtung Kopf des Arztes. Dieser konnte dem Angriff ausweichen, wurde aber am Arm getroffen und leicht verletzt. <\/p>\n\n\n\n<p>Der Tatverd\u00e4chtige wurde heute dem Ermittlungsrichter vorgef\u00fchrt, der auf Antrag der Staatsanwaltschaft Landau einen Unterbringungsbefehl erlie\u00df. Der Beschuldigte kam in eine psychiatrische Klinik. Ein Unterbringungsbefehl und kein Haftbefehl war zu erlassen, da Anhaltspunkte daf\u00fcr vorliegen, dass der Beschuldigte an einer psychischen Erkrankung leidet und die Tat zumindest im Zustand der verminderten Schuldf\u00e4higkeit begangen hat. <\/p>\n\n\n\n<h4 class=\"wp-block-heading\">(Landau \/ Burrweiler) &#8211; Verfolgungsfahrt von Landau bis Burrweiler<\/h4>\n\n\n\n<p>Eine Verfolgungsfahrt mit der Polizei leistete sich ein 57-J\u00e4hriger aus dem Bereich der VG Edenkoben am fr\u00fchen Morgen des 11. Juni. Im Stadtbereich von Landau sollte der Mann zun\u00e4chst kontrolliert werden. Dieser gab jedoch Gas und beschleunigte seinen PKW zwischenzeitlich auf bis 120 km\/h, um sich der Kontrolle zu entziehen. Hierbei ignorierte er zudem mehrfache Stopp-Zeichen und geriet wiederholt auf die Gegenspur. Ein \u00dcberholen des Streifenwagens zur Reduzierung der Geschwindigkeit verhinderte der Mann durch teils waghalsige Fahrman\u00f6ver. Erst nach ca. 12km brachte der Fahrer sein Fahrzeug an der St. Anna Kapelle in Burrweiler zum Stehen. Grund der Flucht d\u00fcrfte sein Alkoholkonsum, sowie die fehlende Zulassung und Versicherung des PKW sein. Ob der Mann \u00fcber eine g\u00fcltige Fahrerlaubnis verf\u00fcgt, muss noch ermittelt werden. Den Fahrer erwarten aufgrund seiner Fahrweise eine Vielzahl an Strafanzeigen. <\/p>\n\n\n\n<h4 class=\"wp-block-heading\">(Landau) &#8211; Immer im Dienst<\/h4>\n\n\n\n<p> uf dem Nachhauseweg vom Dienst konnten zwei Polizeibeamte der Polizei Landau am 10. Juni gegen 21:30 Uhr beobachten, wie zwei junge M\u00e4nner im Bereich einer Tankstelle in der Westbahnstra\u00dfe Leihfahrr\u00e4der besch\u00e4digten. Bei der anschlie\u00dfenden Durchsuchung durch hinzugezogene, im Dienst befindliche, Kollegen konnten bei den beiden erheblich alkoholisierten M\u00e4nnern zudem Bet\u00e4ubungsmittel aufgefunden werden. <\/p>\n\n\n\n<h4 class=\"wp-block-heading\">(Landau) &#8211; Gr\u00fcnes Mountainbike entwendet, Zeugen gesucht<\/h4>\n\n\n\n<div class=\"wp-block-image\"><figure class=\"aligncenter\"><img decoding=\"async\" loading=\"lazy\" width=\"500\" height=\"555\" src=\"https:\/\/speyer24news.com\/wp-content\/uploads\/2020\/06\/zugeschnitten.jpg\" alt=\"\" class=\"wp-image-27898\" srcset=\"https:\/\/speyer24news.com\/wp-content\/uploads\/2020\/06\/zugeschnitten.jpg 500w, https:\/\/speyer24news.com\/wp-content\/uploads\/2020\/06\/zugeschnitten-270x300.jpg 270w\" sizes=\"(max-width: 500px) 100vw, 500px\" \/><figcaption>Mountainbike (&#8222;Fully&#8220;) mit gr\u00fcnem Rahmen und schwarzer Gabel mit roten Akzenten<\/figcaption><\/figure><\/div>\n\n\n\n<p>Wie der Polizei Landau am Nachmittag des 10.06.2020 mitgeteilt wurde, kam es am Morgen zu einem Fahrraddiebstahl eines hochwertigen gr\u00fcnen Mountainbikes. Der 10-J\u00e4hrige Fahrradbesitzer stellte dieses am Morgen, zu Unterrichtsbeginn, am Fahrradst\u00e4nder im Schulhof des Eduard-Spranger-Gymnasiums in Landau ab und schloss es mittels Spiralkabelschloss an. Gegen 12:15 Uhr konnte der junge Radfahrer nur noch seinen Helm auffinden. Der oder die bislang unbekannten T\u00e4ter hatten das Fahrrad samt Schloss entwendet. <\/p>\n\n\n\n<p>Die Polizei bittet nun um ihre Mithilfe. Wer hat am 10.06.2020 zwischen 08:00 Uhr und 12:15 Uhr verd\u00e4chtige Personen mit einem gr\u00fcnen Fahrrad in der N\u00e4he des Eduard-Spranger-Gymnasiums (Schneiderstra\u00dfe 71, Landau) gesehen? Wer kann Hinweise zum Verbleib des Mountainbikes machen? <\/p>\n\n\n\n<p>Wie auf dem Bild zu erkennen, handelt es sich um ein Mountainbike (&#8222;Fully&#8220;) mit gr\u00fcnem Rahmen und schwarzer Gabel mit roten Akzenten. Zudem ist eine automatisch verstellbare Sattelst\u00fctze verbaut worden. <\/p>\n\n\n\n<p>Wenn Sie dieses auff\u00e4llige Fahrrad feststellen, wenden Sie sich bitte an die Polizei Landau. <\/p>\n\n\n\n<p>Hinweise nimmt die Polizeiinspektion Landau unter der 06341\/287-0 oder per E-Mail an <a href=\"mailto:pilandau@polizei.rlp.de\">pilandau@polizei.rlp.de<\/a> entgegen. <\/p>\n\n\n\n<p>Informationen wie Sie ihr Fahrrad effektiv sichern k\u00f6nnen finden Sie hier: <a href=\"https:\/\/is.gd\/Izelyw\" target=\"_blank\" rel=\"noreferrer noopener\">https:\/\/is.gd\/Izelyw<\/a><\/p>\n\n\n\n<h4 class=\"wp-block-heading\">(Landau-Godramstein) &#8211; Hochwertiges Fahrrad aufgefunden<\/h4>\n\n\n\n<div class=\"wp-block-image\"><figure class=\"aligncenter\"><img decoding=\"async\" loading=\"lazy\" width=\"800\" height=\"600\" src=\"https:\/\/speyer24news.com\/wp-content\/uploads\/2020\/06\/cdv_photo_024.jpg\" alt=\"\" class=\"wp-image-27897\" srcset=\"https:\/\/speyer24news.com\/wp-content\/uploads\/2020\/06\/cdv_photo_024.jpg 800w, https:\/\/speyer24news.com\/wp-content\/uploads\/2020\/06\/cdv_photo_024-300x225.jpg 300w, https:\/\/speyer24news.com\/wp-content\/uploads\/2020\/06\/cdv_photo_024-768x576.jpg 768w, https:\/\/speyer24news.com\/wp-content\/uploads\/2020\/06\/cdv_photo_024-678x509.jpg 678w, https:\/\/speyer24news.com\/wp-content\/uploads\/2020\/06\/cdv_photo_024-326x245.jpg 326w, https:\/\/speyer24news.com\/wp-content\/uploads\/2020\/06\/cdv_photo_024-80x60.jpg 80w\" sizes=\"(max-width: 800px) 100vw, 800px\" \/><\/figure><\/div>\n\n\n\n<p>In einem Geb\u00fcsch an einem kleinen Fu\u00dfweg in der Bahnhofstra\u00dfe in Godramstein wurde ein Mountainbike der Marke Merida, Farbe rot mit gelben Streifen, Scheibenbremsen, Federgabel vorne, aufgefunden. Das Rad wurde bisher nicht als gestohlen gemeldet. Der Eigent\u00fcmer wird gebeten, sich bei der Polizei Landau mit entsprechenden Unterlagen zu melden. <\/p>\n\n\n\n<h4 class=\"wp-block-heading\">(Rhodt unter der Rietburg) &#8211; &#8222;E-Roller&#8220; ohne Versicherungsschutz gef\u00fchrt<\/h4>\n\n\n\n<p>Am Mittwoch, den 10.06.2020, konnte durch eine Streife der Polizei Edenkoben, am Ortsausgang Rhodt unter Rietburg, gegen 23 Uhr, ein 16-j\u00e4hriger Fahrzeugf\u00fchrer einer Verkehrskontrolle unterzogen werden, der einen &#8222;E-Roller&#8220; f\u00fchrte. Im Rahmen der Kontrolle mussten die Beamten schnell feststellen, dass der gef\u00fchrte &#8222;E-Roller&#8220; weder \u00fcber eine Stra\u00dfenzulassung verf\u00fcgte, noch ein bestehender Haftpflichtversicherungsschutz gegeben war. Das Inbetriebesetzen eines solchen &#8222;E-Rollers&#8220; im \u00f6ffentlichen Verkehrsraum setzt dies jedoch zwingend voraus, sodass vorliegend die Weiterfahrt untersagt werden musste. <\/p>\n\n\n\n<p>Den jungen Fahrzeugf\u00fchrer erwartet zudem nun ein Strafverfahren wegen Versto\u00dfes gegen das Pflichtversicherungsgesetz. <\/p>\n\n\n\n<h4 class=\"wp-block-heading\">(Rhodt unter der Rietburg) &#8211; E-Scooter ohne Versicherungsschutz<\/h4>\n\n\n\n<p>Am Mittwoch, 10.06.2020 gegen 23:00 Uhr wurde der 16 j\u00e4hrige Fahrer eines E-Scooters auf der L506 in Rhodt einer Verkehrskontrolle unterzogen. Da am E-Scooter keine Versicherungsplakette angebracht war, best\u00e4tigte sich der Verdacht der Beamten, dass dieser ohne den vorgeschriebenen Versicherungsschutz gef\u00fchrt wurde. Fehlt der vorgeschriebene Versicherungsschutz, ist der Scooter zudem nicht f\u00fcr den Verkehr auf \u00f6ffentlichen Stra\u00dfen zugelassen. Der 16 j\u00e4hrige Fahrer wurde im Anschluss an die Kontrolle mit dem Scooter seinen Eltern \u00fcberstellt. Ihn erwartet nun eine Anzeige wegen Fahrens ohne Versicherungsschutz. <\/p>\n\n\n\n<h4 class=\"wp-block-heading\">(Gro\u00dffischlingen) &#8211; STOP-Schild missachtet<\/h4>\n\n\n\n<p>Innerhalb von 45 Minuten (09.06.2020, 17.30 Uhr bis 18.15 Uhr) missachteten 6 Autofahrer an der Kreuzung L507\/L540 bei Gro\u00dffischlingen das STOP-Schild, weshalb sie geb\u00fchrenpflichtig verwarnt wurden. Bereits in der Vergangenheit kam es an dieser \u00d6rtlichkeit immer wieder zu schweren Verkehrsunf\u00e4llen, da die Verkehrsteilnehmer ungebremst \u00fcber den Kreuzungsbereich fuhren. Stoppschilder sollen Unf\u00e4lle an vielbefahrenen oder schlecht einsehbaren Kreuzungen verhindern. <\/p>\n\n\n\n<h4 class=\"wp-block-heading\">(Edenkoben) &#8211; Verkehrsunfallflucht Parkplatz Im Letten \/ Rotes Fahrzeug gesucht!!<\/h4>\n\n\n\n<p>Zwischen Montag, 08.06.2020, 15:30 Uhr und Mittwoch, 10.06.2020, 08:00 Uhr wurde ein auf dem Parkplatz &#8222;Im Letten&#8220; abgestellter Pkw Renault Clio einer 23 j\u00e4hrigen aus dem Saarland durch ein bislang unbekanntes rotes Fahrzeug beim Ein- oder Ausparken besch\u00e4digt. Der Unfallverursacher entfernte sich von der Unfall\u00f6rtlichkeit, ohne sich um den entstandenen Schaden zu k\u00fcmmern. Der Pkw der jungen Dame war nicht mehr fahrbereit und es entstand ein Schaden von ca. 3000EUR. Hinweise zum Verursacher nimmt die Polizei Edenkoben unter Tel: 06323-9550 oder per Email unter <a href=\"mailto:piedenkoben@polizei.rlp.de\">piedenkoben@polizei.rlp.de<\/a> entgegen. <\/p>\n\n\n\n<h4 class=\"wp-block-heading\">(Neustadt) &#8211; Nach B\u00fcrgerbeschwerden \/ Erneute Geschwindigkeitskontrollen<\/h4>\n\n\n\n<p>Aufgrund zahlreicher B\u00fcrgerbeschwerden, wurde am Mittwochmorgen, zwischen 07:05 Uhr und 08:10 Uhr, im Rahmen der Schulweg\u00fcberwachung, eine Geschwindigkeitsmessung in der Sauterstra\u00dfe in Neustadt\/W. durchgef\u00fchrt. Es konnten insgesamt 23 Verst\u00f6\u00dfe geahndet werden. Darunter waren 19 kostenpflichtige Verwarnungen und 4 Ordnungswidrigkeitenanzeigen. Der &#8222;Spitzenreiter&#8220; wurde mit 55 km\/h gemessen, weshalb ihn nun ein einmonatiges Fahrverbot erwartet. <\/p>\n\n\n\n<h4 class=\"wp-block-heading\">(Ha\u00dfloch) &#8211; T\u00e4terfestnahme nach PKW Diebstahl<\/h4>\n\n\n\n<p>Am Donnerstag, dem 11.06.2020 um 00:30 Uhr, wurde durch die Polizei Ha\u00dfloch ein PKW in der Kirchgasse in Ha\u00dfloch kontrolliert. Im Rahmen der \u00dcberpr\u00fcfung stellte sich heraus, dass das Fahrzeug gestohlen war. Zudem waren an dem nicht zugelassenen PKW ebenfalls zuvor gestohlene Kennzeichen angebracht. Der Fahrer f\u00fchrte das Auto unter dem Einfluss von Bet\u00e4ubungsmitteln und ist nicht im Besitz einer Fahrerlaubnis. Abschlie\u00dfend wurden in dem PKW noch Bet\u00e4ubungsmittel sowie ein Schlagstock aufgefunden. Der PKW Fahrer wurde vorl\u00e4ufig festgenommen und weiteren polizeilichen Ma\u00dfnahmen zugef\u00fchrt. Gegen ihn wurden mehrere Strafverfahren eingeleitet. <\/p>\n\n\n\n<h4 class=\"wp-block-heading\">(Ha\u00dfloch) &#8211; Zwei Mal Verkehrsunfallflucht in Ha\u00dfloch \/ Zeugen gesucht<\/h4>\n\n\n\n<p>In Ha\u00dfloch kam es in den beiden vergangen Tagen zu gleich zwei Verkehrsunfallfluchten. Die Polizei Ha\u00dfloch bittet Zeugen sich zu melden. In der Zeit zwischen 09.06.2020, 16:00 Uhr und 10.06.2020, 13:00 Uhr wurde ein Pkw, welcher auf einem Parkplatz vor einem Seniorenheim in der Schillerstra\u00dfe geparkt war, vermutlich beim Ein- oder Ausparken durch einen anderen Verkehrsteilnehmer besch\u00e4digt. Es entstand Schaden in H\u00f6he von ca. 500 Euro. Und am 10.06.2020 kam es in der Schubertstra\u00dfe zu einer Verkehrsunfallflucht. Die Gesch\u00e4digte parkte ihren Pkw in der Zeit zwischen 11:00 und 11:50 Uhr in Fahrtrichtung am rechten Fahrbahnrand in einer eingezeichneten Parkl\u00fccke ab. Der unbekannte Verursacher besch\u00e4digte im Vorbeifahren den linken Au\u00dfenspiegel am geparkten Pkw. An der Unfall\u00f6rtlichkeit konnte das Spiegelglas des Verursachers aufgefunden werden. Demnach d\u00fcrfte es sich um einen Skoda Fabia handeln. (Polizeiinspektion Ha\u00dfloch, Tel.06324-9330, E-Mail: <a href=\"mailto:pihassloch@polizei.rlp.de\">pihassloch@polizei.rlp.de<\/a>) <\/p>\n\n\n\n<h4 class=\"wp-block-heading\">(Ha\u00dfloch) &#8211; Fahren ohne Fahrerlaubnis<\/h4>\n\n\n\n<p>Am 09.06.2020 kam es in den Abendstunden zur Verkehrskontrolle eines Kleinkraftrades im Bereich der L529, Fahrtrichtung Holiday-Park, in Ha\u00dfloch. Ins Visier der eingesetzten Polizeibeamten geriet das Kleinkraftrad mit Versicherungskennzeichen, da es \u00fcber einen l\u00e4ngeren Streckenabschnitt mit einer Geschwindigkeit von 70 km\/h fuhr &#8211; es sollte aber nur 45 km\/h fahren k\u00f6nnen. Im Rahmen der Verkehrskontrolle wurde anhand der Versicherungsdokumente zweifelsfrei festgestellt, dass das Kleinkraftrad maximal 45 km\/h fahren sollte. Zudem konnte die 53-j\u00e4hrige Fahrerin nicht die notwendige Fahrerlaubnisklasse A1 vorweisen. Die Weiterfahrt wurde untersagt. Gegen die Fahrerin wird eine Strafanzeige wegen Fahren ohne Fahrerlaubnis vorgelegt. <\/p>\n\n\n\n<h4 class=\"wp-block-heading\">(Bad D\u00fcrkheim) &#8211; Drogenfahrt<\/h4>\n\n\n\n<p>Am Donnerstagmorgen wurde ein 25-j\u00e4hriger Bad D\u00fcrkheimer einer Verkehrskontrolle unterzogen, da dieser einen gesperrten Forstweg befahren hatte. Beim Erblicken des STOPP-Signals hielt dieser sein Fahrzeug an und setzte sich vom Fahrersitz auf den R\u00fccksitz um. Der Versuch die Beamten zu t\u00e4uschen schlug fehl. Hintergrund f\u00fcr die T\u00e4uschungsaktion d\u00fcrfte ein sp\u00e4ter durchgef\u00fchrter Drogenvortest gewesen sein, welcher positiv auf Cannabis reagierte. Es wurde eine Blutprobe angeordnet, der F\u00fchrerschein und der Fahrzeugschl\u00fcssel wurden sichergestellt. Da der Fahrer Wiederholungst\u00e4ter ist erwartet ihn ein Bu\u00dfgeld von mindestens 1000 EUR, 2 Punkte und 3 Monate Fahrverbot. <\/p>\n\n\n\n<h4 class=\"wp-block-heading\">(Bad D\u00fcrkheim) &#8211; Einbruch in Sportheim<\/h4>\n\n\n\n<p>Am 09.06.2020 zwischen 00:15 Uhr und 04:00 Uhr brachen bislang unbekannte T\u00e4ter in ein Vereinsheim am Stadion in Bad D\u00fcrkheim ein. Sie betraten das Gel\u00e4nde durch Aufhebeln des Nord-Ost-Tores und begaben sich zum Geb\u00e4ude der Vereinsgastst\u00e4tte, wo sie mehrere T\u00fcren aufhebelten. Es entstand ein Sachschaden von 2000 Euro. Entwendet wurden ca. 80 Euro Bargeld aus einer Geldkassette. Die Kriminalpolizei der PI Bad D\u00fcrkheim hat die Ermittlungen aufgenommen. Die Polizei Bad D\u00fcrkheim bittet um Hinweise unter 06322 963 0 oder per E-Mail an <a href=\"mailto:pibadduerkheim@polizei.rlp.de\">pibadduerkheim@polizei.rlp.de<\/a><\/p>\n\n\n\n<h4 class=\"wp-block-heading\">(Ellerstadt) &#8211; Gemeinsame Kontrollstelle der Polizeiinspektion Bad D\u00fcrkheim und der Polizeiautobahnstation Ruchheim<\/h4>\n\n\n\n<p>Am Donnerstagabend wurde gegen 21:45 Uhr durch Polizeibeamte der Polizeiinspektion Bad D\u00fcrkheim und der Polizeiautobahnstation Ruchheim auf der A 650, an der Anschlussstelle Friedelsheim, eine Kontrollstelle eingerichtet. Kontrolliert wurde der aus Bad D\u00fcrkheim kommende Verkehr. Die Bilanz der lediglich 25-min\u00fctigen Kontrollstelle war besorgniserregend: Bei einer 30-j\u00e4hrigen PKW-Fahrerin aus Mannheim konnte Atemalkoholgeruch festgestellt werden. Der anschlie\u00dfende Atemalkoholtest ergab einen Wert von 1,20 Promille. Der F\u00fchrerschein der Frau wurde sichergestellt und der Staatsanwaltschaft \u00fcbersandt. Auf sie kommt ein Strafverfahren wegen Trunkenheit im Verkehr zu. Weiter wurde ein 44-j\u00e4hriger Mann aus D\u00fcsseldorf kontrolliert, welcher einen albanischen F\u00fchrerschein vorzeigte. Diesen h\u00e4tte er allerdings bereits umschreiben lassen m\u00fcssen, da er schon l\u00e4nger als ein halbes Jahr in Deutschland gemeldet ist. Ihn erwartet ein Strafverfahren wegen des Fahrens ohne Fahrerlaubnis und den Halter des Fahrzeugs ein Strafverfahren wegen des Zulassens eines Fahrens ohne Fahrerlaubnis. Bei einem 47-j\u00e4hrigen Mann wurde ebenfalls Atemalkoholgeruch festgestellt. Hier ergab ein Atemalkoholtest einen Wert von 0,52 Promille. Den Ludwigshafener erwartet nun ein Ordnungswidrigkeitenverfahren und ein Fahrverbot. <\/p>\n\n\n\n<p>Aufgrund der in kurzer Zeit festgestellten Straftaten und Ordnungswidrigkeiten wird ausdr\u00fccklich appelliert, die geltenden Vorschriften im Stra\u00dfenverkehr einzuhalten! In Zukunft werden weitere Kontrollen folgen. <\/p>\n\n\n\n<h4 class=\"wp-block-heading\">(Weisenheim am Sand) &#8211; Verkehrsunfallflucht<\/h4>\n\n\n\n<p>Im Zeitraum von 02.06.2020 bis 09.06.2020 besch\u00e4digte ein bislang unbekannter Fahrzeugf\u00fchrer einen ordnungsgem\u00e4\u00df in der Rheinstra\u00dfe in Weisenheim am Sand abgestellten Mercedes Benz. Er entfernte sich von der Unfallstelle, ohne sich um den entstandenen Schaden zu k\u00fcmmern. Aufgrund von Homeoffice stellte die 57-j\u00e4hrige Halterin den Schaden erst am 09.06.2020 fest. Der Sachschaden an Frontsto\u00dfstange, Kotfl\u00fcgel und an der Felge bel\u00e4uft sich auf 1000 Euro. Die Polizei Bad D\u00fcrkheim bittet um Hinweise unter 06322 963 0 oder per E-Mail an <a href=\"mailto:pibadduerkheim@polizei.rlp.de\">pibadduerkheim@polizei.rlp.de<\/a><\/p>\n\n\n\n<h4 class=\"wp-block-heading\">(Weisenheim am Berg) &#8211; Weitere Besch\u00e4digungen durch &#8222;FCK&#8220; Graffiti<\/h4>\n\n\n\n<p>Im Zeitraum von 07.06.2020 bis 08.06.2020 bespr\u00fchten sie eine Sandsteinmauer eines alten Winzerhofes in der Hauptstra\u00dfe in Weisenheim am Berg. Hier entstand ein Sachschaden von ca. 500 Euro. Bereits am 02.06.2020 bespr\u00fchten bislang unbekannten T\u00e4ter eine Scheunenwand in der Herxheimer Stra\u00dfe mit &#8222;1.FCK&#8220;. Es entstand ein Sachschaden von ca. 300 Euro. Die PI Bad D\u00fcrkheim hat die Ermittlungen aufgenommen und bittet um Hinweise unter 06322 963 0 oder per E-Mail an <a href=\"mailto:pibadduerkheim@polizei.rlp.de\">pibadduerkheim@polizei.rlp.de<\/a><\/p>\n\n\n\n<h4 class=\"wp-block-heading\">(Hettenleidelheim) &#8211; Einbruch in Tankstelle \/ Zigaretten erbeutet<\/h4>\n\n\n\n<p>Eine Mitarbeiterin der TOTAL-Tankstelle in Hettenleidelheim meldete kurz nach 04:00 Uhr einen Einbruch. Die Beamten stellten fest, dass unbekannte T\u00e4ter in der Nacht (Tatzeit unklar) die Glasscheibe der Eingangst\u00fcr aufgebrochen hatten. Vom Verkaufsraum aus wurden weitere T\u00fcren zu Lagerr\u00e4umen gewaltsam aufgehebelt. Die Einbrecher hatten es ausschlie\u00dflich auf Zigaretten abgesehen. Der Schaden liegt im 5-stelligen Euro-Bereich. Die Polizei bittet um Hinweise aus der Bev\u00f6lkerung. M\u00f6glicherweise hat jemand verd\u00e4chtige Wahrnehmungen gemacht. Hinweise bitte an die Polizei Gr\u00fcnstadt: 06359-93120. <\/p>\n\n\n\n<h4 class=\"wp-block-heading\">(Obrigheim-Heidesheim) &#8211; Sachbesch\u00e4digungen durch Graffiti<\/h4>\n\n\n\n<p>Bislang unbekannte T\u00e4ter schrieben mittels farbiger Kreide in der Nacht zum Donnerstag, 11.06.2020 die Worte &#8222;Bad Wolf&#8220; an mehrere Hausw\u00e4nde im Neubaugebiet in Obrigheim &#8211; Heidesheim. Die Schadensh\u00f6he ist derzeit unklar. Die Polizeiinspektion Gr\u00fcnstadt hat die Ermittlungen aufgenommen und bittet um Hinweise aus der Bev\u00f6lkerung unter der Telefonnummer 06359 9312-0. <\/p>\n\n\n\n<h4 class=\"wp-block-heading\">(Frankenthal) &#8211; Verkehrsunfall zwischen zwei Fahrradfahrern \/ Beide leicht verletzt<\/h4>\n\n\n\n<p>Am 10.06.2020 gegen 17:30 Uhr f\u00e4hrt eine 53-j\u00e4hrige Frankenthalerin mit ihrem Fahrrad aus einer Grundst\u00fccksausfahrt nach links in den Sch\u00fctzenweg ein. Zeitgleich bef\u00e4hrt eine 35-j\u00e4hrige Frankenthalerin mit ihrem Fahrrad den Sch\u00fctzenweg entgegen der vorgeschriebenen Fahrtrichtung. Beide Radfahrerinnen \u00fcbersehen einander und kollidieren. Das Fahrrad der 53-j\u00e4hrigen wird durch den Zusammensto\u00df besch\u00e4digt (Schaden ca. 200,-EUR). Beide Beteiligten werden gl\u00fccklicherweise nur in Form von Schmerzen leicht verletzt. In den letzten Jahren waren ein Drittel aller verletzten Unfallbeteiligten in Frankenthal, Fahrradfahrer. Rund 80% der schweren Hirnverletzungen beim Radfahren k\u00f6nnten sich durch das Tragen eines Helms vermeiden lassen. Die Polizei empfiehlt daher immer mit Fahrradhelm zu fahren. Mehr Informationen zum Thema erhalten Sie unter <a rel=\"noreferrer noopener\" href=\"http:\/\/www.ich-trag-helm.de\/\" target=\"_blank\">www.ich-trag-helm.de<\/a>. <\/p>\n\n\n\n<p>Wir wollen, dass Sie sicher Leben &#8211; ihre Polizei Frankenthal. <\/p>\n\n\n\n<h4 class=\"wp-block-heading\">(Frankenthal) &#8211; Versuchter schwerer Raub auf Supermarkt<\/h4>\n\n\n\n<p>Am 09.06.20 kam es kurz nach 20 Uhr zu einem versuchten schweren Raub auf einen Supermarkt in der Stra\u00dfe Am Kanal. Ein unbekannter, m\u00e4nnlicher T\u00e4ter ging zielgerichtet zur Kasse und forderte den Kassierer auf, die Kasse zu \u00f6ffnen. Unter Vorhaltung eines Messers forderte der T\u00e4ter &#8222;Kasse auf, Geld her&#8220;. Der Kassierer behielt jedoch die Nerven und verweigerte das \u00d6ffnen der Kasse. Aus diesem Grund fl\u00fcchtete der T\u00e4ter, ohne Beute, \u00fcber den Parkplatz, in den Schie\u00dfgartenweg in Richtung L 523. <\/p>\n\n\n\n<p>Der T\u00e4ter wurde wie folgt beschrieben: <\/p>\n\n\n\n<ul><li>Ca. 1,75 &#8211; 1,80 m gro\u00df<\/li><li>schlank<\/li><li>ca. 20 &#8211; 25 Jahre alt und <\/li><li>trug eine graue Fleece-Jacke und eine schwarze Maskierung. <\/li><\/ul>\n\n\n\n<p>Gibt es Zeugen, die den T\u00e4ter auf seiner Flucht beobachtet haben? <\/p>\n\n\n\n<p>Zeugen werden gebeten sich an die Polizeiinspektion Frankenthal unter der Tel.-Nr.: 06233\/313-0 oder an die Polizeiwache Maxdorf unter der Tel.-Nr.: 06237\/934-100 zu wenden. Gerne nehmen wir Ihre Hinweise auch per E-Mail unter  <a href=\"mailto:pifrankenthal@polizei.rlp.de\">pifrankenthal@polizei.rlp.de<\/a> entgegen. <\/p>\n\n\n\n<h4 class=\"wp-block-heading\">(Frankenthal) &#8211; Diebstahl aus einem Pkw<\/h4>\n\n\n\n<p>Im Tatzeitraum 09.06.20, 13:00 Uhr &#8211; 14:30 Uhr stellte der Gesch\u00e4digte seinen Pkw auf einem gro\u00dfen Supermarktparkplatz im S\u00fcdring ab und betrat zwecks Einkauf das Gesch\u00e4ft. Als er zu seinem Pkw zur\u00fcckkam, stellte er fest, dass zwei Mobiltelefone aus der Mittelkonsole entwendet wurden. Obwohl der Gesch\u00e4digte, seinen Angaben zu Folge, den Pkw abgeschlossen hatte, konnten keine Aufbruchspuren festgestellt werden. T\u00e4terhinweise liegen keine vor. <\/p>\n\n\n\n<p>Die Polizei Frankenthal weist nochmals darauf hin, keine Wertgegenst\u00e4nde im Fahrzeug zur\u00fcck zu lassen. <\/p>\n\n\n\n<p>Zeugen werden gebeten sich an die Polizeiinspektion Frankenthal unter der Tel.-Nr.: 06233\/313-0 oder an die Polizeiwache Maxdorf unter der Tel.-Nr.: 06237\/934-100 zu wenden. Gerne nehmen wir Ihre Hinweise auch per E-Mail unter  <a href=\"mailto:pifrankenthal@polizei.rlp.de\">pifrankenthal@polizei.rlp.de<\/a> entgegen. <\/p>\n\n\n\n<h4 class=\"wp-block-heading\">(Frankenthal) &#8211; Sexueller Missbrauch am 16.11.2019 in Frankenthal \/ Zeugenaufruf<\/h4>\n\n\n\n<h4 class=\"wp-block-heading\">Gemeinsame Pressemitteilung von Staatsanwaltschaft Frankenthal und Polizeipr\u00e4sidium Rheinpfalz <\/h4>\n\n\n\n<div class=\"wp-block-image\"><figure class=\"aligncenter\"><img decoding=\"async\" src=\"https:\/\/speyer24news.com\/wp-content\/uploads\/2020\/01\/Zeugen-gesucht-RP-1024x535.jpg\" alt=\"\" class=\"wp-image-24774\"\/><\/figure><\/div>\n\n\n\n<p>Auf Grund einer k\u00fcrzlich erstatten Strafanzeige besteht der Verdacht, dass eine widerstandsunf\u00e4hige Frau am 16.11.2019 im \u00f6rtlichen und zeitlichen Umfeld des im Frankenthaler Congressforum stattfindenden &#8222;Grabowsky Jubil\u00e4umskonzertes&#8220; sexuell missbraucht wurde. <\/p>\n\n\n\n<p>F\u00fcr die Aufkl\u00e4rung des Sachverhaltes ist die Feststellung s\u00e4mtlicher Besucher dieses Konzertes von gro\u00dfer Bedeutung. <\/p>\n\n\n\n<p>Deswegen wird jeder, der dieses Konzert besucht hat oder einen Konzertbesucher kennt, gebeten, sich schnellstm\u00f6glich bei der Polizei unter der Telefonnummer 0621 963-2773 oder per E-Mail <a href=\"mailto:kiludwigshafen.k1.kdd@polizei.rlp.de\">kiludwigshafen.k1.kdd@polizei.rlp.de<\/a> zu melden. <\/p>\n\n\n\n<h4 class=\"wp-block-heading\">(Ludwigshafen) &#8211; Verkehrsunfall mit leicht verletzter Rollerfahrerin unter Drogeneinfluss und ohne Fahrerlaubnis<\/h4>\n\n\n\n<p>Am Mittwoch, 10. Juni 2020, kam es gegen 21.00 Uhr in der Fr\u00f6belstra\u00dfe in Ludwigshafen-Oggersheim zu einem Verkehrsunfall, als die 18-j\u00e4hrige Fahrerin eines Motorrollers einem vorausfahrenden Autofahrer auffuhr. Hierbei zog sich die Rollerfahrerin leichte Verletzungen zu. Es wurde festgestellt, dass die 18-j\u00e4hrige nicht im Besitz einer Fahrerlaubnis ist, welche zum F\u00fchren des Rollers berechtigt. Zudem ergaben sich Hinweise, dass die 18-J\u00e4hrige unter Bet\u00e4ubungsmitteleinfluss stehen k\u00f6nnte, was sie letztlich best\u00e4tigte. Die Rollerfahrerin wurde auf die Polizeidienststelle verbracht, wo sie sich gegen die Entnahme der angeordneten Blutprobe wehrte. Zwei Polizeibeamte sowie die Rollerfahrerin selbst verletzten sich hierbei leicht. Die 18-J\u00e4hrige erwartet neben der Einleitung von Strafverfahren wegen Fahren ohne Fahrerlaubnis, Stra\u00dfenverkehrsgef\u00e4hrdung und Versto\u00df gegen das Bet\u00e4ubungsmittelgesetz nun auch eine Anzeige wegen Widerstand gegen Polizeibeamte und K\u00f6rperverletzung zum Nachteil von Polizeibeamten. Gegen den 31-j\u00e4hrige Halter des Motorrollers wurde unterdessen ein Strafverfahren wegen des Zulassens des Fahrens ohne Fahrerlaubnis eingeleitet. <\/p>\n\n\n\n<h4 class=\"wp-block-heading\">(Ludwigshafen) &#8211; Versuchte Gef\u00e4hrliche K\u00f6rperverletzung<\/h4>\n\n\n\n<p>Mehrere Passanten meldeten am Dienstagabend der Polizei Ludwigshafen gegen 20 Uhr aggressive und randalierende Personen in der Luitpoldstra\u00dfe. Drei M\u00e4nner im Alter zwischen 29 und 38 Jahren hatten Passanten angep\u00f6belt und gingen auch einige los. Einer der M\u00e4nner, ein 30-j\u00e4hriger Heidelberger, hatte zuerst versucht einen Passanten am Hals zu packen und dann eine Flasche zerbrochen und schlug in Richtung eines anderen Passanten. Verletzt wurde durch den Angriff niemand. Der 30-j\u00e4hrige Angreifer war deutlich alkoholisiert. Er lehnte einen Atemalkoholtest ab. Ihm wurde zur Feststellung seines Alkoholisierungsgrades auf der Polizeidienststelle eine Blutprobe entnommen. Gegen ihn wird nun wegen versuchter Gef\u00e4hrlicher K\u00f6rperverletzung ermittelt. <\/p>\n\n\n\n<h4 class=\"wp-block-heading\">(Ludwigshafen) &#8211; Unter Drogeneinfluss und ohne F\u00fchrerschein unterwegs<\/h4>\n\n\n\n<p>Die Polizei Ludwigshafen kontrollierte am Dienstagmittag einen 37-j\u00e4hrigen Mann aus Mannheim, der mit einem Transporter auf der Oppauer Stra\u00dfe fuhr. Der Mannheimer zeigte Anzeichen auf eine Drogenbeeinflussung. Der durchgef\u00fchrte Urintest best\u00e4tigte den Verdacht. Er war positiv auf Kokain. Bei der Kontrolle stellte sich au\u00dferdem heraus, dass der 37-J\u00e4hrige derzeit keine g\u00fcltige Fahrerlaubnis besitzt. Ihm wurde auf der Polizeidienststelle eine Blutprobe entnommen, um die genaue Drogenbeeinflussung festzustellen. Gegen ihn wird nun wegen Fahrens ohne Fahrerlaubnis, einer Trunkenheitsfahrt und wegen des Versto\u00dfes gegen das Bet\u00e4ubungsmittelgesetz ermittelt. <\/p>\n\n\n\n<h4 class=\"wp-block-heading\">(Ludwigshafen) &#8211; Taschendieb erwischt<\/h4>\n\n\n\n<p>Ein 17-j\u00e4hriger Ludwigshafener konnte dank zwei couragierter Zeugen nach einem Taschendiebstahl gestellt werden. Der Jugendliche hatte zuvor im Rathaus-Center einem 83-J\u00e4hrigen seinen Geldbeutel aus der Jackentasche gestohlen. Die zwei Zeugen verfolgten den Taschendieb und verst\u00e4ndigten die Polizei. Dank der beiden Zeugen konnte der T\u00e4ter gestellt und die Beute gesichert werden. <\/p>\n\n\n\n<h4 class=\"wp-block-heading\">(Ludwigshafen) &#8211; Parkplatzunfall \/ Zeugengesucht<\/h4>\n\n\n\n<p>Am Dienstag (09.06.2020), 14.20 Uhr kollidierten zwei Pkw beim gleichzeitig r\u00fcckw\u00e4rts ausparken. Der Verkehrsunfall ereignete auf einem Parkplatz einer B\u00e4ckerei im Bereich An der Stadtmauer. Hierbei entstand ein Gesamtsachschaden in H\u00f6he von 2600 Euro. Die Polizei sucht nun Zeugen, die den Verkehrsunfall beobachtet haben. Hinweise werden an die Polizeiwache Oggersheim unter Tel. 0621 963 &#8211; 2403 oder per Mail <a href=\"mailto:pwoggersheim@polizei.rlp.de\">pwoggersheim@polizei.rlp.de<\/a> erbeten. <\/p>\n\n\n\n<h4 class=\"wp-block-heading\">(Ludwigshafen) &#8211; Mofa gestohlen<\/h4>\n\n\n\n<p>Unbekannte stahlen von Montag (08.06.2020) auf Dienstag (09.06.2020) ein Mofa. Das rote Mofa war im Tatzeitraum in der Horstackerstra\u00dfe abgestellt. Der Wert des Fahrzeugs bel\u00e4uft sich auf 850 Euro. <\/p>\n\n\n\n<p>Sachdienliche Hinweise bitte an die Polizeiinspektion Ludwigshafen 1, Telefonnummer 0621 963-2122 oder per E-Mail <a href=\"mailto:piludwigshafen1@polizei.rlp.de\">piludwigshafen1@polizei.rlp.de<\/a> . <\/p>\n\n\n\n<h4 class=\"wp-block-heading\">(Ludwigshafen) &#8211; Sachbesch\u00e4digung an IGS Edigheim<\/h4>\n\n\n\n<p>Unbekannte haben am vergangenen Wochenende mehrere Scheiben in der IGS Edigheim eingeschlagen. Der Schaden bel\u00e4uft sich auf ca. 750,- EUR. Wer hat verd\u00e4chtige Personen am vergangenen Wochenende im Bereich der Schule gesehen? <\/p>\n\n\n\n<p>Sachdienliche Hinweise bitte an die Polizeiinspektion Ludwigshafen 2, Telefonnummer 0621 963-2222 oder per E-Mail <a href=\"mailto:piludwigshafen2@polizei.rlp.de\">piludwigshafen2@polizei.rlp.de<\/a> . <\/p>\n\n\n\n<h4 class=\"wp-block-heading\">(Mannheim-Oststadt) &#8211; 4-j\u00e4hriger Junge bei Verkehrsunfall schwer verletzt<\/h4>\n\n\n\n<p>Bei einem Verkehrsunfall am Montagvormittag in Stadtteil Oststadt wurde ein 4-j\u00e4hriger Junge schwer verletzt. Der Junge stand, zusammen mit seiner Mutter und seinem kleinen Bruder, an der Fu\u00dfg\u00e4ngerampel unmittelbar vor dem Haupteingang des Luisenparks in der Theodor-Heuss-Anlage. Bei Gr\u00fcnlicht trat der Junge auf die Fahrbahn und wurde von einer 55-j\u00e4hrigen Opel-Fahrerin erfasst, die nach Zeugenangaben das f\u00fcr sie geltende Rotlicht der Ampel missachtet hatte. Der Junge fiel zun\u00e4chst auf die Motorhaube und st\u00fcrzte nach Vollbremsung der 55-J\u00e4hrigen auf die Fahrbahn. Durch die Kollision erlitt der 4-J\u00e4hrige schwere Verletzungen in Form von Knochenbr\u00fcchen und einer Kopfplatzwunde. Er wurde zur Behandlung in ein Krankenhaus eingeliefert. <\/p>\n\n\n\n<p>Gegen die Fahrerin des Opel wird nun wegen fahrl\u00e4ssiger K\u00f6rperverletzung ermittelt. <\/p>\n\n\n\n<h4 class=\"wp-block-heading\">(Mannheim-Neuhermsheim) &#8211; Autoaufbruch; Navi und Airbag entwendet; hoher Diebstahlsschaden; Zeugen gesucht<\/h4>\n\n\n\n<p>Bislang unbekannte T\u00e4ter brachen in der Nacht von Montag auf Dienstag einen 3er BMW auf, der in der Landsknechtstra\u00dfe vor dem Anwesen Nr. 14 im Stadtteil Neuhermsheim geparkt war. <\/p>\n\n\n\n<p>Daraus wurden das Navigationsger\u00e4t sowie der Airbag entwendet. Dar\u00fcber hinaus nahmen der oder die T\u00e4ter auch noch drei Jacken mit. Der Gesamtschaden bel\u00e4uft sich auf rund 10.000.- Euro. <\/p>\n\n\n\n<p>Zeugen, die verd\u00e4chtige Wahrnehmungen rund um den Tatzeitrum zwischen Montag, 20 Uhr und Dienstag, 8 Uhr, gemacht haben, m\u00f6glicherweise aber auch schon Tage zuvor, werden gebeten, sich mit dem Kriminaldauerdienst, tel.: 0621\/174-4444 oder mit dem Polizeirevier Mannheim-Oststadt, Tel.: 0621\/174-3310 in Verbindung zu setzen. <\/p>\n\n\n\n<h4 class=\"wp-block-heading\">(Mannheim \/ Heidelberg \/ Rhein-Neckar-Kreis) &#8211; Kriminalrat Christopher Weselek neuer Leiter der Stabsstelle \u00d6ffentlichkeitsarbeit beim Polizeipr\u00e4sidium Mannheim<\/h4>\n\n\n\n<div class=\"wp-block-image\"><figure class=\"aligncenter\"><img decoding=\"async\" loading=\"lazy\" width=\"800\" height=\"622\" src=\"https:\/\/speyer24news.com\/wp-content\/uploads\/2020\/06\/Weselek_Christopher_1.jpg\" alt=\"\" class=\"wp-image-27899\" srcset=\"https:\/\/speyer24news.com\/wp-content\/uploads\/2020\/06\/Weselek_Christopher_1.jpg 800w, https:\/\/speyer24news.com\/wp-content\/uploads\/2020\/06\/Weselek_Christopher_1-300x233.jpg 300w, https:\/\/speyer24news.com\/wp-content\/uploads\/2020\/06\/Weselek_Christopher_1-768x597.jpg 768w\" sizes=\"(max-width: 800px) 100vw, 800px\" \/><figcaption>Leiter der Stabsstelle \u00d6ffentlichkeitsarbeit Christopher Weselek<\/figcaption><\/figure><\/div>\n\n\n\n<p>Seit Anfang Juni ist der 38-j\u00e4hrige Kriminalrat Christopher Weselek neuer Leiter der Stabsstelle \u00d6ffentlichkeitsarbeit beim Polizeipr\u00e4sidium Mannheim. Der dreifache Familienvater wohnt in Heidelberg und startete 2003 bei der Polizei des Landes Baden-W\u00fcrttemberg. Bis 2007 absolvierte Weselek seine Ausbildung und sein Studium zum gehobenen Polizeivollzugdienst. Danach war er kurzzeitig im Streifendienst beim Polizeirevier Heidelberg-S\u00fcd t\u00e4tig, bevor er 2008 zur Kriminalpolizei in den Kriminaldauerdienst wechselte. Es folgten Stationen beim Innenministerium des Landes sowie der F\u00fchrungsgruppe der Kriminalpolizei der damaligen Polizeidirektion Heidelberg sowie als Leiter der F\u00fchrungsgruppe beim Polizeirevier Mannheim-Sandhofen. <\/p>\n\n\n\n<p>Seit dem 01.10.2018, nach Abschluss seines Masterstudiums, war Weselek Leiter der Kriminalinspektion 7 der Kriminalpolizeidirektion Heidelberg und damit f\u00fcr den Kriminaldauerdienst, die Fahndung, die Datenstation, die zentrale VP-F\u00fchrung und die zentrale Finanzermittlung verantwortlich. Dar\u00fcber hinaus leitete er seit dem 01.10.2019 auch die &#8222;BAO West&#8220; \/ Aktion #Sichere Neckarstadt. <\/p>\n\n\n\n<h4 class=\"wp-block-heading\">(Heidelberg-S\u00fcdstadt) &#8211; Einbruch in Kleing\u00e4rten \/ Polizei sucht Zeugen<\/h4>\n\n\n\n<p>Unbekannte T\u00e4ter brachen in der Nacht von Montag auf Dienstag in mehrere G\u00e4rten der Schrebergartenanlage S\u00fcdstadt ein. Die T\u00e4ter durchtrennten jeweils die Z\u00e4une der G\u00e4rten im Schrebergartenweg und drangen \u00fcber das jeweils entstandene Loch auf die Grundst\u00fccke ein. Auf den jeweiligen Gartenparzellen versuchten die Einbrecher vergeblich, die T\u00fcren der Gartenh\u00e4user aufzuhebeln. Anschlie\u00dfend zogen die T\u00e4ter nach derzeitigem Erkenntnisstand ohne Beute wieder von dannen. Es entstand Sachschaden, der sich derzeit noch nicht beziffern l\u00e4sst. <\/p>\n\n\n\n<p>Weitere Gesch\u00e4digte, bzw. Zeugen, die verd\u00e4chtige Beobachtungen gemacht haben, werden gebeten, sich beim Polizeirevier Heidelberg-S\u00fcd, Tel.: 06221\/3418-0 zu melden. <\/p>\n\n\n\n<h4 class=\"wp-block-heading\">(Schwetzingen \/ Rhein-Neckar-Kreis) &#8211; Drei Verletzte nach Abbiegeunfall<\/h4>\n\n\n\n<p>Am Mittwoch, gegen 16.10 Uhr, ereignete sich in Schwetzingen ein Verkehrsunfall mit zwei beteiligten Pkw auf der L597 in H\u00f6he der Auffahrt zur B 535. Eine 38-j\u00e4hrige Toyota-Fahrerin fuhr auf der L597 in Richtung MA-Friedrichsfeld und wollte auf die B 535 in Richtung Plankstadt abbiegen. Hierbei \u00fcbersah sie einen entgegenkommenden Audi. Es kam zum Zusammensto\u00df beider Fahrzeuge. Hierbei wurde die 25-j\u00e4hrige Audi-Fahrerin, ihre 22-j\u00e4hrige Beifahrerin, sowie die Unfallverursacherin verletzt. Die Verletzten wurden in umliegende Krankenh\u00e4user gebracht. Beide Fahrzeuge waren nicht mehr fahrbereit und mussten abgeschleppt werden. Der Sachschaden wird auf 15.000 Euro gesch\u00e4tzt. Die Auffahrt zur B 535 wurde bis 19.00 Uhr gesperrt. Der Verkehr wurde \u00f6rtlich umgeleitet, zu gr\u00f6\u00dferen Verkehrsbehinderungen kam es nicht. <\/p>\n\n\n\n<h4 class=\"wp-block-heading\">(Hockenheim \/ Rhein-Neckar-Kreis) &#8211; T\u00f6dlicher Unfall auf Hockenheimring<\/h4>\n\n\n\n<div class=\"wp-block-image\"><figure class=\"aligncenter\"><img decoding=\"async\" src=\"https:\/\/speyer24news.com\/wp-content\/uploads\/2020\/06\/Ruhe-in-Frieden.jpg\" alt=\"\" class=\"wp-image-27813\"\/><\/figure><\/div>\n\n\n\n<p>Am Donnerstag, den 11.06.2020 ereignete sich auf dem Hockenheimring gegen 12 Uhr ein schwerer Unfall. Im Rahmen von einer privaten Veranstaltung, kam es kurz nach der Zielgeraden zu einem folgenschweren Zusammensto\u00df von drei Fahrzeugen. Durch die Kollision wurde ein 68-j\u00e4hriger Fahrzeugf\u00fchrer t\u00f6dlich verletzt. Die beiden anderen Fahrzeugf\u00fchrer, ein 62- und ein 16-j\u00e4hriger Mann blieben unverletzt. Die genauen Umst\u00e4nde des Verkehrsunfalles werden vom Verkehrsdienst Mannheim, mit Unterst\u00fctzung eines Sachverst\u00e4ndigen, derzeit ermittelt. <\/p>\n\n\n\n<h4 class=\"wp-block-heading\">(Leimen-St. Ilgen \/ Rhein-Neckar-Kreis) &#8211; Einbruch in Rohbau \/ Zeugen gesucht<\/h4>\n\n\n\n<p>Am fr\u00fchen Dienstagmorgen brachen unbekannte T\u00e4ter in einen Rohbau in St. Ilgen ein. Die Einbrecher begaben sich auf die R\u00fcckseite des in Sanierung befindlichen Anwesens in der Hans-Thoma-Stra\u00dfe und hebelten die Terrassent\u00fcren auf. So gelangten die Unbekannten in das Haus und entwendeten Bauwerkzeuge sowie zwei Kisten mit Heizungsthermostaten. Danach fl\u00fcchteten die Einbrecher in Richtung Lessingstra\u00dfe. Ein Zeuge konnte gegen ein Uhr zwei m\u00e4nnliche Jugendliche beim Verlassen des Hauses und der anschlie\u00dfenden Flucht beobachten. Eine Beschreibung der beiden Fl\u00fcchtenden liegt nicht vor. <\/p>\n\n\n\n<p>Weitere Zeugen, die verd\u00e4chtige Wahrnehmungen gemacht haben und sachdienliche Hinweise zu den T\u00e4tern geben k\u00f6nnen, werden gebeten, sich beim Polizeirevier Wiesloch, Tel.: 06222\/5709-0 zu melden. <\/p>\n\n\n\n<h4 class=\"wp-block-heading\">(Wiesloch \/ Rhein-Neckar-Kreis) &#8211; Bei Unfall \u00fcberschlagen \/ Schwerer Unfall auf Landstra\u00dfe<\/h4>\n\n\n\n<p>Am Dienstagabend kam es auf der L 723 bei Wiesloch zu einem schweren Verkehrsunfall &#8211; dabei wurde eine Person leicht verletzt. <\/p>\n\n\n\n<p>Ein 19-J\u00e4hrige fuhr um 20.15 Uhr von der Stra\u00dfe &#8222;Neues R\u00e4tsel&#8220; in Richtung der Landstra\u00dfe und wollte auf diese auffahren. Dabei \u00fcbersah der Skoda-Fahrer einen in Richtung Walldorf fahrenden Mercedes. Beim Zusammensto\u00df wurde der Mercedes nach links abgewiesen, \u00fcberschlug sich und kam auf dem Dach zum Stillstand. <\/p>\n\n\n\n<p>Der 19-j\u00e4hrige Unfallverursacher eilte dem 60-j\u00e4hrigen Insassen sofort zu Hilfe und barg den Mann aus dem Auto. Ein ebenfalls zuf\u00e4llig vor Ort anwesender Arzt betreute den Mann, der kurz darauf in ein Krankenhaus gebracht wurde. <\/p>\n\n\n\n<p>Der Mercedes wurde bei dem Unfall total besch\u00e4digt. Es entstand ein Unfallschaden von mindestens 15.000 Euro. <\/p>\n\n\n\n<h4 class=\"wp-block-heading\">(St. Leon-Rot \/ A 6 \/ Rhein-Neckar-Kreis) &#8211; T\u00f6dlicher Verkehrsunfall auf Autobahn 6<\/h4>\n\n\n\n<h4 class=\"wp-block-heading\" style=\"text-align:center\">Pressemitteilung Nr. 1<\/h4>\n\n\n\n<figure class=\"wp-block-image\"><img decoding=\"async\" src=\"https:\/\/speyer24news.com\/wp-content\/uploads\/2020\/06\/Ruhe-in-Frieden.jpg\" alt=\"\" class=\"wp-image-27813\"\/><\/figure>\n\n\n\n<p>Am Mittwochmittag kam es auf der A6 zwischen Wiesloch-Rauenberg und dem Autobahnkreuz Walldorf zu einem schweren Verkehrsunfall. <\/p>\n\n\n\n<p>Nach ersten Erkenntnissen fuhr der Fahrer eines Kleintransporters kurz vor 11.30 Uhr auf einem vor ihm fahrenden Lkw auf. Dabei erlag der Fahrer des Transporters noch am Unfallort seinen Verletzungen. Der genaue Unfallhergang wird derzeit von den Beamten des Autobahnpolizeireviers Walldorf ermittelt. <\/p>\n\n\n\n<p>Zurzeit dauern die Bergungsarbeiten von Feuerwehr und Rettungsdienst sowie die Unfallaufnahme der Polizei an. Der rechte und mittlere Fahrstreifen sind gesperrt. Der Verkehr wird von an der Unfallstelle vorbeigef\u00fchrt. Bislang hat sich ein Stau von 5 km L\u00e4nge gebildet. <\/p>\n\n\n\n<h4 class=\"wp-block-heading\">(Sinsheim \/ Rhein-Neckar-Kreis) &#8211; Fu\u00dfg\u00e4nger bei Unfall verletzt; Verursacher fl\u00fcchtet; Zeugen dringend gesucht<\/h4>\n\n\n\n<p>Am Dienstagnachmittag ereignete sich an der Kreuzung Burgh\u00e4ldeweg\/Albert-Schweitzer-Stra\u00dfe ein Verkehrsunfall, bei dem ein Fu\u00dfg\u00e4nger verletzt wurde. Der Verursacher setzte seine jedoch ohne anzuhalten fort. <\/p>\n\n\n\n<p>Gegen 15 Uhr war der unbekannte Autofahrer mit seinem Fahrzeug im Burgh\u00e4ldeweg in Richtung D\u00fchrener Stra\u00dfe unterwegs, als er am \u00dcbergang zur Albert-Schweitzer-Stra\u00dfe die Vorfahrt eines 58-j\u00e4hrigen Renault-Fahrers missachtete, der von rechts, ebenfalls aus dem Burgh\u00e4ldeweg, nach rechts in die Albert-Schweitzer-Stra\u00dfe einfahren wollte. Um einen Zusammensto\u00df zu vermeiden, wich der Renault-Fahrer nach rechts aus und kollidierte mit einem 77-j\u00e4hrigen Fu\u00dfg\u00e4nger, der sich auf dem Gehweg befand. <\/p>\n\n\n\n<p>Der Mann zog sich noch nicht n\u00e4her bekannte Verletzungen zu, die einen Transport in eine Klinik notwendig machten. <\/p>\n\n\n\n<p>Informationen zu dem verursachenden Autofahrer und seinem Fahrzeug liegen bislang noch nicht vor. <\/p>\n\n\n\n<p>Zeugen, die Hinweise hierzu geben k\u00f6nnen, werden gebeten, sich mit dem Polizeirevier Sinsheim, Tel.: 07261\/690-0 in Verbindung zu setzen. <\/p>\n\n\n\n<h4 class=\"wp-block-heading\">(Eberbach \/ Hirschhorn \/ Rhein-Neckar-Kreis) &#8211; Binnenschiff verursacht Gew\u00e4sserverunreinigung<\/h4>\n\n\n\n<p>Ein beladenes, 105 Meter langes niederl\u00e4ndisches G\u00fctermotorschiff verlor am heutigen Vormittag auf dem Neckar zwischen den Schleusen Rockenau und Hirschhorn Schmier\u00f6l. Dadurch kam es in diesem Flussabschnitt zu einer Gew\u00e4sserverunreinigung. Festgestellt wurde diese Verunreinigung erstmals in der Schleusenkammer der Schleuse Rockenau, wobei sich der Verdacht und die Ermittlungen der Wasserschutzpolizei rasch auf das letzte talw\u00e4rts geschleuste Schiff konzentrierten. Die Ermittlungen an Bord des Schiffes an der Schleuse Hirschhorn f\u00fchrten die Beamten zur Ursache des \u00d6laustrittes: Eine undichte Wellendichtung am Schiffspropeller. Die Ursache ist vermutlich ein technischer Defekt an der Antriebswelle. <\/p>\n\n\n\n<p>Die Feuerwehren Eberbach und Hirschhorn, das Wasser- und Schifffahrtsamt Heidelberg sowie die Untere Wasserbeh\u00f6rde des Landratsamtes waren ebenfalls vor Ort im Einsatz. Um eine weitere Ausbreitung des \u00d6lfilmes zu verhindern, legte die Feuerwehr einen &#8222;\u00d6lschl\u00e4ngel&#8220; um das Schiff. Umweltbeeintr\u00e4chtigungen sind nach bisherigem Stand nicht zu erwarten. Fachfirmen k\u00fcmmern sich nun vor Ort um die Reparatur des Defektes am Schiff. Die Ermittlungen der zust\u00e4ndigen Wasserschutzpolizeistation Heidelberg dauern an. <\/p>\n\n\n\n<h4 class=\"wp-block-heading\">(Schriesheim \/ Rhein-Neckar-Kreis) &#8211; Dreiste Ladendiebstahlsmasche; Waren im Wert von \u00fcber 2000.- Euro gestohlen; Warnhinweis an Mitarbeiter von Superm\u00e4rkten<\/h4>\n\n\n\n<p>Bereits am Montagnachmittag wurde ein 19-J\u00e4hriger dabei erwischt, wie er mit einem prall gef\u00fcllten Einkaufswagen aus einem Einkaufsmarkt in der Robert-Bosch-Stra\u00dfe verschwinden wollte, ohne die Waren -haupts\u00e4chlich Champagner- im Gesamtwert von \u00fcber 2.000.- Euro zu bezahlen. Der Marktleiter und eine Mitarbeiterin sprachen den jungen Heidelberger beim Verlassen des Marktes an und hielten ihn bis zum Eintreffen der Beamten fest. Nach Erledigung der polizeilichen Formalit\u00e4ten wurde der 19-J\u00e4hrige nach Ende seiner ED-Behandlung wieder auf freien Fu\u00df gesetzt. <\/p>\n\n\n\n<p>Wie die weiteren Ermittlungen, soll der 19-J\u00e4hrige beim Betreten des Marktes in Begleitung zweier Frauen gewesen sein, die ebenfalls mit zwei prall gef\u00fcllten Einkaufswagen den Markt verlassen hatten. Dies geschah offenbar unbemerkt, m\u00f6glicherweise w\u00e4hrend des Festhaltens des 19-J\u00e4hrigen. Den Wert der Ware l\u00e4sst sich noch nicht ermitteln. <\/p>\n\n\n\n<p>Da nicht ausgeschlossen ist, dass das Trio in anderen M\u00e4rkten ebenfalls &#8222;zuschlagen&#8220; k\u00f6nnte, werden die Mitarbeiterinnen und Mitarbeiter, insbesondere von gr\u00f6\u00dferen Superm\u00e4rkte aufgefordert, Wachsamkeit walten zu lassen und die Sicherheitsstrukturen hinsichtlich des Diebstahlsschutzes zu \u00fcberpr\u00fcfen. <\/p>\n\n\n\n<p>Die Ermittlungen des Polizeireviers Weinheim dauern an. <\/p>\n\n\n\n<h4 class=\"wp-block-heading\">(Weinheim \/ Rhein-Neckar-Kreis) &#8211; Wohnungseinbruch; Zeugen gesucht<\/h4>\n\n\n\n<p>Bei einem Wohnungseinbruch in ein Mehrparteienhaus in der Liegnitzer Stra\u00dfe wurden in der Nacht zum Mittwoch Uhren und Schmuck im Gesamtwert von mehreren tausend Euro entwendet. <\/p>\n\n\n\n<p>Die Tatzeit d\u00fcrfte zwischen Dienstag, 22.30 Uhr und Mittwoch, 02.00 Uhr, liegen. <\/p>\n\n\n\n<p>Personen, die im Bereich der Liegnitzer Stra\u00dfe, Ecke K\u00f6nigsberger Stra\u00dfe Verd\u00e4chtiges wahrgenommen haben, werden gebeten, sich mit dem Kriminaldauerdienst, Tel.: 0621\/174-4444 oder mit dem Polizeirevier Weinheim, Tel.: 06201\/1003-0 in Verbindung zu setzen. <\/p>\n\n\n\n<h4 class=\"wp-block-heading\">(Weinheim \/ Rhein-Neckar-Kreis) &#8211; 29-j\u00e4hriger Mann begrapscht zwei Frauen \/ Zeugen gesucht<\/h4>\n\n\n\n<h4 class=\"wp-block-heading\" style=\"text-align:center\">Pressemeldung Nr. 2<\/h4>\n\n\n\n<p>Wie bereits am Montag, 08. Juni 2020 berichtet, begrapschte am Sonntagmittag, gegen 12.30 Uhr ein 29-j\u00e4hriger Mann am Hauptbahnhof in Weinheim zwei junge Frauen im Alter von 16 und 17 Jahren. Nacheinander umklammerte er die beiden Jugendlichen und griff ihnen von hinten an die Br\u00fcste, sodass es den beiden Gesch\u00e4digten nur mithilfe von Zeugen gelang, sich aus der Umklammerung zu befreien. <\/p>\n\n\n\n<p>Die Polizei sucht nun Zeugen, die den Vorfall beobachtet haben und sachdienliche Hinweise geben k\u00f6nnen. Insbesondere wird ein Zeuge gesucht, der mithalf, die jungen Frauen aus ihrer misslichen Lage zu befreien und offenbar anschlie\u00dfend mit zum Polizeirevier Weinheim kam. Diese Zeugen werden gebeten, sich beim Kriminaldauerdienst der Kriminalpolizeidirektion Heidelberg, Tel.: 0621\/174-4444 zu melden. <\/p>\n","protected":false},"excerpt":{"rendered":"<div class=\"mh-excerpt\"><p>Polizeimeldungen vom Mittwoch &amp; Donnerstag (10.06 &amp; 11.06.2020) (Speyer) &#8211; Versto\u00df gegen das Bet\u00e4ubungsmittelgesetz Im Rahmen einer Verkehrskontrolle am Donnerstag konnte bei einem 21-j\u00e4hrigem Speyerer ein T\u00fctchen mit Marihuana aufgefunden werden. Die Drogen wurden durch <a class=\"mh-excerpt-more\" href=\"https:\/\/speyer24news.com\/?p=27895\" title=\"Polizei\">[&#8230;]<\/a><\/p>\n<\/div>","protected":false},"author":3,"featured_media":0,"comment_status":"open","ping_status":"open","sticky":false,"template":"","format":"standard","meta":{"_monsterinsights_skip_tracking":false,"_monsterinsights_sitenote_active":false,"_monsterinsights_sitenote_note":"","_monsterinsights_sitenote_category":0,"footnotes":""},"categories":[12],"tags":[3614,61,2555,6955,6986,6263,63,105,6987,53,4854,4683,1548,102,213,55,5261,103,106,2803,2423,427,2625,380,62,104,979,1565],"aioseo_notices":[],"amp_enabled":true,"_links":{"self":[{"href":"https:\/\/speyer24news.com\/index.php?rest_route=\/wp\/v2\/posts\/27895"}],"collection":[{"href":"https:\/\/speyer24news.com\/index.php?rest_route=\/wp\/v2\/posts"}],"about":[{"href":"https:\/\/speyer24news.com\/index.php?rest_route=\/wp\/v2\/types\/post"}],"author":[{"embeddable":true,"href":"https:\/\/speyer24news.com\/index.php?rest_route=\/wp\/v2\/users\/3"}],"replies":[{"embeddable":true,"href":"https:\/\/speyer24news.com\/index.php?rest_route=%2Fwp%2Fv2%2Fcomments&post=27895"}],"version-history":[{"count":1,"href":"https:\/\/speyer24news.com\/index.php?rest_route=\/wp\/v2\/posts\/27895\/revisions"}],"predecessor-version":[{"id":27900,"href":"https:\/\/speyer24news.com\/index.php?rest_route=\/wp\/v2\/posts\/27895\/revisions\/27900"}],"wp:attachment":[{"href":"https:\/\/speyer24news.com\/index.php?rest_route=%2Fwp%2Fv2%2Fmedia&parent=27895"}],"wp:term":[{"taxonomy":"category","embeddable":true,"href":"https:\/\/speyer24news.com\/index.php?rest_route=%2Fwp%2Fv2%2Fcategories&post=27895"},{"taxonomy":"post_tag","embeddable":true,"href":"https:\/\/speyer24news.com\/index.php?rest_route=%2Fwp%2Fv2%2Ftags&post=27895"}],"curies":[{"name":"wp","href":"https:\/\/api.w.org\/{rel}","templated":true}]}}