{"id":27927,"date":"2020-06-14T08:14:27","date_gmt":"2020-06-14T07:14:27","guid":{"rendered":"https:\/\/speyer24news.com\/?p=27927"},"modified":"2020-06-14T08:14:28","modified_gmt":"2020-06-14T07:14:28","slug":"stadtnotizen-aus-speyer-4","status":"publish","type":"post","link":"https:\/\/speyer24news.com\/?p=27927","title":{"rendered":"Stadtnotizen aus Speyer"},"content":{"rendered":"<style type=\"text\/css\">\r\n\t.ads_top_disp{}\r\n\t.ads_top_corner_disp{ float:left; margin:0px 10px 10px 0px; }\r\n\t.ads_first_p_disp{}\r\n\t.ads_bottom_disp{}\r\n\t<\/style>\n<h1 class=\"wp-block-heading\" style=\"text-align:center\">Stadtnotizen<\/h1>\n\n\n\n<figure class=\"wp-block-image\"><img decoding=\"async\" loading=\"lazy\" width=\"800\" height=\"600\" src=\"https:\/\/speyer24news.com\/wp-content\/uploads\/2020\/01\/Speyer-Stadtnachrichten-2.jpg\" alt=\"\" class=\"wp-image-23901\" srcset=\"https:\/\/speyer24news.com\/wp-content\/uploads\/2020\/01\/Speyer-Stadtnachrichten-2.jpg 800w, https:\/\/speyer24news.com\/wp-content\/uploads\/2020\/01\/Speyer-Stadtnachrichten-2-300x225.jpg 300w, https:\/\/speyer24news.com\/wp-content\/uploads\/2020\/01\/Speyer-Stadtnachrichten-2-768x576.jpg 768w, https:\/\/speyer24news.com\/wp-content\/uploads\/2020\/01\/Speyer-Stadtnachrichten-2-678x509.jpg 678w, https:\/\/speyer24news.com\/wp-content\/uploads\/2020\/01\/Speyer-Stadtnachrichten-2-326x245.jpg 326w, https:\/\/speyer24news.com\/wp-content\/uploads\/2020\/01\/Speyer-Stadtnachrichten-2-80x60.jpg 80w\" sizes=\"(max-width: 800px) 100vw, 800px\" \/><\/figure>\n\n\n\n<h2 class=\"wp-block-heading\">Coronavirus \u2013 Fallzahlen aus Speyer<\/h2>\n\n\n\n<figure class=\"wp-block-image\"><img decoding=\"async\" loading=\"lazy\" width=\"800\" height=\"400\" src=\"https:\/\/speyer24news.com\/wp-content\/uploads\/2020\/02\/virus-1812092_1920.jpg\" alt=\"\" class=\"wp-image-25128\" srcset=\"https:\/\/speyer24news.com\/wp-content\/uploads\/2020\/02\/virus-1812092_1920.jpg 800w, https:\/\/speyer24news.com\/wp-content\/uploads\/2020\/02\/virus-1812092_1920-300x150.jpg 300w, https:\/\/speyer24news.com\/wp-content\/uploads\/2020\/02\/virus-1812092_1920-768x384.jpg 768w\" sizes=\"(max-width: 800px) 100vw, 800px\" \/><\/figure>\n\n\n\n<p>Anzahl best\u00e4tigter F\u00e4lle von Coronavirus (SARS-CoV-2)-Infektionen in der Stadt Speyer: 91 <strong>+ 1 im Vergleich zum Vortag<\/strong><br>Davon bereits genesen: 85 <strong>+ 1 im Vergleich zum Vortag<\/strong><br>Todesf\u00e4lle: 2 <strong>Keine Ver\u00e4nderung<\/strong><br>Personen in Quarant\u00e4ne: 48 <strong>+ 3 im Vergleich zum Vortag<\/strong><br><em>Stand: 11.06.2020, 12:30 Uhr<\/em><\/p>\n\n\n\n<p><em>Stadtverwaltung Speyer<\/em><br><em>14.06.2020<\/em><\/p>\n\n\n\n<h2 class=\"wp-block-heading\"><strong>Abstrichambulanz in der Halle 101 wird vorerst geschlossen<\/strong><\/h2>\n\n\n\n<div class=\"wp-block-image\"><figure class=\"aligncenter\"><img decoding=\"async\" loading=\"lazy\" width=\"800\" height=\"579\" src=\"https:\/\/speyer24news.com\/wp-content\/uploads\/2020\/06\/Abstrichzentrum-Speyer.jpg\" alt=\"\" class=\"wp-image-27928\" srcset=\"https:\/\/speyer24news.com\/wp-content\/uploads\/2020\/06\/Abstrichzentrum-Speyer.jpg 800w, https:\/\/speyer24news.com\/wp-content\/uploads\/2020\/06\/Abstrichzentrum-Speyer-300x217.jpg 300w, https:\/\/speyer24news.com\/wp-content\/uploads\/2020\/06\/Abstrichzentrum-Speyer-768x556.jpg 768w\" sizes=\"(max-width: 800px) 100vw, 800px\" \/><\/figure><\/div>\n\n\n\n<p>Das Abstrichzentrum in der Halle 101 wird aufgrund der kontinuierlich sinkenden Patientenzahlen vorerst geschlossen und stellt seinen Betrieb ein. Seinen letzten \u00d6ffnungstag hatte das Abstrichzentrum am Samstag, 13. Juni 2020. Das Abstrichzentrum war am 18. M\u00e4rz 2020 eingerichtet worden, seither wurden 1.244 Personen getestet, die einen begr\u00fcndeten Verdacht auf eine Infektion mit dem  Coronavirus (SARS-CoV-2) hatten und deren Hausarztpraxis in Speyer, Dudenhofen, R\u00f6merberg (mit Berghausen, Heiligenstein und Mechtersheim), Harthausen, Hanhofen oder B\u00f6hl-Iggelheim ans\u00e4ssig ist. Unter diesen Personen befanden sich 54 Frauen und 45 M\u00e4nner,  die positiv getestet wurden (Stand 11. Juni 2020).<\/p>\n\n\n\n<p>Stellvertretend f\u00fcr die Stadt Speyer \u00fcbte die Feuerwehr Speyer das Hausrecht im Abstrichzentrum aus. Betrieben wurde es von den niedergelassenen\n \u00c4rzt*innen der PRAVO (Praxisnetzwerk Vorderpfalz) und dem DRK Kreisverband Speyer. Die \u00e4rztliche Leitung hatte Dr. med. Klaus-Peter Wresch, der medizinische Fachberater der Stadt Speyer, inne. T\u00e4glich waren zwei \u00c4rzt*innen\n vor Ort, die in ihrer Arbeit durch ehrenamtliche Kr\u00e4fte des DRK, Mitarbeiter*innen der Stadt Speyer und durch Kr\u00e4fte der Feuerwehr unterst\u00fctzt wurden. \u201eUns ist es gelungen, innerhalb k\u00fcrzester Zeit mit dem Abstrichzentrum eine Anlaufstelle zu schaffen, die\n einen wesentlichen Beitrag dazu geleistet hat, dass wir bisher sehr glimpflich durch die Corona-Pandemie gekommen sind. Mein gro\u00dfer Dank gilt allen Personen, die sich ehrenamtlich\nzur Mitarbeit bereit erkl\u00e4rt haben und durch diesen unerm\u00fcdlichen Einsatz erst erm\u00f6glicht haben, dass wir als Stadt ein eigenes Abstrichzentrum einrichten konnten. Wir alle k\u00f6nnen uns gl\u00fccklich sch\u00e4tzen, dass es so\n viele Menschen gab und gibt, die ohne zu z\u00f6gern Hilfe angeboten und sich in den Dienst der Sache gestellt haben\u201c, so Oberb\u00fcrgermeisterin Stefanie Seiler, die eine Reaktivierung des Abstrichzentrums im Bedarfsfall vorsieht.<\/p>\n\n\n\n<p>Personen, die bef\u00fcrchten, sich mit dem Coronavirus angesteckt zu haben, k\u00f6nnen sich k\u00fcnftig telefonisch bei Ihrem Hausarzt\/Ihre Haus\u00e4rztin  vorstellen. Durch die mittlerweile bessere Ausstattung mit pers\u00f6nlicher Schutzausr\u00fcstung k\u00f6nnen die meisten Hausarztpraxen selbst Abstriche vornehmen und Patienten auf eine Infektion mit dem Coronavirus testen. Nach wie vor sollten Patienten mit Krankheitssymptomen  nicht ohne Termin und ohne vorherige telefonische Anfrage in Arztpraxen erscheinen. <\/p>\n\n\n\n<p><em>Stadtverwaltung Speyer<br>14.06.2020<\/em><\/p>\n","protected":false},"excerpt":{"rendered":"<div class=\"mh-excerpt\"><p>Stadtnotizen Coronavirus \u2013 Fallzahlen aus Speyer Anzahl best\u00e4tigter F\u00e4lle von Coronavirus (SARS-CoV-2)-Infektionen in der Stadt Speyer: 91 + 1 im Vergleich zum VortagDavon bereits genesen: 85 + 1 im Vergleich zum VortagTodesf\u00e4lle: 2 Keine Ver\u00e4nderungPersonen <a class=\"mh-excerpt-more\" href=\"https:\/\/speyer24news.com\/?p=27927\" title=\"Stadtnotizen aus Speyer\">[&#8230;]<\/a><\/p>\n<\/div>","protected":false},"author":3,"featured_media":23902,"comment_status":"open","ping_status":"open","sticky":false,"template":"","format":"standard","meta":{"_monsterinsights_skip_tracking":false,"_monsterinsights_sitenote_active":false,"_monsterinsights_sitenote_note":"","_monsterinsights_sitenote_category":0,"footnotes":""},"categories":[47],"tags":[6366,6940,6423,6359,6358,7003,6342,6,657,1296],"aioseo_notices":[],"amp_enabled":true,"_links":{"self":[{"href":"https:\/\/speyer24news.com\/index.php?rest_route=\/wp\/v2\/posts\/27927"}],"collection":[{"href":"https:\/\/speyer24news.com\/index.php?rest_route=\/wp\/v2\/posts"}],"about":[{"href":"https:\/\/speyer24news.com\/index.php?rest_route=\/wp\/v2\/types\/post"}],"author":[{"embeddable":true,"href":"https:\/\/speyer24news.com\/index.php?rest_route=\/wp\/v2\/users\/3"}],"replies":[{"embeddable":true,"href":"https:\/\/speyer24news.com\/index.php?rest_route=%2Fwp%2Fv2%2Fcomments&post=27927"}],"version-history":[{"count":1,"href":"https:\/\/speyer24news.com\/index.php?rest_route=\/wp\/v2\/posts\/27927\/revisions"}],"predecessor-version":[{"id":27930,"href":"https:\/\/speyer24news.com\/index.php?rest_route=\/wp\/v2\/posts\/27927\/revisions\/27930"}],"wp:featuredmedia":[{"embeddable":true,"href":"https:\/\/speyer24news.com\/index.php?rest_route=\/wp\/v2\/media\/23902"}],"wp:attachment":[{"href":"https:\/\/speyer24news.com\/index.php?rest_route=%2Fwp%2Fv2%2Fmedia&parent=27927"}],"wp:term":[{"taxonomy":"category","embeddable":true,"href":"https:\/\/speyer24news.com\/index.php?rest_route=%2Fwp%2Fv2%2Fcategories&post=27927"},{"taxonomy":"post_tag","embeddable":true,"href":"https:\/\/speyer24news.com\/index.php?rest_route=%2Fwp%2Fv2%2Ftags&post=27927"}],"curies":[{"name":"wp","href":"https:\/\/api.w.org\/{rel}","templated":true}]}}