{"id":27931,"date":"2020-06-14T08:43:43","date_gmt":"2020-06-14T07:43:43","guid":{"rendered":"https:\/\/speyer24news.com\/?p=27931"},"modified":"2020-06-14T08:43:44","modified_gmt":"2020-06-14T07:43:44","slug":"speyer-30","status":"publish","type":"post","link":"https:\/\/speyer24news.com\/?p=27931","title":{"rendered":"Speyer"},"content":{"rendered":"<style type=\"text\/css\">\r\n\t.ads_top_disp{}\r\n\t.ads_top_corner_disp{ float:left; margin:0px 10px 10px 0px; }\r\n\t.ads_first_p_disp{}\r\n\t.ads_bottom_disp{}\r\n\t<\/style>\n<h2 class=\"wp-block-heading\"><strong>Stadt erm\u00f6glicht kostenfreie Freisitzerweiterung<\/strong><\/h2>\n\n\n\n<div class=\"wp-block-image\"><figure class=\"aligncenter\"><img decoding=\"async\" loading=\"lazy\" width=\"500\" height=\"628\" src=\"https:\/\/speyer24news.com\/wp-content\/uploads\/2020\/06\/200612_OBin-Stefanie-Seiler-und-Thor-Theile.jpg\" alt=\"\" class=\"wp-image-27933\" srcset=\"https:\/\/speyer24news.com\/wp-content\/uploads\/2020\/06\/200612_OBin-Stefanie-Seiler-und-Thor-Theile.jpg 500w, https:\/\/speyer24news.com\/wp-content\/uploads\/2020\/06\/200612_OBin-Stefanie-Seiler-und-Thor-Theile-239x300.jpg 239w\" sizes=\"(max-width: 500px) 100vw, 500px\" \/><figcaption>v.r.: OBin Stefanie Seiler und Thor Theile<\/figcaption><\/figure><\/div>\n\n\n\n<p>Um die Gastronomie zu unterst\u00fctzen und die Auswirkungen der notwendigen Kontaktbeschr\u00e4nkungen abzumildern, hat die Stadt Speyer zus\u00e4tzlich  zur Befreiung der Freisitzgeb\u00fchren eine kostenfreien Erweiterung der bestehenden Freisitzfl\u00e4chen erm\u00f6glicht. Die Erweiterung erfolgte nach schriftlicher Anmeldung bei der Stadt und unter Einbeziehung der Feuerwehr sowie bei Einverst\u00e4ndnis des unmittelbar betroffenen Anliegers\/Anliegerin. Die Erweiterung der Freisitze ist <strong>bis 31. Juli 2020<\/strong> vorgesehen.<\/p>\n\n\n\n<p>\u201eUnsere Stadt lebt von einer vielf\u00e4ltigen Gastronomie und es sind gerade die Freisitze, die den besonderen Charme ausmachen. Soweit\n dies vor Ort m\u00f6glich war, haben wir daher allen bestehenden Freisitzen eine Erweiterung erm\u00f6glicht\u201c, erkl\u00e4rt Oberb\u00fcrgermeisterin Stefanie Seiler, die sich bei der Caf\u00e9-Konditorei Schlosser zusammen mit Inhaber Thor Theile am Freitagnachmittag selbst einen\n Eindruck vor Ort verschaffte. Die Erweiterung bis Ende Juli ist kostenfrei und erg\u00e4nzt die bereits vor einigen Wochen beschlossene Ma\u00dfnahme zur Unterst\u00fctzung der Gastronomiebetriebe, als die Stadt die Freisitzgeb\u00fchren von April bis einschlie\u00dflich Juli erlassen\n hat. &nbsp;<\/p>\n\n\n\n<p>Die Betriebe profitieren auch von einer \u00c4nderung der Hygieneregeln f\u00fcr Gastronomie und Hotelerie, die das Land Rheinland-Pfalz, der  Deutsche Hotel- und Gastst\u00e4ttenverband Rheinland-Pfalz sowie die Industrie- und Handelskammern gemeinsam vereinbart haben und wonach seit dem 10. Juni 2020 neben der Reservierungspflicht unter anderem auch die zentrale Zugangssteuerung und die Kennzeichnung  des Au\u00dfenbereichs wegf\u00e4llt. Die aktuell g\u00fcltigen Hygiene-und Schutzma\u00dfnahmen f\u00fcr Gastronomie und Beherbergungsbetriebe sind dieser Medien-Info beigef\u00fcgt.<\/p>\n\n\n\n<h4 class=\"wp-block-heading\">Lesen sie hier das Hygienekonzept f\u00fcr die Gastronomie und Beherbungsbetriebe in Coronazeiten, als pdf:<\/h4>\n\n\n\n<div class=\"wp-block-file\"><a href=\"https:\/\/speyer24news.com\/wp-content\/uploads\/2020\/06\/Hygienekonzept-Gastronomie-Beherbergung-ab-10-06-2020.pdf\">Hygienekonzept-Gastronomie-Beherbergung-ab-10-06-2020<\/a><a href=\"https:\/\/speyer24news.com\/wp-content\/uploads\/2020\/06\/Hygienekonzept-Gastronomie-Beherbergung-ab-10-06-2020.pdf\" class=\"wp-block-file__button\" download>Herunterladen<\/a><\/div>\n\n\n\n<p><em>Stadtverwaltung Speyer<br>14.06.2020<\/em><\/p>\n","protected":false},"excerpt":{"rendered":"<div class=\"mh-excerpt\"><p>Stadt erm\u00f6glicht kostenfreie Freisitzerweiterung Um die Gastronomie zu unterst\u00fctzen und die Auswirkungen der notwendigen Kontaktbeschr\u00e4nkungen abzumildern, hat die Stadt Speyer zus\u00e4tzlich zur Befreiung der Freisitzgeb\u00fchren eine kostenfreien Erweiterung der bestehenden Freisitzfl\u00e4chen erm\u00f6glicht. Die Erweiterung erfolgte <a class=\"mh-excerpt-more\" href=\"https:\/\/speyer24news.com\/?p=27931\" title=\"Speyer\">[&#8230;]<\/a><\/p>\n<\/div>","protected":false},"author":3,"featured_media":23902,"comment_status":"open","ping_status":"open","sticky":false,"template":"","format":"standard","meta":{"_monsterinsights_skip_tracking":false,"_monsterinsights_sitenote_active":false,"_monsterinsights_sitenote_note":"","_monsterinsights_sitenote_category":0,"footnotes":""},"categories":[9],"tags":[6358,6342,7387,6891,7388,6],"aioseo_notices":[],"amp_enabled":true,"_links":{"self":[{"href":"https:\/\/speyer24news.com\/index.php?rest_route=\/wp\/v2\/posts\/27931"}],"collection":[{"href":"https:\/\/speyer24news.com\/index.php?rest_route=\/wp\/v2\/posts"}],"about":[{"href":"https:\/\/speyer24news.com\/index.php?rest_route=\/wp\/v2\/types\/post"}],"author":[{"embeddable":true,"href":"https:\/\/speyer24news.com\/index.php?rest_route=\/wp\/v2\/users\/3"}],"replies":[{"embeddable":true,"href":"https:\/\/speyer24news.com\/index.php?rest_route=%2Fwp%2Fv2%2Fcomments&post=27931"}],"version-history":[{"count":1,"href":"https:\/\/speyer24news.com\/index.php?rest_route=\/wp\/v2\/posts\/27931\/revisions"}],"predecessor-version":[{"id":27934,"href":"https:\/\/speyer24news.com\/index.php?rest_route=\/wp\/v2\/posts\/27931\/revisions\/27934"}],"wp:featuredmedia":[{"embeddable":true,"href":"https:\/\/speyer24news.com\/index.php?rest_route=\/wp\/v2\/media\/23902"}],"wp:attachment":[{"href":"https:\/\/speyer24news.com\/index.php?rest_route=%2Fwp%2Fv2%2Fmedia&parent=27931"}],"wp:term":[{"taxonomy":"category","embeddable":true,"href":"https:\/\/speyer24news.com\/index.php?rest_route=%2Fwp%2Fv2%2Fcategories&post=27931"},{"taxonomy":"post_tag","embeddable":true,"href":"https:\/\/speyer24news.com\/index.php?rest_route=%2Fwp%2Fv2%2Ftags&post=27931"}],"curies":[{"name":"wp","href":"https:\/\/api.w.org\/{rel}","templated":true}]}}