{"id":27959,"date":"2020-06-15T08:05:20","date_gmt":"2020-06-15T07:05:20","guid":{"rendered":"https:\/\/speyer24news.com\/?p=27959"},"modified":"2020-06-15T08:05:20","modified_gmt":"2020-06-15T07:05:20","slug":"germersheim-landkreis-ger-12","status":"publish","type":"post","link":"https:\/\/speyer24news.com\/?p=27959","title":{"rendered":"Germersheim &#038; Landkreis GER"},"content":{"rendered":"<style type=\"text\/css\">\r\n\t.ads_top_disp{}\r\n\t.ads_top_corner_disp{ float:left; margin:0px 10px 10px 0px; }\r\n\t.ads_first_p_disp{}\r\n\t.ads_bottom_disp{}\r\n\t<\/style>\n<h1 class=\"wp-block-heading\" style=\"text-align:center\">Coronafallzahlen<\/h1>\n\n\n\n<figure class=\"wp-block-image\"><img decoding=\"async\" loading=\"lazy\" width=\"800\" height=\"400\" src=\"https:\/\/speyer24news.com\/wp-content\/uploads\/2020\/02\/virus-1812092_1920.jpg\" alt=\"\" class=\"wp-image-25128\" srcset=\"https:\/\/speyer24news.com\/wp-content\/uploads\/2020\/02\/virus-1812092_1920.jpg 800w, https:\/\/speyer24news.com\/wp-content\/uploads\/2020\/02\/virus-1812092_1920-300x150.jpg 300w, https:\/\/speyer24news.com\/wp-content\/uploads\/2020\/02\/virus-1812092_1920-768x384.jpg 768w\" sizes=\"(max-width: 800px) 100vw, 800px\" \/><\/figure>\n\n\n\n<h2 class=\"wp-block-heading\">Freitag, 12.06.2020<\/h2>\n\n\n\n<p><strong>Aktuell\nkein best\u00e4tigter positiver Fall im Landkreis Germersheim (12. Juni 2020, Stand&nbsp;12.30Uhr)<\/strong><\/p>\n\n\n\n<p>Die \u00dcbersicht aus dem Landkreis Germersheim:<\/p>\n\n\n\n<ul><li>Derzeit positiv getestete Personen: 0<\/li><li>Gesundete Personen: 143<\/li><li>Bislang leider verstorbene Personen: 5<ul><li>Gesamtzahl\npositiv getestete Personen (seit Ausbruch): 148<\/li><\/ul><\/li><\/ul>\n\n\n\n<h2 class=\"wp-block-heading\">Mittwoch, 10.06.2020<\/h2>\n\n\n\n<p><strong>Aktuell\nkein best\u00e4tigter positiver Fall im Landkreis Germersheim (10. Juni 2020, Stand&nbsp;12.30\nUhr)<\/strong><\/p>\n\n\n\n<p>Die \u00dcbersicht aus dem Landkreis Germersheim:<\/p>\n\n\n\n<ul><li>Derzeit positiv getestete Personen: 0<\/li><li>Gesundete Personen: 143<\/li><li>Bislang leider verstorbene Personen: 5<ul><li>Gesamtzahl\npositiv getestete Personen (seit Ausbruch): 148<\/li><\/ul><\/li><\/ul>\n\n\n\n<h2 class=\"wp-block-heading\">Dienstag, 09.06.2020<\/h2>\n\n\n\n<p><strong>Aktuell kein best\u00e4tigter positiver Fall im Landkreis Germersheim (9. Juni 2020, Stand&nbsp;13 Uhr)<\/strong><\/p>\n\n\n\n<p>Die \u00dcbersicht aus dem Landkreis Germersheim:<\/p>\n\n\n\n<ul><li>Derzeit positiv getestete Personen: 0<\/li><li>Gesundete Personen: 143<\/li><li>Bislang leider verstorbene Personen: 5<ul><li>Gesamtzahl positiv getestete Personen (seit Ausbruch): 148<\/li><\/ul><\/li><\/ul>\n\n\n\n<p><em>Kreisverwaltung Germersheim<br>15.06.2020<\/em><\/p>\n\n\n\n<h2 class=\"wp-block-heading\"><strong>Neue \u00d6ffnungszeiten der Corona-Ambulanz\nab 15. Juni 2020<\/strong><\/h2>\n\n\n\n<p>Die Corona-Ambulanz im B\u00fcrgerhaus Jockgrim, Untere Buchstra\u00dfe, hat <strong>ab Montag, 15. Juni 2020<\/strong>, ge\u00e4nderte \u00d6ffnungszeiten. Sie hat ab dann montags, dienstags und donnerstags jeweils von 14 bis 18 Uhr ge\u00f6ffnet.<\/p>\n\n\n\n<h4 class=\"wp-block-heading\"><strong>Hinweis\nf\u00fcr Patientinnen und Patienten<\/strong><\/h4>\n\n\n\n<p>Um in der Corona-Ambulanz untersucht\nund gegebenenfalls abgestrichen zu werden, ben\u00f6tigen Patientinnen und Patienten\nkeine \u00dcberweisung, keinen Termin und m\u00fcssen vorab auch nicht anrufen. Es gen\u00fcgt\ndie Vorlage des Personalausweises und der Krankenkassenkarte.<\/p>\n\n\n\n<p><em>Kreisverwaltung Germersheim<\/em><br><em>15.06.2020<\/em><\/p>\n\n\n\n<h2 class=\"wp-block-heading\"><strong>Land stellt Regelunterricht f\u00fcrs neue Schuljahr in Aussicht<\/strong><\/h2>\n\n\n\n<h3 class=\"wp-block-heading\"><strong>Landrat und Stellvertreter begr\u00fc\u00dfen die Pl\u00e4ne<\/strong><\/h3>\n\n\n\n<div class=\"wp-block-image\"><figure class=\"aligncenter\"><img decoding=\"async\" loading=\"lazy\" width=\"800\" height=\"600\" src=\"https:\/\/speyer24news.com\/wp-content\/uploads\/2020\/05\/steinbach-56642_1920.jpg\" alt=\"\" class=\"wp-image-27471\" srcset=\"https:\/\/speyer24news.com\/wp-content\/uploads\/2020\/05\/steinbach-56642_1920.jpg 800w, https:\/\/speyer24news.com\/wp-content\/uploads\/2020\/05\/steinbach-56642_1920-300x225.jpg 300w, https:\/\/speyer24news.com\/wp-content\/uploads\/2020\/05\/steinbach-56642_1920-768x576.jpg 768w, https:\/\/speyer24news.com\/wp-content\/uploads\/2020\/05\/steinbach-56642_1920-678x509.jpg 678w, https:\/\/speyer24news.com\/wp-content\/uploads\/2020\/05\/steinbach-56642_1920-326x245.jpg 326w, https:\/\/speyer24news.com\/wp-content\/uploads\/2020\/05\/steinbach-56642_1920-80x60.jpg 80w\" sizes=\"(max-width: 800px) 100vw, 800px\" \/><\/figure><\/div>\n\n\n\n<p>Das Land\nplant, den Regelbetrieb in den Schulen nach den Sommerferien wieder aufzunehmen\nund Kindern und Jugendlichen wieder einen weitestgehend normalen Schulalltag zu\nerm\u00f6glichen. Voraussetzung ist, dass das Infektionsgeschehen insgesamt auf dem derzeitigen\nNiveau bleibt. Diese Aussage von Bildungsministerin Stefanie Hubig heute in\neiner Telefonkonferenz begr\u00fc\u00dfen Landrat Dr. Fritz Brechtel und der Erste\nKreisbeigeordnete Christoph Buttweiler. Sie zeigen sich erleichtert, dass den\nSch\u00fclerinnen und Sch\u00fclern wieder ein geregelter Schulbetrieb in ihren\nKlassenr\u00e4umen und Klassenverb\u00e4nden erm\u00f6glicht werden soll. Auch Sportunterricht\nsoll dann wieder stattfinden. Selbstverst\u00e4ndlich alles unter Einhaltung von\nspeziellen Hygienepl\u00e4nen.<\/p>\n\n\n\n<p>\u201eMit einem\nUnterricht im regul\u00e4ren Klassenverband erledigen sich dann auch vom Land zun\u00e4chst\nangedachte Unterfang, wie das Bereitstellen von zus\u00e4tzlichen Klassenr\u00e4ume durch\ndie Schultr\u00e4ger. W\u00fcrden die Klassen weiterhin in unterschiedlichen Gruppen\nparallel beschult, m\u00fcsste kurzfristig enormer Raum geschaffen werden\u201c, so\nBrechtel und Buttweiler. In einem vorherigen Schreiben an die Schulleiterinnen\nund Schulleiter hatte das Land darauf abgehoben. \u201eWoher allerdings entsprechende\nR\u00e4ume auf die Schnelle fl\u00e4chendeckend h\u00e4tten organisiert werden sollen, blieb\nunklar\u201c, berichtet Buttweiler.<\/p>\n\n\n\n<p>Damit nach\nden Ferien wieder ein St\u00fcck Normalit\u00e4t einkehren kann, appellieren Landrat\nBrechtel und sein Stellvertreter, Buttweiler, an alle, weiterhin die AHA-Regeln\nm\u00f6glichst konsequent einzuhalten: \u201eBitte halten Sie Abstand, bitte halten Sie\nsich an die Hygieneregeln und sch\u00fctzen Sie sich und andere durch das Tragen\neiner Mund-Nasen-Bedeckung. Denn nur wenn das Infektionsgeschehen m\u00f6glichst\ngering bleibt, k\u00f6nnen Pl\u00e4ne wie die Wiederaufnahme des regul\u00e4ren Schulbetriebs\n\u00fcberhaupt realisiert werden. Wir danken allen, die mithelfen, das Virus in\nSchach zu halten.\u201c<\/p>\n\n\n\n<p><em>Kreisverwaltung Germersheim<\/em><br><em>15.06.2020<\/em><\/p>\n\n\n\n<h2 class=\"wp-block-heading\"><strong>Mobile<\/strong><strong>\n<\/strong><strong>Retter starten nach\nCorona-Zwangspause wieder ihren Dienst<\/strong><strong> <\/strong><\/h2>\n\n\n\n<p>Nachdem das System der Mobilen Retter w\u00e4hrend der Corona-Pandemie s\u00fcdpfalzweit eingestellt wurde, um die Retter vor einer Ansteckung mit dem neuartigen Corona-Virus zu sch\u00fctzen, wird der Betrieb jetzt wieder zum 19. Juni mit klaren Hygieneregeln aufgenommen.<\/p>\n\n\n\n<p>\u201eWir statten jeden Mobilen Retter zus\u00e4tzlich mit Schutzmasken FFP 2\/KN 95 aus, um eine Ansteckungsgefahr zu minimieren. Weiterhin verzichten unsere Mobilen Retter w\u00e4hrend der Pandemie auf eine eventuell erforderliche Beatmung und f\u00fchren bei einem Herz-Kreislauf-Stillstand lediglich die Herzdruckmassage durch&#8220;, erl\u00e4utern Markus Gerstle, Projektleiter im Landkreis S\u00fcdliche Weinstra\u00dfe und der Stadt Landau, sowie Dr. Matthias W\u00f6lfel, Projektleiter im Landkreis Germersheim. Das Entscheidende ist die z\u00fcgige Herzdruckmassage. \u201eIn den ersten zehn Minuten nach einem Herzkreislaufstillstand befindet in der Lunge des Patienten meistens noch ausreichend Sauerstoff, der dann durch die Herzdruckmassage mit dem Blut zu Herz und Gehirn transportiert wird&#8220;, erkl\u00e4rt Johannes Becker, der das Projekt als \u00e4rztlicher Fachberater unterst\u00fctzt.<\/p>\n\n\n\n<p>Die Landr\u00e4te Dietmar Seefeldt, Dr. Fritz Brechtel und Oberb\u00fcrgermeister Thomas Hirsch begr\u00fc\u00dfen die Wiederaufnahme des Betriebs: \u201eDie Mobilen Retter sind eine sehr gute Erg\u00e4nzung zum Rettungsdienst. Mehrere Menschen konnten durch ihren Einsatz gerettet werden. Umso mehr freuen wir uns, dass es die derzeitige Situation erlaubt, im Rahmen der Lockerungen auch wieder den Betrieb der Mobilen Retter aufzunehmen.\u201c Gleichzeitig bitten die drei Verwaltungschefs eindringlich darum, dass jeder Mobiler Retter f\u00fcr sich selber abw\u00e4gt, ob das Risiko eines Einsatzes f\u00fcr ihn selber vertreterbar ist. \u201eWir haben alle gr\u00f6\u00dftes Verst\u00e4ndnis daf\u00fcr, wenn jemand aus Schutz und Vorsicht nicht in den Einsatz gehen kann\u201c, so Hirsch, Brechtel und Seefeldt.<\/p>\n\n\n\n<p>Die sogenannten \u201eMobilen Retter\u201c sind medizinisch qualifizierte Ersthelfer, die bis zum Eintreffen des Rettungsdienstes die unmittelbare medizinische Versorgung eines Betroffenen oder qualifizierte Wiederbelebungsma\u00dfnahmen einleiten. Sie werden \u00fcber ein innovatives, App-gest\u00fctztes Alarmierungssystem \u00fcber ihr Smartphone aufgesp\u00fcrt und alarmiert. Der Regel-Rettungsdienst und die First Responder Einheiten werden in unver\u00e4nderter Weise alarmiert. <\/p>\n\n\n\n<p>Die\nMobilen Retter kommen nicht in Einsatzfahrzeugen oder erscheinen in\nDienstkleidung \u2013 sie kommen als \u201eExperte\u201c aus der Nachbarschaft oder n\u00e4heren\nUmgebung.<\/p>\n\n\n\n<h4 class=\"wp-block-heading\"><strong>Hintergrund<\/strong><\/h4>\n\n\n\n<p>Beim pl\u00f6tzlichen Herz-Kreislauf-Stillstand oder bei Bewusstlosigkeit ist eine schnelle, professionelle, medizinische Hilfe oft lebensentscheidend f\u00fcr den in Not geratenen Menschen. Trotz eines gut strukturierten Rettungsdienstes vergehen nach Eingang des Notrufes bei den Leitstellen bis zu acht Minuten bis zum Eintreffen der ersten Rettungskr\u00e4fte. Minuten, die \u00fcber das \u00dcberleben oder dauerhafte Sch\u00e4digungen des Gehirns entscheiden k\u00f6nnen. Diese \u201etherapiefreie\u201c Zeit wird durch die Mobilen Retter \u00fcberbr\u00fcckt.<\/p>\n\n\n\n<p><em>Gemeinsame Pressemitteilung der Landkreise Germersheim und S\u00fcdliche Weinstra\u00dfe und der Stadt Landau in der Pfalz<br>15.06.2020<\/em><\/p>\n\n\n\n<h2 class=\"wp-block-heading\"><strong>Eingliederungshilfen erhalten auch ohne Leistung r\u00fcckwirkend Entgelte ausgezahlt<\/strong><\/h2>\n\n\n\n<h3 class=\"wp-block-heading\"><strong>Sicherstellung des Hilfeangebots<\/strong><\/h3>\n\n\n\n<p>Eine gute\nNachricht f\u00fcr Anbieter im Rahmen der Eingliederungshilfe: \u201eAufgrund des Lockdowns\nim Zuge der Corona-Pandemie konnten diese Leistungserbringer nicht die\neigentlich zu erwartenden Hilfen leisten. Dennoch sollen sie bis zun\u00e4chst\neinschlie\u00dflich Mai keine Verluste haben und erhalten die Entgelte, die zu\nerwarten waren, in vollem Umfang.\u201c Das teilte der f\u00fcr Soziales zust\u00e4ndige Erste\nKreisbeigeordnete, Christoph Buttweiler, im Rahmen der Kreisausschusssitzung am\nvergangenen Montag, 8. Mai, mit. Damit schlie\u00dft sich der Kreis dem Beschluss\nder Landr\u00e4tekonferenz und dem St\u00e4dtetag an. Einer vollst\u00e4ndigen Fortzahlung\nwerden dabei u.a. Zuwendungen Dritter wie beispielsweise Kurzarbeitergeld\ngegengerechnet, ebenso mit dem Kreis abzurechnende und weiterhin erbrachte\nHilfen. Sofern eine synchrone Regelung gefunden wird, soll auch f\u00fcr Juni eine\nFortzahlung erfolgen.<\/p>\n\n\n\n<p>Dieses\nVorgehen wurde mit dem Landkreis S\u00fcdliche Weinstra\u00dfe und Landau abgestimmt.\n\u201eWir brauchen auch in Zukunft die wertvolle Arbeit dieser Leistungsanbieter. Diese\nsind zum Beispiel F\u00f6rderkinderg\u00e4rten, Integrative Kitas und auch Dienstleister\nim h\u00e4uslichen Umfeld. Dem Landkreis, den Betroffenen und der Gesellschaft w\u00e4re\nnicht geholfen, wenn wir nicht daf\u00fcr sorgen w\u00fcrden, dass auch in Zukunft\nfachlich fundierte Eingliederungshilfen zur Verf\u00fcgung gestellt werden k\u00f6nnen\u201c,\nf\u00fchrte Buttweiler aus.<\/p>\n\n\n\n<p><em>Kreisverwaltung Germersheim<br>15.06.2020<\/em><\/p>\n\n\n\n<h2 class=\"wp-block-heading\"><strong>N\u00e4chster Schritt beim\nIntegrierten Klimaschutzkonzept des Landkreises Germersheim<\/strong><\/h2>\n\n\n\n<h3 class=\"wp-block-heading\"><strong>Landrat Brechtel: F\u00f6rdermittel f\u00fcr die Umsetzung beantragen<\/strong><\/h3>\n\n\n\n<div class=\"wp-block-image\"><figure class=\"aligncenter\"><img decoding=\"async\" loading=\"lazy\" width=\"640\" height=\"523\" src=\"https:\/\/speyer24news.com\/wp-content\/uploads\/2020\/01\/Fritz-Brechtel.jpg\" alt=\"\" class=\"wp-image-24652\" srcset=\"https:\/\/speyer24news.com\/wp-content\/uploads\/2020\/01\/Fritz-Brechtel.jpg 640w, https:\/\/speyer24news.com\/wp-content\/uploads\/2020\/01\/Fritz-Brechtel-300x245.jpg 300w\" sizes=\"(max-width: 640px) 100vw, 640px\" \/><\/figure><\/div>\n\n\n\n<p>Der\nLandkreis Germersheim hat das Thema Klimaschutz als eine der wichtigsten\nAufgaben der n\u00e4chsten Jahre erkannt und m\u00f6chte mit dem Integrierten\nKlimaschutzkonzept (IKK) sein Engagement im eigenen Zust\u00e4ndigkeitsbereich\nintensivieren. \u201eDas Integrierte Klimaschutzkonzept soll als Grundlage f\u00fcr die\nzielgerichtete Umsetzung von Klimaschutzma\u00dfnahmen dienen. Im Rahmen der\nNationalen Klimaschutzinitiative des Bundes erh\u00e4lt der Kreis eine F\u00f6rderung f\u00fcr\ndie Erstellung des Integrierten Klimaschutzkonzepts in H\u00f6he von 90 Prozent\u201c,\nberichtet Landrat Dr. Fritz Brechtel im Kreisausschuss am Montag, 8. Juni 2020.<\/p>\n\n\n\n<p>Um\ndie Umsetzung des Integrierten Klimaschutzkonzepts zu unterst\u00fctzen und ein\nKlimaschutz-Controlling zur Erfolgskontrolle zu etablieren, soll eine mit\nbundesmitteln gef\u00f6rderte Stelle f\u00fcr Klimaschutzmanagement eingerichtet werden.\nDie erh\u00f6hte F\u00f6rderung gem\u00e4\u00df der Kommunalrichtlinie bel\u00e4uft sich auf 90 Prozent\nder zuwendungsf\u00e4higen Ausgaben und wird f\u00fcr einen Zeitraum von drei Jahren\ngew\u00e4hrt. Im Rahmen der Zuwendung werden neben den Personalkosten auch\nSachausgaben sowie Aufwendungen f\u00fcr \u00d6ffentlichkeitsarbeit gef\u00f6rdert.<\/p>\n\n\n\n<p>Ein\nKlimaschutzteilkonzept, f\u00fcr die kreiseigenen Liegenschaften, wurde bereits\numgesetzt. Die daf\u00fcr befristete Stelle der Klimaschutzmanagerin endet in diesem\nJahr. Deshalb muss f\u00fcr die Umsetzung des Integrierten Klimaschutzkonzeptes ein\nneuer Antrag f\u00fcr die Stelle der Klimaschutzmanagerin\/des Klimaschutzmanagers\nbeim Projekttr\u00e4ger J\u00fclich gestellt werden. In seiner Sitzung gestern hat der\nKreisausschuss zugestimmt, dass die Verwaltung den Zuwendungsantrag f\u00fcr die Einrichtung\nder neuen Stelle f\u00fcr 36 Monate und die entsprechenden F\u00f6rdermittel beim\nzust\u00e4ndigen Projekttr\u00e4ger J\u00fclich stellen kann.<\/p>\n\n\n\n<p>Ziel\ndes Integrierten Klimaschutzkonzepts ist es eine Strategie aufzuzeigen, um in\nden kommenden Jahren vorhandene Einzelaktivit\u00e4ten und Potenziale zu b\u00fcndeln und\nnachhaltige Projektans\u00e4tze in Zusammenarbeit mit lokalen Akteuren, insbesondere\naus den Sektoren Privathaushalte, Wirtschaft, Landwirtschaft und Schulen zu\nkonzipieren sowie Multiplikatoren- und Synergieeffekte zu nutzen.<\/p>\n\n\n\n<p>Bereits\nim Juni 2019 wurde das B\u00fcro energielenker Beratungs GmbH mit der Erstellung des\nIntegrierten Klimaschutzkonzepts beauftragt. Die inhaltlichen Schwerpunkte des Integrierten\nKlimaschutzkonzepts werden im Bereich Energieeffizienz, besonders in Unternehmen\nund privaten Haushalten, in der Verst\u00e4rkung des Einsatzes Erneuerbarer Energien,\nim Bereich Planen-Bauen-Sanieren, im Mobilit\u00e4tssektor, in der Klimawandelanpassung\nund in der Umweltbildung sowie der \u00d6ffentlichkeitsarbeit liegen.<\/p>\n\n\n\n<p>\u201eEffektiver\nKlimaschutz funktioniert nur, wenn sich m\u00f6glichst viele Menschen aktiv daf\u00fcr einsetzen.\nDazu braucht es nicht nur eine breite Akzeptanz und eine Identifikation mit den\nZielen, sondern Klimaschutz muss f\u00fcr jeden einzelnen nachvollziehbar und greifbar\nsein. Aus diesem Grund werden bei der Erstellung des Integrierten\nKlimaschutzkonzepts alle Bausteine in intensiver Zusammenarbeit mit den relevanten\nAkteuren der Region &#8211; mit B\u00fcrgern, Wirtschaft, Energieversorger, Verwaltung,\nPolitik, etc. \u2013 erarbeitet\u201c, so die f\u00fcr den Klimaschutz zust\u00e4ndige\nKreisbeigeordnete Jutta Wegmann.<\/p>\n\n\n\n<p>Dazu\ngab es eine \u00f6ffentliche Auftaktveranstaltung im November 2019. Weitere\n\u00f6ffentliche Workshops zu den Themenfeldern \u201eSchulen und Bildung\u201c, \u201eErneuerbare\nEnergien\u201c und \u201eLandwirtschaft\u201c folgten, ebenso interne Workshops der\nArbeitsgruppe \u201eVerwaltung\u201c. Die Ideen und Ergebnisse aus den Workshops werden\nin einzelnen Ma\u00dfnahmensteckbriefen ausgearbeitet und in einem Ma\u00dfnahmenkatalog den\nsechs Handlungsfeldern \u201eVerwaltung\u201c, \u201e\u00d6ffentlichkeitsarbeit\u201c, \u201eBildung und\nKlimaschutz\u201c, \u201eMobilit\u00e4t\u201c, \u201eEnergieversorgung\/-verbrauch\u201c und \u201eLandwirtschaft\u201c\nzugeordnet. Nach den Sommerferien soll das Integrierte Klimaschutzkonzept in\nden Gremiensitzungen beraten und beschlossen werden. <\/p>\n\n\n\n<p><em>Kreisverwaltung Germersheim<\/em><br><em>15.06.2020<\/em><\/p>\n","protected":false},"excerpt":{"rendered":"<div class=\"mh-excerpt\"><p>Coronafallzahlen Freitag, 12.06.2020 Aktuell kein best\u00e4tigter positiver Fall im Landkreis Germersheim (12. Juni 2020, Stand&nbsp;12.30Uhr) Die \u00dcbersicht aus dem Landkreis Germersheim: Derzeit positiv getestete Personen: 0 Gesundete Personen: 143 Bislang leider verstorbene Personen: 5 Gesamtzahl <a class=\"mh-excerpt-more\" href=\"https:\/\/speyer24news.com\/?p=27959\" title=\"Germersheim &#038; Landkreis GER\">[&#8230;]<\/a><\/p>\n<\/div>","protected":false},"author":3,"featured_media":0,"comment_status":"open","ping_status":"open","sticky":false,"template":"","format":"standard","meta":{"_monsterinsights_skip_tracking":false,"_monsterinsights_sitenote_active":false,"_monsterinsights_sitenote_note":"","_monsterinsights_sitenote_category":0,"footnotes":""},"categories":[449],"tags":[6554,6902,6399,6323,6903,7397,210,4554,7398,5569,1837,7396,7394,7395],"aioseo_notices":[],"amp_enabled":true,"_links":{"self":[{"href":"https:\/\/speyer24news.com\/index.php?rest_route=\/wp\/v2\/posts\/27959"}],"collection":[{"href":"https:\/\/speyer24news.com\/index.php?rest_route=\/wp\/v2\/posts"}],"about":[{"href":"https:\/\/speyer24news.com\/index.php?rest_route=\/wp\/v2\/types\/post"}],"author":[{"embeddable":true,"href":"https:\/\/speyer24news.com\/index.php?rest_route=\/wp\/v2\/users\/3"}],"replies":[{"embeddable":true,"href":"https:\/\/speyer24news.com\/index.php?rest_route=%2Fwp%2Fv2%2Fcomments&post=27959"}],"version-history":[{"count":1,"href":"https:\/\/speyer24news.com\/index.php?rest_route=\/wp\/v2\/posts\/27959\/revisions"}],"predecessor-version":[{"id":27960,"href":"https:\/\/speyer24news.com\/index.php?rest_route=\/wp\/v2\/posts\/27959\/revisions\/27960"}],"wp:attachment":[{"href":"https:\/\/speyer24news.com\/index.php?rest_route=%2Fwp%2Fv2%2Fmedia&parent=27959"}],"wp:term":[{"taxonomy":"category","embeddable":true,"href":"https:\/\/speyer24news.com\/index.php?rest_route=%2Fwp%2Fv2%2Fcategories&post=27959"},{"taxonomy":"post_tag","embeddable":true,"href":"https:\/\/speyer24news.com\/index.php?rest_route=%2Fwp%2Fv2%2Ftags&post=27959"}],"curies":[{"name":"wp","href":"https:\/\/api.w.org\/{rel}","templated":true}]}}