{"id":27988,"date":"2020-06-15T10:53:54","date_gmt":"2020-06-15T09:53:54","guid":{"rendered":"https:\/\/speyer24news.com\/?p=27988"},"modified":"2020-06-15T10:56:33","modified_gmt":"2020-06-15T09:56:33","slug":"kirche-bistum-speyer-2","status":"publish","type":"post","link":"https:\/\/speyer24news.com\/?p=27988","title":{"rendered":"Kirche \/ Bistum Speyer"},"content":{"rendered":"<style type=\"text\/css\">\r\n\t.ads_top_disp{}\r\n\t.ads_top_corner_disp{ float:left; margin:0px 10px 10px 0px; }\r\n\t.ads_first_p_disp{}\r\n\t.ads_bottom_disp{}\r\n\t<\/style>\n<div class=\"wp-block-image\"><figure class=\"aligncenter\"><img decoding=\"async\" src=\"https:\/\/speyer24news.com\/wp-content\/uploads\/2020\/03\/Bistum-Speyer.png\" alt=\"\" class=\"wp-image-26099\"\/><\/figure><\/div>\n\n\n\n<h2 class=\"wp-block-heading\"><strong>\u201eJesus ist das lebendige Brot zum Segen f\u00fcr die Welt\u201c<\/strong><\/h2>\n\n\n\n<h3 class=\"wp-block-heading\"><strong>Bischof Wiesemann feierte mit Dompfarrei und Domkapitel gemeinsamen Fronleichnamsgottesdienst im Speyerer Dom \u2013 Segen am Altar vor dem Dom f\u00fcr die Stadt<\/strong><\/h3>\n\n\n\n<div class=\"wp-block-image\"><figure class=\"aligncenter\"><img decoding=\"async\" loading=\"lazy\" width=\"800\" height=\"549\" src=\"https:\/\/speyer24news.com\/wp-content\/uploads\/2020\/06\/Segen-f\u00fcr-die-Stadt.jpg\" alt=\"\" class=\"wp-image-27992\" srcset=\"https:\/\/speyer24news.com\/wp-content\/uploads\/2020\/06\/Segen-f\u00fcr-die-Stadt.jpg 800w, https:\/\/speyer24news.com\/wp-content\/uploads\/2020\/06\/Segen-f\u00fcr-die-Stadt-300x206.jpg 300w, https:\/\/speyer24news.com\/wp-content\/uploads\/2020\/06\/Segen-f\u00fcr-die-Stadt-768x527.jpg 768w\" sizes=\"(max-width: 800px) 100vw, 800px\" \/><figcaption>Segen f\u00fcr die Stadt Speyer vor dem Dom<\/figcaption><\/figure><\/div>\n\n\n\n<p><strong>Speyer &#8211; <\/strong>\u201eWovon lebt der Mensch?\u201c Diese Frage stellte Bischof Dr. Karl-Heinz Wiesemann in den Mittelpunkt seiner Predigt beim Gottesdienst im Speyerer Dom zum Fronleichnamsfest. In den Krisenzeiten zeige sich, wovon ein Mensch lebt und was ihm die Kraft gibt, selbst schwere Durststrecken zu durchstehen.<\/p>\n\n\n\n<p>\u201eDer Mensch lebt nicht vom Brot allein, sondern von dem, was \u00fcber ihn und die Welt hinaus ist: vom Glauben, dem Vertrauen, der Hoffnung und der Liebe\u201c, so Bischof Wiesemann. Das sei die wahre Lebensnahrung, die den Horizont dieser Welt \u00fcbersteigt. In der Krise gehe es darum, diese Kraftquelle der Liebe neu zu entdecken. \u201eJesus selbst, der ganz aus dem Vertrauen in den Vater gelebt hat, ist das lebendige Brot, das vom Himmel herabgekommen ist zum Leben und zum Segen der Welt\u201c, betonte Wiesemann. In ihm b\u00fcndle sich alle Hoffnung dieser Welt.<\/p>\n\n\n\n<p>Durch die Corona-Pandemie musste die traditionelle Prozession in diesem Jahr ausfallen. \u201eWir k\u00f6nnen nicht durch die Stra\u00dfen gehen, aber wir k\u00f6nnen den Weg bedenken, den Christus uns durch die Zeit der Krise f\u00fchrt\u201c, so der Bischof. Die Prozession bestehe im Lebensweg von jedem Einzelnen. Die Corona-Krise mache neu bewusst, worauf es im Leben ankommt, \u201eauf die Liebe, die Aufmerksamkeit f\u00fcreinander und die Solidarit\u00e4t miteinander\u201c. Er rief dazu auf, diese Erfahrung auch \u00fcber die Krise hinaus im Bewusstsein zu halten und damit \u201eein lebendiges Zeichen f\u00fcr die Welt zu setzen, woraus es sich zu leben lohnt und das allen zum Segen werden kann.\u201c<\/p>\n\n\n\n<p>Anstelle der traditionellen Prozession kamen vor dem Gottesdienst jeweils drei Abgesandte von den f\u00fcnf katholischen Kirchen der Stadt in einer Sternwallfahrt mit Kreuz, Fahne und einem Korb mit&nbsp;Bl\u00fcten&nbsp;f\u00fcr&nbsp;einen angedeuteten Blumenteppich&nbsp;vor dem Dom zur Kathedrale. Am Ende segnete der Bischof an einem Altar vor dem Dom die Stadt. Die Abgesandten brachten die Eucharistie nach dem Gottesdienst in ihre Gemeinden.<\/p>\n\n\n\n<p>Musikalisch wurde der Fronleichnamsgottesdienst im Dom von einem Vokalensemble des Domchores gestaltet. Es erklangen Werke von Christopher Tambling, Edward Elgar und Anton Bruckner. An der Orgel spielte Domorganist Markus Eichenlaub. Der Gottesdienst wurde per Livestream in die Social-Media-Kan\u00e4le von Dom und Bistum \u00fcbertragen.<\/p>\n\n\n\n<p>Die Bezeichnung \u201eFronleichnam\u201c stammt aus dem Mittelhochdeutschen und bedeutet so viel wie &#8222;Herrenleib&#8220;. Der offizielle liturgische Name lautet &#8222;Hochfest des Leibes und Blutes Christi&#8220;. 1264 f\u00fchrte Papst Urban IV. das Fest aufgrund der Visionen von Juliana von L\u00fcttich f\u00fcr die gesamte katholische Kirche ein. Seitdem gedenken die Gl\u00e4ubigen allj\u00e4hrlich am zweiten Sonntag nach Pfingsten der Einsetzung des Altarsakraments. Besonders beliebt waren die seit 1273 stattfindenden Sakramentsprozessionen, bei denen eine gewandelte Hostie feierlich durch Stra\u00dfen und Felder getragen wurde. Besonders in der Diaspora oder in Zeiten religi\u00f6ser Unterdr\u00fcckung erlebten und erleben Katholiken diesen Tag als identit\u00e4tsstiftendes Fest ihres Glaubens.<\/p>\n\n\n\n<h4 class=\"wp-block-heading\"><strong>Video-Aufnahme des Gottesdienstes:<\/strong><\/h4>\n\n\n\n<figure class=\"wp-block-embed-youtube wp-block-embed is-type-video is-provider-youtube wp-embed-aspect-16-9 wp-has-aspect-ratio\"><div class=\"wp-block-embed__wrapper\">\n<iframe loading=\"lazy\" title=\"Pontifikalamt am Hochfest Fronleichnam im Dom zu Speyer\" width=\"500\" height=\"281\" src=\"https:\/\/www.youtube.com\/embed\/jHhksI-yk_Y?feature=oembed\" frameborder=\"0\" allow=\"accelerometer; autoplay; encrypted-media; gyroscope; picture-in-picture\" allowfullscreen><\/iframe>\n<\/div><\/figure>\n\n\n\n<p><em>Bistum Speyer<\/em><br><em>15.06.2020<\/em><\/p>\n\n\n\n<h2 class=\"wp-block-heading\"><strong>Heinrich Pesch Haus l\u00e4dt ein zum \u201eTagen im Park\u201c<\/strong><\/h2>\n\n\n\n<h3 class=\"wp-block-heading\"><strong>Park des Heinrich Pesch Hauses bietet viel Platz f\u00fcr Seminare und Veranstaltungen<\/strong><\/h3>\n\n\n\n<div class=\"wp-block-image\"><figure class=\"aligncenter\"><img decoding=\"async\" loading=\"lazy\" width=\"800\" height=\"600\" src=\"https:\/\/speyer24news.com\/wp-content\/uploads\/2020\/06\/DSC_0674_bear.jpg\" alt=\"\" class=\"wp-image-27989\" srcset=\"https:\/\/speyer24news.com\/wp-content\/uploads\/2020\/06\/DSC_0674_bear.jpg 800w, https:\/\/speyer24news.com\/wp-content\/uploads\/2020\/06\/DSC_0674_bear-300x225.jpg 300w, https:\/\/speyer24news.com\/wp-content\/uploads\/2020\/06\/DSC_0674_bear-768x576.jpg 768w, https:\/\/speyer24news.com\/wp-content\/uploads\/2020\/06\/DSC_0674_bear-678x509.jpg 678w, https:\/\/speyer24news.com\/wp-content\/uploads\/2020\/06\/DSC_0674_bear-326x245.jpg 326w, https:\/\/speyer24news.com\/wp-content\/uploads\/2020\/06\/DSC_0674_bear-80x60.jpg 80w\" sizes=\"(max-width: 800px) 100vw, 800px\" \/><\/figure><\/div>\n\n\n\n<p><strong>Ludwigshafen &#8211; <\/strong>Das Heinrich Pesch Haus in Ludwigshafen l\u00e4dt dazu ein, den Park um das Bildungshaus f\u00fcr Tagungen, Sitzungen oder Seminare zu nutzen.<\/p>\n\n\n\n<div class=\"wp-block-image\"><figure class=\"aligncenter\"><img decoding=\"async\" loading=\"lazy\" width=\"800\" height=\"600\" src=\"https:\/\/speyer24news.com\/wp-content\/uploads\/2020\/06\/DSC_0683.jpg\" alt=\"\" class=\"wp-image-27990\" srcset=\"https:\/\/speyer24news.com\/wp-content\/uploads\/2020\/06\/DSC_0683.jpg 800w, https:\/\/speyer24news.com\/wp-content\/uploads\/2020\/06\/DSC_0683-300x225.jpg 300w, https:\/\/speyer24news.com\/wp-content\/uploads\/2020\/06\/DSC_0683-768x576.jpg 768w, https:\/\/speyer24news.com\/wp-content\/uploads\/2020\/06\/DSC_0683-678x509.jpg 678w, https:\/\/speyer24news.com\/wp-content\/uploads\/2020\/06\/DSC_0683-326x245.jpg 326w, https:\/\/speyer24news.com\/wp-content\/uploads\/2020\/06\/DSC_0683-80x60.jpg 80w\" sizes=\"(max-width: 800px) 100vw, 800px\" \/><\/figure><\/div>\n\n\n\n<p>\u201eM\u00f6chten Sie Ihre Kollegen, Kunden, Vereinsfreunde oder Familienmitglieder endlich wieder einmal sehen? Unser wundersch\u00f6ner Park mit seinem herrlichen Baumbestand bietet viele Pl\u00e4tze f\u00fcr ungest\u00f6rte Begegnungen\u201c, erkl\u00e4rt Pater Tobias Zimmermann SJ, der Direktor des Heinrich Pesch Hauses. Schattige Pl\u00e4tze, viel Gr\u00fcn und frische Luft bieten den passenden Rahmen f\u00fcr ein &#8222;Green Meeting&#8220; im Park. F\u00fcr k\u00fchlere oder regnerische Tage hat das Heinrich Pesch Haus ein gro\u00dfes Zelt aufgebaut. Auch im Au\u00dfenbereich steht den G\u00e4sten und Besuchern das Seminarequipment des Hauses zur Verf\u00fcgung.<\/p>\n\n\n\n<div class=\"wp-block-image\"><figure class=\"aligncenter\"><img decoding=\"async\" loading=\"lazy\" width=\"800\" height=\"600\" src=\"https:\/\/speyer24news.com\/wp-content\/uploads\/2020\/06\/DSC_0686.jpg\" alt=\"\" class=\"wp-image-27991\" srcset=\"https:\/\/speyer24news.com\/wp-content\/uploads\/2020\/06\/DSC_0686.jpg 800w, https:\/\/speyer24news.com\/wp-content\/uploads\/2020\/06\/DSC_0686-300x225.jpg 300w, https:\/\/speyer24news.com\/wp-content\/uploads\/2020\/06\/DSC_0686-768x576.jpg 768w, https:\/\/speyer24news.com\/wp-content\/uploads\/2020\/06\/DSC_0686-678x509.jpg 678w, https:\/\/speyer24news.com\/wp-content\/uploads\/2020\/06\/DSC_0686-326x245.jpg 326w, https:\/\/speyer24news.com\/wp-content\/uploads\/2020\/06\/DSC_0686-80x60.jpg 80w\" sizes=\"(max-width: 800px) 100vw, 800px\" \/><\/figure><\/div>\n\n\n\n<p>Auch die Seminarr\u00e4ume im Heinrich Pesch Haus stehen wieder f\u00fcr Veranstaltungen bereit. \u201eUm den Tagungsteilnehmern w\u00e4hrend der Seminare in unserem Haus ausreichend Abstand voneinander zu geben, bieten wir gro\u00dfz\u00fcgige Rauml\u00f6sungen an, die den Vorschriften des Landes Rheinland-Pfalz entsprechen\u201c, so Pater Zimmermann.<\/p>\n\n\n\n<p><strong>Kontakt<\/strong><\/p>\n\n\n\n<p>Heinrich Pesch Haus Ludwigshafen<br><a href=\"https:\/\/deref-web-02.de\/mail\/client\/JSwagLZ0Jtg\/dereferrer\/?redirectUrl=http%3A%2F%2Fwww.heinrich-pesch-haus.de\" target=\"_blank\" rel=\"noreferrer noopener\">www.heinrich-pesch-haus.de<\/a><br>E-Mail: <a href=\"mailto:veranstaltung@hph.kirche.org\" target=\"_blank\" rel=\"noreferrer noopener\">veranstaltung@hph.kirche.org<\/a><br>Telefon: 0621 599-0<\/p>\n\n\n\n<p><em>Bistum Speyer<\/em><br><em>15.06.2020<\/em><\/p>\n\n\n\n<h2 class=\"wp-block-heading\"><strong>Entdecker*innen-Treffen unter freiem Himmel<\/strong><\/h2>\n\n\n\n<h3 class=\"wp-block-heading\"><strong>\u00d6kumenische Initiative SCHON JETZT l\u00e4dt Interessierte an den Speyerer Rheinstrand ein<\/strong><\/h3>\n\n\n\n<p><strong>Speyer &#8211; <\/strong>Die \u00f6kumenische Initiative SCHON JETZT l\u00e4dt am<strong> Freitag, den 19. Juni,<\/strong> um 18 zu einem Entdecker*innen-Treffen unter freiem Himmel an den Speyerer Rheinstrand ein. Es richtet sich an alle Interessierten, die Lust haben, \u00fcber neue Formen von Kirche nachzudenken.<\/p>\n\n\n\n<p>\u201eWir haben schon oft gedacht: Kirche m\u00fcsste rausgehen. Und dort bleiben. Da wo das Leben tobt, da ist Gott. Da wollen auch wir sein. Neue Formen von Kirche entstehen (auch) in ungewohnten Kontexten. Deshalb treffen wir uns oft an (f\u00fcr uns) ungewohnten Orten: in Kneipen und Schwimmb\u00e4dern. Und diesmal am Rheinstrand\u201c, hei\u00dft es in der Einladung zu dem Treffen. Geplant ist, schon auf dem Weg zum Strand \u2013 angefangen beim Parkplatz, vorbei an einer Baustelle, \u00fcber die Br\u00fccke, durch die Natur \u2013 kleine Kostbarkeiten und versteckte Sch\u00f6nheiten zu entdecken, \u201eund vielleicht ein St\u00fcck Kirche f\u00fcr morgen\u201c.<\/p>\n\n\n\n<p>Die Initiative SCHON JETZT bittet um Anmeldung und teilt mit der Best\u00e4tigung den genauen Treff- und Startpunkt sowie eventuelle Plan\u00e4nderungen bei schlechtem Wetter mit.<\/p>\n\n\n\n<p><strong>Anmeldung:<\/strong><\/p>\n\n\n\n<p><a href=\"https:\/\/schon-jetzt.de\/komm-mit-nach-draussen\/\">https:\/\/schon-jetzt.de\/komm-mit-nach-draussen\/<\/a><\/p>\n\n\n\n<p><strong>Weitere Informationen:<\/strong><\/p>\n\n\n\n<p><a href=\"https:\/\/schon-jetzt.de\/\">https:\/\/schon-jetzt.de\/<\/a><\/p>\n\n\n\n<p><em>Bistum Speyer<br>15.06.2020<\/em><\/p>\n","protected":false},"excerpt":{"rendered":"<div class=\"mh-excerpt\"><p>\u201eJesus ist das lebendige Brot zum Segen f\u00fcr die Welt\u201c Bischof Wiesemann feierte mit Dompfarrei und Domkapitel gemeinsamen Fronleichnamsgottesdienst im Speyerer Dom \u2013 Segen am Altar vor dem Dom f\u00fcr die Stadt Speyer &#8211; \u201eWovon <a class=\"mh-excerpt-more\" href=\"https:\/\/speyer24news.com\/?p=27988\" title=\"Kirche \/ Bistum Speyer\">[&#8230;]<\/a><\/p>\n<\/div>","protected":false},"author":3,"featured_media":0,"comment_status":"open","ping_status":"open","sticky":false,"template":"","format":"standard","meta":{"_monsterinsights_skip_tracking":false,"_monsterinsights_sitenote_active":false,"_monsterinsights_sitenote_note":"","_monsterinsights_sitenote_category":0,"footnotes":""},"categories":[120],"tags":[174,1604,7356,1605,3447,121,4865,1307,186,7427],"aioseo_notices":[],"amp_enabled":true,"_links":{"self":[{"href":"https:\/\/speyer24news.com\/index.php?rest_route=\/wp\/v2\/posts\/27988"}],"collection":[{"href":"https:\/\/speyer24news.com\/index.php?rest_route=\/wp\/v2\/posts"}],"about":[{"href":"https:\/\/speyer24news.com\/index.php?rest_route=\/wp\/v2\/types\/post"}],"author":[{"embeddable":true,"href":"https:\/\/speyer24news.com\/index.php?rest_route=\/wp\/v2\/users\/3"}],"replies":[{"embeddable":true,"href":"https:\/\/speyer24news.com\/index.php?rest_route=%2Fwp%2Fv2%2Fcomments&post=27988"}],"version-history":[{"count":3,"href":"https:\/\/speyer24news.com\/index.php?rest_route=\/wp\/v2\/posts\/27988\/revisions"}],"predecessor-version":[{"id":27995,"href":"https:\/\/speyer24news.com\/index.php?rest_route=\/wp\/v2\/posts\/27988\/revisions\/27995"}],"wp:attachment":[{"href":"https:\/\/speyer24news.com\/index.php?rest_route=%2Fwp%2Fv2%2Fmedia&parent=27988"}],"wp:term":[{"taxonomy":"category","embeddable":true,"href":"https:\/\/speyer24news.com\/index.php?rest_route=%2Fwp%2Fv2%2Fcategories&post=27988"},{"taxonomy":"post_tag","embeddable":true,"href":"https:\/\/speyer24news.com\/index.php?rest_route=%2Fwp%2Fv2%2Ftags&post=27988"}],"curies":[{"name":"wp","href":"https:\/\/api.w.org\/{rel}","templated":true}]}}