{"id":28005,"date":"2020-06-16T07:11:34","date_gmt":"2020-06-16T06:11:34","guid":{"rendered":"https:\/\/speyer24news.com\/?p=28005"},"modified":"2020-06-16T07:11:35","modified_gmt":"2020-06-16T06:11:35","slug":"kirche-70","status":"publish","type":"post","link":"https:\/\/speyer24news.com\/?p=28005","title":{"rendered":"Kirche"},"content":{"rendered":"<style type=\"text\/css\">\r\n\t.ads_top_disp{}\r\n\t.ads_top_corner_disp{ float:left; margin:0px 10px 10px 0px; }\r\n\t.ads_first_p_disp{}\r\n\t.ads_bottom_disp{}\r\n\t<\/style>\n<h2 class=\"wp-block-heading\"><strong>Bistum Speyer trauert um Bischof em. Dr.\nAnton Schlembach<\/strong><\/h2>\n\n\n\n<h3 class=\"wp-block-heading\"><strong>Bischof Wiesemann: \u201eMit Leib und Seele Bischof von Speyer gewesen\u201c \u2013 Sein bisch\u00f6flicher Wahlspruch lautete: \u201eDeus salus \u2013 Gott ist das Heil\u201c<\/strong><\/h3>\n\n\n\n<div class=\"wp-block-image\"><figure class=\"aligncenter\"><img decoding=\"async\" loading=\"lazy\" width=\"600\" height=\"600\" src=\"https:\/\/speyer24news.com\/wp-content\/uploads\/2020\/06\/Dr.-Anton-Schlembach.png\" alt=\"\" class=\"wp-image-28006\" srcset=\"https:\/\/speyer24news.com\/wp-content\/uploads\/2020\/06\/Dr.-Anton-Schlembach.png 600w, https:\/\/speyer24news.com\/wp-content\/uploads\/2020\/06\/Dr.-Anton-Schlembach-150x150.png 150w, https:\/\/speyer24news.com\/wp-content\/uploads\/2020\/06\/Dr.-Anton-Schlembach-300x300.png 300w\" sizes=\"(max-width: 600px) 100vw, 600px\" \/><\/figure><\/div>\n\n\n\n<p><strong>Speyer &#8211; <\/strong>Das Bistum Speyer trauert: Bischof em. Dr. Anton Schlembach ist Montagabend im Alter von 88 Jahren verstorben. \u201eEr war mit Leib und Seele Bischof von Speyer. Wir danken ihm von ganzem Herzen f\u00fcr seinen au\u00dferordentliche Einsatz, den er f\u00fcr das Bistum Speyer wie auch f\u00fcr die katholische Kirche insgesamt geleistet hat\u201c, erkl\u00e4rte sein Nachfolger, der amtierende Speyerer Bischof Dr. Karl-Heinz Wiesemann. Mit gro\u00dfer Treue habe Schlembach seinen Dienst versehen und sei mit seinem ganzen Leben zu einem \u00fcberzeugten und \u00fcberzeugenden Zeugen des lebendigen Gottes geworden. Schlembachs bisch\u00f6flicher Wahlspruch \u201eDeus salus \u2013 Gott ist das Heil\u201c bleibe f\u00fcr die Gl\u00e4ubigen im Bistum Speyer Verm\u00e4chtnis und Verpflichtung.<\/p>\n\n\n\n<h4 class=\"wp-block-heading\"><strong>Seine Urspr\u00fcnge lagen in Unterfranken<\/strong><\/h4>\n\n\n\n<p>Sein\nLebensweg begann im Bistum W\u00fcrzburg, in Gro\u00dfwenkheim, einem Dorf bei\nM\u00fcnnerstadt, wo er am 7. Februar 1932 als \u00e4ltestes von vier Kindern einer\nLandwirtsfamilie geboren wurde. Nach dem Studium in W\u00fcrzburg und an der\np\u00e4pstlichen Universit\u00e4t Gregoriana empfing er am 10. Oktober 1956 in Rom die\nPriesterweihe, drei Jahre sp\u00e4ter promovierte er zum Doktor der Theologie. In\nseiner Heimatdi\u00f6zese wurde er im Anschluss an die Kaplansjahre mit einer Reihe\nverantwortungsvoller Aufgaben betraut: Jeweils drei Jahre war er Direktor des\nStudienseminars in Aschaffenburg und Regens des Priesterseminars in W\u00fcrzburg.\nFast zw\u00f6lf Jahre erteilte er hauptamtlich Religionsunterricht am Gymnasium in\nHammelburg, ehe er am 1. Juni 1981 zum Domkapitular und schon einen Monat\nsp\u00e4ter zum Generalvikar des Bistums W\u00fcrzburg ernannt wurde.<\/p>\n\n\n\n<h4 class=\"wp-block-heading\"><strong>16. Oktober 1983: Weihe zum\nBischof von Speyer<\/strong><\/h4>\n\n\n\n<p>Es war\nf\u00fcr die Katholiken des Bistums Speyer eine echte \u00dcberraschung, als am 25.\nAugust 1983 der damals 51-j\u00e4hrige Dr. Anton Schlembach von Papst Johannes Paul\nII. zum Bischof von Speyer ernannt wurde. Am 16. Oktober 1983 weihte ihn sein\nVorg\u00e4nger Erzbischof Friedrich Wetter im Dom zu Speyer zum Bischof. \u00dcber 23\nJahre wirkte er in diesem Amt. Nur einer seiner Vorg\u00e4nger hat in den letzten\n100 Jahren das Bistum l\u00e4nger geleitet, Ludwig Sebastian, der 1943 nach 26\nBischofsjahren 80-j\u00e4hrig starb.<\/p>\n\n\n\n<p>Die\nBem\u00fchungen um eine Neuevangelisierung und eine Aktivierung der Gemeinden waren\nimmer wiederkehrende Grundthemen seiner Amtszeit. Diesem Anliegen diente auch\ndie Erarbeitung eines Pastoralplanes, der 1993 in Kraft gesetzt wurde. Eine herausragende\nInitiative zur Glaubenserneuerung waren die drei Vorbereitungsjahre auf das\nChristus-Jubil\u00e4um 2000. Zum \u00f6kumenischen &#8222;ChristFest&#8220; an Pfingsten\n2000 versammelten sich rund 15 000 Christen aus zw\u00f6lf Kirchen und\nGemeinschaften in Speyer.<\/p>\n\n\n\n<h4 class=\"wp-block-heading\"><strong>Das Christentum am Beispiel moderner\nGlaubensvorbilder greifbar gemacht<\/strong><\/h4>\n\n\n\n<p>Gro\u00dfe\nBedeutung im Hinblick auf eine kirchliche Erneuerung ma\u00df Schlembach auch\nmodernen Glaubensvorbildern bei. So versuchte er von Beginn seiner Amtszeit an\nmit starkem pers\u00f6nlichem Engagement, Botschaft und Lebenszeugnis der heiligen\nEdith Stein, die neun Jahre in Speyer wirkte, im Bistum lebendig zu halten.\nIhre Seligsprechung 1987 war ihm Anlass, den Papst nach Speyer einzuladen. Ihr\n100. Geburtstag 1991 und ihre Heiligsprechung 1998 wurden im Bistum jeweils mit\neiner dreit\u00e4gigen Feier begangen. \u00dcberdies gab Schlembach den Ansto\u00df zur\nGr\u00fcndung einer deutschen Edith-Stein-Gesellschaft, die ihren Sitz in Speyer\nhat.<\/p>\n\n\n\n<p>In enger\nVerbindung steht der Name Schlembachs mit Paul Josef Nardini, der als erster\nPf\u00e4lzer am 22. Oktober 2006 im Speyerer Dom selig gesprochen wurde. Dass es zu\ndiesem f\u00fcr das Bistum bislang einmaligen Ereignis kommen konnte, ist ganz\nwesentlich ihm zu verdanken. Der Bischof war auf Nardini erstmals 1987\naufmerksam geworden. Sofort war er von Leben und Wirken des Pfarrers, der Mitte\ndes 19. Jahrhunderts in Pirmasens gegen die soziale Not gek\u00e4mpft hatte,\nbetroffen und fasziniert. Da auch die &#8222;Mallersdorfer Schwestern&#8220;,\nNardinis Ordensgemeinschaft, diesen Wunsch teilten, konnte er schon drei Jahre sp\u00e4ter\nauf Bistumsebene das formelle Seligsprechungsverfahren er\u00f6ffnen.<\/p>\n\n\n\n<h4 class=\"wp-block-heading\"><strong>Schlembach bezog f\u00fcr den Schutz\ndes Lebens entschieden Position<\/strong><\/h4>\n\n\n\n<p>Denselben\nStellenwert wie der Verk\u00fcndigung und dem Gottesdienst r\u00e4umte Bischof em. Schlembach\ndem sozialen Auftrag der Kirche ein. &#8222;Ohne Caritas ist die Kirche\nunglaubw\u00fcrdig&#8220;, so seine \u00dcberzeugung. Fast 20 caritative Einrichtungen,\nvon Altenheimen \u00fcber Behindertenwerkst\u00e4tten bis hin zum \u00dcbernachtungsheim f\u00fcr\nNichtsesshafte, hat er in seiner Amtszeit eingeweiht. Ebenso war er einer der ma\u00dfgeblichen\nImpulsgeber f\u00fcr die \u00f6kumenische Hospizhilfe, die 1991 im Bereich von Bistum und\nLandeskirche gegr\u00fcndet wurde.<\/p>\n\n\n\n<p>Gerade\nwenn es um das menschliche Leben geht, um seinen Schutz und seine W\u00fcrde, sah Schlembach\ndie Christen besonders in Pflicht genommen. So hat er selbst im Streit um die\nAbtreibungsgesetzgebung immer wieder in der \u00d6ffentlichkeit eine Verbesserung\ndes rechtlichen Schutzes f\u00fcr die ungeborenen Kinder gefordert. Nicht weniger\ndeutlich bezog er Stellung gegen die Einf\u00fchrung der aktiven Sterbehilfe in\neinigen europ\u00e4ischen Nachbarl\u00e4ndern und die T\u00f6tung embryonaler Menschen im\nInteresse der Forschung. Die &#8222;Klarheit des kirchlichen Zeugnisses f\u00fcr die\nUnantastbarkeit jedes menschlichen Lebens&#8220; war auch der entscheidende\nGrund daf\u00fcr, dass er im Jahr 2000 als einer der ersten deutschen Bisch\u00f6fe in\nden Schwangerenberatungsstellen der Di\u00f6zese keine Beratungsscheine mehr\nausstellen lie\u00df, die eine straffreie Abtreibung erm\u00f6glichen. Umso st\u00e4rker war\nsein Bem\u00fchen, das Beratungsangebot f\u00fcr Schwangere in Not- und\nKonfliktsituationen aufrecht zu erhalten und die Hilfe der Kirche noch\nauszuweiten. Ein wichtiger Schritt dabei war die Gr\u00fcndung einer\n&#8222;Bisch\u00f6flichen Stiftung f\u00fcr Mutter und Kind&#8220;, die Politik und\n\u00d6ffentlichkeit f\u00fcr den Lebensschutz sensibilisiert und Projekte des\nCaritasverbandes f\u00fcr M\u00fctter in Not finanziert.<\/p>\n\n\n\n<h4 class=\"wp-block-heading\"><strong>Gastgeber f\u00fcr Besuch des Papstes\n1987 &#8211; ein \u201eJahrtausendereignis\u201c f\u00fcr das Bistum<\/strong><\/h4>\n\n\n\n<p>Am 4. Mai\n1987 kam Papst Johannes Paul II. w\u00e4hrend seines zweiten Deutschlandbesuches\nnach Speyer und feierte auf dem Domplatz mit 60 000 Teilnehmern eine heilige\nMesse &#8211; f\u00fcr die Stadt und das Bistum ein &#8222;Jahrtausendereignis&#8220;. Auch\nviele internationale Staatsg\u00e4ste empfing Bischof Schlembach im Speyerer Dom. Manchem\nRegierungschef, den Bundeskanzler Kohl w\u00e4hrend seiner Amtszeit in seinen\nHeimatdom brachte, hat Bischof Schlembach pers\u00f6nlich die europ\u00e4ische Bedeutung\ndes Bauwerks erl\u00e4utert: Michail Gorbatschow und Boris Jelzin ebenso wie George\nBush, Vaclav Havel oder K\u00f6nig Juan Carlos von Spanien. In seiner Kathedrale sah\ner aber nicht nur das einmalige Zeugnis europ\u00e4ischer Baukunst und Geschichte.\nEntstanden noch vor den gro\u00dfen Glaubensspaltungen, war der salische Kaiserdom\nf\u00fcr ihn ebenso ein Mahnmal zur Einheit der Kirchen. So f\u00fchrte Schlembach auch\nvon Anfang an die guten \u00f6kumenischen Beziehungen im Bistum konstruktiv weiter.<\/p>\n\n\n\n<p>Wie die meisten Bisch\u00f6fe nahm auch der Bischof Schlembach Aufgaben au\u00dferhalb seines Bistums wahr, anfangs in der Publizistischen Kommission und der \u00d6kumene-Kommission der Deutschen Bischofskonferenz, sp\u00e4ter in der &#8222;Kommission Weltkirche&#8220;, deren Unterkommission f\u00fcr Missionsfragen er leitete, und in der &#8222;Kommission f\u00fcr gesellschaftliche und soziale Fragen&#8220;, deren stellvertretender Vorsitzender er zehn Jahre lang war. Von1991 bis 2006 war er Gro\u00dfprior der Deutschen Statthalterei des Ritterordens vom Heiligen Grab zu Jerusalem. F\u00fcnf Jahre war er Mitglied im P\u00e4pstlichen Rat f\u00fcr den Dialog mit den Nichtglaubenden; als Leiter des Dialog-Sekretariates f\u00fcr die Bundesrepublik und die deutschsprachige Schweiz richtete er wissenschaftliche Symposien in Speyer, Zagreb und Prag aus. Vier Mal organisierte er als Delegierter der Deutschen Bischofskonferenz das deutschsprachige Programm der Eucharistischen Weltkongresse: 1989 in Seoul, 1993 in Sevilla, 1997 in Breslau und 2000 in Rom.<\/p>\n\n\n\n<div class=\"wp-block-image\"><figure class=\"aligncenter\"><img decoding=\"async\" loading=\"lazy\" width=\"800\" height=\"645\" src=\"https:\/\/speyer24news.com\/wp-content\/uploads\/2020\/06\/Dr.-Anton-Schlembach.jpg\" alt=\"\" class=\"wp-image-28007\" srcset=\"https:\/\/speyer24news.com\/wp-content\/uploads\/2020\/06\/Dr.-Anton-Schlembach.jpg 800w, https:\/\/speyer24news.com\/wp-content\/uploads\/2020\/06\/Dr.-Anton-Schlembach-300x242.jpg 300w, https:\/\/speyer24news.com\/wp-content\/uploads\/2020\/06\/Dr.-Anton-Schlembach-768x619.jpg 768w\" sizes=\"(max-width: 800px) 100vw, 800px\" \/><\/figure><\/div>\n\n\n\n<h4 class=\"wp-block-heading\"><strong>Verabschiedung aus dem Amt des\nBischofs im Februar 2007<\/strong><\/h4>\n\n\n\n<p>Im\nFebruar 2007 wurde Schlembach mit einem feierlichen Gottesdienst im Speyerer\nDom aus seinem Amt als 95. Bischof von Speyer verabschiedet. Wenn er auf seine\nAmtszeit zur\u00fcckblickte, klammerte er besorgniserregende und schmerzliche\nEntwicklungen nicht aus. Aber dies war f\u00fcr ihn kein Grund zur Resignation oder\ngar zum Pessimismus. Im Gegenteil, er sah im kirchlichen Leben hierzulande auch\nviele Hoffnungszeichen und neue Aufbr\u00fcche. &#8222;Vieles spricht daf\u00fcr, dass\nsich Atheismus, S\u00e4kularismus und Postmoderne totlaufen&#8220;, schrieb er in seinem\nletzten Bischofswort zur \u00f6sterlichen Bu\u00dfzeit. Diese Entwicklung sei f\u00fcr\nChristen eine Ermutigung, t\u00e4glich neu und noch entschiedener ihren\nGottesglauben zu leben und zu bezeugen. Seinen Lebensabend verbrachte Bischof\nSchlembach in einem Appartement im Caritas-Altenzentrum St. Martha in Speyer. Am\n10. Oktober 2016 beging Bischof em. Dr. Anton Schlembach sein diamantenes\nPriesterjubil\u00e4um. Gro\u00dfe Freude erf\u00fcllte ihn, dass mit Dr. Franz Jung 2018 ein\nSpeyerer Generalvikar zum Bischof von W\u00fcrzburg ernannt wurde \u2013 35 Jahre nachdem\nder W\u00fcrzburger Generalvikar Dr. Anton Schlembach zum Bischof von Speyer berufen\nwurde.<\/p>\n\n\n\n<p>Zu seinem\n85. Geburtstag sagte Bischof Schlembach: \u201eLetztlich verdanke ich mich Gott, der\ndie F\u00fclle des Seins ist und mich mit meinem Dasein beschenkt.\u201c Wenn der Mensch\nJesus Christus gl\u00e4ubig in sein Herz und sein Leben annehme, werde ihm in der\nGottesliebe und in der N\u00e4chstenliebe die Sinnorientierung seines Lebens\ngeschenkt. \u201eIn der Verhei\u00dfung der Auferstehung wird ihm im Leben und im Sterben\neine unzerst\u00f6rbare Hoffnung auf ewige, gl\u00fcckselige Vollendung gegeben.\u201c<\/p>\n\n\n\n<p>Am Montag um 20 Uhr l\u00e4utete die Totenglocke am Speyerer Dom. Morgen (Dienstag) wird um 12 Uhr im gesamten Bistum Speyer ein 10-min\u00fctiges Sterbegel\u00e4ut stattfinden.<\/p>\n\n\n\n<h4 class=\"wp-block-heading\"><strong>Weitere Informationen zu Bischof\nem. Dr. Anton Schlembach:<\/strong><\/h4>\n\n\n\n<p><a href=\"https:\/\/www.bistum-speyer.de\/bistum-speyer\/leitung\/bischof-em\/\">https:\/\/www.bistum-speyer.de\/bistum-speyer\/leitung\/bischof-em\/<\/a><\/p>\n\n\n\n<h4 class=\"wp-block-heading\"><strong>Lebensdaten und Initiativen:<\/strong><\/h4>\n\n\n\n<p><a href=\"https:\/\/www.bistum-speyer.de\/bistum-speyer\/leitung\/bischof-em\/lebensdaten\/\">https:\/\/www.bistum-speyer.de\/bistum-speyer\/leitung\/bischof-em\/lebensdaten\/<\/a><\/p>\n\n\n\n<h4 class=\"wp-block-heading\"><strong>Bischofsworte von Dr. Anton\nSchlembach aus den Jahren 1983 bis 2007:<\/strong><\/h4>\n\n\n\n<p><a href=\"https:\/\/www.bistum-speyer.de\/erziehung-schule-bildung\/bistumsarchiv\/publikationen\/bischofsworte-dr-anton-schlembach\/\">https:\/\/www.bistum-speyer.de\/erziehung-schule-bildung\/bistumsarchiv\/publikationen\/bischofsworte-dr-anton-schlembach\/<\/a><\/p>\n\n\n\n<p><em>Bistum Speyer<br>16.06.2020<\/em><\/p>\n\n\n\n<h2 class=\"wp-block-heading\"><strong>Zahlreiche Personalwechsel im Bistum Speyer<\/strong><\/h2>\n\n\n\n<div class=\"wp-block-image\"><figure class=\"aligncenter\"><img decoding=\"async\" src=\"https:\/\/speyer24news.com\/wp-content\/uploads\/2020\/06\/Bistum-Speyer.png\" alt=\"\" class=\"wp-image-27856\"\/><\/figure><\/div>\n\n\n\n<p>Im Bistum Speyer findet im August und September eine Reihe von personellen Wechseln statt. Bischof Dr. Karl-Heinz Wiesemann hat folgende Personalentscheidungen getroffen.<\/p>\n\n\n\n<p><strong>Bad Bergzabern:<\/strong><\/p>\n\n\n\n<p>Kaplan Tobias Heil, derzeit t\u00e4tig in Speyer, wird ab 1. August als Kooperator in der Pfarrei Heilige Edith Stein in Bad Bergzabern eingesetzt. Ihm wird der pers\u00f6nliche Titel \u201ePfarrer\u201c verliehen.<\/p>\n\n\n\n<p><strong>Bexbach:<\/strong><\/p>\n\n\n\n<p>Kaplan Sebastian Bieberich, derzeit t\u00e4tig in Herxheim wird ab 1. August als Kooperator in der Pfarrei Heiliger Nikolaus in Bexbach eingesetzt. Ihm wird der pers\u00f6nliche Titel \u201ePfarrer\u201c verliehen.<\/p>\n\n\n\n<p><strong>Edenkoben:<\/strong><\/p>\n\n\n\n<p>Kaplan Peter Heinke, derzeit t\u00e4tig in Pirmasens, wird ab 1. September in der Pfarrei Heilige Anna in Edenkoben eingesetzt.<\/p>\n\n\n\n<p><strong>Germersheim:<\/strong><\/p>\n\n\n\n<p>Marie-Christin Mayer wird ab 1. August als Pastoralassistentin in der Pfarrei Seliger Paul Josef Nardini in Germersheim eingesetzt.<\/p>\n\n\n\n<p><strong>Ha\u00dfloch:<\/strong><\/p>\n\n\n\n<p>Kaplan Moritz Fuchs, derzeit t\u00e4tig in Bexbach, wird ab 1. September als Kaplan in der Pfarrei Heilige Klara von Assisi in Ha\u00dfloch eingesetzt.<\/p>\n\n\n\n<p><strong>Herxheim:<\/strong><\/p>\n\n\n\n<p>Kaplan Christoph Herr, derzeit t\u00e4tig in Landau, wird ab 1. September als Kaplan in der Pfarrei Heiliger Laurentius in Herxheim eingesetzt.<\/p>\n\n\n\n<p><strong>Kaiserslautern:<\/strong><\/p>\n\n\n\n<p>Diakon Stefan H\u00e4u\u00dfler wird ab 1. August in der Pfarrei Heiliger Martin in Kaiserslautern eingesetzt. Er wird im September in Speyer zum Priester geweiht und nimmt in der Pfarrei dann die Aufgabe des Kaplans wahr.<\/p>\n\n\n\n<p><strong>Landau:<\/strong><\/p>\n\n\n\n<p>Kaplan Dr. Dominik Schindler, derzeit t\u00e4tig in Kaiserslautern, wird ab 1. September als Kaplan in der Pfarrei Mari\u00e4 Himmelfahrt in Landau eingesetzt.<\/p>\n\n\n\n<p>Pastoralreferentin Andrea Hinderberger, derzeit t\u00e4tig in R\u00fclzheim, wird ab 1. August in der Pfarrei Heiliger Augustinus in Landau eingesetzt.<\/p>\n\n\n\n<p><strong>Ludwigshafen:<\/strong><\/p>\n\n\n\n<p>Gemeindereferentin Simone Hartner, derzeit t\u00e4tig in Edenkoben, wird zum 1. August in der Pfarrei Heilige Petrus und Paulus in Ludwigshafen eingesetzt.<\/p>\n\n\n\n<p>Pastoralreferentin Birgit Haas, derzeit in der Krankenhausseelsorge im St. Annastift t\u00e4tig, wird zum 1. August in der Krankenhausseelsorge im Krankenhaus Zum Guten Hirten eingesetzt.<\/p>\n\n\n\n<p><strong>Otterberg:<\/strong><\/p>\n\n\n\n<p>Pfarrer Christoph Hartm\u00fcller, aktuell zum Weiterstudium in M\u00fcnchen, \u00fcbernimmt am 1. September die Leitung der Pfarrei Mari\u00e4 Himmelfahrt in Otterberg.<\/p>\n\n\n\n<p><strong>Pirmasens:<\/strong><\/p>\n\n\n\n<p>Gemeindereferentin Ulrike Schwartz, derzeit t\u00e4tig in Deidesheim, wird ab 1. August in der Pfarrei Seliger Paul Josef Nardini in Pirmasens eingesetzt.<\/p>\n\n\n\n<p>Kaplan Thomas Ott, derzeit t\u00e4tig in Waldsee, wird ab 1. September als Kaplan in der Pfarrei Seliger Paul Josef Nardini in Pirmasens eingesetzt.<\/p>\n\n\n\n<p><strong>Ramstein:<\/strong><\/p>\n\n\n\n<p>Dominik Schek wird ab 1. August als Pastoralassistent in der Pfarrei Heiliger Wendelinus in Ramstein eingesetzt.<\/p>\n\n\n\n<p><strong>R\u00fclzheim:<\/strong><\/p>\n\n\n\n<p>Annika B\u00e4r wird ab 1. August als Pastoralassistentin in der Pfarrei Heiliger Theodard in R\u00fclzheim eingesetzt.<\/p>\n\n\n\n<p><strong>Speyer:<\/strong><\/p>\n\n\n\n<p>Pfarrer Dr. Patrick Asomugha hilft ab 1. Juli \u00fcbergangsweise als Priester in der Pfarrei Pax Christi in Speyer mit. Zugleich wird er in einer Arbeitsgruppe des Bistums mitwirken, die sich mit den Erfahrungen von Priestern und pastoralen Mitarbeiterinnen und Mitarbeitern aus der Weltkirche befassen wird und dabei unter anderem auch der Frage von Rassismus und Antisemitismus in Deutschland nachgehen wird.<\/p>\n\n\n\n<p>Kaplan Maximilian Brandt, derzeit zum Studium in Rom, wird ab 1. September als Kaplan in der Pfarrei Pax Christi eingesetzt.<\/p>\n\n\n\n<p>Kaplan Matthias Schmitt, derzeit t\u00e4tig in Contwig, \u00fcbernimmt ab 1. September die Leitung der Stabstelle \u201eBerufungspastoral\u201c und wird zugleich Referent f\u00fcr Ministranten-Seelsorge im Bisch\u00f6flichen Jugendamt.<\/p>\n\n\n\n<p>Pastoralreferent Thomas Stephan, derzeit t\u00e4tig im Schuldienst, \u00fcbernimmt ab 1. August die Leitung der Abteilung \u201eLernkultur und Schulseelsorge\u201c im Bisch\u00f6flichen Ordinariat.<\/p>\n\n\n\n<p>Gemeindereferent Patrick St\u00f6bener, derzeit t\u00e4tig in der Polizei- und Notfallseelsorge, \u00fcbernimmt am 1. August die Funktion als Di\u00f6zesanreferent und Ausbildungsleiter f\u00fcr die Gemeindereferentinnen und \u2013referenten.<\/p>\n\n\n\n<p><strong>Waldsee:<\/strong><\/p>\n\n\n\n<p>Diakon Artur Noras wird ab 1. August in der Pfarrei Heiliger Christophorus in Waldsee eingesetzt. Er wird im September in Speyer zum Priester geweiht und nimmt in der Pfarrei dann die Aufgabe des Kaplans wahr.<\/p>\n\n\n\n<p><em>Bistum Speyer<br>16.06.2020<\/em><\/p>\n\n\n\n<h2 class=\"wp-block-heading\">Das alte Bild von der Konfirmandenzeit erneuern<\/h2>\n\n\n\n<h3 class=\"wp-block-heading\">Das Institut f\u00fcr kirchliche Fortbildung hat eine neue Webseite f\u00fcr zuk\u00fcnftige Konfirmandinnen und Konfirmanden und ihre Eltern online gestellt.<\/h3>\n\n\n\n<div class=\"wp-block-image\"><figure class=\"aligncenter\"><img decoding=\"async\" loading=\"lazy\" width=\"330\" height=\"231\" src=\"https:\/\/speyer24news.com\/wp-content\/uploads\/2020\/04\/Evangelische-Kirche-der-Pfalz-Logo.png\" alt=\"\" class=\"wp-image-26396\" srcset=\"https:\/\/speyer24news.com\/wp-content\/uploads\/2020\/04\/Evangelische-Kirche-der-Pfalz-Logo.png 330w, https:\/\/speyer24news.com\/wp-content\/uploads\/2020\/04\/Evangelische-Kirche-der-Pfalz-Logo-300x210.png 300w\" sizes=\"(max-width: 330px) 100vw, 330px\" \/><\/figure><\/div>\n\n\n\n<p><strong>Speyer\/Landau (lk) &#8211;<\/strong> Rund 4.000 Jugendliche in der Pfalz und Saarpfalz h\u00e4tten eigentlich zwischen Palmsonntag und Pfingsten ihre Konfirmation gefeiert. Durch die Corona-Beschr\u00e4nkungen war das nicht m\u00f6glich. Die Gemeinden und Familien k\u00f6nnen die Feier nun aufgrund der Lockerungen unter Auflagen bald nachholen.<\/p>\n\n\n\n<p>Gleichzeitig stehen bereits die n\u00e4chsten Jahrg\u00e4nge von Konfirmandinnen und Konfirmanden in den Startl\u00f6chern. &#8222;Alle Jugendlichen, die in diesem Jahr zw\u00f6lf Jahre alt werden, haben eine Einladung zum Konfirmandenkurs erhalten oder werden sie demn\u00e4chst bekommen&#8220;, berichtet Andreas Gro\u00dfe, Referent f\u00fcr Konfirmandenarbeit beim Institut f\u00fcr kirchliche Fortbildung in Landau.<\/p>\n\n\n\n<p>&#8222;Immer mehr Jugendliche entscheiden selbst, ob sie an der Konfi-Zeit teilnehmen. Das zeigen die bundesweiten Studien der Universit\u00e4t T\u00fcbingen&#8220;, so Gro\u00dfe. Daher sei es wichtig, bei den Informationen zum neuen Kurs die Jugendlichen als Gegen\u00fcber zu sehen. &#8222;Nicht nur die Einladung ist wichtig, sondern wir wollen auch die Unsicherheiten in Bezug auf die Konfi-Zeit kl\u00e4ren&#8220;, sagt der Referent. Aus diesem Grund hat das Institut f\u00fcr kirchliche Fortbildung eine neue Webseite f\u00fcr Konfirmanden und ihre Eltern gestaltet. Die Homepage <a rel=\"noreferrer noopener\" href=\"https:\/\/deref-web.de\/mail\/client\/9yGMqEZWqqU\/dereferrer\/?redirectUrl=http%3A%2F%2Fwww.konfi-zeit-pfalz.de\" target=\"_blank\">www.konfi-zeit-pfalz.de<\/a> erg\u00e4nzt die mobile Kommunikation mit den Konfis \u00fcber die bundesweite KonApp&lt;<a rel=\"noreferrer noopener\" href=\"https:\/\/deref-web.de\/mail\/client\/kTot8tPzuaM\/dereferrer\/?redirectUrl=http%3A%2F%2Fwww.konapp.de%2F\" target=\"_blank\">http:\/\/www.konapp.de\/<\/a>>.<\/p>\n\n\n\n<p>Die neue Internetseite wendet sich explizit an zuk\u00fcnftige Konfirmandinnen aus der Pfalz und Saarpfalz. Mit einem &#8222;Gemeinde-Finder&#8220; finden sie das zust\u00e4ndige Pfarramt. Des Weiteren beinhaltet die Website Videos, verwendet eine Bildsprache im Comic-Stil und wirbt bei den Jugendlichen f\u00fcr die Konfirmandenzeit mit Begriffen wie &#8222;Mut!machen&#8220;, &#8222;Mit!machen&#8220; und &#8222;Ausprobieren&#8220;. &#8222;Wir wollen mit alten Bildern vom Konfirmandenunterricht aufr\u00e4umen, die bei vielen Jugendlichen noch im Kopf sind&#8220;, erkl\u00e4rt Gro\u00dfe.<\/p>\n\n\n\n<p>Neben den jungen Interessenten sind die Eltern die zweite Zielgruppe der Webseite. Eine Rubrik kl\u00e4rt Eltern dar\u00fcber auf, wie und wo sie ihre Kinder anmelden k\u00f6nnen oder ob Kinder konfirmiert werden k\u00f6nnen, wenn die Eltern kein Kirchenmitglied sind.<\/p>\n\n\n\n<p>Neben den digitalen M\u00f6glichkeiten sei aus Sicht von Gro\u00dfe besonders der pers\u00f6nliche Kontakt mit den Eltern wichtig: &#8222;Normalerweise laden die Kirchengemeinden die Eltern zu einem Elternabend ein, bei dem sie Fragen \u00fcber die Konfi-Zeit direkt beantworten&#8220;.<\/p>\n\n\n\n<p><a rel=\"noreferrer noopener\" href=\"https:\/\/deref-web.de\/mail\/client\/9yGMqEZWqqU\/dereferrer\/?redirectUrl=http%3A%2F%2Fwww.konfi-zeit-pfalz.de\" target=\"_blank\">www.konfi-zeit-pfalz.de<\/a> und <a rel=\"noreferrer noopener\" href=\"https:\/\/deref-web.de\/mail\/client\/c0OtojFQgN4\/dereferrer\/?redirectUrl=http%3A%2F%2Fwww.institut-kirchliche-fortbildung.de\" target=\"_blank\">www.institut-kirchliche-fortbildung.de<\/a><\/p>\n\n\n\n<p><em>16.06.2020<\/em><\/p>\n","protected":false},"excerpt":{"rendered":"<div class=\"mh-excerpt\"><p>Bistum Speyer trauert um Bischof em. Dr. Anton Schlembach Bischof Wiesemann: \u201eMit Leib und Seele Bischof von Speyer gewesen\u201c \u2013 Sein bisch\u00f6flicher Wahlspruch lautete: \u201eDeus salus \u2013 Gott ist das Heil\u201c Speyer &#8211; Das Bistum <a class=\"mh-excerpt-more\" href=\"https:\/\/speyer24news.com\/?p=28005\" title=\"Kirche\">[&#8230;]<\/a><\/p>\n<\/div>","protected":false},"author":3,"featured_media":0,"comment_status":"open","ping_status":"open","sticky":false,"template":"","format":"standard","meta":{"_monsterinsights_skip_tracking":false,"_monsterinsights_sitenote_active":false,"_monsterinsights_sitenote_note":"","_monsterinsights_sitenote_category":0,"footnotes":""},"categories":[120],"tags":[7431,7430,174,7429,2360,121,4865,7433,7434,7432],"aioseo_notices":[],"amp_enabled":true,"_links":{"self":[{"href":"https:\/\/speyer24news.com\/index.php?rest_route=\/wp\/v2\/posts\/28005"}],"collection":[{"href":"https:\/\/speyer24news.com\/index.php?rest_route=\/wp\/v2\/posts"}],"about":[{"href":"https:\/\/speyer24news.com\/index.php?rest_route=\/wp\/v2\/types\/post"}],"author":[{"embeddable":true,"href":"https:\/\/speyer24news.com\/index.php?rest_route=\/wp\/v2\/users\/3"}],"replies":[{"embeddable":true,"href":"https:\/\/speyer24news.com\/index.php?rest_route=%2Fwp%2Fv2%2Fcomments&post=28005"}],"version-history":[{"count":1,"href":"https:\/\/speyer24news.com\/index.php?rest_route=\/wp\/v2\/posts\/28005\/revisions"}],"predecessor-version":[{"id":28008,"href":"https:\/\/speyer24news.com\/index.php?rest_route=\/wp\/v2\/posts\/28005\/revisions\/28008"}],"wp:attachment":[{"href":"https:\/\/speyer24news.com\/index.php?rest_route=%2Fwp%2Fv2%2Fmedia&parent=28005"}],"wp:term":[{"taxonomy":"category","embeddable":true,"href":"https:\/\/speyer24news.com\/index.php?rest_route=%2Fwp%2Fv2%2Fcategories&post=28005"},{"taxonomy":"post_tag","embeddable":true,"href":"https:\/\/speyer24news.com\/index.php?rest_route=%2Fwp%2Fv2%2Ftags&post=28005"}],"curies":[{"name":"wp","href":"https:\/\/api.w.org\/{rel}","templated":true}]}}