{"id":28051,"date":"2020-06-17T07:54:55","date_gmt":"2020-06-17T06:54:55","guid":{"rendered":"https:\/\/speyer24news.com\/?p=28051"},"modified":"2020-06-17T07:54:56","modified_gmt":"2020-06-17T06:54:56","slug":"landau-und-landkreis-ld-6","status":"publish","type":"post","link":"https:\/\/speyer24news.com\/?p=28051","title":{"rendered":"Landau und Landkreis LD"},"content":{"rendered":"<style type=\"text\/css\">\r\n\t.ads_top_disp{}\r\n\t.ads_top_corner_disp{ float:left; margin:0px 10px 10px 0px; }\r\n\t.ads_first_p_disp{}\r\n\t.ads_bottom_disp{}\r\n\t<\/style>\n<h1 class=\"wp-block-heading\" style=\"text-align:center\"><strong>Coronavirus &#8211; Fallzahlen<\/strong><\/h1>\n\n\n\n<figure class=\"wp-block-image\"><img decoding=\"async\" loading=\"lazy\" width=\"800\" height=\"400\" src=\"https:\/\/speyer24news.com\/wp-content\/uploads\/2020\/02\/virus-1812092_1920.jpg\" alt=\"\" class=\"wp-image-25128\" srcset=\"https:\/\/speyer24news.com\/wp-content\/uploads\/2020\/02\/virus-1812092_1920.jpg 800w, https:\/\/speyer24news.com\/wp-content\/uploads\/2020\/02\/virus-1812092_1920-300x150.jpg 300w, https:\/\/speyer24news.com\/wp-content\/uploads\/2020\/02\/virus-1812092_1920-768x384.jpg 768w\" sizes=\"(max-width: 800px) 100vw, 800px\" \/><\/figure>\n\n\n\n<h2 class=\"wp-block-heading\">Dienstag, 16.06.2020<\/h2>\n\n\n\n<h3 class=\"wp-block-heading\"><strong>Fallzahlen im Landkreis S\u00fcdliche Weinstra\u00dfe und der Stadt Landau weiter unver\u00e4ndert <\/strong><\/h3>\n\n\n\n<p>Nach\naktuellem Stand (16.06.2020, 12:00 Uhr) hat sich seit gestern keine Ver\u00e4nderung\nder Fallzahlen ergeben. Insgesamt wurden <strong>222<\/strong>\nF\u00e4lle im Zust\u00e4ndigkeitsbereich des Gesundheitsamts Landau\/S\u00fcdliche Weinstra\u00dfe an\ndas Landesuntersuchungsamt \u00fcbermittelt. <strong>216<\/strong>\nPersonen sind gesundet*. <strong>5<\/strong> Personen\nsind verstorben. <\/p>\n\n\n\n<ul><li><strong>Verbandsgemeinde Annweiler:<\/strong> 12 Personen (12 davon gesundet)<\/li><li><strong>Verbandsgemeinde Bad Bergzabern<\/strong>:11 Personen (11 davon gesundet)<\/li><li><strong>Verbandsgemeinde Edenkoben<\/strong>: 40 Personen (40 davon gesundet)<\/li><li><strong>Verbandsgemeinde Herxheim: <\/strong>28 Personen (26 davon gesundet, 1 verstorben)<\/li><li><strong>Verbandsgemeinde Landau-Land<\/strong>: 22 Personen (20 davon gesundet, 2 verstorben)<\/li><li><strong>Verbandsgemeinde Maikammer<\/strong>: 14 Personen (14 davon gesundet)<\/li><li><strong>Verbandsgemeinde Offenbach<\/strong>: 22 Personen (22 davon gesundet)<\/li><li><strong>Stadt Landau<\/strong>: 73 Personen (71 davon gesundet, 2 verstorben).<\/li><\/ul>\n\n\n\n<h2 class=\"wp-block-heading\">Montag, 15.06.2020<\/h2>\n\n\n\n<h3 class=\"wp-block-heading\"><strong>Fallzahlen im Landkreis S\u00fcdliche Weinstra\u00dfe und der Stadt Landau weiter unver\u00e4ndert<\/strong><\/h3>\n\n\n\n<p>Nach\naktuellem Stand (15.06.2020, 12:00 Uhr) hat sich seit 12.06.2020 keine\nVer\u00e4nderung der Fallzahlen ergeben. Insgesamt wurden <strong>222<\/strong> F\u00e4lle im Zust\u00e4ndigkeitsbereich des Gesundheitsamts\nLandau\/S\u00fcdliche Weinstra\u00dfe an das Landesuntersuchungsamt \u00fcbermittelt. <strong>216<\/strong> Personen sind gesundet*. <strong>5<\/strong> Personen sind verstorben. <\/p>\n\n\n\n<ul><li><strong>Verbandsgemeinde Annweiler:<\/strong> 12 Personen (12 davon gesundet)<\/li><li><strong>Verbandsgemeinde Bad Bergzabern<\/strong>:11 Personen (11 davon gesundet)<\/li><li><strong>Verbandsgemeinde Edenkoben<\/strong>: 40 Personen (40 davon gesundet)<\/li><li><strong>Verbandsgemeinde Herxheim: <\/strong>28 Personen (26 davon gesundet, 1 verstorben)<\/li><li><strong>Verbandsgemeinde Landau-Land<\/strong>: 22 Personen (20 davon gesundet, 2 verstorben)<\/li><li><strong>Verbandsgemeinde Maikammer<\/strong>: 14 Personen (14 davon gesundet)<\/li><li><strong>Verbandsgemeinde Offenbach<\/strong>: 22 Personen (22 davon gesundet)<\/li><li><strong>Stadt Landau<\/strong>: 73 Personen (71 davon gesundet, 2 verstorben).<\/li><\/ul>\n\n\n\n<p>Alle ermittelbaren Kontaktpersonen werden \u00fcber die Infektion\ninformiert. <\/p>\n\n\n\n<p>*Eine Person gilt als gesundet und wird aus der 14-t\u00e4gigen\nh\u00e4uslichen Quarant\u00e4ne entlassen, wenn sie 48 Stunden (an Tag 13 und 14 der\nh\u00e4uslichen Quarant\u00e4ne) symptomfrei war. Ein erneuter Test findet bei Personen\nin h\u00e4uslicher Quarant\u00e4ne nicht statt.<\/p>\n\n\n\n<p>Diese F\u00e4lle gelten f\u00fcr das Gesundheitsamt als abgeschlossen.\nPersonen in Gesundheitsberufen dagegen \u2013 etwa \u00c4rzte oder Altenpfleger \u2013 werden\nerst als abgeschlossene F\u00e4lle gez\u00e4hlt, wenn diese einen negativen Abstrich\nhatten, da diese erst dann wieder arbeiten d\u00fcrfen.<\/p>\n\n\n\n<p>Informationen zum Thema Coronavirus finden Sie auf der Homepage des Landkreises: <a href=\"http:\/\/www.suedliche-weinstrasse.de\">www.suedliche-weinstrasse.de<\/a>. <\/p>\n\n\n\n<p><em>Gemeinsame Presse-Information der Stadt Landau und des Landkreises S\u00fcdliche Weinstra\u00dfe<br>17.06.2020<\/em><\/p>\n\n\n\n<h2 class=\"wp-block-heading\"><strong>Zum Start der Corona-App: Verwaltungschefs der Stadt Landau und der Landkreise S\u00fcdliche Weinstra\u00dfe und Germersheim werben f\u00fcr Nutzung der bundesweiten Warn-App<\/strong><\/h2>\n\n\n\n<figure class=\"wp-block-image\"><img decoding=\"async\" loading=\"lazy\" width=\"800\" height=\"533\" src=\"https:\/\/speyer24news.com\/wp-content\/uploads\/2020\/06\/Gemeinsame-PM-Corona-App.jpg\" alt=\"\" class=\"wp-image-28049\" srcset=\"https:\/\/speyer24news.com\/wp-content\/uploads\/2020\/06\/Gemeinsame-PM-Corona-App.jpg 800w, https:\/\/speyer24news.com\/wp-content\/uploads\/2020\/06\/Gemeinsame-PM-Corona-App-300x200.jpg 300w, https:\/\/speyer24news.com\/wp-content\/uploads\/2020\/06\/Gemeinsame-PM-Corona-App-768x512.jpg 768w\" sizes=\"(max-width: 800px) 100vw, 800px\" \/><figcaption>Die Corona-App der Bundesregierung ist kostenlos in allen App-Stores erh\u00e4ltlich. (<em>Quelle: Stadt Landau<\/em>) <\/figcaption><\/figure>\n\n\n\n<p>Abstand, Hygiene und Alltagsmaske: So lautet das Gebot der Stunde\nim Kampf gegen die Corona-Pandemie, f\u00fcr das auch die Stadt Landau sowie die\nLandkreise S\u00fcdliche Weinstra\u00dfe und Germersheim werben. Mit der Corona-App der\nBundesregierung steht ab sofort ein weiteres Mittel zur Eind\u00e4mmung des\nCorona-Virus zur Verf\u00fcgung, mit dessen Hilfe die Kontakte von\nCovid-19-Erkrankten nachvollzogen und so eine weitere Ausbreitung verhindert\nwerden soll.<\/p>\n\n\n\n<p>Landaus Oberb\u00fcrgermeister Thomas Hirsch sowie die Landr\u00e4te Dietmar\nSeefeldt (S\u00dcW) und Dr. Fritz Brechtel (GER) weisen auf das neue Angebot der\nBundesregierung hin und rufen die B\u00fcrgerinnen und B\u00fcrger dazu auf, die\ndeutschlandweite Warn-App zu nutzen. \u201eIm Kampf gegen das Corona-Virus hat es\nLockerungen gegeben, die uns allen guttun und wir freuen uns, nun schon seit\nWochen nahezu Corona-frei zu sein. Aber: Wenn wir die bisher erzielten Erfolge\nnicht gef\u00e4hrden wollen, m\u00fcssen wir weiter vorsichtig sein \u2013 das gilt jetzt\nsogar noch mehr als in den Wochen des kompletten \u00abLockdowns\u00bb\u201c, sind sich die\nVerwaltungschefs einig. Aus diesem Grund sei es besonders wichtig, neben dem\nEinhalten der AHA-Regel auch die neue M\u00f6glichkeit zur Kontaktnachverfolgung zu\nnutzen. \u201eNur, wenn wir alle zusammenhalten und uns konsequent an die Regeln\nhalten gelingt es uns, gemeinsam gut durch diese Krise zu kommen\u201c, betonen\nHirsch, Seefeldt und Dr. Brechtel.<\/p>\n\n\n\n<p>So funktioniert\u2018s: Die Corona-App misst \u00fcber den Kurzstreckenfunk Bluetooth, ob sich Anwenderinnen und Anwender der App \u00fcber einen Zeitraum von 15 Minuten oder l\u00e4nger n\u00e4her als zwei Meter gekommen sind. Daf\u00fcr tauschen die Ger\u00e4te untereinander tempor\u00e4re verschl\u00fcsselte Daten aus. Der Ort der Begegnung wird dabei nicht erfasst. Werden Nutzerinnen und Nutzer der App positiv auf Covid-19 getestet, k\u00f6nnen sie auf freiwilliger Basis ihre Kontakte durch die App informieren lassen, dass sie sich in der Vergangenheit in der N\u00e4he einer infizierten Person aufgehalten haben. Die Warn-App ist ab Montagabend kostenlos in allen App-Stores erh\u00e4ltlich. Wichtig: Wer in den App-Stores nach \u201eCorona\u201c sucht, findet inzwischen mehrere Corona-Apps. Die offizielle Corona-App der Bundesregierung ist an einem rot-blauen \u201eC\u201c zu erkennen. <\/p>\n\n\n\n<p><em>Gemeinsame Pressemitteilung der Landkreise Germersheim und S\u00fcdliche Weinstra\u00dfe sowie der Stadt Landau<br>17.06.2020<\/em><\/p>\n\n\n\n<h2 class=\"wp-block-heading\">M\u00f6rzheimer mit Leib und Seele: Trauer um langj\u00e4hrigen Ortsvorsteher G\u00fcnther Lintz<\/h2>\n\n\n\n<div class=\"wp-block-image\"><figure class=\"aligncenter\"><img decoding=\"async\" loading=\"lazy\" width=\"500\" height=\"711\" src=\"https:\/\/speyer24news.com\/wp-content\/uploads\/2020\/06\/Info-16-06-2020-12-Uhr_G\u00fcnther-Lintz.jpg\" alt=\"\" class=\"wp-image-28054\" srcset=\"https:\/\/speyer24news.com\/wp-content\/uploads\/2020\/06\/Info-16-06-2020-12-Uhr_G\u00fcnther-Lintz.jpg 500w, https:\/\/speyer24news.com\/wp-content\/uploads\/2020\/06\/Info-16-06-2020-12-Uhr_G\u00fcnther-Lintz-211x300.jpg 211w\" sizes=\"(max-width: 500px) 100vw, 500px\" \/><figcaption>Die Stadt Landau trauert um den langj\u00e4hrigen Ortsvorsteher M\u00f6rzheims, G\u00fcnther Lintz. <em>(Quelle: Stadt Landau)<\/em> <\/figcaption><\/figure><\/div>\n\n\n\n<p>Die Landauer Stadtspitze trauert um den langj\u00e4hrigen\nOrtsvorsteher M\u00f6rzheims, G\u00fcnther Lintz. Der engagierte Kommunalpolitiker verstarb\nk\u00fcrzlich im Alter von 93 Jahren. G\u00fcnther Lintz geh\u00f6rte seit 1956 dem\nGemeinderat bzw. dem sp\u00e4teren Ortsbeirat des Landauer Stadtdorfs an und war von\n1975 bis 1994 insgesamt 19 Jahre Ortsvorsteher seines Heimatdorfs.<\/p>\n\n\n\n<p>\u201eG\u00fcnther Lintz hat sich \u00fcber viele Jahre f\u00fcr\nM\u00f6rzheim eingesetzt und an ma\u00dfgeblicher Stelle zur Entwicklung seines\nHeimatdorfs beigetragen\u201c, betont die Stadtspitze um Oberb\u00fcrgermeister Thomas\nHirsch. Um sein beispielhaftes Engagement geb\u00fchrend zu ehren, wurde G\u00fcnther\nLintz im Jahr 1982 der Ehrenring der Stadt Landau verliehen. Au\u00dferdem wurde er\nmit der Freiherr-vom-Stein-Plakette und der Landesehrennadel ausgezeichnet.\n\u201eMit G\u00fcnther Lintz verlieren wir eine au\u00dfergew\u00f6hnliche Pers\u00f6nlichkeit, deren\nTod im Stadtdorf M\u00f6rzheim wie auch in der gesamten Stadt Landau eine gro\u00dfe\nL\u00fccke hinterl\u00e4sst\u201c, so der Stadtchef.<\/p>\n\n\n\n<p>Die Stadt Landau ist in Gedanken bei den Angeh\u00f6rigen\nund wird dem Verstorbenen ein ehrendes Andenken bewahren.<\/p>\n\n\n\n<p><em>Stadtverwaltung Landau in der Pfalz<\/em><br><em>17.06.2020<\/em><\/p>\n\n\n\n<h2 class=\"wp-block-heading\">Gute Nachricht f\u00fcr Landaus Sportlerinnen und Sportler: Kunstrasenplatz am Sportzentrum West er\u00f6ffnet<\/h2>\n\n\n\n<div class=\"wp-block-image\"><figure class=\"aligncenter\"><img decoding=\"async\" loading=\"lazy\" width=\"800\" height=\"533\" src=\"https:\/\/speyer24news.com\/wp-content\/uploads\/2020\/06\/Info-16-06-2020-12-Uhr_Kunstrasenplatz_1.jpg\" alt=\"\" class=\"wp-image-28053\" srcset=\"https:\/\/speyer24news.com\/wp-content\/uploads\/2020\/06\/Info-16-06-2020-12-Uhr_Kunstrasenplatz_1.jpg 800w, https:\/\/speyer24news.com\/wp-content\/uploads\/2020\/06\/Info-16-06-2020-12-Uhr_Kunstrasenplatz_1-300x200.jpg 300w, https:\/\/speyer24news.com\/wp-content\/uploads\/2020\/06\/Info-16-06-2020-12-Uhr_Kunstrasenplatz_1-768x512.jpg 768w\" sizes=\"(max-width: 800px) 100vw, 800px\" \/><figcaption>OB Thomas Hirsch (2.v.l.), B\u00fcrgermeister Dr. Maximilian Ingenthron (2.v.r.), Beigeordneter Lukas Hartmann (l.) und GML-Werkleiter Michael G\u00f6tz (r.) bei der Er\u00f6ffnung des neuen Kunstrasenplatzes. <em>(Quelle: Stadt Landau)<\/em><\/figcaption><\/figure><\/div>\n\n\n\n<p>\u201eAnpfiff\u201c auf dem Gel\u00e4nde des Jahnsportplatzes: Die\nStadtspitze hat den neuen Kunstrasenplatz am Sportzentrum West jetzt offiziell\nf\u00fcr die Benutzung freigegeben. Die mit rund 970.000 Euro veranschlagte\nMa\u00dfnahme, die vom st\u00e4dtischen Geb\u00e4udemanagement betreut wurde, ist von\nzentraler Bedeutung f\u00fcr Landaus Sportst\u00e4ttenplanung. Mit der Er\u00f6ffnung der\nkorkverf\u00fcllten Spielfl\u00e4che wird die Sportst\u00e4tte f\u00fcr den Schul-, vor allem aber\nf\u00fcr den Vereins- und Breitensport noch attraktiver.<\/p>\n\n\n\n<p>\u201eDer Bau des Kunstrasenplatzes ist zentral f\u00fcr die\nUmsetzung unserer Sportst\u00e4ttenplanung\u201c, so Oberb\u00fcrgermeister Thomas Hirsch. Mit\ndem neuen Kunstrasenplatz sei in Landau erstmals seit langer Zeit wieder ein\nPlatz entstanden, der sich explizit nach den Bed\u00fcrfnissen von Vereinen und\nBreitensport richte, so der OB weiter. Sein Dank gelte allen, die sich \u00fcber\neinen so langen Zeitraum innerhalb und au\u00dferhalb der Verwaltung f\u00fcr das Projekt\nengagiert h\u00e4tten \u2013 allen voran dem F\u00f6rderverein, der 50.000 Euro f\u00fcr den Bau\ndes Kunstrasenplatzes beigesteuert habe.<\/p>\n\n\n\n<p>\u201eDer Jahnsportplatz war gestern. Heute schlagen wir ein neues Kapitel in der Geschichte des Fu\u00dfballs in Landau auf. Unser besonderer Dank gilt dem Jugendf\u00f6rderverein des FV 1920 Queichheim, des SV M\u00f6rlheim 1964, des SV Dammheim 1961 und des SV Landau West, der sich f\u00fcr den Platz stark gemacht hat und auch der Hauptnutzer sein wird\u201c, so B\u00fcrgermeister und Sportdezernent Dr. Maximilian Ingenthron. \u201eF\u00fcr sehr viele Landauer Fu\u00dfballerinnen und Fu\u00dfballer ist mit diesem Platz ein lange gehegter Traum in Erf\u00fcllung gegangen. Zahlreiche Vereine und Schulen k\u00f6nnen ihn k\u00fcnftig ganzj\u00e4hrig \u00fcber mehr als 2100 Stunden nutzen\u201c, betont der Sportdezernent. \u201eDamit verbessern wir die Voraussetzungen erheblich, dass der fu\u00dfballerische Nachwuchs in Landau bestm\u00f6gliche Trainings- und Spielbedingungen vorfindet.\u201c<\/p>\n\n\n\n<div class=\"wp-block-image\"><figure class=\"aligncenter\"><img decoding=\"async\" loading=\"lazy\" width=\"800\" height=\"533\" src=\"https:\/\/speyer24news.com\/wp-content\/uploads\/2020\/06\/Info-16-06-2020-12-Uhr_Kunstrasenplatz_2.jpg\" alt=\"\" class=\"wp-image-28052\" srcset=\"https:\/\/speyer24news.com\/wp-content\/uploads\/2020\/06\/Info-16-06-2020-12-Uhr_Kunstrasenplatz_2.jpg 800w, https:\/\/speyer24news.com\/wp-content\/uploads\/2020\/06\/Info-16-06-2020-12-Uhr_Kunstrasenplatz_2-300x200.jpg 300w, https:\/\/speyer24news.com\/wp-content\/uploads\/2020\/06\/Info-16-06-2020-12-Uhr_Kunstrasenplatz_2-768x512.jpg 768w\" sizes=\"(max-width: 800px) 100vw, 800px\" \/><figcaption>Da rollt der Ball: Ab sofort darf am neuen Sportzentrum West auf Kork gekickt werden. <em>(Quelle: Stadt Landau)<\/em> <\/figcaption><\/figure><\/div>\n\n\n\n<p>Betreut wurde die Ma\u00dfnahme \u2013 die mit einer Bauzeit von gut\nsechs Monaten sogar vier Wochen fr\u00fcher als geplant abgeschlossen werden konnte\n\u2013 vom st\u00e4dtischen Geb\u00e4udemanagement (GML), das auch die angrenzende Sporthalle\nWest realisiert. Entstanden ist ein Sportplatz mit einer DFB-konformen\nSpielfl\u00e4che von 90 auf 60 Metern mit moderner LED-Flutlichtanlage. \u201eDer alte\nHartplatz und dessen Ausstattung gen\u00fcgten nicht mehr den Anforderungen an eine\nmoderne Sportst\u00e4tte\u201c, machte GML-Dezernent Lukas Hartmann deutlich. \u201eJetzt\nhaben wir einen zeitgem\u00e4\u00dfen Platz mit Kork- statt Plastikkugelverf\u00fcllung und\ndem Vorteil, viel Fl\u00e4che, Wasser und Ressourcen sparen zu k\u00f6nnen, da der Platz\nintensiver bespielt werden kann als ein Rasenplatz\u201c, so Hartmann. <\/p>\n\n\n\n<p>Auf sein erstes richtiges Fu\u00dfballspiel muss der Platz wegen der Corona-Auflagen noch eine Weile warten. Bis dahin darf er aber beispielsweise schon f\u00fcr Lauf- bzw. Konditionstraining oder zum \u00dcben von Passspiel, Freist\u00f6\u00dfen und \u00c4hnlichem genutzt werden.<\/p>\n\n\n\n<p><em>Stadtverwaltung Landau in der Pfalz<br>17.06.2020<\/em><\/p>\n","protected":false},"excerpt":{"rendered":"<div class=\"mh-excerpt\"><p>Coronavirus &#8211; Fallzahlen Dienstag, 16.06.2020 Fallzahlen im Landkreis S\u00fcdliche Weinstra\u00dfe und der Stadt Landau weiter unver\u00e4ndert Nach aktuellem Stand (16.06.2020, 12:00 Uhr) hat sich seit gestern keine Ver\u00e4nderung der Fallzahlen ergeben. Insgesamt wurden 222 F\u00e4lle <a class=\"mh-excerpt-more\" href=\"https:\/\/speyer24news.com\/?p=28051\" title=\"Landau und Landkreis LD\">[&#8230;]<\/a><\/p>\n<\/div>","protected":false},"author":3,"featured_media":23857,"comment_status":"open","ping_status":"open","sticky":false,"template":"","format":"standard","meta":{"_monsterinsights_skip_tracking":false,"_monsterinsights_sitenote_active":false,"_monsterinsights_sitenote_note":"","_monsterinsights_sitenote_category":0,"footnotes":""},"categories":[675],"tags":[6648,7076,7452,6323,7252,7251,7460,4966,58,2962,2038,7459],"aioseo_notices":[],"amp_enabled":true,"_links":{"self":[{"href":"https:\/\/speyer24news.com\/index.php?rest_route=\/wp\/v2\/posts\/28051"}],"collection":[{"href":"https:\/\/speyer24news.com\/index.php?rest_route=\/wp\/v2\/posts"}],"about":[{"href":"https:\/\/speyer24news.com\/index.php?rest_route=\/wp\/v2\/types\/post"}],"author":[{"embeddable":true,"href":"https:\/\/speyer24news.com\/index.php?rest_route=\/wp\/v2\/users\/3"}],"replies":[{"embeddable":true,"href":"https:\/\/speyer24news.com\/index.php?rest_route=%2Fwp%2Fv2%2Fcomments&post=28051"}],"version-history":[{"count":1,"href":"https:\/\/speyer24news.com\/index.php?rest_route=\/wp\/v2\/posts\/28051\/revisions"}],"predecessor-version":[{"id":28055,"href":"https:\/\/speyer24news.com\/index.php?rest_route=\/wp\/v2\/posts\/28051\/revisions\/28055"}],"wp:featuredmedia":[{"embeddable":true,"href":"https:\/\/speyer24news.com\/index.php?rest_route=\/wp\/v2\/media\/23857"}],"wp:attachment":[{"href":"https:\/\/speyer24news.com\/index.php?rest_route=%2Fwp%2Fv2%2Fmedia&parent=28051"}],"wp:term":[{"taxonomy":"category","embeddable":true,"href":"https:\/\/speyer24news.com\/index.php?rest_route=%2Fwp%2Fv2%2Fcategories&post=28051"},{"taxonomy":"post_tag","embeddable":true,"href":"https:\/\/speyer24news.com\/index.php?rest_route=%2Fwp%2Fv2%2Ftags&post=28051"}],"curies":[{"name":"wp","href":"https:\/\/api.w.org\/{rel}","templated":true}]}}