{"id":28140,"date":"2020-06-20T09:49:55","date_gmt":"2020-06-20T08:49:55","guid":{"rendered":"https:\/\/speyer24news.com\/?p=28140"},"modified":"2020-06-20T09:49:56","modified_gmt":"2020-06-20T08:49:56","slug":"geschwindigkeitsmessungen-blitzer-3","status":"publish","type":"post","link":"https:\/\/speyer24news.com\/?p=28140","title":{"rendered":"Geschwindigkeitsmessungen \/ Blitzer"},"content":{"rendered":"<style type=\"text\/css\">\r\n\t.ads_top_disp{}\r\n\t.ads_top_corner_disp{ float:left; margin:0px 10px 10px 0px; }\r\n\t.ads_first_p_disp{}\r\n\t.ads_bottom_disp{}\r\n\t<\/style>\n<h2 class=\"wp-block-heading\">Geschwindigkeitskontrollen f\u00fcr die Woche vom 22. bis 26. Juni<\/h2>\n\n\n\n<div class=\"wp-block-image\"><figure class=\"aligncenter\"><img decoding=\"async\" loading=\"lazy\" width=\"640\" height=\"497\" src=\"https:\/\/speyer24news.com\/wp-content\/uploads\/2020\/01\/Kontrolle-BaW\u00fc.jpg\" alt=\"\" class=\"wp-image-23874\" srcset=\"https:\/\/speyer24news.com\/wp-content\/uploads\/2020\/01\/Kontrolle-BaW\u00fc.jpg 640w, https:\/\/speyer24news.com\/wp-content\/uploads\/2020\/01\/Kontrolle-BaW\u00fc-300x233.jpg 300w\" sizes=\"(max-width: 640px) 100vw, 640px\" \/><\/figure><\/div>\n\n\n\n<p><strong>(Mannheim) &#8211; <\/strong>Die Stadt Mannheim f\u00fchrt vom 22. bis 26. Juni in folgenden Stra\u00dfen Radarkontrollen durch:<\/p>\n\n\n\n<ul><li> Alphornstra\u00dfe (Neckarschule)<\/li><li> Belfortstra\u00dfe (Wilhelm-Wundt-Schule)<\/li><li> B\u00fcrgermeister-Fuchs-Stra\u00dfe<\/li><li> Brunhildestra\u00dfe<\/li><li> Dammstra\u00dfe<\/li><li> Ernst-Barlach-Allee (Johann-Peter-Hebel-Schule)<\/li><li> Franz-Gelb-Weg<\/li><li> Gartenfeldstra\u00dfe (Humboldtschule)<\/li><li> Grete-Fleischmann-Stra\u00dfe<\/li><li> Gustav-Seitz-Stra\u00dfe<\/li><li> Hans-Thoma-Stra\u00dfe<\/li><li> Karl-Ladenburg-Stra\u00dfe<\/li><li> Langstra\u00dfe (verkehrsberuhigter Bereich)<\/li><li> Luisenstra\u00dfe (Schillerschule)<\/li><li> Lutherstra\u00dfe (verkehrsberuhigter Bereich)<\/li><li> Mallaustra\u00dfe<\/li><li> Rheingoldstra\u00dfe<\/li><li> Voltastra\u00dfe<\/li><\/ul>\n\n\n\n<p>Kurzfristige \u00c4nderungen oder zus\u00e4tzliche Messstellen sind aus aktuellem Anlass m\u00f6glich.<\/p>\n\n\n\n<p><em>Stadt Mannheim<br>20.06.2020<\/em><\/p>\n\n\n\n<h2 class=\"wp-block-heading\">Radarkontrollen f\u00fcr die Woche vom 22. Juni bis 28. Juni 2020<\/h2>\n\n\n\n<figure class=\"wp-block-image\"><img decoding=\"async\" src=\"https:\/\/speyer24news.com\/wp-content\/uploads\/2020\/01\/Radarkontrolle_1.jpg\" alt=\"\" class=\"wp-image-23873\"\/><\/figure>\n\n\n\n<p><strong>(Ludwigshafen ) &#8211; <\/strong>Die Stadt Ludwigshafen nimmt in folgenden Stadtteilen Radarkontrollen vor.<\/p>\n\n\n\n<ul><li>Montag, 22. Juni: Edigheim, Oggersheim und Friesenheim<\/li><li>Dienstag, 23. Juni: Maudach, Mitte, und Nord<\/li><li>Mittwoch, 24. Juni: Ruchheim, Oggersheim und S\u00fcd<\/li><li>Donnerstag, 25. Juni: Friesenheim, Rheing\u00f6nheim und Mundenheim<\/li><li>Freitag, 26. Juni: West, S\u00fcd und Oppau<\/li><\/ul>\n\n\n\n<p>Kurzfristige \u00c4nderungen beh\u00e4lt sich der Bereich Stra\u00dfenverkehr vor. Kontrollen k\u00f6nnen auch kurzfristig an anderen Stellen statt-finden.<\/p>\n\n\n\n<p><em>Stadt Ludwigshafen<br>20.06.2020<\/em><\/p>\n","protected":false},"excerpt":{"rendered":"<div class=\"mh-excerpt\"><p>Geschwindigkeitskontrollen f\u00fcr die Woche vom 22. bis 26. Juni (Mannheim) &#8211; Die Stadt Mannheim f\u00fchrt vom 22. bis 26. Juni in folgenden Stra\u00dfen Radarkontrollen durch: Alphornstra\u00dfe (Neckarschule) Belfortstra\u00dfe (Wilhelm-Wundt-Schule) B\u00fcrgermeister-Fuchs-Stra\u00dfe Brunhildestra\u00dfe Dammstra\u00dfe Ernst-Barlach-Allee (Johann-Peter-Hebel-Schule) Franz-Gelb-Weg <a class=\"mh-excerpt-more\" href=\"https:\/\/speyer24news.com\/?p=28140\" title=\"Geschwindigkeitsmessungen \/ Blitzer\">[&#8230;]<\/a><\/p>\n<\/div>","protected":false},"author":3,"featured_media":0,"comment_status":"open","ping_status":"open","sticky":false,"template":"","format":"standard","meta":{"_monsterinsights_skip_tracking":false,"_monsterinsights_sitenote_active":false,"_monsterinsights_sitenote_note":"","_monsterinsights_sitenote_category":0,"footnotes":""},"categories":[64],"tags":[18,4819,4814,19,4822,4817,4228,947,4820,4815,779,4821,4816,227,17,7068,7004,949,4818,4813,1310,948],"aioseo_notices":[],"amp_enabled":true,"_links":{"self":[{"href":"https:\/\/speyer24news.com\/index.php?rest_route=\/wp\/v2\/posts\/28140"}],"collection":[{"href":"https:\/\/speyer24news.com\/index.php?rest_route=\/wp\/v2\/posts"}],"about":[{"href":"https:\/\/speyer24news.com\/index.php?rest_route=\/wp\/v2\/types\/post"}],"author":[{"embeddable":true,"href":"https:\/\/speyer24news.com\/index.php?rest_route=\/wp\/v2\/users\/3"}],"replies":[{"embeddable":true,"href":"https:\/\/speyer24news.com\/index.php?rest_route=%2Fwp%2Fv2%2Fcomments&post=28140"}],"version-history":[{"count":1,"href":"https:\/\/speyer24news.com\/index.php?rest_route=\/wp\/v2\/posts\/28140\/revisions"}],"predecessor-version":[{"id":28141,"href":"https:\/\/speyer24news.com\/index.php?rest_route=\/wp\/v2\/posts\/28140\/revisions\/28141"}],"wp:attachment":[{"href":"https:\/\/speyer24news.com\/index.php?rest_route=%2Fwp%2Fv2%2Fmedia&parent=28140"}],"wp:term":[{"taxonomy":"category","embeddable":true,"href":"https:\/\/speyer24news.com\/index.php?rest_route=%2Fwp%2Fv2%2Fcategories&post=28140"},{"taxonomy":"post_tag","embeddable":true,"href":"https:\/\/speyer24news.com\/index.php?rest_route=%2Fwp%2Fv2%2Ftags&post=28140"}],"curies":[{"name":"wp","href":"https:\/\/api.w.org\/{rel}","templated":true}]}}