{"id":28149,"date":"2020-06-20T11:01:32","date_gmt":"2020-06-20T10:01:32","guid":{"rendered":"https:\/\/speyer24news.com\/?p=28149"},"modified":"2020-06-20T11:01:32","modified_gmt":"2020-06-20T10:01:32","slug":"speyer-31","status":"publish","type":"post","link":"https:\/\/speyer24news.com\/?p=28149","title":{"rendered":"Speyer"},"content":{"rendered":"<style type=\"text\/css\">\r\n\t.ads_top_disp{}\r\n\t.ads_top_corner_disp{ float:left; margin:0px 10px 10px 0px; }\r\n\t.ads_first_p_disp{}\r\n\t.ads_bottom_disp{}\r\n\t<\/style>\n<h2 class=\"wp-block-heading\"><strong>Oberb\u00fcrgermeisterin appelliert an ADD verkaufsoffene Sonntage ohne Begleitveranstaltung zu erm\u00f6glichen<\/strong><\/h2>\n\n\n\n<div class=\"wp-block-image\"><figure class=\"aligncenter\"><img decoding=\"async\" loading=\"lazy\" width=\"800\" height=\"600\" src=\"https:\/\/speyer24news.com\/wp-content\/uploads\/2020\/01\/IMG_20200110_193106-1.jpg\" alt=\"\" class=\"wp-image-24109\" srcset=\"https:\/\/speyer24news.com\/wp-content\/uploads\/2020\/01\/IMG_20200110_193106-1.jpg 800w, https:\/\/speyer24news.com\/wp-content\/uploads\/2020\/01\/IMG_20200110_193106-1-300x225.jpg 300w, https:\/\/speyer24news.com\/wp-content\/uploads\/2020\/01\/IMG_20200110_193106-1-768x576.jpg 768w, https:\/\/speyer24news.com\/wp-content\/uploads\/2020\/01\/IMG_20200110_193106-1-678x509.jpg 678w, https:\/\/speyer24news.com\/wp-content\/uploads\/2020\/01\/IMG_20200110_193106-1-326x245.jpg 326w, https:\/\/speyer24news.com\/wp-content\/uploads\/2020\/01\/IMG_20200110_193106-1-80x60.jpg 80w\" sizes=\"(max-width: 800px) 100vw, 800px\" \/><\/figure><\/div>\n\n\n\n<p>Oberb\u00fcrgermeisterin Stefanie Seiler hat sich mit einem Schreiben an Thomas Linnertz, Pr\u00e4sident der Aufsichts- und Dienstleistungsdirektion  in Trier, gewandt und die Erm\u00f6glichung von verkaufsoffenen Sonntagen auch ohne Begleitveranstaltung gefordert. Begleitveranstaltungen sind gem\u00e4\u00df der g\u00fcltigen Rechtslage Voraussetzung f\u00fcr die Durchf\u00fchrung von verkaufsoffenen Sonntagen in Rheinland-Pfalz. Nach  den Ank\u00fcndigungen von Bund und L\u00e4ndern, das Verbot von Gro\u00dfveranstaltungen bis Ende Oktober 2020 auszuweiten, sind demnach auch die beiden im Oktober geplanten verkaufsoffenen Sonntage in Speyer gef\u00e4hrdet.<\/p>\n\n\n\n<div class=\"wp-block-image\"><figure class=\"aligncenter\"><img decoding=\"async\" loading=\"lazy\" width=\"600\" height=\"263\" src=\"https:\/\/speyer24news.com\/wp-content\/uploads\/2020\/06\/ADD-RLP-Logo.png\" alt=\"\" class=\"wp-image-28150\" srcset=\"https:\/\/speyer24news.com\/wp-content\/uploads\/2020\/06\/ADD-RLP-Logo.png 600w, https:\/\/speyer24news.com\/wp-content\/uploads\/2020\/06\/ADD-RLP-Logo-300x132.png 300w\" sizes=\"(max-width: 600px) 100vw, 600px\" \/><\/figure><\/div>\n\n\n\n<p>\u201eDas Privileg einer attraktiven Innenstadt haben wir in erster Linie den zahlreichen Einzelh\u00e4ndlerinnen und Einzelh\u00e4ndlern zu verdanken,  die mit viel Liebe und Hingabe ihre Betriebe f\u00fchren und sich h\u00e4ufig lokal engagieren. Dieses sind allerdings nach wie vor sehr stark von den Auswirkungen der Corona-Pandemie betroffen\u201c, betont Oberb\u00fcrgermeisterin Seiler. Durch ihre regelm\u00e4\u00dfigen Gespr\u00e4che vor Ort wisse sie um die Sorgen und N\u00f6te der Einzelh\u00e4ndler*innen, deren wirtschaftliche Situation ihr gro\u00dfe Sorgen bereite. Trotz aller Hilfsma\u00dfnahmen  bef\u00e4nden sich viele Betriebe am Rande der wirtschaftlichen Existenz. \u201eDaher ist jeder Verkaufstag und jede M\u00f6glichkeit, Umsatz zu generieren, zum jetzigen Zeitpunkt enorm wichtig\u201c, f\u00fchrt die Stadtchefin weiter aus. Entsprechend unverst\u00e4ndlich sei daher das  Festhalten an der Verordnung des Landes zu den verkaufsoffenen Sonntagen in ihrer bisherigen Fassung. \u201eEine Auflockerung der Regelungen w\u00e4re mindestens f\u00fcr das laufende Jahr 2020 wichtig und ein richtiges Zeichen gegen\u00fcber dem station\u00e4ren Einzelhandel. Dieser  braucht nun solche Ma\u00dfnahmen, um die Kommunen und ihre Innenst\u00e4dte auch in Zukunft attraktiv und wettbewerbsf\u00e4hig zu halten\u201c, so Seiler. <\/p>\n\n\n\n<p><em>Stadtverwaltung Speyer<br>20.06.2020<\/em><\/p>\n","protected":false},"excerpt":{"rendered":"<div class=\"mh-excerpt\"><p>Oberb\u00fcrgermeisterin appelliert an ADD verkaufsoffene Sonntage ohne Begleitveranstaltung zu erm\u00f6glichen Oberb\u00fcrgermeisterin Stefanie Seiler hat sich mit einem Schreiben an Thomas Linnertz, Pr\u00e4sident der Aufsichts- und Dienstleistungsdirektion in Trier, gewandt und die Erm\u00f6glichung von verkaufsoffenen Sonntagen <a class=\"mh-excerpt-more\" href=\"https:\/\/speyer24news.com\/?p=28149\" title=\"Speyer\">[&#8230;]<\/a><\/p>\n<\/div>","protected":false},"author":3,"featured_media":23902,"comment_status":"open","ping_status":"open","sticky":false,"template":"","format":"standard","meta":{"_monsterinsights_skip_tracking":false,"_monsterinsights_sitenote_active":false,"_monsterinsights_sitenote_note":"","_monsterinsights_sitenote_category":0,"footnotes":""},"categories":[9],"tags":[7496,7495,699,6,777,6568],"aioseo_notices":[],"amp_enabled":true,"_links":{"self":[{"href":"https:\/\/speyer24news.com\/index.php?rest_route=\/wp\/v2\/posts\/28149"}],"collection":[{"href":"https:\/\/speyer24news.com\/index.php?rest_route=\/wp\/v2\/posts"}],"about":[{"href":"https:\/\/speyer24news.com\/index.php?rest_route=\/wp\/v2\/types\/post"}],"author":[{"embeddable":true,"href":"https:\/\/speyer24news.com\/index.php?rest_route=\/wp\/v2\/users\/3"}],"replies":[{"embeddable":true,"href":"https:\/\/speyer24news.com\/index.php?rest_route=%2Fwp%2Fv2%2Fcomments&post=28149"}],"version-history":[{"count":1,"href":"https:\/\/speyer24news.com\/index.php?rest_route=\/wp\/v2\/posts\/28149\/revisions"}],"predecessor-version":[{"id":28151,"href":"https:\/\/speyer24news.com\/index.php?rest_route=\/wp\/v2\/posts\/28149\/revisions\/28151"}],"wp:featuredmedia":[{"embeddable":true,"href":"https:\/\/speyer24news.com\/index.php?rest_route=\/wp\/v2\/media\/23902"}],"wp:attachment":[{"href":"https:\/\/speyer24news.com\/index.php?rest_route=%2Fwp%2Fv2%2Fmedia&parent=28149"}],"wp:term":[{"taxonomy":"category","embeddable":true,"href":"https:\/\/speyer24news.com\/index.php?rest_route=%2Fwp%2Fv2%2Fcategories&post=28149"},{"taxonomy":"post_tag","embeddable":true,"href":"https:\/\/speyer24news.com\/index.php?rest_route=%2Fwp%2Fv2%2Ftags&post=28149"}],"curies":[{"name":"wp","href":"https:\/\/api.w.org\/{rel}","templated":true}]}}