{"id":28207,"date":"2020-06-21T14:51:35","date_gmt":"2020-06-21T13:51:35","guid":{"rendered":"https:\/\/speyer24news.com\/?p=28207"},"modified":"2020-06-21T14:51:36","modified_gmt":"2020-06-21T13:51:36","slug":"kirche-72","status":"publish","type":"post","link":"https:\/\/speyer24news.com\/?p=28207","title":{"rendered":"Kirche"},"content":{"rendered":"<style type=\"text\/css\">\r\n\t.ads_top_disp{}\r\n\t.ads_top_corner_disp{ float:left; margin:0px 10px 10px 0px; }\r\n\t.ads_first_p_disp{}\r\n\t.ads_bottom_disp{}\r\n\t<\/style>\n<h2 class=\"wp-block-heading\"><strong>Internationaler Orgelzyklus Dom zu Speyer<\/strong><\/h2>\n\n\n\n<h4 class=\"wp-block-heading\"><strong>Dillinger Basilikaorganist f\u00fchrt durch \u201eSymphonische Landschaften\u201c <\/strong><\/h4>\n\n\n\n<div class=\"wp-block-image\"><figure class=\"aligncenter\"><img decoding=\"async\" loading=\"lazy\" width=\"500\" height=\"750\" src=\"https:\/\/speyer24news.com\/wp-content\/uploads\/2020\/06\/Foto-Flierl-Hoch.jpg\" alt=\"\" class=\"wp-image-28212\" srcset=\"https:\/\/speyer24news.com\/wp-content\/uploads\/2020\/06\/Foto-Flierl-Hoch.jpg 500w, https:\/\/speyer24news.com\/wp-content\/uploads\/2020\/06\/Foto-Flierl-Hoch-200x300.jpg 200w\" sizes=\"(max-width: 500px) 100vw, 500px\" \/><\/figure><\/div>\n\n\n\n<p><strong>Speyer &#8211; <\/strong>Am <strong>Samstag, den 27. Juni<\/strong> entf\u00fchrt Basilikaorganist Axel Flierl seine Zuh\u00f6rerschaft in \u201eSymphonische Landschaften\u201c. Der Orgelabend im Rahmen des Internationalen Orgelzyklus, der um 19.30 Uhr im Speyerer Dom beginnt, umfasst zwei gro\u00dfe symphonische Werke: die f\u00fcnfs\u00e4tzige <em>3. Symphonie in fis-Moll <\/em>von Louis Vierne, der in diesem Jahr seinen 150. Geburtstag feiert, sowie die <em>Ciacona <\/em>von Karl H\u00f6ller. <\/p>\n\n\n\n<p>Gerade H\u00f6ller hat es dem Konzertorganisten Axel Flierl, der seit 2006 als Kirchenmusiker und Leiter des von ihm gegr\u00fcndeten Orgelfestivals an der Basilika in Dillingen an der Donau t\u00e4tig ist, sehr angetan. Flierl gilt als f\u00fchrender Forscher zu Karl H\u00f6ller und Interpret vornehmlich seiner Orgelwerke, \u00fcber die er zum Dr. phil. promovierte. Erg\u00e4nzt wird der Orgelabend mit der <em>Sinfonia D-Dur <\/em>und der <em>Sicilienne <\/em>von Johann Sebastian Bach sowie der <em>Evocation \u00e0 la Chapelle Sixtine <\/em>von Franz Liszt. Wegen der aktuellen Einschr\u00e4nkungen im Zuge der Coronama\u00dfnahmen muss das PRAELUDIUM (die Werkeinf\u00fchrung zum Konzert) leider entfallen. <\/p>\n\n\n\n<p>Wegen der Corona-Verordnung des Landes Rheinland-Pfalz f\u00fcr Veranstaltungen gelten besondere Schutzma\u00dfnahmen f\u00fcr die Konzertbesucher. Neben der Maskenpflicht und den hygienischen Vorkehrungen (H\u00e4ndedesinfektion und Einhaltung der Abstandsregelung) ist eine Anmeldung und die Erfassung der Teilnehmerdaten verpflichtend. Die Daten werden unter Einhaltung der Datenschutzverordnung vier Wochen aufbewahrt und anschlie\u00dfend vernichtet. <\/p>\n\n\n\n<p><strong>Anmeldungen <\/strong>nimmt das B\u00fcro der Dommusik telefonisch unter der Rufnummer 06232\/100 93 10 oder per E-Mail (<a href=\"dommusik@bistum-speyer.de\">dommusik@bistum-speyer.de<\/a>) entgegen. <\/p>\n\n\n\n<p>Da die Anzahl der Besucherpl\u00e4tze begrenzt ist, empfiehlt sich der Kartenerwerb im Vorverkauf \u00fcber <a href=\"https:\/\/deref-web.de\/mail\/client\/iOxLwbwI2X8\/dereferrer\/?redirectUrl=http%3A%2F%2Fwww.reservix.de\" target=\"_blank\" rel=\"noreferrer noopener\">www.reservix.de<\/a> oder bei den Vorverkaufsstellen von Reservix. Besucher, die im Vorfeld Karten erstehen, erhalten eine Platzgarantie. Eine begrenzte Anzahl an Restkarten wird voraussichtlich an der Abendkasse erh\u00e4ltlich sein. <\/p>\n\n\n\n<p>Wir m\u00f6chten alle Besucher bitten, rechtzeitig zu erscheinen, damit das Konzert trotz der notwendigen Vorkehrungen p\u00fcnktlich beginnen kann. Der Konzerteinlass beginnt um 18:30 Uhr. <\/p>\n\n\n\n<p>Vorverkaufslink: <a rel=\"noreferrer noopener\" href=\"https:\/\/deref-web.de\/mail\/client\/iE5vFjrkwZs\/dereferrer\/?redirectUrl=https%3A%2F%2Fwww.reservix.de%2Ftickets-internationaler-orgelzyklus-dom-zu-speyer-2020-louis-vierne-messe-solennelle-cis-moll-op-16-in-speyer-dom-zu-speyer-am-27-6-2020%2Fe1545811\" target=\"_blank\">https:\/\/www.reservix.de\/tickets-internationaler-orgelzyklus-dom-zu-speyer-2020-louis-vierne-messe-solennelle-cis-moll-op-16-in-speyer-dom-zu-speyer-am-27-6-2020\/e1545811<\/a><\/p>\n\n\n\n<p><em>Text: Bistum Speyer Foto: Axel Flierl<br>21.06.2020<\/em><\/p>\n\n\n\n<h2 class=\"wp-block-heading\"><strong>Requiem und Beisetzung von Bischof Anton Schlembach<\/strong><\/h2>\n\n\n\n<h3 class=\"wp-block-heading\"><strong>Begrenzte Zahl von Sitzpl\u00e4tzen im Dom \u2013 Live-\u00dcbertragung von Domradio im Internet und dem Fernsehkanal EWTN<\/strong><\/h3>\n\n\n\n<div class=\"wp-block-image\"><figure class=\"aligncenter\"><img decoding=\"async\" loading=\"lazy\" width=\"800\" height=\"582\" src=\"https:\/\/speyer24news.com\/wp-content\/uploads\/2020\/06\/DomNordOstansicht1_m.jpg\" alt=\"\" class=\"wp-image-28211\" srcset=\"https:\/\/speyer24news.com\/wp-content\/uploads\/2020\/06\/DomNordOstansicht1_m.jpg 800w, https:\/\/speyer24news.com\/wp-content\/uploads\/2020\/06\/DomNordOstansicht1_m-300x218.jpg 300w, https:\/\/speyer24news.com\/wp-content\/uploads\/2020\/06\/DomNordOstansicht1_m-768x559.jpg 768w\" sizes=\"(max-width: 800px) 100vw, 800px\" \/><\/figure><\/div>\n\n\n\n<p><strong>Speyer &#8211; <\/strong>Das Requiem und die Beisetzung f\u00fcr den verstorbenen Bischof Dr. Anton Schlembach finden am Hochfest Johannes des T\u00e4ufers am <strong>Mittwoch (24. Juni) um 13 Uhr<\/strong> im Dom zu Speyer statt. Bischof Dr. Karl-Heinz Wiesemann steht dem Gottesdienst vor. Konzelebranten sind der Bamberger Erzbischof und Metropolit Dr. Ludwig Schick, der W\u00fcrzburger Bischof Dr. Franz Jung, der Speyerer Weihbischof Otto Georgens und Pfarrer Josef Szuba als Vertreter des Speyerer Klerus. Der Verstorbene findet in der Speyerer Kathedrale in einem Bischofsgrab auf der Ebene des Pfarraltars seine letzte Ruhest\u00e4tte.<\/p>\n\n\n\n<p>Aufgrund der aktuellen Situation stehen im Dom zu Speyer nur knapp 300 Sitzpl\u00e4tze zur Verf\u00fcgung. Auch die Seitenschiffe, die Querh\u00e4user und die Apsis werden bestuhlt sein. Zu dem Gottesdienst werden zahlreiche Ehreng\u00e4ste und langj\u00e4hrige Weggef\u00e4hrten aus Kirche, Politik und Gesellschaft erwartet. Ein Teil der Pl\u00e4tze ist reserviert f\u00fcr Gottesdienstteilnehmer, die sich zuvor beim Bisch\u00f6flichen Ordinariat unter der Telefonnummer 06232 \/ 102-414 anmelden m\u00fcssen. Im Dom gelten die \u00fcblichen Corona-Sicherheitsregeln wie das Einhalten von Mindestabst\u00e4nden, die Erfassung der Kontaktdaten und das Tragen einer Mund-Nasen-Bedeckung. Diese kann nach Einnahme des Sitzplatzes abgelegt werden. Der Einlass in den Dom erfolgt ab 12 Uhr.<\/p>\n\n\n\n<p>Das Requiem und die Beisetzung werden von Domradio.de und dem Fernsehsender EWTN.TV \u00fcbertragen. Die \u00dcbertragung wird auf den Internetseiten und Social-Media-Kan\u00e4len des Bistums, des Domes und im bundesweiten Internetportal <a href=\"http:\/\/www.katholisch.de\">katholisch.de<\/a> ausgespielt.<\/p>\n\n\n\n<p><em>Text: Bistum Speyer Foto: Klaus Landry \u00a9Domkapitel Speyer<br>21.06.2020<\/em><\/p>\n\n\n\n<h2 class=\"wp-block-heading\"><strong>Ausbildung f\u00fcr Organisten und Chorleiter im Nebenamt <\/strong><\/h2>\n\n\n\n<h4 class=\"wp-block-heading\"><strong>Angebot des Bisch\u00f6flichen Kirchenmusikalischen Institutes (BKI) des Bistums Speyer<\/strong><\/h4>\n\n\n\n<div class=\"wp-block-image\"><figure class=\"aligncenter\"><img decoding=\"async\" loading=\"lazy\" width=\"600\" height=\"328\" src=\"https:\/\/speyer24news.com\/wp-content\/uploads\/2020\/06\/Kirchenmusik-Bistum-Speyer.png\" alt=\"\" class=\"wp-image-28210\" srcset=\"https:\/\/speyer24news.com\/wp-content\/uploads\/2020\/06\/Kirchenmusik-Bistum-Speyer.png 600w, https:\/\/speyer24news.com\/wp-content\/uploads\/2020\/06\/Kirchenmusik-Bistum-Speyer-300x164.png 300w\" sizes=\"(max-width: 600px) 100vw, 600px\" \/><\/figure><\/div>\n\n\n\n<p><strong>Speyer \/ Landau \/ Kaiserslautern \/ St. Ingbert &#8211; <\/strong>Das Bisch\u00f6fliche Kirchenmusikalische Institut (BKI) des Bistums Speyer mit Ausbildungsorten in Landau, Kaiserslautern, Speyer und St. Ingbert bietet diverse musikalische Kurse an, die neben Schule oder Beruf besucht werden k\u00f6nnen. <\/p>\n\n\n\n<p>Im Grundkurs kann das Klavier- und Orgelspiel im Einzelunterricht auch ohne Vorkenntnisse erlernt werden. Der Einstieg ist f\u00fcr Sch\u00fcler ab 12 Jahren und Erwachsene ganzj\u00e4hrig m\u00f6glich. <\/p>\n\n\n\n<p>Der zweij\u00e4hrige D-Kurs und der dreij\u00e4hrige C-Kurs steht Laienmusikern ab 13 Jahren mit bereits soliden Klavierspiel-F\u00e4higkeiten offen und dient der Ausbildung zur nebenamtlichen Organistin oder zum Organisten und\/oder zur Chorleiterin oder zum Chorleiter. Er beinhaltet neben dem Einzelunterricht unter der Woche auch F\u00e4cher wie Chorleitung und Musiktheorie, die Samstagvormittags gelehrt werden. <\/p>\n\n\n\n<p>Der Einzelunterricht wird zudem in Neustadt, Weisenheim am Sand, LU-Rheing\u00f6nheim, Schifferstadt, Rheinzabern, Zweibr\u00fccken, Pirmasens und Blieskastel erteilt. <\/p>\n\n\n\n<p>Die Aufnahmepr\u00fcfungen f\u00fcr den n\u00e4chsten C- und D-Kurs werden in der 2. Septemberh\u00e4lfte dieses Jahres an den jeweiligen Ausbildungsorten stattfinden. <\/p>\n\n\n\n<p>Der <strong>Anmeldeschluss<\/strong> hierf\u00fcr ist der 1.9.2020. <\/p>\n\n\n\n<p>Die Leiter der Ausbildungsorte stehen f\u00fcr Fragen gerne zur Verf\u00fcgung: <\/p>\n\n\n\n<p><strong>Kaiserslautern<\/strong>: Maximilian Rajczyk, E-Mail: <a href=\"maximilian.rajczyk@bistum-speyer.de\">maximilian.rajczyk@bistum-speyer.de<\/a> <br><strong>Landau:<\/strong> Bernd Greiner, E-Mail: <a href=\"bernd.greiner@bistum-speyer.de\">bernd.greiner@bistum-speyer.de<\/a> <br><strong>Speyer:<\/strong> Martin Erhard, E-Mail: <a href=\"martin.erhard@bistum-speyer.de\">martin.erhard@bistum-speyer.de<\/a> <br><strong>St. Ingbert:<\/strong> Christian von Blohn, E-Mail: <a href=\"christian.vonblohn@bistum-speyer.de\">christian.vonblohn@bistum-speyer.de<\/a> <\/p>\n\n\n\n<p><strong>Weitere Informationen<\/strong> auch unter: <a rel=\"noreferrer noopener\" href=\"https:\/\/deref-web.de\/mail\/client\/9bZzYT8UbPE\/dereferrer\/?redirectUrl=http%3A%2F%2Fwww.kirchenmusik-bistum-speyer.de\" target=\"_blank\">www.kirchenmusik-bistum-speyer.de<\/a><\/p>\n\n\n\n<p><em>Kirchenmusik Bistum Speyer<br>21.06.2020<\/em><\/p>\n\n\n\n<h2 class=\"wp-block-heading\"><strong>Digitales Lob Gottes beim Landeskirchenmusiktag<\/strong><\/h2>\n\n\n\n<h4 class=\"wp-block-heading\">Musikerinnen und Musiker feiern den 40. Landeskirchenmusiktag in diesem Jahr mit einer besonderen musikalischen Hymne im Videoformat.<\/h4>\n\n\n\n<div class=\"wp-block-image\"><figure class=\"aligncenter\"><img decoding=\"async\" loading=\"lazy\" width=\"600\" height=\"248\" src=\"https:\/\/speyer24news.com\/wp-content\/uploads\/2020\/06\/Landeskirchenmusiktag.png\" alt=\"\" class=\"wp-image-28208\" srcset=\"https:\/\/speyer24news.com\/wp-content\/uploads\/2020\/06\/Landeskirchenmusiktag.png 600w, https:\/\/speyer24news.com\/wp-content\/uploads\/2020\/06\/Landeskirchenmusiktag-300x124.png 300w\" sizes=\"(max-width: 600px) 100vw, 600px\" \/><\/figure><\/div>\n\n\n\n<p><strong>Speyer <em>(lk) <\/em>&#8211; <\/strong>Alle zwei Jahre findet der Landeskirchenmusiktag der Evangelischen Kirche der Pfalz statt. F\u00fcr das 40. Jubil\u00e4um am 21. Juni 2020 waren zehn landeskirchenweite Konzerte geplant, eine gemeinsame Gesangsveranstaltung,  ein Band- und Chorfestival in Landau sowie ein gro\u00dfes Chortreffen in Speyer. Aufgrund der Corona-Verordnungen sind diese Events abgesagt.<\/p>\n\n\n\n<p>Der Beschr\u00e4nkungen zum Trotz hat das Amt f\u00fcr Kirchenmusik am kommenden Sonntag eine Alternative vorbereitet: P\u00fcnktlich um 15 Uhr \u2013 zur urspr\u00fcnglichen Uhrzeit der Abschlussveranstaltung \u2013 senden die Bezirkskantorinnen  und -kantoren gemeinsam mit Landeskirchenmusikdirektor Jochen Steuerwald und Landesposaunenwart Christian Syperek einen musikalischen Gru\u00df auf der Webseite (siehe Link) und YouTube. Damit greifen die Kantorinnen eine Idee aus Baden auf.<\/p>\n\n\n\n<figure class=\"wp-block-image\"><img decoding=\"async\" loading=\"lazy\" width=\"600\" height=\"257\" src=\"https:\/\/speyer24news.com\/wp-content\/uploads\/2020\/06\/Landesverband-f\u00fcr-Kirchenmusik.png\" alt=\"\" class=\"wp-image-28209\" srcset=\"https:\/\/speyer24news.com\/wp-content\/uploads\/2020\/06\/Landesverband-f\u00fcr-Kirchenmusik.png 600w, https:\/\/speyer24news.com\/wp-content\/uploads\/2020\/06\/Landesverband-f\u00fcr-Kirchenmusik-300x129.png 300w\" sizes=\"(max-width: 600px) 100vw, 600px\" \/><\/figure>\n\n\n\n<p>Als musikalisches Werk haben sich die Landeskirchenmusikerinnen f\u00fcr die moderne Hymne \u201eDu bist heilig, Du bringst Heil\u201c nach Gerd Peter M\u00fcnden entschieden. Daran sind Posaunen, Geige, Cello und Fl\u00f6te beteiligt.\n Sie wurden unter anderem in der Ged\u00e4chtniskirche aufgenommen und erklingen nun online. \u201eNormalerweise singen an die tausend Menschen in der Speyerer Ged\u00e4chtniskirche. Ein Video mit 16 Mitwirkenden kann das Feeling des Landeskirchenmusiktags nicht ersetzen,\n aber es will und wird ein gewichtiges und Mut machendes Zeichen setzen\u201c, sagt Landeskirchenmusikdirektor Steuerwald.<\/p>\n\n\n\n<p><a rel=\"noreferrer noopener\" href=\"https:\/\/deref-web.de\/mail\/client\/9LsC2mpX4WY\/dereferrer\/?redirectUrl=http%3A%2F%2Fwww.landeskirchenmusiktag.de\" target=\"_blank\">www.landeskirchenmusiktag.de<\/a><\/p>\n\n\n\n<p><em>21.06.2020<\/em><\/p>\n","protected":false},"excerpt":{"rendered":"<div class=\"mh-excerpt\"><p>Internationaler Orgelzyklus Dom zu Speyer Dillinger Basilikaorganist f\u00fchrt durch \u201eSymphonische Landschaften\u201c Speyer &#8211; Am Samstag, den 27. Juni entf\u00fchrt Basilikaorganist Axel Flierl seine Zuh\u00f6rerschaft in \u201eSymphonische Landschaften\u201c. Der Orgelabend im Rahmen des Internationalen Orgelzyklus, der <a class=\"mh-excerpt-more\" href=\"https:\/\/speyer24news.com\/?p=28207\" title=\"Kirche\">[&#8230;]<\/a><\/p>\n<\/div>","protected":false},"author":3,"featured_media":0,"comment_status":"open","ping_status":"open","sticky":false,"template":"","format":"standard","meta":{"_monsterinsights_skip_tracking":false,"_monsterinsights_sitenote_active":false,"_monsterinsights_sitenote_note":"","_monsterinsights_sitenote_category":0,"footnotes":""},"categories":[120],"tags":[7559,7558,7556,7557,7560,174,7555,2360,2068,7554,121,7561,7562,7465],"aioseo_notices":[],"amp_enabled":true,"_links":{"self":[{"href":"https:\/\/speyer24news.com\/index.php?rest_route=\/wp\/v2\/posts\/28207"}],"collection":[{"href":"https:\/\/speyer24news.com\/index.php?rest_route=\/wp\/v2\/posts"}],"about":[{"href":"https:\/\/speyer24news.com\/index.php?rest_route=\/wp\/v2\/types\/post"}],"author":[{"embeddable":true,"href":"https:\/\/speyer24news.com\/index.php?rest_route=\/wp\/v2\/users\/3"}],"replies":[{"embeddable":true,"href":"https:\/\/speyer24news.com\/index.php?rest_route=%2Fwp%2Fv2%2Fcomments&post=28207"}],"version-history":[{"count":1,"href":"https:\/\/speyer24news.com\/index.php?rest_route=\/wp\/v2\/posts\/28207\/revisions"}],"predecessor-version":[{"id":28213,"href":"https:\/\/speyer24news.com\/index.php?rest_route=\/wp\/v2\/posts\/28207\/revisions\/28213"}],"wp:attachment":[{"href":"https:\/\/speyer24news.com\/index.php?rest_route=%2Fwp%2Fv2%2Fmedia&parent=28207"}],"wp:term":[{"taxonomy":"category","embeddable":true,"href":"https:\/\/speyer24news.com\/index.php?rest_route=%2Fwp%2Fv2%2Fcategories&post=28207"},{"taxonomy":"post_tag","embeddable":true,"href":"https:\/\/speyer24news.com\/index.php?rest_route=%2Fwp%2Fv2%2Ftags&post=28207"}],"curies":[{"name":"wp","href":"https:\/\/api.w.org\/{rel}","templated":true}]}}