{"id":28231,"date":"2020-06-22T10:57:07","date_gmt":"2020-06-22T09:57:07","guid":{"rendered":"https:\/\/speyer24news.com\/?p=28231"},"modified":"2020-06-22T10:58:26","modified_gmt":"2020-06-22T09:58:26","slug":"kleine-pfoten","status":"publish","type":"post","link":"https:\/\/speyer24news.com\/?p=28231","title":{"rendered":"Kleine Pfoten"},"content":{"rendered":"<style type=\"text\/css\">\r\n\t.ads_top_disp{}\r\n\t.ads_top_corner_disp{ float:left; margin:0px 10px 10px 0px; }\r\n\t.ads_first_p_disp{}\r\n\t.ads_bottom_disp{}\r\n\t<\/style>\n<h2 class=\"wp-block-heading\" style=\"text-align:center\">Herzlich Willkommen <\/h2>\n\n\n\n<h2 class=\"wp-block-heading\" style=\"text-align:center\">bei <\/h2>\n\n\n\n<h2 class=\"wp-block-heading\" style=\"text-align:center\">Kleine Pfoten!<\/h2>\n\n\n\n<p>Wir laden Sie ein, uns kennen zu lernen und einen Blick auf unsere Hauptdarsteller zu werfen&#8230; <strong>bezaubernde griechische Stra\u00dfenhunde <\/strong>warten darauf, entdeckt zu werden.<\/p>\n\n\n\n<p>Vielleicht verzaubert Sie ein krummes Ohr, zwei braune Knopfaugen, ein Blick, der in Ihre Seele schaut.\u200b<\/p>\n\n\n\n<p><strong>Wir bedanken uns f\u00fcr Ihr Interesse<\/strong>.<\/p>\n\n\n\n<h2 class=\"wp-block-heading\"><strong>Remus<\/strong><\/h2>\n\n\n\n<figure class=\"wp-block-image\"><img decoding=\"async\" loading=\"lazy\" width=\"800\" height=\"575\" src=\"https:\/\/speyer24news.com\/wp-content\/uploads\/2020\/06\/Remus-2.png\" alt=\"\" class=\"wp-image-28232\" srcset=\"https:\/\/speyer24news.com\/wp-content\/uploads\/2020\/06\/Remus-2.png 800w, https:\/\/speyer24news.com\/wp-content\/uploads\/2020\/06\/Remus-2-300x216.png 300w, https:\/\/speyer24news.com\/wp-content\/uploads\/2020\/06\/Remus-2-768x552.png 768w\" sizes=\"(max-width: 800px) 100vw, 800px\" \/><\/figure>\n\n\n\n<p>Aufenthaltsort: 68305 Mannheim<\/p>\n\n\n\n<ul><li>Rasse: English Setter<\/li><li>Geschlecht: m\u00e4nnlich<\/li><li>Alter: geboren ca. Fr\u00fchling 2012 &#8211; 2013<\/li><li>kastriert: ja<\/li><li>Farbe: mehrfarbig&nbsp;<\/li><li>Schulterh\u00f6he: ca. 57 cm<\/li><\/ul>\n\n\n\n<p>Photodatum: Mai 2020<\/p>\n\n\n\n<figure class=\"wp-block-image\"><img decoding=\"async\" loading=\"lazy\" width=\"600\" height=\"518\" src=\"https:\/\/speyer24news.com\/wp-content\/uploads\/2020\/06\/Remus-1.png\" alt=\"\" class=\"wp-image-28233\" srcset=\"https:\/\/speyer24news.com\/wp-content\/uploads\/2020\/06\/Remus-1.png 600w, https:\/\/speyer24news.com\/wp-content\/uploads\/2020\/06\/Remus-1-300x259.png 300w\" sizes=\"(max-width: 600px) 100vw, 600px\" \/><\/figure>\n\n\n\n<p>REMUS&#8230; ein Ausbund an Fr\u00f6hlichkeit! Er ist den ganzen Tag gl\u00fccklich, spielt und schmust f\u00fcr sein Leben gerne.&nbsp;<\/p>\n\n\n\n<p>K\u00f6nnte REMUS mit Anlauf mitten in Ihr Herz springen?&nbsp;<\/p>\n\n\n\n<p>Mehr unter: <a href=\"https:\/\/www.kleine-pfoten.de\/single-post\/2020\/05\/29\/Remus\">https:\/\/www.kleine-pfoten.de\/single-post\/2020\/05\/29\/Remus<\/a><\/p>\n\n\n\n<div class=\"wp-block-image\"><figure class=\"aligncenter\"><img decoding=\"async\" loading=\"lazy\" width=\"800\" height=\"346\" src=\"https:\/\/speyer24news.com\/wp-content\/uploads\/2020\/06\/mobile-phone-1419275_1920.jpg\" alt=\"\" class=\"wp-image-28250\" srcset=\"https:\/\/speyer24news.com\/wp-content\/uploads\/2020\/06\/mobile-phone-1419275_1920.jpg 800w, https:\/\/speyer24news.com\/wp-content\/uploads\/2020\/06\/mobile-phone-1419275_1920-300x130.jpg 300w, https:\/\/speyer24news.com\/wp-content\/uploads\/2020\/06\/mobile-phone-1419275_1920-768x332.jpg 768w\" sizes=\"(max-width: 800px) 100vw, 800px\" \/><\/figure><\/div>\n\n\n\n<h2 class=\"wp-block-heading\"><strong>Shila<\/strong><\/h2>\n\n\n\n<div class=\"wp-block-image\"><figure class=\"aligncenter\"><img decoding=\"async\" loading=\"lazy\" width=\"500\" height=\"669\" src=\"https:\/\/speyer24news.com\/wp-content\/uploads\/2020\/06\/Shila-2.png\" alt=\"\" class=\"wp-image-28234\" srcset=\"https:\/\/speyer24news.com\/wp-content\/uploads\/2020\/06\/Shila-2.png 500w, https:\/\/speyer24news.com\/wp-content\/uploads\/2020\/06\/Shila-2-224x300.png 224w\" sizes=\"(max-width: 500px) 100vw, 500px\" \/><\/figure><\/div>\n\n\n\n<p>Aufenthaltsort: 68305 Mannheim<\/p>\n\n\n\n<ul><li>Rasse: Mischling&nbsp;<\/li><li>Geschlecht: weiblich&nbsp;<\/li><li>Alter: geboren ca. Februar 2015<\/li><li>kastriert: ja<\/li><li>Farbe: mehrfarbig&nbsp;<\/li><li>Schulterh\u00f6he: ca. 59 cm<\/li><\/ul>\n\n\n\n<p>Photodatum: April 2020<\/p>\n\n\n\n<div class=\"wp-block-image\"><figure class=\"aligncenter\"><img decoding=\"async\" loading=\"lazy\" width=\"600\" height=\"630\" src=\"https:\/\/speyer24news.com\/wp-content\/uploads\/2020\/06\/Shila.png\" alt=\"\" class=\"wp-image-28235\" srcset=\"https:\/\/speyer24news.com\/wp-content\/uploads\/2020\/06\/Shila.png 600w, https:\/\/speyer24news.com\/wp-content\/uploads\/2020\/06\/Shila-286x300.png 286w\" sizes=\"(max-width: 600px) 100vw, 600px\" \/><\/figure><\/div>\n\n\n\n<p>SHILA wurde mit einer eingewachsenen Kette am Hals gefunden&#8230; sie hat in ihrem Leben schon viel ausgehalten. Wir haben ihr versprochen, dass f\u00fcr sie nur noch die Sonne scheinen wird!<\/p>\n\n\n\n<p>SHILA versteht sich sehr gut mit Artgenossen. Sie liebt menschliche Kontakte und ihre Augen bitten um Liebe und Streicheleinheiten. Sie ist eine \u00fcberaus anspruchslose und dankbare Hundeseele.&nbsp;<\/p>\n\n\n\n<p>M\u00f6chten Sie die menschliche Erg\u00e4nzung f\u00fcr diese wundervolle H\u00fcndin werden?<\/p>\n\n\n\n<p>Mehr unter: <a href=\"https:\/\/www.kleine-pfoten.de\/single-post\/2020\/05\/29\/Shila\">https:\/\/www.kleine-pfoten.de\/single-post\/2020\/05\/29\/Shila<\/a><\/p>\n\n\n\n<figure class=\"wp-block-image\"><img decoding=\"async\" loading=\"lazy\" width=\"800\" height=\"346\" src=\"https:\/\/speyer24news.com\/wp-content\/uploads\/2020\/06\/mobile-phone-1419275_1920.jpg\" alt=\"\" class=\"wp-image-28250\" srcset=\"https:\/\/speyer24news.com\/wp-content\/uploads\/2020\/06\/mobile-phone-1419275_1920.jpg 800w, https:\/\/speyer24news.com\/wp-content\/uploads\/2020\/06\/mobile-phone-1419275_1920-300x130.jpg 300w, https:\/\/speyer24news.com\/wp-content\/uploads\/2020\/06\/mobile-phone-1419275_1920-768x332.jpg 768w\" sizes=\"(max-width: 800px) 100vw, 800px\" \/><\/figure>\n\n\n\n<h2 class=\"wp-block-heading\"><strong>Darius<\/strong><\/h2>\n\n\n\n<div class=\"wp-block-image\"><figure class=\"aligncenter\"><img decoding=\"async\" loading=\"lazy\" width=\"600\" height=\"525\" src=\"https:\/\/speyer24news.com\/wp-content\/uploads\/2020\/06\/Darius.png\" alt=\"\" class=\"wp-image-28236\" srcset=\"https:\/\/speyer24news.com\/wp-content\/uploads\/2020\/06\/Darius.png 600w, https:\/\/speyer24news.com\/wp-content\/uploads\/2020\/06\/Darius-300x263.png 300w\" sizes=\"(max-width: 600px) 100vw, 600px\" \/><\/figure><\/div>\n\n\n\n<p>Aufenthaltsort: 68766 Hockenheim<\/p>\n\n\n\n<ul><li>Rasse: Mischling<\/li><li>Geschlecht: m\u00e4nnlich&nbsp;<\/li><li>Alter: geboren ca. Anfang bis Mitte Dezember 2019<\/li><li>kastriert: nein<\/li><li>Farbe: wei\u00df &#8211; schwarz<\/li><li>Schulterh\u00f6he: aktuell 45 cm<\/li><\/ul>\n\n\n\n<p>Photodatum: 12.05.2020<\/p>\n\n\n\n<div class=\"wp-block-image\"><figure class=\"aligncenter\"><img decoding=\"async\" loading=\"lazy\" width=\"600\" height=\"585\" src=\"https:\/\/speyer24news.com\/wp-content\/uploads\/2020\/06\/Darius-2.png\" alt=\"\" class=\"wp-image-28237\" srcset=\"https:\/\/speyer24news.com\/wp-content\/uploads\/2020\/06\/Darius-2.png 600w, https:\/\/speyer24news.com\/wp-content\/uploads\/2020\/06\/Darius-2-300x293.png 300w\" sizes=\"(max-width: 600px) 100vw, 600px\" \/><\/figure><\/div>\n\n\n\n<p>DARIUS ist ein fr\u00f6hlicher aufgeweckter und verschmuster Wonneproppen.&nbsp;<\/p>\n\n\n\n<p>DARIUS ist taub&#8230; das ist ihm v\u00f6llig egal, denn er kennt es ab Geburt. Er h\u00f6rt mit seinem Herzen gut&#8230; das ist das Wichtigste.&nbsp;<\/p>\n\n\n\n<p>M\u00f6chten Sie mit diesem Schatz Ihr Leben gemeinsam verbringen und viel Freude und Gef\u00fchle teilen?<\/p>\n\n\n\n<p>Mehr unter: <a href=\"https:\/\/www.kleine-pfoten.de\/single-post\/2020\/05\/21\/Darius\">https:\/\/www.kleine-pfoten.de\/single-post\/2020\/05\/21\/Darius<\/a><\/p>\n\n\n\n<figure class=\"wp-block-image\"><img decoding=\"async\" loading=\"lazy\" width=\"800\" height=\"346\" src=\"https:\/\/speyer24news.com\/wp-content\/uploads\/2020\/06\/mobile-phone-1419275_1920.jpg\" alt=\"\" class=\"wp-image-28250\" srcset=\"https:\/\/speyer24news.com\/wp-content\/uploads\/2020\/06\/mobile-phone-1419275_1920.jpg 800w, https:\/\/speyer24news.com\/wp-content\/uploads\/2020\/06\/mobile-phone-1419275_1920-300x130.jpg 300w, https:\/\/speyer24news.com\/wp-content\/uploads\/2020\/06\/mobile-phone-1419275_1920-768x332.jpg 768w\" sizes=\"(max-width: 800px) 100vw, 800px\" \/><\/figure>\n\n\n\n<h2 class=\"wp-block-heading\"><strong>Ethan<\/strong><\/h2>\n\n\n\n<div class=\"wp-block-image\"><figure class=\"aligncenter\"><img decoding=\"async\" loading=\"lazy\" width=\"600\" height=\"540\" src=\"https:\/\/speyer24news.com\/wp-content\/uploads\/2020\/06\/Ethan.png\" alt=\"\" class=\"wp-image-28238\" srcset=\"https:\/\/speyer24news.com\/wp-content\/uploads\/2020\/06\/Ethan.png 600w, https:\/\/speyer24news.com\/wp-content\/uploads\/2020\/06\/Ethan-300x270.png 300w\" sizes=\"(max-width: 600px) 100vw, 600px\" \/><\/figure><\/div>\n\n\n\n<p>Aufenthaltsort: 67551 Worms<\/p>\n\n\n\n<ul><li>Rasse: Mischling<\/li><li>Geschlecht: m\u00e4nnlich<\/li><li>Alter: geboren ca. Februar 2014<\/li><li>kastriert: ja<\/li><li>Farbe: mehrfarbig<\/li><li>Schulterh\u00f6he: ca. 64 cm<\/li><\/ul>\n\n\n\n<p>Photodatum: 27.03.2020<\/p>\n\n\n\n<div class=\"wp-block-image\"><figure class=\"aligncenter\"><img decoding=\"async\" loading=\"lazy\" width=\"600\" height=\"656\" src=\"https:\/\/speyer24news.com\/wp-content\/uploads\/2020\/06\/Ethan-2.png\" alt=\"\" class=\"wp-image-28239\" srcset=\"https:\/\/speyer24news.com\/wp-content\/uploads\/2020\/06\/Ethan-2.png 600w, https:\/\/speyer24news.com\/wp-content\/uploads\/2020\/06\/Ethan-2-274x300.png 274w\" sizes=\"(max-width: 600px) 100vw, 600px\" \/><\/figure><\/div>\n\n\n\n<p>ETHAN ist zu Menschen sehr h\u00f6flich und liebevoll. Er schmust sehr gerne und genie\u00dft jeden gemeinsamen Moment.&nbsp;<\/p>\n\n\n\n<p>Er versteht sich grunds\u00e4tzlich gut mit Artgenossen, bevorzugt aber ruhige und ausgeglichene Charaktere. Eine zu wilde Hundeansammlung stimmt ihn unsicher und dann f\u00fchlt er sich nicht wohl. Eine ruhige Hundedame als Lebenspartnerin w\u00fcrde ihm gefallen.&nbsp;<\/p>\n\n\n\n<p>Vor allem m\u00f6chte er aber Ihnen sein Hundeherz voll und ganz schenken!<\/p>\n\n\n\n<p>Mehr unter: <a href=\"https:\/\/www.kleine-pfoten.de\/single-post\/2020\/03\/31\/Ethan\">https:\/\/www.kleine-pfoten.de\/single-post\/2020\/03\/31\/Ethan<\/a><\/p>\n\n\n\n<figure class=\"wp-block-image\"><img decoding=\"async\" loading=\"lazy\" width=\"800\" height=\"346\" src=\"https:\/\/speyer24news.com\/wp-content\/uploads\/2020\/06\/mobile-phone-1419275_1920.jpg\" alt=\"\" class=\"wp-image-28250\" srcset=\"https:\/\/speyer24news.com\/wp-content\/uploads\/2020\/06\/mobile-phone-1419275_1920.jpg 800w, https:\/\/speyer24news.com\/wp-content\/uploads\/2020\/06\/mobile-phone-1419275_1920-300x130.jpg 300w, https:\/\/speyer24news.com\/wp-content\/uploads\/2020\/06\/mobile-phone-1419275_1920-768x332.jpg 768w\" sizes=\"(max-width: 800px) 100vw, 800px\" \/><\/figure>\n\n\n\n<h2 class=\"wp-block-heading\"><strong>Froufrou<\/strong><\/h2>\n\n\n\n<div class=\"wp-block-image\"><figure class=\"aligncenter\"><img decoding=\"async\" loading=\"lazy\" width=\"500\" height=\"644\" src=\"https:\/\/speyer24news.com\/wp-content\/uploads\/2020\/06\/Froufrou.png\" alt=\"\" class=\"wp-image-28240\" srcset=\"https:\/\/speyer24news.com\/wp-content\/uploads\/2020\/06\/Froufrou.png 500w, https:\/\/speyer24news.com\/wp-content\/uploads\/2020\/06\/Froufrou-233x300.png 233w\" sizes=\"(max-width: 500px) 100vw, 500px\" \/><\/figure><\/div>\n\n\n\n<p>Aufenthaltsort: 59439 Holzwickede &nbsp;<\/p>\n\n\n\n<ul><li>Rasse: Mischling<\/li><li>Geschlecht: weiblich&nbsp;<\/li><li>Alter: geboren ca. November 2016<\/li><li>kastriert: ja<\/li><li>Farbe: mehrfarbig&nbsp;<\/li><li>Schulterh\u00f6he: ca. 54 cm<\/li><li>aktuelles Gewicht: 22 kg<\/li><\/ul>\n\n\n\n<p>Photodatum: 2019<\/p>\n\n\n\n<div class=\"wp-block-image\"><figure class=\"aligncenter\"><img decoding=\"async\" loading=\"lazy\" width=\"500\" height=\"649\" src=\"https:\/\/speyer24news.com\/wp-content\/uploads\/2020\/06\/Froufrou2.png\" alt=\"\" class=\"wp-image-28241\" srcset=\"https:\/\/speyer24news.com\/wp-content\/uploads\/2020\/06\/Froufrou2.png 500w, https:\/\/speyer24news.com\/wp-content\/uploads\/2020\/06\/Froufrou2-231x300.png 231w\" sizes=\"(max-width: 500px) 100vw, 500px\" \/><\/figure><\/div>\n\n\n\n<p>FROU FROU wurde liebevoll vermittelt. Leider m\u00f6chte ihre Familie f\u00fcr sie ein anderes Zuhause suchen. Dort wurde sie IWI genannt. Ihre Mama beschreibt ihr M\u00e4dchen wie folgt:<\/p>\n\n\n\n<p>Schweren Herzens suchen wir f\u00fcr unsere IWI ein neues Zuhause. Wir haben sie vor einem Jahr adoptiert und bis heute findet sie sich in unserem gemeinsamen sozialen Umfeld nicht ein. Wir suchen f\u00fcr sie eine hundeerfahrene Familie ohne Kinder, die es gewohnt ist das Rudel zu f\u00fchren und sowohl deutlich als auch konsequent mit viel Liebe auftritt. IWI ist an den Freilauf im eigenen Garten gew\u00f6hnt. Dies w\u00fcrden wir ihr f\u00fcr die Zukunft auch weiterhin w\u00fcnschen. IWI wurde in 2016 in Griechenland geboren. Im Alter von sechs Monaten haben wir sie \u00fcber eine Tierschutzorganisation adoptiert. IWI ist eine charakterstarke H\u00fcndin, die sehr genau wei\u00df, was sie m\u00f6chte. Sie schenkt ihr Herz auf ihre eigene Weise&#8230; nicht mit stundenlangem Schmusen, sondern durch Treue und sehr gerne auch besch\u00fctzen. IWI liebt die gemeinschaftliche Besch\u00e4ftigung mit ihrer Familie wie lange Spazierg\u00e4nge, Beutelspiele, laufen am Roller&#8230; IWI ist eine sportliche und aktive H\u00fcndin, die gerne ausgelastet wird. Sie beherrscht die Grundkommandos und ist leinenf\u00fchrig. IWI spielt sehr gerne mit gro\u00dfen Artgenossen. Bei anderen Hunden reagiert sie zum Teil deutlich mit Ablehnung. IWI kann sehr gut Auto fahren und \u00fcber mehrere Stunden alleine bleiben. Sie ist kastriert, gechipt und geimpft. Die Erlichiose und Leishmaniose ist negativ getestet. ihre Schulterh\u00f6he betr\u00e4gt 54 cm und das aktuelle Gewicht ist 22 kg. Wir w\u00fcrden uns freuen, wenn Sie IWI kennenlernen m\u00f6chten. Sie verschenkt ihr Herz auf eine sehr aufrichtige Art und Weise und dann kann sie einfach nur als Traumh\u00fcndin und beste Freundin auf vier Pfoten bezeichnet werden!<\/p>\n\n\n\n<p>Mehr unter: <a href=\"https:\/\/www.kleine-pfoten.de\/single-post\/2020\/02\/16\/Froufrou\">https:\/\/www.kleine-pfoten.de\/single-post\/2020\/02\/16\/Froufrou<\/a><\/p>\n\n\n\n<figure class=\"wp-block-image\"><img decoding=\"async\" loading=\"lazy\" width=\"800\" height=\"346\" src=\"https:\/\/speyer24news.com\/wp-content\/uploads\/2020\/06\/mobile-phone-1419275_1920.jpg\" alt=\"\" class=\"wp-image-28250\" srcset=\"https:\/\/speyer24news.com\/wp-content\/uploads\/2020\/06\/mobile-phone-1419275_1920.jpg 800w, https:\/\/speyer24news.com\/wp-content\/uploads\/2020\/06\/mobile-phone-1419275_1920-300x130.jpg 300w, https:\/\/speyer24news.com\/wp-content\/uploads\/2020\/06\/mobile-phone-1419275_1920-768x332.jpg 768w\" sizes=\"(max-width: 800px) 100vw, 800px\" \/><\/figure>\n\n\n\n<h2 class=\"wp-block-heading\"><strong>Verdi<\/strong><\/h2>\n\n\n\n<div class=\"wp-block-image\"><figure class=\"aligncenter\"><img decoding=\"async\" loading=\"lazy\" width=\"542\" height=\"766\" src=\"https:\/\/speyer24news.com\/wp-content\/uploads\/2020\/06\/Verdi.png\" alt=\"\" class=\"wp-image-28242\" srcset=\"https:\/\/speyer24news.com\/wp-content\/uploads\/2020\/06\/Verdi.png 542w, https:\/\/speyer24news.com\/wp-content\/uploads\/2020\/06\/Verdi-212x300.png 212w\" sizes=\"(max-width: 542px) 100vw, 542px\" \/><\/figure><\/div>\n\n\n\n<p>Aufenthaltsort: 69256 Mauer<\/p>\n\n\n\n<ul><li>Rasse: Mischling<\/li><li>Geschlecht: m\u00e4nnlich&nbsp;<\/li><li>Alter: geboren ca. Juni 2018<\/li><li>kastriert: ja<\/li><li>Farbe: mehrfarbig&nbsp;<\/li><li>Schulterh\u00f6he: ca. 52 cm<\/li><\/ul>\n\n\n\n<p>Photodatum: M\u00e4rz 2020<\/p>\n\n\n\n<div class=\"wp-block-image\"><figure class=\"aligncenter\"><img decoding=\"async\" loading=\"lazy\" width=\"800\" height=\"427\" src=\"https:\/\/speyer24news.com\/wp-content\/uploads\/2020\/06\/Verdi-2.png\" alt=\"\" class=\"wp-image-28243\" srcset=\"https:\/\/speyer24news.com\/wp-content\/uploads\/2020\/06\/Verdi-2.png 800w, https:\/\/speyer24news.com\/wp-content\/uploads\/2020\/06\/Verdi-2-300x160.png 300w, https:\/\/speyer24news.com\/wp-content\/uploads\/2020\/06\/Verdi-2-768x410.png 768w\" sizes=\"(max-width: 800px) 100vw, 800px\" \/><\/figure><\/div>\n\n\n\n<p>VERDI ist ein Ausbund an Energie. Daher suchen wir nach einer bewegungsfreudigen Familie, die ihn auslasten m\u00f6chte. VERDI wird es lieben mit Ihnen in der Natur spazieren zu gehen.&nbsp;<\/p>\n\n\n\n<p>VERDI spielt am liebsten den ganzen Tag und versteht sich mit H\u00fcndinnen sehr gut. R\u00fcden werden von ihm ab und an verbellt.&nbsp;<\/p>\n\n\n\n<p>Wie gef\u00e4llt Ihnen unser VERDI?<\/p>\n\n\n\n<p>Mehr unter: <a href=\"https:\/\/www.kleine-pfoten.de\/single-post\/2020\/03\/21\/Verdi\">https:\/\/www.kleine-pfoten.de\/single-post\/2020\/03\/21\/Verdi<\/a><\/p>\n\n\n\n<div class=\"wp-block-image\"><figure class=\"aligncenter\"><img decoding=\"async\" loading=\"lazy\" width=\"800\" height=\"346\" src=\"https:\/\/speyer24news.com\/wp-content\/uploads\/2020\/06\/mobile-phone-1419275_1920.jpg\" alt=\"\" class=\"wp-image-28250\" srcset=\"https:\/\/speyer24news.com\/wp-content\/uploads\/2020\/06\/mobile-phone-1419275_1920.jpg 800w, https:\/\/speyer24news.com\/wp-content\/uploads\/2020\/06\/mobile-phone-1419275_1920-300x130.jpg 300w, https:\/\/speyer24news.com\/wp-content\/uploads\/2020\/06\/mobile-phone-1419275_1920-768x332.jpg 768w\" sizes=\"(max-width: 800px) 100vw, 800px\" \/><\/figure><\/div>\n\n\n\n<h2 class=\"wp-block-heading\"><strong>Aretha<\/strong><\/h2>\n\n\n\n<div class=\"wp-block-image\"><figure class=\"aligncenter\"><img decoding=\"async\" loading=\"lazy\" width=\"508\" height=\"765\" src=\"https:\/\/speyer24news.com\/wp-content\/uploads\/2020\/06\/Aretha.png\" alt=\"\" class=\"wp-image-28244\" srcset=\"https:\/\/speyer24news.com\/wp-content\/uploads\/2020\/06\/Aretha.png 508w, https:\/\/speyer24news.com\/wp-content\/uploads\/2020\/06\/Aretha-199x300.png 199w\" sizes=\"(max-width: 508px) 100vw, 508px\" \/><\/figure><\/div>\n\n\n\n<p>Aufenthaltsort: 68229 Mannheim<\/p>\n\n\n\n<ul><li>Rasse: Mischling<\/li><li>Geschlecht: weiblich&nbsp;<\/li><li>Alter: geboren ca. Herbst 2016<\/li><li>kastriert: ja<\/li><li>Farbe: hellbraun mit Akzenten&nbsp;<\/li><li>Schulterh\u00f6he: ca. 57 cm<\/li><\/ul>\n\n\n\n<p>Photodatum: 08.01.2020<\/p>\n\n\n\n<div class=\"wp-block-image\"><figure class=\"aligncenter\"><img decoding=\"async\" loading=\"lazy\" width=\"800\" height=\"600\" src=\"https:\/\/speyer24news.com\/wp-content\/uploads\/2020\/06\/Aretha-2.png\" alt=\"\" class=\"wp-image-28245\" srcset=\"https:\/\/speyer24news.com\/wp-content\/uploads\/2020\/06\/Aretha-2.png 800w, https:\/\/speyer24news.com\/wp-content\/uploads\/2020\/06\/Aretha-2-300x225.png 300w, https:\/\/speyer24news.com\/wp-content\/uploads\/2020\/06\/Aretha-2-768x576.png 768w, https:\/\/speyer24news.com\/wp-content\/uploads\/2020\/06\/Aretha-2-678x509.png 678w, https:\/\/speyer24news.com\/wp-content\/uploads\/2020\/06\/Aretha-2-326x245.png 326w, https:\/\/speyer24news.com\/wp-content\/uploads\/2020\/06\/Aretha-2-80x60.png 80w\" sizes=\"(max-width: 800px) 100vw, 800px\" \/><\/figure><\/div>\n\n\n\n<p>ARETHA ist eine liebevolle menschenbezogene H\u00fcndin. Sie hat einen ausgeglichenen Charakter und ist sehr freundlich.&nbsp;<\/p>\n\n\n\n<p>Sie versteht sich gut mit Artgenossen, die h\u00f6flich, nicht dominant und zu verr\u00fcckt sind.&nbsp;<\/p>\n\n\n\n<p>ARETHA sucht eine ausgeglichene und schmusebereite Familie in der sie wundersch\u00f6ne Spazierg\u00e4nge und viel, viel Liebe genie\u00dfen darf.&nbsp;<\/p>\n\n\n\n<p>Mehr unter: <a href=\"https:\/\/www.kleine-pfoten.de\/single-post\/2019\/11\/18\/Aretha\">https:\/\/www.kleine-pfoten.de\/single-post\/2019\/11\/18\/Aretha<\/a><\/p>\n\n\n\n<figure class=\"wp-block-image\"><img decoding=\"async\" loading=\"lazy\" width=\"800\" height=\"346\" src=\"https:\/\/speyer24news.com\/wp-content\/uploads\/2020\/06\/mobile-phone-1419275_1920.jpg\" alt=\"\" class=\"wp-image-28250\" srcset=\"https:\/\/speyer24news.com\/wp-content\/uploads\/2020\/06\/mobile-phone-1419275_1920.jpg 800w, https:\/\/speyer24news.com\/wp-content\/uploads\/2020\/06\/mobile-phone-1419275_1920-300x130.jpg 300w, https:\/\/speyer24news.com\/wp-content\/uploads\/2020\/06\/mobile-phone-1419275_1920-768x332.jpg 768w\" sizes=\"(max-width: 800px) 100vw, 800px\" \/><\/figure>\n\n\n\n<h2 class=\"wp-block-heading\"><strong>Berta<\/strong><\/h2>\n\n\n\n<div class=\"wp-block-image\"><figure class=\"aligncenter\"><img decoding=\"async\" loading=\"lazy\" width=\"948\" height=\"765\" src=\"https:\/\/speyer24news.com\/wp-content\/uploads\/2020\/06\/Bertha.png\" alt=\"\" class=\"wp-image-28246\" srcset=\"https:\/\/speyer24news.com\/wp-content\/uploads\/2020\/06\/Bertha.png 948w, https:\/\/speyer24news.com\/wp-content\/uploads\/2020\/06\/Bertha-300x242.png 300w, https:\/\/speyer24news.com\/wp-content\/uploads\/2020\/06\/Bertha-768x620.png 768w\" sizes=\"(max-width: 948px) 100vw, 948px\" \/><\/figure><\/div>\n\n\n\n<p>Aufenthaltsort: 68229 Mannheim<\/p>\n\n\n\n<ul><li>Rasse: Mischling<\/li><li>Geschlecht: weiblich&nbsp;<\/li><li>Alter: geboren ca. Mai 2014<\/li><li>kastriert: ja<\/li><li>Farbe: mehrfarbig&nbsp;<\/li><li>Schulterh\u00f6he: ca. 56 cm<\/li><\/ul>\n\n\n\n<p>Photodatum: M\u00e4rz 2020<\/p>\n\n\n\n<div class=\"wp-block-image\"><figure class=\"aligncenter\"><img decoding=\"async\" loading=\"lazy\" width=\"800\" height=\"592\" src=\"https:\/\/speyer24news.com\/wp-content\/uploads\/2020\/06\/Bertha-2.png\" alt=\"\" class=\"wp-image-28247\" srcset=\"https:\/\/speyer24news.com\/wp-content\/uploads\/2020\/06\/Bertha-2.png 800w, https:\/\/speyer24news.com\/wp-content\/uploads\/2020\/06\/Bertha-2-300x222.png 300w, https:\/\/speyer24news.com\/wp-content\/uploads\/2020\/06\/Bertha-2-768x568.png 768w, https:\/\/speyer24news.com\/wp-content\/uploads\/2020\/06\/Bertha-2-80x60.png 80w\" sizes=\"(max-width: 800px) 100vw, 800px\" \/><\/figure><\/div>\n\n\n\n<p>BERTA ist die Mama von unserem VERDI.&nbsp;<\/p>\n\n\n\n<p>Beide haben zusammengelebt. Ihr Papa ist verstorben und mussten daher abgegeben werden.&nbsp;<\/p>\n\n\n\n<p>BERTA ist eine Natursch\u00f6nheit mit einem sehr ausgeglichenen Charakter. Sie liebt jegliche Ber\u00fchrung und Streicheleinheit und zeigt daf\u00fcr eine grenzenlose Dankbarkeit&#8230;&nbsp;<\/p>\n\n\n\n<p>BERTA versteht sich perfekt mit Artgenossen und ist daher bestens als Zweithund geeignet.&nbsp;<\/p>\n\n\n\n<p>Ein Blick in ihre wundersch\u00f6nen Augen und man kann ihr nicht mehr widerstehen&#8230;<\/p>\n\n\n\n<p>Mehr unter: <a href=\"https:\/\/www.kleine-pfoten.de\/single-post\/2020\/03\/21\/Berta\">https:\/\/www.kleine-pfoten.de\/single-post\/2020\/03\/21\/Berta<\/a><\/p>\n\n\n\n<figure class=\"wp-block-image\"><img decoding=\"async\" loading=\"lazy\" width=\"800\" height=\"346\" src=\"https:\/\/speyer24news.com\/wp-content\/uploads\/2020\/06\/mobile-phone-1419275_1920.jpg\" alt=\"\" class=\"wp-image-28250\" srcset=\"https:\/\/speyer24news.com\/wp-content\/uploads\/2020\/06\/mobile-phone-1419275_1920.jpg 800w, https:\/\/speyer24news.com\/wp-content\/uploads\/2020\/06\/mobile-phone-1419275_1920-300x130.jpg 300w, https:\/\/speyer24news.com\/wp-content\/uploads\/2020\/06\/mobile-phone-1419275_1920-768x332.jpg 768w\" sizes=\"(max-width: 800px) 100vw, 800px\" \/><\/figure>\n\n\n\n<h2 class=\"wp-block-heading\"><strong>Zook<\/strong><\/h2>\n\n\n\n<div class=\"wp-block-image\"><figure class=\"aligncenter\"><img decoding=\"async\" loading=\"lazy\" width=\"701\" height=\"766\" src=\"https:\/\/speyer24news.com\/wp-content\/uploads\/2020\/06\/Zook.png\" alt=\"\" class=\"wp-image-28248\" srcset=\"https:\/\/speyer24news.com\/wp-content\/uploads\/2020\/06\/Zook.png 701w, https:\/\/speyer24news.com\/wp-content\/uploads\/2020\/06\/Zook-275x300.png 275w\" sizes=\"(max-width: 701px) 100vw, 701px\" \/><\/figure><\/div>\n\n\n\n<p>Aufenthaltsort: 69437 Neckargerach<\/p>\n\n\n\n<ul><li>Rasse: Mischling<\/li><li>Geschlecht: m\u00e4nnlich<\/li><li>Alter: geboren ca. Sommer 2017<\/li><li>kastriert: ja<\/li><li>Farbe: wei\u00df-schwarz<\/li><li>Schulterh\u00f6he: ca. 65 cm<\/li><\/ul>\n\n\n\n<p>Photodatum: 10.07.2018<\/p>\n\n\n\n<div class=\"wp-block-image\"><figure class=\"aligncenter\"><img decoding=\"async\" loading=\"lazy\" width=\"800\" height=\"566\" src=\"https:\/\/speyer24news.com\/wp-content\/uploads\/2020\/06\/Zook-2.png\" alt=\"\" class=\"wp-image-28249\" srcset=\"https:\/\/speyer24news.com\/wp-content\/uploads\/2020\/06\/Zook-2.png 800w, https:\/\/speyer24news.com\/wp-content\/uploads\/2020\/06\/Zook-2-300x212.png 300w, https:\/\/speyer24news.com\/wp-content\/uploads\/2020\/06\/Zook-2-768x543.png 768w\" sizes=\"(max-width: 800px) 100vw, 800px\" \/><\/figure><\/div>\n\n\n\n<h4 class=\"wp-block-heading\">ZOOK&#8230; unser ganz, ganz gro\u00dfes Sorgenkind!<\/h4>\n\n\n\n<p>ZOOK kam als Welpe mit in unser Tierheim.&nbsp;<\/p>\n\n\n\n<p>Im Sommer 2018 kam er nach Deutschland und wurde liebevoll von seiner Pflegemama aufgenommen. Dort zeigte er sich als sehr \u00e4ngstlich und scheu.&nbsp;<\/p>\n\n\n\n<p>Im August 2018 haben wir ihn zu unserem erfahrenen Hundetrainer gegeben, damit er dort lernen kann und auf eine Vermittlung vorbereitet wird.&nbsp;<\/p>\n\n\n\n<p>Ja, er hat nach einer langen Zeit gro\u00dfe Fortschritte gemacht. Wenn er im Kreise seiner Lieben ist springt er umher und ist gl\u00fccklich. Wenn aber nur die&nbsp;geringste Ver\u00e4nderung eintritt wird er restlos unsicher und sein Blick ist auf den Boden gerichtet.&nbsp;<\/p>\n\n\n\n<p>Laut unserem Trainer kann ZOOK nur in einer Familie gl\u00fccklich werden, die ihm immer die gleichen Lebensumst\u00e4nde bietet und in die er sich sehr langsam einfinden kann. Er ist kein Hund f\u00fcr interessante Spazierg\u00e4nge, wechselnde Menschen und Situationen.&nbsp;<\/p>\n\n\n\n<p>Ja, wo k\u00f6nnen wir seinen Gl\u00fccksstern finden?<\/p>\n\n\n\n<p>Mehr unter: <a href=\"https:\/\/www.kleine-pfoten.de\/single-post\/2018\/07\/22\/Zook\">https:\/\/www.kleine-pfoten.de\/single-post\/2018\/07\/22\/Zook<\/a><\/p>\n\n\n\n<figure class=\"wp-block-image\"><img decoding=\"async\" loading=\"lazy\" width=\"800\" height=\"346\" src=\"https:\/\/speyer24news.com\/wp-content\/uploads\/2020\/06\/mobile-phone-1419275_1920.jpg\" alt=\"\" class=\"wp-image-28250\" srcset=\"https:\/\/speyer24news.com\/wp-content\/uploads\/2020\/06\/mobile-phone-1419275_1920.jpg 800w, https:\/\/speyer24news.com\/wp-content\/uploads\/2020\/06\/mobile-phone-1419275_1920-300x130.jpg 300w, https:\/\/speyer24news.com\/wp-content\/uploads\/2020\/06\/mobile-phone-1419275_1920-768x332.jpg 768w\" sizes=\"(max-width: 800px) 100vw, 800px\" \/><\/figure>\n","protected":false},"excerpt":{"rendered":"<div class=\"mh-excerpt\"><p>Herzlich Willkommen bei Kleine Pfoten! Wir laden Sie ein, uns kennen zu lernen und einen Blick auf unsere Hauptdarsteller zu werfen&#8230; bezaubernde griechische Stra\u00dfenhunde warten darauf, entdeckt zu werden. Vielleicht verzaubert Sie ein krummes Ohr, <a class=\"mh-excerpt-more\" href=\"https:\/\/speyer24news.com\/?p=28231\" title=\"Kleine Pfoten\">[&#8230;]<\/a><\/p>\n<\/div>","protected":false},"author":3,"featured_media":28251,"comment_status":"open","ping_status":"open","sticky":false,"template":"","format":"standard","meta":{"_monsterinsights_skip_tracking":false,"_monsterinsights_sitenote_active":false,"_monsterinsights_sitenote_note":"","_monsterinsights_sitenote_category":0,"footnotes":""},"categories":[7563],"tags":[7576,3321,7572,7575,7574,7577,7573],"aioseo_notices":[],"amp_enabled":true,"_links":{"self":[{"href":"https:\/\/speyer24news.com\/index.php?rest_route=\/wp\/v2\/posts\/28231"}],"collection":[{"href":"https:\/\/speyer24news.com\/index.php?rest_route=\/wp\/v2\/posts"}],"about":[{"href":"https:\/\/speyer24news.com\/index.php?rest_route=\/wp\/v2\/types\/post"}],"author":[{"embeddable":true,"href":"https:\/\/speyer24news.com\/index.php?rest_route=\/wp\/v2\/users\/3"}],"replies":[{"embeddable":true,"href":"https:\/\/speyer24news.com\/index.php?rest_route=%2Fwp%2Fv2%2Fcomments&post=28231"}],"version-history":[{"count":2,"href":"https:\/\/speyer24news.com\/index.php?rest_route=\/wp\/v2\/posts\/28231\/revisions"}],"predecessor-version":[{"id":28253,"href":"https:\/\/speyer24news.com\/index.php?rest_route=\/wp\/v2\/posts\/28231\/revisions\/28253"}],"wp:featuredmedia":[{"embeddable":true,"href":"https:\/\/speyer24news.com\/index.php?rest_route=\/wp\/v2\/media\/28251"}],"wp:attachment":[{"href":"https:\/\/speyer24news.com\/index.php?rest_route=%2Fwp%2Fv2%2Fmedia&parent=28231"}],"wp:term":[{"taxonomy":"category","embeddable":true,"href":"https:\/\/speyer24news.com\/index.php?rest_route=%2Fwp%2Fv2%2Fcategories&post=28231"},{"taxonomy":"post_tag","embeddable":true,"href":"https:\/\/speyer24news.com\/index.php?rest_route=%2Fwp%2Fv2%2Ftags&post=28231"}],"curies":[{"name":"wp","href":"https:\/\/api.w.org\/{rel}","templated":true}]}}