{"id":28262,"date":"2020-06-22T12:51:35","date_gmt":"2020-06-22T11:51:35","guid":{"rendered":"https:\/\/speyer24news.com\/?p=28262"},"modified":"2020-06-22T13:29:52","modified_gmt":"2020-06-22T12:29:52","slug":"hassloch-65","status":"publish","type":"post","link":"https:\/\/speyer24news.com\/?p=28262","title":{"rendered":"Ha\u00dfloch"},"content":{"rendered":"<style type=\"text\/css\">\r\n\t.ads_top_disp{}\r\n\t.ads_top_corner_disp{ float:left; margin:0px 10px 10px 0px; }\r\n\t.ads_first_p_disp{}\r\n\t.ads_bottom_disp{}\r\n\t<\/style>\n<h2 class=\"wp-block-heading\">Infos zu Weinlesefest, Herbstmarkt, Wurstmarkt und Andechser<\/h2>\n\n\n\n<div class=\"wp-block-image\"><figure class=\"aligncenter\"><img decoding=\"async\" src=\"https:\/\/speyer24news.com\/wp-content\/uploads\/2020\/03\/Absage-Veranstaltung-1.jpg\" alt=\"\" class=\"wp-image-25971\"\/><\/figure><\/div>\n\n\n\n<p>Der D\u00fcrkheimer Wurstmarkt, das Deutsche Weinlesefest, der Landauer Herbstmarkt sowie das Andechser Bierfest sind nicht nur den Pf\u00e4lzern ein Begriff, sondern besitzen eine \u00fcberregionale Strahlkraft, von der sich j\u00e4hrlich zahlreiche Besucherinnen und Besucher begeistern lassen.  <\/p>\n\n\n\n<p>Bund und L\u00e4nder haben sich am Mittwoch, 17.06.2020, darauf verst\u00e4ndigt, das Verbot zur Durchf\u00fchrung von Gro\u00dfveranstaltungen bis mindestens Ende Oktober zu verl\u00e4ngern. Dies gelte laut Bund-L\u00e4nder-Beschluss f\u00fcr solche Veranstaltungen, bei denen eine Kontaktverfolgung sowie die Einhaltung von Hygieneregeln nicht m\u00f6glich sind.   Die vier Verwaltungschefs der St\u00e4dte Neustadt, Landau und Bad D\u00fcrkheim sowie der Gemeinde Ha\u00dfloch hatten sich bereits im Mai untereinander verst\u00e4ndigt. Trotz zunehmender Lockerungen war allen Beteiligten klar, dass die vier Feste in diesem Jahr nicht in gewohnter Weise werden stattfinden k\u00f6nnen. \u201eDeshalb war uns eine enge Abstimmung und eine gemeinsame Linie wichtig. So unterschiedlich die Feste im Einzelnen sind, uns eint nicht nur die Pf\u00e4lzer Lebensfreude, sondern auch die gro\u00dfe Verantwortung f\u00fcr die vielen tausend G\u00e4ste aus Nah und Fern\u201c, so der Landauer Oberb\u00fcrgermeister Thomas Hirsch, Neustadts Oberb\u00fcrgermeister Marc Weigel, Bad D\u00fcrkheims B\u00fcrgermeister Christoph Glogger und Ha\u00dflochs Erster Beigeordneter Tobias Meyer.   Aus diesem Grund unterst\u00fctzen die vier Verwaltungschefs die Marschrichtung, auf die sich Bund und L\u00e4nder verst\u00e4ndigt haben. Wurstmarkt, Herbstmarkt, Deutsches Weinlesefest und Andechser Bierfest seien zweifelsohne Gro\u00dfveranstaltungen, die aufgrund ihrer Ausrichtung eine Einhaltung der geltenden Hygienevorgaben unm\u00f6glich macht. \u201eWenn so viele Menschen auf engstem Raum zusammenkommen, um sich dann wieder in alle Himmelsrichtungen zu verstreuen, ist das Risiko einfach zu gro\u00df, dass Infektionsketten entstehen, die sich nicht nachvollziehen lassen\u201c, so die vier Verwaltungschefs. Auch ein coronagerechtes Konzept mit Anmeldung oder Reservierung, um anstr\u00f6mende Besuchermassen zu lenken, ist nach Einsch\u00e4tzung der Veranstalter kaum zu vermitteln und schwer realisierbar. Daher wird eine Durchf\u00fchrung aller vier Feste in bisheriger Form nicht m\u00f6glich sein. <\/p>\n\n\n\n<p>In <strong>Bad D\u00fcrkheim<\/strong> soll das letzte Wort der Stadtrat am 30. Juni haben, so lautet die Vereinbarung im Wurstmarkt- und Festausschuss. Dort soll auch diskutiert werden, welche Alternativen etwa in Anlehnung an die guten Erfahrungen beim digitalen statt|fest m\u00f6glich sind. \u201eDas Wunder wird wohl ausbleiben\u201c, sagt B\u00fcrgermeister Christoph Glogger, \u201eauch wenn uns allen das Herz blutet. F\u00fcr die Schausteller ist das besonders bitter, aber die Gesundheit der Menschen geht vor.\u201c Der D\u00fcrkheimer Wurstmarkt findet traditionell an neun Tagen \u00fcber das zweite und dritte Septemberwochenende statt.  <\/p>\n\n\n\n<p>Nach dem offiziellen Aus f\u00fcr Gro\u00dfveranstaltungen bis zum 31. Oktober, auf das sich Bund und L\u00e4nder verst\u00e4ndigt haben, arbeiten die Stadtverwaltung <strong>Landau<\/strong> und das st\u00e4dtische B\u00fcro f\u00fcr Tourismus (BfT) auf Hochtouren an alternativen, \u201eCorona-konformen\u201c Konzepten f\u00fcr beliebte Events wie den Herbstmarkt, das Fest des Federwei\u00dfen oder den Kunsthandwerklichen Thomas-Nast-Nikolausmarkt. Gefreut werden darf sich auf ein Riesenrad im Herzen der Landauer Innenstadt, das bereits diese Woche (KW26) an den Start geht. Dar\u00fcber hinaus ist im September ein mobiler Freizeitpark auf dem Alten Messplatz geplant. \u201eWir sind \u00fcberzeugt, mit dieser etwas anderen Art der Festveranstaltungen nicht nur den Schaustellerinnen und Schaustellern und unserem Einzelhandel etwas Gutes zu tun, sondern auch den Menschen in der Region ein attraktives, \u00bbCorona-konformes\u00ab Freizeitangebot bieten zu k\u00f6nnen\u201c, so Landaus Oberb\u00fcrgermeister Thomas Hirsch. <\/p>\n\n\n\n<p>Der Aufsichtsrat der Tourist, Kongress und Saalbau GmbH (TKS) hat sich bei der j\u00fcngsten Aufsichtsratssitzung f\u00fcr die Absage des Deutschen Weinlesefestes in <strong>Neustadt <\/strong>entschieden. \u201eDie Auflagen der Kontaktverfolgung und das Einhalten der Hygieneregeln sind beim Deutschen Weinlesefest in seiner bisherigen Form nicht einzuhalten\u201c, so Neustadts Oberb\u00fcrgermeister Marc Weigel. Der Aufsichtsrat hat parallel gr\u00fcnes Licht f\u00fcr die Erarbeitung eines Alternativkonzeptes gegeben. Wie das aussehen k\u00f6nnte, ist aber noch offen. \u201eIdeen gibt es bereits einige. Doch entscheidend wird sein, wie sich die Infektionsrate entwickelt und welche Corona-Spielregeln dann gelten\u201c, so Weigel weiter.   <\/p>\n\n\n\n<p>F\u00fcr das Andechser Bierfest in <strong>Ha\u00dfloch <\/strong>liegt die endg\u00fcltige Entscheidung \u00fcber die Absage beim Gemeinderat, der am 01.07.2020 zu einer weiteren Sitzung zusammen kommen wird. \u201eWir als Gemeindeverwaltung und Veranstalter des Andechser Bierfestes empfehlen dem Gremium die Absage, zumal uns der Beschluss von Bund und L\u00e4nder kaum eine andere Wahl l\u00e4sst. Daher wird die Absage vermutlich nur noch Formsache sein\u201c, so die Einsch\u00e4tzung des Ersten Beigeordneten Tobias Meyer. \u201eDie Absage ist schmerzlich f\u00fcr alle Beschicker, Schausteller und auch Vereine, f\u00fcr die das Andechser eine wichtige Einnahmequelle ist, die nun wegbrechen wird. Doch aktuelle F\u00e4lle aus Nordrhein-Westfalen oder Hessen zeigen, dass das Virus weiterhin unter uns ist und wie schnell es sich ausbreiten kann\u201c, so Meyer weiter. Alternativangebote im Rahmen der Corona-Richtlinien sind denkbar und werden derzeit er\u00f6rtert. \u201eDas Team im Bereich Veranstaltungen und der Tourist-Information erarbeitet bereits Ideen und Konzepte\u201c, k\u00fcndigt Meyer an.<\/p>\n\n\n\n<p><em>Gemeinsame Pressemitteilung der St\u00e4dte Neustadt, Landau, Bad D\u00fcrkheim sowie der Gemeinde Ha\u00dfloch<br>22.06.2020<\/em><\/p>\n\n\n\n<h2 class=\"wp-block-heading\">Freiwilligentag in der Metropolregion <\/h2>\n\n\n\n<h4 class=\"wp-block-heading\">Auch Ha\u00dflocher Vereine und Einrichtungen sind aufgerufen, Projekte anzumelden<\/h4>\n\n\n\n<div class=\"wp-block-image\"><figure class=\"aligncenter\"><img decoding=\"async\" loading=\"lazy\" width=\"350\" height=\"346\" src=\"https:\/\/speyer24news.com\/wp-content\/uploads\/2020\/06\/Wir-schaffen-was.png\" alt=\"\" class=\"wp-image-28263\" srcset=\"https:\/\/speyer24news.com\/wp-content\/uploads\/2020\/06\/Wir-schaffen-was.png 350w, https:\/\/speyer24news.com\/wp-content\/uploads\/2020\/06\/Wir-schaffen-was-300x297.png 300w\" sizes=\"(max-width: 350px) 100vw, 350px\" \/><\/figure><\/div>\n\n\n\n<p>Unter dem Motto \u201eWir schaffen was!\u201c findet am <strong>19. September 2020<\/strong> die inzwischen 7. Auflage des Freiwilligentags der Metropolregion Rhein-Neckar statt. An dem Tag werden Projekte, die von Vereinen, Schulen, Kinderg\u00e4rten und weiteren Einrichtungen eingereicht wurden, durch die Mitarbeit von zahlreichen freiwilligen Helfern angepackt und umgesetzt. Beim letzten Freiwilligentag im Jahr 2018 engagierten sich auf diesem Weg \u00fcber 7.500 Menschen in insgesamt 372 Projekten verteilt \u00fcber die ganze Metropolregion. In Ha\u00dfloch hatten sich in 2018 drei Einrichtungen (KiTa Arche Noah, Haus Rebental und Vogelpark) registriert und mit der Unterst\u00fctzung von freiwilligen Helfern ihr Projekt realisiert. <\/p>\n\n\n\n<p>Der Beigeordnete und Vereinsdezernent Claus Wolfer ermutigt Ha\u00dflocher Vereine und Einrichtungen, sich auch bei der diesj\u00e4hrigen Auflage mit einem Projekt f\u00fcr den Freiwilligentag anzumelden. Die Projekte k\u00f6nnen dabei ganz unterschiedlich ausfallen: Von einer M\u00fcllsammelaktion in der Natur, der Versch\u00f6nerung von Gr\u00fcnfl\u00e4chen bis hin zur Schaffung von Spielfl\u00e4chen oder der Renovierung von Sport- oder Au\u00dfenanlagen. All das sind Projekte, die man \u00fcber die Homepage des Freiwilligentags unter <a href=\"http:\/\/www.wir-schaffen-was.de\">www.wir-schaffen-was.de<\/a> eintragen kann. Sobald das Projekt eingetragen ist, ist dieses \u00f6ffentlich einsehbar und interessierte Helfer k\u00f6nnen sich f\u00fcr dieses Projekt anmelden und werden dann am 19. September vor Ort sein und bei der Umsetzung helfen. <\/p>\n\n\n\n<div class=\"wp-block-image\"><figure class=\"aligncenter\"><img decoding=\"async\" loading=\"lazy\" width=\"350\" height=\"351\" src=\"https:\/\/speyer24news.com\/wp-content\/uploads\/2020\/06\/Wir-schaffen-was-2018.png\" alt=\"\" class=\"wp-image-28264\" srcset=\"https:\/\/speyer24news.com\/wp-content\/uploads\/2020\/06\/Wir-schaffen-was-2018.png 350w, https:\/\/speyer24news.com\/wp-content\/uploads\/2020\/06\/Wir-schaffen-was-2018-150x150.png 150w, https:\/\/speyer24news.com\/wp-content\/uploads\/2020\/06\/Wir-schaffen-was-2018-300x300.png 300w\" sizes=\"(max-width: 350px) 100vw, 350px\" \/><\/figure><\/div>\n\n\n\n<p>Der Freiwilligentag sei eine tolle Gelegenheit, um die bunte Vielfalt des b\u00fcrgerschaftlichen Engagements sichtbar zu machen, so Wolfer. Au\u00dferdem biete der Aktionstag eine gute Gelegenheit, um eventuell auch langfristig neue Unterst\u00fctzer zu finden. Daher hofft Wolfer, dass sich am 19. September auch zahlreiche Ha\u00dflocher Projekte auf der Liste des Freiwilligentages befinden und durch viele tatkr\u00e4ftige Helfer angegangen werden. <\/p>\n\n\n\n<p>Covid19-bedingte Regeln erfordern in diesem Jahr nat\u00fcrlich eine angepasste Vorgehensweise bei der Umsetzung der Projekte. \u00dcber die Anmeldeplattform <a href=\"http:\/\/www.wir-schaffen-was.de\">www.wir-schaffen-was.de<\/a> hat das Organisationsteam des Freiwilligentags entsprechende Hinweise f\u00fcr Projektanbieter zusammengefasst. Als kommunale Ansprechpartnerin f\u00fcr den Freiwilligen Tag 2020 steht au\u00dferdem auch Beate Gebhard-Diehl aus dem Ha\u00dflocher Seniorenb\u00fcro f\u00fcr Fragen zur Verf\u00fcgung (Telefon: 06324-935359, E-Mail: <a href=\"beate.gebhard-diehl@hassloch.de\">beate.gebhard-diehl@hassloch.de<\/a>). Projektanmeldungen sind ab sofort m\u00f6glich.<\/p>\n\n\n\n<p><em>Gemeindeverwaltung Ha\u00dfloch<br>22.06.2020<\/em><\/p>\n","protected":false},"excerpt":{"rendered":"<div class=\"mh-excerpt\"><p>Infos zu Weinlesefest, Herbstmarkt, Wurstmarkt und Andechser Der D\u00fcrkheimer Wurstmarkt, das Deutsche Weinlesefest, der Landauer Herbstmarkt sowie das Andechser Bierfest sind nicht nur den Pf\u00e4lzern ein Begriff, sondern besitzen eine \u00fcberregionale Strahlkraft, von der sich <a class=\"mh-excerpt-more\" href=\"https:\/\/speyer24news.com\/?p=28262\" title=\"Ha\u00dfloch\">[&#8230;]<\/a><\/p>\n<\/div>","protected":false},"author":3,"featured_media":23914,"comment_status":"open","ping_status":"open","sticky":false,"template":"","format":"standard","meta":{"_monsterinsights_skip_tracking":false,"_monsterinsights_sitenote_active":false,"_monsterinsights_sitenote_note":"","_monsterinsights_sitenote_category":0,"footnotes":""},"categories":[235],"tags":[1947,1949,984,7581,180,58,61,2555,6955,6263,146,5261,2803,4736,7584,7580,7579,2644,7585],"aioseo_notices":[],"amp_enabled":true,"_links":{"self":[{"href":"https:\/\/speyer24news.com\/index.php?rest_route=\/wp\/v2\/posts\/28262"}],"collection":[{"href":"https:\/\/speyer24news.com\/index.php?rest_route=\/wp\/v2\/posts"}],"about":[{"href":"https:\/\/speyer24news.com\/index.php?rest_route=\/wp\/v2\/types\/post"}],"author":[{"embeddable":true,"href":"https:\/\/speyer24news.com\/index.php?rest_route=\/wp\/v2\/users\/3"}],"replies":[{"embeddable":true,"href":"https:\/\/speyer24news.com\/index.php?rest_route=%2Fwp%2Fv2%2Fcomments&post=28262"}],"version-history":[{"count":2,"href":"https:\/\/speyer24news.com\/index.php?rest_route=\/wp\/v2\/posts\/28262\/revisions"}],"predecessor-version":[{"id":28273,"href":"https:\/\/speyer24news.com\/index.php?rest_route=\/wp\/v2\/posts\/28262\/revisions\/28273"}],"wp:featuredmedia":[{"embeddable":true,"href":"https:\/\/speyer24news.com\/index.php?rest_route=\/wp\/v2\/media\/23914"}],"wp:attachment":[{"href":"https:\/\/speyer24news.com\/index.php?rest_route=%2Fwp%2Fv2%2Fmedia&parent=28262"}],"wp:term":[{"taxonomy":"category","embeddable":true,"href":"https:\/\/speyer24news.com\/index.php?rest_route=%2Fwp%2Fv2%2Fcategories&post=28262"},{"taxonomy":"post_tag","embeddable":true,"href":"https:\/\/speyer24news.com\/index.php?rest_route=%2Fwp%2Fv2%2Ftags&post=28262"}],"curies":[{"name":"wp","href":"https:\/\/api.w.org\/{rel}","templated":true}]}}