{"id":28266,"date":"2020-06-22T13:17:07","date_gmt":"2020-06-22T12:17:07","guid":{"rendered":"https:\/\/speyer24news.com\/?p=28266"},"modified":"2020-06-22T13:17:08","modified_gmt":"2020-06-22T12:17:08","slug":"landau-und-kreis-ld-20","status":"publish","type":"post","link":"https:\/\/speyer24news.com\/?p=28266","title":{"rendered":"Landau und Kreis LD"},"content":{"rendered":"<style type=\"text\/css\">\r\n\t.ads_top_disp{}\r\n\t.ads_top_corner_disp{ float:left; margin:0px 10px 10px 0px; }\r\n\t.ads_first_p_disp{}\r\n\t.ads_bottom_disp{}\r\n\t<\/style>\n<h2 class=\"wp-block-heading\"><strong>Coronavirus: Fallzahlen im Landkreis S\u00fcdliche Weinstra\u00dfe und der Stadt Landau<\/strong><\/h2>\n\n\n\n<h3 class=\"wp-block-heading\">Montag, 22.06.2020<\/h3>\n\n\n\n<figure class=\"wp-block-image\"><img decoding=\"async\" loading=\"lazy\" width=\"800\" height=\"400\" src=\"https:\/\/speyer24news.com\/wp-content\/uploads\/2020\/02\/virus-1812092_1920.jpg\" alt=\"\" class=\"wp-image-25128\" srcset=\"https:\/\/speyer24news.com\/wp-content\/uploads\/2020\/02\/virus-1812092_1920.jpg 800w, https:\/\/speyer24news.com\/wp-content\/uploads\/2020\/02\/virus-1812092_1920-300x150.jpg 300w, https:\/\/speyer24news.com\/wp-content\/uploads\/2020\/02\/virus-1812092_1920-768x384.jpg 768w\" sizes=\"(max-width: 800px) 100vw, 800px\" \/><\/figure>\n\n\n\n<p>Nach\naktuellem Stand (22.06.2020, 12:00 Uhr) hat sich seit der letzen Meldung am\nFreitag, 19. Juni, keine Ver\u00e4nderung der Fallzahlen ergeben. Insgesamt wurden <strong>225<\/strong> F\u00e4lle im Zust\u00e4ndigkeitsbereich des\nGesundheitsamts Landau\/S\u00fcdliche Weinstra\u00dfe an das Landesuntersuchungsamt\n\u00fcbermittelt. <strong>216<\/strong> Personen sind\ngesundet*. <strong>5<\/strong> Personen sind\nverstorben. <\/p>\n\n\n\n<ul><li><strong>Verbandsgemeinde Annweiler:<\/strong> 12 Personen (12 davon gesundet)<\/li><li><strong>Verbandsgemeinde Bad Bergzabern<\/strong>:11 Personen (11 davon gesundet)<\/li><li><strong>Verbandsgemeinde Edenkoben<\/strong>: 40 Personen (40 davon gesundet)<\/li><li><strong>Verbandsgemeinde Herxheim: <\/strong>28 Personen (26 davon gesundet, 1 verstorben)<\/li><li><strong>Verbandsgemeinde Landau-Land<\/strong>: 25 Personen (20 davon gesundet, 2 verstorben)<\/li><li><strong>Verbandsgemeinde Maikammer<\/strong>: 14 Personen (14 davon gesundet)<\/li><li><strong>Verbandsgemeinde Offenbach<\/strong>: 22 Personen (22 davon gesundet)<\/li><li><strong>Stadt Landau<\/strong>: 73 Personen (71 davon gesundet, 2 verstorben).<\/li><\/ul>\n\n\n\n<p>Alle ermittelbaren Kontaktpersonen werden \u00fcber die Infektion\ninformiert. <\/p>\n\n\n\n<p>*Eine Person gilt als gesundet und wird aus der 14-t\u00e4gigen\nh\u00e4uslichen Quarant\u00e4ne entlassen, wenn sie 48 Stunden (an Tag 13 und 14 der\nh\u00e4uslichen Quarant\u00e4ne) symptomfrei war. Ein erneuter Test findet bei Personen\nin h\u00e4uslicher Quarant\u00e4ne nicht statt.<\/p>\n\n\n\n<p>Diese F\u00e4lle gelten f\u00fcr das Gesundheitsamt als abgeschlossen.\nPersonen in Gesundheitsberufen dagegen \u2013 etwa \u00c4rzte oder Altenpfleger \u2013 werden\nerst als abgeschlossene F\u00e4lle gez\u00e4hlt, wenn diese einen negativen Abstrich\nhatten, da diese erst dann wieder arbeiten d\u00fcrfen.<\/p>\n\n\n\n<p>Informationen zum Thema Coronavirus finden Sie auf der Homepage des Landkreises: <a href=\"http:\/\/www.suedliche-weinstrasse.de\">www.suedliche-weinstrasse.de<\/a>. <\/p>\n\n\n\n<p><em>Gemeinsame Pressemitteilung der Kreisverwaltung S\u00fcdliche Weinstra\u00dfe und der Stadtverwaltung Landau<br>22.06.2020<\/em><\/p>\n\n\n\n<h2 class=\"wp-block-heading\">Ein weiteres St\u00fcck Normalit\u00e4t: Stadtbibliothek Landau erweitert \u00d6ffnungszeiten \u2013 Quarant\u00e4ne f\u00fcr B\u00fccher entf\u00e4llt<\/h2>\n\n\n\n<div class=\"wp-block-image\"><figure class=\"aligncenter\"><img decoding=\"async\" loading=\"lazy\" width=\"800\" height=\"533\" src=\"https:\/\/speyer24news.com\/wp-content\/uploads\/2020\/06\/Info-22-06-2020-12-Uhr_Bibliothek.jpg\" alt=\"\" class=\"wp-image-28269\" srcset=\"https:\/\/speyer24news.com\/wp-content\/uploads\/2020\/06\/Info-22-06-2020-12-Uhr_Bibliothek.jpg 800w, https:\/\/speyer24news.com\/wp-content\/uploads\/2020\/06\/Info-22-06-2020-12-Uhr_Bibliothek-300x200.jpg 300w, https:\/\/speyer24news.com\/wp-content\/uploads\/2020\/06\/Info-22-06-2020-12-Uhr_Bibliothek-768x512.jpg 768w\" sizes=\"(max-width: 800px) 100vw, 800px\" \/><figcaption>Auch in der Stadtbibliothek Landau gelten aktuell besondere Corona-Regeln. <em>(Stadt Landau) <\/em> <\/figcaption><\/figure><\/div>\n\n\n\n<p>B\u00fccherw\u00fcrmer und Leseratten\nk\u00f6nnen aufatmen: Ab Montag, 29. Juni, kehrt die Stadtbibliothek Landau \u2013\nzumindest was ihre \u00d6ffnungszeiten betrifft \u2013 zur Normalit\u00e4t zur\u00fcck. Dann wird die\nEinrichtung am Heinrich-Heine-Platz montags und dienstags von 14 bis 18 Uhr,\ndonnerstags und freitags wieder durchg\u00e4ngig von 10 bis 18 Uhr und samstags von\n9 bis 13 Uhr ge\u00f6ffnet sein. <\/p>\n\n\n\n<p>\u201eWegen der Corona-Pandemie\nfallen nach wie vor viele kulturelle Veranstaltungen und Angebote weg. Da ist\nes eine sehr wohltuende Nachricht, dass diese so wichtige St\u00e4tte der Literatur\nund der Bildung weiterhin \u2013 und jetzt sogar wieder zu den gewohnten\n\u00d6ffnungszeiten \u2013 genutzt werden kann\u201c, sagt B\u00fcrgermeister und Kulturdezernent\nDr. Maximilian Ingenthron. \u201eAuch, wenn wir momentan noch immer auf einiges\nverzichten m\u00fcssen, gibt es in der Stadtbibliothek die Gelegenheit, viel Neues\nzu entdecken. Denn jedes Buch \u00f6ffnet eine T\u00fcr \u2013 in die Welt der Literatur, die\nerkundet und erobert werden will.\u201c <\/p>\n\n\n\n<p>\u201eGerade im Hinblick auf den\nLesesommer und die w\u00e4rmeren Temperaturen freuen wir uns, dass nun wieder die\nbeiden Vormittage mit dazu kommen\u201c, so die Leiterin der Stadtbibliothek, Amelie\nL\u00f6hlein. \u201eF\u00fcr die Bibliothek ist es ein weiterer Schritt in Richtung\nNormalit\u00e4t, wobei die anderen Beschr\u00e4nkungen wie etwa die Pflicht zur\nMund-Nasen-Bedeckung, die Personenbegrenzung und die Beschr\u00e4nkung der\nAufenthaltsdauer vorerst bestehen bleiben\u201c, betont L\u00f6hlein. <\/p>\n\n\n\n<p>Auch kann \u00a0die bisherige 72-Stunden-Quarant\u00e4ne f\u00fcr zur\u00fcckgebrachte Medien abgeschafft und diesbez\u00fcglich zu normalen Arbeitsabl\u00e4ufen zur\u00fcckgekehrt werden.<\/p>\n\n\n\n<p><em>Stadtverwaltung Landau in der Pfalz<\/em><br><em>22.06.2020<\/em><\/p>\n\n\n\n<h2 class=\"wp-block-heading\">Ferienspa\u00df in Zeiten von Corona: Stadt Landau informiert \u00fcber Modalit\u00e4ten des Ferienpasses 2020 \u2013 Gro\u00dfe Nachfrage an Schulen \u2013 Anmeldungen f\u00fcr Betreuungsangebote weiter m\u00f6glich<\/h2>\n\n\n\n<div class=\"wp-block-image\"><figure class=\"aligncenter\"><img decoding=\"async\" loading=\"lazy\" width=\"500\" height=\"750\" src=\"https:\/\/speyer24news.com\/wp-content\/uploads\/2020\/06\/Info-22-06-2020-12-Uhr_Ferienpass.jpg\" alt=\"\" class=\"wp-image-28267\" srcset=\"https:\/\/speyer24news.com\/wp-content\/uploads\/2020\/06\/Info-22-06-2020-12-Uhr_Ferienpass.jpg 500w, https:\/\/speyer24news.com\/wp-content\/uploads\/2020\/06\/Info-22-06-2020-12-Uhr_Ferienpass-200x300.jpg 200w\" sizes=\"(max-width: 500px) 100vw, 500px\" \/><figcaption>Zirkus und vieles mehr: Der Ferienpass ist l\u00e4ngst ein Klassiker f\u00fcr Kids aus der Stadt Landau und dem Landkreis S\u00fcdliche Weinstra\u00dfe.<em> (Quelle: Stadt Landau)<\/em><\/figcaption><\/figure><\/div>\n\n\n\n<p>Dieses Jahr ist alles anders: Die weiter andauernde\nCorona-Krise und die dringend erforderlichen Vorsichtsma\u00dfnahmen zur Eind\u00e4mmung\ndes Virus wirken sich auch auf den Ferienpass der Stadt Landau und des\nLandkreises S\u00fcdliche Weinstra\u00dfe aus. Die st\u00e4dtische Jugendf\u00f6rderung informiert\naus diesem Grund jetzt noch einmal \u00fcber das gemeinsame Angebot in den\nSommerferien.<\/p>\n\n\n\n<p>Allgemeine Infos: Der Ferienpass ist g\u00fcltig f\u00fcr Kinder und\nJugendliche aus Stadt und Kreis, die im Schuljahr 2020\/21 schulpflichtig sind \u2013\nbis zum Alter von einschlie\u00dflich 18 Jahren. Der Pass gilt vom 4. Juli bis zum\n16. August 2020. In dieser Zeit k\u00f6nnen die Ferienpass-Kids an verschiedenen\nBetreuungsangeboten aus Bereichen wie Basteln, Werken, Sport, Wissen, Natur,\nZaubern, Zirkus, Kochen und Backen teilnehmen. Alle Betreuungsangebote stehen\nunter \u201eCorona-Vorbehalt\u201c, d.h., dass es je nach Infektionslage bei jeder\nVeranstaltung passieren kann, dass diese ver\u00e4ndert oder auch kurzfristig\nabgesagt werden muss.<\/p>\n\n\n\n<p>Zu den Freizeiteinrichtungen, die sich mit freien\nEintritten am Ferienpass 2020 beteiligen, z\u00e4hlen der Zoo und das Reptilium in\nLandau sowie der Wild- und Wanderpark in Silz. Achtung: Die unbegrenzten freien\nEintritte in das Freibad am Prie\u00dfnitzweg in Landau m\u00fcssen in diesem Jahr\nCorona-bedingt leider ausgesetzt werden. Aufgrund der dynamischen Lage\nbesonders zu Beginn der Corona-Krise findet sich dieses beliebte Angebot\nallerdings noch in der gedruckten Version des Ferienpasses. Die Jugendf\u00f6rderung\nbittet hierf\u00fcr um Verst\u00e4ndnis. <\/p>\n\n\n\n<p>Auf dem Onlineportal <a href=\"http:\/\/www.landau.feripro.de\">www.landau.feripro.de<\/a> gibt es immer die aktuellsten Informationen zum Ferienpass. Hier k\u00f6nnen Eltern ihre Kinder nach wie vor f\u00fcr die Betreuungsangebote anmelden, die Stadt und Kreis in Zusammenarbeit mit zahlreichen Kooperationspartnern zusammengestellt haben. Es werden auch noch immer neue Angebote und Veranstaltungen hinzugef\u00fcgt; aktuell stehen mehr als 130 zur Auswahl. <\/p>\n\n\n\n<p>Ein erstes Zwischenfazit der st\u00e4dtischen Jugendf\u00f6rderung f\u00e4llt trotz aller Herausforderungen positiv aus: Mehr als 300 Kinder wurden bislang f\u00fcr die Betreuungsangebote angemeldet; viele Schulen haben bereits einen \u201eNachschlag\u201c an Ferienp\u00e4ssen geordert. Auch geht bei der st\u00e4dtischen Jugendf\u00f6rderung \u2013 neben vielen Fragen \u2013 Lob ein, dass es gelungen sei, auch in schwierigen Zeiten ein attraktives Programm auf die Beine zu stellen. <\/p>\n\n\n\n<div class=\"wp-block-image\"><figure class=\"aligncenter\"><img decoding=\"async\" loading=\"lazy\" width=\"800\" height=\"106\" src=\"https:\/\/speyer24news.com\/wp-content\/uploads\/2020\/06\/Landau-Ferienpass.png\" alt=\"\" class=\"wp-image-28268\" srcset=\"https:\/\/speyer24news.com\/wp-content\/uploads\/2020\/06\/Landau-Ferienpass.png 800w, https:\/\/speyer24news.com\/wp-content\/uploads\/2020\/06\/Landau-Ferienpass-300x40.png 300w, https:\/\/speyer24news.com\/wp-content\/uploads\/2020\/06\/Landau-Ferienpass-768x102.png 768w\" sizes=\"(max-width: 800px) 100vw, 800px\" \/><\/figure><\/div>\n\n\n\n<p>Der Ferienpass ist nach wie vor in allen Landauer Schulen, bei der Jugendf\u00f6rderung in der Waffenstra\u00dfe, im B\u00fcro f\u00fcr Tourismus des Rathauses sowie \u00fcber die Internetseite <a href=\"http:\/\/www.suedliche-weinstrasse.de\">www.suedliche-weinstrasse.de<\/a> erh\u00e4ltlich. Er kostet in diesem Jahr nicht wie sonst \u00fcblich 6 Euro, sondern wird in der Stadt Landau gegen eine Spende in H\u00f6he von 1 Euro f\u00fcr das Streetwork-Projekt \u201eEbbes aus\u2019m Glas\u201c bzw. die abgebenden Schulen verteilt; die Kreisverwaltung gibt den Ferienpass kostenlos ab.<\/p>\n\n\n\n<p><em>Stadtverwaltung Landau in der Pfalz<br>22.06.2020<\/em><\/p>\n","protected":false},"excerpt":{"rendered":"<div class=\"mh-excerpt\"><p>Coronavirus: Fallzahlen im Landkreis S\u00fcdliche Weinstra\u00dfe und der Stadt Landau Montag, 22.06.2020 Nach aktuellem Stand (22.06.2020, 12:00 Uhr) hat sich seit der letzen Meldung am Freitag, 19. Juni, keine Ver\u00e4nderung der Fallzahlen ergeben. Insgesamt wurden <a class=\"mh-excerpt-more\" href=\"https:\/\/speyer24news.com\/?p=28266\" title=\"Landau und Kreis LD\">[&#8230;]<\/a><\/p>\n<\/div>","protected":false},"author":3,"featured_media":23857,"comment_status":"open","ping_status":"open","sticky":false,"template":"","format":"standard","meta":{"_monsterinsights_skip_tracking":false,"_monsterinsights_sitenote_active":false,"_monsterinsights_sitenote_note":"","_monsterinsights_sitenote_category":0,"footnotes":""},"categories":[675],"tags":[6648,6913,7076,7252,7583,7582,58,2962,2280],"aioseo_notices":[],"amp_enabled":true,"_links":{"self":[{"href":"https:\/\/speyer24news.com\/index.php?rest_route=\/wp\/v2\/posts\/28266"}],"collection":[{"href":"https:\/\/speyer24news.com\/index.php?rest_route=\/wp\/v2\/posts"}],"about":[{"href":"https:\/\/speyer24news.com\/index.php?rest_route=\/wp\/v2\/types\/post"}],"author":[{"embeddable":true,"href":"https:\/\/speyer24news.com\/index.php?rest_route=\/wp\/v2\/users\/3"}],"replies":[{"embeddable":true,"href":"https:\/\/speyer24news.com\/index.php?rest_route=%2Fwp%2Fv2%2Fcomments&post=28266"}],"version-history":[{"count":1,"href":"https:\/\/speyer24news.com\/index.php?rest_route=\/wp\/v2\/posts\/28266\/revisions"}],"predecessor-version":[{"id":28270,"href":"https:\/\/speyer24news.com\/index.php?rest_route=\/wp\/v2\/posts\/28266\/revisions\/28270"}],"wp:featuredmedia":[{"embeddable":true,"href":"https:\/\/speyer24news.com\/index.php?rest_route=\/wp\/v2\/media\/23857"}],"wp:attachment":[{"href":"https:\/\/speyer24news.com\/index.php?rest_route=%2Fwp%2Fv2%2Fmedia&parent=28266"}],"wp:term":[{"taxonomy":"category","embeddable":true,"href":"https:\/\/speyer24news.com\/index.php?rest_route=%2Fwp%2Fv2%2Fcategories&post=28266"},{"taxonomy":"post_tag","embeddable":true,"href":"https:\/\/speyer24news.com\/index.php?rest_route=%2Fwp%2Fv2%2Ftags&post=28266"}],"curies":[{"name":"wp","href":"https:\/\/api.w.org\/{rel}","templated":true}]}}