{"id":28276,"date":"2020-06-22T14:07:58","date_gmt":"2020-06-22T13:07:58","guid":{"rendered":"https:\/\/speyer24news.com\/?p=28276"},"modified":"2020-06-22T14:10:16","modified_gmt":"2020-06-22T13:10:16","slug":"politik-6","status":"publish","type":"post","link":"https:\/\/speyer24news.com\/?p=28276","title":{"rendered":"Politik"},"content":{"rendered":"<style type=\"text\/css\">\r\n\t.ads_top_disp{}\r\n\t.ads_top_corner_disp{ float:left; margin:0px 10px 10px 0px; }\r\n\t.ads_first_p_disp{}\r\n\t.ads_bottom_disp{}\r\n\t<\/style>\n<h2 class=\"wp-block-heading\">&#8222;Blick hinter die Kulissen der Politik&#8220; &#8211; Hospitanz f\u00fcr Nachwuchsjournalist*innen<\/h2>\n\n\n\n<div class=\"wp-block-image\"><figure class=\"aligncenter\"><img decoding=\"async\" loading=\"lazy\" width=\"500\" height=\"691\" src=\"https:\/\/speyer24news.com\/wp-content\/uploads\/2020\/06\/2-Presse-Mackensen_Isabel_Bundestag-4c.jpg\" alt=\"\" class=\"wp-image-28277\" srcset=\"https:\/\/speyer24news.com\/wp-content\/uploads\/2020\/06\/2-Presse-Mackensen_Isabel_Bundestag-4c.jpg 500w, https:\/\/speyer24news.com\/wp-content\/uploads\/2020\/06\/2-Presse-Mackensen_Isabel_Bundestag-4c-217x300.jpg 217w\" sizes=\"(max-width: 500px) 100vw, 500px\" \/><\/figure><\/div>\n\n\n\n<p><strong>Berlin \/ Speyer &#8211; <\/strong>Die SPD-Bundestagsfraktion bietet zusammen mit der Friedrich-Ebert-Stiftung Nachwuchsjournalistinnen und -journalisten zwischen dem <strong>7. und 18. September 2020<\/strong> einen &#8222;Blick hinter die Kulissen&#8220;.<\/p>\n\n\n\n<p>Junge Journalist*innen, die sich noch im Studium befinden oder bereits berufst\u00e4tig sind, k\u00f6nnen mit hochrangigen Politikerinnen und Politikern sowie prominenten Medienvertreter*innen ins Gespr\u00e4ch kommen. Die Teilnehmenden erfahren so \u00fcber das Zusammenwirken von Medien und Politik und bekommen dar\u00fcber hinaus einen Einblick in die spannende journalistische Arbeit von Hauptstadtkorrespondenten.<\/p>\n\n\n\n<p>Aufgrund der Corona-Pandemie wird dieses Jahr zum gesundheitlichen Schutz der Teilnehmenden auf einen Austausch vor Ort verzichtet. Daher findet die Hospitanz dieses Jahr als Webinar statt.<\/p>\n\n\n\n<p>Melden Sie sich bei Interesse an das B\u00fcro der Bundestagsabgeordneten Isabel Mackensen per E-Mail an <a href=\"isabel.mackensen@bundestag.de\">isabel.mackensen@bundestag.de<\/a> oder gerne auch telefonisch unter 06321-8906210.<\/p>\n\n\n\n<p><em>Text: Isabel Mackensen, MdB \/ Mitglied des Ausschusses f\u00fcr Ern\u00e4hrung und Landwirtschaft Foto: Deutscher Bundestag<br>22.06.2020<\/em><\/p>\n","protected":false},"excerpt":{"rendered":"<div class=\"mh-excerpt\"><p>&#8222;Blick hinter die Kulissen der Politik&#8220; &#8211; Hospitanz f\u00fcr Nachwuchsjournalist*innen Berlin \/ Speyer &#8211; Die SPD-Bundestagsfraktion bietet zusammen mit der Friedrich-Ebert-Stiftung Nachwuchsjournalistinnen und -journalisten zwischen dem 7. und 18. September 2020 einen &#8222;Blick hinter die <a class=\"mh-excerpt-more\" href=\"https:\/\/speyer24news.com\/?p=28276\" title=\"Politik\">[&#8230;]<\/a><\/p>\n<\/div>","protected":false},"author":3,"featured_media":28278,"comment_status":"open","ping_status":"open","sticky":false,"template":"","format":"standard","meta":{"_monsterinsights_skip_tracking":false,"_monsterinsights_sitenote_active":false,"_monsterinsights_sitenote_note":"","_monsterinsights_sitenote_category":0,"footnotes":""},"categories":[1529],"tags":[7589,5739,7586,7587,3,310,5734],"aioseo_notices":[],"amp_enabled":true,"_links":{"self":[{"href":"https:\/\/speyer24news.com\/index.php?rest_route=\/wp\/v2\/posts\/28276"}],"collection":[{"href":"https:\/\/speyer24news.com\/index.php?rest_route=\/wp\/v2\/posts"}],"about":[{"href":"https:\/\/speyer24news.com\/index.php?rest_route=\/wp\/v2\/types\/post"}],"author":[{"embeddable":true,"href":"https:\/\/speyer24news.com\/index.php?rest_route=\/wp\/v2\/users\/3"}],"replies":[{"embeddable":true,"href":"https:\/\/speyer24news.com\/index.php?rest_route=%2Fwp%2Fv2%2Fcomments&post=28276"}],"version-history":[{"count":2,"href":"https:\/\/speyer24news.com\/index.php?rest_route=\/wp\/v2\/posts\/28276\/revisions"}],"predecessor-version":[{"id":28280,"href":"https:\/\/speyer24news.com\/index.php?rest_route=\/wp\/v2\/posts\/28276\/revisions\/28280"}],"wp:featuredmedia":[{"embeddable":true,"href":"https:\/\/speyer24news.com\/index.php?rest_route=\/wp\/v2\/media\/28278"}],"wp:attachment":[{"href":"https:\/\/speyer24news.com\/index.php?rest_route=%2Fwp%2Fv2%2Fmedia&parent=28276"}],"wp:term":[{"taxonomy":"category","embeddable":true,"href":"https:\/\/speyer24news.com\/index.php?rest_route=%2Fwp%2Fv2%2Fcategories&post=28276"},{"taxonomy":"post_tag","embeddable":true,"href":"https:\/\/speyer24news.com\/index.php?rest_route=%2Fwp%2Fv2%2Ftags&post=28276"}],"curies":[{"name":"wp","href":"https:\/\/api.w.org\/{rel}","templated":true}]}}