{"id":28318,"date":"2020-06-23T06:20:34","date_gmt":"2020-06-23T05:20:34","guid":{"rendered":"https:\/\/speyer24news.com\/?p=28318"},"modified":"2020-06-23T06:20:36","modified_gmt":"2020-06-23T05:20:36","slug":"hockenheim-60","status":"publish","type":"post","link":"https:\/\/speyer24news.com\/?p=28318","title":{"rendered":"Hockenheim"},"content":{"rendered":"<style type=\"text\/css\">\r\n\t.ads_top_disp{}\r\n\t.ads_top_corner_disp{ float:left; margin:0px 10px 10px 0px; }\r\n\t.ads_first_p_disp{}\r\n\t.ads_bottom_disp{}\r\n\t<\/style>\n<div class=\"wp-block-image\"><figure class=\"aligncenter\"><img decoding=\"async\" loading=\"lazy\" width=\"800\" height=\"559\" src=\"https:\/\/speyer24news.com\/wp-content\/uploads\/2020\/01\/1250-Jahre-Hockenheim.jpg\" alt=\"\" class=\"wp-image-23860\" srcset=\"https:\/\/speyer24news.com\/wp-content\/uploads\/2020\/01\/1250-Jahre-Hockenheim.jpg 800w, https:\/\/speyer24news.com\/wp-content\/uploads\/2020\/01\/1250-Jahre-Hockenheim-300x210.jpg 300w, https:\/\/speyer24news.com\/wp-content\/uploads\/2020\/01\/1250-Jahre-Hockenheim-768x537.jpg 768w\" sizes=\"(max-width: 800px) 100vw, 800px\" \/><\/figure><\/div>\n\n\n\n<h2 class=\"wp-block-heading\"><strong>Fachbereich Bauen und\nWohnen nur nachmittags erreichbar<\/strong><\/h2>\n\n\n\n<p>Am <strong>9. Juli 2020<\/strong> ist der Fachbereich Bauen und Wohnen der Stadtverwaltung Hockenheim vormittags nicht besetzt. <\/p>\n\n\n\n<p>Grund daf\u00fcr ist eine stattfindende\ninterne Mitarbeiterschulung. Diese wird bis 14 Uhr beendet sein. Nach der\nSchulung ist der Fachbereich wieder normal besetzt. <\/p>\n\n\n\n<p>Alle Ansprechpartner des Fachbereichs Bauen und Wohnen, sowie eine \u00dcbersicht aller Mitarbeiter der Stadtverwaltung finden Sie unter <a href=\"http:\/\/www.hockenheim.de\/mitarbeiter\">www.hockenheim.de\/mitarbeiter<\/a>. <\/p>\n\n\n\n<p><em>Stadtverwaltung Hockenheim<\/em><br><em>23.06.2020<\/em><\/p>\n\n\n\n<h2 class=\"wp-block-heading\"><strong>IV. Talhausstra\u00dfe\nvor\u00fcbergehend Einbahnstra\u00dfe<\/strong><\/h2>\n\n\n\n<p><strong>Ab sofort bis voraussichtlich 3. Juli 2020<\/strong> wird die IV. Industriestra\u00dfe im Talhaus in Hockenheim in der N\u00e4he der Gleisstra\u00dfe halbseitig gesperrt. <\/p>\n\n\n\n<p>Grund sind arbeiten im Stra\u00dfenraum.\nDie Stra\u00dfe ist daher in diesem Zeitraum nur eingeschr\u00e4nkt als Einbahnstra\u00dfe in\nRichtung Gleisstra\u00dfe nutzbar. Die Einfahrt in die IV. Industriestra\u00dfe ist nur\n\u00fcber die Talhausstra\u00dfe m\u00f6glich. <\/p>\n\n\n\n<p><em>Stadtverwaltung Hockenheim<\/em><br><em>23.06.2020<\/em><\/p>\n\n\n\n<h2 class=\"wp-block-heading\"><strong>Sperrungen Wilhelm-Herz-Stra\u00dfe<\/strong><\/h2>\n\n\n\n<div class=\"wp-block-image\"><figure class=\"aligncenter\"><img decoding=\"async\" src=\"https:\/\/speyer24news.com\/wp-content\/uploads\/2020\/01\/Vollsperrung.jpg\" alt=\"\" class=\"wp-image-23970\"\/><\/figure><\/div>\n\n\n\n<p>Die Wilhelm-Herz-Stra\u00dfe ist <strong>ab sofort bis zur Beendigung der Arbeiten, bis voraussichtlich dem 3. Juli 2020<\/strong>, auf H\u00f6he der Hausnummer 63-61 vollst\u00e4ndig gesperrt. Der parallel zur Wilhelm-Herz-Stra\u00dfe verlaufende Wirtschaftsweg ist auf gleicher H\u00f6he in diesem Zeitraum ebenfalls davon betroffen.<\/p>\n\n\n\n<p>Umgeleitet wird \u00fcber Wilhelm-Herz-Stra\u00dfe \u2013\nHermann-B\u00f6hm-Stra\u00dfe und Ayrton-Senna-Stra\u00dfe sowie umgekehrt. Der\nAnliegerverkehr ist bis zur Baustelle zugelassen.<\/p>\n\n\n\n<p><strong>Seit Montag, dem 22. Juni ist die Wilhelm-Herz-Stra\u00dfe zus\u00e4tzlich in H\u00f6he Hausnummer 127 bis voraussichtlich zum 24. Juli 2020 vollst\u00e4ndig gesperrt.<\/strong><\/p>\n\n\n\n<p>Eine Umleitung findet \u00fcber Jim Clark Stra\u00dfe und Jochen-Rindt-Stra\u00dfe sowie umgekehrt, statt. Der Anliegerverkehr ist bis zur Baustelle zugelassen.<\/p>\n\n\n\n<p><em>Stadtverwaltung Hockenheim<br>23.06.2020<\/em><\/p>\n","protected":false},"excerpt":{"rendered":"<div class=\"mh-excerpt\"><p>Fachbereich Bauen und Wohnen nur nachmittags erreichbar Am 9. Juli 2020 ist der Fachbereich Bauen und Wohnen der Stadtverwaltung Hockenheim vormittags nicht besetzt. Grund daf\u00fcr ist eine stattfindende interne Mitarbeiterschulung. Diese wird bis 14 Uhr <a class=\"mh-excerpt-more\" href=\"https:\/\/speyer24news.com\/?p=28318\" title=\"Hockenheim\">[&#8230;]<\/a><\/p>\n<\/div>","protected":false},"author":3,"featured_media":23861,"comment_status":"open","ping_status":"open","sticky":false,"template":"","format":"standard","meta":{"_monsterinsights_skip_tracking":false,"_monsterinsights_sitenote_active":false,"_monsterinsights_sitenote_note":"","_monsterinsights_sitenote_category":0,"footnotes":""},"categories":[489],"tags":[7597,108,7598,7474,7599],"aioseo_notices":[],"amp_enabled":true,"_links":{"self":[{"href":"https:\/\/speyer24news.com\/index.php?rest_route=\/wp\/v2\/posts\/28318"}],"collection":[{"href":"https:\/\/speyer24news.com\/index.php?rest_route=\/wp\/v2\/posts"}],"about":[{"href":"https:\/\/speyer24news.com\/index.php?rest_route=\/wp\/v2\/types\/post"}],"author":[{"embeddable":true,"href":"https:\/\/speyer24news.com\/index.php?rest_route=\/wp\/v2\/users\/3"}],"replies":[{"embeddable":true,"href":"https:\/\/speyer24news.com\/index.php?rest_route=%2Fwp%2Fv2%2Fcomments&post=28318"}],"version-history":[{"count":1,"href":"https:\/\/speyer24news.com\/index.php?rest_route=\/wp\/v2\/posts\/28318\/revisions"}],"predecessor-version":[{"id":28319,"href":"https:\/\/speyer24news.com\/index.php?rest_route=\/wp\/v2\/posts\/28318\/revisions\/28319"}],"wp:featuredmedia":[{"embeddable":true,"href":"https:\/\/speyer24news.com\/index.php?rest_route=\/wp\/v2\/media\/23861"}],"wp:attachment":[{"href":"https:\/\/speyer24news.com\/index.php?rest_route=%2Fwp%2Fv2%2Fmedia&parent=28318"}],"wp:term":[{"taxonomy":"category","embeddable":true,"href":"https:\/\/speyer24news.com\/index.php?rest_route=%2Fwp%2Fv2%2Fcategories&post=28318"},{"taxonomy":"post_tag","embeddable":true,"href":"https:\/\/speyer24news.com\/index.php?rest_route=%2Fwp%2Fv2%2Ftags&post=28318"}],"curies":[{"name":"wp","href":"https:\/\/api.w.org\/{rel}","templated":true}]}}