{"id":28336,"date":"2020-06-23T09:18:43","date_gmt":"2020-06-23T08:18:43","guid":{"rendered":"https:\/\/speyer24news.com\/?p=28336"},"modified":"2020-06-23T09:18:43","modified_gmt":"2020-06-23T08:18:43","slug":"stadtnotizen-speyer-14","status":"publish","type":"post","link":"https:\/\/speyer24news.com\/?p=28336","title":{"rendered":"Stadtnotizen Speyer"},"content":{"rendered":"<style type=\"text\/css\">\r\n\t.ads_top_disp{}\r\n\t.ads_top_corner_disp{ float:left; margin:0px 10px 10px 0px; }\r\n\t.ads_first_p_disp{}\r\n\t.ads_bottom_disp{}\r\n\t<\/style>\n<h2 class=\"wp-block-heading\" style=\"text-align:center\">Coronafallzahlen aus Speyer<\/h2>\n\n\n\n<figure class=\"wp-block-image\"><img decoding=\"async\" loading=\"lazy\" width=\"800\" height=\"400\" src=\"https:\/\/speyer24news.com\/wp-content\/uploads\/2020\/02\/virus-1812092_1920.jpg\" alt=\"\" class=\"wp-image-25128\" srcset=\"https:\/\/speyer24news.com\/wp-content\/uploads\/2020\/02\/virus-1812092_1920.jpg 800w, https:\/\/speyer24news.com\/wp-content\/uploads\/2020\/02\/virus-1812092_1920-300x150.jpg 300w, https:\/\/speyer24news.com\/wp-content\/uploads\/2020\/02\/virus-1812092_1920-768x384.jpg 768w\" sizes=\"(max-width: 800px) 100vw, 800px\" \/><\/figure>\n\n\n\n<p>Anzahl best\u00e4tigter F\u00e4lle von Coronavirus (SARS-CoV-2)-Infektionen in der Stadt Speyer: 95 <strong>Keine Ver\u00e4nderung<\/strong><br>Davon bereits genesen: 85 <strong>Keine Ver\u00e4nderung<\/strong><br>Todesf\u00e4lle: 2 <strong>Keine Ver\u00e4nderung<\/strong><br>Personen in Quarant\u00e4ne: 27 <strong>&#8211; 9 Personen<\/strong><br>Gemeldete F\u00e4lle der letzten sieben Tage pro 100.000 Einwohner*innen: 6<br><em>Stand: 22.06.2020, 15:00 Uhr<\/em><\/p>\n\n\n\n<p><em>Stadtverwaltung Speyer<br>23.06.2020<\/em><\/p>\n\n\n\n<h2 class=\"wp-block-heading\"><strong>Sommer\u00f6ffnungszeiten der Stadtbibliothek<\/strong><\/h2>\n\n\n\n<div class=\"wp-block-image\"><figure class=\"aligncenter\"><img decoding=\"async\" loading=\"lazy\" width=\"800\" height=\"600\" src=\"https:\/\/speyer24news.com\/wp-content\/uploads\/2020\/03\/Villa-Ecarius.jpg\" alt=\"\" class=\"wp-image-26108\" srcset=\"https:\/\/speyer24news.com\/wp-content\/uploads\/2020\/03\/Villa-Ecarius.jpg 800w, https:\/\/speyer24news.com\/wp-content\/uploads\/2020\/03\/Villa-Ecarius-300x225.jpg 300w, https:\/\/speyer24news.com\/wp-content\/uploads\/2020\/03\/Villa-Ecarius-768x576.jpg 768w, https:\/\/speyer24news.com\/wp-content\/uploads\/2020\/03\/Villa-Ecarius-678x509.jpg 678w, https:\/\/speyer24news.com\/wp-content\/uploads\/2020\/03\/Villa-Ecarius-326x245.jpg 326w, https:\/\/speyer24news.com\/wp-content\/uploads\/2020\/03\/Villa-Ecarius-80x60.jpg 80w\" sizes=\"(max-width: 800px) 100vw, 800px\" \/><\/figure><\/div>\n\n\n\n<p>Die Stadtverwaltung informiert, dass die Stadtbibliothek <strong>vom 7. Juli bis einschlie\u00dflich 27. August 2020<\/strong> zu folgenden Sommer\u00f6ffnungszeiten  wechselt: <\/p>\n\n\n\n<ul><li>dienstags bis donnerstags von 15.00 bis 18.00 Uhr sowie <\/li><li>mittwochs und freitags von 10.00 \u2013 13.00 Uhr.<\/li><\/ul>\n\n\n\n<p><em>Text: Stadtverwaltung Speyer \/ Stadtbibliothek Foto: Speyer 24\/7 News,dak<br>23.06.2020<\/em><\/p>\n","protected":false},"excerpt":{"rendered":"<div class=\"mh-excerpt\"><p>Coronafallzahlen aus Speyer Anzahl best\u00e4tigter F\u00e4lle von Coronavirus (SARS-CoV-2)-Infektionen in der Stadt Speyer: 95 Keine Ver\u00e4nderungDavon bereits genesen: 85 Keine Ver\u00e4nderungTodesf\u00e4lle: 2 Keine Ver\u00e4nderungPersonen in Quarant\u00e4ne: 27 &#8211; 9 PersonenGemeldete F\u00e4lle der letzten sieben Tage <a class=\"mh-excerpt-more\" href=\"https:\/\/speyer24news.com\/?p=28336\" title=\"Stadtnotizen Speyer\">[&#8230;]<\/a><\/p>\n<\/div>","protected":false},"author":3,"featured_media":23901,"comment_status":"open","ping_status":"open","sticky":false,"template":"","format":"standard","meta":{"_monsterinsights_skip_tracking":false,"_monsterinsights_sitenote_active":false,"_monsterinsights_sitenote_note":"","_monsterinsights_sitenote_category":0,"footnotes":""},"categories":[47],"tags":[6940,5904,6358,5801,6342,6,498,1434,657,1296],"aioseo_notices":[],"amp_enabled":true,"_links":{"self":[{"href":"https:\/\/speyer24news.com\/index.php?rest_route=\/wp\/v2\/posts\/28336"}],"collection":[{"href":"https:\/\/speyer24news.com\/index.php?rest_route=\/wp\/v2\/posts"}],"about":[{"href":"https:\/\/speyer24news.com\/index.php?rest_route=\/wp\/v2\/types\/post"}],"author":[{"embeddable":true,"href":"https:\/\/speyer24news.com\/index.php?rest_route=\/wp\/v2\/users\/3"}],"replies":[{"embeddable":true,"href":"https:\/\/speyer24news.com\/index.php?rest_route=%2Fwp%2Fv2%2Fcomments&post=28336"}],"version-history":[{"count":1,"href":"https:\/\/speyer24news.com\/index.php?rest_route=\/wp\/v2\/posts\/28336\/revisions"}],"predecessor-version":[{"id":28337,"href":"https:\/\/speyer24news.com\/index.php?rest_route=\/wp\/v2\/posts\/28336\/revisions\/28337"}],"wp:featuredmedia":[{"embeddable":true,"href":"https:\/\/speyer24news.com\/index.php?rest_route=\/wp\/v2\/media\/23901"}],"wp:attachment":[{"href":"https:\/\/speyer24news.com\/index.php?rest_route=%2Fwp%2Fv2%2Fmedia&parent=28336"}],"wp:term":[{"taxonomy":"category","embeddable":true,"href":"https:\/\/speyer24news.com\/index.php?rest_route=%2Fwp%2Fv2%2Fcategories&post=28336"},{"taxonomy":"post_tag","embeddable":true,"href":"https:\/\/speyer24news.com\/index.php?rest_route=%2Fwp%2Fv2%2Ftags&post=28336"}],"curies":[{"name":"wp","href":"https:\/\/api.w.org\/{rel}","templated":true}]}}