{"id":28382,"date":"2020-06-27T07:50:05","date_gmt":"2020-06-27T06:50:05","guid":{"rendered":"https:\/\/speyer24news.com\/?p=28382"},"modified":"2020-06-27T07:50:06","modified_gmt":"2020-06-27T06:50:06","slug":"geschwindigkeitsmessung-blitzer-31","status":"publish","type":"post","link":"https:\/\/speyer24news.com\/?p=28382","title":{"rendered":"Geschwindigkeitsmessung \/ Blitzer"},"content":{"rendered":"<style type=\"text\/css\">\r\n\t.ads_top_disp{}\r\n\t.ads_top_corner_disp{ float:left; margin:0px 10px 10px 0px; }\r\n\t.ads_first_p_disp{}\r\n\t.ads_bottom_disp{}\r\n\t<\/style>\n<h2 class=\"wp-block-heading\">Geschwindigkeitskontrollen f\u00fcr die Woche vom 29. Juni bis 3. Juli<\/h2>\n\n\n\n<figure class=\"wp-block-image\"><img decoding=\"async\" loading=\"lazy\" width=\"640\" height=\"497\" src=\"https:\/\/speyer24news.com\/wp-content\/uploads\/2020\/01\/Kontrolle-BaW\u00fc.jpg\" alt=\"\" class=\"wp-image-23874\" srcset=\"https:\/\/speyer24news.com\/wp-content\/uploads\/2020\/01\/Kontrolle-BaW\u00fc.jpg 640w, https:\/\/speyer24news.com\/wp-content\/uploads\/2020\/01\/Kontrolle-BaW\u00fc-300x233.jpg 300w\" sizes=\"(max-width: 640px) 100vw, 640px\" \/><\/figure>\n\n\n\n<p><strong>(Mannheim) &#8211; <\/strong>Die Stadt Mannheim f\u00fchrt vom 29. Juni bis 3. Juli in folgenden Stra\u00dfen Radarkontrollen durch:<\/p>\n\n\n\n<ul><li> Atterseestra\u00dfe<\/li><li> Carl-Benz-Stra\u00dfe<\/li><li> Geibelstra\u00dfe<\/li><li> Grenadierstra\u00dfe (Erich-K\u00e4stner-Schule)<\/li><li> Herbststra\u00dfe<\/li><li> K\u00e4fertaler Stra\u00dfe<\/li><li> Mallaustra\u00dfe<\/li><li> Murgstra\u00dfe<\/li><li> Mutterstadter Platz (Rheinauschule)<\/li><li> Osterburker Stra\u00dfe<\/li><li> Rheinauer Ring<\/li><li> Rohrhofer Stra\u00dfe<\/li><li> R\u00f6merstra\u00dfe (Wallstadtschule)<\/li><li> Wilhelm-Peters-Stra\u00dfe (Gerhard-Hauptmann-Schule)<\/li><li> Winterstra\u00dfe (Pfingstbergschule)<\/li><li> Zum Herrenried (K\u00e4the-Kollwitz-Schule)<\/li><\/ul>\n\n\n\n<p>Kurzfristige \u00c4nderungen oder zus\u00e4tzliche Messstellen sind aus aktuellem Anlass m\u00f6glich.<\/p>\n\n\n\n<p><em>Stadt Mannheim<br>27.06.2020<\/em><\/p>\n\n\n\n<h2 class=\"wp-block-heading\">Radarkontrollen f\u00fcr die Woche vom 29. Juni bis 5. Juli 2020<\/h2>\n\n\n\n<figure class=\"wp-block-image\"><img decoding=\"async\" src=\"https:\/\/speyer24news.com\/wp-content\/uploads\/2020\/01\/Radarkontrolle_1.jpg\" alt=\"\" class=\"wp-image-23873\"\/><\/figure>\n\n\n\n<p><strong>(Ludwigshafen) &#8211; <\/strong>Die Stadt Ludwigshafen nimmt in folgenden Stadtteilen Radarkontrollen vor.<\/p>\n\n\n\n<ul><li>Montag, 29. Juni: Rheing\u00f6nheim, Mitte und Gartenstadt<\/li><li>Dienstag, 30. Juni: Nord, Oggersheim und Friesenheim<\/li><li>Mittwoch, 1. Juli: Pfingstweide, Edigheim und S\u00fcd<\/li><li>Donnerstag, 2. Juli: Mundenheim, Maudach und Mitte<\/li><li>Freitag, 3. Juli: Oppau, Nord und S\u00fcd<\/li><li>Samstag, 4. Juli: Friesenheim und Oggersheim<\/li><\/ul>\n\n\n\n<p>Kurzfristige \u00c4nderungen beh\u00e4lt sich der Bereich Stra\u00dfenverkehr vor. Kontrollen k\u00f6nnen auch kurzfristig an anderen Stellen stattfinden.<\/p>\n\n\n\n<p><em>Stadt Ludwigshafen<br>27.06.2020<\/em><\/p>\n","protected":false},"excerpt":{"rendered":"<div class=\"mh-excerpt\"><p>Geschwindigkeitskontrollen f\u00fcr die Woche vom 29. Juni bis 3. Juli (Mannheim) &#8211; Die Stadt Mannheim f\u00fchrt vom 29. Juni bis 3. Juli in folgenden Stra\u00dfen Radarkontrollen durch: Atterseestra\u00dfe Carl-Benz-Stra\u00dfe Geibelstra\u00dfe Grenadierstra\u00dfe (Erich-K\u00e4stner-Schule) Herbststra\u00dfe K\u00e4fertaler Stra\u00dfe <a class=\"mh-excerpt-more\" href=\"https:\/\/speyer24news.com\/?p=28382\" title=\"Geschwindigkeitsmessung \/ Blitzer\">[&#8230;]<\/a><\/p>\n<\/div>","protected":false},"author":3,"featured_media":0,"comment_status":"open","ping_status":"open","sticky":false,"template":"","format":"standard","meta":{"_monsterinsights_skip_tracking":false,"_monsterinsights_sitenote_active":false,"_monsterinsights_sitenote_note":"","_monsterinsights_sitenote_category":0,"footnotes":""},"categories":[64],"tags":[18,4819,4814,19,4822,4817,4228,28,779,4821,4816,2144,56,227,17,7068,7004,949,4818,4813,1310,948],"aioseo_notices":[],"amp_enabled":true,"_links":{"self":[{"href":"https:\/\/speyer24news.com\/index.php?rest_route=\/wp\/v2\/posts\/28382"}],"collection":[{"href":"https:\/\/speyer24news.com\/index.php?rest_route=\/wp\/v2\/posts"}],"about":[{"href":"https:\/\/speyer24news.com\/index.php?rest_route=\/wp\/v2\/types\/post"}],"author":[{"embeddable":true,"href":"https:\/\/speyer24news.com\/index.php?rest_route=\/wp\/v2\/users\/3"}],"replies":[{"embeddable":true,"href":"https:\/\/speyer24news.com\/index.php?rest_route=%2Fwp%2Fv2%2Fcomments&post=28382"}],"version-history":[{"count":2,"href":"https:\/\/speyer24news.com\/index.php?rest_route=\/wp\/v2\/posts\/28382\/revisions"}],"predecessor-version":[{"id":28404,"href":"https:\/\/speyer24news.com\/index.php?rest_route=\/wp\/v2\/posts\/28382\/revisions\/28404"}],"wp:attachment":[{"href":"https:\/\/speyer24news.com\/index.php?rest_route=%2Fwp%2Fv2%2Fmedia&parent=28382"}],"wp:term":[{"taxonomy":"category","embeddable":true,"href":"https:\/\/speyer24news.com\/index.php?rest_route=%2Fwp%2Fv2%2Fcategories&post=28382"},{"taxonomy":"post_tag","embeddable":true,"href":"https:\/\/speyer24news.com\/index.php?rest_route=%2Fwp%2Fv2%2Ftags&post=28382"}],"curies":[{"name":"wp","href":"https:\/\/api.w.org\/{rel}","templated":true}]}}