{"id":28387,"date":"2020-06-26T08:24:48","date_gmt":"2020-06-26T07:24:48","guid":{"rendered":"https:\/\/speyer24news.com\/?p=28387"},"modified":"2020-06-26T08:24:49","modified_gmt":"2020-06-26T07:24:49","slug":"corona-bekaempfungsverordnung-cobelvo","status":"publish","type":"post","link":"https:\/\/speyer24news.com\/?p=28387","title":{"rendered":"Corona-Bek\u00e4mpfungsverordnung (CoBeLVO)"},"content":{"rendered":"<style type=\"text\/css\">\r\n\t.ads_top_disp{}\r\n\t.ads_top_corner_disp{ float:left; margin:0px 10px 10px 0px; }\r\n\t.ads_first_p_disp{}\r\n\t.ads_bottom_disp{}\r\n\t<\/style>\n<h2 class=\"wp-block-heading\"><strong>Zehnte Corona-Bek\u00e4mpfungsverordnung des Landes Rheinland-Pfalz tritt in Kraft<\/strong><\/h2>\n\n\n\n<figure class=\"wp-block-image\"><img decoding=\"async\" loading=\"lazy\" width=\"600\" height=\"600\" src=\"https:\/\/speyer24news.com\/wp-content\/uploads\/2020\/06\/CoBeleVo2.png\" alt=\"\" class=\"wp-image-28388\" srcset=\"https:\/\/speyer24news.com\/wp-content\/uploads\/2020\/06\/CoBeleVo2.png 600w, https:\/\/speyer24news.com\/wp-content\/uploads\/2020\/06\/CoBeleVo2-150x150.png 150w, https:\/\/speyer24news.com\/wp-content\/uploads\/2020\/06\/CoBeleVo2-300x300.png 300w\" sizes=\"(max-width: 600px) 100vw, 600px\" \/><\/figure>\n\n\n\n<p>Am Mittwoch, 19. Juni 2020, hat das Land Rheinland-Pfalz die Zehnte Corona-Bek\u00e4mpfungsverordnung (10. CoBeLVO)\n erlassen, die weitere Lockerungen der Corona-Schutzma\u00dfnahmen in eine Rechtsverordnung umsetzt. Diese&nbsp;ersetzt die Neunte Corona-Bek\u00e4mpfungsverordnung und gilt ab Mittwoch, 24.&nbsp;Juni 2020. Sie tritt mit Ablauf des&nbsp;31. August 2020 au\u00dfer Kraft.<\/p>\n\n\n\n<p>\u201eIch bin froh, dass wir mit der Zehnten Corona-Bek\u00e4mpfungsverordnung einen weiteren Schritt zur\u00fcck zu mehr Normalit\u00e4t  gehen. Allerdings \u2013 und das habe ich schon mehrfach angemahnt \u2013 f\u00fchren uns die aktuellen Ereignisse im Kreis G\u00fctersloh eindrucksvoll vor Augen, wie fragil dieser Erfolg ist und wie schnell es wieder notwendig sein kann, gleich mehrere Schritte zur\u00fcckzugehen.  Damit das nicht passiert, m\u00f6chte ich alle B\u00fcrgerinnen und B\u00fcrger dazu aufrufen, die Gefahr, die nach wie vor vom Coronavirus ausgeht, nicht zu untersch\u00e4tzen und sich weiter an die geltenden Sicherheitsma\u00dfnahmen zu halten,\u201c so Oberb\u00fcrgermeisterin Stefanie Seiler.  \u201eLassen Sie uns weiterhin achtsam bleiben und R\u00fccksicht aufeinander nehmen, damit wir uns weiterhin in die richtige Richtung bewegen\u201c, appelliert sie weiter. <\/p>\n\n\n\n<figure class=\"wp-block-image\"><img decoding=\"async\" loading=\"lazy\" width=\"600\" height=\"600\" src=\"https:\/\/speyer24news.com\/wp-content\/uploads\/2020\/06\/CoBeleVo.png\" alt=\"\" class=\"wp-image-28389\" srcset=\"https:\/\/speyer24news.com\/wp-content\/uploads\/2020\/06\/CoBeleVo.png 600w, https:\/\/speyer24news.com\/wp-content\/uploads\/2020\/06\/CoBeleVo-150x150.png 150w, https:\/\/speyer24news.com\/wp-content\/uploads\/2020\/06\/CoBeleVo-300x300.png 300w\" sizes=\"(max-width: 600px) 100vw, 600px\" \/><\/figure>\n\n\n\n<p>Die neue Rechtsverordnung lockert unter anderem die Auflagen f\u00fcr Privatfeierlichkeiten, wie Hochzeiten oder\n Geburtstagsfeiern. Diese k\u00f6nnen mit maximal 75 Personen und einem zuvor eindeutig festgelegten Teilnehmerkreis wieder in angemieteten R\u00e4umlichkeiten und auf angemieteten Fl\u00e4chen stattfinden. Es gilt die Pflicht zur Kontakterfassung. Das Abstandsgebot und die\n Maskenpflicht sollen m\u00f6glichst beachtet werden. <\/p>\n\n\n\n<p>F\u00fcr \u00f6ffentliche Veranstaltungen wird die maximale Teilnehmerzahl in Innenr\u00e4umen auf 150 Personen erh\u00f6ht, im  Au\u00dfenbereich auf 350.<\/p>\n\n\n\n<div class=\"wp-block-image\"><figure class=\"aligncenter\"><img decoding=\"async\" loading=\"lazy\" width=\"600\" height=\"600\" src=\"https:\/\/speyer24news.com\/wp-content\/uploads\/2020\/06\/CoBeleVo4.png\" alt=\"\" class=\"wp-image-28390\" srcset=\"https:\/\/speyer24news.com\/wp-content\/uploads\/2020\/06\/CoBeleVo4.png 600w, https:\/\/speyer24news.com\/wp-content\/uploads\/2020\/06\/CoBeleVo4-150x150.png 150w, https:\/\/speyer24news.com\/wp-content\/uploads\/2020\/06\/CoBeleVo4-300x300.png 300w\" sizes=\"(max-width: 600px) 100vw, 600px\" \/><\/figure><\/div>\n\n\n\n<p>Weiterhin sind wieder Chor- und Orchesterproben und -auftritte sowie Gemeindeges\u00e4nge in Gottesdiensten erlaubt.\n Bei T\u00e4tigkeiten mit erh\u00f6htem Aerosolaussto\u00df ist der Mindestabstand zwischen Personen auf drei Meter zu verdoppeln. Die Landesregierung empfiehlt, solche T\u00e4tigkeiten in den Au\u00dfenbereich zu verlegen.\n<\/p>\n\n\n\n<p>In Gruppen von maximal zehn Personen werden dar\u00fcber hinaus wieder das gemeinsame sportliche Training und der  Wettkampf erlaubt \u2013 auch im Bereich der Kontaktsportarten (beispielsweise Judo).<\/p>\n\n\n\n<div class=\"wp-block-image\"><figure class=\"aligncenter\"><img decoding=\"async\" loading=\"lazy\" width=\"600\" height=\"600\" src=\"https:\/\/speyer24news.com\/wp-content\/uploads\/2020\/06\/CoBeleVo3.png\" alt=\"\" class=\"wp-image-28391\" srcset=\"https:\/\/speyer24news.com\/wp-content\/uploads\/2020\/06\/CoBeleVo3.png 600w, https:\/\/speyer24news.com\/wp-content\/uploads\/2020\/06\/CoBeleVo3-150x150.png 150w, https:\/\/speyer24news.com\/wp-content\/uploads\/2020\/06\/CoBeleVo3-300x300.png 300w\" sizes=\"(max-width: 600px) 100vw, 600px\" \/><\/figure><\/div>\n\n\n\n<p>Die\n<strong>einzuhaltenden<\/strong> <strong>spezifischen Schutzma\u00dfnahmen<\/strong> f\u00fcr die einzelnen Bereiche k\u00f6nnen nach wie vor auf der Website des Landes Rheinland-Pfalz unter\n<a href=\"https:\/\/deref-web.de\/mail\/client\/YS0fFN3-NWI\/dereferrer\/?redirectUrl=https%3A%2F%2Fcorona.rlp.de%2Fde%2Fthemen%2Fhygienekonzepte%2F\" target=\"_blank\" rel=\"noreferrer noopener\">https:\/\/corona.rlp.de\/de\/themen\/hygienekonzepte\/<\/a>\n nachgelesen werden. <\/p>\n\n\n\n<p>Die Landesverordnung ist im Wortlaut unter <a rel=\"noreferrer noopener\" href=\"https:\/\/deref-web.de\/mail\/client\/1erN5_NI5UQ\/dereferrer\/?redirectUrl=http%3A%2F%2Fwww.speyer.de%2Fcorona\" target=\"_blank\"> www.speyer.de\/corona<\/a> in der rechten Seitenbox unter \u201eRechtsgrundlagen\u201c zu finden. <\/p>\n\n\n\n<p><em>Text: Stadtverwaltung Speyer Foto: Landesregierung Rheinland-Pfalz<br>26.06.2020<\/em><\/p>\n","protected":false},"excerpt":{"rendered":"<div class=\"mh-excerpt\"><p>Zehnte Corona-Bek\u00e4mpfungsverordnung des Landes Rheinland-Pfalz tritt in Kraft Am Mittwoch, 19. Juni 2020, hat das Land Rheinland-Pfalz die Zehnte Corona-Bek\u00e4mpfungsverordnung (10. CoBeLVO) erlassen, die weitere Lockerungen der Corona-Schutzma\u00dfnahmen in eine Rechtsverordnung umsetzt. Diese&nbsp;ersetzt die Neunte <a class=\"mh-excerpt-more\" href=\"https:\/\/speyer24news.com\/?p=28387\" title=\"Corona-Bek\u00e4mpfungsverordnung (CoBeLVO)\">[&#8230;]<\/a><\/p>\n<\/div>","protected":false},"author":3,"featured_media":25116,"comment_status":"open","ping_status":"open","sticky":false,"template":"","format":"standard","meta":{"_monsterinsights_skip_tracking":false,"_monsterinsights_sitenote_active":false,"_monsterinsights_sitenote_note":"","_monsterinsights_sitenote_category":0,"footnotes":""},"categories":[9],"tags":[7629,7002,6940,6359,6358,6342,2625,380,6],"aioseo_notices":[],"amp_enabled":true,"_links":{"self":[{"href":"https:\/\/speyer24news.com\/index.php?rest_route=\/wp\/v2\/posts\/28387"}],"collection":[{"href":"https:\/\/speyer24news.com\/index.php?rest_route=\/wp\/v2\/posts"}],"about":[{"href":"https:\/\/speyer24news.com\/index.php?rest_route=\/wp\/v2\/types\/post"}],"author":[{"embeddable":true,"href":"https:\/\/speyer24news.com\/index.php?rest_route=\/wp\/v2\/users\/3"}],"replies":[{"embeddable":true,"href":"https:\/\/speyer24news.com\/index.php?rest_route=%2Fwp%2Fv2%2Fcomments&post=28387"}],"version-history":[{"count":1,"href":"https:\/\/speyer24news.com\/index.php?rest_route=\/wp\/v2\/posts\/28387\/revisions"}],"predecessor-version":[{"id":28392,"href":"https:\/\/speyer24news.com\/index.php?rest_route=\/wp\/v2\/posts\/28387\/revisions\/28392"}],"wp:featuredmedia":[{"embeddable":true,"href":"https:\/\/speyer24news.com\/index.php?rest_route=\/wp\/v2\/media\/25116"}],"wp:attachment":[{"href":"https:\/\/speyer24news.com\/index.php?rest_route=%2Fwp%2Fv2%2Fmedia&parent=28387"}],"wp:term":[{"taxonomy":"category","embeddable":true,"href":"https:\/\/speyer24news.com\/index.php?rest_route=%2Fwp%2Fv2%2Fcategories&post=28387"},{"taxonomy":"post_tag","embeddable":true,"href":"https:\/\/speyer24news.com\/index.php?rest_route=%2Fwp%2Fv2%2Ftags&post=28387"}],"curies":[{"name":"wp","href":"https:\/\/api.w.org\/{rel}","templated":true}]}}