{"id":28405,"date":"2020-06-27T08:44:02","date_gmt":"2020-06-27T07:44:02","guid":{"rendered":"https:\/\/speyer24news.com\/?p=28405"},"modified":"2020-06-27T10:43:48","modified_gmt":"2020-06-27T09:43:48","slug":"kirche-75","status":"publish","type":"post","link":"https:\/\/speyer24news.com\/?p=28405","title":{"rendered":"Kirche"},"content":{"rendered":"<style type=\"text\/css\">\r\n\t.ads_top_disp{}\r\n\t.ads_top_corner_disp{ float:left; margin:0px 10px 10px 0px; }\r\n\t.ads_first_p_disp{}\r\n\t.ads_bottom_disp{}\r\n\t<\/style>\n<h2 class=\"wp-block-heading\"><strong>Bistum Speyer ver\u00f6ffentlicht Statistik f\u00fcr das Jahr 2019<\/strong><\/h2>\n\n\n\n<h4 class=\"wp-block-heading\"><strong>Hohe Zahl von Kirchenaustritten ist f\u00fcr Generalvikar Sturm ein \u201eklarer Hinweis auf die Notwendigkeit von Ver\u00e4nderungen in der Kirche\u201c<\/strong><\/h4>\n\n\n\n<div class=\"wp-block-image\"><figure class=\"aligncenter\"><img decoding=\"async\" src=\"https:\/\/speyer24news.com\/wp-content\/uploads\/2020\/03\/Bistum-Speyer.png\" alt=\"\" class=\"wp-image-26099\"\/><\/figure><\/div>\n\n\n\n<p>Das Bistum Speyer hat seine Jahresstatistik f\u00fcr das Jahr 2019 ver\u00f6ffentlicht. Danach lag die Zahl der Katholikinnen und Katholiken im Gebiet der Di\u00f6zese im Jahr 2019 bei rund 507.500. Das bedeutet einen R\u00fcckgang von rund 11.000 Gl\u00e4ubigen gegen\u00fcber dem Jahr 2018. In Prozentpunkten ausgedr\u00fcckt, betrug der Mitgliederschwund rund 2,2 Prozent.<\/p>\n\n\n\n<p>Hauptursache ist die hohe Zahl von Kirchenaustritten: Rund 6.400 Menschen haben die katholische Kirche in der Pfalz und im Saarpfalzkreis im Jahr 2019 verlassen. \u201eDas ist eine alarmierende Entwicklung, die uns eindringlich vor Augen f\u00fchrt, wie wichtig jetzt inhaltliche und strukturelle Ver\u00e4nderungen in der Kirche sind\u201c, erkl\u00e4rt Generalvikar Andreas Sturm. \u201eDie Menschen, die sich 2019 zum Austritt entschlossen haben, haben in der Kirche offenbar nichts mehr gefunden, was ihnen Heimat h\u00e4tte geben k\u00f6nnen oder was ein starkes Argument zum Bleiben h\u00e4tte sein k\u00f6nnen. Das ist bitter und ruft nach Ver\u00e4nderung\u201c, ist Sturm \u00fcberzeugt.<\/p>\n\n\n\n<p>Der Anteil der regelm\u00e4\u00dfigen Gottesdienstbesucher lag 2019 wie bereits im Vorjahr bei rund 7,4 Prozent. Das Bistum Speyer verzeichnete 2019 rund 3.000 Taufen, 3.350 Erstkommunionkinder und knapp 2.000 Firmungen. \u201eWir freuen uns \u00fcber jeden, der auf diese Weise im Glauben best\u00e4rkt wird. Wir d\u00fcrfen jedoch nicht die Augen davor verschlie\u00dfen, dass die Zahlen seit Jahren kontinuierlich nach unten gehen. Daran wird deutlich, dass wir in der Weitergabe des Glaubens an die n\u00e4chste Generation vor elementaren Herausforderungen stehen\u201c, so Sturm. Mit 51 \u00dcbertritten, 125 Wiederaufnahmen und 176 Eintritten in die katholische Kirche gebe es zwar auch eine gegenl\u00e4ufige Entwicklung. \u201eDoch die ist zu schwach, um den Aderlass an Mitgliedern zu stoppen.\u201c<\/p>\n\n\n\n<p>Eine Ursache sieht Sturm in der fortschreitenden S\u00e4kularisierung der Gesellschaft und der nachlassenden \u00dcberzeugungs- und Bindungskraft des Glaubens und der Kirche. \u201eViele suchen sich auf dem Marktplatz der Religionen und Weltanschauungen heute das Angebot heraus, das ihnen am meisten zusagt.\u201c F\u00fcr Generalvikar Sturm ist das ein klarer Hinweis, dass die Kirche ihre Botschaft heute offensiv nach au\u00dfen tragen muss. \u201eWir k\u00f6nnen nicht erwarten, dass die Menschen einfach zu uns kommen. Das klappt schon seit Jahren nicht mehr. Wir m\u00fcssen uns selbst etwas einfallen lassen und kreative Wege finden, um den Glauben auf eine zeitgem\u00e4\u00dfe Weise den Menschen nahzubringen.\u201c<\/p>\n\n\n\n<p>Als weitere Ursache sieht Sturm die demographische Entwicklung. So wurde mit rund 6.300 Bestattungen im Bistum Speyer im vergangenen Jahr ein neuer H\u00f6chststand erreicht. Seine Hoffnung auf Ver\u00e4nderungen richtet er auf den synodalen Weg der Kirche in Deutschland und das Projekt des Visionsprozesses im Bistum Speyer. \u201eGerade in der Corona-Krise haben wir viele praktische Beispiele gesehen, wo Christen mit ihrem Engagement und ihrer Solidarit\u00e4t zum Segen f\u00fcr andere werden, von der Einkaufshilfe f\u00fcr \u00e4ltere Mitb\u00fcrger bis zu Briefen oder regelm\u00e4\u00dfigen Anrufen bei Menschen, die von Einsamkeit bedroht sind. In diesen Projekten und Initiativen steckt eine Kraft, die auch andere begeistern kann\u201c, ist Generalvikar Sturm \u00fcberzeugt.<\/p>\n\n\n\n<p><strong>Weitere Informationen zur Statistik 2019 des Bistums Speyer:<\/strong><\/p>\n\n\n\n<p><a href=\"https:\/\/www.bistum-speyer.de\/bistum-speyer\/zahlen-und-statistik\/?print=158\">https:\/\/www.bistum-speyer.de\/bistum-speyer\/zahlen-und-statistik\/?print=158<\/a><\/p>\n\n\n\n<p><em>Bistum Speyer<br>27.06.2020<\/em><\/p>\n\n\n\n<h2 class=\"wp-block-heading\">Mit intensivem Engagement reagieren <\/h2>\n\n\n\n<h4 class=\"wp-block-heading\">Laut der neuesten Statistik der Evangelischen Kirche in Deutschland sind die Zahlen der Kirchenmitglieder der pf\u00e4lzischen Landeskirche 2019 weiter zur\u00fcckgegangen.<\/h4>\n\n\n\n<div class=\"wp-block-image\"><figure class=\"aligncenter\"><img decoding=\"async\" loading=\"lazy\" width=\"600\" height=\"272\" src=\"https:\/\/speyer24news.com\/wp-content\/uploads\/2020\/06\/evangelische-Kirche-der-Pfalz.png\" alt=\"\" class=\"wp-image-28459\" srcset=\"https:\/\/speyer24news.com\/wp-content\/uploads\/2020\/06\/evangelische-Kirche-der-Pfalz.png 600w, https:\/\/speyer24news.com\/wp-content\/uploads\/2020\/06\/evangelische-Kirche-der-Pfalz-300x136.png 300w\" sizes=\"(max-width: 600px) 100vw, 600px\" \/><\/figure><\/div>\n\n\n\n<p><strong>Speyer &#8211; <\/strong><em>(lk) <\/em>Die Evangelische Kirche der Pfalz hat im Jahr 2019 nach der heute ver\u00f6ffentlichten Statistik der Evangelischen Kirche in Deutschland (EKD) weiter Mitglieder verloren. Demnach sank die Zahl um 2,18 Prozent auf 494.757. Die Zahl der Austritte aus der Landeskirche stieg um rund 19,14 Prozent (938 Personen) auf 5.838. Im selben Zeitraum gab es landeskirchenweit 3.822 evangelische Taufen und 563 Eintritte. Weiter steigend bleibt auch die hohe Zahl der Beerdigungen: 7.626 Menschen aus dem Bereich der Landeskirche wurden 2019 kirchlich bestattet.  <\/p>\n\n\n\n<p>\u201eDie Zahlen sind ern\u00fcchternd und fordern uns heraus\u201c, erkl\u00e4rte Oberkirchenrat Dieter Lutz. Jeder Austritt sei einer zu viel. Die hohen Austrittszahlen machten deutlich, dass der intensive Kontakt mit den Gemeindegliedern lebenslang aufrecht erhalten werden m\u00fcsse. \u201eGerade in Zeiten von Corona ist es gelungen, durch vielf\u00e4ltige digitale Formate Menschen auf neue Weise zu erreichen\u201c, sagte Lutz. Dass ein starkes kirchliches Engagement im Bereich der Kindertagesst\u00e4tten und Pflege, der Seelsorge und Krisenberatung eine mitgliederstarke Kirche brauche, sei vielen nicht selbstverst\u00e4ndlich. Dies m\u00fcsse darum verst\u00e4rkt in die \u00d6ffentlichkeit getragen werden.<\/p>\n\n\n\n<p><em>27.06.2020<\/em><\/p>\n\n\n\n<h2 class=\"wp-block-heading\">Landeskirche nimmt Resolution der Mahnwache entgegen <\/h2>\n\n\n\n<h4 class=\"wp-block-heading\">Die Landeskirche hat sich in bereits vor wenigen Tagen an die Bundestagsabgeordneten appelliert, sich mehr um den Frieden in Israel zu bem\u00fchen. <\/h4>\n\n\n\n<p><strong>Speyer &#8211; <\/strong><em>(lk) <\/em>Der \u201eJerusalem Verein\u201c und \u201eFrauen wagen Frieden\u201c \u00fcbergeben am Freitag im Rahmen einer Mahnwache das Dokument \u201eCry for Hope\u201c f\u00fcr Pal\u00e4stina an Oberkirchenrat Manfred Sutter. Damit wollen sie auf die Situation der Pal\u00e4stinenserinnen und Pal\u00e4stinenser aufmerksam machen. Hintergrund sind die Annexionspl\u00e4ne der israelischen Netanjahu-Regierung.   \u201eDas Kollegium des Landeskirchenrates hat sich bereits vor 14 Tagen mit dieser Thematik besch\u00e4ftigt und sich am 22. Juni dem Appell der Arbeitsstelle Frieden und Umwelt angeschlossen\u201c, sagte Sutter bei der Entgegennahme von \u201eCry for Hope\u201c. \u201eDie von Israel beabsichtigte Annexion im Jordantal widerspricht dem V\u00f6lkerrecht und zerst\u00f6rt die Chancen einer Wiederaufnahme des Friedensprozesses. Dagegen protestieren wir aufs Sch\u00e4rfste. Mit der Mahnwache unterst\u00fctzen Sie die Haltung und Auffassung der Landeskirche. Daf\u00fcr bedanke ich mich ausdr\u00fccklich bei Ihnen\u201c, so Sutter zu den Veranstaltern. <\/p>\n\n\n\n<p>In dem Appell an die Bundestagsabgeordneten fordert die Landeskirche von der israelischen Regierung, die von ihr vereinbarten Annexionspl\u00e4ne auszusetzen sowie von der pal\u00e4stinensischen F\u00fchrung, interne Streitigkeiten zu beenden, sich mit einer Stimme gegen die Annexionspl\u00e4ne der israelischen Regierung zu wenden und keine \u00fcbereilten Schritte, wie die Aufk\u00fcndigung aller bisherigen Vereinbarungen mit Israel und den USA, zu unternehmen. <\/p>\n\n\n\n<p>Au\u00dferdem ruft sie die israelische und pal\u00e4stinensische Zivilgesellschaft auf, sich gegen die Annexion  auszusprechen und sich f\u00fcr Verhandlungen einzusetzen. Von den politisch Verantwortlichen in Israel und Pal\u00e4stina erwartet sie, Verhandlungen zur L\u00f6sung des Konfliktes wiederaufzunehmen. <\/p>\n\n\n\n<p>Die Bundesregierung sowie die EU und ihre Mitgliedsstaaten sollen sich konsequent gegen die unilaterale Annexion von Teilen des pal\u00e4stinensischen Westjordanlandes durch die israelische Regierung einsetzen und an ihrer Unterst\u00fctzung des Friedensprozesses festhalten. <\/p>\n\n\n\n<p>Die Bundesregierung m\u00f6ge sich im Rahmen der anstehenden EU-Ratspr\u00e4sidentschaft f\u00fcr eine zentrale Vermittlerrolle der Europ\u00e4ischen Union engagieren und sich weiterhin f\u00fcr eine verhandelte L\u00f6sung des Israel-Pal\u00e4stina-Konflikts auf Basis des internationalen humanit\u00e4ren V\u00f6lkerrechts einsetzen. Stefan Mei\u00dfner vom Arbeitskreis Kirche und Judentum weist darauf hin, dass \u201edie Errichtung eines Pal\u00e4stinenserstaates heute die unabdingbare Voraussetzung f\u00fcr eine friedliche L\u00f6sung im Nahen Osten. Dazu geh\u00f6rt die einvernehmliche Aushandlung der Staatsgebiete zwischen beiden Seiten.\u201c <\/p>\n\n\n\n<p><em>27.06.2020<\/em><\/p>\n\n\n\n<h2 class=\"wp-block-heading\">Drei Personen bewerben sich f\u00fcr das Kirchenpr\u00e4sidentenamt <\/h2>\n\n\n\n<h4 class=\"wp-block-heading\">Bei der Sondersynode der pf\u00e4lzischen Landeskirche wird eine neue Kirchenpr\u00e4sidentin oder ein neuer Kirchenpr\u00e4sident gew\u00e4hlt. Zwei Kandidatinnen und ein Kandidat stellen sich zur Wahl. <\/h4>\n\n\n\n<div class=\"wp-block-image\"><figure class=\"aligncenter\"><img decoding=\"async\" src=\"https:\/\/speyer24news.com\/wp-content\/uploads\/2020\/01\/Christian-Schad-Portr\u00e4t-Ev.-Kirche.jpg\" alt=\"\" class=\"wp-image-24406\"\/><figcaption>Scheidet auf eigenen Wunsch aus, Kirchenpr\u00e4sident Christian Schad <br><em>Foto: Evangelische Kirche der Pfalz \/ Klaus Landry<\/em><\/figcaption><\/figure><\/div>\n\n\n\n<p><strong>Speyer &#8211; <\/strong><em>(lk)<\/em> In seiner Pressemeldung teilt Synodalpr\u00e4sident Hermann Lorenz mit, dass die Landessynode der Evangelischen Kirche der Pfalz am 19. September 2020 eine neue Kirchenpr\u00e4sidentin oder einen neuen Kirchenpr\u00e4sidenten als Nachfolge von Kirchenpr\u00e4sident Christian Schad w\u00e4hlen wird. <\/p>\n\n\n\n<p>Zur Wahl stehen (in alphabetischer Reihenfolge): Albrecht B\u00e4hr, Pfarrer, Landesdiakoniepfarrer und Gesch\u00e4ftsf\u00fchrer der Arbeitsgemeinschaft Diakonie in Rheinland-Pfalz, Marianne Wagner, Pfarrerin, Oberkirchenr\u00e4tin und Dorothee W\u00fcst, Pfarrerin, Oberkirchenr\u00e4tin. Kirchenpr\u00e4sident Christian Schad geht mit Ablauf des Monats Februar 2021 in den Ruhestand. <\/p>\n\n\n\n<div class=\"wp-block-image\"><figure class=\"aligncenter\"><img decoding=\"async\" loading=\"lazy\" width=\"500\" height=\"688\" src=\"https:\/\/speyer24news.com\/wp-content\/uploads\/2020\/06\/Albrecht-B\u00e4hr_Foto-Diakonie-Pfalz.jpg\" alt=\"\" class=\"wp-image-28456\" srcset=\"https:\/\/speyer24news.com\/wp-content\/uploads\/2020\/06\/Albrecht-B\u00e4hr_Foto-Diakonie-Pfalz.jpg 500w, https:\/\/speyer24news.com\/wp-content\/uploads\/2020\/06\/Albrecht-B\u00e4hr_Foto-Diakonie-Pfalz-218x300.jpg 218w\" sizes=\"(max-width: 500px) 100vw, 500px\" \/><figcaption>Albrecht B\u00e4hr <br><em>Foto: Diakonie Pfalz<\/em><\/figcaption><\/figure><\/div>\n\n\n\n<p>Albrecht B\u00e4hr ist seit 2002 Beauftragter der Diakonischen Werke in der Vertretung der Evangelischen Kirchen und der Diakonischen Werke im Land Rheinland-Pfalz. Seit 2011 ist er pf\u00e4lzischer Landespfarrer f\u00fcr Diakonie. B\u00e4hr ist 58 Jahre alt und wohnt in Kirkel. <\/p>\n\n\n\n<div class=\"wp-block-image\"><figure class=\"aligncenter\"><img decoding=\"async\" loading=\"lazy\" width=\"800\" height=\"618\" src=\"https:\/\/speyer24news.com\/wp-content\/uploads\/2020\/06\/Marianne-Wagner_Foto-Ev-Kirche-Pfalz_Klaus-Landry.jpg\" alt=\"\" class=\"wp-image-28457\" srcset=\"https:\/\/speyer24news.com\/wp-content\/uploads\/2020\/06\/Marianne-Wagner_Foto-Ev-Kirche-Pfalz_Klaus-Landry.jpg 800w, https:\/\/speyer24news.com\/wp-content\/uploads\/2020\/06\/Marianne-Wagner_Foto-Ev-Kirche-Pfalz_Klaus-Landry-300x232.jpg 300w, https:\/\/speyer24news.com\/wp-content\/uploads\/2020\/06\/Marianne-Wagner_Foto-Ev-Kirche-Pfalz_Klaus-Landry-768x593.jpg 768w\" sizes=\"(max-width: 800px) 100vw, 800px\" \/><figcaption>Marianne Wagner <br><em>Foto: Evangelische Kirche der Pfalz \/ Klaus Landry<\/em><\/figcaption><\/figure><\/div>\n\n\n\n<p>Marianne Wagner ist seit 2016 Oberkirchenr\u00e4tin der pf\u00e4lzischen Landeskirche. Sie ist verantwortlich f\u00fcr Personalthemen und Gebietsdezernentin f\u00fcr die Kirchenbezirke an Alsenz und Lauter, Bad D\u00fcrkheimGr\u00fcnstadt, Donnersberg, Frankenthal und Ludwigshafen. Die 58-J\u00e4hrige wohnt in NeustadtGimmeldingen. <\/p>\n\n\n\n<div class=\"wp-block-image\"><figure class=\"aligncenter\"><img decoding=\"async\" loading=\"lazy\" width=\"800\" height=\"554\" src=\"https:\/\/speyer24news.com\/wp-content\/uploads\/2020\/06\/Dorothee-W\u00fcst_Foto-Ev-Kirche-Pfalz_Klaus-Landry.jpg\" alt=\"\" class=\"wp-image-28458\" srcset=\"https:\/\/speyer24news.com\/wp-content\/uploads\/2020\/06\/Dorothee-W\u00fcst_Foto-Ev-Kirche-Pfalz_Klaus-Landry.jpg 800w, https:\/\/speyer24news.com\/wp-content\/uploads\/2020\/06\/Dorothee-W\u00fcst_Foto-Ev-Kirche-Pfalz_Klaus-Landry-300x208.jpg 300w, https:\/\/speyer24news.com\/wp-content\/uploads\/2020\/06\/Dorothee-W\u00fcst_Foto-Ev-Kirche-Pfalz_Klaus-Landry-768x532.jpg 768w\" sizes=\"(max-width: 800px) 100vw, 800px\" \/><figcaption>Dorothee W\u00fcst<br><em>Foto: Evangelische Kirche der Pfalz \/ Klaus Landry<\/em><\/figcaption><\/figure><\/div>\n\n\n\n<p>Dorothee W\u00fcst ist seit 2019 Oberkirchenr\u00e4tin der pf\u00e4lzischen Landeskirche. Sie ist zust\u00e4ndig f\u00fcr Schul- und Bildungsfragen und als Gebietsdezernentin verantwortlich f\u00fcr die Kirchenbezirke Homburg, Kaiserslautern, Kusel, Pirmasens und Zweibr\u00fccken. W\u00fcst ist 55 Jahre alt und wohnt in Kaiserslautern. <\/p>\n\n\n\n<p><em>27.06.2020<\/em><\/p>\n\n\n\n<h2 class=\"wp-block-heading\">Vier Personen stehen f\u00fcr das Amt des juristischen Oberkirchenrates zur Wahl <\/h2>\n\n\n\n<h4 class=\"wp-block-heading\">Bei der Sondersynode der Evangelischen Kirche der Pfalz im September wird die Nachfolge von Oberkirchenrat Dieter Lutz entschieden. Zwei Kandidatinnen und zwei Kandidaten bewerben sich. <\/h4>\n\n\n\n<div class=\"wp-block-image\"><figure class=\"aligncenter\"><img decoding=\"async\" loading=\"lazy\" width=\"500\" height=\"692\" src=\"https:\/\/speyer24news.com\/wp-content\/uploads\/2020\/06\/Dr.-Marco-H\u00f6sslein.jpg\" alt=\"\" class=\"wp-image-28454\" srcset=\"https:\/\/speyer24news.com\/wp-content\/uploads\/2020\/06\/Dr.-Marco-H\u00f6sslein.jpg 500w, https:\/\/speyer24news.com\/wp-content\/uploads\/2020\/06\/Dr.-Marco-H\u00f6sslein-217x300.jpg 217w\" sizes=\"(max-width: 500px) 100vw, 500px\" \/><figcaption>Jurist Marco H\u00f6\u00dflein<\/figcaption><\/figure><\/div>\n\n\n\n<p><strong>Speyer &#8211;<\/strong><em> (lk) <\/em>Die Kirchenregierung der Evangelischen Kirche der Pfalz hat der Landessynode vier Kandidaten f\u00fcr das Amt eines juristischen Oberkirchenrates vorgeschlagen: Marco H\u00f6\u00dflein (Bad D\u00fcrkheim), Peter L\u00e4ssig (Remscheid), Wiebke Wietschel (Bremen) und Bettina Wilhelm (Kaiserslautern). Die Wahl steht auf der Tagesordnung der Sondersynode, die am 19. September 2020 in der Stadthalle Speyer stattfindet. Die Bewerber wollen die Nachfolge von Oberkirchenrat Dieter Lutz antreten, der Ende Dezember 2020 in den Ruhestand geht. <\/p>\n\n\n\n<div class=\"wp-block-image\"><figure class=\"aligncenter\"><img decoding=\"async\" loading=\"lazy\" width=\"500\" height=\"667\" src=\"https:\/\/speyer24news.com\/wp-content\/uploads\/2020\/06\/Dr.-Peter-L\u00e4ssig.jpg\" alt=\"\" class=\"wp-image-28455\" srcset=\"https:\/\/speyer24news.com\/wp-content\/uploads\/2020\/06\/Dr.-Peter-L\u00e4ssig.jpg 500w, https:\/\/speyer24news.com\/wp-content\/uploads\/2020\/06\/Dr.-Peter-L\u00e4ssig-225x300.jpg 225w\" sizes=\"(max-width: 500px) 100vw, 500px\" \/><figcaption>Jurist Peter L\u00e4ssig<\/figcaption><\/figure><\/div>\n\n\n\n<h4 class=\"wp-block-heading\">Zu den Personen:  <\/h4>\n\n\n\n<p>Der 45-j\u00e4hrige promovierte Jurist Marco H\u00f6\u00dflein ist seit 2016 Richter am Verwaltungsgerichtshof BadenW\u00fcrttemberg. Er ist ledig, lebt in Bad D\u00fcrkheim und engagiert sich als Organist und Chorleiter in einer Kirchengemeinde.  <\/p>\n\n\n\n<p>Der promovierte Jurist Peter L\u00e4ssig, 51, ist seit 2010 St\u00e4ndiger Vertreter des Direktors am Amtsgericht Remscheid. Er ist verheiratet und hat drei Kinder. In der Evangelischen Kirche im Rheinland engagiert er sich in der Landessynode seines Kirchenkreises und im st\u00e4ndigen Ausschuss f\u00fcr Kirchenordnung und Recht.  <\/p>\n\n\n\n<div class=\"wp-block-image\"><figure class=\"aligncenter\"><img decoding=\"async\" loading=\"lazy\" width=\"500\" height=\"709\" src=\"https:\/\/speyer24news.com\/wp-content\/uploads\/2020\/06\/Dr.-Wiebke-Wietschel.jpg\" alt=\"\" class=\"wp-image-28452\" srcset=\"https:\/\/speyer24news.com\/wp-content\/uploads\/2020\/06\/Dr.-Wiebke-Wietschel.jpg 500w, https:\/\/speyer24news.com\/wp-content\/uploads\/2020\/06\/Dr.-Wiebke-Wietschel-212x300.jpg 212w\" sizes=\"(max-width: 500px) 100vw, 500px\" \/><figcaption>Juristin Wiebke Wietschel<\/figcaption><\/figure><\/div>\n\n\n\n<p>Die 52-j\u00e4hrige promovierte Juristin Wiebke Wietschel ist  Referatsleiterin bei der Senatorin f\u00fcr Wissenschaft, Gesundheit und Verbraucherschutz in Bremen. Sie ist verheiratet, hat drei Kinder und ist stellvertretendes Mitglied des Kirchentags der Bremischen Evangelischen Kirche und Mitglied der Gemeindevertretung.  <\/p>\n\n\n\n<p>Bettina Wilhelm, 52, ist seit 1995 in der Evangelischen Kirche der Pfalz t\u00e4tig. Sie wurde 2010 zur landeskirchlichen Beauftragten f\u00fcr das Thema sexualisierte Gewalt ernannt. Zudem ist sie juristische Referentin f\u00fcr drei Dezernate der Landeskirche. Sie hat ein Kind und engagiert sich als Vorstandsmitglied im Bauf\u00f6rderverein der Stiftskirche Kaiserslautern. <\/p>\n\n\n\n<div class=\"wp-block-image\"><figure class=\"aligncenter\"><img decoding=\"async\" loading=\"lazy\" width=\"500\" height=\"749\" src=\"https:\/\/speyer24news.com\/wp-content\/uploads\/2020\/06\/Bettina-Wilhelm.jpeg\" alt=\"\" class=\"wp-image-28453\" srcset=\"https:\/\/speyer24news.com\/wp-content\/uploads\/2020\/06\/Bettina-Wilhelm.jpeg 500w, https:\/\/speyer24news.com\/wp-content\/uploads\/2020\/06\/Bettina-Wilhelm-200x300.jpeg 200w\" sizes=\"(max-width: 500px) 100vw, 500px\" \/><figcaption>juristische Referentin und landeskirchliche Beauftragte Bettina Wilhelm<\/figcaption><\/figure><\/div>\n\n\n\n<p>In der Nachfolge von Dieter Lutz w\u00e4ren die Kandidatinnen und Kandidaten als Dezernenten f\u00fcr die Bereiche der allgemeinen Rechtssetzung, insbesondere f\u00fcr das Dienst- und Besoldungsrecht der Geistlichen, der Beamtinnen und Beamten der Landeskirche sowie f\u00fcr das kirchliche Arbeitsrecht zust\u00e4ndig. <\/p>\n\n\n\n<p>Oberkirchenr\u00e4tinnen und Oberkirchenr\u00e4te werden in der Pf\u00e4lzischen Landeskirche auf die Dauer von sieben Jahren gew\u00e4hlt, Wiederwahl ist m\u00f6glich. Sie leiten die einzelnen Dezernate des <\/p>\n\n\n\n<p><em>27.06.2020<\/em><\/p>\n\n\n\n<h2 class=\"wp-block-heading\"><strong>Dankbarkeit und Anerkennung f\u00fcr seinen treuen Dienst am Glauben<\/strong><\/h2>\n\n\n\n<h4 class=\"wp-block-heading\"><strong>Weggef\u00e4hrten aus Kirche, Politik und Gesellschaft nehmen Abschied von Bischof Anton Schlembach \u2013 Bischof Wiesemann: \u201eSein Lebenszeugnis ist Verm\u00e4chtnis und Auftrag.\u201c<\/strong><\/h4>\n\n\n\n<div class=\"wp-block-image\"><figure class=\"aligncenter\"><img decoding=\"async\" loading=\"lazy\" width=\"500\" height=\"699\" src=\"https:\/\/speyer24news.com\/wp-content\/uploads\/2020\/06\/Dr.-Anton-Schlembach-2.jpg\" alt=\"\" class=\"wp-image-28442\" srcset=\"https:\/\/speyer24news.com\/wp-content\/uploads\/2020\/06\/Dr.-Anton-Schlembach-2.jpg 500w, https:\/\/speyer24news.com\/wp-content\/uploads\/2020\/06\/Dr.-Anton-Schlembach-2-215x300.jpg 215w\" sizes=\"(max-width: 500px) 100vw, 500px\" \/><\/figure><\/div>\n\n\n\n<p><strong>Speyer &#8211; <\/strong>Mit einem feierlichen Requiem im Speyer Dom haben am Mittwoch, 24.06.2020 zahlreiche Angeh\u00f6rige, Freunde und Weggef\u00e4hrten aus Kirche, Politik und Gesellschaft Abschied von Bischof Anton Schlembach genommen. Der Speyerer Altbischof, der das Bistum von 1983 bis 2007 geleitet hatte, war am 15. Juni im Alter von 88 Jahren verstorben. Er wurde im Anschluss an das Requiem in einem Bischofsgrab neben dem Pfarraltar im Speyerer Dom beigesetzt.<\/p>\n\n\n\n<div class=\"wp-block-image\"><figure class=\"aligncenter\"><img decoding=\"async\" loading=\"lazy\" width=\"800\" height=\"600\" src=\"https:\/\/speyer24news.com\/wp-content\/uploads\/2020\/06\/IMG_20200624_125817.jpg\" alt=\"\" class=\"wp-image-28444\" srcset=\"https:\/\/speyer24news.com\/wp-content\/uploads\/2020\/06\/IMG_20200624_125817.jpg 800w, https:\/\/speyer24news.com\/wp-content\/uploads\/2020\/06\/IMG_20200624_125817-300x225.jpg 300w, https:\/\/speyer24news.com\/wp-content\/uploads\/2020\/06\/IMG_20200624_125817-768x576.jpg 768w, https:\/\/speyer24news.com\/wp-content\/uploads\/2020\/06\/IMG_20200624_125817-678x509.jpg 678w, https:\/\/speyer24news.com\/wp-content\/uploads\/2020\/06\/IMG_20200624_125817-326x245.jpg 326w, https:\/\/speyer24news.com\/wp-content\/uploads\/2020\/06\/IMG_20200624_125817-80x60.jpg 80w\" sizes=\"(max-width: 800px) 100vw, 800px\" \/><\/figure><\/div>\n\n\n\n<p>Bischof Dr. Karl-Heinz Wiesemann, der das Requiem gemeinsam mit der Bamberger Erzbischof und Metropoliten Ludwig Schick, dem W\u00fcrzburger Bischof Franz Jung, dem Speyerer Weihbischof Otto Georgens und Pfarrer Josef Szuba als Vertreter des Speyerer Klerus zelebrierte, erinnerte an Schlembachs bisch\u00f6flichen Wahlspruch \u201eDeus salus \u2013 Gott ist das Heil\u201c. Er habe ihn \u201ekennenlernen d\u00fcrfen als einen Menschen, der mit seinem ganzen Leben auf Gott verweisen wollte, in dem wir Menschen alleine das Heil finden.\u201c Wiesemann erinnerte an die gro\u00dfen Di\u00f6zesanereignisse in Schlembachs Amtszeit: den Papstbesuch 1987, die gro\u00dfe Lourdes-Wallfahrt 1998, das \u00f6kumenische Christfest 2000 und die Seligsprechung von Paul Josef Nardini im Jahr 2006. Die im Glaubensbekenntnis verankerte Katholizit\u00e4t der Kirche, in die Schlembach bewusst auch die \u00f6kumenische Dimension mit einschloss, sei f\u00fcr ihn zentral gewesen. \u201eEs war ihm eine Lust, im umfassenden Sinn katholisch zu sein, was sich auch an seiner weltkirchlichen Verbundenheit zeigte\u201c, sagte Wiesemann im Blick auf Schlembachs Verbundenheit zu Chatres in Frankreich, Pomposa in Italien, Gnesen in Polen, Kursk in Russland, Cyangugu in Ruanda und nicht zuletzt zu den christlichen St\u00e4tten im Heiligen Land, f\u00fcr die er sich als langj\u00e4hriger Gro\u00dfprior der deutschen Statthalterei des Ritterordens vom Heiligen Grab in Jerusalem besonders einsetzte.<\/p>\n\n\n\n<figure class=\"wp-block-image\"><img decoding=\"async\" loading=\"lazy\" width=\"800\" height=\"555\" src=\"https:\/\/speyer24news.com\/wp-content\/uploads\/2020\/06\/IMG_20200624_132837_1.jpg\" alt=\"\" class=\"wp-image-28445\" srcset=\"https:\/\/speyer24news.com\/wp-content\/uploads\/2020\/06\/IMG_20200624_132837_1.jpg 800w, https:\/\/speyer24news.com\/wp-content\/uploads\/2020\/06\/IMG_20200624_132837_1-300x208.jpg 300w, https:\/\/speyer24news.com\/wp-content\/uploads\/2020\/06\/IMG_20200624_132837_1-768x533.jpg 768w\" sizes=\"(max-width: 800px) 100vw, 800px\" \/><\/figure>\n\n\n\n<p>Bischof Wiesemann w\u00fcrdigte seinen Amtsvorg\u00e4nger als einen Mann von gro\u00dfer Klarheit, Geradlinigkeit und tiefer Nachdenklichkeit. Sein Sterben sei eine \u201eLehrstunde des christlichen Lebens, das den Tod nicht verdr\u00e4ngt, und des christlichen Sterbens, das aus abgrundtiefem Gottvertrauen und aus der Freude der Vollendung lebt\u201c, gewesen. Schlembachs Glaubenszeugnis habe die Di\u00f6zese gepr\u00e4gt, es sei f\u00fcr das Bistum \u201eVerm\u00e4chtnis und Auftrag.\u201c<\/p>\n\n\n\n<h4 class=\"wp-block-heading\"><strong>Kardinal Reinhard Marx: \u201eEin aufrechter Hirte und mutiger Prediger\u201c<\/strong><\/h4>\n\n\n\n<p>Der Erzbischof von M\u00fcnchen und Freising und Vorsitzende der Freisinger Bischofskonferenz, Kardinal Reinhard Marx, w\u00fcrdigte den Verstorbenen in Dankbarkeit und Anerkennung. In seinem Gru\u00dfwort, das er stellvertretend f\u00fcr den Vorsitzenden der Deutschen Bischofskonferenz, Bischof Dr. Georg B\u00e4tzing, sprach, betonte Kardinal Marx: \u201eVoll Dankbarkeit und Anerkennung f\u00fcr seinen aufopferungsvollen und stets treu im Glauben gelebten Dienst, nehmen wir Abschied. Nahezu 25 Jahre hat der Verstorbene der Deutschen Bischofskonferenz angeh\u00f6rt, war in ihren Gremien pr\u00e4sent, den Vollversammlungen und den Sitzungen des St\u00e4ndigen Rates. Noch gestern haben wir an ihn bei unserem Zusammentreffen des St\u00e4ndigen Rates in Berlin gedacht.\u201c<\/p>\n\n\n\n<div class=\"wp-block-image\"><figure class=\"aligncenter\"><img decoding=\"async\" loading=\"lazy\" width=\"800\" height=\"600\" src=\"https:\/\/speyer24news.com\/wp-content\/uploads\/2020\/06\/IMG_20200624_143211.jpg\" alt=\"\" class=\"wp-image-28446\" srcset=\"https:\/\/speyer24news.com\/wp-content\/uploads\/2020\/06\/IMG_20200624_143211.jpg 800w, https:\/\/speyer24news.com\/wp-content\/uploads\/2020\/06\/IMG_20200624_143211-300x225.jpg 300w, https:\/\/speyer24news.com\/wp-content\/uploads\/2020\/06\/IMG_20200624_143211-768x576.jpg 768w, https:\/\/speyer24news.com\/wp-content\/uploads\/2020\/06\/IMG_20200624_143211-678x509.jpg 678w, https:\/\/speyer24news.com\/wp-content\/uploads\/2020\/06\/IMG_20200624_143211-326x245.jpg 326w, https:\/\/speyer24news.com\/wp-content\/uploads\/2020\/06\/IMG_20200624_143211-80x60.jpg 80w\" sizes=\"(max-width: 800px) 100vw, 800px\" \/><\/figure><\/div>\n\n\n\n<p>Die deutschen Bisch\u00f6fe seien Anton Schlembach dankbar f\u00fcr die Debatten, die er in der Konferenz \u00fcber viele Jahre gepr\u00e4gt habe. \u201eBischof Schlembach hat sich vor Arbeit und zus\u00e4tzlichen Terminen nicht gescheut. Und gleichzeitig hat er diese Termine genutzt, um kraftvoll und unmissverst\u00e4ndlich seine Auffassung, tief gepr\u00e4gt und verwurzelt im Glauben der Kirche, zu vertreten.\u201c<\/p>\n\n\n\n<p>Kardinal Marx sprach gleichzeitig in seiner Verantwortung als Gro\u00dfprior des Ritterordens vom Heiligen Grab zu Jerusalem, die er in Nachfolge von Bischof Schlembach 2006 \u00fcbernommen hatte. \u201eIch will heute Dank sagen f\u00fcr seinen 15-j\u00e4hrigen Einsatz f\u00fcr das Heilige Land. In 30 Investituren des Ordens hat er rund 750 Mitglieder in die Ordensgemeinschaft aufgenommen. Er war innerlich engagiert f\u00fcr das Heilige Land\u201c, so Kardinal Marx. \u201eSeine Predigten haben ermutigt, sein Ritterschlag hat gesessen, sein Friedensgru\u00df war auf Augenh\u00f6he.\u201c<\/p>\n\n\n\n<p>Der Dank und die Anerkennung, der Respekt f\u00fcr die Lebensleistung\u00a0 und das Gebet f\u00fcr den Weg von Anton Schlembach zum Himmlischen Jerusalem begleiteten ihn, so Kardinal Marx: \u201eJenes Himmlische Jerusalem, in dem das Heil Gottes ihn umfangen m\u00f6ge, auf das hin er so sehr gelebt hat \u2013 als Bischof von Speyer und als Gro\u00dfprior des Ritterordens vom Heiligen Grab zu Jerusalem.\u201c<\/p>\n\n\n\n<div class=\"wp-block-image\"><figure class=\"aligncenter\"><img decoding=\"async\" loading=\"lazy\" width=\"800\" height=\"600\" src=\"https:\/\/speyer24news.com\/wp-content\/uploads\/2020\/06\/IMG_20200624_143928.jpg\" alt=\"\" class=\"wp-image-28447\" srcset=\"https:\/\/speyer24news.com\/wp-content\/uploads\/2020\/06\/IMG_20200624_143928.jpg 800w, https:\/\/speyer24news.com\/wp-content\/uploads\/2020\/06\/IMG_20200624_143928-300x225.jpg 300w, https:\/\/speyer24news.com\/wp-content\/uploads\/2020\/06\/IMG_20200624_143928-768x576.jpg 768w, https:\/\/speyer24news.com\/wp-content\/uploads\/2020\/06\/IMG_20200624_143928-678x509.jpg 678w, https:\/\/speyer24news.com\/wp-content\/uploads\/2020\/06\/IMG_20200624_143928-326x245.jpg 326w, https:\/\/speyer24news.com\/wp-content\/uploads\/2020\/06\/IMG_20200624_143928-80x60.jpg 80w\" sizes=\"(max-width: 800px) 100vw, 800px\" \/><\/figure><\/div>\n\n\n\n<h4 class=\"wp-block-heading\"><strong>Kirchenpr\u00e4sident Christian Schad: \u201e\u00d6kumenische Freundschaften haben ihn zeitlebens begleitet\u201c<\/strong><\/h4>\n\n\n\n<p>Kirchenpr\u00e4sident Christian Schad erinnerte unter anderem an das \u00f6kumenische Christfest 2000. Die \u201egeistliche Erfahrung, im Glauben an Jesus Christus schon jetzt eins zu sein\u201c, sei f\u00fcr Bischof Schlembach der innerste Kern der \u00d6kumene gewesen. 1985 habe Schlembach als erster Speyerer Bischof in einem Gottesdienst die Kanzel der Speyerer Ged\u00e4chtniskirche f\u00fcr eine Predigt betreten. Als einer der Gr\u00fcndungsv\u00e4ter habe er 1991 mitgewirkt, die \u00f6kumenische Hospizhilfe ins Leben zu rufen. Tiefe \u00f6kumenische Freundschaften h\u00e4tten Bischof Schlembach bis in die letzten Tage und Stunden seines Lebens hinein begleitet.<\/p>\n\n\n\n<p>\u201eBischof Schlembach genoss weit \u00fcber das Bistum Speyer hinaus gro\u00dfe Achtung und Anerkennung\u201c, betonte der rheinland-pf\u00e4lzische Staatsminister f\u00fcr Wissenschaft, Weiterbildung und Kultur Konrad Wolf, der in Vertretung f\u00fcr Ministerpr\u00e4sidentin Malu Dreyer einen Nachruf sprach. In seiner Verantwortung als Di\u00f6zesanbischof habe sich Schlembach in bemerkenswerter Weise vor allem f\u00fcr Arbeitslose und Asylbewerber eingesetzt. Auch Schlembachs Engagement f\u00fcr den Aufbau einer Hospiz- und Palliativversorgung in Rheinland-Pfalz hob Wolf hervor. \u201eDurch seine pers\u00f6nliche Aufrichtigkeit und Freundlichkeit hat Bischof Schlembach viele Menschen ermutigt.\u201c Auch die vertrauensvolle Zusammenarbeit zwischen Kirche und Staat sei durch Bischof Schlembach gest\u00e4rkt worden.<\/p>\n\n\n\n<div class=\"wp-block-image\"><figure class=\"aligncenter\"><img decoding=\"async\" loading=\"lazy\" width=\"800\" height=\"590\" src=\"https:\/\/speyer24news.com\/wp-content\/uploads\/2020\/06\/IMG_20200624_144858.jpg\" alt=\"\" class=\"wp-image-28449\" srcset=\"https:\/\/speyer24news.com\/wp-content\/uploads\/2020\/06\/IMG_20200624_144858.jpg 800w, https:\/\/speyer24news.com\/wp-content\/uploads\/2020\/06\/IMG_20200624_144858-300x221.jpg 300w, https:\/\/speyer24news.com\/wp-content\/uploads\/2020\/06\/IMG_20200624_144858-768x566.jpg 768w, https:\/\/speyer24news.com\/wp-content\/uploads\/2020\/06\/IMG_20200624_144858-80x60.jpg 80w\" sizes=\"(max-width: 800px) 100vw, 800px\" \/><\/figure><\/div>\n\n\n\n<h4 class=\"wp-block-heading\"><strong>Kirchliche Verb\u00e4nde und Vereinigungen erweisen Schlembach die letzte Ehre<\/strong><\/h4>\n\n\n\n<p>Zahlreiche kirchliche Verb\u00e4nde und Vereinigungen hatten Fahnentr\u00e4ger f\u00fcr das Requiem entsandt und erwiesen dem verstorbenen Bischof damit die letzte Ehre. Mitglieder des Ritterordens vom Heiligen Grab zu Jerusalem hatten im Dom, wie schon zuvor bei der Aufbahrung in der Friedenskirche St. Bernhard, die Sargwache \u00fcbernommen. Der Sarg war w\u00e4hrend des Requiems im K\u00f6nigschor aufgebahrt. Er war versehen mit Schlembachs Stola und Messkelch sowie mit seinen bisch\u00f6flichen Amtsinsignien Mitra und Bischofsstab. Sein Grab befindet sich in einer Reihe mit seinen Amtsvorg\u00e4ngern Konrad von Busch (Bischof von Speyer von 1905 bis 1910), Bonifatius von Haneberg (1872 bis 1876) und Nikolaus von Weis (1842 bis 1869).<\/p>\n\n\n\n<p>Musikalisch gestaltet wurden das Requiem und die Beisetzung von S\u00e4ngerinnen und S\u00e4ngern der Dommusik unter Leitung von Domkapellmeister Markus Melchiori. Die Orgel spielte Domorganist Markus Eichenlaub. <\/p>\n\n\n\n<div class=\"wp-block-image\"><figure class=\"aligncenter\"><img decoding=\"async\" loading=\"lazy\" width=\"800\" height=\"589\" src=\"https:\/\/speyer24news.com\/wp-content\/uploads\/2020\/06\/IMG_20200624_150223.jpg\" alt=\"\" class=\"wp-image-28450\" srcset=\"https:\/\/speyer24news.com\/wp-content\/uploads\/2020\/06\/IMG_20200624_150223.jpg 800w, https:\/\/speyer24news.com\/wp-content\/uploads\/2020\/06\/IMG_20200624_150223-300x221.jpg 300w, https:\/\/speyer24news.com\/wp-content\/uploads\/2020\/06\/IMG_20200624_150223-768x565.jpg 768w, https:\/\/speyer24news.com\/wp-content\/uploads\/2020\/06\/IMG_20200624_150223-80x60.jpg 80w\" sizes=\"(max-width: 800px) 100vw, 800px\" \/><\/figure><\/div>\n\n\n\n<h4 class=\"wp-block-heading\"><strong>Rund 300 Gl\u00e4ubige beim Requiem im Speyerer Dom<\/strong><\/h4>\n\n\n\n<p>Aufgrund der Corona-Pandemie standen im Dom nur rund 300 Sitzpl\u00e4tze f\u00fcr die Trauerg\u00e4ste zur Verf\u00fcgung. An dem Requiem und der Beisetzung nahmen zehn Bisch\u00f6fe aus anderen Bist\u00fcmern teil: Erzbischof Kardinal Reinhard Marx (M\u00fcnchen-Freising), Erzbischof Ludwig Schick (Bamberg), Bischof Franz Jung (W\u00fcrzburg), Bischof Peter Kohlgraf (Mainz), Bischof em. Friedhelm Hofmann (W\u00fcrzburg), Bischof em. Franz Kamphaus (Limburg), Weihbischof J\u00f6rg Michael Peters (Trier), Weihbischof Ulrich Boom (W\u00fcrzburg), Weihbischof Peter Birkhofer (Freiburg) und Weihbischof Josef Graf (Regensburg). F\u00fcr die Evangelische Kirche der Pfalz waren Kirchenpr\u00e4sident Christian Schad und sein Amtsvorg\u00e4nger Eberhard Cherdron gekommen. Die Arbeitsgemeinschaft der christlichen Kirchen in der Region S\u00fcdwest wurde durch ihren Vorsitzenden Jochen Wagner vertreten.<\/p>\n\n\n\n<div class=\"wp-block-image\"><figure class=\"aligncenter\"><img decoding=\"async\" loading=\"lazy\" width=\"1024\" height=\"768\" src=\"https:\/\/speyer24news.com\/wp-content\/uploads\/2020\/06\/IMG_20200624_144829-1024x768.jpg\" alt=\"\" class=\"wp-image-28448\" srcset=\"https:\/\/speyer24news.com\/wp-content\/uploads\/2020\/06\/IMG_20200624_144829-1024x768.jpg 1024w, https:\/\/speyer24news.com\/wp-content\/uploads\/2020\/06\/IMG_20200624_144829-300x225.jpg 300w, https:\/\/speyer24news.com\/wp-content\/uploads\/2020\/06\/IMG_20200624_144829-768x576.jpg 768w, https:\/\/speyer24news.com\/wp-content\/uploads\/2020\/06\/IMG_20200624_144829-678x509.jpg 678w, https:\/\/speyer24news.com\/wp-content\/uploads\/2020\/06\/IMG_20200624_144829-326x245.jpg 326w, https:\/\/speyer24news.com\/wp-content\/uploads\/2020\/06\/IMG_20200624_144829-80x60.jpg 80w\" sizes=\"(max-width: 1024px) 100vw, 1024px\" \/><\/figure><\/div>\n\n\n\n<p>Die rheinland-pf\u00e4lzische Landesregierung nahm an dem Requiem in Person von Staatsminister Konrad Wolf teil. Die Regierung des Saarlandes war durch Finanzstaatssekret\u00e4rin Anja Wagner-Scheid vertreten. Unter den Trauerg\u00e4sten war auch Bernhard Vogel, ehemaliger Ministerpr\u00e4sident von Rheinland-Pfalz und Th\u00fcringen. F\u00fcr die Stadt Speyer nahm der Stadtvorstand unter Leitung von Oberb\u00fcrgermeisterin Stefanie Seiler an dem Requiem teil, ebenso ihre beiden Amtsvorg\u00e4nger Hansj\u00f6rg Eger und Werner Schineller. Aus Schlembachs fr\u00e4nkischer Heimatgemeinde M\u00fcnnerstadt war eine Delegation unter Leitung von B\u00fcrgermeister Michael Kastl und Stadtpfarrer Pater Markus Reis OSA angereist.<\/p>\n\n\n\n<figure class=\"wp-block-image\"><img decoding=\"async\" loading=\"lazy\" width=\"1024\" height=\"290\" src=\"https:\/\/speyer24news.com\/wp-content\/uploads\/2020\/06\/IMG_20200624_152430-1024x290.jpg\" alt=\"\" class=\"wp-image-28451\" srcset=\"https:\/\/speyer24news.com\/wp-content\/uploads\/2020\/06\/IMG_20200624_152430-1024x290.jpg 1024w, https:\/\/speyer24news.com\/wp-content\/uploads\/2020\/06\/IMG_20200624_152430-300x85.jpg 300w, https:\/\/speyer24news.com\/wp-content\/uploads\/2020\/06\/IMG_20200624_152430-768x218.jpg 768w, https:\/\/speyer24news.com\/wp-content\/uploads\/2020\/06\/IMG_20200624_152430.jpg 1200w\" sizes=\"(max-width: 1024px) 100vw, 1024px\" \/><\/figure>\n\n\n\n<p>Medial \u00fcbertragen wurde der Gottesdienst vom Domradio K\u00f6ln und  dem Fernsehsender EWTN.TV<\/p>\n\n\n\n<h4 class=\"wp-block-heading\">Sehen sie hier das Requiem:<\/h4>\n\n\n\n<p><a href=\"https:\/\/www.facebook.com\/domradio.de\/videos\/2591637697751999\/?v=2591637697751999\">https:\/\/www.facebook.com\/domradio.de\/videos\/2591637697751999\/?v=2591637697751999<\/a><\/p>\n\n\n\n<h4 class=\"wp-block-heading\">Lesen sie hier die Predigten und die Nachrufe:<\/h4>\n\n\n\n<p><a href=\"https:\/\/www.bistum-speyer.de\/news\/nachrichten\/?no_cache=1&amp;tx_ttnews%5Btt_news%5D=14859\">https:\/\/www.bistum-speyer.de\/news\/nachrichten\/?no_cache=1&amp;tx_ttnews%5Btt_news%5D=14859<\/a><\/p>\n\n\n\n<h4 class=\"wp-block-heading\">Sehen sie hier das Fotoalbum zum Requiem. Foto: Bistum Speyer \/ Klaus Landry:<\/h4>\n\n\n\n<ul class=\"wp-block-gallery columns-2 is-cropped wp-block-gallery-1 is-layout-flex wp-block-gallery-is-layout-flex\"><li class=\"blocks-gallery-item\"><figure><img decoding=\"async\" loading=\"lazy\" width=\"800\" height=\"578\" src=\"https:\/\/speyer24news.com\/wp-content\/uploads\/2020\/06\/DSC_4910.jpg\" alt=\"\" data-id=\"28411\" data-link=\"https:\/\/speyer24news.com\/?attachment_id=28411\" class=\"wp-image-28411\" srcset=\"https:\/\/speyer24news.com\/wp-content\/uploads\/2020\/06\/DSC_4910.jpg 800w, https:\/\/speyer24news.com\/wp-content\/uploads\/2020\/06\/DSC_4910-300x217.jpg 300w, https:\/\/speyer24news.com\/wp-content\/uploads\/2020\/06\/DSC_4910-768x555.jpg 768w\" sizes=\"(max-width: 800px) 100vw, 800px\" \/><\/figure><\/li><li class=\"blocks-gallery-item\"><figure><img decoding=\"async\" loading=\"lazy\" width=\"800\" height=\"532\" src=\"https:\/\/speyer24news.com\/wp-content\/uploads\/2020\/06\/DSC_4974.jpg\" alt=\"\" data-id=\"28412\" data-link=\"https:\/\/speyer24news.com\/?attachment_id=28412\" class=\"wp-image-28412\" srcset=\"https:\/\/speyer24news.com\/wp-content\/uploads\/2020\/06\/DSC_4974.jpg 800w, https:\/\/speyer24news.com\/wp-content\/uploads\/2020\/06\/DSC_4974-300x200.jpg 300w, https:\/\/speyer24news.com\/wp-content\/uploads\/2020\/06\/DSC_4974-768x511.jpg 768w\" sizes=\"(max-width: 800px) 100vw, 800px\" \/><\/figure><\/li><li class=\"blocks-gallery-item\"><figure><img decoding=\"async\" loading=\"lazy\" width=\"800\" height=\"578\" src=\"https:\/\/speyer24news.com\/wp-content\/uploads\/2020\/06\/DSC_4980.jpg\" alt=\"\" data-id=\"28413\" data-link=\"https:\/\/speyer24news.com\/?attachment_id=28413\" class=\"wp-image-28413\" srcset=\"https:\/\/speyer24news.com\/wp-content\/uploads\/2020\/06\/DSC_4980.jpg 800w, https:\/\/speyer24news.com\/wp-content\/uploads\/2020\/06\/DSC_4980-300x217.jpg 300w, https:\/\/speyer24news.com\/wp-content\/uploads\/2020\/06\/DSC_4980-768x555.jpg 768w\" sizes=\"(max-width: 800px) 100vw, 800px\" \/><\/figure><\/li><li class=\"blocks-gallery-item\"><figure><img decoding=\"async\" loading=\"lazy\" width=\"800\" height=\"565\" src=\"https:\/\/speyer24news.com\/wp-content\/uploads\/2020\/06\/Beisetzung-Schlembach-1681-1.jpg\" alt=\"\" data-id=\"28439\" data-link=\"https:\/\/speyer24news.com\/?attachment_id=28439\" class=\"wp-image-28439\" srcset=\"https:\/\/speyer24news.com\/wp-content\/uploads\/2020\/06\/Beisetzung-Schlembach-1681-1.jpg 800w, https:\/\/speyer24news.com\/wp-content\/uploads\/2020\/06\/Beisetzung-Schlembach-1681-1-300x212.jpg 300w, https:\/\/speyer24news.com\/wp-content\/uploads\/2020\/06\/Beisetzung-Schlembach-1681-1-768x542.jpg 768w\" sizes=\"(max-width: 800px) 100vw, 800px\" \/><\/figure><\/li><li class=\"blocks-gallery-item\"><figure><img decoding=\"async\" loading=\"lazy\" width=\"800\" height=\"527\" src=\"https:\/\/speyer24news.com\/wp-content\/uploads\/2020\/06\/Beisetzung-Schlembach-2732.jpg\" alt=\"\" data-id=\"28415\" data-link=\"https:\/\/speyer24news.com\/?attachment_id=28415\" class=\"wp-image-28415\" srcset=\"https:\/\/speyer24news.com\/wp-content\/uploads\/2020\/06\/Beisetzung-Schlembach-2732.jpg 800w, https:\/\/speyer24news.com\/wp-content\/uploads\/2020\/06\/Beisetzung-Schlembach-2732-300x198.jpg 300w, https:\/\/speyer24news.com\/wp-content\/uploads\/2020\/06\/Beisetzung-Schlembach-2732-768x506.jpg 768w\" sizes=\"(max-width: 800px) 100vw, 800px\" \/><\/figure><\/li><li class=\"blocks-gallery-item\"><figure><img decoding=\"async\" loading=\"lazy\" width=\"800\" height=\"567\" src=\"https:\/\/speyer24news.com\/wp-content\/uploads\/2020\/06\/DSC_5036.jpg\" alt=\"\" data-id=\"28418\" data-link=\"https:\/\/speyer24news.com\/?attachment_id=28418\" class=\"wp-image-28418\" srcset=\"https:\/\/speyer24news.com\/wp-content\/uploads\/2020\/06\/DSC_5036.jpg 800w, https:\/\/speyer24news.com\/wp-content\/uploads\/2020\/06\/DSC_5036-300x213.jpg 300w, https:\/\/speyer24news.com\/wp-content\/uploads\/2020\/06\/DSC_5036-768x544.jpg 768w\" sizes=\"(max-width: 800px) 100vw, 800px\" \/><\/figure><\/li><li class=\"blocks-gallery-item\"><figure><img decoding=\"async\" loading=\"lazy\" width=\"800\" height=\"532\" src=\"https:\/\/speyer24news.com\/wp-content\/uploads\/2020\/06\/DSC_5040.jpg\" alt=\"\" data-id=\"28419\" data-link=\"https:\/\/speyer24news.com\/?attachment_id=28419\" class=\"wp-image-28419\" srcset=\"https:\/\/speyer24news.com\/wp-content\/uploads\/2020\/06\/DSC_5040.jpg 800w, https:\/\/speyer24news.com\/wp-content\/uploads\/2020\/06\/DSC_5040-300x200.jpg 300w, https:\/\/speyer24news.com\/wp-content\/uploads\/2020\/06\/DSC_5040-768x511.jpg 768w\" sizes=\"(max-width: 800px) 100vw, 800px\" \/><\/figure><\/li><li class=\"blocks-gallery-item\"><figure><img decoding=\"async\" loading=\"lazy\" width=\"800\" height=\"542\" src=\"https:\/\/speyer24news.com\/wp-content\/uploads\/2020\/06\/DSC_5031.jpg\" alt=\"\" data-id=\"28417\" data-link=\"https:\/\/speyer24news.com\/?attachment_id=28417\" class=\"wp-image-28417\" srcset=\"https:\/\/speyer24news.com\/wp-content\/uploads\/2020\/06\/DSC_5031.jpg 800w, https:\/\/speyer24news.com\/wp-content\/uploads\/2020\/06\/DSC_5031-300x203.jpg 300w, https:\/\/speyer24news.com\/wp-content\/uploads\/2020\/06\/DSC_5031-768x520.jpg 768w\" sizes=\"(max-width: 800px) 100vw, 800px\" \/><\/figure><\/li><li class=\"blocks-gallery-item\"><figure><img decoding=\"async\" loading=\"lazy\" width=\"800\" height=\"569\" src=\"https:\/\/speyer24news.com\/wp-content\/uploads\/2020\/06\/DSC_5084.jpg\" alt=\"\" data-id=\"28420\" data-link=\"https:\/\/speyer24news.com\/?attachment_id=28420\" class=\"wp-image-28420\" srcset=\"https:\/\/speyer24news.com\/wp-content\/uploads\/2020\/06\/DSC_5084.jpg 800w, https:\/\/speyer24news.com\/wp-content\/uploads\/2020\/06\/DSC_5084-300x213.jpg 300w, https:\/\/speyer24news.com\/wp-content\/uploads\/2020\/06\/DSC_5084-768x546.jpg 768w\" sizes=\"(max-width: 800px) 100vw, 800px\" \/><\/figure><\/li><li class=\"blocks-gallery-item\"><figure><img decoding=\"async\" loading=\"lazy\" width=\"800\" height=\"577\" src=\"https:\/\/speyer24news.com\/wp-content\/uploads\/2020\/06\/DSC_5088.jpg\" alt=\"\" data-id=\"28421\" data-link=\"https:\/\/speyer24news.com\/?attachment_id=28421\" class=\"wp-image-28421\" srcset=\"https:\/\/speyer24news.com\/wp-content\/uploads\/2020\/06\/DSC_5088.jpg 800w, https:\/\/speyer24news.com\/wp-content\/uploads\/2020\/06\/DSC_5088-300x216.jpg 300w, https:\/\/speyer24news.com\/wp-content\/uploads\/2020\/06\/DSC_5088-768x554.jpg 768w\" sizes=\"(max-width: 800px) 100vw, 800px\" \/><\/figure><\/li><li class=\"blocks-gallery-item\"><figure><img decoding=\"async\" loading=\"lazy\" width=\"800\" height=\"561\" src=\"https:\/\/speyer24news.com\/wp-content\/uploads\/2020\/06\/Beisetzung-Schlembach-438.jpg\" alt=\"\" data-id=\"28422\" data-link=\"https:\/\/speyer24news.com\/?attachment_id=28422\" class=\"wp-image-28422\" srcset=\"https:\/\/speyer24news.com\/wp-content\/uploads\/2020\/06\/Beisetzung-Schlembach-438.jpg 800w, https:\/\/speyer24news.com\/wp-content\/uploads\/2020\/06\/Beisetzung-Schlembach-438-300x210.jpg 300w, https:\/\/speyer24news.com\/wp-content\/uploads\/2020\/06\/Beisetzung-Schlembach-438-768x539.jpg 768w\" sizes=\"(max-width: 800px) 100vw, 800px\" \/><\/figure><\/li><li class=\"blocks-gallery-item\"><figure><img decoding=\"async\" loading=\"lazy\" width=\"800\" height=\"552\" src=\"https:\/\/speyer24news.com\/wp-content\/uploads\/2020\/06\/Beisetzung-Schlembach-464.jpg\" alt=\"\" data-id=\"28423\" data-link=\"https:\/\/speyer24news.com\/?attachment_id=28423\" class=\"wp-image-28423\" srcset=\"https:\/\/speyer24news.com\/wp-content\/uploads\/2020\/06\/Beisetzung-Schlembach-464.jpg 800w, https:\/\/speyer24news.com\/wp-content\/uploads\/2020\/06\/Beisetzung-Schlembach-464-300x207.jpg 300w, https:\/\/speyer24news.com\/wp-content\/uploads\/2020\/06\/Beisetzung-Schlembach-464-768x530.jpg 768w\" sizes=\"(max-width: 800px) 100vw, 800px\" \/><\/figure><\/li><li class=\"blocks-gallery-item\"><figure><img decoding=\"async\" loading=\"lazy\" width=\"800\" height=\"567\" src=\"https:\/\/speyer24news.com\/wp-content\/uploads\/2020\/06\/Beisetzung-Schlembach-480.jpg\" alt=\"\" data-id=\"28424\" data-link=\"https:\/\/speyer24news.com\/?attachment_id=28424\" class=\"wp-image-28424\" srcset=\"https:\/\/speyer24news.com\/wp-content\/uploads\/2020\/06\/Beisetzung-Schlembach-480.jpg 800w, https:\/\/speyer24news.com\/wp-content\/uploads\/2020\/06\/Beisetzung-Schlembach-480-300x213.jpg 300w, https:\/\/speyer24news.com\/wp-content\/uploads\/2020\/06\/Beisetzung-Schlembach-480-768x544.jpg 768w\" sizes=\"(max-width: 800px) 100vw, 800px\" \/><\/figure><\/li><li class=\"blocks-gallery-item\"><figure><img decoding=\"async\" loading=\"lazy\" width=\"800\" height=\"647\" src=\"https:\/\/speyer24news.com\/wp-content\/uploads\/2020\/06\/Beisetzung-Schlembach-483.jpg\" alt=\"\" data-id=\"28425\" data-link=\"https:\/\/speyer24news.com\/?attachment_id=28425\" class=\"wp-image-28425\" srcset=\"https:\/\/speyer24news.com\/wp-content\/uploads\/2020\/06\/Beisetzung-Schlembach-483.jpg 800w, https:\/\/speyer24news.com\/wp-content\/uploads\/2020\/06\/Beisetzung-Schlembach-483-300x243.jpg 300w, https:\/\/speyer24news.com\/wp-content\/uploads\/2020\/06\/Beisetzung-Schlembach-483-768x621.jpg 768w\" sizes=\"(max-width: 800px) 100vw, 800px\" \/><\/figure><\/li><li class=\"blocks-gallery-item\"><figure><img decoding=\"async\" loading=\"lazy\" width=\"800\" height=\"565\" src=\"https:\/\/speyer24news.com\/wp-content\/uploads\/2020\/06\/Beisetzung-Schlembach-485.jpg\" alt=\"\" data-id=\"28426\" data-link=\"https:\/\/speyer24news.com\/?attachment_id=28426\" class=\"wp-image-28426\" srcset=\"https:\/\/speyer24news.com\/wp-content\/uploads\/2020\/06\/Beisetzung-Schlembach-485.jpg 800w, https:\/\/speyer24news.com\/wp-content\/uploads\/2020\/06\/Beisetzung-Schlembach-485-300x212.jpg 300w, https:\/\/speyer24news.com\/wp-content\/uploads\/2020\/06\/Beisetzung-Schlembach-485-768x542.jpg 768w\" sizes=\"(max-width: 800px) 100vw, 800px\" \/><\/figure><\/li><li class=\"blocks-gallery-item\"><figure><img decoding=\"async\" loading=\"lazy\" width=\"800\" height=\"532\" src=\"https:\/\/speyer24news.com\/wp-content\/uploads\/2020\/06\/DSC_5009.jpg\" alt=\"\" data-id=\"28427\" data-link=\"https:\/\/speyer24news.com\/?attachment_id=28427\" class=\"wp-image-28427\" srcset=\"https:\/\/speyer24news.com\/wp-content\/uploads\/2020\/06\/DSC_5009.jpg 800w, https:\/\/speyer24news.com\/wp-content\/uploads\/2020\/06\/DSC_5009-300x200.jpg 300w, https:\/\/speyer24news.com\/wp-content\/uploads\/2020\/06\/DSC_5009-768x511.jpg 768w\" sizes=\"(max-width: 800px) 100vw, 800px\" \/><\/figure><\/li><li class=\"blocks-gallery-item\"><figure><img decoding=\"async\" loading=\"lazy\" width=\"800\" height=\"532\" src=\"https:\/\/speyer24news.com\/wp-content\/uploads\/2020\/06\/DSC_5018-1.jpg\" alt=\"\" data-id=\"28428\" data-link=\"https:\/\/speyer24news.com\/?attachment_id=28428\" class=\"wp-image-28428\" srcset=\"https:\/\/speyer24news.com\/wp-content\/uploads\/2020\/06\/DSC_5018-1.jpg 800w, https:\/\/speyer24news.com\/wp-content\/uploads\/2020\/06\/DSC_5018-1-300x200.jpg 300w, https:\/\/speyer24news.com\/wp-content\/uploads\/2020\/06\/DSC_5018-1-768x511.jpg 768w\" sizes=\"(max-width: 800px) 100vw, 800px\" \/><\/figure><\/li><li class=\"blocks-gallery-item\"><figure><img decoding=\"async\" loading=\"lazy\" width=\"800\" height=\"562\" src=\"https:\/\/speyer24news.com\/wp-content\/uploads\/2020\/06\/Beisetzung-Schlembach-248.jpg\" alt=\"\" data-id=\"28429\" data-link=\"https:\/\/speyer24news.com\/?attachment_id=28429\" class=\"wp-image-28429\" srcset=\"https:\/\/speyer24news.com\/wp-content\/uploads\/2020\/06\/Beisetzung-Schlembach-248.jpg 800w, https:\/\/speyer24news.com\/wp-content\/uploads\/2020\/06\/Beisetzung-Schlembach-248-300x211.jpg 300w, https:\/\/speyer24news.com\/wp-content\/uploads\/2020\/06\/Beisetzung-Schlembach-248-768x540.jpg 768w\" sizes=\"(max-width: 800px) 100vw, 800px\" \/><\/figure><\/li><li class=\"blocks-gallery-item\"><figure><img decoding=\"async\" loading=\"lazy\" width=\"800\" height=\"567\" src=\"https:\/\/speyer24news.com\/wp-content\/uploads\/2020\/06\/Beisetzung-Schlembach-026.jpg\" alt=\"\" data-id=\"28430\" data-link=\"https:\/\/speyer24news.com\/?attachment_id=28430\" class=\"wp-image-28430\" srcset=\"https:\/\/speyer24news.com\/wp-content\/uploads\/2020\/06\/Beisetzung-Schlembach-026.jpg 800w, https:\/\/speyer24news.com\/wp-content\/uploads\/2020\/06\/Beisetzung-Schlembach-026-300x213.jpg 300w, https:\/\/speyer24news.com\/wp-content\/uploads\/2020\/06\/Beisetzung-Schlembach-026-768x544.jpg 768w\" sizes=\"(max-width: 800px) 100vw, 800px\" \/><\/figure><\/li><li class=\"blocks-gallery-item\"><figure><img decoding=\"async\" loading=\"lazy\" width=\"800\" height=\"554\" src=\"https:\/\/speyer24news.com\/wp-content\/uploads\/2020\/06\/Beisetzung-Schlembach-412.jpg\" alt=\"\" data-id=\"28431\" data-link=\"https:\/\/speyer24news.com\/?attachment_id=28431\" class=\"wp-image-28431\" srcset=\"https:\/\/speyer24news.com\/wp-content\/uploads\/2020\/06\/Beisetzung-Schlembach-412.jpg 800w, https:\/\/speyer24news.com\/wp-content\/uploads\/2020\/06\/Beisetzung-Schlembach-412-300x208.jpg 300w, https:\/\/speyer24news.com\/wp-content\/uploads\/2020\/06\/Beisetzung-Schlembach-412-768x532.jpg 768w\" sizes=\"(max-width: 800px) 100vw, 800px\" \/><\/figure><\/li><li class=\"blocks-gallery-item\"><figure><img decoding=\"async\" loading=\"lazy\" width=\"800\" height=\"574\" src=\"https:\/\/speyer24news.com\/wp-content\/uploads\/2020\/06\/Beisetzung-Schlembach-421.jpg\" alt=\"\" data-id=\"28432\" data-link=\"https:\/\/speyer24news.com\/?attachment_id=28432\" class=\"wp-image-28432\" srcset=\"https:\/\/speyer24news.com\/wp-content\/uploads\/2020\/06\/Beisetzung-Schlembach-421.jpg 800w, https:\/\/speyer24news.com\/wp-content\/uploads\/2020\/06\/Beisetzung-Schlembach-421-300x215.jpg 300w, https:\/\/speyer24news.com\/wp-content\/uploads\/2020\/06\/Beisetzung-Schlembach-421-768x551.jpg 768w\" sizes=\"(max-width: 800px) 100vw, 800px\" \/><\/figure><\/li><li class=\"blocks-gallery-item\"><figure><img decoding=\"async\" loading=\"lazy\" width=\"800\" height=\"532\" src=\"https:\/\/speyer24news.com\/wp-content\/uploads\/2020\/06\/DSC_5009-1.jpg\" alt=\"\" data-id=\"28433\" data-link=\"https:\/\/speyer24news.com\/?attachment_id=28433\" class=\"wp-image-28433\" srcset=\"https:\/\/speyer24news.com\/wp-content\/uploads\/2020\/06\/DSC_5009-1.jpg 800w, https:\/\/speyer24news.com\/wp-content\/uploads\/2020\/06\/DSC_5009-1-300x200.jpg 300w, https:\/\/speyer24news.com\/wp-content\/uploads\/2020\/06\/DSC_5009-1-768x511.jpg 768w\" sizes=\"(max-width: 800px) 100vw, 800px\" \/><\/figure><\/li><li class=\"blocks-gallery-item\"><figure><img decoding=\"async\" loading=\"lazy\" width=\"800\" height=\"551\" src=\"https:\/\/speyer24news.com\/wp-content\/uploads\/2020\/06\/Beisetzung-Schlembach-024.jpg\" alt=\"\" data-id=\"28434\" data-link=\"https:\/\/speyer24news.com\/?attachment_id=28434\" class=\"wp-image-28434\" srcset=\"https:\/\/speyer24news.com\/wp-content\/uploads\/2020\/06\/Beisetzung-Schlembach-024.jpg 800w, https:\/\/speyer24news.com\/wp-content\/uploads\/2020\/06\/Beisetzung-Schlembach-024-300x207.jpg 300w, https:\/\/speyer24news.com\/wp-content\/uploads\/2020\/06\/Beisetzung-Schlembach-024-768x529.jpg 768w\" sizes=\"(max-width: 800px) 100vw, 800px\" \/><\/figure><\/li><li class=\"blocks-gallery-item\"><figure><img decoding=\"async\" loading=\"lazy\" width=\"800\" height=\"555\" src=\"https:\/\/speyer24news.com\/wp-content\/uploads\/2020\/06\/Beisetzung-Schlembach-166.jpg\" alt=\"\" data-id=\"28435\" data-link=\"https:\/\/speyer24news.com\/?attachment_id=28435\" class=\"wp-image-28435\" srcset=\"https:\/\/speyer24news.com\/wp-content\/uploads\/2020\/06\/Beisetzung-Schlembach-166.jpg 800w, https:\/\/speyer24news.com\/wp-content\/uploads\/2020\/06\/Beisetzung-Schlembach-166-300x208.jpg 300w, https:\/\/speyer24news.com\/wp-content\/uploads\/2020\/06\/Beisetzung-Schlembach-166-768x533.jpg 768w\" sizes=\"(max-width: 800px) 100vw, 800px\" \/><\/figure><\/li><li class=\"blocks-gallery-item\"><figure><img decoding=\"async\" loading=\"lazy\" width=\"800\" height=\"549\" src=\"https:\/\/speyer24news.com\/wp-content\/uploads\/2020\/06\/Beisetzung-Schlembach-168.jpg\" alt=\"\" data-id=\"28436\" data-link=\"https:\/\/speyer24news.com\/?attachment_id=28436\" class=\"wp-image-28436\" srcset=\"https:\/\/speyer24news.com\/wp-content\/uploads\/2020\/06\/Beisetzung-Schlembach-168.jpg 800w, https:\/\/speyer24news.com\/wp-content\/uploads\/2020\/06\/Beisetzung-Schlembach-168-300x206.jpg 300w, https:\/\/speyer24news.com\/wp-content\/uploads\/2020\/06\/Beisetzung-Schlembach-168-768x527.jpg 768w\" sizes=\"(max-width: 800px) 100vw, 800px\" \/><\/figure><\/li><li class=\"blocks-gallery-item\"><figure><img decoding=\"async\" loading=\"lazy\" width=\"800\" height=\"556\" src=\"https:\/\/speyer24news.com\/wp-content\/uploads\/2020\/06\/Beisetzung-Schlembach-330.jpg\" alt=\"\" data-id=\"28437\" data-link=\"https:\/\/speyer24news.com\/?attachment_id=28437\" class=\"wp-image-28437\" srcset=\"https:\/\/speyer24news.com\/wp-content\/uploads\/2020\/06\/Beisetzung-Schlembach-330.jpg 800w, https:\/\/speyer24news.com\/wp-content\/uploads\/2020\/06\/Beisetzung-Schlembach-330-300x209.jpg 300w, https:\/\/speyer24news.com\/wp-content\/uploads\/2020\/06\/Beisetzung-Schlembach-330-768x534.jpg 768w\" sizes=\"(max-width: 800px) 100vw, 800px\" \/><\/figure><\/li><\/ul>\n\n\n\n<p><em>Text: Bistum Speyer Foto: Speyer 24\/7 News Fotoalbum: Bistum Speyer\/Klaus Landry<br>27.06.2020<\/em><\/p>\n\n\n\n<h2 class=\"wp-block-heading\">Nachfolgerinnen an der Schnittstelle zur Wissenschaft <\/h2>\n\n\n\n<h4 class=\"wp-block-heading\">Anja Diesel ist die neue Direktorin des Erziehungswissenschaftlichen Fort- und Weiterbildungsinstituts. Britta Geburek-Haag \u00fcbernimmt das Pfarramt f\u00fcr Studierendenseelsorge in Homburg und Kaiserslautern.<\/h4>\n\n\n\n<p><strong>Bad D\u00fcrkheim \/ Landau \/ Homburg \/ Kaiserslautern &#8211;<\/strong> <em>(lk) <\/em>Sowohl am Erziehungswissenschaftlichen Fort- und Weiterbildungsinstitut (EFWI) als auch bei der Studierendenseelsorge an den Universit\u00e4ten Kaiserslautern und Homburg wird es 2020 einen Personalwechsel geben. Nachfolgerinnen wurden bei der Sitzung der Kirchenregierung in Bad D\u00fcrkheim gew\u00e4hlt. <\/p>\n\n\n\n<p>Pfarrerin Anja Diesel wird neue Direktorin des EFWI in Landau. Sie folgt damit auf Volker Elsenbast, der nach f\u00fcnf Jahren als Direktor zum Ende dieses Jahres in den Ruhestand tritt. Diesel wird ab September 2020 in den Dienst der Landeskirche eintreten. Bis dahin ist die in Ottweiler an der Saar geborene Theologin Mitglied der Leitungskonferenz des P\u00e4dagogischen-Theologischen Instituts der Evangelischen Kirche im Rheinland und als Schulreferentin im Evangelischen Kirchenkreis Koblenz t\u00e4tig. <\/p>\n\n\n\n<p>Schwerpunkte der Arbeit des EFWI sind systematische Unterrichtsentwicklung, die F\u00f6rderung von Lernkompetenzen einschlie\u00dflich Medienkompetenz, Begleitung von \u00dcberg\u00e4ngen, soziales und diakonisches Lernen, Religionsp\u00e4dagogik, interreligi\u00f6ses Lernen, F\u00e4cher verbindendes Lernen, Schulentwicklung, Schulseelsorge sowie p\u00e4dagogisch-psychologische Beratung. Schulen k\u00f6nnen schulinterne Fortbildungen beim Institut anfragen. Das EFWI bietet beispielsweise Studientage zu Lesef\u00f6rderung, Gewaltpr\u00e4vention oder zum Umgang mit St\u00f6rungen. Im Weiterbildungskurs \u201eEvangelische Religion\u201c k\u00f6nnen Lehrerinnen und Lehrer aller Schularten berufsbegleitend die Qualifikation f\u00fcr das Erteilen von Religionsunterricht erwerben. <\/p>\n\n\n\n<h4 class=\"wp-block-heading\">Studierendenseelsorge in Homburg, Kaiserslautern sowie Landau <\/h4>\n\n\n\n<p>Neue Studierendenseelsorgerin an den Universit\u00e4ten Homburg und Kaiserslautern ist Pfarrerin Britta Geburek-Haag. Seit 2015 ist sie f\u00fcr die Diakonie Pfalz in der Fl\u00fcchtlingsberatung in Ludwigshafen t\u00e4tig. Sie tritt die Nachfolge von Eckart Stief an. F\u00fcr die Studierendenseelsorge an der Universit\u00e4t Landau ist Pfarrerin Anja Lebk\u00fccher zust\u00e4ndig. Sie ist in ihrem Amt f\u00fcr weitere sieben Jahre best\u00e4tigt worden. <\/p>\n\n\n\n<p>Die Evangelischen Studierenden- beziehungsweise Hochschulgemeinde (ESG) sind ein Bildungs- und Begegnungszentrum an der Universit\u00e4t oder der Hochschule in Tr\u00e4gerschaft der Evangelischen Kirche.  Das ESG-Zentrum versteht sich als aufgeschlossene, am Wissenschaftsdiskurs interessierte Gemeinschaft angehender Akademikerinnen und Akademiker, die Kirche im Hochschulraum leben. ESG ist ein Ort der Begegnung, in dem Seelsorge, Begleitung und pers\u00f6nliche Gespr\u00e4che stattfinden. Pfarrerinnen arbeiten dort an der Schnittstelle zwischen Glaube und Wissenschaft in der Hochschule.<\/p>\n\n\n\n<p><em>27.06.2020<\/em><\/p>\n\n\n\n<h2 class=\"wp-block-heading\">Zwei Bewerber f\u00fcr Dekansamt in Neustadt <\/h2>\n\n\n\n<h4 class=\"wp-block-heading\">Andreas Rummel und Friedrich Schmidt-Roscher treten f\u00fcr das Dekansamt in Neustadt an der Weinstra\u00dfe an \u2013 Bezirkssynode w\u00e4hlt am 12. September <\/h4>\n\n\n\n<p><strong>Speyer \/ Neustadt &#8211;<\/strong> <em>(lk) <\/em>F\u00fcr das Amt des Dekans des Kirchenbezirks Neustadt an der Weinstra\u00dfe kandidieren die Pfarrer Andreas Rummel und Friedrich Schmidt-Roscher. Beide wurden von der Kirchenregierung der Evangelischen Kirche der Pfalz als Bewerber dem Dekanat benannt. Der k\u00fcnftige Dekan wird zugleich Pfarrer der Stiftskirche Neustadt. Die Wahl durch die Bezirkssynode findet am 12. September 2020 statt. Zuvor stellen sich die Bewerber dem Presbyterium der Stiftskirchengemeinde (Neustadt 2), dem Bezirkskirchenrat und einem Wahlausschuss der Bezirkssynode vor. <\/p>\n\n\n\n<p>Friedrich Schmidt-Roscher ist seit 2007 als Pfarrer in Ha\u00dfloch t\u00e4tig. Zwischen 1990 und 2007 war er als Pfarrer im Kirchenbezirk Speyer sowie in der Kirchengemeinde Essingen t\u00e4tig. Von 1993 bis 1996 begleitete er ein Modellprojekt zur Rolle der Kindertagesst\u00e4tte in der Gemeinde wissenschaftlich beim Diakonischen Werk der Pfalz. Schmidt-Roscher ist verheiratet, hat drei Kinder. Er ist Mitglied des Lenkungsbeirats \u201eReligion.Werte.Bildung\u201c der Diakonie Pfalz und engagiert sich f\u00fcr Kunst und Kirche. Schmidt-Roscher hat sich im Fach Diakoniewissenschaften promoviert \u00fcber das Thema \u201eKindergarten als Nachbarschaftszentrum\u201c. <br><\/p>\n\n\n\n<p>Andreas Rummel ist seit 2014 pers\u00f6nlicher Referent des Kirchenpr\u00e4sidenten und seit Anfang Juni 2020 kommissarischer Pressesprecher der pf\u00e4lzischen Landeskirche. Er wird das Presse- und \u00d6ffentlichkeitsreferat bis zum Dienstende von Kirchenpr\u00e4sident Christian Schad Ende Februar 2021 begleiten.Von 1996 bis 2014 war Rummel Pfarrer im protestantischen Pfarramt Miesau. Er teilte sich die Pfarrstelle mit seiner Frau Ute Stoll-Rummel. Das Pfarrehepaar hat drei Kinder. Weiterhin war er Vertrauensmann des Vereins Pf\u00e4lzischer Pfarrerinnen und Pfarrer sowie Umweltbeauftragter und Fundraising-Beauftragter im Kirchenbezirk Homburg.<\/p>\n\n\n\n<p>Das Dekanat Neustadt an der Weinstra\u00dfe hat rund 40.500 Gemeindemitglieder und erstreckt sich von Frankenstein bis zum Lambrechter Tal und von Gommersheim bis Edenkoben. Neben 23 Gemeindepfarrstellen gibt es eine Krankenhauspfarrstelle sowie zehn Pfarrer im Schuldienst. Hinzu kommt eine Jugendzentrale. Im Dekanat hat zudem die Notfallseelsorge ihren Platz. Die Pfarrstelle verbunden mit dem Dekanat wurde im M\u00e4rz 2020 ausgeschrieben.<\/p>\n\n\n\n<p><em>27.06.2020<\/em><\/p>\n\n\n\n<h2 class=\"wp-block-heading\">MITmachen, jetzt erst recht!<\/h2>\n\n\n\n<h4 class=\"wp-block-heading\">Bei den Kirchenwahlen am 1. Advent 2020 sucht die Evangelische Kirche der Pfalz Ehrenamtliche f\u00fcr die Presbyterien der Kirchengemeinden. Im Corona-Jahr finden die Kirchenwahlen als Briefwahl statt. <\/h4>\n\n\n\n<div class=\"wp-block-image\"><figure class=\"aligncenter\"><img decoding=\"async\" loading=\"lazy\" width=\"800\" height=\"356\" src=\"https:\/\/speyer24news.com\/wp-content\/uploads\/2020\/06\/Ev-Kirchenwahl-MIT-2020.png\" alt=\"\" class=\"wp-image-28410\" srcset=\"https:\/\/speyer24news.com\/wp-content\/uploads\/2020\/06\/Ev-Kirchenwahl-MIT-2020.png 800w, https:\/\/speyer24news.com\/wp-content\/uploads\/2020\/06\/Ev-Kirchenwahl-MIT-2020-300x134.png 300w, https:\/\/speyer24news.com\/wp-content\/uploads\/2020\/06\/Ev-Kirchenwahl-MIT-2020-768x342.png 768w\" sizes=\"(max-width: 800px) 100vw, 800px\" \/><\/figure><\/div>\n\n\n\n<p><strong>Speyer &#8211;<em> <\/em><\/strong><em>(lk) <\/em>Vieles wurde w\u00e4hrend der vergangenen Monate abgesagt, doch Kirche blieb angesagt. Auch unter den Bedingungen der Corona-Krise bereiten die protestantischen Kirchengemeinden der Pfalz und Saarpfalz die Wahlen ihrer Leitungsgremien, der Presbyterien, vor. Am 29. November 2020, dem 1. Advent wird gew\u00e4hlt \u2013 aus Gr\u00fcnden des Gesundheitsschutzes ausschlie\u00dflich per Briefwahl.  <\/p>\n\n\n\n<p>Die Kirchenwahlen finden alle sechs Jahre statt. Dabei wird das Presbyterium, das Leitungsorgan einer Kirchengemeinde, gew\u00e4hlt. Unter dem Motto MACHMITMACHMUT werden in 401 Kirchengemeinden neue \u201eMITbestimmerinnen\u201c und \u201eMUTmacher\u201c und gew\u00e4hlt werden. Die Kirchenregierung hat im Mai beschlossen, an diesem Termin festzuhalten. Zuvor wurde der Antrag der Kirchenbezirke Bad Bergzabern und Landau auf eine Verschiebung der Wahlen eingehend gepr\u00fcft. Die Argumente f\u00fcr die Beibehaltung des Termins \u00fcberwogen letztlich. <\/p>\n\n\n\n<p>Angesichts der Corona-Ma\u00dfnahmen, die voraussichtlich auch Ende des Jahres noch eine Rolle spielen werden, mussten einige \u00c4nderungen im Wahlrecht vorgenommen werden. So wird es wegen der Ansteckungsgefahr keine Wahllokale geben. Die Stimmzettel k\u00f6nnen per Post versandt oder in Wahlbriefk\u00e4sten eingeworfen werden. Die Unterlagen zur Briefwahl werden im November den Stimmberechtigten zugestellt. Das Wahlverfahren per Brief ist in der Pfalz bereits eingef\u00fchrt. Die Wahlbeteiligung lag 2014 insbesondere dank der Briefwahl mit \u00fcber 30 Prozent im Vergleich zu anderen Landeskirchen recht hoch. <\/p>\n\n\n\n<p>\u201eWir hoffen auch mit reiner Briefwahl auf eine hohe Beteiligung. Ich bin erleichtert, dass wir in unsicheren Zeiten diese Entscheidung getroffen haben und die juristischen Anpassungen zur Sicherheit z\u00fcgig umsetzen konnten\u201c, res\u00fcmiert Oberkirchenrat Dieter Lutz, der f\u00fcr die Wahlorganisation verantwortlich ist.  <\/p>\n\n\n\n<p>Die aktualisierten Wahlunterlagen gehen in diesen Tagen an die Wahlaussch\u00fcsse vor Ort. Die Suche nach Kandidatinnen und Kandidaten l\u00e4uft bereits seit einigen Monaten. \u201eWann, wenn nicht jetzt k\u00f6nnen wir Menschen zum Mitmachen gewinnen\u201c, meint Mechthild Werner, Leiterin des Projektb\u00fcros. \u201eWo, wenn nicht in unserer Kirche kann man so vieles mitbestimmen? Gerade in diesen Tagen brauchen wir Leute mit Ideen, die mutig nach vorn sehen\u201c, gibt sie zu bedenken. <\/p>\n\n\n\n<p>Derzeit wird in den Kirchengemeinden die Werbung verst\u00e4rkt. Banner und Fahnen an Kircht\u00fcrmen, Plakate in Schauk\u00e4sten und Artikel in Gemeindebriefen machen auf die Wahlen aufmerksam. Daneben bleiben \u2013 \u201eauf Abstand\u201c \u2013 pers\u00f6nliche Gespr\u00e4che wichtig. Tipps und Unterst\u00fctzung zur Werbung in Corona-Zeiten bietet das Projektb\u00fcro der Landeskirche an. Wer in seiner Ortsgemeinde kandidieren m\u00f6chte, kann sich an das zust\u00e4ndige Pfarramt wenden. Die Wahllisten werden zum <strong>4. Oktober 2020<\/strong> geschlossen. <\/p>\n\n\n\n<p><strong>Hintergrund: <\/strong>Die Pf\u00e4lzer Landeskirche ist in reformatorischer Tradition presbyterial-synodal verfasst, das hei\u00dft, sie baut sich demokratisch von \u201eunten nach oben\u201c auf. Alle sechs Jahre finden in den Kirchengemeinden der Evangelischen Kirche der Pfalz die Kirchenwahlen, sprich \u201eWahlen zum Presbyterium\u201c statt. Das Presbyterium entscheidet als Leitungsorgan \u00fcber alle Aufgaben und Ausgaben der Kirchengemeinde. Es setzt sich zusammen aus den gew\u00e4hlten Ehrenamtlichen und den Hauptamtlichen, sprich der Pfarrerin oder dem Pfarrer. Wahlberechtigt sind Kirchenmitglieder ab 14 Jahren, w\u00e4hlbar alle ab 18 Jahren. Rund 450.000 Mitglieder in 401 Kirchengemeinden auf dem Gebiet der Pfalz und Saarpfalz sind zur Wahl von etwa 3.000 Sitzen in den Presbyterien aufgerufen. Aus deren Reihen werden anschlie\u00dfend Mitglieder in die 15 Bezirkssynoden der Kirchenbezirke und in die Landessynode gew\u00e4hlt. <\/p>\n\n\n\n<p><a href=\"http:\/\/www.kirchenwahlen2020.de\">www.kirchenwahlen2020.de<\/a><\/p>\n\n\n\n<p><em>27.06.2020<\/em><\/p>\n\n\n\n<h2 class=\"wp-block-heading\"><strong>\u201eLobbyisten f\u00fcr die Menschlichkeit\u201c: Amtswechsel der Kirchendiplomaten\n<\/strong><\/h2>\n\n\n\n<h3 class=\"wp-block-heading\"><strong>Schumacher folgt auf Posern \u2013 Einf\u00fchrung in Mainz <\/strong><\/h3>\n\n\n\n<div class=\"wp-block-image\"><figure class=\"aligncenter\"><img decoding=\"async\" loading=\"lazy\" width=\"800\" height=\"565\" src=\"https:\/\/speyer24news.com\/wp-content\/uploads\/2020\/06\/01-Posern-Schumacher-by-EKHN-VR-2020-DSC_8562.jpg\" alt=\"\" class=\"wp-image-28408\" srcset=\"https:\/\/speyer24news.com\/wp-content\/uploads\/2020\/06\/01-Posern-Schumacher-by-EKHN-VR-2020-DSC_8562.jpg 800w, https:\/\/speyer24news.com\/wp-content\/uploads\/2020\/06\/01-Posern-Schumacher-by-EKHN-VR-2020-DSC_8562-300x212.jpg 300w, https:\/\/speyer24news.com\/wp-content\/uploads\/2020\/06\/01-Posern-Schumacher-by-EKHN-VR-2020-DSC_8562-768x542.jpg 768w\" sizes=\"(max-width: 800px) 100vw, 800px\" \/><figcaption>v.l.: Dr Thomas Posern \u00fcbergibt an Kirchenrat Wolfgang Schumacher<\/figcaption><\/figure><\/div>\n\n\n\n<p><strong>Mainz &#8211; <\/strong>Amtswechsel in der evangelischen Kirchendiplomatie: Der pf\u00e4lzische Kirchenrat Wolfgang Schumacher ist am Dienstagabend  (23. Juni) als neuer Beauftragter der Evangelischen Kirchen im Lande Rheinland-Pfalz in Mainz eingef\u00fchrt worden. Er gilt damit als Botschafter der Kirchen am Sitz der Landesregierung und ist ihr Ansprechpartner in allen Angelegenheiten, die die drei evangelischen  Kirchen im Gebiet des Bundeslandes betreffen. Der 59 Jahre alte Theologe und Journalist folgt Dr. Thomas Posern, der in den Ruhestand tritt. Posern begleitete f\u00fcr die hessen-nassauische Kirche, die pf\u00e4lzische Kirche und die rheinische Kirche seit einem Jahrzehnt  die Politik in Mainz. <\/p>\n\n\n\n<h4 class=\"wp-block-heading\"><strong>Rekowski: Lobbyisten f\u00fcr die Menschlichkeit\n<\/strong><\/h4>\n\n\n\n<p>Der rheinische Pr\u00e4ses Manfred Rekowski erinnerte bei der Amts\u00fcbergabe an die Herausforderungen, die an das Verh\u00e4ltnis von Kirche und Staat gekn\u00fcpft seien. So sei es auch Aufgabe der Kirche,  die Regierenden an ihre gro\u00dfe Verantwortung zu erinnern. Deshalb w\u00fcrden Beauftragte der Kirchen \u201enicht kirchliche Partikularinteressen\u201c vertreten, wie das viele Lobbyisten an den Sitzen der Landesregierungen t\u00e4ten. Rekowski: \u201eIhre Aufgabe ist es zu vertreten,  was dem Gemeinwesen dient. Sie sind so letztlich stets Lobbyisten f\u00fcr die Menschen und die Menschlichkeit sowie f\u00fcr den gesellschaftlichen Zusammenhalt.\u201c <\/p>\n\n\n\n<div class=\"wp-block-image\"><figure class=\"aligncenter\"><img decoding=\"async\" loading=\"lazy\" width=\"800\" height=\"533\" src=\"https:\/\/speyer24news.com\/wp-content\/uploads\/2020\/06\/1-Posern-Schumacher-by-EKHN-VR-2020-DSC_8415.jpg\" alt=\"\" class=\"wp-image-28409\" srcset=\"https:\/\/speyer24news.com\/wp-content\/uploads\/2020\/06\/1-Posern-Schumacher-by-EKHN-VR-2020-DSC_8415.jpg 800w, https:\/\/speyer24news.com\/wp-content\/uploads\/2020\/06\/1-Posern-Schumacher-by-EKHN-VR-2020-DSC_8415-300x200.jpg 300w, https:\/\/speyer24news.com\/wp-content\/uploads\/2020\/06\/1-Posern-Schumacher-by-EKHN-VR-2020-DSC_8415-768x512.jpg 768w\" sizes=\"(max-width: 800px) 100vw, 800px\" \/><\/figure><\/div>\n\n\n\n<h4 class=\"wp-block-heading\"><strong>Schad: Verschw\u00f6rungstheorien entgegentreten<\/strong><\/h4>\n\n\n\n<p>Der pf\u00e4lzische Kirchenpr\u00e4sident Christian Schad bezeichnete die Aufgabe der Beauftragten als \u201eGrenzgang\u201c. Ihre Rolle sei es, nicht nur zwischen Kirche und Gesellschaft sowie zwischen Religion\n und Kultur, sondern auch zwischen unterschiedlichen sozialen Milieus zu vermitteln. Schad: \u201eUnd \u00fcberall wird es darauf ankommen, Differenzen, unterschiedliche Perspektiven nicht zu verwischen, sondern sie in einem echten \u201aHin und Her\u2018 konstruktiv aufeinander\n zu beziehen\u201c. Dabei wird es nach Ansicht Schads auch darauf ankommen, den zunehmenden \u201ereligi\u00f6sen Verschw\u00f6rungstheoretikern\u201c in der Coronakrise \u201edeutlich zu widersprechen und den Gott ins Zentrum zu r\u00fccken, der sich mit der Not und dem Leid von uns Menschen\n identifiziert hat und dort angetroffen werden will\u201c. <\/p>\n\n\n\n<h4 class=\"wp-block-heading\"><strong>Jung: Blick auch auf Gerechtigkeit lenken\n<\/strong><\/h4>\n\n\n\n<p>Nach Worten des hessen-nassauischen Kirchenpr\u00e4sidenten Volker Jung sei es als Kirche wichtig, den Blick auf das Thema Gerechtigkeit zu lenken. Christinnen und Christen h\u00e4tten zugleich das Bewusstsein,\n Menschen in aller Unvollkommenheit zu bleiben. Jung: \u201eDeswegen m\u00fcssen wir uns davor h\u00fcten, uns \u00fcber andere zu erheben. Stattdessen m\u00fcssen wir zeigen, wie wir selbst immer wieder Halt und Orientierung in Gott und seiner Gerechtigkeit suchen\u201c. Jung w\u00fcrdigte\n den aus dem Amt scheidenden Posern als Theologen, der mit klarer Linie seinen Dienst \u201eau\u00dferordentlich aufmerksam, kompetent, pr\u00e4sent, kommunikativ versiert\u201c versehen habe.\n<\/p>\n\n\n\n<h3 class=\"wp-block-heading\"><strong>Zu den Personen\n<\/strong><\/h3>\n\n\n\n<div class=\"wp-block-image\"><figure class=\"aligncenter\"><img decoding=\"async\" loading=\"lazy\" width=\"500\" height=\"719\" src=\"https:\/\/speyer24news.com\/wp-content\/uploads\/2020\/06\/Wolfgang_Schumacher_fbg-by-Kirche-der-Pfalz.jpg\" alt=\"\" class=\"wp-image-28406\" srcset=\"https:\/\/speyer24news.com\/wp-content\/uploads\/2020\/06\/Wolfgang_Schumacher_fbg-by-Kirche-der-Pfalz.jpg 500w, https:\/\/speyer24news.com\/wp-content\/uploads\/2020\/06\/Wolfgang_Schumacher_fbg-by-Kirche-der-Pfalz-209x300.jpg 209w\" sizes=\"(max-width: 500px) 100vw, 500px\" \/><\/figure><\/div>\n\n\n\n<h4 class=\"wp-block-heading\"><strong>Wolfgang Schumacher\n<\/strong><\/h4>\n\n\n\n<p>Wolfgang Schumacher (59) war bis zu seiner Amts\u00fcbernahme seit 2009 Pressesprecher und \u00d6ffentlichkeitsreferent der Evangelischen Kirche der Pfalz. Zu seinen Aufgaben geh\u00f6rte es unter anderem  auch, die Jubil\u00e4en zu 500 Jahre Reformation (2017) und 200 Jahre Pf\u00e4lzer Kirchenunion (2018) f\u00fcr seine Kirche zu organisieren. Der Theologe studierte in Mainz und Heidelberg evangelische Theologie und war unter anderem Pfarrer in Pirmasens. Als Beauftragter  f\u00fcr den privaten Rundfunk vertrat er bereits die drei Landeskirchen gegen\u00fcber den Sendern in Rheinland-Pfalz. Weitere Stationen seines Berufslebens waren beim Evangelischen Presseverband e.V. und dem Evangelischen Presseverlag GmbH in Speyer.<\/p>\n\n\n\n<div class=\"wp-block-image\"><figure class=\"aligncenter\"><img decoding=\"async\" loading=\"lazy\" width=\"500\" height=\"707\" src=\"https:\/\/speyer24news.com\/wp-content\/uploads\/2020\/06\/PosernThomas-2010-03.jpg\" alt=\"\" class=\"wp-image-28407\" srcset=\"https:\/\/speyer24news.com\/wp-content\/uploads\/2020\/06\/PosernThomas-2010-03.jpg 500w, https:\/\/speyer24news.com\/wp-content\/uploads\/2020\/06\/PosernThomas-2010-03-212x300.jpg 212w\" sizes=\"(max-width: 500px) 100vw, 500px\" \/><\/figure><\/div>\n\n\n\n<h4 class=\"wp-block-heading\"><strong>Dr. Thomas Posern\n<\/strong><\/h4>\n\n\n\n<p>Dr. Thomas Posern (65) war seit 2010 Beauftragter der Evangelischen Kirchen im Lande Rheinland-Pfalz in Mainz. Zu den wesentlichen Herausforderungen seiner Amtszeit z\u00e4hlten unter anderem der Umgang mit den Folgen der Bankenkrise oder die Aufnahme  von Gefl\u00fcchteten. Zuletzt standen noch nie in der Geschichte der Bundesrepublik dagewesene Einschr\u00e4nkungen der Religionsaus\u00fcbung infolge der Coronakrise auf seiner Tagesordnung. Der Pfarrer arbeitete davor im Mainzer Zentrum Gesellschaftliche Verantwortung als Referent f\u00fcr \u00d6kumenische Sozialethik. Er wurde 2005 auch stellvertretender Leiter des Zentrums und f\u00fchrte es zeitweise kommissarisch. Posern studierte Theologie und Geschichte  in Mainz und M\u00fcnchen. Anschlie\u00dfend arbeitete er als Stipendiat der Hessischen Lutherstiftung an der Universit\u00e4t M\u00fcnchen. Er war unter anderem Pfarrer an der Wiesbadener Lutherkirche. Parallel dazu promovierte er sich 1992 zum Doktor der Theologie. Seine inhaltlichen  Schwerpunkte waren immer wieder die Themen Arbeit und Arbeitslosigkeit, Sozialstaat und Sozialsysteme, Reichtum und Armut, Globalisierung, Nachhaltigkeit und Gewalt. <\/p>\n\n\n\n<p><em>Text: Gemeinsame Pressemitteilung der Evangelischen Kirchen in Rheinland-Pfalz Foto: EKHN<br>27.06.2020<\/em><\/p>\n","protected":false},"excerpt":{"rendered":"<div class=\"mh-excerpt\"><p>Bistum Speyer ver\u00f6ffentlicht Statistik f\u00fcr das Jahr 2019 Hohe Zahl von Kirchenaustritten ist f\u00fcr Generalvikar Sturm ein \u201eklarer Hinweis auf die Notwendigkeit von Ver\u00e4nderungen in der Kirche\u201c Das Bistum Speyer hat seine Jahresstatistik f\u00fcr das <a class=\"mh-excerpt-more\" href=\"https:\/\/speyer24news.com\/?p=28405\" title=\"Kirche\">[&#8230;]<\/a><\/p>\n<\/div>","protected":false},"author":3,"featured_media":0,"comment_status":"open","ping_status":"open","sticky":false,"template":"","format":"standard","meta":{"_monsterinsights_skip_tracking":false,"_monsterinsights_sitenote_active":false,"_monsterinsights_sitenote_note":"","_monsterinsights_sitenote_category":0,"footnotes":""},"categories":[120],"tags":[174,7639,2360,5132,7633,7636,121,7632,7642,7634,7641,7640,2361,7465,7638,7637,7635],"aioseo_notices":[],"amp_enabled":true,"_links":{"self":[{"href":"https:\/\/speyer24news.com\/index.php?rest_route=\/wp\/v2\/posts\/28405"}],"collection":[{"href":"https:\/\/speyer24news.com\/index.php?rest_route=\/wp\/v2\/posts"}],"about":[{"href":"https:\/\/speyer24news.com\/index.php?rest_route=\/wp\/v2\/types\/post"}],"author":[{"embeddable":true,"href":"https:\/\/speyer24news.com\/index.php?rest_route=\/wp\/v2\/users\/3"}],"replies":[{"embeddable":true,"href":"https:\/\/speyer24news.com\/index.php?rest_route=%2Fwp%2Fv2%2Fcomments&post=28405"}],"version-history":[{"count":2,"href":"https:\/\/speyer24news.com\/index.php?rest_route=\/wp\/v2\/posts\/28405\/revisions"}],"predecessor-version":[{"id":28460,"href":"https:\/\/speyer24news.com\/index.php?rest_route=\/wp\/v2\/posts\/28405\/revisions\/28460"}],"wp:attachment":[{"href":"https:\/\/speyer24news.com\/index.php?rest_route=%2Fwp%2Fv2%2Fmedia&parent=28405"}],"wp:term":[{"taxonomy":"category","embeddable":true,"href":"https:\/\/speyer24news.com\/index.php?rest_route=%2Fwp%2Fv2%2Fcategories&post=28405"},{"taxonomy":"post_tag","embeddable":true,"href":"https:\/\/speyer24news.com\/index.php?rest_route=%2Fwp%2Fv2%2Ftags&post=28405"}],"curies":[{"name":"wp","href":"https:\/\/api.w.org\/{rel}","templated":true}]}}