{"id":28486,"date":"2020-06-30T15:50:18","date_gmt":"2020-06-30T14:50:18","guid":{"rendered":"https:\/\/speyer24news.com\/?p=28486"},"modified":"2020-06-30T15:50:20","modified_gmt":"2020-06-30T14:50:20","slug":"schwetzingen-50","status":"publish","type":"post","link":"https:\/\/speyer24news.com\/?p=28486","title":{"rendered":"Schwetzingen"},"content":{"rendered":"<style type=\"text\/css\">\r\n\t.ads_top_disp{}\r\n\t.ads_top_corner_disp{ float:left; margin:0px 10px 10px 0px; }\r\n\t.ads_first_p_disp{}\r\n\t.ads_bottom_disp{}\r\n\t<\/style>\n<h2 class=\"wp-block-heading\"><strong>Corona-Krise: Rathaus und Au\u00dfenstellen sind zu den normalen \u00d6ffnungszeiten erreichbar<\/strong><\/h2>\n\n\n\n<h4 class=\"wp-block-heading\"><strong>Vorab Terminvereinbarung sinnvoll \/ Maskenpflicht f\u00fcr Besucher\/innen<\/strong><\/h4>\n\n\n\n<div class=\"wp-block-image\"><figure class=\"aligncenter\"><img decoding=\"async\" loading=\"lazy\" width=\"500\" height=\"500\" src=\"https:\/\/speyer24news.com\/wp-content\/uploads\/2020\/02\/virus-4810549_1920.png\" alt=\"\" class=\"wp-image-25116\" srcset=\"https:\/\/speyer24news.com\/wp-content\/uploads\/2020\/02\/virus-4810549_1920.png 500w, https:\/\/speyer24news.com\/wp-content\/uploads\/2020\/02\/virus-4810549_1920-150x150.png 150w, https:\/\/speyer24news.com\/wp-content\/uploads\/2020\/02\/virus-4810549_1920-300x300.png 300w\" sizes=\"(max-width: 500px) 100vw, 500px\" \/><\/figure><\/div>\n\n\n\n<p>Bereits seit Anfang Mai sind das Rathaus und die Au\u00dfenstellen wieder zu den normalen \u00d6ffnungszeiten erreichbar. Allerdings bittet die Stadt alle Besucher des Rathauses und seiner Einrichtungen  weiterhin nur pers\u00f6nlich vorzusprechen, wenn dies tats\u00e4chlich notwendig ist. In vielen F\u00e4llen reicht ein Anruf oder eine E-Mail-Nachricht an den zust\u00e4ndigen Mitarbeiter aus. F\u00fcr die pers\u00f6nliche Vorsprache sollte vorab ein Termin vereinbart werden, um Wartezeiten  und Warteschlangen zu vermeiden. Dies gilt insbesondere f\u00fcr das Standesamt, das Ausl\u00e4nderamt, das B\u00fcrgerb\u00fcro, das Generationenb\u00fcro oder die Wohnungsverwaltung der st\u00e4dtischen Liegenschaften.<\/p>\n\n\n\n<p>Die Dienstgeb\u00e4ude d\u00fcrfen nur mit einer Mund-Nasen-Bedeckung betreten werden, wie dies auch in den Gesch\u00e4ften vorgeschrieben ist. Eine sogenannte Alltagsmaske ist daf\u00fcr v\u00f6llig ausreichend. Spender f\u00fcr die Handdesinfektion stehen zur Verf\u00fcgung. In zentralen Publikumsbereichen  z.B. an der Pforte, in der Touristinformation oder im B\u00fcrgerb\u00fcro sind Schutzscheiben angebracht.<\/p>\n\n\n\n<h4 class=\"wp-block-heading\"><strong>B\u00fcrgerb\u00fcro samstags wieder ge\u00f6ffnet<\/strong><\/h4>\n\n\n\n<p>Das B\u00fcrgerb\u00fcro ist wieder an jedem ersten Samstag im Monat von 9-12 Uhr ge\u00f6ffnet.<\/p>\n\n\n\n<p>Die Stadtverwaltung weist zudem darauf hin, dass viele Beh\u00f6rdeng\u00e4nge inzwischen auch \u00fcber Online-Formulare abgewickelt werden k\u00f6nnen. Eine \u00dcbersicht \u00fcber alle m\u00f6glichen Online-Verfahren  finden Sie unter <a href=\"https:\/\/deref-web.de\/mail\/client\/9PDFtdh7UZE\/dereferrer\/?redirectUrl=http%3A%2F%2Fwww.schwetzingen.de%2F%3Ffbclid%3DIwAR2jGArPDNpNjwtx_VpDD3XHyEcmICtGFeScTEbRomGn6Wv3dk92tnW7k0A\" target=\"_blank\" rel=\"noreferrer noopener\"> www.schwetzingen.de<\/a> in der Rubrik Stadt &amp; B\u00fcrger\/ <a href=\"https:\/\/deref-web.de\/mail\/client\/rYs0cmdt5Gk\/dereferrer\/?redirectUrl=https%3A%2F%2Fwww.schwetzingen.de%2Fpb%2Fschwetzingen%2FStartseite%2FStadt%2B_%2BBuerger%2FOnline_Dienste.html\" target=\"_blank\" rel=\"noreferrer noopener\"> Online-Dienste <\/a><br> <br>Die Stadtverwaltung bittet um Verst\u00e4ndnis f\u00fcr die Ma\u00dfnahmen und w\u00fcnscht allen B\u00fcrger\/innen gute Gesundheit!<\/p>\n\n\n\n<p><em>Stadtverwaltung Schwetzingen<\/em><br><em>29.06.2020<\/em><\/p>\n\n\n\n<h2 class=\"wp-block-heading\">Stadtf\u00fchrungen in Schwetzingen wieder m\u00f6glich<\/h2>\n\n\n\n<h4 class=\"wp-block-heading\">Neue Termine im Juli<\/h4>\n\n\n\n<div class=\"wp-block-image\"><figure class=\"aligncenter\"><img decoding=\"async\" loading=\"lazy\" width=\"800\" height=\"581\" src=\"https:\/\/speyer24news.com\/wp-content\/uploads\/2020\/06\/SZ_Stadtfuehrung_06_klein.jpg\" alt=\"\" class=\"wp-image-28490\" srcset=\"https:\/\/speyer24news.com\/wp-content\/uploads\/2020\/06\/SZ_Stadtfuehrung_06_klein.jpg 800w, https:\/\/speyer24news.com\/wp-content\/uploads\/2020\/06\/SZ_Stadtfuehrung_06_klein-300x218.jpg 300w, https:\/\/speyer24news.com\/wp-content\/uploads\/2020\/06\/SZ_Stadtfuehrung_06_klein-768x558.jpg 768w\" sizes=\"(max-width: 800px) 100vw, 800px\" \/><\/figure><\/div>\n\n\n\n<p>Auch in Schwetzingen k\u00f6nnen wieder Stadtf\u00fchrungen mit Abstandregelung und einer Teilnehmeranzahl von maximal 10 Personen stattfinden. Die Dauer der Rundg\u00e4nge ist auf eine Stunde begrenzt. So erhalten Sie einen \u00dcberblick \u00fcber Geschichte, Wissenswertes und Unterhaltsames der Stadt. Neben den Gruppenf\u00fchrungen werden auch wieder \u00f6ffentlichen Stadtf\u00fchrungen am Sa., 04.07.+ So. 12.07. +Sa. 18.07.+So. 26.07.2020 jeweils um 15.00 Uhr angeboten. Eine Anmeldung ist erforderlich.<\/p>\n\n\n\n<p><strong>Weitere Informationen \u00fcber:<\/strong><br>Touristinformation Schwetzingen<br>Tel. +49(0)6202-87404<br><a href=\"http:\/\/touristinfo@schwetzingen.de \">touristinfo@schwetzingen.de <\/a><\/p>\n\n\n\n<p><em>Text: Stadtverwaltung Schwetzingen Foto: Stadt Schwetzingen \/ T. Schwerdt<br>29.06.2020<\/em><\/p>\n\n\n\n<h2 class=\"wp-block-heading\"><strong>Neuorganisation im Schwetzinger Rathaus<\/strong><\/h2>\n\n\n\n<h4 class=\"wp-block-heading\">Zum 1. Januar 2021 entsteht das Amt f\u00fcr Klimaschutz, Wirtschaft und Bauordnung \u2013 Personeller Wechsel im Baurechtsbereich bereits zum Herbst 2020<\/h4>\n\n\n\n<p>Zum 1. Januar 2021 wird es eine gr\u00f6\u00dfere Neuorganisation im Schwetzinger Rathaus geben. Im Dezernat II, das von B\u00fcrgermeister Matthias Steffan geleitet wird, werden die bisherigen Sachgebiete\n Wirtschaftsf\u00f6rderung und Baurecht sowie die Stabsstelle Klimaschutz, Energie und Umwelt zu einem neuen Amt f\u00fcr \u201eKlimaschutz, Wirtschaft und Bauordnung\u201c zusammengef\u00fchrt.\n<\/p>\n\n\n\n<p>Die Leitung des neuen Amtes wird Wolfgang Leberecht \u00fcbernehmen, der bisher die Stabsstelle Wirtschaft, Presse, Gemeinderat leitet. Stellvertretende Amtsleiterin wird Silke Feurer, die\n zum 1. September das Sachgebiet Baurecht von Mechthild M\u00fcller \u00fcbernimmt, die in den Ruhestand gehen wird. Im neuen Amt wird sie dann neben der Bauordnung auch f\u00fcr Themen der Wirtschaftsf\u00f6rderung zust\u00e4ndig sein. Sie wechselt aus\n dem Ordnungsamt, wo Sie bislang f\u00fcr die Bereiche Gewerbe, Ordnungsrecht, Waffen und M\u00e4rkte zust\u00e4ndig war. Der bisherige Klimaschutzbeauftragte Patrick Cisowski wird das Sachgebiet Klimaschutz, Energie und Umwelt bearbeiten.\n<\/p>\n\n\n\n<p>Mit dem Eintritt von Stadtbaumeister Matthias Welle in den Ruhestand Mitte 2022 wird es eine zweite Stufe geben. Die bisher in der Stabsstelle St\u00e4dtebau, Verkehrsentwicklung und Architektur\n angesiedelten Themen werden dann ebenfalls in das neue Amt integriert und organisatorisch mit dem Sachgebiet Klimaschutz verbunden.\n<\/p>\n\n\n\n<h4 class=\"wp-block-heading\"><strong>Neuorganisation schafft Synergien durch Vernetzung\n<\/strong><\/h4>\n\n\n\n<p>\u201eDurch die Zusammenf\u00fchrung der verschiedenen Bereiche ergibt sich die Chance, gro\u00dfe Projekte und Themen k\u00fcnftig aus einer Hand zu bearbeiten\u201c, begr\u00fcnden Oberb\u00fcrgermeister Dr. Ren\u00e9 P\u00f6ltl  und B\u00fcrgermeister Matthias Steffan die geplanten Ver\u00e4nderungen im Rathaus. Denn auch wenn sich die Bereiche im ersten Moment sehr unterschiedlich anh\u00f6ren, so sind sie doch oft sehr eng miteinander verzahnt. Denkt man etwa an die Bereiche Baurecht und Energiemanagement  bei Bauvorhaben oder langfristig an die Vernetzung von Baurecht, Wirtschaftsf\u00f6rderung und Stadtentwicklung. Gerade im Hinblick auf die anstehenden Gro\u00dfprojekte wie die Entwicklung des Pfaudler-Quartiers und des Gewerbegebietes Ausbesserungswerk S\u00fcd ist k\u00fcnftig  eine \u00fcbergreifende und kundenorientiertere Bearbeitung von Bauprojekten gew\u00e4hrleistet.<\/p>\n\n\n\n<p><em>Stadtverwaltung Schwetzingen<\/em><br><em>29.06.2020<\/em><\/p>\n\n\n\n<h2 class=\"wp-block-heading\"><strong>Vorverkauf f\u00fcr das Schwetzinger Mozartfest startete am 25.06<\/strong>.2020<\/h2>\n\n\n\n<div class=\"wp-block-image\"><figure class=\"aligncenter\"><img decoding=\"async\" loading=\"lazy\" width=\"800\" height=\"330\" src=\"https:\/\/speyer24news.com\/wp-content\/uploads\/2020\/06\/Mozartfest-2020-Header.png\" alt=\"\" class=\"wp-image-28488\" srcset=\"https:\/\/speyer24news.com\/wp-content\/uploads\/2020\/06\/Mozartfest-2020-Header.png 800w, https:\/\/speyer24news.com\/wp-content\/uploads\/2020\/06\/Mozartfest-2020-Header-300x124.png 300w, https:\/\/speyer24news.com\/wp-content\/uploads\/2020\/06\/Mozartfest-2020-Header-768x317.png 768w\" sizes=\"(max-width: 800px) 100vw, 800px\" \/><\/figure><\/div>\n\n\n\n<p>\u201eWenn die Musik der Liebe Nahrung ist, spielt weiter!\u201c schrieb Shakespeare einst. W\u00fcrde er 2020 leben, h\u00e4tte er vermutlich geschrieben:  \u201eWenn die Musik der Liebe Nahrung ist, fangt endlich wieder an zu spielen!\u201c Viel zu lang blieben dieses Jahr die Konzerts\u00e4le still, doch nun werden sie in Schwetzingen wieder zum Klingen gebracht. In diesem Sinne er\u00f6ffnet das <strong>Schwetzinger Mozartfest<\/strong> hier Ende September die diesj\u00e4hrige Festival-Saison \u2013 besser sp\u00e4t, als nie \u2013 und setzt damit ein Zeichen f\u00fcr die Kunst, das analoge, gemeinsame Musik-Erleben und vor allem f\u00fcr die K\u00fcnstler!<\/p>\n\n\n\n<div class=\"wp-block-image\"><figure class=\"aligncenter\"><img decoding=\"async\" loading=\"lazy\" width=\"500\" height=\"936\" src=\"https:\/\/speyer24news.com\/wp-content\/uploads\/2020\/06\/Mozartfest-2020.png\" alt=\"\" class=\"wp-image-28489\" srcset=\"https:\/\/speyer24news.com\/wp-content\/uploads\/2020\/06\/Mozartfest-2020.png 500w, https:\/\/speyer24news.com\/wp-content\/uploads\/2020\/06\/Mozartfest-2020-160x300.png 160w\" sizes=\"(max-width: 500px) 100vw, 500px\" \/><\/figure><\/div>\n\n\n\n<p>Auch wenn das Festival in Bezug auf die Zahl der Veranstaltungen und vor allem auch die Platzkapazit\u00e4ten etwas reduziert werden muss, so  hat es doch qualitativ nichts einzub\u00fc\u00dfen. Altbekannte Garanten der Kammermusik-Szene und aufkommende Jungstars aus ganz Europa werden das Schloss mit Musik erf\u00fcllen. Zur derzeit terminierten Er\u00f6ffnung am 26. September bringen die vier Damen des <strong>Quatuor Akilone<\/strong> mit Streichquartetten von Mozart, Ravel und Beethoven geballte franz\u00f6sische Frauenpower auf die B\u00fchne des Jagdsaals. Ihre Landsm\u00e4nner vom <strong>Trio Wanderer<\/strong> kombinieren am 3. Festival-Wochenende Mozart und Beethoven mit Schumann und dokumentieren damit die Entwicklung des Klaviertrios innerhalb von sechzig Jahren in Bezug auf die Autonomie der einzelnen Instrumente. Tastengenuss im Doppelpack  verk\u00f6rpern die georgischen Zwillinge <strong>Ani und Nia Sulkhanishvili<\/strong>. Sie spielen seit ihrem 13. Lebensjahr vierh\u00e4ndig Klavier und dies so perfekt aufeinander abgestimmt, dass ihr Spiel aus einem K\u00f6rper und Geist zu flie\u00dfen scheint. Ein besonderes Highlight  stellt wie jedes Jahr unsere Urauff\u00fchrung dar. Der Komponist <strong>Oliver Schneller<\/strong> hat im Auftrag der Mozartgesellschaft das Werk Hadron f\u00fcr Streichquartett und Bassett-Klarinette geschrieben. Ein Schwerpunkt seiner kompositorischen Arbeit liegt in der Schaffung  neuer Konstellationen von Instrumenten, live-Elektronik und architektonischem Raum. Man darf gespannt sein, wie das <strong>Eliot Quartett<\/strong> und <strong>Nikolaus Friedrich<\/strong> sein Werk im Jagdsaal des Schlosses interpretieren werden. Doch zuvor wird noch <strong>Anton Steck<\/strong> die Schlosskapelle mit der Musik der beiden Genies Beethoven und Mozart erf\u00fcllen. Begleitet wird er dabei von <strong>Christina Kobb<\/strong> am Hammerklavier. Und last, but not least fliegt aus Italien der international gefeierte Pianist <strong>Roberto Prosseda<\/strong> ein und wird mit vier Klaviersonaten Mozart pur und solo am Fl\u00fcgel zelebrieren. Und wenn Corona es zul\u00e4sst, werden die <strong>Heidelberger Philharmoniker<\/strong> mit den <strong>Stipendiaten der J\u00fcrgen Ponto-Stiftung<\/strong> und das <strong>S\u00fcdwestdeutsche Kammerorchester<\/strong> auch noch das Rokokotheater mit Musik erf\u00fcllen. Hoffen wir auf eine Welle von nichts als Musik!<\/p>\n\n\n\n<p><strong>Der Vorverkauf f\u00fcr die Kammerkonzerte des Schwetzinger Mozartfestes 2020 begann am 25.6.2020.<\/strong>  Die Veranstaltungen im Rokokotheater werden coronabedingt zu einem sp\u00e4teren Zeitpunkt in den Vorverkauf gehen. <\/p>\n\n\n\n<p>Weitere Informationen und Tickets unter <a href=\"https:\/\/deref-web.de\/mail\/client\/ykhG-t6ifZM\/dereferrer\/?redirectUrl=http%3A%2F%2Fwww.mozartgesellschaft-schwetzingen.de\" target=\"_blank\" rel=\"noreferrer noopener\">www.mozartgesellschaft-schwetzingen.de<\/a>, sowie bei allen bekannten Vorverkaufsstellen.<\/p>\n\n\n\n<h4 class=\"wp-block-heading\">Lesen sie auch hier die Brosch\u00fcre als pdf:<\/h4>\n\n\n\n<div class=\"wp-block-file\"><a href=\"https:\/\/speyer24news.com\/wp-content\/uploads\/2020\/06\/Schwetzinger-Mozartfest-2020.pdf\">Schwetzinger-Mozartfest-2020<\/a><a href=\"https:\/\/speyer24news.com\/wp-content\/uploads\/2020\/06\/Schwetzinger-Mozartfest-2020.pdf\" class=\"wp-block-file__button\" download>Herunterladen<\/a><\/div>\n\n\n\n<p><em>Mozartgesellschaft Schwetzingen e.V.<br>29.06.2020<\/em><\/p>\n\n\n\n<h2 class=\"wp-block-heading\"><strong>Schadstoffsammlung der AVR findet bis auf Weiteres im Hirschacker statt<\/strong><\/h2>\n\n\n\n<p>Die Schadstoffsammlungen der AVR finden f\u00fcr das restliche Jahr alle im Stadtteil Hirschacker am Badenia Sportplatz im Eichenweg statt. Das betrifft den Termin am 10. Juli (14.30 \u2013 17.00\n Uhr), &nbsp;am 10. September (08.00 \u2013 12.00 Uhr) und am 4. Dezember (10.00 \u2013 13.00 Uhr).\n<\/p>\n\n\n\n<p>Grund daf\u00fcr ist, dass sich am Stadion an der Ketscher Landstra\u00dfe das Corona Testzentrum des Rhein-Neckar-Kreises befindet. Daher ist eine dortige Schadstoffsammlung zur Zeit nicht m\u00f6glich.  Die Stadt und die AVR bitten die B\u00fcrger\/innen um Beachtung.<\/p>\n\n\n\n<p><em>Stadtverwaltung Schwetzingen<br>29.06.2020<\/em><\/p>\n\n\n\n<h2 class=\"wp-block-heading\">Streetart w\u00fcrdigt Lebenswerk <\/h2>\n\n\n\n<h3 class=\"wp-block-heading\">Graffito zeigt Schwetzinger Spargelb\u00e4uerin<\/h3>\n\n\n\n<h4 class=\"wp-block-heading\">Sehen sie hier den Kurzclip des SWR:<\/h4>\n\n\n\n<p><a href=\"https:\/\/www.swr.de\/swraktuell\/baden-wuerttemberg\/mannheim\/graffiti-spargelbaeuerin-100.html\">https:\/\/www.swr.de\/swraktuell\/baden-wuerttemberg\/mannheim\/graffiti-spargelbaeuerin-100.html<\/a><\/p>\n\n\n\n<p><em>SWR Aktuell \/ Sabrina Mann<br>29.06.2020<\/em><\/p>\n","protected":false},"excerpt":{"rendered":"<div class=\"mh-excerpt\"><p>Corona-Krise: Rathaus und Au\u00dfenstellen sind zu den normalen \u00d6ffnungszeiten erreichbar Vorab Terminvereinbarung sinnvoll \/ Maskenpflicht f\u00fcr Besucher\/innen Bereits seit Anfang Mai sind das Rathaus und die Au\u00dfenstellen wieder zu den normalen \u00d6ffnungszeiten erreichbar. Allerdings bittet <a class=\"mh-excerpt-more\" href=\"https:\/\/speyer24news.com\/?p=28486\" title=\"Schwetzingen\">[&#8230;]<\/a><\/p>\n<\/div>","protected":false},"author":3,"featured_media":0,"comment_status":"open","ping_status":"open","sticky":false,"template":"","format":"standard","meta":{"_monsterinsights_skip_tracking":false,"_monsterinsights_sitenote_active":false,"_monsterinsights_sitenote_note":"","_monsterinsights_sitenote_category":0,"footnotes":""},"categories":[477],"tags":[5084,6962,5904,6806,1628,1630,4503,7652,7654,154,7653,7418,7417],"aioseo_notices":[],"amp_enabled":true,"_links":{"self":[{"href":"https:\/\/speyer24news.com\/index.php?rest_route=\/wp\/v2\/posts\/28486"}],"collection":[{"href":"https:\/\/speyer24news.com\/index.php?rest_route=\/wp\/v2\/posts"}],"about":[{"href":"https:\/\/speyer24news.com\/index.php?rest_route=\/wp\/v2\/types\/post"}],"author":[{"embeddable":true,"href":"https:\/\/speyer24news.com\/index.php?rest_route=\/wp\/v2\/users\/3"}],"replies":[{"embeddable":true,"href":"https:\/\/speyer24news.com\/index.php?rest_route=%2Fwp%2Fv2%2Fcomments&post=28486"}],"version-history":[{"count":2,"href":"https:\/\/speyer24news.com\/index.php?rest_route=\/wp\/v2\/posts\/28486\/revisions"}],"predecessor-version":[{"id":28575,"href":"https:\/\/speyer24news.com\/index.php?rest_route=\/wp\/v2\/posts\/28486\/revisions\/28575"}],"wp:attachment":[{"href":"https:\/\/speyer24news.com\/index.php?rest_route=%2Fwp%2Fv2%2Fmedia&parent=28486"}],"wp:term":[{"taxonomy":"category","embeddable":true,"href":"https:\/\/speyer24news.com\/index.php?rest_route=%2Fwp%2Fv2%2Fcategories&post=28486"},{"taxonomy":"post_tag","embeddable":true,"href":"https:\/\/speyer24news.com\/index.php?rest_route=%2Fwp%2Fv2%2Ftags&post=28486"}],"curies":[{"name":"wp","href":"https:\/\/api.w.org\/{rel}","templated":true}]}}