{"id":28518,"date":"2020-06-29T15:42:26","date_gmt":"2020-06-29T14:42:26","guid":{"rendered":"https:\/\/speyer24news.com\/?p=28518"},"modified":"2020-06-29T15:42:28","modified_gmt":"2020-06-29T14:42:28","slug":"germersheim-und-landkreis-ger-24","status":"publish","type":"post","link":"https:\/\/speyer24news.com\/?p=28518","title":{"rendered":"Germersheim und Landkreis GER"},"content":{"rendered":"<style type=\"text\/css\">\r\n\t.ads_top_disp{}\r\n\t.ads_top_corner_disp{ float:left; margin:0px 10px 10px 0px; }\r\n\t.ads_first_p_disp{}\r\n\t.ads_bottom_disp{}\r\n\t<\/style>\n<h1 class=\"wp-block-heading\" style=\"text-align:center\"><strong>Coronavirus<\/strong> &#8211; Fallzahlen<\/h1>\n\n\n\n<div class=\"wp-block-image\"><figure class=\"aligncenter\"><img decoding=\"async\" loading=\"lazy\" width=\"800\" height=\"400\" src=\"https:\/\/speyer24news.com\/wp-content\/uploads\/2020\/02\/virus-1812092_1920.jpg\" alt=\"\" class=\"wp-image-25128\" srcset=\"https:\/\/speyer24news.com\/wp-content\/uploads\/2020\/02\/virus-1812092_1920.jpg 800w, https:\/\/speyer24news.com\/wp-content\/uploads\/2020\/02\/virus-1812092_1920-300x150.jpg 300w, https:\/\/speyer24news.com\/wp-content\/uploads\/2020\/02\/virus-1812092_1920-768x384.jpg 768w\" sizes=\"(max-width: 800px) 100vw, 800px\" \/><\/figure><\/div>\n\n\n\n<h2 class=\"wp-block-heading\"><strong>Aktuell 18 best\u00e4tigte positive F\u00e4lle im Landkreis Germersheim (Stand 28.&nbsp;Juni&nbsp;2020, Stand 16 Uhr)<\/strong><\/h2>\n\n\n\n<p>Die \u00dcbersicht aus dem Landkreis Germersheim:<\/p>\n\n\n\n<ul><li>Derzeit positiv getestete Personen: 18<\/li><li>Gesundete Personen: 143<\/li><li>Bislang leider verstorbene Personen: 5<ul><li>Gesamtzahl positiv getestete Personen (seit Ausbruch): 166<\/li><\/ul><\/li><\/ul>\n\n\n\n<h2 class=\"wp-block-heading\"><strong>Aktuell neun best\u00e4tigte positive F\u00e4lle\nim Landkreis Germersheim (Stand 27.&nbsp;Juni&nbsp;2020, Stand 18 Uhr)<\/strong><\/h2>\n\n\n\n<h3 class=\"wp-block-heading\"><strong>Ausbruch in einer religi\u00f6sen\nGemeinschaft<\/strong><\/h3>\n\n\n\n<p>Die \u00dcbersicht aus dem Landkreis Germersheim:<\/p>\n\n\n\n<ul><li>Derzeit\npositiv getestete Personen: 9<\/li><li>Gesundete\nPersonen: 143<\/li><li>Bislang\nleider verstorbene Personen: 5<ul><li>Gesamtzahl positiv getestete Personen\n(seit Ausbruch): 157<\/li><\/ul><\/li><\/ul>\n\n\n\n<h2 class=\"wp-block-heading\"><strong>Aktuell sieben best\u00e4tigte positive F\u00e4lle im Landkreis Germersheim (Stand 26. Juni 2020, Stand 15 Uhr)<\/strong><\/h2>\n\n\n\n<p>Die \u00dcbersicht aus dem Landkreis Germersheim:<\/p>\n\n\n\n<ul><li>Derzeit positiv getestete Personen: 7<\/li><li>Gesundete Personen: 143<\/li><li>Bislang leider verstorbene Personen: 5<ul><li>Gesamtzahl\npositiv getestete Personen (seit Ausbruch): 155<\/li><\/ul><\/li><\/ul>\n\n\n\n<h2 class=\"wp-block-heading\"><strong>Aktuell drei best\u00e4tigte positive F\u00e4lle im Landkreis Germersheim (Stand\n25. Juni 2020, Stand 14Uhr)<\/strong><\/h2>\n\n\n\n<p>Die \u00dcbersicht aus dem Landkreis Germersheim:<\/p>\n\n\n\n<ul><li>Derzeit positiv getestete Personen: 3<\/li><li>Gesundete Personen: 143<\/li><li>Bislang leider verstorbene Personen: 5<ul><li>Gesamtzahl\npositiv getestete Personen (seit Ausbruch): 151<\/li><\/ul><\/li><\/ul>\n\n\n\n<h2 class=\"wp-block-heading\"><strong>Aktuell\nein best\u00e4tigter positiver Fall im Landkreis Germersheim (Stand 24.&nbsp;Juni 2020,\nStand 14 Uhr)<\/strong><\/h2>\n\n\n\n<p>Die \u00dcbersicht aus dem Landkreis Germersheim:<\/p>\n\n\n\n<ul><li>Derzeit positiv getestete Personen: 1<\/li><li>Gesundete Personen: 143<\/li><li>Bislang leider verstorbene Personen: 5<ul><li>Gesamtzahl\npositiv getestete Personen (seit Ausbruch): 149<\/li><\/ul><\/li><\/ul>\n\n\n\n<h2 class=\"wp-block-heading\"><strong>Aktuell\nein best\u00e4tigter positiver Fall im Landkreis Germersheim (Stand 23.&nbsp;Juni 2020,\nStand 12 Uhr)<\/strong><\/h2>\n\n\n\n<p>Die \u00dcbersicht aus dem Landkreis Germersheim:<\/p>\n\n\n\n<ul><li>Derzeit positiv getestete Personen: 1<\/li><li>Gesundete Personen: 143<\/li><li>Bislang leider verstorbene Personen: 5<ul><li>Gesamtzahl\npositiv getestete Personen (seit Ausbruch): 149<\/li><\/ul><\/li><\/ul>\n\n\n\n<p><em>Kreisverwaltung Germersheim<br>29.06.2020<\/em><\/p>\n\n\n\n<h2 class=\"wp-block-heading\"><strong>Information zum Ausbruch in Schwegenheim \u2013 Kita ab Montag geschlossen<\/strong><\/h2>\n\n\n\n<h3 class=\"wp-block-heading\"><strong>Mittlerweile 18 Corona-Infizierte im Kreis Germersheim<\/strong><\/h3>\n\n\n\n<div class=\"wp-block-image\"><figure class=\"aligncenter\"><img decoding=\"async\" loading=\"lazy\" width=\"500\" height=\"500\" src=\"https:\/\/speyer24news.com\/wp-content\/uploads\/2020\/02\/virus-4810549_1920.png\" alt=\"\" class=\"wp-image-25116\" srcset=\"https:\/\/speyer24news.com\/wp-content\/uploads\/2020\/02\/virus-4810549_1920.png 500w, https:\/\/speyer24news.com\/wp-content\/uploads\/2020\/02\/virus-4810549_1920-150x150.png 150w, https:\/\/speyer24news.com\/wp-content\/uploads\/2020\/02\/virus-4810549_1920-300x300.png 300w\" sizes=\"(max-width: 500px) 100vw, 500px\" \/><\/figure><\/div>\n\n\n\n<p><strong>Schwegenheim &#8211; <\/strong>Die Zahl der mit dem Coronvirus Infizierten im Landkreis Germersheim ist inzwischen auf 18 gestiegen. Alle neuen F\u00e4lle stehen im Zusammenhang mit dem Ausbruch in Schwegenheim. Da unter den  Neuinfizierten auch Kinder sind, die teilweise die Kindertagesst\u00e4tte in Schwegenheim besucht haben, wird die Einrichtung in Absprache mit der Kita-Leitung und des Gesundheitsamt ab Montag f\u00fcr voraussichtlich die gesamte Woche geschlossen bleiben. \u201eAu\u00dferdem  werden wir sicherheitshalber alle Kita-Kinder testen\u201c, berichtet Landrat Dr. Fritz Brechtel. Die Testergebnisse werden voraussichtlich bis Mitte\/Ende n\u00e4chster Woche vorliegen. Die Besch\u00e4ftigten der Kita wurden bereits getestet. Die Ergebnisse sind erfreulicherweise  alle negativ.<\/p>\n\n\n\n<p>Das Gesundheitsamt und die Ordnungsbeh\u00f6rde des Kreises sind in engem Kontakt mit der Kita-Leitung und der Ortsgemeinde. Landrat Dr. Fritz Brechtel: \u201eDer aktuelle Ausbruch macht uns sehr deutlich,  dass die Pandemie nicht vor\u00fcber ist. Wenige Wochen hatten wir im Landkreis Germersheim keine bekannte Infektion. Jetzt steigen die Zahlen innerhalb wenigen Tagen so deutlich an. Wir tun alles, um m\u00f6gliche Infektionswege nachzuverfolgen und sto\u00dfen dabei auf  sehr viel Verst\u00e4ndnis, Offenheit und Unterst\u00fctzung. Daf\u00fcr danke ich allen. Ich bitte trotzdem alle B\u00fcrgerinnen und B\u00fcrger: Bleiben Sie besonders vorsichtig, tragen Sie Maske, halten Sie Abstand und sch\u00fctzen Sie damit sich selbst und ihre N\u00e4chsten!\u201c<\/p>\n\n\n\n<p><em>Kreisverwaltung Germersheim<\/em><br><em>29.06.2020<\/em><\/p>\n\n\n\n<h2 class=\"wp-block-heading\"><strong>\u201ePrivate und nicht-private Veranstaltungen gleichstellen\u201c<\/strong><\/h2>\n\n\n\n<h4 class=\"wp-block-heading\"><strong>Unterschiedliche Personenzahlen den B\u00fcrgern nicht erkl\u00e4rbar<\/strong><\/h4>\n\n\n\n<div class=\"wp-block-image\"><figure class=\"aligncenter\"><img decoding=\"async\" loading=\"lazy\" width=\"640\" height=\"523\" src=\"https:\/\/speyer24news.com\/wp-content\/uploads\/2020\/01\/Fritz-Brechtel.jpg\" alt=\"\" class=\"wp-image-24652\" srcset=\"https:\/\/speyer24news.com\/wp-content\/uploads\/2020\/01\/Fritz-Brechtel.jpg 640w, https:\/\/speyer24news.com\/wp-content\/uploads\/2020\/01\/Fritz-Brechtel-300x245.jpg 300w\" sizes=\"(max-width: 640px) 100vw, 640px\" \/><\/figure><\/div>\n\n\n\n<p><strong>Landkreis Germersheim \/ Rheinland-Pfalz &#8211; <\/strong>Die Kreisverwaltung Germersheim hat sich mit einem Schreiben an das Land Rheinland-Pfalz gewandt und um \u00c4nderung in puncto Veranstaltungen gebeten.  In der 10. Corona-Bek\u00e4mpfungsverordnung des Landes werden Veranstaltungen im Innenbereich mit bis 150 Personen erlaubt, im Au\u00dfenbereich mit bis zu 350 Personen.<\/p>\n\n\n\n<p>Neu ist, dass nun private Veranstaltungen konkret in der Landesverordnung geregelt sind. Hier sind demnach bei z. B. Veranstaltung einer Hochzeits-\n oder Geburtstagsfeier im Innenbereich und auch im Freien nur bis 75 Personen zul\u00e4ssig. Dazu wurde ein neues Hygienekonzept festgelegt.\n<\/p>\n\n\n\n<p>B\u00fcrgerinnen und B\u00fcrger k\u00f6nnen diese unterschiedliche Festlegung von zugelassenen Personenzahlen im Innenbereich\/Au\u00dfenbereich von Veranstaltungen\n zu privaten Veranstaltungen nicht nachvollziehen und erwarten von der Kreisverwaltung kl\u00e4rende Aussagen dazu. \u201eWir, die Mitarbeiterinnen und Mitarbeiter der Kreisverwaltung, wollen verl\u00e4ssliche Ansprechpartner der B\u00fcrgerinnen und B\u00fcrger sein. Die aktuellen\n Regelungen f\u00fcr Veranstaltungen erschlie\u00dfen sich uns nicht, weshalb wir dringend um Erl\u00e4uterung bzw. um \u00c4nderung und Angleichung der Personenzahlen bitten\u201c, so Landrat Dr. Fritz Brechtel und Christoph Buttweiler, Erster Kreisbeigeordneter. Aus Sicht der Kreisverwaltung\n m\u00fcsste es doch m\u00f6glich sein, dass bei Veranstaltungen generell die gleichen Vorgaben und Hygienekonzepte gelten. Die gro\u00dfen Unterschiede in den Personenzahlen zwischen privat und nicht-privat seien nicht erkl\u00e4rbar. \u201eDie\n vorgeschlagenen \u00c4nderungen w\u00e4ren gleichzeitig ein Beitrag zur Vereinfachung der Regeln, der Transparenz und der Akzeptanzerh\u00f6hung\u201c, so Landrat Brechtel.<\/p>\n\n\n\n<p><em>Kreisverwaltung Germersheim<\/em><br><em>29.06.2020<\/em><\/p>\n\n\n\n<h2 class=\"wp-block-heading\"><strong>Walderlebnispfad Ottersheim &#8211; Projekt der UN Dekade \u201eBiologische Vielfalt\u201c<\/strong><\/h2>\n\n\n\n<div class=\"wp-block-image\"><figure class=\"aligncenter\"><img decoding=\"async\" loading=\"lazy\" width=\"800\" height=\"533\" src=\"https:\/\/speyer24news.com\/wp-content\/uploads\/2020\/06\/Walderlebnispfad-Garrecht_Job_Brechtel.jpg\" alt=\"\" class=\"wp-image-28521\" srcset=\"https:\/\/speyer24news.com\/wp-content\/uploads\/2020\/06\/Walderlebnispfad-Garrecht_Job_Brechtel.jpg 800w, https:\/\/speyer24news.com\/wp-content\/uploads\/2020\/06\/Walderlebnispfad-Garrecht_Job_Brechtel-300x200.jpg 300w, https:\/\/speyer24news.com\/wp-content\/uploads\/2020\/06\/Walderlebnispfad-Garrecht_Job_Brechtel-768x512.jpg 768w\" sizes=\"(max-width: 800px) 100vw, 800px\" \/><figcaption><em>v.l.: <\/em>Kurt Garrecht (Vorsitzender Naturschutzverband S\u00fcdpfalz), Gerald Job (Ortsb\u00fcrgermeister Ottersheim), Dr. Fritz Brechtel (Landrat, Kreis Germersheim)\u00a0 \/\u00a0 Auszeichnung \u2013 Skulptur (Holzbaum)<\/figcaption><\/figure><\/div>\n\n\n\n<p><strong>Ottersheim &#8211; <\/strong>Der Walderlebnispfad Ottersheim des Naturschutzverbandes S\u00fcdpfalz ist offizielles Projekt der UN-Dekade \u201eBiologische Vielfalt\u201c. Dr. Fritz Brechtel, Landrat des Kreises Germersheim, gratulierte zu dieser Auszeichnung und \u00fcberreichte am Freitag die Ernennungsurkunde an Christiane Hilsendegen und Walter Frey. Die beiden engagierten Natursch\u00fctzer haben bereits 2004 den Pfad errichtet und pflegen seither den Weg im Ottersheimer Gemeindewald.<\/p>\n\n\n\n<p>Die Auszeichnung wird an vorbildliche Projekte verliehen, die sich in besonderer Weise f\u00fcr die Erhaltung der biologischen Vielfalt in Deutschland einsetzen. Von Beginn an verfolgten Hilsendegen und Frey einen naturp\u00e4dagogischen Ansatz: So k\u00f6nnen Menschen jeden Alters auf dem knapp zwei Kilometer langen Pfad biologische Vielfalt mit allen Sinnen erfahren und erleben. Hierzu werden Forscher-Rucks\u00e4cke zur Verf\u00fcgung gestellt, die mit zahlreichen Materialien, Lupen oder Ferngl\u00e4sern zur Bestimmung von B\u00e4umen, Pilzen und Insekten best\u00fcckt sind. Ein zu selbstst\u00e4ndigem Handeln motivierender Laufzettel und eine \u201eSuche\u201c-Liste animieren zu forschendem Lernen. Die Pr\u00e4sentations- und Motivationsweise zur Besch\u00e4ftigung mit der biologischen Vielfalt haben die UN-Dekade-Fachjury nachhaltig beeindruckt. Mit diesem vorbildlichen Projekt werde ein \u201edeutliches Zeichen f\u00fcr das Engagement zur Erhaltung biologischer Vielfalt in Deutschland gesetzt\u201c, so die Juroren.<\/p>\n\n\n\n<div class=\"wp-block-image\"><figure class=\"aligncenter\"><img decoding=\"async\" loading=\"lazy\" width=\"800\" height=\"533\" src=\"https:\/\/speyer24news.com\/wp-content\/uploads\/2020\/06\/Walderlebnispfad-Auszeichnung_UN-Dekade.jpg\" alt=\"\" class=\"wp-image-28522\" srcset=\"https:\/\/speyer24news.com\/wp-content\/uploads\/2020\/06\/Walderlebnispfad-Auszeichnung_UN-Dekade.jpg 800w, https:\/\/speyer24news.com\/wp-content\/uploads\/2020\/06\/Walderlebnispfad-Auszeichnung_UN-Dekade-300x200.jpg 300w, https:\/\/speyer24news.com\/wp-content\/uploads\/2020\/06\/Walderlebnispfad-Auszeichnung_UN-Dekade-768x512.jpg 768w\" sizes=\"(max-width: 800px) 100vw, 800px\" \/><figcaption>Der Walderlebnispfad Ottersheim des Naturschutzverbandes S\u00fcdpfalz ist offizielles Projekt der UN-Dekade \u201eBiologische Vielfalt\u201c<\/figcaption><\/figure><\/div>\n\n\n\n<p>Neben der\noffiziellen Urkunde und einem Auszeichnungsschild wurde einen \u201eVielfalt-Baum\u201c\n\u00fcberreicht, der symbolisch f\u00fcr die Naturvielfalt steht. Ab sofort wird das\nProjekt auch auf der Webseite der UN-Dekade in Deutschland unter <a href=\"http:\/\/www.undekade-biologischevielfalt.de\">www.undekade-biologischevielfalt.de<\/a> vorgestellt.\n\n\u201eEin breit verankertes Bewusstsein f\u00fcr den Wert von Biodiversit\u00e4t ist\nein wichtiger Baustein unserer Gesellschaft. Mit der Auszeichnung dieses\nvorbildlichen Projektes wird der Blick nicht nur nach Ottersheim, sondern auch\nauf die Naturvielfalt in unserem Landkreis gelenkt\u201c, freut sich Brechtel \u00fcber\ndie Auszeichnung dieses Modellprojektes.\n\n\n\n<\/p>\n\n\n\n<p><em>Kreisverwaltung Germersheim<\/em><br><em>29.06.2020<\/em><\/p>\n\n\n\n<h2 class=\"wp-block-heading\"><strong>Landrat Brechtel begr\u00fc\u00dft\nEinigung \u00fcber Zweiten Rheinbr\u00fccke <\/strong><\/h2>\n\n\n\n<h3 class=\"wp-block-heading\"><strong>Ein Meilenstein f\u00fcr die weitere Entwicklung unserer gemeinsamen Region<\/strong><\/h3>\n\n\n\n<div class=\"wp-block-image\"><figure class=\"aligncenter\"><img decoding=\"async\" loading=\"lazy\" width=\"800\" height=\"535\" src=\"https:\/\/speyer24news.com\/wp-content\/uploads\/2020\/06\/105698038_1817458101796693_2764825796586862152_o.jpg\" alt=\"\" class=\"wp-image-28520\" srcset=\"https:\/\/speyer24news.com\/wp-content\/uploads\/2020\/06\/105698038_1817458101796693_2764825796586862152_o.jpg 800w, https:\/\/speyer24news.com\/wp-content\/uploads\/2020\/06\/105698038_1817458101796693_2764825796586862152_o-300x201.jpg 300w, https:\/\/speyer24news.com\/wp-content\/uploads\/2020\/06\/105698038_1817458101796693_2764825796586862152_o-768x514.jpg 768w\" sizes=\"(max-width: 800px) 100vw, 800px\" \/><\/figure><\/div>\n\n\n\n<p><strong>W\u00f6rth \/ Karlsruhe &#8211;<\/strong> Landrat Dr. Fritz Brechtel begr\u00fc\u00dft die Einigung der Streitgegner zum Bau der Zweiten Rheinbr\u00fccke.<\/p>\n\n\n\n<p>\u201eDies\nist ein Meilenstein f\u00fcr die weitere Entwicklung unserer gemeinsamen Region\u201c, so\nLandrat Brechtel in einer ersten Stellungnahme.<\/p>\n\n\n\n<p>Demnach\nstimmten die Stadt Karlsruhe, das Land Baden-W\u00fcrttemberg und der Naturschutzverband\nBUND nach der Verhandlung des Verwaltungsgerichtshofs Baden-W\u00fcrttemberg der\ng\u00fctlichen Beilegung auf Vorschlag des Gerichtes zu.<\/p>\n\n\n\n<p>Die\nEinigung sieht f\u00fcr die neue Br\u00fccke zwischen W\u00f6rth und Karlsruhe unter anderem\neinen Geh- und Radweg vor, eine Machbarkeitsstudie f\u00fcr ein neues \u00d6PNV-Konzept\nund verbesserten Naturschutz. Au\u00dferdem soll die neue Br\u00fccke und die Anbindung\nan die B36 gemeinsam in Betrieb genommen werden.<\/p>\n\n\n\n<p>\u201eF\u00fcr\nunsere Region ist diese Einigung die beste Nachricht, die man sich vorstellen\nkann. All diese Vorschl\u00e4ge entsprechen auch unseren Zielen und Beschlusslagen\u201c,\nso der Germersheimer Landrat und Mitglied im Vorstand der TechnologieRegion\nKarlsruhe, Dr. Fritz Brechtel. \u201eDamit ist die Realisierung der dringend\nben\u00f6tigten Zweiten Rheinbr\u00fccke in greifbare N\u00e4he ger\u00fcckt.\u201c <\/p>\n\n\n\n<p>Als\nregelrechten Meilenstein bewertet Landrat Brechtel die Tatsache, dass alle\nBeteiligten vor Gericht sich auf diesen Vorschlag geeinigt haben. \u201eDamit haben\nwir die Chance, dass sich die verschiedenen Meinungsbildner unserer gemeinsame\nRegion, sowohl als S\u00fcdpfalz, aber auch als TechnologieRegion Karlsruhe, vereint\nhinter diesen Vorschlag stellen und gemeinsam an der Realisierung arbeiten,\ndamit wir nicht nur die Verkehrsinfrastruktur verbessern, sondern auch unseren\n\u00d6ffentlichen Personen-Nahverkehr, unsere Radwege, unseren Naturschutz und\ngleichzeitig die Karlsruher B\u00fcrgerinnen und B\u00fcrger bestm\u00f6glichst entlasten. Da\nalle Streitgegner dem Vorschlag des Gerichtes zustimmen, hat diese Einigung das\nPotential, neue, bislang blockierte Kr\u00e4fte in unserer Region freizusetzen und\ngemeinsam im Sinne einer positiven nachhaltigen Entwicklung zu b\u00fcndeln\u201c, so\nLandrat Brechtel. <\/p>\n\n\n\n<p>Der\nLandrat dankt allen Beteiligten f\u00fcr diese Einigung und appelliert an alle, sich\nnun z\u00fcgig f\u00fcr die Umsetzung dieses Vorschlages einzusetzen. \u201eDamit alle in\nnaher Zukunft auch die Chance haben, die positiven Auswirkungen dieses\nVorschlages auch in der Realit\u00e4t zu genie\u00dfen\u201c, so Brechtel abschlie\u00dfend.<\/p>\n\n\n\n<p><em>Kreisverwaltung Germersheim<\/em><br><em>29.06.2020<\/em><\/p>\n\n\n\n<h2 class=\"wp-block-heading\"><strong>Badeverbot am Baggersee Johanniswiesen<\/strong><\/h2>\n\n\n\n<div class=\"wp-block-image\"><figure class=\"aligncenter\"><img decoding=\"async\" loading=\"lazy\" width=\"800\" height=\"600\" src=\"https:\/\/speyer24news.com\/wp-content\/uploads\/2020\/06\/no-swimming-1745399_1920.jpg\" alt=\"\" class=\"wp-image-28519\" srcset=\"https:\/\/speyer24news.com\/wp-content\/uploads\/2020\/06\/no-swimming-1745399_1920.jpg 800w, https:\/\/speyer24news.com\/wp-content\/uploads\/2020\/06\/no-swimming-1745399_1920-300x225.jpg 300w, https:\/\/speyer24news.com\/wp-content\/uploads\/2020\/06\/no-swimming-1745399_1920-768x576.jpg 768w, https:\/\/speyer24news.com\/wp-content\/uploads\/2020\/06\/no-swimming-1745399_1920-678x509.jpg 678w, https:\/\/speyer24news.com\/wp-content\/uploads\/2020\/06\/no-swimming-1745399_1920-326x245.jpg 326w, https:\/\/speyer24news.com\/wp-content\/uploads\/2020\/06\/no-swimming-1745399_1920-80x60.jpg 80w\" sizes=\"(max-width: 800px) 100vw, 800px\" \/><\/figure><\/div>\n\n\n\n<p><strong>Jockgrim &#8211; <\/strong>Die Kreisverwaltung weist daraufhin, dass am Baggersee Johanniswiesen in Jockgrim eine Grenzwert\u00fcberschreitung an Colibakterien festgestellt wurde und damit das Baden im gesamten See verboten ist. <\/p>\n\n\n\n<p>Die Probe wurde vom Gesundheitsamt der Kreisverwaltung vorgenommen.\nDie Analyse der Gew\u00e4sserprobe durch das Landesuntersuchungsamt hat 4074 KBE\/100\nml (koloniebildende Einheiten) ergeben. Der Grenzwert liegt bei 1800 KBE\/100\nml. <\/p>\n\n\n\n<p>Die untere Wasserbeh\u00f6rde des Landkreises Germersheim\nhat die Verbandsgemeinde Jockgrim dar\u00fcber informiert, dass entsprechende\nWarnschilder aufzustellen sind. Das Baden ist an diesem Gew\u00e4sser zurzeit\nverboten.<\/p>\n\n\n\n<p><em>Kreisverwaltung Germersheim<\/em><br><em>29.06.2020<\/em><\/p>\n","protected":false},"excerpt":{"rendered":"<div class=\"mh-excerpt\"><p>Coronavirus &#8211; Fallzahlen Aktuell 18 best\u00e4tigte positive F\u00e4lle im Landkreis Germersheim (Stand 28.&nbsp;Juni&nbsp;2020, Stand 16 Uhr) Die \u00dcbersicht aus dem Landkreis Germersheim: Derzeit positiv getestete Personen: 18 Gesundete Personen: 143 Bislang leider verstorbene Personen: 5 <a class=\"mh-excerpt-more\" href=\"https:\/\/speyer24news.com\/?p=28518\" title=\"Germersheim und Landkreis GER\">[&#8230;]<\/a><\/p>\n<\/div>","protected":false},"author":3,"featured_media":0,"comment_status":"open","ping_status":"open","sticky":false,"template":"","format":"standard","meta":{"_monsterinsights_skip_tracking":false,"_monsterinsights_sitenote_active":false,"_monsterinsights_sitenote_note":"","_monsterinsights_sitenote_category":0,"footnotes":""},"categories":[449],"tags":[7680,6902,6429,6323,6903,210,1668,2380,7675,5569,223,4380,7676,7678,7679],"aioseo_notices":[],"amp_enabled":true,"_links":{"self":[{"href":"https:\/\/speyer24news.com\/index.php?rest_route=\/wp\/v2\/posts\/28518"}],"collection":[{"href":"https:\/\/speyer24news.com\/index.php?rest_route=\/wp\/v2\/posts"}],"about":[{"href":"https:\/\/speyer24news.com\/index.php?rest_route=\/wp\/v2\/types\/post"}],"author":[{"embeddable":true,"href":"https:\/\/speyer24news.com\/index.php?rest_route=\/wp\/v2\/users\/3"}],"replies":[{"embeddable":true,"href":"https:\/\/speyer24news.com\/index.php?rest_route=%2Fwp%2Fv2%2Fcomments&post=28518"}],"version-history":[{"count":1,"href":"https:\/\/speyer24news.com\/index.php?rest_route=\/wp\/v2\/posts\/28518\/revisions"}],"predecessor-version":[{"id":28523,"href":"https:\/\/speyer24news.com\/index.php?rest_route=\/wp\/v2\/posts\/28518\/revisions\/28523"}],"wp:attachment":[{"href":"https:\/\/speyer24news.com\/index.php?rest_route=%2Fwp%2Fv2%2Fmedia&parent=28518"}],"wp:term":[{"taxonomy":"category","embeddable":true,"href":"https:\/\/speyer24news.com\/index.php?rest_route=%2Fwp%2Fv2%2Fcategories&post=28518"},{"taxonomy":"post_tag","embeddable":true,"href":"https:\/\/speyer24news.com\/index.php?rest_route=%2Fwp%2Fv2%2Ftags&post=28518"}],"curies":[{"name":"wp","href":"https:\/\/api.w.org\/{rel}","templated":true}]}}