{"id":28544,"date":"2020-06-30T06:20:29","date_gmt":"2020-06-30T05:20:29","guid":{"rendered":"https:\/\/speyer24news.com\/?p=28544"},"modified":"2020-06-30T06:25:14","modified_gmt":"2020-06-30T05:25:14","slug":"polizei-288","status":"publish","type":"post","link":"https:\/\/speyer24news.com\/?p=28544","title":{"rendered":"Polizei"},"content":{"rendered":"<style type=\"text\/css\">\r\n\t.ads_top_disp{}\r\n\t.ads_top_corner_disp{ float:left; margin:0px 10px 10px 0px; }\r\n\t.ads_first_p_disp{}\r\n\t.ads_bottom_disp{}\r\n\t<\/style>\n<h2 class=\"wp-block-heading\">Polizeimeldungen vom Montag (29.06.2020)<\/h2>\n\n\n\n<div class=\"wp-block-image\"><figure class=\"aligncenter\"><img decoding=\"async\" src=\"https:\/\/speyer24news.com\/wp-content\/uploads\/2020\/01\/Aktuelles-Polizeilogo.jpg\" alt=\"\" class=\"wp-image-23832\"\/><\/figure><\/div>\n\n\n\n<h4 class=\"wp-block-heading\">(Speyer) &#8211; 82-j\u00e4hrige st\u00fcrzt vom Fahrrad<\/h4>\n\n\n\n<p>Am Sonntagvormittag befuhr eine 82-j\u00e4hrige Fahrradfahrerin die Karmeliterstra\u00dfe, in Speyer, in Fahrtrichtung Postplatz. Um einem entgegenkommenden PKW Platz zu machen, wollte sie auf den Gehweg ausweichen. Hierbei kam sie zu Fall und zog sich eine leichte Verletzung im Kopfbereich zu. Schlimmere Verletzungen konnten gl\u00fccklicherweise durch den Fahrradhelm verhindert werden. Die Frau wurde zur weiteren \u00e4rztlichen Behandlung in ein Krankenhaus verbracht. Das Fahrrad blieb unbesch\u00e4digt. <\/p>\n\n\n\n<h4 class=\"wp-block-heading\">(Speyer) &#8211; Topf f\u00e4ngt Feuer<\/h4>\n\n\n\n<p>Am Samstag, den 28.06.2020 kam es gegen 12.40 Uhr auf einer Terrasse eines Anwesens in der Draisstra\u00dfe in Speyer zu einem Topfbrand. Aus noch ungekl\u00e4rter Ursache fing ein erhitzter Topf Feuer und erzeugte eine Stichflamme. Durch die Hitze wurden Teile der Terrasse und ein an der Terrasse geparkter PKW besch\u00e4digt. Der Sachschaden bel\u00e4uft sich derzeit auf mindestens 10.000 Euro. Personen wurde beim dem Ereignis nicht verletzt. Die Kriminalpolizei Ludwigshafen hat die Ermittlungen zur Brandursache aufgenommen. Sachdienliche Hinweise nimmt die Kriminalpolizei Ludwigshafen unter der Telefonnummer 0621\/963-2773 oder per E-Mail <a href=\"mailto:kiludwigshafen.k1.kdd@polizei.rlp.de\">kiludwigshafen.k1.kdd@polizei.rlp.de<\/a> entgegen. <\/p>\n\n\n\n<h4 class=\"wp-block-heading\">(Dudenhofen) &#8211; Mann bedroht Frau und Kinder<\/h4>\n\n\n\n<figure class=\"wp-block-image\"><img decoding=\"async\" src=\"https:\/\/speyer24news.com\/wp-content\/uploads\/2020\/06\/Taser-PI-LU-768x408.jpg\" alt=\"\" class=\"wp-image-28375\"\/><\/figure>\n\n\n\n<p>Nachdem eine 37-j\u00e4hrige Frau, die in Begleitung ihres 10-j\u00e4hrigen Sohnes und dessen gleichaltrigen Freundes, am Sonntag, gegen 18:00 Uhr, von einem Mann angeschrien und bedroht wurde, konnte der 43-j\u00e4hrige Beschuldigte im Dudenhofener Ortskern durch die Polizeibeamten angetroffen werden. Der Mann war sofort verbal aggressiv, drohte den Polizisten mit Schl\u00e4gen, befand sich augenscheinlich in einem psychischen Ausnahmezustand und unter dem Einfluss von Bet\u00e4ubungsmitteln. Nach Ank\u00fcndigung der Gewahrsamnahme wurde er zu Boden gebracht und gefesselt, wogegen er Widerstand leistete, so dass der Taser durch die Beamten eingesetzt wurde. Der Mann wurde dabei nicht verletzt. Ein eingesetzter Beamter wurde leicht verletzt. Im Anschluss wurde der 43-j\u00e4hrge in ein psychiatrisches Krankenhaus verbracht. #<\/p>\n\n\n\n<h4 class=\"wp-block-heading\">(Germersheim) &#8211; Wespenbeseitigung mit Folgen<\/h4>\n\n\n\n<p>Am Montagmittag ist es gegen 12 Uhr in der Robert-Koch-Stra\u00dfe in Germersheim, in einem Einfamilienhaus, zu einem Dachstuhlbrand gekommen. Nach derzeitigen Ermittlungen entstand das Feuer bei dem Versuch ein Wespennest im Dach zu beseitigen. Alle Bewohner konnten sich rechtzeitig in Sicherheit bringen. Die Freiwillige Feuerwehr Germersheim r\u00fcckte aus und l\u00f6schte den Brand. Die genaue Schadensh\u00f6he kann derzeit noch nicht beziffert werden. Ein polizeiliches Ermittlungsverfahren wurde eingeleitet. Nehmen Sie zur Beseitigung von Wespennestern immer Kontakt mit einem Spezialisten auf und erkundigen sich \u00fcber erlaubte und geeignete M\u00f6glichkeiten. <\/p>\n\n\n\n<h4 class=\"wp-block-heading\">(Schweigen-Rechtenbach) &#8211; Waldbr\u00e4nde<\/h4>\n\n\n\n<p>Am vergangenen Samstag wurde gegen 14:30 Uhr ein Waldbrand in der Gemarkung An der Wegscheid gemeldet. Die alarmierte Feuerwehr hatte den Brand rasch gel\u00f6scht. Auf einer Fl\u00e4che von 100 m\u00b2 haben trockene Kiefernnadel und Totholz gebrannt. Da es an gleicher Stelle bereits am Sonntag zuvor, ebenfalls nachmittags, gebrannt hat, geht die Polizei von vors\u00e4tzlichen Brandlegungen aus. Zeugen die am Sonntag, 21. Juni, gegen 14:50 Uhr oder am Samstag, 27.Juni, gegen 14:30 Uhr, verd\u00e4chtige Wahrnehmungen gemacht haben, werden gebeten, sich mit der Polizei in Bad Bergzabern, Tel. 06343 93340, in Verbindung zu setzen. <\/p>\n\n\n\n<h4 class=\"wp-block-heading\">(Neustadt) &#8211; Jugendlicher Ladendieb l\u00f6st Polizeieinsatz aus.<\/h4>\n\n\n\n<p>Mehrere Personen teilten der Polizeiinspektion Neustadt am Montag, 29.06.20, gegen 15.40 Uhr, eine gr\u00f6\u00dfere Schl\u00e4gerei vor einem Drogeriemarkt in der Hauptstra\u00dfe in Neustadt mit. Vor Ort konnten die entsandten Funkstreifen feststellen, dass ein 15-j\u00e4hriger Jugendlicher aus Neustadt in dem Drogeriemarkt diverses Elektronikzubeh\u00f6r entwendet hatte und beim Verlassen des Marktes die Diebstahlsicherung ausl\u00f6ste. Er versuchte zu fl\u00fcchten, wurde jedoch durch mehrere aufmerksame Zeugen verfolgt, gestellt und zur\u00fcck zum Markt gef\u00fchrt. Dies erzielte eine entsprechende \u00d6ffentlickeitswirksamkeit und zu einer Fehlinterpretation der Situation durch die meldenden Personen. Der Jugendliche muss sich nun u.a. wegen Ladendiebstahls mit Waffen verantworten, da in seinem Rucksack ein zugriffsbereites Karambit-Messer aufgefunden wurde. Nach der Sachverhaltsaufnahme wurde der Jugendliche seiner Mutter \u00fcberstellt. <\/p>\n\n\n\n<h4 class=\"wp-block-heading\">(Neustadt) &#8211; Lagerhalle eines Reiterhofes in NW abgebrannt<\/h4>\n\n\n\n<div class=\"wp-block-image\"><figure class=\"aligncenter\"><img decoding=\"async\" loading=\"lazy\" width=\"800\" height=\"601\" src=\"https:\/\/speyer24news.com\/wp-content\/uploads\/2020\/06\/reiterhofnw.jpg\" alt=\"\" class=\"wp-image-28546\" srcset=\"https:\/\/speyer24news.com\/wp-content\/uploads\/2020\/06\/reiterhofnw.jpg 800w, https:\/\/speyer24news.com\/wp-content\/uploads\/2020\/06\/reiterhofnw-300x225.jpg 300w, https:\/\/speyer24news.com\/wp-content\/uploads\/2020\/06\/reiterhofnw-768x577.jpg 768w, https:\/\/speyer24news.com\/wp-content\/uploads\/2020\/06\/reiterhofnw-678x509.jpg 678w, https:\/\/speyer24news.com\/wp-content\/uploads\/2020\/06\/reiterhofnw-326x245.jpg 326w, https:\/\/speyer24news.com\/wp-content\/uploads\/2020\/06\/reiterhofnw-80x60.jpg 80w\" sizes=\"(max-width: 800px) 100vw, 800px\" \/><\/figure><\/div>\n\n\n\n<p>Am Mo., 29.06.2020, wurde um 03.15 Uhr der Vollbrand einer Strohlagerhalle eines Reitvereines in der Branchweilerhofstra\u00dfe in Neustadt gemeldet. Durch zwei Vereinsmitglieder und einer Polizistin konnten die Pferde aus dem Gefahrenbereich gef\u00fchrt werden. Dabei verletzten sich die Tierretter*innen durch die starke Hitzeausstrahlung leicht. Ein \u00dcbergreifen der Flammen auf die benachbarten Stallungen und Lagerhallen konnte durch die ca. 120 Einsatzkr\u00e4fte der Feuerwehr Neustadt\/Wstr. verhindert werden. Neben den eingesetzten drei Streifenbesatzungen der Polizeiinspektion Neustadt waren auch noch 14 Rettungskr\u00e4fte des DRK vor Ort. Die Flammen und Glutnester waren gegen 06.30 Uhr g\u00e4nzlich gel\u00f6scht und die Brandermittler der Kripo NW konnten den Brandort in Augenschein nehmen. Als Brandursache wurde ein technischer Defekt oder eine n\u00e4chtliche Selbstentz\u00fcndung der Strohballen ausgeschlossen. Das Fachkommissariat der Kriminalinspektion NW ermittelt wegen Verdachts der Brandstiftung und sch\u00e4tzt den Sachschaden auf etwa 100.000,- Euro. Sachdienliche Hinweise bitte an die Polizei NW unter 06321\/8540. <\/p>\n\n\n\n<h4 class=\"wp-block-heading\">(Neustadt) &#8211; Verkehrsunfall unter Alkoholeinwirkung<\/h4>\n\n\n\n<div class=\"wp-block-image\"><figure class=\"aligncenter\"><img decoding=\"async\" loading=\"lazy\" width=\"800\" height=\"600\" src=\"https:\/\/speyer24news.com\/wp-content\/uploads\/2020\/06\/UnfallWingertszeile.jpg\" alt=\"\" class=\"wp-image-28545\" srcset=\"https:\/\/speyer24news.com\/wp-content\/uploads\/2020\/06\/UnfallWingertszeile.jpg 800w, https:\/\/speyer24news.com\/wp-content\/uploads\/2020\/06\/UnfallWingertszeile-300x225.jpg 300w, https:\/\/speyer24news.com\/wp-content\/uploads\/2020\/06\/UnfallWingertszeile-768x576.jpg 768w, https:\/\/speyer24news.com\/wp-content\/uploads\/2020\/06\/UnfallWingertszeile-678x509.jpg 678w, https:\/\/speyer24news.com\/wp-content\/uploads\/2020\/06\/UnfallWingertszeile-326x245.jpg 326w, https:\/\/speyer24news.com\/wp-content\/uploads\/2020\/06\/UnfallWingertszeile-80x60.jpg 80w\" sizes=\"(max-width: 800px) 100vw, 800px\" \/><\/figure><\/div>\n\n\n\n<p>Am Sonntagnachmittag, den 28.06.2020, wurde die Polizei Neustadt gegen 17:20 Uhr wegen eines Unfalles auf einem Wirtschaftsweg, entlang der L 532, zwischen Neustadt\/W. und Ha\u00dfloch, hinzugerufen. In einem Wingert gegen\u00fcber den dort befindlichen Schreberg\u00e4rten konnten die Beamten eine Pkw, mitten in einer Wingertszeile steckend, feststellen. Der Unfallverursacher konnte schnell ausfindig gemacht werden. Hierbei handelt es sich um einen 32-j\u00e4hrigen Mann. Dieser r\u00e4umte bereits vor Ort ein nicht im Besitz einer Fahrerlaubnis zu sein und war zudem stark alkoholisiert. Ein vor Ort durchgef\u00fchrter Atemalkoholtest ergab einen Wert von 1,24 Promille. Im berauschten Zustand kam dem Mann offensichtlich die Idee, den Schl\u00fcssel eines Bekannten, der sich ebenfalls auf einer Feier in der Schrebergartenanlage befand, an sich zu nehmen und mit dem Pkw eine Spritztour zu machen. Vermutlich infolge der hohen Alkoholisierung verlor der Mann w\u00e4hrend der Fahrt die Kontrolle \u00fcber das Fahrzeug und kam nach rechts von dem Wirtschaftsweg ab. Bei seinem kurzen Ausflug &#8222;ins Gr\u00fcne&#8220; durchquerte er insgesamt acht Wingertszeilen, die dabei zum Teil besch\u00e4digt wurden. Der Schaden bel\u00e4uft sich auf gesch\u00e4tzte 4.000 EUR. Der Fahrer blieb unverletzt und wurde im Nachgang zur Unfallaufnahme zur Dienststelle verbracht. Nach R\u00fccksprache mit dem Bereitschaftsstaatsanwalt wurde ihm eine Blutprobe entnommen. <\/p>\n\n\n\n<h4 class=\"wp-block-heading\">(Bad D\u00fcrkheim) &#8211; Nicht verschlossener PKW<\/h4>\n\n\n\n<p>Am 29.06.2020 konnte im Rahmen der Streife in der Bruchstra\u00dfe hinter der Tankstelle ein abgestellter PKW VW Golf festgestellt werden. Der PKW wies Unfallsch\u00e4den auf, weshalb er n\u00e4her in Augenschein genommen wurde. Die Unfallspuren waren offensichtlich schon \u00e4lter. Zudem wurde festgestellt, dass der PKW nicht verschlossen war und der Z\u00fcndschl\u00fcssel im Z\u00fcndschloss steckte. Der im Handschuhfach aufgefundene Fahrzeugschein und die Fahrzeugschl\u00fcssel wurden sichergestellt, der PKW verschlossen. Warum das Fahrzeug eines 69-j\u00e4hirgen Halters aus der S\u00fcdpfalz dort stand, konnte bislang noch nicht ermittelt werden. <\/p>\n\n\n\n<h4 class=\"wp-block-heading\">(Bad D\u00fcrkheim) &#8211; Rucksack gestohlen<\/h4>\n\n\n\n<p>Am 28.06.2020 wurde ein Geldbeutel, der im Rahmen eines Rucksackdiebstahls entwendet wurde, auf einer Bank am Ortseingang Wachenheim aufgefunden. Der 22-j\u00e4hrige Gesch\u00e4digte, hatte seinen Rucksack samt Geldbeutel und Dokumenten am 21.06.2020 an der Schwimmwiese in Wachenheim, auf H\u00f6he des Schwimmbades, abends vergessen. Der Rucksack wurde dann durch bislang unbekannt T\u00e4ter entwendet. Die Nachschau vor Ort und Nachfrage bei den Fundb\u00fcros in Wachenheim und Bad D\u00fcrkheim verliefen negativ. Als seine Nachbarin nun zuf\u00e4llig den Geldbeutel auf einer Bank am Ortseingang Wachenheim fand, waren noch alle pers\u00f6nlichen Dokumente vorhanden. Nur der Rucksack und 30,- Euro Bargeld sind nicht wieder aufgetaucht. Die Polizei Bad D\u00fcrkheim bittet um Hinweise unter 06322 963 0 oder per E-Mail an <a href=\"mailto:pibadduerkheim@polizei.rlp.de\">pibadduerkheim@polizei.rlp.de<\/a><\/p>\n\n\n\n<h4 class=\"wp-block-heading\">(Ellerstadt) &#8211; Erneut Weinbl\u00e4tter Ziel eines Diebstahls<\/h4>\n\n\n\n<p>Am 28.06.2020 kam es in Ellerstadt im Trifelring erneut zu einem Diebstahl von Weinbergbl\u00e4ttern. Eine 48-j\u00e4hirge Mannheimerin konnte in den Weinbergen in der Verl\u00e4ngerung des Trifelsrings in Ellerstadt angetroffen und einer Personenkontrolle unterzogen werden. Sie f\u00fchrte eine Tasche mit sich, in der sich Weinbl\u00e4tter befanden. Nach erfolgter Belehrung lie\u00df die die bereits gepfl\u00fcckten Bl\u00e4tter vor Ort und ging in Richtung RHB-Haltestelle davon. Welches Weingut gesch\u00e4digt ist muss noch ermittelt werden. Gegen die Frau wird nun wegen Diebstahls ermittelt. <\/p>\n\n\n\n<h4 class=\"wp-block-heading\">(Weisenheim am Sand) &#8211; Herrenloses Pferd unterwegs<\/h4>\n\n\n\n<p>Am 28.06.2020 gegen 03:20 Uhr wurde durch Anwohner in Weisenheim am Sand, im Bereich des Penny-Marktes, ein herrenloses Pferd beobachtet. Das Pferd konnte durch die eingesetzte Streifenbesatzung aufgefunden und durch den alarmierten 58-j\u00e4hrigen Besitzer unverletzt eingefangen werden. Aufgrund der Uhrzeit kam es zu keinen Verkehrsbeeintr\u00e4chtigungen. <\/p>\n\n\n\n<h4 class=\"wp-block-heading\">(Frankenthal) &#8211; Verkehrsunfallflucht Meergartenweg<\/h4>\n\n\n\n<p>Ein 42-j\u00e4hriger Pkw-Fahrer parkte am 28.06.20 gegen 16:50 Uhr seinen schwarzen Ford Focus auf dem Parkplatz des Kleingartenvereins im Meergartenweg in Frankenthal. Als er gegen 21:00 Uhr zu seinem Fahrzeug zur\u00fcckkehrte, stellte er einen frischen Unfallschaden an der rechten Fahrzeugseite fest. Der Schaden d\u00fcrfte sich auf mindestens 1000 EUR belaufen. Die Polizei sucht Zeugen des Unfalles. <\/p>\n\n\n\n<h4 class=\"wp-block-heading\">(Ludwigshafen) &#8211; Baustellencontainer aufgebrochen<\/h4>\n\n\n\n<p>Unbekannte brachen Sonntagnacht (28.06.2020), gegen 23 Uhr im mehrere Baucontainer im Bereich der Rheinpromenade ein. Ob Gegenst\u00e4nde aus den Containern entwendet wurden, wird derzeit noch ermittelt. Der\/die Unbekannte entkam\/en unerkannt. Sachdienliche Hinweise bitte an die Polizeiinspektion Ludwigshafen 1, Telefonnummer 0621 963-2122 oder per E-Mail <a href=\"mailto:piludwigshafen1@polizei.rlp.de\">piludwigshafen1@polizei.rlp.de<\/a> . <\/p>\n\n\n\n<h4 class=\"wp-block-heading\">(Ludwigshafen) &#8211; Badeunfall mit t\u00f6dlichem Ausgang<\/h4>\n\n\n\n<figure class=\"wp-block-image\"><img decoding=\"async\" src=\"https:\/\/speyer24news.com\/wp-content\/uploads\/2020\/06\/Ruhe-in-Frieden.jpg\" alt=\"\" class=\"wp-image-27813\"\/><\/figure>\n\n\n\n<p>Am Sonntag (28.06.2020), gegen 12 Uhr, wurde eine leblose Person im Abelweiher in Ludwigshafen aufgefunden. Hierbei handelte sich um einen 56-j\u00e4hrigen Mann aus Ludwigshafen. Zur Kl\u00e4rung der Todesursache wird der Verstorbene im Laufe der Woche obduziert. Derzeit ergeben sich keine Hinweise auf ein Fremdverschulden. <\/p>\n\n\n\n<h4 class=\"wp-block-heading\">(Ludwigshafen) &#8211; Einbruch in Freibad fehlgeschlagen<\/h4>\n\n\n\n<p>Unbekannte versuchten in der Nacht von Samstag (27.06.2020) auf Sonntag (28.06.2020), zwischen 19.30 Uhr und 6 Uhr in das Willersinn-Freibad im Bereich des Strandweges einzubrechen. Der\/die T\u00e4ter scheiterte\/n an der Eingangst\u00fcr und gelangte\/n somit nicht in den Kassenbereich. Es entstand lediglich Sachschaden. Sachdienliche Hinweise bitte an die Polizeiinspektion Ludwigshafen 1, Telefonnummer 0621 963-2122 oder per E-Mail <a href=\"mailto:piludwigshafen1@polizei.rlp.de\">piludwigshafen1@polizei.rlp.de<\/a> . <\/p>\n\n\n\n<h4 class=\"wp-block-heading\">(Ludwigshafen) &#8211; Dampfstrahlautomat aufgebrochen \/ M\u00fcnzgeld entwendet<\/h4>\n\n\n\n<p>Unbekannte brachen in der Nacht von Samstag (27.06.2020) auf Sonntag (28.06.2020) einen Automaten an einer Tankstelle im Bereich der Sternstra\u00dfe auf. Hierbei wurde das Vorh\u00e4ngeschloss besch\u00e4digt, um somit an den Inhalt zu gelangen. In dem Dampfstrahlautomaten befand sich M\u00fcnzgeld in noch unbekannter H\u00f6he. Sachdienliche Hinweise bitte an die Polizeiinspektion Ludwigshafen 1, Telefonnummer 0621 963-2122 oder per E-Mail <a href=\"mailto:piludwigshafen1@polizei.rlp.de\">piludwigshafen1@polizei.rlp.de<\/a> .<\/p>\n\n\n\n<h4 class=\"wp-block-heading\">(Ludwigshafen) &#8211; Hochwertiges Werkzeug gestohlen<\/h4>\n\n\n\n<p>Unbekannte brachen in der Nacht von Samstag (27.06.2020) auf Sonntag (28.06.2020) einen LKW auf und entwendeten Werkzeug im Gesamtwert von 6000 Euro. Darunter befanden sich auch eine Kreiss\u00e4ge und Bohrmaschinen. Der LKW war im Tatzeitraum im Bereich der August-Heller-Stra\u00dfe geparkt. Sachdienliche Hinweise bitte an die Polizeiinspektion Ludwigshafen 1, Telefonnummer 0621 963-2122 oder per E-Mail <a href=\"mailto:piludwigshafen1@polizei.rlp.de\">piludwigshafen1@polizei.rlp.de<\/a> . <\/p>\n\n\n\n<h4 class=\"wp-block-heading\">(Ludwigshafen) &#8211; Brand und Sachbesch\u00e4digung an Bar<\/h4>\n\n\n\n<p>Unbekannte versuchten bereits am Freitag (26.06.2020), zwischen 0 Uhr und 9.30 Uhr, mittels einem Steinbrocken die gl\u00e4serne Eingangst\u00fcr einer Bar in der Dammstra\u00dfe zu besch\u00e4digen. Hierbei wurde die Glasscheibe erheblich besch\u00e4digt. Durch die Tat entstand ein Sachschaden in H\u00f6he von 3000 Euro. Heute (29.06.2020), um 5.18 Uhr, wurde der Polizei ein Brand im Eingangsbereich der Bar gemeldet. Beim Eintreffen der Polizei hatte die Feuerwehr den Brand bereits unter Kontrolle und konnte diesen schlie\u00dflich l\u00f6schen. Durch den Brand entstand ein Sachschaden in noch unbekannter H\u00f6he. Die Polizei geht derzeit von Brandstiftung aus. Ob es einen Tatzusammenhang zwischen dem Ereignis am Freitag und dem heutigen Brand gibt, ermittelt derzeit die Kriminalpolizei. Personen wurden bei dem Brand nicht verletzt. Sachdienliche Hinweise nimmt die Kriminalpolizei Ludwigshafen unter der Telefonnummer 0621\/963-2773 oder per E-Mail <a href=\"mailto:kiludwigshafen.k1.kdd@polizei.rlp.de\">kiludwigshafen.k1.kdd@polizei.rlp.de<\/a> entgegen. <\/p>\n\n\n\n<h4 class=\"wp-block-heading\">(Mannheim-Wohlgelegen) &#8211; Unfallflucht \/ Polizei sucht Zeugen<\/h4>\n\n\n\n<p>Einen Unfall verursachte am Sonntagabend ein unbekannter Autofahrer im Stadtteil Wohlgelegen. Der Unbekannte wartete kurz vor 20 Uhr mit seinem Auto an der roten Ampel des Linksabbiegerstreifens in H\u00f6he der Einfahrt zum Areal des Klinikums Mannheim. Zur gleichen Zeit wartete eine 70-j\u00e4hrige Frau mit ihrem Mercedes bei Rotlicht auf dem Rechtsabbiegerstreifen an der Ausfahrt des Klinikums, um in Richtung Feudenheim weiterzufahren. Beide Beteiligten gaben an, bei Gr\u00fcnlicht losgefahren zu sein. Die 70-J\u00e4hrige fuhr daraufhin auf die linke Fahrspur in Richtung Feudenheim. Der Unbekannte fuhr schlie\u00dflich ebenfalls in Richtung Feudenheim und wollte ebenfalls auf die rechte Fahrspur in Richtung Feudenheim fahren. Die Fahrerin des Mercedes wich nach rechts aus und stie\u00df dabei gegen ein Stra\u00dfenschild. Der unbekannte Autofahrer beschleunigte sein Fahrzeug und setzte seinen Weg, ohne anzuhalten, fort. Es entstand Sachschaden in H\u00f6he von rund 4.000 Euro. Zur einer Ber\u00fchrung der beiden Fahrzeuge war es nicht gekommen. <\/p>\n\n\n\n<p>Bei dem unbekannten Fahrzeug soll es sich um einen wei\u00df-beigen Pkw mit Steilheck und HD-Kennzeichen gehandelt haben. <\/p>\n\n\n\n<p>Zeugen, die den Unfall beobachtet haben und sachdienliche Hinweise zum fl\u00fcchtigen Fahrzeug und dessen Fahrer geben k\u00f6nnen, werden gebeten, sich bei der Verkehrspolizei Mannheim, Tel.: 0621\/174-4222 zu melden. <\/p>\n\n\n\n<h4 class=\"wp-block-heading\">(Mannheim-Wohlgelegen) &#8211; Erneut Farbschmierereien festgestellt \/ Polizei sucht Zeugen<\/h4>\n\n\n\n<p>Am Samstagmittag gegen 12.15 Uhr, wurden erneut Farbschmierereien festgestellt, die eine die Polizei verunglimpfende Darstellung zeigen. Unbekannte spr\u00fchten diese in der R\u00f6ntgenstra\u00dfe auf einen Kleidercontainer an der Zufahrt zum Parkplatz am Gasthaus MaRuBa auf. Hierbei handelt es sich um die mittlerweile f\u00fcnfte Schmiererei dieser Art. Das Motiv, auf das erstmals ein Fu\u00dfg\u00e4nger am 24.05.2020 in Mannheim-Neckarau, in der Unterf\u00fchrung zur Angelstra\u00dfe aufmerksam wurde, ist in allen F\u00e4llen identisch und wurde offensichtlich mit Hilfe einer Schablone aufgebracht. Zwischenzeitlich war dieses Geschmiere auch am Morgen des 26.06.2020 am Paul-Martin-Ufer im Stadtteil Neuostheim, am Fahrradweg &#8218;Alte Riedbahnbr\u00fccke&#8216; und am Morgen des 27.06.2020 in der Hauptstra\u00dfe 81-83, an der R\u00fcckseite des EDEKA Marktes im Stadtteil Feudenheim festgestellt. Der durch die Beseitigung entstandene Schaden ist bislang nicht bekannt. Zeugen, die verd\u00e4chtige Wahrnehmungen gemacht haben und sachdienliche Hinweise zu den Urhebern der Schmierereien geben k\u00f6nnen, werden gebeten, sich beim Kriminaldauerdienst der Kriminalpolizeidirektion Heidelberg, Tel.: 0621\/174-4444 zu melden. <\/p>\n\n\n\n<h4 class=\"wp-block-heading\">(Mannheim-Luzenberg) &#8211; Exhibitionist bel\u00e4stigt M\u00e4dchen \/ Zeugen gesucht!<\/h4>\n\n\n\n<figure class=\"wp-block-image\"><img decoding=\"async\" loading=\"lazy\" width=\"801\" height=\"600\" src=\"https:\/\/speyer24news.com\/wp-content\/uploads\/2020\/05\/Zeugen-gesucht-Neutral.jpg\" alt=\"\" class=\"wp-image-26598\" srcset=\"https:\/\/speyer24news.com\/wp-content\/uploads\/2020\/05\/Zeugen-gesucht-Neutral.jpg 801w, https:\/\/speyer24news.com\/wp-content\/uploads\/2020\/05\/Zeugen-gesucht-Neutral-300x225.jpg 300w, https:\/\/speyer24news.com\/wp-content\/uploads\/2020\/05\/Zeugen-gesucht-Neutral-768x575.jpg 768w, https:\/\/speyer24news.com\/wp-content\/uploads\/2020\/05\/Zeugen-gesucht-Neutral-678x509.jpg 678w, https:\/\/speyer24news.com\/wp-content\/uploads\/2020\/05\/Zeugen-gesucht-Neutral-326x245.jpg 326w, https:\/\/speyer24news.com\/wp-content\/uploads\/2020\/05\/Zeugen-gesucht-Neutral-80x60.jpg 80w\" sizes=\"(max-width: 801px) 100vw, 801px\" \/><\/figure>\n\n\n\n<p>Am Sonntagabend wurden zwei 15 und 17 Jahre alte M\u00e4dchen gegen 20:30 Uhr in der Stolberger Stra\u00dfe durch einen bislang unbekannten Exhibitionisten bel\u00e4stigt. Die beiden M\u00e4dchen liefen in der Stra\u00dfe an einer Hofeinfahrt vorbei, als ein dort stehender Mann ohne Oberbekleidung seine Hose herunterlie\u00df und an seinem erigierten Geschlechtsteil manipulierte. Trotz einer sofort eingeleiteten Funkfahndung konnte der Mann bislang nicht ermittelt werden. <\/p>\n\n\n\n<p>Der Mann wird wie folgt beschrieben: <\/p>\n\n\n\n<ul><li>ca. 30 Jahre alt <\/li><li>gro\u00dfe und d\u00fcnne Statur <\/li><li>kein Barttr\u00e4ger <\/li><li>helle kurze Haare <\/li><li>bekleidet mit einer dreiviertel-Hose, oberk\u00f6rperfrei <\/li><\/ul>\n\n\n\n<p>Das Kriminalkommissariat Mannheim sucht Zeugen, die sachdienliche Hinweise zu dem Vorfall geben k\u00f6nnen. Die Hinweise k\u00f6nnen unter der Rufnummer 0621\/174-4444 abgegeben werden. <\/p>\n\n\n\n<h4 class=\"wp-block-heading\">(Mannheim-Waldhof) &#8211; 54-j\u00e4hriger Mann wegen des Verdachts des Handeltreibens mit Bet\u00e4ubungsmitteln in nicht geringer Menge in Haft<\/h4>\n\n\n\n<h4 class=\"wp-block-heading\">Gemeinsame Pressemitteilung der Staatsanwaltschaft Mannheim und des Polizeipr\u00e4sidiums Mannheim <\/h4>\n\n\n\n<figure class=\"wp-block-image\"><img decoding=\"async\" src=\"https:\/\/speyer24news.com\/wp-content\/uploads\/2020\/03\/Zelle.jpg\" alt=\"\" class=\"wp-image-25718\"\/><\/figure>\n\n\n\n<p>Auf Antrag der Staatsanwaltschaft Mannheim wurde durch das Amtsgericht Mannheim Haftbefehl gegen einen 54-j\u00e4hrigen Mann t\u00fcrkischer Staatsangeh\u00f6rigkeit erlassen. Er steht im dringenden Verdacht, seit mindestens November 2019 im Stadtgebiet von Mannheim einen schwunghaften Handel mit Heroin und Kokain betrieben zu haben. <\/p>\n\n\n\n<p>Im Rahmen eines Ermittlungsverfahrens der Ermittlungsgruppe Rauschgift wurde bekannt, dass der Tatverd\u00e4chtige mutma\u00dflich mehrere Personen als Kuriere einsetzte, die f\u00fcr ihn die Bet\u00e4ubungsmittel gewinnbringend ver\u00e4u\u00dferten, wobei geringe Mengen dem Eigenkonsum dienten. Nach umfangreichen Ermittlungen wurde am 25.06.2020 ein Durchsuchungsbeschluss gegen den Tatverd\u00e4chtigen an dessen Wohnanschrift vollstreckt. <\/p>\n\n\n\n<p>Hierbei fanden die Ermittler etwa 100 Gramm Heroin, 45 Gramm Kokain, diverse Konsum-\/ und Verpackungsmaterialien sowie \u00fcber 500 Euro mutma\u00dfliches Dealgeld. <\/p>\n\n\n\n<p>Durch die Staatsanwaltschaft Mannheim wurde beim Amtsgericht Mannheim Haftbefehl gegen den Tatverd\u00e4chtigen wegen Flucht- und Verdunkelungsgefahr erwirkt. <\/p>\n\n\n\n<p>Er wurde am Freitag, den 26.06.2020, dem Haft- und Ermittlungsrichter beim Amtsgericht Mannheim vorgef\u00fchrt. Nach der Er\u00f6ffnung des Haftbefehls wurde er in eine Justizvollzugsanstalt eingeliefert. <\/p>\n\n\n\n<p>Die Ermittlungen von Staatsanwaltschaft Mannheim und Ermittlungsgruppe Rauschgift dauern an.<\/p>\n\n\n\n<h4 class=\"wp-block-heading\">(Mannheim-Neckarau) &#8211; Verkehrsunfall zwischen Lastwagen und Stra\u00dfenbahn<\/h4>\n\n\n\n<h4 class=\"wp-block-heading\" style=\"text-align:center\">Pressemeldung Nr. 1<\/h4>\n\n\n\n<p>Zu einem Verkehrsunfall zwischen einem Lkw und einer Stra\u00dfenbahn kam es am Montagmorgen im Stadtteil Neckarau. Gegen 10.30 Uhr waren ein Sattelzug und eine Stra\u00dfenbahn in der Neckarauer Stra\u00dfe, zwischen Niederfeldstra\u00dfe und Lettestra\u00dfe, zusammengesto\u00dfen. Hierbei entgleiste die Stra\u00dfenbahn und steht seither teilweise auf der stadteinw\u00e4rts f\u00fchrenden Fahrbahn. Die Neckarauer Stra\u00dfe in Fahrtrichtung Mannheim-Innenstadt ist derzeit ab der Voltastra\u00dfe voll gesperrt. Der Verkehr wird \u00f6rtlich abgeleitet. \u00dcber verletzte Personen ist derzeit nichts bekannt. Vorsorglich sind mehrere Rettungsfahrzeuge an der Unfallstelle eingesetzt. Die Ma\u00dfnahmen der Unfallaufnahme dauern derzeit noch an. <\/p>\n\n\n\n<h4 class=\"wp-block-heading\">(Mannheim-Neckarau) &#8211; Verkehrsunfall zwischen Lastwagen und Stra\u00dfenbahn \/ Neun Verletzte, davon eine Person schwer &#8211; Vollsperrung Neckarauer Stra\u00dfe<\/h4>\n\n\n\n<h4 class=\"wp-block-heading\" style=\"text-align:center\">Pressemeldung Nr. 2<\/h4>\n\n\n\n<p>Bei einem Verkehrsunfall zwischen einem niederl\u00e4ndischen Sattelzug und einer Stra\u00dfenbahn am Montagmorgen gegen 10.30 Uhr in der Neckarauer Stra\u00dfe, zwischen Niederfeldstra\u00dfe und Lettestra\u00dfe, wurden insgesamt neun Personen verletzt. Davon erlitt der Fahrer des Sattelzuges schwere Verletzungen, er wurde nach der medizinischen Erstversorgung an der Unfallstelle in eine Klinik eingeliefert. Durch den Zusammenprall entgleiste die Stra\u00dfenbahn, die Neckarauer Stra\u00dfe ist derzeit w\u00e4hrend der Unfallaufnahme und den Bergungsarbeiten in beide Richtungen voll gesperrt, der Verkehr wird \u00f6rtlich umgeleitet. Die Berufsfeuerwehr Mannheim ist ebenfalls mit schwerem Ger\u00e4t vor Ort im Einsatz. <\/p>\n\n\n\n<h4 class=\"wp-block-heading\">(Mannheim-Neckarau) &#8211; Verkehrsunfall zwischen Lastwagen und Stra\u00dfenbahn<\/h4>\n\n\n\n<h4 class=\"wp-block-heading\" style=\"text-align:center\">Pressemeldung Nr. 3<\/h4>\n\n\n\n<p>Wie bereits berichtet, ereignete sich am Montagvormittag in der Neckarauer Stra\u00dfe in Mannheim ein schwerer Verkehrsunfall, bei dem ein Sattelzug und eine Stra\u00dfenbahn beteiligt waren. <\/p>\n\n\n\n<p>Nach derzeitigem Stand der Ermittlungen wollte der Fahrer des Sattelzugs in H\u00f6he der Niederfeldstra\u00dfe verbotswidrig wenden. Beim \u00dcberqueren der Gleise kam es zur Kollision mit der Stra\u00dfenbahn. Der Sattelzug wurde anschlie\u00dfend rund 50 Meter mit der Stra\u00dfenbahn mitgezogen. <\/p>\n\n\n\n<p>Der Fahrer des Sattelzugs erlitt lebensgef\u00e4hrliche Verletzungen und wurde zur Behandlung in ein Krankenhaus eingeliefert, wo er sich einer Notoperation unterziehen musste. <\/p>\n\n\n\n<p>Die Stra\u00dfenbahn musste durch ein Kranfahrzeug der Feuerwehr wieder in die Gleise gehoben und anschlie\u00dfend ins Depot geschoben werden. Der Sachschaden wird auf rund 700.000 Euro gesch\u00e4tzt. Auslaufende Betriebsstoffe wurden zun\u00e4chst durch die Feuerwehr abgestreut, im Anschluss an die Unfallaufnahme und Bergungsarbeiten wurde die Fahrbahn durch eine Fachfirma gereinigt. Die Ladung des Sattelzugs, darunter mehrere Paletten mit Gefahrgut, musste zum Weitertransport umgeladen werden. <\/p>\n\n\n\n<p>Bis ca. 14.15 Uhr war die stadteinw\u00e4rts f\u00fchrende Fahrbahn der Neckarauer Stra\u00dfe voll gesperrt. Derzeit wird der Verkehr einspurig an der Unfallstelle vorbeigef\u00fchrt, die Aufr\u00e4umarbeiten, sowie die Unfallermittlungen der Verkehrspolizei Mannheim dauern an. <\/p>\n\n\n\n<h4 class=\"wp-block-heading\">(Heidelberg) &#8211; 39-j\u00e4hriger Mann wegen des Verdachts des besonders schweren Falls des Diebstahls in Haft<\/h4>\n\n\n\n<h4 class=\"wp-block-heading\">Gemeinsame Pressemitteilung der Staatsanwaltschaft Heidelberg und des Polizeipr\u00e4sidiums Mannheim: <\/h4>\n\n\n\n<div class=\"wp-block-image\"><figure class=\"aligncenter\"><img decoding=\"async\" src=\"https:\/\/speyer24news.com\/wp-content\/uploads\/2020\/03\/Zelle.jpg\" alt=\"\" class=\"wp-image-25718\"\/><\/figure><\/div>\n\n\n\n<p>Auf Antrag der Staatsanwaltschaft Heidelberg wurde durch das Amtsgericht Heidelberg Untersuchungshaftbefehl gegen einen 39-j\u00e4hrigen Mann erlassen. Dieser steht im dringenden Verdacht, am Samstagnachmittag in der Heidelberger Altstadt innerhalb von nur 30 Minuten gleich drei Ladendiebst\u00e4hle begangen zu haben. <\/p>\n\n\n\n<p>Der Beschuldigte soll zwischen 15.30 Uhr und 16.00 Uhr dreimal ein Elektronikfachgesch\u00e4ft in einem Einkaufszentrum in der Sofienstra\u00dfe betreten haben und dabei insgesamt zehn Mobiltelefone, sowie eine Smartwatch im Wert von \u00fcber 4.200 Euro entwendet haben. Dabei benutzte er eine pr\u00e4parierte Tasche, um ein Ausl\u00f6sen der Diebstahlsicherung zu verhindern. <\/p>\n\n\n\n<p>Auf Antrag der Staatsanwaltschaft Heidelberg wurde Untersuchungshaftbefehl gegen den Mann erlassen. Er wurde nach der Vorf\u00fchrung bei der Haft- und Ermittlungsrichtern und Er\u00f6ffnung des Haftbefehls in eine Justizvollzugsanstalt eingeliefert. <\/p>\n\n\n\n<p>Die Ermittlungen der Staatsanwaltschaft Heidelberg und des Polizeireviers Heidelberg-Mitte dauern an. <\/p>\n\n\n\n<h4 class=\"wp-block-heading\">(Heidelberg-Altstadt) &#8211; Schl\u00e4gerei zwischen zwei Personengruppen \/ 19-J\u00e4hriger soll mit Messer bedroht worden sein<\/h4>\n\n\n\n<p>Am Sonntagmorgen gegen 3 Uhr gerieten in der Hauptstra\u00dfe in H\u00f6he des Theaterplatzes zwei Personengruppen, \u00fcberwiegend aus Heidelberg und Mannheim, mit insgesamt 13 Beteiligen im Alter zwischen 18 und 22 Jahren aus unbekannten Gr\u00fcnden in Streit. Nachdem zun\u00e4chst verbal gestritten wurde, soll im weiteren Verlauf ein 19-j\u00e4hriger Tatverd\u00e4chtiger ein Messer gez\u00fcckt und von einem Gleichaltrigen Geld und Zigaretten gefordert haben. Kurz darauf kam es zu t\u00e4tlichen Auseinandersetzungen zwischen den Gruppierungen. Die Polizei konnte die Personalien der Beteiligten feststellen. Bei der Durchsuchung des 19-J\u00e4hrigen wurde in seiner Jackentasche ein Messer aufgefunden und sichergestellt. Gegen den Tatverd\u00e4chtigen wird nun wegen des Versuchs der schweren r\u00e4uberischen Erpressung ermittelt. Die Ermittlungen wegen K\u00f6rperverletzung hat das Polizeirevier Heidelberg-Mitte \u00fcbernommen. <\/p>\n\n\n\n<h4 class=\"wp-block-heading\">(Heidelberg-Ziegelhausen) &#8211; Auto aufgebrochen und Baumaschinen entwendet \/ Zeugen gesucht<\/h4>\n\n\n\n<p>Im Zeitraum von Samstag, 13 Uhr bis Sonntagmittag, 12 Uhr wurde ein in der Peterstaler Stra\u00dfe, n\u00f6rdlich des Kreuzgrundweg, abgestelltes Auto aufgebrochen und daraus mehrere Baumaschinen der Marke Stihl entwendet. Die ersten Ermittlungen ergaben, dass das rechte hintere Fenster aufgehebelt wurde. Die exakte H\u00f6he des Diebstahlsschadens steht noch nicht fest. Zeugen, die verd\u00e4chtige Beobachtungen gemacht haben, werden gebeten, sich unter Telefon 06221\/45690 beim Polizeirevier Heidelberg-Nord zu melden. <\/p>\n\n\n\n<h4 class=\"wp-block-heading\">(Schwetzingen \/ A 6 \/ Rhein-Neckar-Kreis) &#8211; Bei Fahrzeugkontrolle Drogen entdeckt \/ Fahrer unter Drogeneinfluss<\/h4>\n\n\n\n<p>Am Samstagabend kontrollierten Beamte der Verkehrspolizei Walldorf gegen 19 Uhr einen niederl\u00e4ndischen Pkw auf der Tank- und Rastanlage Hockenheim-West und stellten dabei fest, dass der Fahrer unter Drogeneinfluss stand und seine 4 Mitfahrer Bet\u00e4ubungsmittel bei sich f\u00fchrten. W\u00e4hrend der Verkehrskontrolle ergaben sich drogenkonsumtypische Auff\u00e4lligkeiten bei dem 20-J\u00e4hrigen, die durch einen Urintest best\u00e4tigt wurden. Aus diesem Grund wurde ihm sp\u00e4ter auf der Dienststelle eine Blutprobe entnommen. Bei der weiteren Durchsuchung des Reisegep\u00e4cks und des Fahrzeugs fanden die Beamten kleinere Mengen Kokain und Haschisch. Die Personen wurden nach Zahlung einer Sicherheitsleistung entlassen, m\u00fcssen aber nun mit Ermittlungsverfahren wegen des unerlaubten Besitzes von Bet\u00e4ubungsmitteln rechnen. <\/p>\n\n\n\n<h4 class=\"wp-block-heading\">(Schwetzingen \/ Rhein-Neckar-Kreis) &#8211; Fu\u00dfg\u00e4nger bei Verkehrsunfall leicht verletzt \/ Zeugen gesucht<\/h4>\n\n\n\n<p>Bereits am Freitagmorgen, 19. Juni ereignete sich in Schwetzingen ein Verkehrsunfall, bei dem ein Fu\u00dfg\u00e4nger leicht verletzt wurde. Er wollte in der Carl-Theodor-Stra\u00dfe, in H\u00f6he eines Einkaufszentrums die Fahrbahn \u00fcberqueren. Dabei \u00fcbersah er offenbar den M\u00fclltransporter eines 29-J\u00e4hrigen. Er wurde von der vorderen Fahrzeugseite des M\u00fcllfahrzeugs erfasst und erlitt hierbei leichte Verletzungen. Er wurde vorsorglich in ein Krankenhaus eingeliefert. Da der Unfallhergang bislang nicht abschlie\u00dfend gekl\u00e4rt werden konnte, sucht die Polizei Zeugen, die den Unfall beobachtet haben und sachdienliche Angaben zum Ablauf gegen k\u00f6nnen. Diese werden gebeten, sich beim Polizeirevier Schwetzingen, Tel.: 06202\/288-0 zu melden. <\/p>\n\n\n\n<h4 class=\"wp-block-heading\">(Ketsch \/ Rhein-Neckar-Kreis) &#8211; 21-J\u00e4hriger geht auf Polizeibeamte los<\/h4>\n\n\n\n<p>In Ketsch leistete am Samstagabend ein 21-j\u00e4hriger Mann Widerstand gegen Polizeibeamte und griff sie t\u00e4tlich an. Mehrere Anwohner beschwerten sie gegen 23 Uhr wegen fortgesetzter Ruhest\u00f6rungen ausgehend von einer Gartenparty im Hohwiesenweg. Durch die einschreitenden Beamten sollte die Musikanlage abgebaut werden, um weitere St\u00f6rungen zu verhindern und die Nachtruhe der Anwohner wieder herzustellen. Dies brachte einen Partygast derart in Rage, dass er die Polizeibeamten t\u00e4tlich anging. Er versuchte, durch Wegrei\u00dfen und Wegsto\u00dfen die Polizisten daran hindern, die Anlage tats\u00e4chlich abzubauen. Nur durch Einsatz von Pfefferspray konnte der 21-J\u00e4hrigen zu R\u00e4son gebracht werden. Hierdurch erlitten weitere Partyg\u00e4ste leichte Augenreizungen, die durch hinzugerufene Rettungskr\u00e4fte versorgt werden mussten. Aufgrund der Uneinsichtigkeit der Feiernden musste die Gartenparty schlie\u00dflich beendet werden. Gegen den Verantwortlichen wird eine Anzeige wegen Ruhest\u00f6rung gefertigt, der aggressive 21-J\u00e4hrige muss sich wegen t\u00e4tlichem Angriff auf Polizeibeamte verantworten. <\/p>\n\n\n\n<h4 class=\"wp-block-heading\">(Dielheim \/ Rhein-Neckar-Kreis) &#8211; Drei Baucontainer auf Gro\u00dfbaustelle aufgebrochen und daraus Baumaschinen entwendet \/ Polizei sucht Zeugen<\/h4>\n\n\n\n<p>Am Sonntagmorgen kurz vor 8 Uhr entdeckte ein Spazierg\u00e4nger auf der Gro\u00dfbaustelle auf der Kreisstra\u00dfe zwischen Dielheim und Rauenberg, unterhalb der A 6, drei aufgebrochene Baucontainer. Wie sich herausstellte, wurden die Container mit brachialer Gewalt ge\u00f6ffnet und daraus mehrere Baumaschinen entwendet. Au\u00dferhalb der Container lagen mehrere leere Verpackungen der Fa. Hilti, in denen sich zuvor Handbaumaschinen befanden. Die H\u00f6he des Sach- und Diebstahlsschaden steht bislang noch nicht fest. Aufgrund der bisherigen Erkenntnisse muss es sich um mehrere T\u00e4ter gehandelt haben. Zeugen, die verd\u00e4chtige Beobachtungen gemacht haben, werden gebeten, sich unter Telefon 06222\/57090 beim Polizeirevier Wiesloch zu melden. <\/p>\n\n\n\n<h4 class=\"wp-block-heading\">(Sinsheim \/ Rhein-Neckar-Kreis) &#8211; 22-J\u00e4hriger bei\u00dft Polizeibeamten in die Hand<\/h4>\n\n\n\n<p>Mit einem renitenten jungen Mann bekam es eine Streifenbesatzung des Polizeireviers Sinsheim am Samstagnachmittag gegen 15:30 Uhr im Bereich des Fohlweidenwegs zu tun. Nachdem gemeldet worden war, dass ein 22-J\u00e4hriger gegen das Hausverbot in einer Gemeinschaftsunterkunft versto\u00dfen hatte, kontrollierten die Beamten den jungen Mann unweit der Unterkunft. Nachdem ihm eindringlich erkl\u00e4rt worden war, dass er die Unterkunft nicht mehr aufsuchen darf, versuchte er pl\u00f6tzlich an den Beamten vorbei in die Unterkunft zu laufen und musste festgehalten werden. Es kam zu einer Rangelei mit dem Mann, der in der Folge einem der Beamten in die Hand biss. Trotz der getragenen Handschuhe erlitt dieser Verletzungen, konnte den Dienst aber fortsetzen. Der Mann wurde schlie\u00dflich nach \u00e4rztlicher Untersuchung in eine Gewahrsamszelle verbracht. Gegen ihn wird nun wegen Hausfriedensbruch und t\u00e4tlichen Angriff gegen Polizeibeamte ermittelt. <\/p>\n\n\n\n<h4 class=\"wp-block-heading\">(Wiesenbach \/ Rhein-Neckar-Kreis) &#8211; 22-j\u00e4hriger Autofahrer fl\u00fcchtet vor Polizeikontrolle<\/h4>\n\n\n\n<p>Am Sonntagabend fl\u00fcchtete in Wiesenbach ein 22-j\u00e4hriger Mann mit einem BMW vor einer Polizeikontrolle. Der Mann fiel Beamten des Polizeireviers Neckargem\u00fcnd gegen 20.30 Uhr, in der M\u00f6nchzeller Stra\u00dfe fahrend, auf. Den Beamten war bekannt, dass die Person am Steuer nicht im Besitz einer Fahrerlaubnis war. Die Polizisten folgen dem BMW und gaben mit Blaulicht und Leuchtschrift deutlich Anhaltesignale. Dies ignorierte der Fahrer und gab Gas, nachdem er in die Hauptstra\u00dfe abgebogen war. Er raste mit fast 100 km\/h durch die Hauptstra\u00dfe, die Poststra\u00dfe bis zur Waldstra\u00dfe. Da der Fahrer den Polizeibeamten bekannt war, brachen diese die Verfolgung ab, um nicht Unbeteiligte zu gef\u00e4hrden. <\/p>\n\n\n\n<p>Gegen den Mann wird nun wegen Fahrens ohne Fahrerlaubnis und Teilnahme an einem verbotenen Kraftfahrzeugrennen ermittelt. Auch gegen die Mutter des 22-J\u00e4hrigen und Halterin des BMW wird wegen Erm\u00e4chtigens zum Fahren ohne Fahrerlaubnis ermittelt. <\/p>\n\n\n\n<h4 class=\"wp-block-heading\">(Eberbach \/ Rhein-Neckar-Kreis) &#8211; 28-j\u00e4hriger Fahrradfahrer bei Sturz leicht verletzt \/ Unfallverursache fl\u00fcchtet &#8211; Zeugen gesucht<\/h4>\n\n\n\n<p>Wie der Polizei erst nachtr\u00e4glich gemeldet wurde, kam es am Freitag (26.06.) gegen 8.15 Uhr in der Unteren Talstra\u00dfe zu einem Verkehrsunfall, bei dem ein Radfahrer st\u00fcrzte und leicht verletzt wurde. Nach den bisherigen Erkenntnissen war ein Autofahrer mit einem schwarzen Mittelklassewagen von Parkplatz des Lidl-Marktes nach rechts in die Untere Talstra\u00dfe abgebogen. Dabei missachtete er den Vorrang des vorbeifahrenden Radfahrers. Um einen Zusammensto\u00df zu vermeiden bremste der Radfahrer stark ab und st\u00fcrzte nach einer Ausweichbewegung auf die Stra\u00dfe. Der Autofahrer fuhr ohne anzuhalten weiter. Aufgrund bestehender Schmerzen begab sich der 28-J\u00e4hrige am Montag in \u00e4rztliche Behandlung. Zeugen, die sachdienliche Hinweise zu dem Unfall geben k\u00f6nnen, werden gebeten, sich unter Telefon 06271\/92100 beim Polizeirevier Eberbach zu melden. <\/p>\n\n\n\n<h4 class=\"wp-block-heading\">(Weinheim \/ Rhein-Neckar-Kreis) &#8211; Einbr\u00fcche in Baucontainer \/ Polizei sucht Zeugen<\/h4>\n\n\n\n<p>\u00dcber das vergangene Wochenende brachen unbekannte T\u00e4ter in mehrere Baucontainer auf Baustellen ein. Am Samstagmorgen kurz nach 7 Uhr bemerkte eine Spazierg\u00e4ngerin auf einer Baustelle im Langmaasweg gegen\u00fcber dem Hauptfriedhof einen gewaltsam aufgebrochenen Container und verst\u00e4ndigte die Polizei. Im Container waren alle Schr\u00e4nke und Schubladen ge\u00f6ffnet und durchw\u00fchlt. In der Nacht von Samstag auf Sonntag, gegen 1 Uhr entdeckte eine Objektschutzstreife, dass zahlreiche Container auf der Baustelle unterhalb der B 38 am n\u00f6rdlichen Arm der Weschnitz aufgebrochen waren. Auch hier wurden Baucontainer durchsucht. \u00dcber den entstandenen Sachschaden und eventuelles Diebesgut liegen derzeit noch keine Informationen vor. Zeugen, die in den fraglichen Zeitr\u00e4umen verd\u00e4chtige Personen oder Fahrzeuge bemerkt haben, werden gebeten, sich unter Telefon 06201\/10030 beim Polizeirevier Weinheim zu melden. <\/p>\n\n\n\n<h4 class=\"wp-block-heading\">(Hemsbach \/ Rhein-Neckar-Kreis) &#8211; 23-j\u00e4hriger Mann wegen Verdachts der gef\u00e4hrlichen K\u00f6rperverletzung in Haft<\/h4>\n\n\n\n<h4 class=\"wp-block-heading\">Gemeinsame Pressemitteilung der Staatsanwaltschaft Mannheim und des Polizeipr\u00e4sidiums Mannheim: <\/h4>\n\n\n\n<div class=\"wp-block-image\"><figure class=\"aligncenter\"><img decoding=\"async\" src=\"https:\/\/speyer24news.com\/wp-content\/uploads\/2020\/03\/Zelle.jpg\" alt=\"\" class=\"wp-image-25718\"\/><\/figure><\/div>\n\n\n\n<p>Auf Antrag der Staatsanwaltschaft Mannheim wurde durch das Amtsgericht Mannheim Haftbefehl gegen einen 23-j\u00e4hrigen Mann deutscher Staatsangeh\u00f6rigkeit aus Hemsbach erlassen. Er steht im dringenden Verdacht, am Freitag, den 26.06.2020, einen ebenfalls aus Hemsbach stammenden 28-j\u00e4hrigen Mann durch einen Messerstich verletzt zu haben. <\/p>\n\n\n\n<p>In der Wohnung des 23-J\u00e4hrigen Tatverd\u00e4chtigen in Hemsbach soll es am Abend aufgrund einer Nichtigkeit zum Streit zwischen den beiden Personen gekommen sein, in dessen Folge der Tatverd\u00e4chtige dem Gesch\u00e4digten mit einem K\u00fcchenmesser mit einer Klingenl\u00e4nge von ca. 15 cm in die Rippengegend gestochen und zwei Mal mit der Hand in das Gesicht geschlagen haben soll. Verletzt begab sich der 28-J\u00e4hrige daraufhin auf die Stra\u00dfe und bat Passanten um Hilfe, die dann die Polizei alarmierten. <\/p>\n\n\n\n<p>Der Tatverd\u00e4chtige wurde schlie\u00dflich durch ein Spezialeinsatzkommando der Polizei in seiner Wohnung \u00fcberw\u00e4ltigt und festgenommen. <\/p>\n\n\n\n<p>Der 28-j\u00e4hrige Gesch\u00e4digte wurde in einem Krankenhaus operiert. Er erlitt durch den Stich einen Rippenbruch. Innere Organe wurden nur knapp verfehlt. Lebensgefahr bestand nicht. <\/p>\n\n\n\n<p>Der Ermittlungsrichter am Amtsgericht Mannheim erlie\u00df auf Antrag der Staatsanwaltschaft Mannheim am Samstag, den 27.06.2020, Haftbefehl gegen den Tatverd\u00e4chtigen wegen Flucht- und Verdunkelungsgefahr. Im Anschluss wurde er in eine Justizvollzugsanstalt eingeliefert. <\/p>\n\n\n\n<p>Die Ermittlungen der Staatsanwaltschaft Mannheim und des Kriminalkommissariats Mannheim dauern an. <\/p>\n","protected":false},"excerpt":{"rendered":"<div class=\"mh-excerpt\"><p>Polizeimeldungen vom Montag (29.06.2020) (Speyer) &#8211; 82-j\u00e4hrige st\u00fcrzt vom Fahrrad Am Sonntagvormittag befuhr eine 82-j\u00e4hrige Fahrradfahrerin die Karmeliterstra\u00dfe, in Speyer, in Fahrtrichtung Postplatz. Um einem entgegenkommenden PKW Platz zu machen, wollte sie auf den Gehweg <a class=\"mh-excerpt-more\" href=\"https:\/\/speyer24news.com\/?p=28544\" title=\"Polizei\">[&#8230;]<\/a><\/p>\n<\/div>","protected":false},"author":3,"featured_media":0,"comment_status":"open","ping_status":"open","sticky":false,"template":"","format":"standard","meta":{"_monsterinsights_skip_tracking":false,"_monsterinsights_sitenote_active":false,"_monsterinsights_sitenote_note":"","_monsterinsights_sitenote_category":0,"footnotes":""},"categories":[12],"tags":[3614,61,2555,6955,6986,6263,63,105,6987,53,4854,4683,1548,102,213,55,5261,103,106,2803,2423,427,2625,380,62,104,979,1565],"aioseo_notices":[],"amp_enabled":true,"_links":{"self":[{"href":"https:\/\/speyer24news.com\/index.php?rest_route=\/wp\/v2\/posts\/28544"}],"collection":[{"href":"https:\/\/speyer24news.com\/index.php?rest_route=\/wp\/v2\/posts"}],"about":[{"href":"https:\/\/speyer24news.com\/index.php?rest_route=\/wp\/v2\/types\/post"}],"author":[{"embeddable":true,"href":"https:\/\/speyer24news.com\/index.php?rest_route=\/wp\/v2\/users\/3"}],"replies":[{"embeddable":true,"href":"https:\/\/speyer24news.com\/index.php?rest_route=%2Fwp%2Fv2%2Fcomments&post=28544"}],"version-history":[{"count":2,"href":"https:\/\/speyer24news.com\/index.php?rest_route=\/wp\/v2\/posts\/28544\/revisions"}],"predecessor-version":[{"id":28548,"href":"https:\/\/speyer24news.com\/index.php?rest_route=\/wp\/v2\/posts\/28544\/revisions\/28548"}],"wp:attachment":[{"href":"https:\/\/speyer24news.com\/index.php?rest_route=%2Fwp%2Fv2%2Fmedia&parent=28544"}],"wp:term":[{"taxonomy":"category","embeddable":true,"href":"https:\/\/speyer24news.com\/index.php?rest_route=%2Fwp%2Fv2%2Fcategories&post=28544"},{"taxonomy":"post_tag","embeddable":true,"href":"https:\/\/speyer24news.com\/index.php?rest_route=%2Fwp%2Fv2%2Ftags&post=28544"}],"curies":[{"name":"wp","href":"https:\/\/api.w.org\/{rel}","templated":true}]}}