{"id":28604,"date":"2020-07-01T18:52:43","date_gmt":"2020-07-01T17:52:43","guid":{"rendered":"https:\/\/speyer24news.com\/?p=28604"},"modified":"2020-07-01T18:52:44","modified_gmt":"2020-07-01T17:52:44","slug":"speyer-gesundheit","status":"publish","type":"post","link":"https:\/\/speyer24news.com\/?p=28604","title":{"rendered":"Speyer \/ Gesundheit"},"content":{"rendered":"<style type=\"text\/css\">\r\n\t.ads_top_disp{}\r\n\t.ads_top_corner_disp{ float:left; margin:0px 10px 10px 0px; }\r\n\t.ads_first_p_disp{}\r\n\t.ads_bottom_disp{}\r\n\t<\/style>\n<h2 class=\"wp-block-heading\"><strong>Sch\u00fcler*in und Erzieher*in positiv auf SARS-CoV-2 getestet<\/strong><\/h2>\n\n\n\n<div class=\"wp-block-image\"><figure class=\"aligncenter\"><img decoding=\"async\" loading=\"lazy\" width=\"500\" height=\"500\" src=\"https:\/\/speyer24news.com\/wp-content\/uploads\/2020\/02\/virus-4810549_1920.png\" alt=\"\" class=\"wp-image-25116\" srcset=\"https:\/\/speyer24news.com\/wp-content\/uploads\/2020\/02\/virus-4810549_1920.png 500w, https:\/\/speyer24news.com\/wp-content\/uploads\/2020\/02\/virus-4810549_1920-150x150.png 150w, https:\/\/speyer24news.com\/wp-content\/uploads\/2020\/02\/virus-4810549_1920-300x300.png 300w\" sizes=\"(max-width: 500px) 100vw, 500px\" \/><\/figure><\/div>\n\n\n\n<p><strong>Speyer &#8211; <\/strong>Am heutigen Mittwoch, 1. Juli 2020 wurde die Stadtverwaltung dar\u00fcber in Kenntnis gesetzt, dass ein*e Erzieher*in der Protestantischen  Kindertagesst\u00e4tte Villa Kunterbunt sowie ein*e Sch\u00fcler*in des Hans-Purrmann-Gymnasiums positiv auf SARS-CoV-2 getestet wurden. Die Protestantische Kindertagesst\u00e4tte Villa Kunterbunt wurde daraufhin umgehend komplett geschlossen und alle Kinder und Erzieher*innen  des betroffenen Betreuungssettings durch das Gesundheitsamt in Quarant\u00e4ne geschickt. Im Falle des Hans-Purrmann-Gymnasiums m\u00fcssen sich alle direkten Mitsch\u00fcler*innen des\/der Infizierten sowie alle Lehrer*innen der betroffenen Klasse in Quarant\u00e4ne begeben. <\/p>\n\n\n\n<p>\u201eAufgrund der aktuellen Entwicklungen haben wir uns entschieden, die Einrichtungen durchzutesten, um m\u00f6glichst fr\u00fchzeitig weitere Infektionsf\u00e4lle\n zu erkennen\u201c, betont Oberb\u00fcrgermeisterin Stefanie Seiler. Zu diesem Zwecke und um die niedergelassenen \u00c4rzt*innen zu entlasten, wird das\n<strong>Abstrichzentrum<\/strong> in der Halle 101 <strong>heute von 16:30 bis 20:00 Uhr<\/strong> und <strong>\nam morgigen Donnerstag von 16:00 bis 20:00 Uhr<\/strong> wieder hochgefahren. Alle Erzieher*innen und Kitakinder der Protestantischen Kindertagesst\u00e4tte Villa Kunterbunt sowie alle Lehrer*innen und Sch\u00fcler*innen der betroffenen Klasse des Hans-Purrmann-Gymnasiums\n werden gebeten, heute oder morgen das Abstrichzentrum aufzusuchen und sich dort testen zu lassen. Das Gesundheitsamt des Rhein-Pfalz-Kreises, der Tr\u00e4ger des Protestantischen Kindertagesst\u00e4ttenverbandes sowie Schulleitung und -tr\u00e4ger des Hans-Purrmann-Gymnasiums\n haben mit den betroffenen Personen und Familien bereits Kontakt aufgenommen und diese informiert.\n<\/p>\n\n\n\n<p>Weitere Kontaktpersonen, beispielsweise Eltern oder Gro\u00dfeltern, werden nur bei Vorliegen von akuten Erk\u00e4ltungssymptomen getestet.\n<\/p>\n\n\n\n<p>\u201eWir m\u00fcssen die Testergebnisse abwarten\u201c, mahnt Schuldezernentin Monika Kabs. \u201eIm Moment ist das Infektionsgeschehen noch zu diffus,\n um weitergehende Schritte einzuleiten. Ich m\u00f6chte jedoch an die Eltern, die die M\u00f6glichkeit haben, ihre Kinder zuhause zu betreuen, appellieren, dies vorerst zu tun und die Betreuungsangebote in den Kitas nur zu nutzen, wenn es keine Alternative gibt\u201c, so\n Kabs weiter.<\/p>\n\n\n\n<p>Die Stadtverwaltung wird in Abstimmung mit dem Gesundheitsamt des Rhein-Pfalz-Kreises selbstverst\u00e4ndlich weitere Schritte veranlassen,  sollte es die Entwicklung des Infektionsgeschehens erforderlich machen.\u00a0 <\/p>\n\n\n\n<p><em>Stadtverwaltung Speyer<br>01.07.2020<\/em><\/p>\n","protected":false},"excerpt":{"rendered":"<div class=\"mh-excerpt\"><p>Sch\u00fcler*in und Erzieher*in positiv auf SARS-CoV-2 getestet Speyer &#8211; Am heutigen Mittwoch, 1. Juli 2020 wurde die Stadtverwaltung dar\u00fcber in Kenntnis gesetzt, dass ein*e Erzieher*in der Protestantischen Kindertagesst\u00e4tte Villa Kunterbunt sowie ein*e Sch\u00fcler*in des Hans-Purrmann-Gymnasiums <a class=\"mh-excerpt-more\" href=\"https:\/\/speyer24news.com\/?p=28604\" title=\"Speyer \/ Gesundheit\">[&#8230;]<\/a><\/p>\n<\/div>","protected":false},"author":3,"featured_media":25128,"comment_status":"open","ping_status":"open","sticky":false,"template":"","format":"standard","meta":{"_monsterinsights_skip_tracking":false,"_monsterinsights_sitenote_active":false,"_monsterinsights_sitenote_note":"","_monsterinsights_sitenote_category":0,"footnotes":""},"categories":[5462,9],"tags":[7728,6940,7727,6359,6358,7003,6342,3636,6,7726],"aioseo_notices":[],"amp_enabled":true,"_links":{"self":[{"href":"https:\/\/speyer24news.com\/index.php?rest_route=\/wp\/v2\/posts\/28604"}],"collection":[{"href":"https:\/\/speyer24news.com\/index.php?rest_route=\/wp\/v2\/posts"}],"about":[{"href":"https:\/\/speyer24news.com\/index.php?rest_route=\/wp\/v2\/types\/post"}],"author":[{"embeddable":true,"href":"https:\/\/speyer24news.com\/index.php?rest_route=\/wp\/v2\/users\/3"}],"replies":[{"embeddable":true,"href":"https:\/\/speyer24news.com\/index.php?rest_route=%2Fwp%2Fv2%2Fcomments&post=28604"}],"version-history":[{"count":1,"href":"https:\/\/speyer24news.com\/index.php?rest_route=\/wp\/v2\/posts\/28604\/revisions"}],"predecessor-version":[{"id":28605,"href":"https:\/\/speyer24news.com\/index.php?rest_route=\/wp\/v2\/posts\/28604\/revisions\/28605"}],"wp:featuredmedia":[{"embeddable":true,"href":"https:\/\/speyer24news.com\/index.php?rest_route=\/wp\/v2\/media\/25128"}],"wp:attachment":[{"href":"https:\/\/speyer24news.com\/index.php?rest_route=%2Fwp%2Fv2%2Fmedia&parent=28604"}],"wp:term":[{"taxonomy":"category","embeddable":true,"href":"https:\/\/speyer24news.com\/index.php?rest_route=%2Fwp%2Fv2%2Fcategories&post=28604"},{"taxonomy":"post_tag","embeddable":true,"href":"https:\/\/speyer24news.com\/index.php?rest_route=%2Fwp%2Fv2%2Ftags&post=28604"}],"curies":[{"name":"wp","href":"https:\/\/api.w.org\/{rel}","templated":true}]}}