{"id":28635,"date":"2020-07-03T06:34:13","date_gmt":"2020-07-03T05:34:13","guid":{"rendered":"https:\/\/speyer24news.com\/?p=28635"},"modified":"2020-07-03T06:34:13","modified_gmt":"2020-07-03T05:34:13","slug":"speyer-aktuell-25","status":"publish","type":"post","link":"https:\/\/speyer24news.com\/?p=28635","title":{"rendered":"Speyer Aktuell"},"content":{"rendered":"<style type=\"text\/css\">\r\n\t.ads_top_disp{}\r\n\t.ads_top_corner_disp{ float:left; margin:0px 10px 10px 0px; }\r\n\t.ads_first_p_disp{}\r\n\t.ads_bottom_disp{}\r\n\t<\/style>\n<h2 class=\"wp-block-heading\"><strong>Oberb\u00fcrgermeisterin Seiler begr\u00fc\u00dft Verl\u00e4ngerung der Bewerbungsfrist zur Ausrichtung des Landesgartenschau 2026<\/strong><\/h2>\n\n\n\n<div class=\"wp-block-image\"><figure class=\"aligncenter\"><img decoding=\"async\" loading=\"lazy\" width=\"800\" height=\"600\" src=\"https:\/\/speyer24news.com\/wp-content\/uploads\/2020\/01\/IMG_20200110_193106-1.jpg\" alt=\"\" class=\"wp-image-24109\" srcset=\"https:\/\/speyer24news.com\/wp-content\/uploads\/2020\/01\/IMG_20200110_193106-1.jpg 800w, https:\/\/speyer24news.com\/wp-content\/uploads\/2020\/01\/IMG_20200110_193106-1-300x225.jpg 300w, https:\/\/speyer24news.com\/wp-content\/uploads\/2020\/01\/IMG_20200110_193106-1-768x576.jpg 768w, https:\/\/speyer24news.com\/wp-content\/uploads\/2020\/01\/IMG_20200110_193106-1-678x509.jpg 678w, https:\/\/speyer24news.com\/wp-content\/uploads\/2020\/01\/IMG_20200110_193106-1-326x245.jpg 326w, https:\/\/speyer24news.com\/wp-content\/uploads\/2020\/01\/IMG_20200110_193106-1-80x60.jpg 80w\" sizes=\"(max-width: 800px) 100vw, 800px\" \/><\/figure><\/div>\n\n\n\n<p>Am Mittwoch, 1. Juli 2020, wurde die Stadtverwaltung Speyer durch das zust\u00e4ndige Ministerium f\u00fcr Wirtschaft, Verkehr, Landwirtschaft  und Weinbau dar\u00fcber informiert, dass die Bewerbungsfrist zur Ausrichtung der <strong>sechsten rheinland-pf\u00e4lzischen Landesgartenschau im Jahr 2026<\/strong> um ein Jahr verl\u00e4ngert und das neue Bewerbungsende auf den <strong>15. Oktober 2021 <\/strong>festgelegt wurde.<\/p>\n\n\n\n<p>\u201eIch bin froh, dass der Ministerrat diese Entscheidung getroffen hat. Die mit der Corona-Pandemie einhergehenden Einschr\u00e4nkungen und\n Aufgaben haben in den St\u00e4dten und Kommunen alle Kr\u00e4fte gebunden, sodass es \u00fcber Wochen hinweg kaum m\u00f6glich war, effektiv an der Bewerbung zu arbeiten. Die Verschiebung der Frist gibt uns nun die M\u00f6glichkeit, in Ruhe zu planen und die B\u00fcrgerinnen und B\u00fcrger\n ausreichend in den Prozess einzubinden\u201c, betont Oberb\u00fcrgermeisterin Stefanie Seiler. \u201eDie Landesgartenschau 2026 soll ein Projekt f\u00fcr alle sein, was eine angemessene B\u00fcrger*innenbeteiligung essentiell macht\u201c, so die Stadtchefin weiter.\n<\/p>\n\n\n\n<p>Gem\u00e4\u00df der bisherigen Planungen soll die Landesgartenschau 2026 \u2013 sofern die Stadt Speyer den Zuschlag zur Ausrichtung erh\u00e4lt \u2013 auf 16  Hektar Kern- und 15 Hektar Optionsfl\u00e4che in Speyer Nord im Bereich der ehemaligen Kurpfalzkaserne stattfinden. <\/p>\n\n\n\n<p><em>Text: Stadtverwaltung Speyer Foto: Speyer 24\/7 News<br>03.07.2020<\/em><\/p>\n\n\n\n<h2 class=\"wp-block-heading\"><strong>\u201e110 Jahre Brezelfest Speyer\u201c &#8211; Online-Ausstellung des Stadtarchivs Speyer<\/strong><\/h2>\n\n\n\n<div class=\"wp-block-image\"><figure class=\"aligncenter\"><img decoding=\"async\" loading=\"lazy\" width=\"800\" height=\"510\" src=\"https:\/\/speyer24news.com\/wp-content\/uploads\/2020\/07\/02_Stadtarchiv-Speyer-233-1_Reg-Nr_003276_1910.jpg\" alt=\"\" class=\"wp-image-28636\" srcset=\"https:\/\/speyer24news.com\/wp-content\/uploads\/2020\/07\/02_Stadtarchiv-Speyer-233-1_Reg-Nr_003276_1910.jpg 800w, https:\/\/speyer24news.com\/wp-content\/uploads\/2020\/07\/02_Stadtarchiv-Speyer-233-1_Reg-Nr_003276_1910-300x191.jpg 300w, https:\/\/speyer24news.com\/wp-content\/uploads\/2020\/07\/02_Stadtarchiv-Speyer-233-1_Reg-Nr_003276_1910-768x490.jpg 768w\" sizes=\"(max-width: 800px) 100vw, 800px\" \/><figcaption>Festpostkarte zum ersten Brezelfest 1910, damals noch als \u201eBretzel-Tag\u201c gefeiert. <em>(Stadtarchiv Speyer 233-1_Reg-Nr_003276)<\/em><\/figcaption><\/figure><\/div>\n\n\n\n<p>Das Speyerer Brezelfest, das gr\u00f6\u00dfte Volksfest am Oberrhein, musste 2020 leider abgesagt werden \u2013 in gemeinsamer Verantwortung zur Eind\u00e4mmung  der Corona-Pandemie. Die Abteilung Kulturelles Erbe \u2013 Stadtarchiv Speyer l\u00e4dt Brezelfestfreund*innen von nah und fern daher herzlich zum Besuch einer Web-Pr\u00e4sentation in Form einer historischen Bilder-Zeitreise rund um das beliebte Fest ein. Dazu gibt es interessante  Zahlen und Fakten. Konzipiert und entwickelt wurde die Online-Ausstellung von Julia Kratz und Wolfgang Knapp. <\/p>\n\n\n\n<div class=\"wp-block-image\"><figure class=\"aligncenter\"><img decoding=\"async\" loading=\"lazy\" width=\"500\" height=\"653\" src=\"https:\/\/speyer24news.com\/wp-content\/uploads\/2020\/07\/01_Stadtarchiv-Speyer-233-6_L-Nr_000906_1913.jpg\" alt=\"\" class=\"wp-image-28637\" srcset=\"https:\/\/speyer24news.com\/wp-content\/uploads\/2020\/07\/01_Stadtarchiv-Speyer-233-6_L-Nr_000906_1913.jpg 500w, https:\/\/speyer24news.com\/wp-content\/uploads\/2020\/07\/01_Stadtarchiv-Speyer-233-6_L-Nr_000906_1913-230x300.jpg 230w\" sizes=\"(max-width: 500px) 100vw, 500px\" \/><figcaption>Mit dieser Reklamemarke wurde 1913 f\u00fcr das \u201eSpeyerer Bretzelfest\u201c geworben. <em>(Stadtarchiv Speyer 233-6_L-Nr_000906)<\/em><\/figcaption><\/figure><\/div>\n\n\n\n<p>\u201eIch freue mich \u00fcber die Initiative des Stadtarchivs Speyer, diese digitale Zeitreise auf die Beine zu stellen, die all jenen, die am\n zweiten Juliwochenende und dar\u00fcber &nbsp;die Sehnsucht nach dem Speyerer Brezelfest packt, eine interessante und aufschlussreiche Besch\u00e4ftigung bietet\u201c, so B\u00fcrgermeisterin Monika Kabs.\n<\/p>\n\n\n\n<p>Die Online-Ausstellung verweist selbstverst\u00e4ndlich auch auf den Speyerer Verkehrsverein als Veranstalter des Brezelfests und verf\u00fcgt\n \u00fcber einen Link zur offiziellen Brezelfest-Website. \u201e110 Jahre Brezelfest Speyer\u201c versteht sich au\u00dferdem als Aush\u00e4ngeschild des Stadtarchivs, das weitere Fotos und Dokumente zum Brezelfest gerne als Schenkung entgegennimmt.\n<\/p>\n\n\n\n<p>Die Pr\u00e4sentation ist <strong>ab Donnerstag, 9. Juli 2020 bis Ende August<\/strong> diesen Jahres online abrufbar unter: <a rel=\"noreferrer noopener\" href=\"https:\/\/deref-web.de\/mail\/client\/PeB7ieMU-88\/dereferrer\/?redirectUrl=https%3A%2F%2Fwww.speyer.de%2Fde%2Fbildung%2Fkulturelles-erbe-stadtarchiv%2Faktuelles%2F\" target=\"_blank\"> https:\/\/www.speyer.de\/de\/bildung\/kulturelles-erbe-stadtarchiv\/aktuelles\/<\/a><\/p>\n\n\n\n<p><em>Text: Stadtverwaltung Speyer Foto: Stadtarchiv Speyer<br>03.07.2020<\/em><\/p>\n","protected":false},"excerpt":{"rendered":"<div class=\"mh-excerpt\"><p>Oberb\u00fcrgermeisterin Seiler begr\u00fc\u00dft Verl\u00e4ngerung der Bewerbungsfrist zur Ausrichtung des Landesgartenschau 2026 Am Mittwoch, 1. Juli 2020, wurde die Stadtverwaltung Speyer durch das zust\u00e4ndige Ministerium f\u00fcr Wirtschaft, Verkehr, Landwirtschaft und Weinbau dar\u00fcber informiert, dass die Bewerbungsfrist <a class=\"mh-excerpt-more\" href=\"https:\/\/speyer24news.com\/?p=28635\" title=\"Speyer Aktuell\">[&#8230;]<\/a><\/p>\n<\/div>","protected":false},"author":3,"featured_media":23902,"comment_status":"open","ping_status":"open","sticky":false,"template":"","format":"standard","meta":{"_monsterinsights_skip_tracking":false,"_monsterinsights_sitenote_active":false,"_monsterinsights_sitenote_note":"","_monsterinsights_sitenote_category":0,"footnotes":""},"categories":[9],"tags":[7749,7747,1067,1069,7748,5416,6295,6,2674],"aioseo_notices":[],"amp_enabled":true,"_links":{"self":[{"href":"https:\/\/speyer24news.com\/index.php?rest_route=\/wp\/v2\/posts\/28635"}],"collection":[{"href":"https:\/\/speyer24news.com\/index.php?rest_route=\/wp\/v2\/posts"}],"about":[{"href":"https:\/\/speyer24news.com\/index.php?rest_route=\/wp\/v2\/types\/post"}],"author":[{"embeddable":true,"href":"https:\/\/speyer24news.com\/index.php?rest_route=\/wp\/v2\/users\/3"}],"replies":[{"embeddable":true,"href":"https:\/\/speyer24news.com\/index.php?rest_route=%2Fwp%2Fv2%2Fcomments&post=28635"}],"version-history":[{"count":1,"href":"https:\/\/speyer24news.com\/index.php?rest_route=\/wp\/v2\/posts\/28635\/revisions"}],"predecessor-version":[{"id":28638,"href":"https:\/\/speyer24news.com\/index.php?rest_route=\/wp\/v2\/posts\/28635\/revisions\/28638"}],"wp:featuredmedia":[{"embeddable":true,"href":"https:\/\/speyer24news.com\/index.php?rest_route=\/wp\/v2\/media\/23902"}],"wp:attachment":[{"href":"https:\/\/speyer24news.com\/index.php?rest_route=%2Fwp%2Fv2%2Fmedia&parent=28635"}],"wp:term":[{"taxonomy":"category","embeddable":true,"href":"https:\/\/speyer24news.com\/index.php?rest_route=%2Fwp%2Fv2%2Fcategories&post=28635"},{"taxonomy":"post_tag","embeddable":true,"href":"https:\/\/speyer24news.com\/index.php?rest_route=%2Fwp%2Fv2%2Ftags&post=28635"}],"curies":[{"name":"wp","href":"https:\/\/api.w.org\/{rel}","templated":true}]}}