{"id":28682,"date":"2020-07-03T15:48:36","date_gmt":"2020-07-03T14:48:36","guid":{"rendered":"https:\/\/speyer24news.com\/?p=28682"},"modified":"2020-07-06T10:59:08","modified_gmt":"2020-07-06T09:59:08","slug":"polizei-vermissten-suche","status":"publish","type":"post","link":"https:\/\/speyer24news.com\/?p=28682","title":{"rendered":"Polizei \/ Vermissten Suche"},"content":{"rendered":"<style type=\"text\/css\">\r\n\t.ads_top_disp{}\r\n\t.ads_top_corner_disp{ float:left; margin:0px 10px 10px 0px; }\r\n\t.ads_first_p_disp{}\r\n\t.ads_bottom_disp{}\r\n\t<\/style>\n<h2 class=\"wp-block-heading\">Vermisster Benno Philipp F. wohlbehalten aufgefunden \/ Fahndungsr\u00fccknahme<\/h2>\n\n\n\n<p><strong>(Wiesloch \/ Rhein-Neckar-Kreis) \u2013 <\/strong>Der seit 30.06.2020 vermisste Benno Philipp F. wurde am Wochenende wohlbehalten aufgefunden. Mehrere Zeugen hatten den Vermissten aufgrund der \u00d6ffentlichkeitsfahndung erkannt und sich bei der Polizei gemeldet, sodass dieser schlie\u00dflich in einer S-Bahn in Winnenden angetroffen und zur weiteren Behandlung einer Fachklinik \u00fcberstellt werden. <\/p>\n\n\n\n<p>Die polizeiliche Fahndung wird zur\u00fcckgenommen. <\/p>\n\n\n\n<p><em>Polizeipr\u00e4sidium Mannheim<\/em><br><em>06.07.2020<\/em><\/p>\n\n\n\n<h2 class=\"wp-block-heading\">39-j\u00e4hriger Benno Philipp F. vermisst \/ Zeugen dringend gesucht<\/h2>\n\n\n\n<p><strong>(Wiesloch \/ Rhein-Neckar-Kreis) \u2013 <\/strong>Der 39-j\u00e4hrige Benno Philipp F. aus Schwarzach wird seit Dienstagabend, 30.06.2020 vermisst. Der Vermisste, der derzeit im Psychiatrischen Zentrum Nordbaden in Wiesloch behandelt wird, ging kurz vor 15 Uhr in den genehmigten Ausgang zum Einkaufen in einen nahegelegenen Supermarkt und kehrte bislang nicht mehr in die Einrichtung zur\u00fcck. Er wurde seither nicht mehr gesehen. <\/p>\n\n\n\n<p>Der Vermisste wird wie folgt beschrieben: <\/p>\n\n\n\n<ul><li>39 Jahre alt<\/li><li>165 cm gro\u00df<\/li><li>52 kg schwer<\/li><li>Westeurop\u00e4isches Erscheinungsbild<\/li><li>Kurze schwarze Haare<\/li><li>Zahnl\u00fccke im Oberkiefer zwischen den Schneidez\u00e4hnen<\/li><li>Trug eine dunkle Jeans und einen dunkelgrauen Streickpulli <\/li><\/ul>\n\n\n\n<p>Der 39-J\u00e4hrige befindet sich vermutlich in einer psychischen Ausnahmesituation und ist als Transplantationspatient dringend auf medizinische und medikament\u00f6se Versorgung angewiesen. Es ist nicht auszuschlie\u00dfen, dass sie sich in hilfloser Lage befindet. <\/p>\n\n\n\n<p>Das Fachdezernat bei der Kriminalpolizeidirektion Heidelberg hat die Fahndung nach dem vermissten Benno Philipp F. aufgenommen. Eine \u00dcberpr\u00fcfung aller bekannten Hinwendungsorte der Vermissten sowie eine sofort eingeleitete Fahndung f\u00fchrte bislang nicht zu deren Auffinden. Nach derzeitigem Erkenntnisstand soll sich der Vermisste \u00f6fters in \u00f6ffentlichen Verkehrsmitteln oder an Bahnh\u00f6fen aufhalten. <\/p>\n\n\n\n<p><em>Polizeipr\u00e4sidium Mannheim<br>03.07.2020<\/em><\/p>\n","protected":false},"excerpt":{"rendered":"<div class=\"mh-excerpt\"><p>Vermisster Benno Philipp F. wohlbehalten aufgefunden \/ Fahndungsr\u00fccknahme (Wiesloch \/ Rhein-Neckar-Kreis) \u2013 Der seit 30.06.2020 vermisste Benno Philipp F. wurde am Wochenende wohlbehalten aufgefunden. Mehrere Zeugen hatten den Vermissten aufgrund der \u00d6ffentlichkeitsfahndung erkannt und sich <a class=\"mh-excerpt-more\" href=\"https:\/\/speyer24news.com\/?p=28682\" title=\"Polizei \/ Vermissten Suche\">[&#8230;]<\/a><\/p>\n<\/div>","protected":false},"author":3,"featured_media":0,"comment_status":"open","ping_status":"open","sticky":false,"template":"","format":"standard","meta":{"_monsterinsights_skip_tracking":false,"_monsterinsights_sitenote_active":false,"_monsterinsights_sitenote_note":"","_monsterinsights_sitenote_category":0,"footnotes":""},"categories":[12],"tags":[7761,53,1117,5516,7760],"aioseo_notices":[],"amp_enabled":true,"_links":{"self":[{"href":"https:\/\/speyer24news.com\/index.php?rest_route=\/wp\/v2\/posts\/28682"}],"collection":[{"href":"https:\/\/speyer24news.com\/index.php?rest_route=\/wp\/v2\/posts"}],"about":[{"href":"https:\/\/speyer24news.com\/index.php?rest_route=\/wp\/v2\/types\/post"}],"author":[{"embeddable":true,"href":"https:\/\/speyer24news.com\/index.php?rest_route=\/wp\/v2\/users\/3"}],"replies":[{"embeddable":true,"href":"https:\/\/speyer24news.com\/index.php?rest_route=%2Fwp%2Fv2%2Fcomments&post=28682"}],"version-history":[{"count":2,"href":"https:\/\/speyer24news.com\/index.php?rest_route=\/wp\/v2\/posts\/28682\/revisions"}],"predecessor-version":[{"id":28837,"href":"https:\/\/speyer24news.com\/index.php?rest_route=\/wp\/v2\/posts\/28682\/revisions\/28837"}],"wp:attachment":[{"href":"https:\/\/speyer24news.com\/index.php?rest_route=%2Fwp%2Fv2%2Fmedia&parent=28682"}],"wp:term":[{"taxonomy":"category","embeddable":true,"href":"https:\/\/speyer24news.com\/index.php?rest_route=%2Fwp%2Fv2%2Fcategories&post=28682"},{"taxonomy":"post_tag","embeddable":true,"href":"https:\/\/speyer24news.com\/index.php?rest_route=%2Fwp%2Fv2%2Ftags&post=28682"}],"curies":[{"name":"wp","href":"https:\/\/api.w.org\/{rel}","templated":true}]}}