{"id":28687,"date":"2020-07-04T07:05:06","date_gmt":"2020-07-04T06:05:06","guid":{"rendered":"https:\/\/speyer24news.com\/?p=28687"},"modified":"2020-07-04T07:05:07","modified_gmt":"2020-07-04T06:05:07","slug":"speyer-corona-bekaempfung-2","status":"publish","type":"post","link":"https:\/\/speyer24news.com\/?p=28687","title":{"rendered":"Speyer \/ Corona-Bek\u00e4mpfung"},"content":{"rendered":"<style type=\"text\/css\">\r\n\t.ads_top_disp{}\r\n\t.ads_top_corner_disp{ float:left; margin:0px 10px 10px 0px; }\r\n\t.ads_first_p_disp{}\r\n\t.ads_bottom_disp{}\r\n\t<\/style>\n<h2 class=\"wp-block-heading\"><strong>Erste Testergebnisse des Abstrichzentrums liegen vor \u2013 lokale Strukturen zur Pandemiebek\u00e4mpfung von enormer Wichtigkeit<\/strong><\/h2>\n\n\n\n<div class=\"wp-block-image\"><figure class=\"aligncenter\"><img decoding=\"async\" loading=\"lazy\" width=\"500\" height=\"757\" src=\"https:\/\/speyer24news.com\/wp-content\/uploads\/2020\/07\/20200326_155113.jpg\" alt=\"\" class=\"wp-image-28688\" srcset=\"https:\/\/speyer24news.com\/wp-content\/uploads\/2020\/07\/20200326_155113.jpg 500w, https:\/\/speyer24news.com\/wp-content\/uploads\/2020\/07\/20200326_155113-198x300.jpg 198w\" sizes=\"(max-width: 500px) 100vw, 500px\" \/><\/figure><\/div>\n\n\n\n<p>Die Stadtverwaltung Speyer informiert, dass von den 110 Abstrichen, die am Mittwoch, 1. Juli 2020, im Abstrichzentrum in der Halle 101\n genommen wurden, 108 negativ sind. Positiv getestet wurden zwei Erwachsene, die weder mit dem Hans-Purrmann-Gymnasium, noch mit der Protestantischen Kindertagesst\u00e4tte Villa Kunterbunt, noch mit der Johann-Joachim-Becher-Schule\n in Zusammenhang stehen. Die Betroffenen, wohnhaft in Speyer und dem Rhein-Pfalz-Kreis, wurden durch den medizinischen Fachberater der Stadt Speyer, Dr. Klaus-Peter Wresch, bereits \u00fcber die Testergebnisse in Kenntnis gesetzt. Die jeweiligen Kontaktpersonen\n werden nun abgestrichen und m\u00fcssen sich umgehend in Quarant\u00e4ne begeben.&nbsp;<\/p>\n\n\n\n<p>Die negativ getesteten Personen werden im Laufe des Tages ebenfalls telefonisch von st\u00e4dtischer Seite informiert. Der schriftliche\n Negativbefund wird an die jeweilige Hausarztpraxis \u00fcbermittelt, wo er in der kommenden Woche eingesehen und nach telefonischer Vorsprache auch abgeholt werden kann.\n<\/p>\n\n\n\n<p>Aus pr\u00e4ventiven Gr\u00fcnden bleiben alle Quarant\u00e4neverf\u00fcgungen zun\u00e4chst bestehen und gelten entsprechend.<\/p>\n\n\n\n<div class=\"wp-block-image\"><figure class=\"aligncenter\"><img decoding=\"async\" loading=\"lazy\" width=\"500\" height=\"500\" src=\"https:\/\/speyer24news.com\/wp-content\/uploads\/2020\/02\/virus-4810549_1920.png\" alt=\"\" class=\"wp-image-25116\" srcset=\"https:\/\/speyer24news.com\/wp-content\/uploads\/2020\/02\/virus-4810549_1920.png 500w, https:\/\/speyer24news.com\/wp-content\/uploads\/2020\/02\/virus-4810549_1920-150x150.png 150w, https:\/\/speyer24news.com\/wp-content\/uploads\/2020\/02\/virus-4810549_1920-300x300.png 300w\" sizes=\"(max-width: 500px) 100vw, 500px\" \/><\/figure><\/div>\n\n\n\n<p>\u201eDie Entwicklungen dieser Woche haben gezeigt, wie enorm wichtig die st\u00e4dtischen Strukturen der Pandemiebek\u00e4mpfung sind und wie gut\n diese funktionieren. Mit einer Vorlaufzeit von gerade einmal drei Stunden wurde das Abstrichzentrum in der Halle 101 wieder hochgefahren, um so allen Betroffenen eine schnelle und unkomplizierte Testm\u00f6glichkeit zu bieten \u2013 auch an einem Mittwochnachmittag,\n an dem die Praxen der niedergelassenen \u00c4rztinnen und \u00c4rzte regelm\u00e4\u00dfig geschlossen sind\u201c, so Oberb\u00fcrgermeisterin Stefanie Seiler. \u201eDas ist eine hervorragende Leistung,\nf\u00fcr die ich mich von Herzen bei unserer Feuerwehr, dem Deutschen Roten Kreuz\nSpeyer, dem medizinischen Fachberater der Stadt,\nDr. Klaus-Peter Wresch, sowie den ortsans\u00e4ssigen Kliniken bedanken m\u00f6chte. Sie beweisen immer wieder, dass auf Sie jederzeit Verlass ist und dass die Kommunikationswege untereinander kurz\n und unmittelbar sind\u201c, so die Stadtchefin weiter. <\/p>\n\n\n\n<p>Durch die gute innerst\u00e4dtische Vernetzung ist es der Stadtverwaltung bislang gelungen, umgehend auf\n neue F\u00e4lle zu reagieren. Wie wichtig das ist, betont auch die Oberb\u00fcrgermeisterin: \u201eJe schneller wir Ma\u00dfnahmen ergreifen k\u00f6nnen, umso effektiver sind diese. F\u00fcr uns als\nInfektionsschutzbeh\u00f6rde ist die kurze und unmittelbare Kommunikation relevanter Informationen daher die wichtigste Waffe in der Pandemie-Bek\u00e4mpfung.\u201c<\/p>\n\n\n\n<p>Die Ergebnisse der 43 am Donnerstag genommenen Abstriche sowie der am Freitag noch folgenden Testungen werden am Montag erwartet. Die Stadt Speyer wird \u00fcber diese entsprechend informieren. <\/p>\n\n\n\n<p><em>Stadtverwaltung Speyer<br>04.07.2020<\/em><\/p>\n\n\n\n<h2 class=\"wp-block-heading\"><strong>Coronafallzahlen aus Speyer<\/strong><\/h2>\n\n\n\n<figure class=\"wp-block-image\"><img decoding=\"async\" loading=\"lazy\" width=\"800\" height=\"400\" src=\"https:\/\/speyer24news.com\/wp-content\/uploads\/2020\/02\/virus-1812092_1920.jpg\" alt=\"\" class=\"wp-image-25128\" srcset=\"https:\/\/speyer24news.com\/wp-content\/uploads\/2020\/02\/virus-1812092_1920.jpg 800w, https:\/\/speyer24news.com\/wp-content\/uploads\/2020\/02\/virus-1812092_1920-300x150.jpg 300w, https:\/\/speyer24news.com\/wp-content\/uploads\/2020\/02\/virus-1812092_1920-768x384.jpg 768w\" sizes=\"(max-width: 800px) 100vw, 800px\" \/><\/figure>\n\n\n\n<h2 class=\"wp-block-heading\">Freitag, 03.07.2020<\/h2>\n\n\n\n<p>Anzahl best\u00e4tigter F\u00e4lle von Coronavirus (SARS-CoV-2)-Infektionen in der Stadt Speyer: 106 <strong>+ 1 im Vergleich zu Donnerstag<\/strong><br>Davon bereits genesen: 93 <strong>Keine Ver\u00e4nderung gegen\u00fcber Vortag<\/strong><br>Todesf\u00e4lle: 2 <strong>Keine Ver\u00e4nderung gegen\u00fcber Vortag<\/strong><br>Personen in Quarant\u00e4ne: 86 <strong>+37 im Vergleich zu Donnerstag<\/strong><br>Gemeldete F\u00e4lle der letzten sieben Tage pro 100.000 Einwohner*innen: 8<\/p>\n\n\n\n<p><em>Stand: 03.07.2020, 13:00 Uhr<\/em><\/p>\n\n\n\n<p><em>Stadtverwaltung Speyer<br>04.07.2020<\/em><\/p>\n","protected":false},"excerpt":{"rendered":"<div class=\"mh-excerpt\"><p>Erste Testergebnisse des Abstrichzentrums liegen vor \u2013 lokale Strukturen zur Pandemiebek\u00e4mpfung von enormer Wichtigkeit Die Stadtverwaltung Speyer informiert, dass von den 110 Abstrichen, die am Mittwoch, 1. Juli 2020, im Abstrichzentrum in der Halle 101 <a class=\"mh-excerpt-more\" href=\"https:\/\/speyer24news.com\/?p=28687\" title=\"Speyer \/ Corona-Bek\u00e4mpfung\">[&#8230;]<\/a><\/p>\n<\/div>","protected":false},"author":3,"featured_media":25125,"comment_status":"open","ping_status":"open","sticky":false,"template":"","format":"standard","meta":{"_monsterinsights_skip_tracking":false,"_monsterinsights_sitenote_active":false,"_monsterinsights_sitenote_note":"","_monsterinsights_sitenote_category":0,"footnotes":""},"categories":[9],"tags":[6366,6940,6423,6359,6358,7003,6342,3636,7762,6,7726],"aioseo_notices":[],"amp_enabled":true,"_links":{"self":[{"href":"https:\/\/speyer24news.com\/index.php?rest_route=\/wp\/v2\/posts\/28687"}],"collection":[{"href":"https:\/\/speyer24news.com\/index.php?rest_route=\/wp\/v2\/posts"}],"about":[{"href":"https:\/\/speyer24news.com\/index.php?rest_route=\/wp\/v2\/types\/post"}],"author":[{"embeddable":true,"href":"https:\/\/speyer24news.com\/index.php?rest_route=\/wp\/v2\/users\/3"}],"replies":[{"embeddable":true,"href":"https:\/\/speyer24news.com\/index.php?rest_route=%2Fwp%2Fv2%2Fcomments&post=28687"}],"version-history":[{"count":1,"href":"https:\/\/speyer24news.com\/index.php?rest_route=\/wp\/v2\/posts\/28687\/revisions"}],"predecessor-version":[{"id":28689,"href":"https:\/\/speyer24news.com\/index.php?rest_route=\/wp\/v2\/posts\/28687\/revisions\/28689"}],"wp:featuredmedia":[{"embeddable":true,"href":"https:\/\/speyer24news.com\/index.php?rest_route=\/wp\/v2\/media\/25125"}],"wp:attachment":[{"href":"https:\/\/speyer24news.com\/index.php?rest_route=%2Fwp%2Fv2%2Fmedia&parent=28687"}],"wp:term":[{"taxonomy":"category","embeddable":true,"href":"https:\/\/speyer24news.com\/index.php?rest_route=%2Fwp%2Fv2%2Fcategories&post=28687"},{"taxonomy":"post_tag","embeddable":true,"href":"https:\/\/speyer24news.com\/index.php?rest_route=%2Fwp%2Fv2%2Ftags&post=28687"}],"curies":[{"name":"wp","href":"https:\/\/api.w.org\/{rel}","templated":true}]}}