{"id":28917,"date":"2020-07-08T10:49:03","date_gmt":"2020-07-08T09:49:03","guid":{"rendered":"https:\/\/speyer24news.com\/?p=28917"},"modified":"2020-07-08T10:49:05","modified_gmt":"2020-07-08T09:49:05","slug":"hockenheim-62","status":"publish","type":"post","link":"https:\/\/speyer24news.com\/?p=28917","title":{"rendered":"Hockenheim"},"content":{"rendered":"<style type=\"text\/css\">\r\n\t.ads_top_disp{}\r\n\t.ads_top_corner_disp{ float:left; margin:0px 10px 10px 0px; }\r\n\t.ads_first_p_disp{}\r\n\t.ads_bottom_disp{}\r\n\t<\/style>\n<figure class=\"wp-block-image\"><img decoding=\"async\" loading=\"lazy\" width=\"800\" height=\"559\" src=\"https:\/\/speyer24news.com\/wp-content\/uploads\/2020\/01\/1250-Jahre-Hockenheim.jpg\" alt=\"\" class=\"wp-image-23860\" srcset=\"https:\/\/speyer24news.com\/wp-content\/uploads\/2020\/01\/1250-Jahre-Hockenheim.jpg 800w, https:\/\/speyer24news.com\/wp-content\/uploads\/2020\/01\/1250-Jahre-Hockenheim-300x210.jpg 300w, https:\/\/speyer24news.com\/wp-content\/uploads\/2020\/01\/1250-Jahre-Hockenheim-768x537.jpg 768w\" sizes=\"(max-width: 800px) 100vw, 800px\" \/><\/figure>\n\n\n\n<h2 class=\"wp-block-heading\"><strong>\u00d6ffentliche Sitzung des\nHauptausschusses am 14. Juli<\/strong><\/h2>\n\n\n\n<p>Am <strong>Dienstag, dem 14.07.2020, 17:00\nUhr, <\/strong>findet im B\u00fcrgersaal des Rathauses eine \u00f6ffentliche Sitzung des Hauptausschusses statt.<\/p>\n\n\n\n<p>Es wird darum gebeten,\nw\u00e4hrend dieser Sitzung eine Mund- und Nasenbedeckung zu tragen, sofern keine\nBefreiung durch eine \u00e4rztliche Bescheinigung mitgef\u00fchrt wird. Die\nStadtverwaltung folgt damit den allgemeing\u00fcltigen Hygieneempfehlungen, um einen\nBeitrag zur Eind\u00e4mmung des Coronavirus zu leisten.<\/p>\n\n\n\n<p>Der\nB\u00fcrgersaal wird an diesem Tag aufgrund von Wartungs- und Reparaturarbeiten am\nFahrstuhl im Eingangsbereich der Ottostra\u00dfe nicht barrierefrei erreichbar sein.\nEine Anmeldung zum barrierefreien Zutritt zur Sitzung sollte zur besseren\nPlanung vor dem Sitzungstermin an der zentralen Information\nunter 06205 21-0 stattfinden.<\/p>\n\n\n\n<p>Auf der Tagesordnung stehen folgende Punkte:<\/p>\n\n\n\n<ol><li>Besucherfragen<\/li><li>Einf\u00fchrung\/Angebot\nJob-Ticket, Vorlage: 11\/2020\/061<\/li><li>Mitteilungen\nder Verwaltung <\/li><li>Anfragen aus der Mitte des Gremiums<\/li><\/ol>\n\n\n\n<p>Alle interessierten B\u00fcrger sind zur Sitzung herzlich\neingeladen.<\/p>\n\n\n\n<p>Die Beratungsvorlagen k\u00f6nnen auch vorab \u00fcber das B\u00fcrgerinfoportal Session auf der Internetseite <a href=\"https:\/\/www.hockenheim.de\/sitzungstermine\">https:\/\/www.hockenheim.de\/sitzungstermine<\/a> abgerufen werden. <\/p>\n\n\n\n<p><em>Stadtverwaltung Hockenheim<\/em><br><em>08.07.2020<\/em><\/p>\n\n\n\n<h2 class=\"wp-block-heading\"><strong>Rathaus nicht\nbarrierefrei erreichbar<\/strong><\/h2>\n\n\n\n<p>Aufgrund von Wartungs- und Reparaturarbeiten am Fahrstuhl im Eingangsbereich der Ottostra\u00dfe sind die R\u00e4umlichkeiten des Rathauses Hockenheim in der Zeit <strong>vom 13. Juli bis einschlie\u00dflich 16. Juli 2020<\/strong> nicht barrierefrei erreichbar. Die B\u00fcros im Erdgeschoss sowie die B\u00fcros im Altbau sind davon nicht betroffen. <\/p>\n\n\n\n<p>Sollten Besucher, die einen\nbarrierefreien Zutritt ben\u00f6tigen, an diesen Tagen einen Termin in den\nbetroffenen Obergeschossen des Rathausgeb\u00e4udes wahrnehmen, bitten wir um kurze\ntelefonische Anmeldung bis einen Tag vor dem Termin beim zust\u00e4ndigen\nSachbearbeiter oder alternativ an der zentralen Information unter 06205 21-0. <\/p>\n\n\n\n<p>Ebenso ist eine Anmeldung f\u00fcr die\nin diesem Zeitraum stattfindenden \u00f6ffentlichen Teile der Sitzung des\nAusschusses f\u00fcr Technik, Umwelt und Verkehr am 13. Juli, des Hauptausschusses\nam 14. Juli, des Werkausschusses am 15. Juli sowie des Ausschusses Soziales,\nJugend, Kultur und Sport am 16. Juli an der zentralen Information (06205 21-0)\nm\u00f6glich. Eine Anmeldung zum barrierefreien Zutritt zu den Sitzungen sollte zur\nbesseren Planung ebenso einen Tag vor dem jeweiligen Sitzungstermin\nstattfinden.<\/p>\n\n\n\n<p><em>Stadtverwaltung Hockenheim<\/em><br><em>08.07.2020<\/em><\/p>\n\n\n\n<h2 class=\"wp-block-heading\"><strong>\u00d6ffentliche Sitzung des\nTechnischen Ausschusses am 13. Juli<\/strong><\/h2>\n\n\n\n<p>Am <strong>Montag, dem 13.07.2020, 17:00\nUhr, <\/strong>findet im B\u00fcrgersaal des Rathauses eine \u00f6ffentliche Sitzung des Ausschusses f\u00fcr Technik, Umwelt und\nVerkehr statt.<\/p>\n\n\n\n<p>Es wird darum gebeten,\nw\u00e4hrend dieser Sitzung eine Mund- und Nasenbedeckung zu tragen, sofern keine\nBefreiung durch eine \u00e4rztliche Bescheinigung mitgef\u00fchrt wird. Die\nStadtverwaltung folgt damit den allgemeing\u00fcltigen Hygieneempfehlungen, um einen\nBeitrag zur Eind\u00e4mmung des Coronavirus zu leisten.<\/p>\n\n\n\n<p>Der\nB\u00fcrgersaal wird an diesem Tag aufgrund von Wartungs- und Reparaturarbeiten am\nFahrstuhl im Eingangsbereich der Ottostra\u00dfe nicht barrierefrei erreichbar sein.\nEine Anmeldung zum barrierefreien Zutritt zur Sitzung sollte zur besseren\nPlanung vor dem Sitzungstermin an der zentralen Information\nunter 06205 21-0 stattfinden.<\/p>\n\n\n\n<p>Auf der Tagesordnung stehen folgende Punkte:<\/p>\n\n\n\n<ol><li>Besucherfragen<\/li><li>Grundschule+\nInformationen Auftragsvergaben, Vorlage: 60.1\/2020\/095<\/li><li>Grundschule+\n&#8211; Auftragsvergabe Einrichtung, Vorlage: 60.1\/2020\/098<\/li><li>Begehung\ndiverser Liegenschaften, Vorlage: 60.1\/2020\/099<\/li><li>Mitteilungen\nder Verwaltung <\/li><li>Anfragen aus der Mitte des Gremiums<\/li><\/ol>\n\n\n\n<p>Alle interessierten B\u00fcrger sind zur Sitzung herzlich eingeladen. Die Beratungsvorlagen k\u00f6nnen auch vorab \u00fcber das B\u00fcrgerinfoportal Session auf der Internetseite <a href=\"https:\/\/www.hockenheim.de\/sitzungstermine\">https:\/\/www.hockenheim.de\/sitzungstermine<\/a> abgerufen werden. <\/p>\n\n\n\n<p><em>Stadtverwaltung Hockenheim<\/em><br><em>08.07.2020<\/em><\/p>\n\n\n\n<h2 class=\"wp-block-heading\"><strong>Steuersenkung wird in vollem Umfang weitergegeben<\/strong><\/h2>\n\n\n\n<div class=\"wp-block-image\"><figure class=\"aligncenter\"><img decoding=\"async\" loading=\"lazy\" width=\"640\" height=\"213\" src=\"https:\/\/speyer24news.com\/wp-content\/uploads\/2020\/05\/Stadtwerke-Hockenheim-Logo.png\" alt=\"\" class=\"wp-image-27263\" srcset=\"https:\/\/speyer24news.com\/wp-content\/uploads\/2020\/05\/Stadtwerke-Hockenheim-Logo.png 640w, https:\/\/speyer24news.com\/wp-content\/uploads\/2020\/05\/Stadtwerke-Hockenheim-Logo-300x100.png 300w\" sizes=\"(max-width: 640px) 100vw, 640px\" \/><\/figure><\/div>\n\n\n\n<p>Um\ndie wirtschaftlichen Folgen der Corona-Pandemie entschlossen anzugehen, hat die\nBundesregierung umfangreiche Ma\u00dfnahmen beschlossen. Dazu z\u00e4hlt insbesondere die\nbefristete Senkung der Umsatzsteuer vom 01. Juli bis zum 31.Dezember 2020.<\/p>\n\n\n\n<p>Diese\nUmsatzsteuerreduzierung geben die Stadtwerke Hockenheim im vollen Umfang an Ihre\nKunden weiter. Im Bereich Strom, Gas, W\u00e4rme reduziert sich die Umsatzsteuer von\n19 auf 16 Prozent und f\u00fcr Wasser erfolgt eine Reduzierung von 7 auf 5 Prozent.\nAbwasser und Niederschlagswasser bleiben umsatzsteuerfrei.<\/p>\n\n\n\n<p>F\u00fcr\nKunden der Stadtwerke Hockenheim, die zwischen dem 01. Juli 2020 und 31.\nDezember 2020 abgerechnet werden, wird\nder reduzierte Steuersatz r\u00fcckwirkend\nvom 01.01.2020 f\u00fcr den gesamten Abrechnungszeitraum gew\u00e4hrt. Dies gilt\nf\u00fcr die Jahresendabrechnung zum 31.12.2020. Eine Zwischenablesung ist daher nichtnotwendig. Bestehende\nAbschlagspl\u00e4ne bleiben unver\u00e4ndert. Die Korrektur der Umsatzsteuer erfolgt mit\nder Jahresendabrechnung.<\/p>\n\n\n\n<p><em>Stadtwerke Hockenheim<\/em><br><em>08.07.2020<\/em><\/p>\n\n\n\n<h2 class=\"wp-block-heading\"><strong>Erinnerungen von fast 40 Jahren<\/strong><\/h2>\n\n\n\n<div class=\"wp-block-image\"><figure class=\"aligncenter\"><img decoding=\"async\" loading=\"lazy\" width=\"800\" height=\"632\" src=\"https:\/\/speyer24news.com\/wp-content\/uploads\/2020\/07\/2020-07-03-Verwaltung_Verabschiedung-B\u00fcchner.jpg\" alt=\"\" class=\"wp-image-28919\" srcset=\"https:\/\/speyer24news.com\/wp-content\/uploads\/2020\/07\/2020-07-03-Verwaltung_Verabschiedung-B\u00fcchner.jpg 800w, https:\/\/speyer24news.com\/wp-content\/uploads\/2020\/07\/2020-07-03-Verwaltung_Verabschiedung-B\u00fcchner-300x237.jpg 300w, https:\/\/speyer24news.com\/wp-content\/uploads\/2020\/07\/2020-07-03-Verwaltung_Verabschiedung-B\u00fcchner-768x607.jpg 768w\" sizes=\"(max-width: 800px) 100vw, 800px\" \/><figcaption>v.l.: Ein Blumenstrau\u00df als kleiner Abschiedsgru\u00df: Sigrid B\u00fcchner (vorne rechts) ist von OB Marcus Zeitler, Personalrat Johannes Lienstromberg, Schulleiterin Anja Kaiser und Fachbereichsleiter Daniel Ernst verabschiedet worden  <\/figcaption><\/figure><\/div>\n\n\n\n<p>\u201eIch w\u00fcnsche Ihnen Gesundheit, viel\nZeit das zu genie\u00dfen, was man sich \u00fcber die Jahre aufgebaut hat und vor allen\nDingen, dass Sie mit Freude nach in die Zukunft schauen!\u201c w\u00fcnschte\nOberb\u00fcrgermeister Marcus Zeitler Sigrid B\u00fcchner, die &nbsp;im Rahmen einer kleinen Feierstunde im Rathaus\nin den verdienten Ruhestand verabschiedet wurde.&nbsp; <\/p>\n\n\n\n<p>Damit endet f\u00fcr die Schulsekret\u00e4rin\neine fast 40-j\u00e4hrige berufliche T\u00e4tigkeit am Carl-Friedrich-Gau\u00df-Gymnasium. An\nder kleinen Feierstunde nahmen neben Oberb\u00fcrgermeister Marcus Zeitler auch\nDaniel Ernst (Fachbereichsleiter Soziales, Bildung, Kultur und Sport), Schulleiterin\nAnja Kaiser und Personalrat Johannes Lienstromberg teil, der selbst viele Jahre\nmit Sigrid B\u00fcchner zusammengearbeitet hatte.<\/p>\n\n\n\n<p>Sigrid B\u00fcchner wurde 1958 in Hockenheim\ngeboren und war seit 2. Januar 1981 als Schulsekret\u00e4rin am\nCarl-Friedrich-Gau\u00df-Gymnasium besch\u00e4ftigt. Zum 1. Juli 2020 tritt sie in die\nFreizeitphase der Altersteilzeit ein, um ab dem 1. Februar 2022 in den Altersruhestand\n\u00fcber zu gehen.<\/p>\n\n\n\n<p>\u201eFrau B\u00fcchner hat immer die Ruhe bewahrt, hatte ein offenes Ohr\nf\u00fcr die Kinder und Lehrer, war sehr gut organisiert und sie hatte immer einen\nPlan und eine Struktur, das habe ich besonders gesch\u00e4tzt. Darauf konnte ich\nmich jederzeit verlassen\u201c, berichtet Anja Kaiser r\u00fcckblickend, die B\u00fcchner auch\nschon als Sch\u00fclerin kennengelernt hatte.<\/p>\n\n\n\n<p>Auf ihre T\u00e4tigkeit als Schulsekret\u00e4rin blickt Sigrid B\u00fcchner mit\nFreude zur\u00fcck. \u201eIch habe insgesamt vier Schulleiter erlebt. Kein Tag war wie\nder andere, das hat die T\u00e4tigkeit so abwechslungsreich und vielseitig gemacht\u201c,\nfasste sie ihre Empfindungen bei der kleinen Feierstunde zusammen. <\/p>\n\n\n\n<p>An ihr Vorstellungsgespr\u00e4ch bei der Stadtverwaltung Hockenheim an einem Samstagmorgen im Rathaus k\u00f6nne sie sich noch gut erinnern. Und auch daran, dass am Montag drauf gleich die Zusage kam. Das freute B\u00fcchner damals sehr, war sie als junges M\u00e4dchen selbst einmal Sch\u00fclerin des Carl-Friedrich-Gau\u00df-Gymnasiums.  Gerade in den letzten Jahren traf sie bei den Infoabenden der F\u00fcnftkl\u00e4ssler vermehrt auf Eltern, die fr\u00fcher selbst einmal Sch\u00fcler am CFG waren. \u201eDas war immer ein besonders sch\u00f6nes Wiedersehen\u201c, berichtet sie. Sigrid B\u00fcchner m\u00f6chte die kommende Zeit erst einmal geruhsam angehen. Sie freut sich auf die Freizeit mit den Enkeln und der Familie, aber auch auf das Mehr an Zeit f\u00fcr sich. \u201eAls kleines Erinnerungsst\u00fcck bekommt mein Namensschild mit dem Logo des Gau\u00df-Gymnasiums einen besonderen Platz zu Hause\u201c. <\/p>\n\n\n\n<p><em>Stadtverwaltung Hockenheim<\/em><br><em>08.07.2020<\/em><\/p>\n\n\n\n<h2 class=\"wp-block-heading\"><strong>Ein St\u00fcck Aquadrom f\u00fcr den Sommer<\/strong><\/h2>\n\n\n\n<div class=\"wp-block-image\"><figure class=\"aligncenter\"><img decoding=\"async\" loading=\"lazy\" width=\"500\" height=\"750\" src=\"https:\/\/speyer24news.com\/wp-content\/uploads\/2020\/07\/2020-07-02_Stadtwerke-Lagerverkauf-Aquadrom.jpg\" alt=\"\" class=\"wp-image-28918\" srcset=\"https:\/\/speyer24news.com\/wp-content\/uploads\/2020\/07\/2020-07-02_Stadtwerke-Lagerverkauf-Aquadrom.jpg 500w, https:\/\/speyer24news.com\/wp-content\/uploads\/2020\/07\/2020-07-02_Stadtwerke-Lagerverkauf-Aquadrom-200x300.jpg 200w\" sizes=\"(max-width: 500px) 100vw, 500px\" \/><figcaption>Beim Lagerverkauf am Aquadrom l\u00e4sst sich das ein oder andere Badebekleidungsschn\u00e4ppchen ergattern. <\/figcaption><\/figure><\/div>\n\n\n\n<p>Die Sommersaison des Aquadrom Hockenheim w\u00e4re jetzt in vollem Gang und auch die Planungen f\u00fcr die Sommersaison 2020 waren mit Beginn der Corona-bedingten Schlie\u00dfung l\u00e4ngst abgeschlossen. Damit die Badebekleidung, die sonst \u00fcblicherweise im Foyer des Aquadrom zu erstehen ist, trotzdem noch ein wenig Sommergef\u00fchl herbeizaubern kann, wird es am <strong>Mittwoch, dem 8. Juli 2020<\/strong>, einen Lagerverkauf auf dem Parkplatz des Aquadrom in der Beethovenstra\u00dfe 41 geben. <\/p>\n\n\n\n<p>Im Zeitraum von 9-13 Uhr kann sich ein\nSommerbekleidungsschn\u00e4ppchen gesichert werden. Zum Verkauf stehen Bademode f\u00fcr\nDamen, Herren, Kinder, Badeschuhe und diverse Schwimmartikel mit einer\nReduzierung von bis zu 50 Prozent. <\/p>\n\n\n\n<p>Die Aktion gilt nur solange der Vorrat reicht. Eine Bezahlung mit Karte wird aufgrund der aktuellen Situation bevorzugt, aber auch Bargeld wird akzeptiert. Eine Umkleidekabine wird zur Anprobe vor Ort sein. Die reduzierten Artikel sind vom Umtausch ausgeschlossen. Damit die Hygieneregeln eingehalten werden, sollte auf ausreichend Abstand zueinander geachtet und eine Mund-Nasen-Bedeckung getragen werden. <\/p>\n\n\n\n<p><em>Stadtwerke Hockenheim \/ Aquadrom<br>08.07.2020<\/em><\/p>\n\n\n\n<h1 class=\"wp-block-heading\" style=\"text-align:center\">Verkehrsnotizen<\/h1>\n\n\n\n<div class=\"wp-block-image\"><figure class=\"aligncenter\"><img decoding=\"async\" loading=\"lazy\" width=\"800\" height=\"565\" src=\"https:\/\/speyer24news.com\/wp-content\/uploads\/2020\/01\/Baustelle-2.jpg\" alt=\"\" class=\"wp-image-23900\" srcset=\"https:\/\/speyer24news.com\/wp-content\/uploads\/2020\/01\/Baustelle-2.jpg 800w, https:\/\/speyer24news.com\/wp-content\/uploads\/2020\/01\/Baustelle-2-300x212.jpg 300w, https:\/\/speyer24news.com\/wp-content\/uploads\/2020\/01\/Baustelle-2-768x542.jpg 768w\" sizes=\"(max-width: 800px) 100vw, 800px\" \/><\/figure><\/div>\n\n\n\n<h2 class=\"wp-block-heading\"><strong>K\u00f6rnerstra\u00dfe auf H\u00f6he\nHausnummer 7 gesperrt <\/strong><\/h2>\n\n\n\n<p>Die K\u00f6rnerstra\u00dfe in Hockenheim wird in H\u00f6he Hausnummer 7 <strong>vom 08.07. bis zur Beendigung der Arbeiten, l\u00e4ngstens bis 22.07.2020<\/strong> vollst\u00e4ndig gesperrt.\u00a0 <\/p>\n\n\n\n<p>Der\nVerkehr wird umgeleitet \u00fcber Hebelstra\u00dfe \u2013 Hubertusstra\u00dfe \u2013 Luisenstra\u00dfe bzw.\nHebelstra\u00dfe \u2013 Jahnstra\u00dfe \u2013 Luisenstra\u00dfe sowie jeweils umgekehrt. Der\nAnliegerverkehr ist bis zur Baustelle zugelassen.<\/p>\n\n\n\n<h2 class=\"wp-block-heading\"><strong>Verkehrsbeeintr\u00e4chtigungen in der Eisenbahnstra\u00dfe &amp; Magdeburger Stra\u00dfe<\/strong><\/h2>\n\n\n\n<div class=\"wp-block-image\"><figure class=\"aligncenter\"><img decoding=\"async\" src=\"https:\/\/speyer24news.com\/wp-content\/uploads\/2020\/01\/Vollsperrung.jpg\" alt=\"\" class=\"wp-image-23970\"\/><\/figure><\/div>\n\n\n\n<p>Die Eisenbahnstra\u00dfe in Hockenheim wird an mehreren Positionen <strong>seit Montag, dem 06. Juli bis zur Beendigung der Arbeiten, jedoch l\u00e4ngstens bis Freitag, dem 31. Juli 2020<\/strong>, teilweise gesperrt. Grund daf\u00fcr sind Arbeiten im Stra\u00dfenraum. Der Verkehr wird nicht umgeleitet. <\/p>\n\n\n\n<p>Die Magdeburger Stra\u00dfe in H\u00f6he Hausnummer 13 ist ebenfalls <strong>seit 6. Juli bis voraussichtlich 17. Juli 2020<\/strong> vollst\u00e4ndig gesperrt. <\/p>\n\n\n\n<p>Eine Umleitung erfolgt \u00fcber Berlinallee\n\u2013 Leipziger Stra\u00dfe \u2013 Schweriner Weg sowie Berlinallee \u2013 Schwetzinger Stra\u00dfe \u2013\nSchweriner Weg sowie jeweils umgekehrt. Der Anliegerverkehr ist bis zur\nBaustelle zugelassen. &nbsp;<\/p>\n\n\n\n<h2 class=\"wp-block-heading\">Sperrungen verl\u00e4ngert<\/h2>\n\n\n\n<p>Die Arbeiten im Stra\u00dfenraum in der Herderstra\u00dfe auf H\u00f6he des Kreuzungsbereichs zur Kantstra\u00dfe verz\u00f6gern sich <strong>bis voraussichtlich 17. Juli 2020<\/strong> aufgrund von Arbeiten am Telekommunikationsnetz. Der Anliegerverkehr ist bis zur Baustelle zugelassen, eine Umleitung ist eingerichtet und eine entsprechende Beschilderung vor Ort angebracht. <\/p>\n\n\n\n<p>Ebenso verl\u00e4ngert wird die Stra\u00dfensperrung Wilhelm-Hertz-Stra\u00dfe auf H\u00f6he Hausnummer 63-61 <strong>bis voraussichtlich zum 17. Juli.<\/strong> Dies betrifft auch den parallel verlaufenden Wirtschaftsweg auf gleicher H\u00f6he. <br> Umgeleitet wird \u00fcber Wilhelm-Herz-Stra\u00dfe \u2013 Hermann-B\u00f6hm-Stra\u00dfe und Ayrton-Senna-Stra\u00dfe sowie umgekehrt. Der Anliegerverkehr ist bis zur Baustelle zugelassen.<\/p>\n\n\n\n<p>Die Sperrung in der Wilhelm-Hertz-Stra\u00dfe auf H\u00f6he Hausnummer 127 wird <strong>bis voraussichtlich den 7. August 2020 verl\u00e4ngert<\/strong>. Eine Umleitung findet \u00fcber Jim Clark Stra\u00dfe und Jochen-Rindt-Stra\u00dfe, sowie umgekehrt, statt. Der Anliegerverkehr ist ebenfalls bis zur Baustelle zugelassen.<\/p>\n\n\n\n<p><em>Stadtverwaltung Hockenheim<br>08.07.2020<\/em><\/p>\n","protected":false},"excerpt":{"rendered":"<div class=\"mh-excerpt\"><p>\u00d6ffentliche Sitzung des Hauptausschusses am 14. Juli Am Dienstag, dem 14.07.2020, 17:00 Uhr, findet im B\u00fcrgersaal des Rathauses eine \u00f6ffentliche Sitzung des Hauptausschusses statt. Es wird darum gebeten, w\u00e4hrend dieser Sitzung eine Mund- und Nasenbedeckung <a class=\"mh-excerpt-more\" href=\"https:\/\/speyer24news.com\/?p=28917\" title=\"Hockenheim\">[&#8230;]<\/a><\/p>\n<\/div>","protected":false},"author":3,"featured_media":23861,"comment_status":"open","ping_status":"open","sticky":false,"template":"","format":"standard","meta":{"_monsterinsights_skip_tracking":false,"_monsterinsights_sitenote_active":false,"_monsterinsights_sitenote_note":"","_monsterinsights_sitenote_category":0,"footnotes":""},"categories":[489],"tags":[889,7902,7896,7476,108,5435,7901,7903,6121,7899,7900,492,7897,5142,7898,658,7474,7904],"aioseo_notices":[],"amp_enabled":true,"_links":{"self":[{"href":"https:\/\/speyer24news.com\/index.php?rest_route=\/wp\/v2\/posts\/28917"}],"collection":[{"href":"https:\/\/speyer24news.com\/index.php?rest_route=\/wp\/v2\/posts"}],"about":[{"href":"https:\/\/speyer24news.com\/index.php?rest_route=\/wp\/v2\/types\/post"}],"author":[{"embeddable":true,"href":"https:\/\/speyer24news.com\/index.php?rest_route=\/wp\/v2\/users\/3"}],"replies":[{"embeddable":true,"href":"https:\/\/speyer24news.com\/index.php?rest_route=%2Fwp%2Fv2%2Fcomments&post=28917"}],"version-history":[{"count":1,"href":"https:\/\/speyer24news.com\/index.php?rest_route=\/wp\/v2\/posts\/28917\/revisions"}],"predecessor-version":[{"id":28920,"href":"https:\/\/speyer24news.com\/index.php?rest_route=\/wp\/v2\/posts\/28917\/revisions\/28920"}],"wp:featuredmedia":[{"embeddable":true,"href":"https:\/\/speyer24news.com\/index.php?rest_route=\/wp\/v2\/media\/23861"}],"wp:attachment":[{"href":"https:\/\/speyer24news.com\/index.php?rest_route=%2Fwp%2Fv2%2Fmedia&parent=28917"}],"wp:term":[{"taxonomy":"category","embeddable":true,"href":"https:\/\/speyer24news.com\/index.php?rest_route=%2Fwp%2Fv2%2Fcategories&post=28917"},{"taxonomy":"post_tag","embeddable":true,"href":"https:\/\/speyer24news.com\/index.php?rest_route=%2Fwp%2Fv2%2Ftags&post=28917"}],"curies":[{"name":"wp","href":"https:\/\/api.w.org\/{rel}","templated":true}]}}