{"id":28933,"date":"2020-07-09T07:29:02","date_gmt":"2020-07-09T06:29:02","guid":{"rendered":"https:\/\/speyer24news.com\/?p=28933"},"modified":"2020-07-09T07:29:04","modified_gmt":"2020-07-09T06:29:04","slug":"speyer-bildung","status":"publish","type":"post","link":"https:\/\/speyer24news.com\/?p=28933","title":{"rendered":"Speyer \/ Bildung"},"content":{"rendered":"<style type=\"text\/css\">\r\n\t.ads_top_disp{}\r\n\t.ads_top_corner_disp{ float:left; margin:0px 10px 10px 0px; }\r\n\t.ads_first_p_disp{}\r\n\t.ads_bottom_disp{}\r\n\t<\/style>\n<h2 class=\"wp-block-heading\"><strong>Sommerschule in Speyer vom 3. bis 14. August 2020 \u2013 Anmeldung ab sofort m\u00f6glich<\/strong><\/h2>\n\n\n\n<div class=\"wp-block-image\"><figure class=\"aligncenter\"><img decoding=\"async\" loading=\"lazy\" width=\"800\" height=\"311\" src=\"https:\/\/speyer24news.com\/wp-content\/uploads\/2020\/07\/Sommerschule.png\" alt=\"\" class=\"wp-image-28934\" srcset=\"https:\/\/speyer24news.com\/wp-content\/uploads\/2020\/07\/Sommerschule.png 800w, https:\/\/speyer24news.com\/wp-content\/uploads\/2020\/07\/Sommerschule-300x117.png 300w, https:\/\/speyer24news.com\/wp-content\/uploads\/2020\/07\/Sommerschule-768x299.png 768w\" sizes=\"(max-width: 800px) 100vw, 800px\" \/><\/figure><\/div>\n\n\n\n<p>Die Stadt Speyer wird im Rahmen des Ferienbildungsprogramm \u201eSommerschule\u201c <strong>vom 3. August bis 14. August 2020<\/strong> an drei Standorten  ein p\u00e4dagogisches Angebote f\u00fcr Sch\u00fcler*innen der Klassenstufen 1 bis 8 anbieten. Die vom Land Rheinland-Pfalz initiierte und kostenfreie Sommerschule kann f\u00fcr eine Woche je Schulkind besucht werden und legt den Fokus auf die F\u00e4cher Mathematik und Deutsch.  <strong><em>Anmeldungen nimmt die Stadt ab sofort bis zum 17. Juli 2020 entgegen.<\/em><\/strong><\/p>\n\n\n\n<p>Die Sommerschule, die montags bis freitags von 9.00 bis 12.00 Uhr in den beiden letzten Sommerferienwochen stattfindet,\n wird an folgenden Speyerer Schulen eingerichtet:<\/p>\n\n\n\n<ul><li>Woogbachschule f\u00fcr Sch\u00fcler*innen der Klassenstufe 1 bis 4<\/li><li>Siedlungsschule f\u00fcr Sch\u00fcler*innen der Klassenstufen 1 bis 8<\/li><li>Berufsbildende Schule f\u00fcr Sch\u00fcler*innen der Klassenstufen 5 bis 8.<\/li><\/ul>\n\n\n\n<p>F\u00fcr die Durchf\u00fchrung der Sommerschule stellt das Land Rheinland-Pfalz freiwillige Helfer*innen zur Verf\u00fcgung, welche den\n Sch\u00fcler*innen in den F\u00e4chern Deutsch und Mathematik eine Vertiefung des Lernstoffs erm\u00f6glichen. Die Anmeldung zur Sommerschule ist f\u00fcr eine Woche je Schulkind m\u00f6glich. Die Teilnahme am Angebot ist freiwillig und kostenlos. Eine Anmeldung aber verpflichtend\n und verbindlich. <\/p>\n\n\n\n<p>Anmeldungen nimmt das zust\u00e4ndige Schulamt ab sofort bis sp\u00e4testens 17. Juli 2020 per E-Mail mit dem Betreff \u201eSommerschule\u201c\n unter <a href=\"mailto:schuleundsport@stadt-speyer.de\" target=\"_blank\" rel=\"noreferrer noopener\">schuleundsport@stadt-speyer.de<\/a> entgegen. Sollte die Anmeldung per E-Mail nicht m\u00f6glich sein, kann die Anmeldung auch telefonisch erfolgen unter 06232-14-2433. Sp\u00e4tere Anmeldungen k\u00f6nnen aus organisatorischen\n Gr\u00fcnden leider nicht mehr ber\u00fccksichtigt werden. Bei kurzfristiger Verhinderung wird darum gebeten, das Kind abzumelden bzw. zu entschuldigen.<\/p>\n\n\n\n<p>Folgende Daten sind bei der Anmeldung zwingend anzugeben: Vor- und Nachname des Kindes, Adresse, eine Notfallnummer und\n die besuchte Schule sowie die Klassenstufe im vergangenen Schuljahr 2019\/20. Zudem die Wunschwoche (3. bis 7. August oder 10. bis 14. August 2020) und den Veranstaltungsort der gew\u00fcnschten Sommerschule (Woogbachschule Siedlungsschule oder Berufsbildende Schule).\n<\/p>\n\n\n\n<p>Weitere Informationen zum Ferienbildungsprogramm des Landes gibt es unter <a rel=\"noreferrer noopener\" href=\"https:\/\/deref-web.de\/mail\/client\/AllShoDddRg\/dereferrer\/?redirectUrl=https%3A%2F%2Fferien.bildung-rp.de%2F\" target=\"_blank\">https:\/\/ferien.bildung-rp.de\/<\/a>. Zum jetzigen Zeitpunkt liegen der Stadt bereits 34 Anmeldungen vor. Insgesamt kann die Stadt Speyer bis zu 300 Pl\u00e4tze zur Verf\u00fcgung stellen.<\/p>\n\n\n\n<p><em>Stadtverwaltung Speyer<br>09.07.2020<\/em><\/p>\n","protected":false},"excerpt":{"rendered":"<div class=\"mh-excerpt\"><p>Sommerschule in Speyer vom 3. bis 14. August 2020 \u2013 Anmeldung ab sofort m\u00f6glich Die Stadt Speyer wird im Rahmen des Ferienbildungsprogramm \u201eSommerschule\u201c vom 3. August bis 14. August 2020 an drei Standorten ein p\u00e4dagogisches <a class=\"mh-excerpt-more\" href=\"https:\/\/speyer24news.com\/?p=28933\" title=\"Speyer \/ Bildung\">[&#8230;]<\/a><\/p>\n<\/div>","protected":false},"author":3,"featured_media":23902,"comment_status":"open","ping_status":"open","sticky":false,"template":"","format":"standard","meta":{"_monsterinsights_skip_tracking":false,"_monsterinsights_sitenote_active":false,"_monsterinsights_sitenote_note":"","_monsterinsights_sitenote_category":0,"footnotes":""},"categories":[9],"tags":[7914,7911,7913,7909,7910,7908,7912],"aioseo_notices":[],"amp_enabled":true,"_links":{"self":[{"href":"https:\/\/speyer24news.com\/index.php?rest_route=\/wp\/v2\/posts\/28933"}],"collection":[{"href":"https:\/\/speyer24news.com\/index.php?rest_route=\/wp\/v2\/posts"}],"about":[{"href":"https:\/\/speyer24news.com\/index.php?rest_route=\/wp\/v2\/types\/post"}],"author":[{"embeddable":true,"href":"https:\/\/speyer24news.com\/index.php?rest_route=\/wp\/v2\/users\/3"}],"replies":[{"embeddable":true,"href":"https:\/\/speyer24news.com\/index.php?rest_route=%2Fwp%2Fv2%2Fcomments&post=28933"}],"version-history":[{"count":1,"href":"https:\/\/speyer24news.com\/index.php?rest_route=\/wp\/v2\/posts\/28933\/revisions"}],"predecessor-version":[{"id":28935,"href":"https:\/\/speyer24news.com\/index.php?rest_route=\/wp\/v2\/posts\/28933\/revisions\/28935"}],"wp:featuredmedia":[{"embeddable":true,"href":"https:\/\/speyer24news.com\/index.php?rest_route=\/wp\/v2\/media\/23902"}],"wp:attachment":[{"href":"https:\/\/speyer24news.com\/index.php?rest_route=%2Fwp%2Fv2%2Fmedia&parent=28933"}],"wp:term":[{"taxonomy":"category","embeddable":true,"href":"https:\/\/speyer24news.com\/index.php?rest_route=%2Fwp%2Fv2%2Fcategories&post=28933"},{"taxonomy":"post_tag","embeddable":true,"href":"https:\/\/speyer24news.com\/index.php?rest_route=%2Fwp%2Fv2%2Ftags&post=28933"}],"curies":[{"name":"wp","href":"https:\/\/api.w.org\/{rel}","templated":true}]}}