{"id":29120,"date":"2020-07-15T12:41:36","date_gmt":"2020-07-15T11:41:36","guid":{"rendered":"https:\/\/speyer24news.com\/?p=29120"},"modified":"2020-07-15T12:42:24","modified_gmt":"2020-07-15T11:42:24","slug":"corona-virus-2","status":"publish","type":"post","link":"https:\/\/speyer24news.com\/?p=29120","title":{"rendered":"Corona-Virus"},"content":{"rendered":"<style type=\"text\/css\">\r\n\t.ads_top_disp{}\r\n\t.ads_top_corner_disp{ float:left; margin:0px 10px 10px 0px; }\r\n\t.ads_first_p_disp{}\r\n\t.ads_bottom_disp{}\r\n\t<\/style>\n<h2 class=\"wp-block-heading\"><strong>Weitere Lockerungen dank Disziplin und R\u00fccksichtnahme m\u00f6glich<\/strong><\/h2>\n\n\n\n<div class=\"wp-block-image\"><figure class=\"aligncenter\"><img decoding=\"async\" loading=\"lazy\" width=\"640\" height=\"475\" src=\"https:\/\/speyer24news.com\/wp-content\/uploads\/2020\/07\/RLP-Logo.jpg\" alt=\"\" class=\"wp-image-29121\" srcset=\"https:\/\/speyer24news.com\/wp-content\/uploads\/2020\/07\/RLP-Logo.jpg 640w, https:\/\/speyer24news.com\/wp-content\/uploads\/2020\/07\/RLP-Logo-300x223.jpg 300w, https:\/\/speyer24news.com\/wp-content\/uploads\/2020\/07\/RLP-Logo-80x60.jpg 80w\" sizes=\"(max-width: 640px) 100vw, 640px\" \/><\/figure><\/div>\n\n\n\n<p><strong>Speyer \/ Rheinland-Pfalz &#8211; <\/strong>Das Land Rheinland-Pfalz hat aufgrund der konstant niedrigen Infektionszahlen am Dienstag, 14. Juli 2020, die\u00a0<strong>zweite Landesverordnung zur \u00c4nderung der zehnten Corona-Bek\u00e4mpfungsverordnung<\/strong>\u00a0(10. CoBeLVO) erlassen. Durch die \u00c4nderungsverordnung, die ab dem 15. Juli 2020 gilt, werden weitere Lockerungen im Bereich der Gastronomie und des Breitensports m\u00f6glich. Zudem werden die Kitas ab August wieder in der Regelbetrieb zur\u00fcckkehren. Oberb\u00fcrgermeisterin Stefanie Seiler freut sich \u00fcber die gemachten Fortschritte, betont aber auch: \u201eDie weiteren Lockerungen sind das Ergebnis von viel Disziplin und gegenseitiger R\u00fccksichtnahme. Das Coronavirus ist noch lange nicht besiegt und wir d\u00fcrfen bei unseren Schritten zur\u00fcck in ein Leben mit dem Virus nicht nachl\u00e4ssig und unvorsichtig werden. Sonst werden die gemeinsamen Anstrengungen \u00fcber kurz oder lang umsonst gewesen sein.\u201c<\/p>\n\n\n\n<p>Gem\u00e4\u00df der zweiten Landesverordnung zur \u00c4nderung der zehnten Corona-Bek\u00e4mpfungsverordnung ergeben sich&nbsp;<strong>ab Mittwoch, 15. Juli 2020<\/strong>, folgende neue Regelungen:<\/p>\n\n\n\n<ul><li><strong>Sport:<\/strong>&nbsp;Das gemeinsame sportliche Training und der Wettkampf sind in festen Kleingruppen von insgesamt bis zu 30 Personen zul\u00e4ssig (dies gilt auch f\u00fcr den Kontaktsport). Dabei gilt die Pflicht zur Kontakterfassung.<\/li><li><strong>Gastronomie:<\/strong>&nbsp;Die bisherige Begrenzung der \u201eSperrzeiten\u201c von 5:00 Uhr bis 24.00 Uhr entf\u00e4llt. Der Thekenbetrieb und der Aufenthalt von G\u00e4sten an der Theke sind unter Beachtung der geltenden Abstands- und Kontakterfassungsregelungen erlaubt.<\/li><li><strong>Kita:<\/strong>&nbsp;Ab August werden die Kitas in kommunaler und freier Tr\u00e4gerschaft zum Regelbetrieb \u00fcbergehen. Der \u00dcbergang vom gegenw\u00e4rtigen eingeschr\u00e4nkten Betreuungsangebot in den Regelbetrieb kann bereits ab Inkrafttreten dieser Verordnung erfolgen. In Speyer werden die Kitas nach den Sommerferien ab dem 17. August 2020 in den Regelbetrieb zur\u00fcckkehren. Die R\u00fcckkehr zum Regelbetrieb ist ma\u00dfgeblich vom Infektionsgeschehen allgemein und in der jeweiligen Kita abh\u00e4ngig.<\/li><\/ul>\n\n\n\n<p>Die geltenden Abstands- und Hygienerichtlinien sind weiterhin einzuhalten. Wo vorgeschrieben, sind au\u00dferdem Mund-Nasen-Bedeckungen zu tragen und die Kontaktdaten zu erfassen. Wo die M\u00f6glichkeit besteht, sollen Zusammenk\u00fcnfte vorzugsweise im Freien abgehalten werden. Personen mit Symptomen einer Atemwegsinfektion (insbesondere Husten, Erk\u00e4ltungssymptomatik, Fieber) sollen m\u00f6glichst zu Hause bleiben und sich weder im \u00f6ffentlichen Raum bewegen noch ohne telefonische Voranmeldung in eine Arztpraxis oder ein Krankenhaus gehen. Auch die freiwillige Nutzung der Corona-Warn-App wird empfohlen, um im Ansteckungsfall oder bei einem Kontakt mit einer infizierten Person die Kontaktdaten schneller ermitteln zu k\u00f6nnen und die Infektionsketten zu unterbrechen.<\/p>\n\n\n\n<p>Die&nbsp;<strong>einzuhaltenden<\/strong>&nbsp;<strong>spezifischen Hygienekonzepte<\/strong>&nbsp;f\u00fcr die einzelnen Bereiche k\u00f6nnen nach wie vor auf der Website des Landes Rheinland-Pfalz unter&nbsp;<a rel=\"noreferrer noopener\" href=\"https:\/\/deref-web.de\/mail\/client\/YS0fFN3-NWI\/dereferrer\/?redirectUrl=https%3A%2F%2Fcorona.rlp.de%2Fde%2Fthemen%2Fhygienekonzepte%2F\" target=\"_blank\">https:\/\/corona.rlp.de\/de\/themen\/hygienekonzepte\/<\/a>&nbsp;nachgelesen werden. <\/p>\n\n\n\n<p>Die konsolidierte&nbsp;zehnte Corona-Bek\u00e4mpfungsverordnung, die&nbsp;<strong>bis zum 31. August 2020<\/strong>&nbsp;gilt,&nbsp;ist im Wortlaut unter&nbsp;<a rel=\"noreferrer noopener\" href=\"https:\/\/deref-web.de\/mail\/client\/1erN5_NI5UQ\/dereferrer\/?redirectUrl=http%3A%2F%2Fwww.speyer.de%2Fcorona\" target=\"_blank\">www.speyer.de\/corona<\/a>&nbsp;in der rechten Seitenbox unter \u201eRechtsgrundlagen\u201c zu finden.<\/p>\n\n\n\n<h4 class=\"wp-block-heading\">Oder lesen sie hier die konsolidierte zehnte Corona-Bek\u00e4mpfungsverordnung als pdf:<\/h4>\n\n\n\n<div class=\"wp-block-file\"><a href=\"https:\/\/speyer24news.com\/wp-content\/uploads\/2020\/07\/200715_10CoBeLVO_konsolidierte_Fassung.pdf\">200715_10CoBeLVO_konsolidierte_Fassung<\/a><a href=\"https:\/\/speyer24news.com\/wp-content\/uploads\/2020\/07\/200715_10CoBeLVO_konsolidierte_Fassung.pdf\" class=\"wp-block-file__button\" download>Herunterladen<\/a><\/div>\n\n\n\n<p><em>Stadtverwaltung Speyer<br>15.07.2020<\/em><\/p>\n","protected":false},"excerpt":{"rendered":"<div class=\"mh-excerpt\"><p>Weitere Lockerungen dank Disziplin und R\u00fccksichtnahme m\u00f6glich Speyer \/ Rheinland-Pfalz &#8211; Das Land Rheinland-Pfalz hat aufgrund der konstant niedrigen Infektionszahlen am Dienstag, 14. Juli 2020, die\u00a0zweite Landesverordnung zur \u00c4nderung der zehnten Corona-Bek\u00e4mpfungsverordnung\u00a0(10. CoBeLVO) erlassen. Durch <a class=\"mh-excerpt-more\" href=\"https:\/\/speyer24news.com\/?p=29120\" title=\"Corona-Virus\">[&#8230;]<\/a><\/p>\n<\/div>","protected":false},"author":3,"featured_media":25116,"comment_status":"open","ping_status":"open","sticky":false,"template":"","format":"standard","meta":{"_monsterinsights_skip_tracking":false,"_monsterinsights_sitenote_active":false,"_monsterinsights_sitenote_note":"","_monsterinsights_sitenote_category":0,"footnotes":""},"categories":[5462],"tags":[6401,7002,6367,6940,6359,6429,6370,5904,6358,5801,6342],"aioseo_notices":[],"amp_enabled":true,"_links":{"self":[{"href":"https:\/\/speyer24news.com\/index.php?rest_route=\/wp\/v2\/posts\/29120"}],"collection":[{"href":"https:\/\/speyer24news.com\/index.php?rest_route=\/wp\/v2\/posts"}],"about":[{"href":"https:\/\/speyer24news.com\/index.php?rest_route=\/wp\/v2\/types\/post"}],"author":[{"embeddable":true,"href":"https:\/\/speyer24news.com\/index.php?rest_route=\/wp\/v2\/users\/3"}],"replies":[{"embeddable":true,"href":"https:\/\/speyer24news.com\/index.php?rest_route=%2Fwp%2Fv2%2Fcomments&post=29120"}],"version-history":[{"count":2,"href":"https:\/\/speyer24news.com\/index.php?rest_route=\/wp\/v2\/posts\/29120\/revisions"}],"predecessor-version":[{"id":29124,"href":"https:\/\/speyer24news.com\/index.php?rest_route=\/wp\/v2\/posts\/29120\/revisions\/29124"}],"wp:featuredmedia":[{"embeddable":true,"href":"https:\/\/speyer24news.com\/index.php?rest_route=\/wp\/v2\/media\/25116"}],"wp:attachment":[{"href":"https:\/\/speyer24news.com\/index.php?rest_route=%2Fwp%2Fv2%2Fmedia&parent=29120"}],"wp:term":[{"taxonomy":"category","embeddable":true,"href":"https:\/\/speyer24news.com\/index.php?rest_route=%2Fwp%2Fv2%2Fcategories&post=29120"},{"taxonomy":"post_tag","embeddable":true,"href":"https:\/\/speyer24news.com\/index.php?rest_route=%2Fwp%2Fv2%2Ftags&post=29120"}],"curies":[{"name":"wp","href":"https:\/\/api.w.org\/{rel}","templated":true}]}}