{"id":29125,"date":"2020-07-15T13:28:48","date_gmt":"2020-07-15T12:28:48","guid":{"rendered":"https:\/\/speyer24news.com\/?p=29125"},"modified":"2020-07-15T13:36:04","modified_gmt":"2020-07-15T12:36:04","slug":"speyer-sport-rhein-neckar","status":"publish","type":"post","link":"https:\/\/speyer24news.com\/?p=29125","title":{"rendered":"Speyer \/ Sport \/ Rhein-Neckar"},"content":{"rendered":"<style type=\"text\/css\">\r\n\t.ads_top_disp{}\r\n\t.ads_top_corner_disp{ float:left; margin:0px 10px 10px 0px; }\r\n\t.ads_first_p_disp{}\r\n\t.ads_bottom_disp{}\r\n\t<\/style>\n<div class=\"wp-block-image\"><figure class=\"aligncenter\"><img decoding=\"async\" loading=\"lazy\" width=\"500\" height=\"414\" src=\"https:\/\/speyer24news.com\/wp-content\/uploads\/2020\/01\/Speyer-Logo.jpg\" alt=\"\" class=\"wp-image-23902\" srcset=\"https:\/\/speyer24news.com\/wp-content\/uploads\/2020\/01\/Speyer-Logo.jpg 500w, https:\/\/speyer24news.com\/wp-content\/uploads\/2020\/01\/Speyer-Logo-300x248.jpg 300w\" sizes=\"(max-width: 500px) 100vw, 500px\" \/><\/figure><\/div>\n\n\n\n<h2 class=\"wp-block-heading\"><strong>Oberb\u00fcrgermeisterin Seiler in Vorstand der Sportregion Rhein-Neckar gew\u00e4hlt<\/strong><\/h2>\n\n\n\n<div class=\"wp-block-image\"><figure class=\"aligncenter\"><img decoding=\"async\" loading=\"lazy\" width=\"800\" height=\"601\" src=\"https:\/\/speyer24news.com\/wp-content\/uploads\/2020\/07\/Seiler-Stefanie-Oberb\u00fcrgermeisterin-Speyer.jpg\" alt=\"\" class=\"wp-image-29126\" srcset=\"https:\/\/speyer24news.com\/wp-content\/uploads\/2020\/07\/Seiler-Stefanie-Oberb\u00fcrgermeisterin-Speyer.jpg 800w, https:\/\/speyer24news.com\/wp-content\/uploads\/2020\/07\/Seiler-Stefanie-Oberb\u00fcrgermeisterin-Speyer-300x225.jpg 300w, https:\/\/speyer24news.com\/wp-content\/uploads\/2020\/07\/Seiler-Stefanie-Oberb\u00fcrgermeisterin-Speyer-768x577.jpg 768w, https:\/\/speyer24news.com\/wp-content\/uploads\/2020\/07\/Seiler-Stefanie-Oberb\u00fcrgermeisterin-Speyer-678x509.jpg 678w, https:\/\/speyer24news.com\/wp-content\/uploads\/2020\/07\/Seiler-Stefanie-Oberb\u00fcrgermeisterin-Speyer-326x245.jpg 326w, https:\/\/speyer24news.com\/wp-content\/uploads\/2020\/07\/Seiler-Stefanie-Oberb\u00fcrgermeisterin-Speyer-80x60.jpg 80w\" sizes=\"(max-width: 800px) 100vw, 800px\" \/><\/figure><\/div>\n\n\n\n<p><strong>Speyer \/ Rhein-Neckar &#8211; <\/strong>Oberb\u00fcrgermeisterin Stefanie Seiler wird die Stadt Speyer k\u00fcnftig als Vorstandsmitglied im Verein Sportregion Rhein-Neckar vertreten. Bereits seit \u00fcber 15 Jahren b\u00fcndelt der Vereine die Kr\u00e4fte von Sportvereinen und \u2013verb\u00e4nden, Kommunen, Wirtschaft und Wissenschaft in einem l\u00e4nder\u00fcbergreifenden Netzwerk. Durch die regionale Zusammenarbeit k\u00f6nnen gemeinsame Projekte und Veranstaltungen im Breiten- und Spitzensport erm\u00f6glicht werden.<\/p>\n\n\n\n<figure class=\"wp-block-image\"><img decoding=\"async\" loading=\"lazy\" width=\"800\" height=\"592\" src=\"https:\/\/speyer24news.com\/wp-content\/uploads\/2020\/07\/Prof.-Dr.-Eckart-W\u00fcrzner.jpg\" alt=\"\" class=\"wp-image-29127\" srcset=\"https:\/\/speyer24news.com\/wp-content\/uploads\/2020\/07\/Prof.-Dr.-Eckart-W\u00fcrzner.jpg 800w, https:\/\/speyer24news.com\/wp-content\/uploads\/2020\/07\/Prof.-Dr.-Eckart-W\u00fcrzner-300x222.jpg 300w, https:\/\/speyer24news.com\/wp-content\/uploads\/2020\/07\/Prof.-Dr.-Eckart-W\u00fcrzner-768x568.jpg 768w, https:\/\/speyer24news.com\/wp-content\/uploads\/2020\/07\/Prof.-Dr.-Eckart-W\u00fcrzner-80x60.jpg 80w\" sizes=\"(max-width: 800px) 100vw, 800px\" \/><\/figure>\n\n\n\n<p>Auf Grundlage der Gesetzes\u00e4nderung rund um die Corona-Pandemie fand die Vorstandswahl durch die urspr\u00fcnglich am 25. M\u00e4rz 2020 geplante Mitgliederversammlung erstmals im Umlaufverfahren statt. Der Heidelberger Oberb\u00fcrgermeister Prof. Dr. Eckart W\u00fcrzner steht dem Verein Sportregion Rhein-Neckar vor und hatte seine Speyerer Kollegin pers\u00f6nlich um eine Mitarbeit im Vorstand gebeten. Einer Bitte, der Oberb\u00fcrgermeisterin Stefanie Seiler sehr gerne nachkam und die mit der Vereinsmitgliedschaft der Stadt Speyer einhergeht. \u201eSpeyer ist nicht nur eine Stadt der Kultur, sondern sp\u00e4testens seit 2008 durch den Wettbewerb \u201eDeutschlands aktivste Stadt\u201c auch Sportstadt. Als Mitglied der Sportregion Rhein-Neckar profitieren wir vom l\u00e4nder\u00fcbergreifenden Austausch und k\u00f6nnen im Netzwerk den Breiten- und Spitzensport in all seiner Vielfalt f\u00f6rdern und erhalten\u201c, erl\u00e4utert die Stadtchefin.<\/p>\n\n\n\n<div class=\"wp-block-image\"><figure class=\"aligncenter\"><img decoding=\"async\" loading=\"lazy\" width=\"800\" height=\"387\" src=\"https:\/\/speyer24news.com\/wp-content\/uploads\/2020\/07\/Sportregion-RheinNeckar.png\" alt=\"\" class=\"wp-image-29128\" srcset=\"https:\/\/speyer24news.com\/wp-content\/uploads\/2020\/07\/Sportregion-RheinNeckar.png 800w, https:\/\/speyer24news.com\/wp-content\/uploads\/2020\/07\/Sportregion-RheinNeckar-300x145.png 300w, https:\/\/speyer24news.com\/wp-content\/uploads\/2020\/07\/Sportregion-RheinNeckar-768x372.png 768w\" sizes=\"(max-width: 800px) 100vw, 800px\" \/><\/figure><\/div>\n\n\n\n<p>Mit Blick auf die Auswirkungen der Corona-Pandemie auf Sportvereine will der Verein Sportregion Rhein-Neckar weniger medienwirksamen Sportarten k\u00fcnftig eine Plattform bieten, um ihnen mehr Sichtbarkeit und Reichweite zu verleihen. Geplant ist der Aufbau eins Netzwerkes aus Medienexpert*innen und die Umsetzung eines Video-Portals, das hintergr\u00fcndig \u00fcber die Vielfalt des Sports in der Region berichtet. Zudem hat sich der Verein an den S\u00fcdwestrundfunk gewendet und ihn aufgefordert, diesen Sportarten auch in seiner Berichterstattung mehr Geh\u00f6r zu verschaffen.<\/p>\n\n\n\n<p>Weitere Informationen zum Verein Sportregion Rhein-Necker und dem 24-k\u00f6pfigen Vereinsvorstand, dem nun auch die Speyerer Oberb\u00fcrgermeisterin angeh\u00f6rt, gibt es auf&nbsp;<a rel=\"noreferrer noopener\" href=\"https:\/\/deref-web.de\/mail\/client\/L9ANKivTTm4\/dereferrer\/?redirectUrl=http%3A%2F%2Fwww.sportregion-rhein-neckar.com\" target=\"_blank\">www.sportregion-rhein-neckar.com<\/a>.<\/p>\n\n\n\n<p><em>Text: Stadtverwaltung Speyer Foto: (1) Speyer 24\/7 News; (2) Prof. Dr. Eckart W\u00fcrzner<br>15.07.2020<\/em><\/p>\n","protected":false},"excerpt":{"rendered":"<div class=\"mh-excerpt\"><p>Oberb\u00fcrgermeisterin Seiler in Vorstand der Sportregion Rhein-Neckar gew\u00e4hlt Speyer \/ Rhein-Neckar &#8211; Oberb\u00fcrgermeisterin Stefanie Seiler wird die Stadt Speyer k\u00fcnftig als Vorstandsmitglied im Verein Sportregion Rhein-Neckar vertreten. Bereits seit \u00fcber 15 Jahren b\u00fcndelt der Vereine <a class=\"mh-excerpt-more\" href=\"https:\/\/speyer24news.com\/?p=29125\" title=\"Speyer \/ Sport \/ Rhein-Neckar\">[&#8230;]<\/a><\/p>\n<\/div>","protected":false},"author":3,"featured_media":0,"comment_status":"open","ping_status":"open","sticky":false,"template":"","format":"standard","meta":{"_monsterinsights_skip_tracking":false,"_monsterinsights_sitenote_active":false,"_monsterinsights_sitenote_note":"","_monsterinsights_sitenote_category":0,"footnotes":""},"categories":[339],"tags":[699,7975,5261,6,193,659,7974,7976],"aioseo_notices":[],"amp_enabled":true,"_links":{"self":[{"href":"https:\/\/speyer24news.com\/index.php?rest_route=\/wp\/v2\/posts\/29125"}],"collection":[{"href":"https:\/\/speyer24news.com\/index.php?rest_route=\/wp\/v2\/posts"}],"about":[{"href":"https:\/\/speyer24news.com\/index.php?rest_route=\/wp\/v2\/types\/post"}],"author":[{"embeddable":true,"href":"https:\/\/speyer24news.com\/index.php?rest_route=\/wp\/v2\/users\/3"}],"replies":[{"embeddable":true,"href":"https:\/\/speyer24news.com\/index.php?rest_route=%2Fwp%2Fv2%2Fcomments&post=29125"}],"version-history":[{"count":2,"href":"https:\/\/speyer24news.com\/index.php?rest_route=\/wp\/v2\/posts\/29125\/revisions"}],"predecessor-version":[{"id":29131,"href":"https:\/\/speyer24news.com\/index.php?rest_route=\/wp\/v2\/posts\/29125\/revisions\/29131"}],"wp:attachment":[{"href":"https:\/\/speyer24news.com\/index.php?rest_route=%2Fwp%2Fv2%2Fmedia&parent=29125"}],"wp:term":[{"taxonomy":"category","embeddable":true,"href":"https:\/\/speyer24news.com\/index.php?rest_route=%2Fwp%2Fv2%2Fcategories&post=29125"},{"taxonomy":"post_tag","embeddable":true,"href":"https:\/\/speyer24news.com\/index.php?rest_route=%2Fwp%2Fv2%2Ftags&post=29125"}],"curies":[{"name":"wp","href":"https:\/\/api.w.org\/{rel}","templated":true}]}}