{"id":29196,"date":"2020-07-17T09:43:07","date_gmt":"2020-07-17T08:43:07","guid":{"rendered":"https:\/\/speyer24news.com\/?p=29196"},"modified":"2020-07-17T09:43:09","modified_gmt":"2020-07-17T08:43:09","slug":"landau-und-kreis-ld-24","status":"publish","type":"post","link":"https:\/\/speyer24news.com\/?p=29196","title":{"rendered":"Landau und Kreis LD"},"content":{"rendered":"<style type=\"text\/css\">\r\n\t.ads_top_disp{}\r\n\t.ads_top_corner_disp{ float:left; margin:0px 10px 10px 0px; }\r\n\t.ads_first_p_disp{}\r\n\t.ads_bottom_disp{}\r\n\t<\/style>\n<h1 class=\"wp-block-heading\" style=\"text-align:center\">Corona Fallzahlen <strong>im Landkreis S\u00fcdliche Weinstra\u00dfe und der Stadt Landau<\/strong> <\/h1>\n\n\n\n<div class=\"wp-block-image\"><figure class=\"aligncenter\"><img decoding=\"async\" loading=\"lazy\" width=\"800\" height=\"400\" src=\"https:\/\/speyer24news.com\/wp-content\/uploads\/2020\/02\/virus-1812092_1920.jpg\" alt=\"\" class=\"wp-image-25128\" srcset=\"https:\/\/speyer24news.com\/wp-content\/uploads\/2020\/02\/virus-1812092_1920.jpg 800w, https:\/\/speyer24news.com\/wp-content\/uploads\/2020\/02\/virus-1812092_1920-300x150.jpg 300w, https:\/\/speyer24news.com\/wp-content\/uploads\/2020\/02\/virus-1812092_1920-768x384.jpg 768w\" sizes=\"(max-width: 800px) 100vw, 800px\" \/><\/figure><\/div>\n\n\n\n<h2 class=\"wp-block-heading\">Donnerstag, 16.07.2020<\/h2>\n\n\n\n<p>Nach aktuellem Stand (16.07.2020, 12:00 Uhr) seit\nder gestrigen Meldung <strong>keine<\/strong>\nVer\u00e4nderung der Fallzahlen ergeben. Insgesamt wurden <strong>227<\/strong> F\u00e4lle im Zust\u00e4ndigkeitsbereich des Gesundheitsamts\nLandau\/S\u00fcdliche Weinstra\u00dfe an das Landesuntersuchungsamt \u00fcbermittelt. <strong>221<\/strong> Personen sind gesundet*. <strong>5<\/strong> Personen sind verstorben. <\/p>\n\n\n\n<ul><li><strong>Verbandsgemeinde Annweiler:<\/strong> 12 Personen (12 davon gesundet)<\/li><li><strong>Verbandsgemeinde Bad Bergzabern<\/strong>:11 Personen (11 davon gesundet)<\/li><li><strong>Verbandsgemeinde Edenkoben<\/strong>: 40 Personen (40 davon gesundet)<\/li><li><strong>Verbandsgemeinde Herxheim: <\/strong>28 Personen (27 davon gesundet, 1 verstorben)<\/li><li><strong>Verbandsgemeinde Landau-Land<\/strong>: 25 Personen (23 davon gesundet, 2 verstorben)<\/li><li><strong>Verbandsgemeinde Maikammer<\/strong>: 14 Personen (14 davon gesundet)<\/li><li><strong>Verbandsgemeinde Offenbach<\/strong>: 22 Personen (22 davon gesundet)<\/li><li><strong>Stadt Landau<\/strong>: 75 Personen (72 davon gesundet, 2 verstorben).<\/li><\/ul>\n\n\n\n<h2 class=\"wp-block-heading\">Mittwoch, 15.07.2020<\/h2>\n\n\n\n<p>Nach aktuellem Stand (15.07.2020, 12:00 Uhr) seit\nder gestrigen Meldung <strong>keine<\/strong>\nVer\u00e4nderung der Fallzahlen ergeben. Insgesamt wurden <strong>227<\/strong> F\u00e4lle im Zust\u00e4ndigkeitsbereich des Gesundheitsamts\nLandau\/S\u00fcdliche Weinstra\u00dfe an das Landesuntersuchungsamt \u00fcbermittelt. <strong>221<\/strong> Personen sind gesundet*. <strong>5<\/strong> Personen sind verstorben. <\/p>\n\n\n\n<ul><li><strong>Verbandsgemeinde Annweiler:<\/strong> 12 Personen (12 davon gesundet)<\/li><li><strong>Verbandsgemeinde Bad Bergzabern<\/strong>:11 Personen (11 davon gesundet)<\/li><li><strong>Verbandsgemeinde Edenkoben<\/strong>: 40 Personen (40 davon gesundet)<\/li><li><strong>Verbandsgemeinde Herxheim: <\/strong>28 Personen (27 davon gesundet, 1 verstorben)<\/li><li><strong>Verbandsgemeinde Landau-Land<\/strong>: 25 Personen (23 davon gesundet, 2 verstorben)<\/li><li><strong>Verbandsgemeinde Maikammer<\/strong>: 14 Personen (14 davon gesundet)<\/li><li><strong>Verbandsgemeinde Offenbach<\/strong>: 22 Personen (22 davon gesundet)<\/li><li><strong>Stadt Landau<\/strong>: 75 Personen (72 davon gesundet, 2 verstorben).<\/li><\/ul>\n\n\n\n<h2 class=\"wp-block-heading\">Dienstag, 14.07.2020<\/h2>\n\n\n\n<p>Nach aktuellem Stand (14.07.2020, 12:00 Uhr) seit\nder gestrigen Meldung <strong>keine<\/strong>\nVer\u00e4nderung der Fallzahlen ergeben. Insgesamt wurden <strong>227<\/strong> F\u00e4lle im Zust\u00e4ndigkeitsbereich des Gesundheitsamts\nLandau\/S\u00fcdliche Weinstra\u00dfe an das Landesuntersuchungsamt \u00fcbermittelt. <strong>221<\/strong> Personen sind gesundet*. <strong>5<\/strong> Personen sind verstorben. <\/p>\n\n\n\n<ul><li><strong>Verbandsgemeinde Annweiler:<\/strong> 12 Personen (12 davon gesundet)<\/li><li><strong>Verbandsgemeinde Bad Bergzabern<\/strong>:11 Personen (11 davon gesundet)<\/li><li><strong>Verbandsgemeinde Edenkoben<\/strong>: 40 Personen (40 davon gesundet)<\/li><li><strong>Verbandsgemeinde Herxheim: <\/strong>28 Personen (27 davon gesundet, 1 verstorben)<\/li><li><strong>Verbandsgemeinde Landau-Land<\/strong>: 25 Personen (23 davon gesundet, 2 verstorben)<\/li><li><strong>Verbandsgemeinde Maikammer<\/strong>: 14 Personen (14 davon gesundet)<\/li><li><strong>Verbandsgemeinde Offenbach<\/strong>: 22 Personen (22 davon gesundet)<\/li><li><strong>Stadt Landau<\/strong>: 75 Personen (72 davon gesundet, 2 verstorben).<\/li><\/ul>\n\n\n\n<h2 class=\"wp-block-heading\">Montag, 13.07.2020<\/h2>\n\n\n\n<p>Nach aktuellem Stand (13.07.2020, 12:00 Uhr) hat\nsich seit der letzten Meldung am Freitag, 10. Juli, <strong>kein<\/strong> weiterer Fall des Coronavirus (COVID-19) im Landkreis S\u00fcdliche\nWeinstra\u00dfe und der Stadt Landau best\u00e4tigt. Insgesamt wurden <strong>227<\/strong> F\u00e4lle im Zust\u00e4ndigkeitsbereich des\nGesundheitsamts Landau\/S\u00fcdliche Weinstra\u00dfe an das Landesuntersuchungsamt\n\u00fcbermittelt. <strong>221<\/strong> Personen sind\ngesundet*. <strong>5<\/strong> Personen sind verstorben.\n<\/p>\n\n\n\n<ul><li><strong>Verbandsgemeinde Annweiler:<\/strong> 12 Personen (12 davon gesundet)<\/li><li><strong>Verbandsgemeinde Bad Bergzabern<\/strong>:11 Personen (11 davon gesundet)<\/li><li><strong>Verbandsgemeinde Edenkoben<\/strong>: 40 Personen (40 davon gesundet)<\/li><li><strong>Verbandsgemeinde Herxheim: <\/strong>28 Personen (27 davon gesundet, 1 verstorben)<\/li><li><strong>Verbandsgemeinde Landau-Land<\/strong>: 25 Personen (23 davon gesundet, 2 verstorben)<\/li><li><strong>Verbandsgemeinde Maikammer<\/strong>: 14 Personen (14 davon gesundet)<\/li><li><strong>Verbandsgemeinde Offenbach<\/strong>: 22 Personen (22 davon gesundet)<\/li><li><strong>Stadt Landau<\/strong>: 75 Personen (72 davon gesundet, 2 verstorben).<\/li><\/ul>\n\n\n\n<h2 class=\"wp-block-heading\">Freitag, 10.07.2020<\/h2>\n\n\n\n<p>Nach aktuellem Stand (10.07.2020, 12:00 Uhr) hat\nsich seit der gestrigen Meldung <strong>keine<\/strong>\nVer\u00e4nderung der Fallzahlen ergeben. Insgesamt wurden <strong>227<\/strong> F\u00e4lle im Zust\u00e4ndigkeitsbereich des Gesundheitsamts\nLandau\/S\u00fcdliche Weinstra\u00dfe an das Landesuntersuchungsamt \u00fcbermittelt. <strong>220<\/strong> Personen sind gesundet*. <strong>5<\/strong> Personen sind verstorben. <\/p>\n\n\n\n<ul><li><strong>Verbandsgemeinde Annweiler:<\/strong> 12 Personen (12 davon gesundet)<\/li><li><strong>Verbandsgemeinde Bad Bergzabern<\/strong>:11 Personen (11 davon gesundet)<\/li><li><strong>Verbandsgemeinde Edenkoben<\/strong>: 40 Personen (40 davon gesundet)<\/li><li><strong>Verbandsgemeinde Herxheim: <\/strong>28 Personen (27 davon gesundet, 1 verstorben)<\/li><li><strong>Verbandsgemeinde Landau-Land<\/strong>: 25 Personen (23 davon gesundet, 2 verstorben)<\/li><li><strong>Verbandsgemeinde Maikammer<\/strong>: 14 Personen (14 davon gesundet)<\/li><li><strong>Verbandsgemeinde Offenbach<\/strong>: 22 Personen (22 davon gesundet)<\/li><li><strong>Stadt Landau<\/strong>: 75 Personen (71 davon gesundet, 2 verstorben).<\/li><\/ul>\n\n\n\n<h2 class=\"wp-block-heading\">Donnerstag, 09.07.2020<\/h2>\n\n\n\n<p>Nach aktuellem Stand (09.07.2020, 12:00 Uhr) hat\nsich seit der gestrigen Meldung <strong>keine<\/strong>\nVer\u00e4nderung der Fallzahlen ergeben. Insgesamt wurden <strong>227<\/strong> F\u00e4lle im Zust\u00e4ndigkeitsbereich des Gesundheitsamts\nLandau\/S\u00fcdliche Weinstra\u00dfe an das Landesuntersuchungsamt \u00fcbermittelt. <strong>220<\/strong> Personen sind gesundet*. <strong>5<\/strong> Personen sind verstorben. <\/p>\n\n\n\n<ul><li><strong>Verbandsgemeinde Annweiler:<\/strong> 12 Personen (12 davon gesundet)<\/li><li><strong>Verbandsgemeinde Bad Bergzabern<\/strong>:11 Personen (11 davon gesundet)<\/li><li><strong>Verbandsgemeinde Edenkoben<\/strong>: 40 Personen (40 davon gesundet)<\/li><li><strong>Verbandsgemeinde Herxheim: <\/strong>28 Personen (27 davon gesundet, 1 verstorben)<\/li><li><strong>Verbandsgemeinde Landau-Land<\/strong>: 25 Personen (23 davon gesundet, 2 verstorben)<\/li><li><strong>Verbandsgemeinde Maikammer<\/strong>: 14 Personen (14 davon gesundet)<\/li><li><strong>Verbandsgemeinde Offenbach<\/strong>: 22 Personen (22 davon gesundet)<\/li><li><strong>Stadt Landau<\/strong>: 75 Personen (71 davon gesundet, 2 verstorben).<\/li><\/ul>\n\n\n\n<h2 class=\"wp-block-heading\">Mittwoch, 08.07.2020<\/h2>\n\n\n\n<p>Nach aktuellem Stand (08.07.2020, 12:00 Uhr) hat sich seit der gestrigen Meldung <strong>keine<\/strong> Ver\u00e4nderung der Fallzahlen ergeben. Insgesamt wurden <strong>227<\/strong> F\u00e4lle im Zust\u00e4ndigkeitsbereich des Gesundheitsamts Landau\/S\u00fcdliche Weinstra\u00dfe an das Landesuntersuchungsamt \u00fcbermittelt. <strong>220<\/strong> Personen sind gesundet*. <strong>5<\/strong> Personen sind verstorben. <\/p>\n\n\n\n<ul><li><strong>Verbandsgemeinde Annweiler:<\/strong> 12 Personen (12 davon gesundet)<\/li><li><strong>Verbandsgemeinde Bad Bergzabern<\/strong>:11 Personen (11 davon gesundet)<\/li><li><strong>Verbandsgemeinde Edenkoben<\/strong>: 40 Personen (40 davon gesundet)<\/li><li><strong>Verbandsgemeinde Herxheim: <\/strong>28 Personen (27 davon gesundet, 1 verstorben)<\/li><li><strong>Verbandsgemeinde Landau-Land<\/strong>: 25 Personen (23 davon gesundet, 2 verstorben)<\/li><li><strong>Verbandsgemeinde Maikammer<\/strong>: 14 Personen (14 davon gesundet)<\/li><li><strong>Verbandsgemeinde Offenbach<\/strong>: 22 Personen (22 davon gesundet)<\/li><li><strong>Stadt Landau<\/strong>: 75 Personen (71 davon gesundet, 2 verstorben).<\/li><\/ul>\n\n\n\n<p>Alle ermittelbaren Kontaktpersonen werden \u00fcber die Infektion\ninformiert. <\/p>\n\n\n\n<p>*Eine Person gilt als gesundet und wird aus der 14-t\u00e4gigen\nh\u00e4uslichen Quarant\u00e4ne entlassen, wenn sie 48 Stunden (an Tag 13 und 14 der\nh\u00e4uslichen Quarant\u00e4ne) symptomfrei war. Ein erneuter Test findet bei Personen\nin h\u00e4uslicher Quarant\u00e4ne nicht statt.<\/p>\n\n\n\n<p>Diese F\u00e4lle gelten f\u00fcr das Gesundheitsamt als abgeschlossen.\nPersonen in Gesundheitsberufen dagegen \u2013 etwa \u00c4rzte oder Altenpfleger \u2013 werden\nerst als abgeschlossene F\u00e4lle gez\u00e4hlt, wenn diese einen negativen Abstrich\nhatten, da diese erst dann wieder arbeiten d\u00fcrfen.<\/p>\n\n\n\n<p>Informationen zum Thema Coronavirus finden Sie auf der Homepage des Landkreises: <strong><a href=\"http:\/\/www.suedliche-weinstrasse.de\">www.suedliche-weinstrasse.de<\/a><\/strong>. <\/p>\n\n\n\n<p><em>Gemeinsame Pressemitteilung der Kreisverwaltung S\u00fcdliche Weinstra\u00dfe und der Stadtverwaltung Landau<br>17.07.2020<\/em><\/p>\n\n\n\n<div class=\"wp-block-image\"><figure class=\"aligncenter\"><img decoding=\"async\" loading=\"lazy\" width=\"800\" height=\"346\" src=\"https:\/\/speyer24news.com\/wp-content\/uploads\/2020\/06\/mobile-phone-1419275_1920.jpg\" alt=\"\" class=\"wp-image-28250\" srcset=\"https:\/\/speyer24news.com\/wp-content\/uploads\/2020\/06\/mobile-phone-1419275_1920.jpg 800w, https:\/\/speyer24news.com\/wp-content\/uploads\/2020\/06\/mobile-phone-1419275_1920-300x130.jpg 300w, https:\/\/speyer24news.com\/wp-content\/uploads\/2020\/06\/mobile-phone-1419275_1920-768x332.jpg 768w\" sizes=\"(max-width: 800px) 100vw, 800px\" \/><\/figure><\/div>\n\n\n\n<h2 class=\"wp-block-heading\">Aus dem Erl\u00f6s der \u201eB\u00e4ume statt B\u00f6ller\u201c-Aktion: 5.500-Euro-Spende offiziell an Stadt Landau \u00fcbergeben \u2013 Elf neue B\u00e4ume bereits im Stadtgebiet gepflanzt<\/h2>\n\n\n\n<div class=\"wp-block-image\"><figure class=\"aligncenter\"><img decoding=\"async\" loading=\"lazy\" width=\"800\" height=\"533\" src=\"https:\/\/speyer24news.com\/wp-content\/uploads\/2020\/07\/Info-16-07-2020-12-Uhr_B\u00e4ume.jpg\" alt=\"\" class=\"wp-image-29221\" srcset=\"https:\/\/speyer24news.com\/wp-content\/uploads\/2020\/07\/Info-16-07-2020-12-Uhr_B\u00e4ume.jpg 800w, https:\/\/speyer24news.com\/wp-content\/uploads\/2020\/07\/Info-16-07-2020-12-Uhr_B\u00e4ume-300x200.jpg 300w, https:\/\/speyer24news.com\/wp-content\/uploads\/2020\/07\/Info-16-07-2020-12-Uhr_B\u00e4ume-768x512.jpg 768w\" sizes=\"(max-width: 800px) 100vw, 800px\" \/><figcaption>OB Thomas Hirsch (l.) und der Landauer POLLICHIA-Vorsitzende Dr. Michael Geiger bei der symbolischen Spenden\u00fcbergabe im Rathaus.<br> <em>(Quelle: Stadt Landau)<\/em><\/figcaption><\/figure><\/div>\n\n\n\n<p>5.500 Euro und damit elf neue\nB\u00e4ume f\u00fcr Landau: Das ist das Ergebnis der Spenden-Aktion \u201eB\u00e4ume statt B\u00f6ller\u201c,\ndie von der POLLICHIA-Gruppe Landau, der Umweltgruppe der Universit\u00e4t sowie der\nInitiative Bunte Wiese zum Jahreswechsel 2019\/2020 ins Leben gerufen wurde.\nVertreterinnen und Vertreter des Aktionsb\u00fcndnisses haben den Spendenerl\u00f6s nun\noffiziell an Oberb\u00fcrgermeister Thomas Hirsch \u00fcbergeben. Bereits im M\u00e4rz hatte\ndie Stadt die B\u00e4ume f\u00fcr diesen Betrag im Stadtgebiet pflanzen lassen.<\/p>\n\n\n\n<p>Der OB dankte den\nInitiatorinnen und Initiatoren der Aktion rund um Dr. Michael Geiger,\nVorsitzender der POLLICHIA-Gruppe Landau: \u201eSie haben hier wirklich eine tolle\nSache f\u00fcr unsere Stadt und besonders das Klima in unserer Stadt umgesetzt und\nwichtige Sensibilisierungsarbeit bei den Landauerinnen und Landauern geleistet.\nWir freuen uns sehr \u00fcber die elf neuen Schattenspender, Klimaregulatoren und\nSauerstofflieferanten, die nun wachsen und gedeihen k\u00f6nnen.\u201c Auch Sabine Klein,\nLeiterin der st\u00e4dtischen Gr\u00fcnfl\u00e4chenabteilung beim Umweltamt, ist von der\n\u201eB\u00e4ume statt B\u00f6ller\u201c-Aktion \u00fcberzeugt: \u201eDas war wirklich ein tolles Projekt und\nich hoffe sehr, dass es eine Fortsetzung geben wird.\u201c<\/p>\n\n\n\n<p>Die B\u00e4ume wurden an f\u00fcnf\nStandorten in Landau gepflanzt und mit einem entsprechenden Spendenschild ausgestattet.\nEine Rotbuche ist am Landschaftspark Ebenberg in der N\u00e4he des Kirchenpavillons\nzu finden, eine Gef\u00fclltbl\u00fctige Vogel-Kirsche am Spielplatz Ecke\nVogesenstra\u00dfe\/Gabelsbergerstra\u00dfe, eine Linde in Arzheim am Spielplatz an der\nF\u00f6hrlenbergstra\u00dfe und ein Walnussbaum sowie eine Winter-Linde an der\nHelmbachstra\u00dfe. Die \u00fcbrigen sechs B\u00e4ume stehen im Queichpark.<\/p>\n\n\n\n<p><em>Stadtverwaltung Landau in der Pfalz<br>17.07.2020<\/em><\/p>\n\n\n\n<h2 class=\"wp-block-heading\">Online zum Wunschtermin: Stadtverwaltung Landau f\u00fchrt Ticketsystem f\u00fcr Online-Terminvergabe im B\u00fcrgerb\u00fcro ein<\/h2>\n\n\n\n<div class=\"wp-block-image\"><figure class=\"aligncenter\"><img decoding=\"async\" loading=\"lazy\" width=\"800\" height=\"533\" src=\"https:\/\/speyer24news.com\/wp-content\/uploads\/2020\/07\/Info-16-07-2020-12-Uhr_B\u00fcrgerb\u00fcro.jpg\" alt=\"\" class=\"wp-image-29220\" srcset=\"https:\/\/speyer24news.com\/wp-content\/uploads\/2020\/07\/Info-16-07-2020-12-Uhr_B\u00fcrgerb\u00fcro.jpg 800w, https:\/\/speyer24news.com\/wp-content\/uploads\/2020\/07\/Info-16-07-2020-12-Uhr_B\u00fcrgerb\u00fcro-300x200.jpg 300w, https:\/\/speyer24news.com\/wp-content\/uploads\/2020\/07\/Info-16-07-2020-12-Uhr_B\u00fcrgerb\u00fcro-768x512.jpg 768w\" sizes=\"(max-width: 800px) 100vw, 800px\" \/><figcaption>Das B\u00fcrgerb\u00fcro um Leiterin Angelina Heupel bietet Terminvereinbarungen ab sofort auch online an.<br><em> (Quelle: Stadt Landau)<\/em><\/figcaption><\/figure><\/div>\n\n\n\n<p>Termine bequem online vereinbaren: Um den Service f\u00fcr die B\u00fcrgerinnen und B\u00fcrger speziell im hochfrequentierten B\u00fcrgerb\u00fcro zu verbessern, startet die Stadtverwaltung Landau ein Ticketsystem f\u00fcr Online-Terminvergaben. Unter dem Link <a href=\"https:\/\/termin.landau.de\">https:\/\/termin.landau.de<\/a>, der auch \u00fcber die st\u00e4dtische Internetseite zu erreichen ist, k\u00f6nnen B\u00fcrgerinnen und B\u00fcrger ab sofort Termine f\u00fcr das B\u00fcrgerb\u00fcro buchen. M\u00f6glich sind Termine f\u00fcr alle Dienstleistungen des B\u00fcrgerb\u00fcros \u2013 von der An- bzw. Abmeldung eines Wohnsitzes \u00fcber die Ausstellung von Ausweisdokumenten bis hin zum Verkauf von City-Gutscheinen und Parkplaketten. <\/p>\n\n\n\n<p>\u201eWir bitten um Verst\u00e4ndnis daf\u00fcr, dass die Stadtverwaltung\naufgrund der Corona-Pandemie weiterhin nur nach vorheriger Terminvergabe f\u00fcr\nden Publikumsverkehr zug\u00e4nglich ist\u201c, so Oberb\u00fcrgermeister Thomas Hirsch.\nGerade im hochfrequentierten B\u00fcrgerb\u00fcro sei es dadurch und durch die\nvorrangegangene Schlie\u00dfzeit in den vergangenen Wochen zu Wartezeiten gekommen.\nMit dem neuen Ticket-System schaffe man jetzt Abhilfe.<\/p>\n\n\n\n<p>\u201eDas neue Ticketsystem optimiert die Abl\u00e4ufe im\nB\u00fcrgerb\u00fcro, wodurch wir Wartezeiten k\u00fcnftig hoffentlich auf ein Minimum\nbeschr\u00e4nken k\u00f6nnen\u201c, betont Beigeordneter und Ordnungsdezernent Lukas Hartmann.\n\u201eUnd die B\u00fcrgerinnen und B\u00fcrger profitieren zus\u00e4tzlich, weil sie rund um die\nUhr \u2013 auch au\u00dferhalb der \u00d6ffnungszeiten \u2013 Buchungen vornehmen k\u00f6nnen.\u201c<\/p>\n\n\n\n<p>Wer einen Termin bucht, erh\u00e4lt anschlie\u00dfend einen\nBest\u00e4tigungslink per E-Mail. Erst wenn dieser aktiviert wird, ist der Termin\nfest gebucht. \u00dcber einen weiteren Link in der Mail kann der Termin auch\nverschoben oder storniert werden.<\/p>\n\n\n\n<p>Alle bisher vereinbarten Termine behalten ihre G\u00fcltigkeit.\nZus\u00e4tzlich k\u00f6nnen Termine auch unter der Beh\u00f6rdenrufnummer 115 vereinbart\nwerden. <\/p>\n\n\n\n<p>Die Servicezeiten des B\u00fcrgerb\u00fcros sind montags und\nmittwochs von 7:30 bis 12:30 Uhr und von 14 bis 16 Uhr, donnerstags von 8 bis\n12:30 Uhr und von 14 bis 18 Uhr, dienstags und freitags von 7:30 bis 12:30 Uhr\nsowie samstags von 9 bis 11 Uhr.<\/p>\n\n\n\n<p><em>Stadtverwaltung Landau in der Pfalz<br>17.07.2020<\/em><\/p>\n\n\n\n<h2 class=\"wp-block-heading\">N\u00e4chster Meilenstein im \u201eWohnpark am Ebenberg\u201c: <\/h2>\n\n\n\n<h3 class=\"wp-block-heading\">Spatenstich f\u00fcr 86 neue Wohnungen und einen Lebensmittelmarkt in Landau<\/h3>\n\n\n\n<div class=\"wp-block-image\"><figure class=\"aligncenter\"><img decoding=\"async\" loading=\"lazy\" width=\"800\" height=\"533\" src=\"https:\/\/speyer24news.com\/wp-content\/uploads\/2020\/07\/Foto_Spatenstich.jpg\" alt=\"\" class=\"wp-image-29218\" srcset=\"https:\/\/speyer24news.com\/wp-content\/uploads\/2020\/07\/Foto_Spatenstich.jpg 800w, https:\/\/speyer24news.com\/wp-content\/uploads\/2020\/07\/Foto_Spatenstich-300x200.jpg 300w, https:\/\/speyer24news.com\/wp-content\/uploads\/2020\/07\/Foto_Spatenstich-768x512.jpg 768w\" sizes=\"(max-width: 800px) 100vw, 800px\" \/><figcaption>v.l.: Thomas Hirsch, Oberb\u00fcrgermeister Stadt Landau in der Pfalz; Stephan Ruppert, Gesch\u00e4ftsf\u00fchrer des Bauunternehmens Matthias Ruppert; Architekt Georg-Otto Kersch; Martin Messemer, Wirtschaftsf\u00f6rderer der Stadt Landau; Helmut Arens, Vertriebsleiter Bauunternehmen Matthias Ruppert sowie Lesja Karatnik, Gebietsleiterin Expansion, Netto Marken-Discount<br><em>Foto: Stadt Landau<\/em><\/figcaption><\/figure><\/div>\n\n\n\n<p>Im Norden des \u201eWohnparks am Ebenberg\u201c in Landau errichtet das Bauunternehmen Matthias Ruppert aus Esch 86 neue Wohnungen und einen Lebensmittelmarkt, der vom Markendiscounter Netto betrieben wird. Heute erfolgte der Spatenstich f\u00fcr das Projekt mit einem Investitionsvolumen von mehr als 20 Millionen Euro. Oberb\u00fcrgermeister Thomas Hirsch und Gesch\u00e4ftsf\u00fchrer Stephan Ruppert lobten die gute Zusammenarbeit aller Beteiligten. Voraussichtlich im Herbst 2021 werden die Arbeiten auf dem Baufeld 12 des Gel\u00e4ndes der ehemaligen Landesgartenschau abgeschlossen und die Mietwohnungen, davon 22 gef\u00f6rdert, bezugsfertig sein.<\/p>\n\n\n\n<p>F\u00fcr Oberb\u00fcrgermeister Thomas Hirsch stellt der symbolische Spatenstich, der wegen der Corona-Pandemie erst versp\u00e4tet vorgenommen werden konnte, einen wichtigen Meilenstein in der Entwicklung des \u201eWohnparks am Ebenberg\u201c dar. \u201eLandau ist ein beliebter Wohnstandort, f\u00fcr ganz unterschiedliche Zielgruppen. Bei den Ein- bis Vier-Zimmer-Wohnungen, die hier auf einer Gesamtfl\u00e4che von rund 5.500 Quadratmetern entstehen, ist f\u00fcr jeden etwas dabei. Sehr wichtig waren uns die 22 gef\u00f6rderten Mietwohnungen. Der Lebensmittelmarkt ist ein weiterer wichtiger Baustein f\u00fcr die Nahversorgung des Quartiers.\u201c<\/p>\n\n\n\n<div class=\"wp-block-image\"><figure class=\"aligncenter\"><img decoding=\"async\" loading=\"lazy\" width=\"1024\" height=\"340\" src=\"https:\/\/speyer24news.com\/wp-content\/uploads\/2020\/07\/Visualisierung-1024x340.jpg\" alt=\"\" class=\"wp-image-29219\" srcset=\"https:\/\/speyer24news.com\/wp-content\/uploads\/2020\/07\/Visualisierung-1024x340.jpg 1024w, https:\/\/speyer24news.com\/wp-content\/uploads\/2020\/07\/Visualisierung-300x100.jpg 300w, https:\/\/speyer24news.com\/wp-content\/uploads\/2020\/07\/Visualisierung-768x255.jpg 768w, https:\/\/speyer24news.com\/wp-content\/uploads\/2020\/07\/Visualisierung.jpg 1200w\" sizes=\"(max-width: 1024px) 100vw, 1024px\" \/><figcaption>Visualisierung des Bauprojekts &#8222;Wohnpark am Ebenberg&#8220; <br><em>Foto: Bauunternehmen Matthias Ruppert<\/em>  <\/figcaption><\/figure><\/div>\n\n\n\n<p>Stephan Ruppert, Gesch\u00e4ftsf\u00fchrer des Bauunternehmens Matthias Ruppert, zeigte sich ebenfalls sehr zufrieden mit dem Projektfortschritt und der Zusammenarbeit mit der Kommune. \u201eDie Planungs- und Umsetzungsschritte laufen Hand in Hand. Derzeit arbeiten wir an der Tiefgarage, die einmal \u00fcber 100 Pl\u00e4tze verf\u00fcgen wird. Mit weiteren 60 Stellpl\u00e4tzen auf dem Gel\u00e4nde stehen ausreichend Parkm\u00f6glichkeiten zur Verf\u00fcgung.\u201c<\/p>\n\n\n\n<p>Das Projekt wird vermietet und bleibt im Bestand der Unternehmensgruppe. Neben der ca. 1.240 Quadratmeter gro\u00dfen Verkaufs- und Nutzfl\u00e4che f\u00fcr den Lebensmittelmarkt entsteht im Erdgeschoss noch eine Fl\u00e4che mit ca. 120 Quadratmetern, die beispielsweise von einer Physiotherapie-Praxis genutzt werden k\u00f6nne, so Ruppert. Die Wohnanlage erf\u00fclle die energetischen Voraussetzungen f\u00fcr ein Kfw-40-Effizienzhaus und sei somit nachhaltig und energieeffizient. <\/p>\n\n\n\n<p><em>Matthias Ruppert Holding GmbH<br>17.07.2020<\/em><\/p>\n\n\n\n<h2 class=\"wp-block-heading\">\u201eDynamisch. Nachhaltig. Gut.\u201c Landaus OB Hirsch beim Sommerpressegespr\u00e4ch: Mit Optimismus in die Zukunft, mit R\u00fccksicht und Vorsicht durch die schwierige Zeit \u2013 Nachhaltige Stadtentwicklung bleibt zentraler Ansatz \u2013 F\u00f6rderkulisse \u201eSoziale Stadt\u201c neu im Blick \u2013 Positiver Jahresabschluss 2019 \u2013 Hilfsprojekte in aller Welt nicht vergessen<\/h2>\n\n\n\n<div class=\"wp-block-image\"><figure class=\"aligncenter\"><img decoding=\"async\" loading=\"lazy\" width=\"800\" height=\"533\" src=\"https:\/\/speyer24news.com\/wp-content\/uploads\/2020\/07\/Info-Sommerpressegespr\u00e4ch1.jpg\" alt=\"\" class=\"wp-image-29213\" srcset=\"https:\/\/speyer24news.com\/wp-content\/uploads\/2020\/07\/Info-Sommerpressegespr\u00e4ch1.jpg 800w, https:\/\/speyer24news.com\/wp-content\/uploads\/2020\/07\/Info-Sommerpressegespr\u00e4ch1-300x200.jpg 300w, https:\/\/speyer24news.com\/wp-content\/uploads\/2020\/07\/Info-Sommerpressegespr\u00e4ch1-768x512.jpg 768w\" sizes=\"(max-width: 800px) 100vw, 800px\" \/><figcaption>Landaus OB Hirsch beim Sommerpressegespr\u00e4ch auf der Terrasse des Parkhotels. Im Hintergrund ist der im Bau befindliche Erweiterungsbau zu sehen.<br><em> (Quelle: Stadt Landau)<\/em><\/figcaption><\/figure><\/div>\n\n\n\n<p>Die Herausforderungen der\nCorona-Krise, die aktuelle st\u00e4dtische Finanzsituation, anstehende Gro\u00dfprojekte\nund ein Blick \u201e\u00fcber den Tellerrand\u201c in die Welt: Das und vieles mehr waren die\nThemen des diesj\u00e4hrigen <strong>Sommerpressegespr\u00e4ch<\/strong>s\nvon Landaus OB Thomas Hirsch. Der Stadtchef bittet immer in der Sommerpause\nbzw. sitzungsfreien Zeit Pressevertreterinnen und Pressevertreter zu einem\nzwanglosen Austausch rund um die zentralen Arbeitsthemen der zweiten\nJahresh\u00e4lfte. Die diesj\u00e4hrige Zusammenkunft im Parkhotel stand naturgem\u00e4\u00df ganz\nim Zeichen eines Themas, das zu Jahresbeginn noch niemand auf dem Schirm gehabt\nhatte: Die Corona-Krise und deren Folgen f\u00fcr nahezu alle Lebensbereiche. <\/p>\n\n\n\n<p>Die wichtigste Botschaft: \u201e<strong>Die Pandemie ist nicht vorbei<\/strong>. Mit\nvereinten Kr\u00e4ften, viel Disziplin und gegenseitiger R\u00fccksichtnahme haben wir in\nden vergangenen Monaten gemeinsam erreicht, dass die Infektionszahlen in der\nS\u00fcdpfalz niedrig geblieben sind. Die Lockerungen der Corona-Beschr\u00e4nkungen\nhaben uns allen gut getan, jedoch d\u00fcrfen wir jetzt nicht nachlassen. Ich\nw\u00fcnsche allen Landauerinnen und Landauern eine sch\u00f6ne Ferienzeit, bitte jedoch\num <strong>Vorsicht, R\u00fccksicht und ein\numsichtiges Miteinander<\/strong>, damit wir im Herbst keine b\u00f6se \u00dcberraschung\nerleben\u201c, so Hirsch. Die bevorstehende n\u00e4chste \u00c4nderung der Landesverordnung\nbringe den Entfall der Sperrstunde und Verbesserungen f\u00fcr den Sport, aber: \u201eWir\nbrauchen weitere L\u00f6sungen f\u00fcr Feste und Veranstaltungen, damit wir dort ein\ngeordnetes Geschehen haben und sich keine ungesteuerte Eigendynamik\nentwickelt.\u201c<\/p>\n\n\n\n<h4 class=\"wp-block-heading\"><strong>Herausforderungen in der Corona-Pandemie f\u00fcr die Verwaltung<\/strong><\/h4>\n\n\n\n<div class=\"wp-block-image\"><figure class=\"aligncenter\"><img decoding=\"async\" loading=\"lazy\" width=\"800\" height=\"533\" src=\"https:\/\/speyer24news.com\/wp-content\/uploads\/2020\/07\/Info-Sommerpressegespr\u00e4ch2.jpg\" alt=\"\" class=\"wp-image-29214\" srcset=\"https:\/\/speyer24news.com\/wp-content\/uploads\/2020\/07\/Info-Sommerpressegespr\u00e4ch2.jpg 800w, https:\/\/speyer24news.com\/wp-content\/uploads\/2020\/07\/Info-Sommerpressegespr\u00e4ch2-300x200.jpg 300w, https:\/\/speyer24news.com\/wp-content\/uploads\/2020\/07\/Info-Sommerpressegespr\u00e4ch2-768x512.jpg 768w\" sizes=\"(max-width: 800px) 100vw, 800px\" \/><figcaption>Das beherrschende Thema des Jahres \u2013 auch in Landau: Die Corona-Pandemie mit Maskenpflicht, Abstandsregelungen, Hygienevorschriften und Co.<br><em> (Quelle: Stadt Landau)<\/em><\/figcaption><\/figure><\/div>\n\n\n\n<p>Im Rathaus werde auch w\u00e4hrend\nder Sommermonate daran gearbeitet, dass alle m\u00f6glichst gut durch diese\nschwierige Zeit k\u00e4men, so der OB weiter. \u201eVon der Sommerschule bis zu\nJugendfreizeiten, von sommerlichen Veranstaltungsangeboten bis zu\nFerienbaustellen reichen die aktuellen Aufgaben, die wir <strong>Corona-gerecht organisieren <\/strong>m\u00fcssen.\u201c In der zweiten Jahresh\u00e4lfte\ngelte es, auch entsprechende Konzepte f\u00fcr die Wiederer\u00f6ffnung des Freizeitbads\nLA OLA, den Start des st\u00e4dtischen Kulturprogramms sowie die traditionellen\nFeste und Veranstaltungen zu erarbeiten und umzusetzen. <\/p>\n\n\n\n<p>Der Stadtchef dankt seinen\nMitarbeiterinnen und Mitarbeitern in der <strong>Verwaltung<\/strong>,\ndie seit Beginn der Corona-Krise viele unterschiedliche, neue und vor allem\nkomplexe Aufgaben zu bew\u00e4ltigen haben. \u201eAls Beispiel sei nur unser Ordnungsamt\ngenannt, das in der Corona-Hochzeit quasi t\u00e4glich neue Verf\u00fcgungen umsetzen und\ndie Einhaltung der Ma\u00dfnahmen auch kontrollieren musste\u201c, so Hirsch. Der\nStadtchef informiert in diesem Zusammenhang dar\u00fcber, dass die Verwaltung knapp <strong>340 Verfahren wegen Corona-Verst\u00f6\u00dfen<\/strong>\neingeleitet hat \u2013 meist wegen nicht zul\u00e4ssiger Ansammlungen in der\n\u00d6ffentlichkeit. <\/p>\n\n\n\n<p>Hirsch bittet um Verst\u00e4ndnis,\ndass die Verwaltung nach wie vor nicht f\u00fcr den uneingeschr\u00e4nkten\nPublikumsverkehr ge\u00f6ffnet sei und dass der Zutritt zum Rathaus sowie den\n\u00fcbrigen Dienstgeb\u00e4uden nur nach vorheriger Terminvereinbarung gew\u00e4hrt werde. Um\nden Service f\u00fcr die B\u00fcrgerinnen und B\u00fcrger speziell im hochfrequentierten <strong>B\u00fcrgerb\u00fcro<\/strong> zu verbessern, arbeite die\nVerwaltung aktuell an der kurzfristigen Einf\u00fchrung eines Systems f\u00fcr <strong>Online-Terminvergaben<\/strong>, informiert der\nOB. <\/p>\n\n\n\n<h4 class=\"wp-block-heading\"><strong>Nachhaltige Stadtentwicklung als oberstes Ziel<\/strong><\/h4>\n\n\n\n<div class=\"wp-block-image\"><figure class=\"aligncenter\"><img decoding=\"async\" loading=\"lazy\" width=\"800\" height=\"533\" src=\"https:\/\/speyer24news.com\/wp-content\/uploads\/2020\/07\/Info-Sommerpressegespr\u00e4ch3.jpg\" alt=\"\" class=\"wp-image-29215\" srcset=\"https:\/\/speyer24news.com\/wp-content\/uploads\/2020\/07\/Info-Sommerpressegespr\u00e4ch3.jpg 800w, https:\/\/speyer24news.com\/wp-content\/uploads\/2020\/07\/Info-Sommerpressegespr\u00e4ch3-300x200.jpg 300w, https:\/\/speyer24news.com\/wp-content\/uploads\/2020\/07\/Info-Sommerpressegespr\u00e4ch3-768x512.jpg 768w\" sizes=\"(max-width: 800px) 100vw, 800px\" \/><figcaption>Nach der Sommerpause geht das F\u00f6rderprogramm \u201eSoziale Stadt\u201c in die Gremien der Stadt Landau.<br><em> (Quelle: Stadt Landau)<\/em><\/figcaption><\/figure><\/div>\n\n\n\n<p>Trotz dieser Zusatzaufgaben\nund der schwierigen Rahmenbedingungen darf die <strong>Stadtentwicklung<\/strong> nicht ins Stocken geraten. \u201e\u00d6konomisch, \u00f6kologisch\nund sozial: Es l\u00e4uft in unserer Stadt trotz Corona-Krise so gut, dass manche\nschon meinen, das sei selbstverst\u00e4ndlich. Das ist es aber nicht und die\nwichtigste Aufgabe von Stadtpolitik und Stadtverwaltung in der zweiten\nJahresh\u00e4lfte wird es sein, die dynamische Entwicklung, die den Erfolg unserer\nStadt ausmacht, zu sichern\u201c, so Hirsch. Und weiter: \u201eVon den Neubaugebieten in\nden Stadtd\u00f6rfern \u00fcber unser neues Wohnquartier Landau-S\u00fcdwest bis zu\nMobilit\u00e4tsthemen oder sozialen Projekten: Wir segeln in Landau trotz der\nPandemie hart am Wind und wenn sich durch neue F\u00f6rder- und Rahmenbedingungen\nm\u00f6glicherweise Abl\u00e4ufe ver\u00e4ndern, so werden wir auch diese f\u00fcr unseren Kurs\neiner nachhaltigen Stadtgestaltung zu nutzen wissen.\u201c <\/p>\n\n\n\n<p><strong>Gro\u00dfprojekte<\/strong>,\ndie in den kommenden Monaten auf der st\u00e4dtischen To-do-Liste stehen, sind u.a. die\nPlanungen f\u00fcr das neue Stadttor auf dem Kaufhof-Areal, der Ostpark mitsamt\nSchwanenweiher, der Abschluss des Baus von bezahlbaren Wohnungen im\nGuldengewann und der Beginn der Planungen f\u00fcr das neue Projekt in der\nHaardtstra\u00dfe, die Verhandlungen \u00fcber die Zukunft des ehemaligen Rangierbahnhofs,\ndie Planungen f\u00fcr das fr\u00fchere Rundsporthallen-Areal und den R\u00fcckbau der\nS\u00fcwega-Halle, die Vorbereitungen f\u00fcr die Vermarktung der letzten freien\nGrundst\u00fccke auf dem ehemaligen LGS-Gel\u00e4nde, die weitere Entwicklung der\nPaul-von-Denis-Stra\u00dfe mit dem Neubau der Polizei, dem Bau eines\nNahversorgungsmarkts, dem Baubeginn auf dem Baufeld 33 und den Planungen f\u00fcr\ndas Medizinische Versorgungszentrum, die bevorstehende Fertigstellung der\nHorstbr\u00fccke als gr\u00f6\u00dftes Verkehrsprojekt seit Jahren und die Neuordnung der Innenstadtmobilit\u00e4t.\nNeben st\u00e4dtischen und privaten Projekten begleitet die Verwaltung auch\nkirchliche Vorhaben, wie die bevorstehende Sanierung der Stiftskirche und die\nNeuordnung des Areals der Marienkirche. <\/p>\n\n\n\n<p>Dar\u00fcber hinaus besch\u00e4ftigen\ndie Verwaltung aber auch schon die anstehenden Landtags- und Bundestagswahlen,\nein m\u00f6glicher Rheinland-Pfalz-Tag in der S\u00fcdpfalzmetropole und das gro\u00dfe Stadtjubil\u00e4um\nzum 750. Geburtstag Landaus im Jahr 2024. <\/p>\n\n\n\n<p>Gro\u00dfe Zukunftsthemen, die\naktuell und auch in den kommenden Monaten weiter auf der Tagesordnung stehen\nwerden, sind au\u00dferdem die Herausforderungen der <strong>Digitalisierung<\/strong>, denen die Stadt Landau unter anderem mit der\nEinstellung einer bzw. eines Digitalisierungsbeauftragten und der Teilnahme am\nF\u00f6rderprojekt \u201eSmart City\u201c begegnet, der Kampf um die <strong>Kreisfreiheit<\/strong> Landaus und auch die <strong>Unifusion<\/strong> mit ihren m\u00f6glichen Auswirkungen auf den\nWissenschaftsstandort Landau. <\/p>\n\n\n\n<p>Nach dem Abzug der\nfranz\u00f6sischen Truppen im Jahr 1999 und der anschlie\u00dfenden Umnutzung der\nmilit\u00e4rischen Liegenschaften kann mit der ausstehenden letzten Vergabetranche von\nGrundst\u00fccken auf dem Landesgartenschau-Areal die <strong>Konversion<\/strong> in Landau erfolgreich abgeschlossen werden. Nun gelte\nes, eine neue F\u00f6rderkulisse f\u00fcr die Herausforderungen der Zukunft aufzusetzen,\nso Hirsch. \u201eNach der Sommerpause geht das Programm \u00ab<strong>Soziale Stadt<\/strong>\u00bb in die Gremien. Ziel ist es, den sozialen\nZusammenhalt zu st\u00e4rken, lebendige Nachbarschaften zu f\u00f6rdern und f\u00fcr mehr\nTeilhabe, Integration, Familienfreundlichkeit und Generationengerechtigkeit zu\nsorgen. Als Sozialpolitiker begr\u00fc\u00dfe ich ausdr\u00fccklich, dass das F\u00f6rderprogramm\nbaulich-investive Ma\u00dfnahmen mit sozialpolitischen Aspekten noch besser verkn\u00fcpft\u201c,\nbetont Landaus Stadtchef. <\/p>\n\n\n\n<h4 class=\"wp-block-heading\"><strong>St\u00e4rkung von Einzelhandel, Tourismus und Co. <\/strong><\/h4>\n\n\n\n<div class=\"wp-block-image\"><figure class=\"aligncenter\"><img decoding=\"async\" loading=\"lazy\" width=\"800\" height=\"533\" src=\"https:\/\/speyer24news.com\/wp-content\/uploads\/2020\/07\/Info-Sommerpressegespr\u00e4ch5.jpg\" alt=\"\" class=\"wp-image-29217\" srcset=\"https:\/\/speyer24news.com\/wp-content\/uploads\/2020\/07\/Info-Sommerpressegespr\u00e4ch5.jpg 800w, https:\/\/speyer24news.com\/wp-content\/uploads\/2020\/07\/Info-Sommerpressegespr\u00e4ch5-300x200.jpg 300w, https:\/\/speyer24news.com\/wp-content\/uploads\/2020\/07\/Info-Sommerpressegespr\u00e4ch5-768x512.jpg 768w\" sizes=\"(max-width: 800px) 100vw, 800px\" \/><figcaption> Landaus OB Hirsch fordert Sofortprogramme zur St\u00e4rkung der Innenst\u00e4dte und Zentren auch in Rheinland-Pfalz. <br><em>(Quelle: Stadt Landau)<\/em> <\/figcaption><\/figure><\/div>\n\n\n\n<p>Kein bauliches, aber doch ein\nwichtiges Projekt ist die weitere Positionierung des Landauer <strong>Stadtmarketing<\/strong>s. In der zweiten\nJahresh\u00e4lfte 2020 ist u.a. eine gro\u00dfangelegte Kampagne geplant, die medial und\ninsbesondere digital den Standort Landau mit seinen tollen Ecken, kreativen\nMenschen, Ideen und Aktionen sichtbar werden lassen m\u00f6chte. OB Hirsch verweist\nin diesem Zusammenhang auch auf <strong>Sofortprogramme\nzur St\u00e4rkung der Innenst\u00e4dte<\/strong> und Zentren in anderen Bundesl\u00e4ndern. \u201eSo\netwas brauchen wir auch f\u00fcr Rheinland-Pfalz\u201c, ist Landaus Stadtchef \u00fcberzeugt. <\/p>\n\n\n\n<p>Mit seinem diesj\u00e4hrigen\nSommerpressegespr\u00e4ch war der OB zu Gast im <strong>Parkhotel<\/strong>,\ndessen Gesch\u00e4ftsf\u00fchrer Oliver Hasert \u00fcber die Herausforderungen der\nCorona-Krise f\u00fcr seine Branche sprach, jedoch auch aktuelle Projekte in seinem\nHaus vorstellte: So konnte das \u201eerste Haus am Platz\u201c gerade erst Richtfest f\u00fcr\nseinen Erweiterungsbau feiern und seine neue Sommerterrasse Wein &amp; Dein\neinweihen. \u201eGastronomie, Hotellerie und Freizeitwirtschaft geh\u00f6ren zu den\nbesonders von der Pandemie betroffenen Bereichen\u201c, betonte OB Hirsch. \u201eAls\nStadt wollen wir der Branche mit unterschiedlichen Ma\u00dfnahmen helfen, die\nschwierige Zeit zu \u00fcberstehen, denn sie hat f\u00fcr unsere Region eine\nherausragende Bedeutung.\u201c <\/p>\n\n\n\n<h4 class=\"wp-block-heading\"><strong>Positiver Jahresabschluss 2019<\/strong><\/h4>\n\n\n\n<div class=\"wp-block-image\"><figure class=\"aligncenter\"><img decoding=\"async\" loading=\"lazy\" width=\"800\" height=\"533\" src=\"https:\/\/speyer24news.com\/wp-content\/uploads\/2020\/07\/Info-Sommerpressegespr\u00e4ch4.jpg\" alt=\"\" class=\"wp-image-29216\" srcset=\"https:\/\/speyer24news.com\/wp-content\/uploads\/2020\/07\/Info-Sommerpressegespr\u00e4ch4.jpg 800w, https:\/\/speyer24news.com\/wp-content\/uploads\/2020\/07\/Info-Sommerpressegespr\u00e4ch4-300x200.jpg 300w, https:\/\/speyer24news.com\/wp-content\/uploads\/2020\/07\/Info-Sommerpressegespr\u00e4ch4-768x512.jpg 768w\" sizes=\"(max-width: 800px) 100vw, 800px\" \/><figcaption>Ein bisschen Ablenkung in schwierigen Zeiten: Die Stadt Landau versucht, den Menschen Corona-gerechte Unterhaltung zu bieten \u2013 wie hier mit dem Riesenrad auf dem Rathausplatz. <em>(Quelle: Stadt Landau)<\/em> <\/figcaption><\/figure><\/div>\n\n\n\n<p>Erfreuliche Nachrichten hatte\nder Stadtchef aus der st\u00e4dtischen K\u00e4mmerei mitgebracht: Das Jahr 2019 hat\nLandau mit einem <strong>Jahres\u00fcberschuss<\/strong>\nvon rund 17,6 Millionen Euro sehr erfolgreich und damit deutlich besser\nabgeschlossen als in der Planung angenommen. Die Verbesserung im Ist-Ergebnis\nund damit der <strong>Haushaltsausgleich<\/strong>\ngehen auf unterschiedliche Faktoren, vor allem auch auf hohe\nGewerbesteuereinnahmen zur\u00fcck. Aber: \u201eDa es sich bei der Gewerbesteuer um eine\nsehr konjunkturabh\u00e4ngige Steuer handelt, besteht immer das Risiko eines\nR\u00fcckgangs der Ertr\u00e4ge, vor allem nat\u00fcrlich jetzt in der Corona-Krise\u201c, d\u00e4mpft\nHirsch die Erwartungen f\u00fcr das laufende Haushaltsjahr. So rechne das\nrheinland-pf\u00e4lzische Finanzministerium mit einem R\u00fcckgang der <strong>Gewerbesteuer<\/strong> im Jahr 2020 um fast 18\nProzent. \u201eDazu kommen gestiegene Aufwendungen zur Corona-Krisenbew\u00e4ltigung. Das\nalles wird das Jahr 2020 deutlich belasten, sodass wir wohl erstmals seit\nJahren auch wieder mit einem Anstieg der Liquidit\u00e4tskredite rechnen m\u00fcssen.\u201c <\/p>\n\n\n\n<p>In den vergangenen drei\nJahren hatte die Stadt Landau \u00fcber 40 Millionen Euro an Schulden abbauen\nk\u00f6nnen. \u201eDas hilft uns auch jetzt in der Corona-Krise. Dennoch belastet uns die\nanhaltende <strong>strukturelle\nUnterfinanzierung<\/strong>, daf\u00fcr braucht es Regelungen f\u00fcr die St\u00e4dte und alle\nKommunen in Rheinland-Pfalz \u2013 gerade in dieser schwierigen Zeit\u201c, war sich\nLandaus OB, zugleich stellvertretender Vorsitzender des rheinland-pf\u00e4lzischen\nSt\u00e4dtetags, mit dem ebenfalls anwesenden <strong>Gesch\u00e4ftsf\u00fchrenden\nDirektor des St\u00e4dtetags Rheinland-Pfalz, Michael M\u00e4tzig,<\/strong> einig. <\/p>\n\n\n\n<p>Laut M\u00e4tzig seien viele\nSt\u00e4dte der derzeitigen Corona-bedingten Wirtschaftskrise finanziell schutzlos\nausgeliefert. Hohe Altschulden dr\u00fcckten; die Kommunen bes\u00e4\u00dfen weit \u00fcberwiegend\nkeine Finanzpolster. \u201eDie gegenw\u00e4rtige Krise zeigt einmal mehr: Kommunen sind f\u00fcr\ndas Funktionieren des Staats systemrelevant. Demzufolge brauchen sie auch \u00fcber\ndie begr\u00fc\u00dfenswerten Soforthilfeprogramme hinaus finanzielle Unterst\u00fctzung vom\nLand, um handlungsf\u00e4hig zu bleiben. Es m\u00fcssen landesseitig umgehend tragf\u00e4hige\nL\u00f6sungen her, um die dr\u00fcckende Altschuldenlast abzubauen und den St\u00e4dten\ndauerhaft einen Haushaltsausgleich zu erm\u00f6glichen.\u201c<\/p>\n\n\n\n<h4 class=\"wp-block-heading\"><strong>Der Blick in die Welt <\/strong><\/h4>\n\n\n\n<p>F\u00fcr einen Blick jenseits\nst\u00e4dtischer Sorgen, N\u00f6te und Herausforderungen hie\u00df der Gastgeber <strong>Pfarrer Klaus Armbrust<\/strong> willkommen. Von\nLandau aus werden viele <strong>Hilfsprojekte in\naller Welt<\/strong> unterst\u00fctzt, nicht nur in der ruandischen Partnergemeinde\nRuhango, sondern in vielen afrikanischen L\u00e4ndern. Beispielhaft konnte Pfarrer\nArmbrust als langj\u00e4hriger Organisator des Landauer Hungermarschs \u00fcber die oft\nverheerende Corona-Lage vor Ort berichten: \u201eEs gibt kaum Intensivstationen oder\nBeatmungsger\u00e4te und die eigentliche Aufgabe unserer Partnerinnen und Partnern\nin Afrika, n\u00e4mlich die Versorgung von AIDS-Kranken bzw. AIDS-Waisen, die\nAusbildung junger Menschen oder das Bohren von Brunnen, wird durch die Pandemie\nnoch einmal deutlich erschwert.\u201c <\/p>\n\n\n\n<p>\u201eDer Blick in die \u00e4rmsten\nRegionen der Welt zeigt, <strong>wie gut wir in\nDeutschland und ganz besonders in der S\u00fcdpfalz leben<\/strong>. Die Corona-Krise\nstellt auch uns vor gro\u00dfe Herausforderungen, keine Frage, jedoch sollten wir\nfroh und dankbar daf\u00fcr sein, wie gut es uns geht \u2013 auch in Zeiten einer\nPandemie\u201c, fasst OB Hirsch zusammen und wirbt f\u00fcr Unterst\u00fctzung. <\/p>\n\n\n\n<p>Die Spendenkonten des Vereins\nLandauer Hungermarsch: <\/p>\n\n\n\n<ul><li><strong>Konto VR Bank S\u00fcdpfalz<\/strong><\/li><li>IBAN: DE15 5486 2500 0000 7855 55<\/li><li>BIC: GENODE61S\u00dcW<\/li><\/ul>\n\n\n\n<ul><li><strong>Konto Sparkasse S\u00fcdliche Weinstra\u00dfe<\/strong><\/li><li>IBAN: DE16 5485 0010 0000 0800 93<\/li><li>BIC: SOLADES1S\u00dcW<\/li><\/ul>\n\n\n\n<p><em>Stadtverwaltung Landau in der Pfalz<br>17.07.2020<\/em><\/p>\n\n\n\n<h2 class=\"wp-block-heading\">Aus Solidarit\u00e4t mit Kulturszene und Restaurants: Palais Landau setzt eine Spielzeit aus<\/h2>\n\n\n\n<div class=\"wp-block-image\"><figure class=\"aligncenter\"><img decoding=\"async\" loading=\"lazy\" width=\"800\" height=\"480\" src=\"https:\/\/speyer24news.com\/wp-content\/uploads\/2020\/07\/Logo.png\" alt=\"\" class=\"wp-image-29210\" srcset=\"https:\/\/speyer24news.com\/wp-content\/uploads\/2020\/07\/Logo.png 800w, https:\/\/speyer24news.com\/wp-content\/uploads\/2020\/07\/Logo-300x180.png 300w, https:\/\/speyer24news.com\/wp-content\/uploads\/2020\/07\/Logo-768x461.png 768w\" sizes=\"(max-width: 800px) 100vw, 800px\" \/><\/figure><\/div>\n\n\n\n<p>Das Palais des \u00c9toiles in Landau setzt in der Spielzeit 2020 aus. Diese Entscheidung ist der Produzentin Laura Erny sehr schwergefallen, auch, weil die internationalen Stars bereits engagiert waren und das Showprogramm bereits stand. Doch sie m\u00f6chte den Kulturst\u00e4tten und Restaurants in der Region den Vortritt lassen, die wegen Corona schwere Zeiten durchleben. Sein Bedauern und ein Dankesch\u00f6n f\u00fcr diese Solidarit\u00e4t mit anderen \u00e4u\u00dfert der Landauer Oberb\u00fcrgermeister Thomas Hirsch. Das Dinner&amp;Show-Programm Palais Landau wird wieder vor und um Weihnachten 2021 das Publikum begeistern.<\/p>\n\n\n\n<figure class=\"wp-block-image\"><img decoding=\"async\" loading=\"lazy\" width=\"800\" height=\"600\" src=\"https:\/\/speyer24news.com\/wp-content\/uploads\/2020\/07\/DSC08735.jpg\" alt=\"\" class=\"wp-image-29211\" srcset=\"https:\/\/speyer24news.com\/wp-content\/uploads\/2020\/07\/DSC08735.jpg 800w, https:\/\/speyer24news.com\/wp-content\/uploads\/2020\/07\/DSC08735-300x225.jpg 300w, https:\/\/speyer24news.com\/wp-content\/uploads\/2020\/07\/DSC08735-768x576.jpg 768w, https:\/\/speyer24news.com\/wp-content\/uploads\/2020\/07\/DSC08735-678x509.jpg 678w, https:\/\/speyer24news.com\/wp-content\/uploads\/2020\/07\/DSC08735-326x245.jpg 326w, https:\/\/speyer24news.com\/wp-content\/uploads\/2020\/07\/DSC08735-80x60.jpg 80w\" sizes=\"(max-width: 800px) 100vw, 800px\" \/><figcaption>v.l.: Oberb\u00fcrgermeister Thomas Hirsch und Produzentin Laura Erny <br><em>Foto: Speyer 24\/7 News<\/em><\/figcaption><\/figure>\n\n\n\n<p>In den vergangenen beiden Wintern hatten die K\u00fcnstler und der Kochvirtuose Oliver Weisch mit den Programmen aus Artistik, Akrobatik, Tanz, Comedy und Kulinarik die Besucher mitgerissen und mit ihren Gesamtkunstwerken f\u00fcr unvergessliche Abende gesorgt. \u00dcber 6500 Besucher hatten die Show im vergangenen Winter gefeiert. An die beiden bisherigen Erfolge wollte Laura Erny mit ihrem Team in der bevorstehenden Spielzeit ankn\u00fcpfen.<\/p>\n\n\n\n<p>\u201eWir haben uns ganz bewusst entschieden, in diesem Winter auszusetzen: Aus Solidarit\u00e4t mit der Kulturszene und den Restaurants, die zw\u00f6lf Monate im Jahr f\u00fcr die G\u00e4ste da sind und in dieser schwierigen Corona-Zeit jede Unterst\u00fctzung dringend ben\u00f6tigen,\u201c sagt Laura Erny. \u201eDa wollen wir in unserer zweimonatigen Spielzeit nicht als Konkurrenz zu ihnen auftreten.\u201c<\/p>\n\n\n\n<div class=\"wp-block-image\"><figure class=\"aligncenter\"><img decoding=\"async\" loading=\"lazy\" width=\"800\" height=\"534\" src=\"https:\/\/speyer24news.com\/wp-content\/uploads\/2020\/07\/Show-2019_Lucy-Campbell_Foto-Alexander-Hopp.jpg\" alt=\"\" class=\"wp-image-29212\" srcset=\"https:\/\/speyer24news.com\/wp-content\/uploads\/2020\/07\/Show-2019_Lucy-Campbell_Foto-Alexander-Hopp.jpg 800w, https:\/\/speyer24news.com\/wp-content\/uploads\/2020\/07\/Show-2019_Lucy-Campbell_Foto-Alexander-Hopp-300x200.jpg 300w, https:\/\/speyer24news.com\/wp-content\/uploads\/2020\/07\/Show-2019_Lucy-Campbell_Foto-Alexander-Hopp-768x513.jpg 768w\" sizes=\"(max-width: 800px) 100vw, 800px\" \/><figcaption> R\u00fcckblick: Die S\u00e4ngerin Lucy Campbell war in den beiden bisherigen Spielzeiten ein Star des Abends. <br><em>Foto: Alexander Hopp <\/em><\/figcaption><\/figure><\/div>\n\n\n\n<p>\u201eKein Palais des \u00c9toiles in diesem Jahr \u2013 das ist erstmal schade. Auf den zweiten Blick aber doch eine tolle Geste f\u00fcr das Miteinander in unserer Stadt\u201c, sagt Oberb\u00fcrgermeister Thomas  Hirsch. \u201eDarum ein gro\u00dfes Dankesch\u00f6n an Laura Erny, dass sie zum Wohl ihrer Kolleginnen und Kollegen in der Landauer Gastronomie- und Kulturszene auf die diesj\u00e4hrige Spielzeit verzichtet. Wir freuen uns umso mehr auf das n\u00e4chste Jahr!\u201c<\/p>\n\n\n\n<p>Die engagierten K\u00fcnstler w\u00e4ren gerne nach Landau gekommen, um dem gro\u00dfartigen Publikum ihre unvergesslichen Showacts zu pr\u00e4sentieren. Diese hatte Laura Erny bereits zu einem glanzvollen Ganzen zusammengef\u00fcgt. Weil dem Palais-Team das Wohl und die Gesundheit der G\u00e4ste am Herzen liegt, war auch der einzigartige Showpalast schon Coronakonform nach allen n\u00f6tigen Sicherheitsstandards konzipiert worden.<\/p>\n\n\n\n<p><em>Palais Landau Variet\u00e9 GmbH &amp; Co. KG<br>17.07.2020<\/em><\/p>\n\n\n\n<h2 class=\"wp-block-heading\">Auf Anregung des Beirats f\u00fcr \u00e4ltere Menschen: Stadt Landau stellt zwei B\u00e4nke f\u00fcr Wochenmarkt auf Altem Me\u00dfplatz auf<\/h2>\n\n\n\n<div class=\"wp-block-image\"><figure class=\"aligncenter\"><img decoding=\"async\" loading=\"lazy\" width=\"800\" height=\"533\" src=\"https:\/\/speyer24news.com\/wp-content\/uploads\/2020\/07\/Info-13-07-2020-12-Uhr_B\u00e4nke.jpg\" alt=\"\" class=\"wp-image-29209\" srcset=\"https:\/\/speyer24news.com\/wp-content\/uploads\/2020\/07\/Info-13-07-2020-12-Uhr_B\u00e4nke.jpg 800w, https:\/\/speyer24news.com\/wp-content\/uploads\/2020\/07\/Info-13-07-2020-12-Uhr_B\u00e4nke-300x200.jpg 300w, https:\/\/speyer24news.com\/wp-content\/uploads\/2020\/07\/Info-13-07-2020-12-Uhr_B\u00e4nke-768x512.jpg 768w\" sizes=\"(max-width: 800px) 100vw, 800px\" \/><figcaption>Eine der beiden neuen Sitzb\u00e4nke auf dem Landauer Wochenmarkt.<br><em> (Quelle: Stadt Landau)<\/em><\/figcaption><\/figure><\/div>\n\n\n\n<p>Die Stadt Landau hat gerne die Anregung des Beirats f\u00fcr\n\u00e4ltere Menschen aufgenommen und zwei Sitzb\u00e4nke auf dem Alten Me\u00dfplatz\naufgestellt. Diese sollen vor allem f\u00fcr Seniorinnen und Senioren das Einkaufen\nauf dem Wochenmarkt einfacher und bequemer machen. Die B\u00e4nke stehen entlang der\nFortstra\u00dfe und wurden am ersten Marktsamstag bereits sehr gut angenommen. <\/p>\n\n\n\n<p>\u201eDie Mitglieder des Beirats f\u00fcr \u00e4ltere Menschen haben mich\nin der j\u00fcngsten Sitzung auf ein Problem aufmerksam gemacht: N\u00e4mlich, dass\neinige Seniorinnen und Senioren unseren Corona-bedingt auf den Alten Me\u00dfplatz\nverlegten Wochenmarkt nicht mehr besuchten, da es dort keine Sitzgelegenheiten\ngab\u201c, erl\u00e4utert Beigeordneter Lukas Hartmann. Das Umweltamt und das st\u00e4dtische\nB\u00fcro f\u00fcr Tourismus h\u00e4tten nun kurzfristig Abhilfe geschaffen. Ob die B\u00e4nke auch\ndauerhaft stehen blieben, werde noch gepr\u00fcft, so Hartmann. <\/p>\n\n\n\n<p>Der bei Besucherinnen und Besuchern aus der gesamten\nRegion beliebte Landauer Wochenmarkt findet seit Anfang Mai dienstags und\nsamstags von 7 bis 14 Uhr auf dem Alten Me\u00dfplatz statt. Ab September soll er\nwieder auf den Rathausplatz verlegt werden. PS: Wie in der aktuellen\nLandesverordnung festgelegt, gilt auf dem Wochenmarkt die Maskenpflicht.<\/p>\n\n\n\n<p><em>Stadtverwaltung Landau in der Pfalz<br>17.07.2020<\/em><\/p>\n\n\n\n<h2 class=\"wp-block-heading\">\u201eDer Neue\u201c aus dem bayerischen Landau zu Gast in der pf\u00e4lzischen Schwesterstadt: OB Hirsch empf\u00e4ngt Amtskollege Kohlmayer zu Antrittsbesuch<\/h2>\n\n\n\n<div class=\"wp-block-image\"><figure class=\"aligncenter\"><img decoding=\"async\" loading=\"lazy\" width=\"800\" height=\"533\" src=\"https:\/\/speyer24news.com\/wp-content\/uploads\/2020\/07\/Info-13-07-2020-12-Uhr_Isar1.jpg\" alt=\"\" class=\"wp-image-29206\" srcset=\"https:\/\/speyer24news.com\/wp-content\/uploads\/2020\/07\/Info-13-07-2020-12-Uhr_Isar1.jpg 800w, https:\/\/speyer24news.com\/wp-content\/uploads\/2020\/07\/Info-13-07-2020-12-Uhr_Isar1-300x200.jpg 300w, https:\/\/speyer24news.com\/wp-content\/uploads\/2020\/07\/Info-13-07-2020-12-Uhr_Isar1-768x512.jpg 768w\" sizes=\"(max-width: 800px) 100vw, 800px\" \/><figcaption>Ein Hauch von Bayern auf dem Landauer Rathausplatz: OB Hirsch (r.) und B\u00fcrgermeister Kohlmayer verkauften traditionelles bayerisches Bier an die Pf\u00e4lzerinnen und Pf\u00e4lzer. <br><em> (Quelle: Stadt Landau)<\/em><\/figcaption><\/figure><\/div>\n\n\n\n<p>Landau trifft Landau: Thomas Hirsch, Oberb\u00fcrgermeister der Stadt Landau in der Pfalz, konnte jetzt seinen neuen Amtskollegen aus Landau an der Isar, B\u00fcrgermeister Matthias Kohlmayer, in der pf\u00e4lzischen Schwesterstadt begr\u00fc\u00dfen. F\u00fcr die beiden Landauer Stadtchefs standen u.a. ein Bierverkauf auf dem Rathausplatz, eine Fahrt mit dem Riesenrad, der Eintrag Kohlmayers in das Goldene Buch der Stadt und nat\u00fcrlich der kollegiale Austausch auf dem Programm. Dabei reichten die Themen von der Bew\u00e4ltigung der Corona-Pandemie in Rheinland-Pfalz und Bayern \u00fcber die Entwicklung von Innenst\u00e4dten und die F\u00f6rderung der heimischen Wirtschaft bis zu regenerativen Energieprojekten und der Versorgung mit Kita-Pl\u00e4tzen.<\/p>\n\n\n\n<div class=\"wp-block-image\"><figure class=\"aligncenter\"><img decoding=\"async\" loading=\"lazy\" width=\"800\" height=\"533\" src=\"https:\/\/speyer24news.com\/wp-content\/uploads\/2020\/07\/Info-13-07-2020-12-Uhr_Isar2.jpg\" alt=\"\" class=\"wp-image-29207\" srcset=\"https:\/\/speyer24news.com\/wp-content\/uploads\/2020\/07\/Info-13-07-2020-12-Uhr_Isar2.jpg 800w, https:\/\/speyer24news.com\/wp-content\/uploads\/2020\/07\/Info-13-07-2020-12-Uhr_Isar2-300x200.jpg 300w, https:\/\/speyer24news.com\/wp-content\/uploads\/2020\/07\/Info-13-07-2020-12-Uhr_Isar2-768x512.jpg 768w\" sizes=\"(max-width: 800px) 100vw, 800px\" \/><figcaption>Eine besondere Ehre: Der Gast aus Landau an der Isar trug sich auch in das Goldene Buch der Stadt Landau in der Pfalz ein. <br><em> (Quelle: Stadt Landau)<\/em><\/figcaption><\/figure><\/div>\n\n\n\n<p>\u201eBayern und Pfalz: Das passt einfach\u201c, befand OB Hirsch, auf dessen Initiative hin der Kontakt mit der niederbayerischen Schwesterstadt seit einigen Jahren wieder rege gepflegt wird. \u201eMindestens ebenso wichtig wie der politische Austausch sind die regelm\u00e4\u00dfigen B\u00fcrgerfahrten, die wir in beide Richtungen anbieten. Eigentlich w\u00e4ren wir Pf\u00e4lzer Landauerinnen und Landauer um diese Zeit jetzt zu Gast beim Volksfest in Landau an der Isar gewesen. Umso mehr freut es mich, dass der neue B\u00fcrgermeister uns gemeinsam mit seiner Ehefrau Isabella Kohlmayer einen Besuch abgestattet hat \u2013 und dass der Verkauf von bayerischem Krieger-Br\u00e4u auf dem Rathausplatz nicht nur ein St\u00fcck Bayern nach Landau gebracht, sondern den Menschen hoffentlich auch eine kleine Freude in schwierigen Zeiten bereitet hat.\u201c <\/p>\n\n\n\n<div class=\"wp-block-image\"><figure class=\"aligncenter\"><img decoding=\"async\" loading=\"lazy\" width=\"800\" height=\"533\" src=\"https:\/\/speyer24news.com\/wp-content\/uploads\/2020\/07\/Info-13-07-2020-12-Uhr_Isar3.jpg\" alt=\"\" class=\"wp-image-29208\" srcset=\"https:\/\/speyer24news.com\/wp-content\/uploads\/2020\/07\/Info-13-07-2020-12-Uhr_Isar3.jpg 800w, https:\/\/speyer24news.com\/wp-content\/uploads\/2020\/07\/Info-13-07-2020-12-Uhr_Isar3-300x200.jpg 300w, https:\/\/speyer24news.com\/wp-content\/uploads\/2020\/07\/Info-13-07-2020-12-Uhr_Isar3-768x512.jpg 768w\" sizes=\"(max-width: 800px) 100vw, 800px\" \/><figcaption> Auf gro\u00dfer Fahrt: Die Landauer Weinprinzessin Manuela Konz, Isabella Kohlmayer, B\u00fcrgermeister Matthias Kohlmayer und OB Thomas Hirsch (v.l.). <br><em>(Quelle: Stadt Landau)<\/em> <\/figcaption><\/figure><\/div>\n\n\n\n<p>\u201eBayern und die Pfalz blicken auf eine bewegte gemeinsame\nGeschichte zur\u00fcck, die in unserem Landau bis heute nachhallt\u201c, so Hirsch weiter.\n\u201eVor diesem Hintergrund begr\u00fc\u00dfen wir die freundschaftlichen Beziehungen zu\nunserer Namensvetterin in Niederbayern und hoffen, diese k\u00fcnftig auch unter\nneuer F\u00fchrung weiter so gut pflegen zu k\u00f6nnen wie bisher.\u201c <\/p>\n\n\n\n<p>Das bayerische und das pf\u00e4lzische Landau sind seit den\n1950er Jahren befreundet, als Landau an der Isar von einer Flutkatastrophe\nheimgesucht wurde und die Pf\u00e4lzer Landauerinnen und Landauer spontan ihre Hilfe\nanboten. <\/p>\n\n\n\n<p><em>Stadtverwaltung Landau in der Pfalz<br>17.07.2020<\/em><\/p>\n\n\n\n<h2 class=\"wp-block-heading\">Starke Partner: Stadt Landau wird Gesellschafterin der TechnologieRegion Karlsruhe \u2013 Aktionsb\u00fcndnis setzt auf Zusammenarbeit bei Mobilit\u00e4t, Energie und Digitalisierung<\/h2>\n\n\n\n<div class=\"wp-block-image\"><figure class=\"aligncenter\"><img decoding=\"async\" loading=\"lazy\" width=\"800\" height=\"589\" src=\"https:\/\/speyer24news.com\/wp-content\/uploads\/2020\/07\/Gemeinsame-PM-Beitritt-LD-TechnologieRegion-Karlsruhe.jpg\" alt=\"\" class=\"wp-image-29203\" srcset=\"https:\/\/speyer24news.com\/wp-content\/uploads\/2020\/07\/Gemeinsame-PM-Beitritt-LD-TechnologieRegion-Karlsruhe.jpg 800w, https:\/\/speyer24news.com\/wp-content\/uploads\/2020\/07\/Gemeinsame-PM-Beitritt-LD-TechnologieRegion-Karlsruhe-300x221.jpg 300w, https:\/\/speyer24news.com\/wp-content\/uploads\/2020\/07\/Gemeinsame-PM-Beitritt-LD-TechnologieRegion-Karlsruhe-768x565.jpg 768w, https:\/\/speyer24news.com\/wp-content\/uploads\/2020\/07\/Gemeinsame-PM-Beitritt-LD-TechnologieRegion-Karlsruhe-80x60.jpg 80w\" sizes=\"(max-width: 800px) 100vw, 800px\" \/><figcaption> Bei der j\u00fcngsten Gesellschafterversammlung haben Landaus OB Thomas Hirsch (r.), der Vorsitzende des Aufsichtsrats der TechnologieRegion Karlsruhe (TRK) und Karlsruher OB Dr. Frank Mentrup (M.), und TRK-Gesch\u00e4ftsf\u00fchrer Jochen Ehlg\u00f6tz (l.) das neue B\u00fcndnis offiziell besiegelt. <br><em>(Quelle: TRK GmbH) <\/em><\/figcaption><\/figure><\/div>\n\n\n\n<p>\u201eHightech trifft Lebensart\u201c: Das ist das Motto der\nTechnologieRegion Karlsruhe GmbH, einem Aktionsb\u00fcndnis aus Unternehmen,\nKammern, Wissenschaftseinrichtungen und Kommunen, dem die Stadt Landau jetzt\nbeigetreten ist. Die TechnologieRegion Karlsruhe verfolgt das Ziel, Wirtschaft,\nWissenschaft und Innovationskraft in der Region zu st\u00e4rken. Der Fokus liegt insbesondere\nauf den Themenfeldern Mobilit\u00e4t, Energie und Digitalisierung. \u201eWir freuen uns\nauf die noch engere und nun auch offizielle Zusammenarbeit mit den\nGesellschaftspartnern der TechnologieRegion Karlsruhe und sind gespannt auf k\u00fcnftige\nProjekte, um unsere dynamische und starke Wirtschaftsregion weiter\nvoranzubringen\u201c, so Oberb\u00fcrgermeister Thomas Hirsch. <\/p>\n\n\n\n<p>Die beiden Landkreise Germersheim und S\u00fcdliche Weinstra\u00dfe\nseien bereits schon l\u00e4nger Mitglied in der TechnologieRegion. Endlich sei es\nnun gelungen, auch der Stadt Landau den Beitritt zu erm\u00f6glichen. Dies sei in\nden zur\u00fcckliegenden Jahren immer an aufsichtsrechtlichen Themen gescheitert. Es\nsei aber wichtig, die gesamte S\u00fcdpfalz mit ihrer \u201eScharnierfunktion\u201c zwischen\nder TechnologieRegion Karlsruhe und der Metropolregion Rhein-Neckar in beiden\nInstitutionen zu verankern, so der Stadtchef.<\/p>\n\n\n\n<p>Im Vorfeld der ersten Gesellschafterversammlung, bei der das neue B\u00fcndnis jetzt offiziell besiegelt wurde, traf sich Landaus Stadtchef auch mit dem Vorsitzenden des Aufsichtsrats der TechnologieRegion Karlsruhe GmbH, dem Karlsruher Oberb\u00fcrgermeister Dr. Frank Mentrup, zum Austausch \u00fcber aktuelle Themen und die Chancen, die die neue Verbindung mit sich bringt. \u201eDurch den Beitritt der Stadt Landau st\u00e4rken wir die Zusammenarbeit mit unseren s\u00fcdpf\u00e4lzischen Nachbarinnen und Nachbarn in Politik, Wirtschaft und Wissenschaft weiter\u201c, ist Dr. Mentrup \u00fcberzeugt. \u201eDurch unsere Partnerschaft \u00fcber den Rhein und die Lauter hinweg verfolgen wir konsequent weiterhin den Weg, zum Nutzen der Menschen eine Modellregion f\u00fcr das Zusammenwachsen Europas zu werden \u2013 \u00fcber L\u00e4nder- und Staatsgrenzen hinweg\u201c, so der Vorsitzende und Karlsruher Verwaltungschef. <\/p>\n\n\n\n<figure class=\"wp-block-image\"><img decoding=\"async\" loading=\"lazy\" width=\"800\" height=\"533\" src=\"https:\/\/speyer24news.com\/wp-content\/uploads\/2020\/07\/200710-Beitritt_Landau_TRK_02.jpg\" alt=\"\" class=\"wp-image-29205\" srcset=\"https:\/\/speyer24news.com\/wp-content\/uploads\/2020\/07\/200710-Beitritt_Landau_TRK_02.jpg 800w, https:\/\/speyer24news.com\/wp-content\/uploads\/2020\/07\/200710-Beitritt_Landau_TRK_02-300x200.jpg 300w, https:\/\/speyer24news.com\/wp-content\/uploads\/2020\/07\/200710-Beitritt_Landau_TRK_02-768x512.jpg 768w\" sizes=\"(max-width: 800px) 100vw, 800px\" \/><figcaption> Besiegeln die Aufnahme der Stadt Landau als 29. Gesellschafter der TechnologieRegion Karlsruhe GmbH. (v.l.) Jochen Ehlg\u00f6tz, Gesch\u00e4ftsf\u00fchrer der TechnologieRegion Karlsruhe GmbH, Dr. Frank Mentrup, Oberb\u00fcrgermeister der Stadt Karlsruhe und Aufsichtsratsvorsitzender der TechnologieRegion Karlsruhe GmbH und Oberb\u00fcrgermeister der Stadt Landau Thomas Hirsch.<em> <\/em><br><em>(Quelle: TRK GmbH) <\/em><\/figcaption><\/figure>\n\n\n\n<p>Die TechnologieRegion Karlsruhe z\u00e4hlt auf einer Fl\u00e4che von\n5.900 Quadratkilometern insgesamt rund 1,63 Millionen Einwohnerinnen und\nEinwohner. Als eine der f\u00fchrenden Wirtschafts- und Innovationsregionen in\nEuropa vereint sie eine Mischung aus internationalen Konzernen,\nWissenschaftseinrichtungen mit globaler Bedeutung, mittelst\u00e4ndischen Unternehmen\nund Start-ups. \u201eMit ihrer hohen Lebensqualit\u00e4t und dem ausgewogenen Branchenmix\nist die S\u00fcdpfalz ein wichtiger Teil unserer TechnologieRegion. Darum freue ich\nmich ganz besonders, jetzt auch die Stadt Landau bei uns willkommen hei\u00dfen zu d\u00fcrfen\u201c,\nbetont Jochen Ehlg\u00f6tz, Gesch\u00e4ftsf\u00fchrer des Aktionsb\u00fcndnisses.<\/p>\n\n\n\n<p>\u201eIn der TechnologieRegion Karlsruhe verbinden sich in\nbesonderer Weise Wirtschaft, Forschung und Wissenschaft mit Kultur und\nLebensart \u2013 das perfekte Umfeld f\u00fcr unseren Universit\u00e4ts- und Technologiestandort\nLandau als Teil der Metropolregion Rhein-Neckar\u201c, ist Landaus OB Hirsch \u00fcberzeugt.\n\u201eGemeinsam k\u00f6nnen wir noch besser darauf aufmerksam machen, dass es sich hier\nbestens investieren, wohnen, arbeiten und leben l\u00e4sst\u201c, so der Stadtchef.<\/p>\n\n\n\n<p>Alle Gesellschaftspartner sowie weitere Informationen zur TechnologieRegion Karlsruhe finden sich im Internet unter <a href=\"http:\/\/www.technologieregion-karlsruhe.de\">www.technologieregion-karlsruhe.de<\/a>.<\/p>\n\n\n\n<p><em>Gemeinsame Pressemitteilung der Stadtverwaltung Landau und der TechnologieRegion Karlsruhe GmbH<br>17.07.2020<\/em><\/p>\n\n\n\n<h2 class=\"wp-block-heading\"><strong>Erweiterte \u00d6ffnungszeiten im Kundencenter der EnergieS\u00fcdwest<\/strong><\/h2>\n\n\n\n<figure class=\"wp-block-image\"><img decoding=\"async\" loading=\"lazy\" width=\"600\" height=\"182\" src=\"https:\/\/speyer24news.com\/wp-content\/uploads\/2020\/05\/Energie-S\u00fcdwest-Logo.png\" alt=\"\" class=\"wp-image-27362\" srcset=\"https:\/\/speyer24news.com\/wp-content\/uploads\/2020\/05\/Energie-S\u00fcdwest-Logo.png 600w, https:\/\/speyer24news.com\/wp-content\/uploads\/2020\/05\/Energie-S\u00fcdwest-Logo-300x91.png 300w\" sizes=\"(max-width: 600px) 100vw, 600px\" \/><\/figure>\n\n\n\n<p>Um den Service im Kundencenter der EnergieS\u00fcdwest noch besser zu machen, erweiterte ESW ab Montag,13. Juli, die \u00d6ffnungszeiten. Kundenservice-Leiter Michael Niebergall sieht in der Erweiterung einen gro\u00dfen Gewinn: \u201eViele unserer Kundinnen und Kunden haben erst nach 16 Uhr die M\u00f6glichkeit, ins Kundencenter zu kommen. Mit der Ausdehnung der \u00d6ffnungszeit bis 18 Uhr am Dienstag k\u00f6nnen wir diesen Bedarf k\u00fcnftig besser abdecken.\u201c <\/p>\n\n\n\n<p>Ein weiteres zus\u00e4tzliches Angebot ist ein R\u00fcckruf-Service,\nbei dem die Kundinnen und Kunden auch pers\u00f6nliche, feste Termine w\u00e4hrend der\n\u00d6ffnungszeiten f\u00fcr Beratung rund um Versorgungs- und Vertragsthemen vereinbaren\nk\u00f6nnen. <\/p>\n\n\n\n<h4 class=\"wp-block-heading\"><strong>\u00d6ffnungszeiten\ndes Kundencenters auf einen Blick:<\/strong><\/h4>\n\n\n\n<ul><li>Montag: 8:30 bis 16 Uhr<\/li><li>Dienstag: 8:30 bis 18 Uhr<\/li><li>Mittwoch: 8:30 bis 16 Uhr<\/li><li>Donnerstag: 8:30 bis 16 Uhr<\/li><li>Freitag: 8:30 bis 12 Uhr<\/li><\/ul>\n\n\n\n<p><em>EnergieS\u00fcdwest AG<br>17.07.2020<\/em><\/p>\n\n\n\n<h2 class=\"wp-block-heading\">Festgehalten f\u00fcr die Ewigkeit: Landauer Corona-Chronik an Stadtarchiv \u00fcbergeben \u2013 OB Hirsch: \u201eAuch Dokument des Miteinanders\u201c<\/h2>\n\n\n\n<div class=\"wp-block-image\"><figure class=\"aligncenter\"><img decoding=\"async\" loading=\"lazy\" width=\"800\" height=\"533\" src=\"https:\/\/speyer24news.com\/wp-content\/uploads\/2020\/07\/Info-10-07-2020-12-Uhr_Chronik1.jpeg.jpg\" alt=\"\" class=\"wp-image-29202\" srcset=\"https:\/\/speyer24news.com\/wp-content\/uploads\/2020\/07\/Info-10-07-2020-12-Uhr_Chronik1.jpeg.jpg 800w, https:\/\/speyer24news.com\/wp-content\/uploads\/2020\/07\/Info-10-07-2020-12-Uhr_Chronik1.jpeg-300x200.jpg 300w, https:\/\/speyer24news.com\/wp-content\/uploads\/2020\/07\/Info-10-07-2020-12-Uhr_Chronik1.jpeg-768x512.jpg 768w\" sizes=\"(max-width: 800px) 100vw, 800px\" \/><figcaption>OB Hirsch bei der Vorstellung der Corona-Chronik, die die Stabsstelle \u00d6ffentlichkeitsarbeit und B\u00fcrgerbeteiligung der Stadtverwaltung f\u00fcr die zur\u00fcckliegenden, historischen Monate angefertigt hat. <br><em>(Quelle: Stadt Landau)<\/em> <\/figcaption><\/figure><\/div>\n\n\n\n<p>Maskenpflicht,\nAbstandsregeln, Veranstaltungsverbot: In den vergangenen Monaten hat die\nCorona-Pandemie das Leben in Landau grundlegend ver\u00e4ndert. So grundlegend, dass\nschon jetzt klar ist: Diese Zeit wird in die Geschichte eingehen. Die\nStabsstelle \u00d6ffentlichkeitsarbeit und B\u00fcrgerbeteiligung der Stadtverwaltung hat\ndie dynamische Lage in Landau in den Wochen vom 28. Februar bis zum 30. Juni in\neiner Chronik der Corona-Krise festgehalten. Oberb\u00fcrgermeister Thomas Hirsch\n\u00fcberreichte die 126 Seiten starke Chronik, angefertigt von der st\u00e4dtischen\nMitarbeiterin Alexandra Pfirrmann, jetzt an Stadtarchivarin Christine\nKohl-Langer.<\/p>\n\n\n\n<p>\u201eWir haben in den vergangenen\nMonaten eine Zeit erlebt, wie es sie noch nie gegeben hat\u201c, so Hirsch. \u201eVor\nallem f\u00fcr unser Miteinander in Landau hat diese Zeit eine enorme Tragweite\nentwickelt. Darum ist diese Chronik nicht nur eine Dokumentation der Krise,\nsondern auch ein Dokument des Miteinanders in unserer Stadt.\u201c <\/p>\n\n\n\n<p>Stadtarchivarin Christine\nKohl-Langer betonte die Bedeutung der Chronik f\u00fcr nachfolgende Generationen:\n\u201eIch bin mir sicher, dass die Corona-Pandemie das Objekt vieler\nwissenschaftlicher Fragestellungen sein wird. Darum sind wir im Archiv\ninteressiert daran, die Krise m\u00f6glichst allumfassend zu dokumentieren. Wir\nfreuen uns darum sehr, dass wir unsere Sammlung, die beispielsweise Fotos der\nleeren Stadt und Zeitzeugeninterviews beinhaltet, mit dieser Dokumentation der\nkommunalen Verwaltungsarbeit erg\u00e4nzen k\u00f6nnen.\u201c<\/p>\n\n\n\n<div class=\"wp-block-image\"><figure class=\"aligncenter\"><img decoding=\"async\" loading=\"lazy\" width=\"800\" height=\"533\" src=\"https:\/\/speyer24news.com\/wp-content\/uploads\/2020\/07\/Info-10-07-2020-12-Uhr_Chronik2.jpg\" alt=\"\" class=\"wp-image-29201\" srcset=\"https:\/\/speyer24news.com\/wp-content\/uploads\/2020\/07\/Info-10-07-2020-12-Uhr_Chronik2.jpg 800w, https:\/\/speyer24news.com\/wp-content\/uploads\/2020\/07\/Info-10-07-2020-12-Uhr_Chronik2-300x200.jpg 300w, https:\/\/speyer24news.com\/wp-content\/uploads\/2020\/07\/Info-10-07-2020-12-Uhr_Chronik2-768x512.jpg 768w\" sizes=\"(max-width: 800px) 100vw, 800px\" \/><figcaption>Corona-konforme \u2013 und gut gelaunte \u2013 \u00dcbergabe der Chronik von OB Hirsch an Stadtarchivarin Christine Kohl-Langer. <br><em>(Quelle: Stadt Landau)<\/em> <\/figcaption><\/figure><\/div>\n\n\n\n<p>Nach der \u00dcbergabe der Chronik\nr\u00fcckte OB Hirsch die Bedeutung des Miteinanders und damit des ehrenamtlichen\nEngagements f\u00fcr die Bew\u00e4ltigung der Pandemie in den Mittelpunkt. <\/p>\n\n\n\n<p>Stellvertretend f\u00fcr rund 100\nFreiwillige der Initiative \u201eLandau hilft Landau\u201c dankte Hirsch dem Vorsitzenden\ndes Sportvereins Landau West, Peter Schilinski. Als Mitte M\u00e4rz kein\nVereinssport mehr stattfinden konnte, beschlossen die Ehrenamtlichen des\nFu\u00dfballvereins, in ihrer freien Zeit stattdessen einen Einkaufsservice f\u00fcr\nbesonders gef\u00e4hrdete Menschen anzubieten. Schnell wuchs aus dem Einkaufsservice\neine Plattform zur Vermittlung von Hilfeleistungen, Nachbarschaftsangeboten und\npsychologischer Beratung. Mit dem Landau-hilft-Landau-Block stie\u00df die\nInitiative au\u00dferdem eine kreative Wirtschaftshilfe f\u00fcr den Landauer\nEinzelhandel an. <\/p>\n\n\n\n<p>Hilfe in der Krise bekam auch\nLandaus Kulturszene: Am 9. April startete der LandauLivestream aus der\nhistorischen Jugendstil-Festhalle. Rund 200 K\u00fcnstlerinnen und K\u00fcnstler bekamen\nbis zum 30. Mai die M\u00f6glichkeit, sich trotz fehlender Gro\u00dfveranstaltungen einem\nbreiten Publikum zu pr\u00e4sentieren. F\u00fcr den reibungslosen Ablauf dankte OB Hirsch\nMitinitiator Jeffrey Deubler, der st\u00e4dtischen Kulturabteilung um Leiterin\nSabine Haas und dem Technik-Team der Stadtholding Landau in der Pfalz GmbH. <\/p>\n\n\n\n<p>Der Dank des\nOberb\u00fcrgermeisters galt auch Sabine Gerstner und ihren Mitstreiterinnen, die am\n20. April \u2013 und damit noch eine Woche vor Einf\u00fchrung der offiziellen\nMaskenpflicht \u2013 gemeinsam mit der Stadt und dem DRK Landau eine Maskenb\u00f6rse ins\nLeben riefen. Organisiert \u00fcber eine Facebook-Gruppe n\u00e4hten die Frauen\nehrenamtlich insgesamt 2.300 Masken f\u00fcr die Menschen in Landau und Umgebung. <\/p>\n\n\n\n<p>\u201eLandau hilft Landau, der\nLandauLivestream und die Maskenb\u00f6rse sind nat\u00fcrlich nur drei Beispiele von\nvielen, die zeigen, wie Landauerinnen und Landauer den Beginn der Corona-Zeit\ngemeinsam gemeistert haben\u201c, betont Hirsch. Nun komme es darauf an, dieses gute\nMiteinander weiterzutragen und optimistisch in die Zukunft zu blicken. \u201eF\u00fcr\neine m\u00f6gliche zweite Welle sind wir gut ger\u00fcstet\u201c, ist der OB \u00fcberzeugt.<\/p>\n\n\n\n<p><em>Stadtverwaltung Landau in der Pfalz<br>17.07.2020<\/em><\/p>\n\n\n\n<h2 class=\"wp-block-heading\">\u201eEin schlechter Witz\u201c: Landaus OB Hirsch kritisiert Landesvorschlag zur touristischen Vermietung von Zimmern des Studierendenwerks Vorderpfalz \u2013 Hirsch und Universit\u00e4tsbeauftragte Trippner fordern stattdessen angemessene finanzielle \u00dcberbr\u00fcckungshilfen<\/h2>\n\n\n\n<div class=\"wp-block-image\"><figure class=\"aligncenter\"><img decoding=\"async\" loading=\"lazy\" width=\"800\" height=\"600\" src=\"https:\/\/speyer24news.com\/wp-content\/uploads\/2020\/07\/Info-10-07-2020-12-Uhr_Studierendenwerk.jpeg\" alt=\"\" class=\"wp-image-29200\" srcset=\"https:\/\/speyer24news.com\/wp-content\/uploads\/2020\/07\/Info-10-07-2020-12-Uhr_Studierendenwerk.jpeg 800w, https:\/\/speyer24news.com\/wp-content\/uploads\/2020\/07\/Info-10-07-2020-12-Uhr_Studierendenwerk-300x225.jpeg 300w, https:\/\/speyer24news.com\/wp-content\/uploads\/2020\/07\/Info-10-07-2020-12-Uhr_Studierendenwerk-768x576.jpeg 768w, https:\/\/speyer24news.com\/wp-content\/uploads\/2020\/07\/Info-10-07-2020-12-Uhr_Studierendenwerk-678x509.jpeg 678w, https:\/\/speyer24news.com\/wp-content\/uploads\/2020\/07\/Info-10-07-2020-12-Uhr_Studierendenwerk-326x245.jpeg 326w, https:\/\/speyer24news.com\/wp-content\/uploads\/2020\/07\/Info-10-07-2020-12-Uhr_Studierendenwerk-80x60.jpeg 80w\" sizes=\"(max-width: 800px) 100vw, 800px\" \/><figcaption>Das Studierendenwerk Vorderpfalz betreibt mehrere Studierendenwohnheime in Landau, u.a. in der Charles-de-Gaulle-Stra\u00dfe. <br><em>(Quelle: Stadt Landau)<\/em><\/figcaption><\/figure><\/div>\n\n\n\n<p>Der Vorschlag, leerstehende Zimmer in\nStudierendenwohnheimen an Touristinnen und Touristen zu vermieten, um\nUmsatzausf\u00e4lle zu kompensieren, sei wohl ein \u201eschlechter Witz\u201c: So deutlich\nreagiert Landaus Oberb\u00fcrgermeister Thomas Hirsch auf die Empfehlung des Landes,\nwie das Studierendenwerk Vorderpfalz die Corona-Krise \u00fcberwinden soll.<\/p>\n\n\n\n<p>W\u00e4hrend in anderen Bundesl\u00e4ndern diese wichtige soziale\nInfrastruktur mit deutlichen Finanzhilfen f\u00fcr die Bildungslandschaft gest\u00fctzt\nund gef\u00f6rdert werde, mache sich das Land Rheinland-Pfalz einen \u201eschlanken Fu\u00df\u201c,\nkritisiert Hirsch, der selbst mehrere Jahre dem Verwaltungsrat des\nStudierendenwerks angeh\u00f6rte. Dabei sei es nach den Worten des Landauer\nStadtchefs sicherlich alles andere als einfach, in Zeiten der Pandemie eine\nhygienegerechte Zimmervermietung zu organisieren. Der Vorschlag m\u00fcsse nicht nur\nder Hotelbranche wie ein Schlag ins Gesicht vorkommen, er werde auch der\nwichtigen Funktion des Studierendenwerks nicht gerecht und achte schon gar\nnicht die Sorgen der Mitarbeiterinnen und Mitarbeiter, die um ihren\nArbeitsplatz bangten, so Landaus OB weiter. <\/p>\n\n\n\n<p>Gemeinsam mit der st\u00e4dtischen Universit\u00e4tsbeauftragten\nHannah Trippner fordert Hirsch vom Land ein deutliches Bekenntnis zum\nStudierendenwerk, das nicht nur f\u00fcr Landau, sondern auch f\u00fcr Germersheim,\nLudwigshafen und Worms zust\u00e4ndig ist. \u201eEs braucht eine angemessene finanzielle\n\u00dcberbr\u00fcckungshilfe, um das Studierendenwerk zu stabilisieren\u201c, so Hirsch und\nTrippner. <\/p>\n\n\n\n<p>Es sei schlimm genug, dass durch die Pandemie die\nAusbaupl\u00e4ne des Studierendenwerks am Standort Landau ausgesetzt seien, nun\ngelte es aber, die Grundstruktur zu retten. Es sei ein Makel des\nWissenschaftsstandorts Rheinland-Pfalz, dass es dem zust\u00e4ndigen Ministerium\noffensichtlich einmal mehr nicht gelinge, vom Landeskabinett die notwendigen\nFinanzmittel zu erhalten. Das sei bereits bei der geplanten Uni-Fusion ein\nProblem und setze sich jetzt bei dem in Not geratenen Studierendenwerk fort, so\nOB und Unibeauftragte.<\/p>\n\n\n\n<p><em>Stadtverwaltung Landau in der Pfalz<br>17.07.2020<\/em><\/p>\n\n\n\n<h2 class=\"wp-block-heading\">Seit Montag, 13. Juli: Landauer K\u00f6nigstra\u00dfe frei f\u00fcr gegenl\u00e4ufigen Radverkehr \u2013 Stadt regelt Parksituation neu und schafft zus\u00e4tzliche Sitzgelegenheiten sowie Fahrradabstellpl\u00e4tze \u2013 Hartmann: \u201eGro\u00dfer Schritt hin zu einer modernen Innenstadtmobilit\u00e4t\u201c<\/h2>\n\n\n\n<div class=\"wp-block-image\"><figure class=\"aligncenter\"><img decoding=\"async\" loading=\"lazy\" width=\"800\" height=\"533\" src=\"https:\/\/speyer24news.com\/wp-content\/uploads\/2020\/07\/Info-09-07-2020-17-Uhr_K\u00f6nigstra\u00dfe.jpg\" alt=\"\" class=\"wp-image-29199\" srcset=\"https:\/\/speyer24news.com\/wp-content\/uploads\/2020\/07\/Info-09-07-2020-17-Uhr_K\u00f6nigstra\u00dfe.jpg 800w, https:\/\/speyer24news.com\/wp-content\/uploads\/2020\/07\/Info-09-07-2020-17-Uhr_K\u00f6nigstra\u00dfe-300x200.jpg 300w, https:\/\/speyer24news.com\/wp-content\/uploads\/2020\/07\/Info-09-07-2020-17-Uhr_K\u00f6nigstra\u00dfe-768x512.jpg 768w\" sizes=\"(max-width: 800px) 100vw, 800px\" \/><figcaption>Flei\u00dfig, flei\u00dfig: In der Landauer K\u00f6nigstra\u00dfe gehen die Markierungsarbeiten auf die Zielgeraden. <br><em>(Quelle: Stadt Landau)<\/em><\/figcaption><\/figure><\/div>\n\n\n\n<p>Bislang pr\u00e4sentierte sich die K\u00f6nigstra\u00dfe, wichtige Nord-S\u00fcd-Verbindung in der Stadt Landau, an vielen Stellen noch wenig k\u00f6niglich. Doch das soll sich jetzt Schritt f\u00fcr Schritt \u00e4ndern: Erster Meilenstein auf dem Weg zu einer modernen, innerst\u00e4dtischen Einkaufsstra\u00dfe ist die Freigabe f\u00fcr den gegenl\u00e4ufigen Radverkehr, die von einer Neuordnung der Parksituation sowie der Schaffung von Sitzgelegenheiten und Fahrradabstellpl\u00e4tzen begleitet wird. Die Markierungsarbeiten befinden sich auf der Zielgeraden; am Montag, 13. Juli wurde die Stra\u00dfe mittags f\u00fcr den gegenl\u00e4ufigen Radverkehr freigegeben werden. <\/p>\n\n\n\n<p>Seit wenigen Wochen ziert zudem eine Wanderbaumallee mit\n23 neuen Stadtb\u00e4umen die K\u00f6nigstra\u00dfe. In rund eineinhalb Jahren soll die Stra\u00dfe\ndann komplett umgebaut werden, um den \u00f6ffentlichen Stra\u00dfenraum im Sinne einer\nmodernen, klimaschonenden und benutzerfreundlichen Mobilit\u00e4t neu zu ordnen und\nso die Attraktivit\u00e4t der gesamten Stra\u00dfe zu erh\u00f6hen.<\/p>\n\n\n\n<p>Mobilit\u00e4tsdezernent Lukas Hartmann freut sich, dass die\nFreigabe der K\u00f6nigstra\u00dfe f\u00fcr den gegenl\u00e4ufigen Radverkehr nun unmittelbar\nbevorsteht: \u201eWenn mehr Menschen auf das Rad umsteigen sollen, braucht es gute\nund schnelle Verbindungen. Diese wollen wir mit der Neuordnung unserer\nInnenstadtmobilit\u00e4t schaffen \u2013 und die Ma\u00dfnahmen, die wir jetzt in der\nK\u00f6nigstra\u00dfe umgesetzt haben, sind ein wichtiger Baustein.\u201c Hartmann betont\nweiter, dass die Verwaltung die Belange des Rad-, aber auch des Autoverkehrs,\nvon Fu\u00dfg\u00e4ngerinnen und Fu\u00dfg\u00e4ngern, Gesch\u00e4ftsleuten sowie Anwohnerinnen und\nAnwohnern im Blick habe. \u201eWir setzen ein stimmiges Gesamtkonzept um, das sich\nernsthaft an die L\u00f6sung von Problemen macht \u2013 wie etwa die weitere Belebung der\nK\u00f6nigstra\u00dfe.\u201c <\/p>\n\n\n\n<p>Die Neuordnung der Innenstadtmobilit\u00e4t als \u201egr\u00f6\u00dfte\nVer\u00e4nderung seit Einf\u00fchrung der Fu\u00dfg\u00e4ngerzone\u201c sieht u.a. die Einrichtung eines\nFahrradbereichs rund um die Fu\u00dfg\u00e4ngerzone, die zeitweise Sperrung der\nFu\u00dfg\u00e4ngerzone f\u00fcr Radfahrerinnen und Radfahrer und die Einf\u00fchrung eines\nticketfreien Altstadtshuttles vor. <\/p>\n\n\n\n<p><em>Stadtverwaltung Landau in der Pfalz<br>17.07.2020<\/em><\/p>\n\n\n\n<h2 class=\"wp-block-heading\">Neu auf dem Landauer Stiftsplatz: Kinder-Kettenkarussell freut sich immer freitags und samstags auf kleine Besucherinnen und Besucher<\/h2>\n\n\n\n<div class=\"wp-block-image\"><figure class=\"aligncenter\"><img decoding=\"async\" loading=\"lazy\" width=\"800\" height=\"534\" src=\"https:\/\/speyer24news.com\/wp-content\/uploads\/2020\/07\/Info-07-07-2020-17-Uhr_Karussell.jpg\" alt=\"\" class=\"wp-image-29198\" srcset=\"https:\/\/speyer24news.com\/wp-content\/uploads\/2020\/07\/Info-07-07-2020-17-Uhr_Karussell.jpg 800w, https:\/\/speyer24news.com\/wp-content\/uploads\/2020\/07\/Info-07-07-2020-17-Uhr_Karussell-300x200.jpg 300w, https:\/\/speyer24news.com\/wp-content\/uploads\/2020\/07\/Info-07-07-2020-17-Uhr_Karussell-768x513.jpg 768w\" sizes=\"(max-width: 800px) 100vw, 800px\" \/><figcaption>Hier noch in \u201eheimischen Gefilden\u201c, immer freitags und samstags aber auf dem Landauer Stiftsplatz zu finden: Das Kinder-Kettenkarussell von Nicola Ermer und Helmut Golz. <br><em>(Quelle: Nicola Ermer)<\/em><\/figcaption><\/figure><\/div>\n\n\n\n<p>#wiederwaslosinLD: Neben dem Riesenrad auf\ndem Rathausplatz dreht seit Anfang Juli auch ein Kinder-Kettenkarussell auf dem\nLandauer Stiftsplatz seine Runden. Die Attraktion \u201eKettenflug\u201c der Schausteller\nNicola Ermer und Helmut Golz ist noch bis zum 16. August immer freitags und\nsamstags von 10 bis mindestens 18 Uhr vor Ort. Das nostalgische Karussell mit\n16 Einzelpl\u00e4tzen eignet sich f\u00fcr Kinder bis etwa 9 Jahren. Eine Fahrt kostet 1\nEuro; f\u00fcr 5 Euro gibt es 7 Fahrten. Die Karten werden direkt am Karussell\nverkauft.<\/p>\n\n\n\n<p>Das Riesenrad \u201eJuwel\u201c der Familie\nG\u00f6bel, der S\u00fc\u00dfwarenstand von Gunda Ofenloch und der Dampfnudelstand von Theo\nBender auf dem Rathausplatz sind weiter immer montags bis samstags von 11 bis\nmindestens 18 Uhr sowie sonntags von 12 bis mindestens 18 Uhr ge\u00f6ffnet. Eine\nFahrt mit dem Riesenrad kostet 5 Euro f\u00fcr Erwachsene und 3 Euro f\u00fcr Kinder. Achtung:\nDie Fahrtzeiten sind wetter- und besucherabh\u00e4ngig und k\u00f6nnen bei Bedarf bis in\ndie sp\u00e4ten Abendstunden verl\u00e4ngert werden.<\/p>\n\n\n\n<p>Die Stadt Landau, ihr B\u00fcro f\u00fcr Tourismus und die Schaustellerinnen und Schausteller freuen sich weiter auf viele Besucherinnen und Besucher. Ziel der in der Innenstadt verteilten Attraktionen ist es, regionale Schaustellerinnen und Schausteller in der aktuellen Corona-Lage zu unterst\u00fctzen und zus\u00e4tzliche Attraktivit\u00e4t f\u00fcr den innerst\u00e4dtischen Handel zu bieten.<\/p>\n\n\n\n<p><em>Text: Stadtverwaltung Landau in der Pfalz Foto: Nicola Ermer <br>17.07.2020<\/em><\/p>\n\n\n\n<h2 class=\"wp-block-heading\">Die Universit\u00e4t in Landau ehrt ihre Besten: Verleihung der Universit\u00e4tspreise im Rathaus \u2013 Drei Absolventinnen f\u00fcr herausragende wissenschaftliche Arbeiten ausgezeichnet \u2013 Preis f\u00fcr Campuskultur geht an Bildungsinitiative BilUna <\/h2>\n\n\n\n<div class=\"wp-block-image\"><figure class=\"aligncenter\"><img decoding=\"async\" loading=\"lazy\" width=\"800\" height=\"450\" src=\"https:\/\/speyer24news.com\/wp-content\/uploads\/2020\/07\/Info-07-07-2020-17-Uhr_Unipreise.jpg\" alt=\"\" class=\"wp-image-29197\" srcset=\"https:\/\/speyer24news.com\/wp-content\/uploads\/2020\/07\/Info-07-07-2020-17-Uhr_Unipreise.jpg 800w, https:\/\/speyer24news.com\/wp-content\/uploads\/2020\/07\/Info-07-07-2020-17-Uhr_Unipreise-300x169.jpg 300w, https:\/\/speyer24news.com\/wp-content\/uploads\/2020\/07\/Info-07-07-2020-17-Uhr_Unipreise-768x432.jpg 768w, https:\/\/speyer24news.com\/wp-content\/uploads\/2020\/07\/Info-07-07-2020-17-Uhr_Unipreise-678x381.jpg 678w\" sizes=\"(max-width: 800px) 100vw, 800px\" \/><figcaption>Vordere Reihe \u2013 Preistr\u00e4gerinnen: Dr. Charlotte Fechter, Julia Wedekind, Cenay Kapusuz, Laura Voland. <br>Mittlere Reihe \u2013 betreuende Dozentinnen und Dozenten: Prof. Dr. Werner Sesselmeier, Raphael Gutzweiler, Prof. Dr. Andrea Dlugosch, Dr. Claudia Menzel. <br>Hintere Reihe \u2013 Vertreterinnen und Vertreter der Stadt und der Universit\u00e4t: Heidemarie Komor, Hannah Trippner, Prof. Dr. Ulrich Sarcinelli, Prof. Dr. Gabriele Schaumann, Lukas Hartmann. <br><em>(Quelle: Stadt Landau)<\/em><\/figcaption><\/figure><\/div>\n\n\n\n<p>Drei Frauen, drei Universit\u00e4tspreistr\u00e4gerinnen: Herzlichen\nGl\u00fcckwunsch an Dr. Charlotte Fechter, Julia Wedekind und Laura Voland! Die drei\nAkademikerinnen sind jetzt mit den Universit\u00e4tspreisen ausgezeichnet worden,\ndie der Freundeskreis der Universit\u00e4t Koblenz-Landau am Campus Landau einmal im\nJahr f\u00fcr die besten wissenschaftlichen Arbeiten vergibt. Gl\u00fcckw\u00fcnsche gehen\nauch an die Verantwortlichen der Initiative Bildungs- und\nUnterst\u00fctzungsangebote f\u00fcr Kinder, Jugendliche und Erwachsene (BilUna). Sie\nwurden mit dem Universit\u00e4tspreis in der Kategorie Campuskultur geehrt. Die\nFeierstunde fand \u2013 Corona-bedingt im kleinen Rahmen \u2013&nbsp; im Innenhof des Rathauses statt.<\/p>\n\n\n\n<p>In Vertretung von Oberb\u00fcrgermeister Thomas Hirsch hie\u00df\nBeigeordneter und Universit\u00e4tsdezernent Lukas Hartmann die G\u00e4ste willkommen und\nbetonte die Bedeutung der gemeinsamen Veranstaltung. \u201eDass die Verleihung der\nUniversit\u00e4tspreise jetzt schon zum vierten Mal im Rathaus und damit im Herzen\nder Stadt Landau stattfindet, demonstriert die besondere Verbundenheit zwischen\nStadt und Universit\u00e4t\u201c, so Hartmann. <\/p>\n\n\n\n<p>\u201eDie Verleihung der Universit\u00e4tspreise f\u00fcr herausragende\nwissenschaftliche Arbeiten ist ein wichtiges Signal nach au\u00dfen und macht\ndeutlich, welche Qualit\u00e4t am Campus Landau vorhanden ist \u2013 das ist besonders\njetzt w\u00e4hrend des Fusionsprozesses von ganz gro\u00dfer Bedeutung\u201c, erg\u00e4nzte\nUniversit\u00e4tsbeauftragte Hannah Trippner. <\/p>\n\n\n\n<p>Auch der fr\u00fchere Vizepr\u00e4sident der Universit\u00e4t und\nVorsitzende des Freundeskreises, Prof. Dr. Ulrich Sarcinelli, betonte die\nBedeutung eines starken Wissenschaftsstandorts ganz besonders jetzt, wo die\nUniversit\u00e4t sich inmitten eines so schwierigen Prozesses bef\u00e4nde. \u201eDer\nFreundeskreis und die Stadt Landau haben sich schon fr\u00fch in der \u00f6ffentlichen\nDiskussion zu Wort gemeldet und eine St\u00e4rkung des Unistandorts gefordert. Diese\nist nach wie vor in jeglicher Hinsicht von gro\u00dfer Bedeutung und das f\u00fcr die\ngesamte Region\u201c, ist der fr\u00fchere Uni-Vize \u00fcberzeugt. Sarcinelli nutzte die\nVerleihung auch, um zu bekr\u00e4ftigen, dass die Universit\u00e4t in Landau in den\nzur\u00fcckliegenden 15 Jahren eine enorm positive Entwicklung genommen habe, etwa,\nwas ihre Profilierung sowie ihr Auftreten in der Stadt und der\nwissenschaftlichen \u00d6ffentlichkeit angehe. <\/p>\n\n\n\n<p>Gemeinsam mit Universit\u00e4tsdezernent Hartmann,\nUniversit\u00e4tsbeauftragter Trippner und Universit\u00e4tsvizepr\u00e4sidentin Gabriele Schaumann\ngratulierte Sarcinelli den Preistr\u00e4gerinnen und Preistr\u00e4gern zu deren\nhervorragenden Leistungen \u2013 und dankte den Sponsorinnen und Sponsoren, die die\nVerleihung der Universit\u00e4tspreise erst m\u00f6glich machten. <\/p>\n\n\n\n<p>Dr. Charlotte Fechter wurde in der Kategorie \u201eBeste\nDissertation\u201c geehrt. In ihrer Arbeit \u201ePropensities to Work at an Old Age\u201c\nsetzte sie sich mit der Frage auseinander, welchen Risiken \u00e4ltere\nArbeitnehmerinnen und Arbeitnehmer durch die Verschiebung des\nRenteneintrittsalters ausgesetzt sind und welche M\u00f6glichkeiten es zur\nVermeidung dieser neuen Risiken gibt. Fechter durfte sich \u00fcber ein Preisgeld in\nH\u00f6he von 1.000 Euro, gestiftet von der Sparkasse S\u00fcdliche Weinstra\u00dfe, freuen.<\/p>\n\n\n\n<p>In der Kategorie \u201eBeste Abschlussarbeit\u201c war Julia\nWedekind erfolgreich. Ihre Masterarbeit wurde im Studiengang Psychologie\nverfasst und tr\u00e4gt den Titel \u201eAssoziationen mit und Definitionen von Natur in\nRelation zu Naturverbundenheit\u201d. Sie besch\u00e4ftigt sich mit den Themen Natur und\nNaturverbundenheit und wie diese von Menschen definiert bzw. empfunden werden.\nWedekind erhielt ein Preisgeld in H\u00f6he von 500 Euro, gestiftet von der\nEnergieS\u00fcdwest AG.<\/p>\n\n\n\n<p>Die beste Abschlussarbeit mit regionalem Bezug hat\nBachelorabsolventin Laura Voland vorgelegt. Unter dem Titel \u201eUmgang mit Gef\u00fchlen\n\u2013 ein Pr\u00e4ventionsmanual f\u00fcr das Grundschulalter\u201c entwickelte sie\nArbeitsbl\u00e4tter, die k\u00fcnftig in Landauer Schulen zur St\u00e4rkung der emotionalen\nund sozialen Kompetenzen von Kindern zum Einsatz kommen sollen. F\u00fcr diese\nLeistung wurde Voland mit einem Preisgeld in H\u00f6he von 500 Euro, gestiftet durch\ndie VR Bank S\u00fcdpfalz, belohnt.<\/p>\n\n\n\n<p>Erstmals wurde auch der Preis f\u00fcr Campuskultur im Rathaus verliehen. Preistr\u00e4gerin ist die Initiative Bildungs- und Unterst\u00fctzungsangebote f\u00fcr Kinder, Jugendliche und Erwachsene (BilUna). Im Rahmen von BilUna engagieren sich Studierende sowie Lehrende in Kooperation mit st\u00e4dtischen bzw. regionalen Einrichtungen, um Kindern, Jugendlichen und (jungen) Erwachsenen soziale und lokale Teilhabe zu erm\u00f6glichen. \u00dcber einen Zeitraum von bis zu zwei Semestern begleiten Studierende der Sonderp\u00e4dagogik dabei Personen mit Unterst\u00fctzungsbedarf. Das Preisgeld in H\u00f6he von 1.000 Euro, gestiftet von der Firma Archimedes, ging an Roxana Hank-Raab, Melanie Henter, Dr. Lars Anken, Roxana Hank Raab und Julian Vollbracht, die das Projekt seit mehreren Semestern von Seiten der Universit\u00e4t begleiten bzw. betreuen, und an Cenay Kapusuz, die stellvertretend f\u00fcr die engagierten Studierenden teilnahm.<\/p>\n\n\n\n<p><em>Stadtverwaltung Landau in der Pfalz<br>17.07.2020<\/em><\/p>\n","protected":false},"excerpt":{"rendered":"<div class=\"mh-excerpt\"><p>Corona Fallzahlen im Landkreis S\u00fcdliche Weinstra\u00dfe und der Stadt Landau Donnerstag, 16.07.2020 Nach aktuellem Stand (16.07.2020, 12:00 Uhr) seit der gestrigen Meldung keine Ver\u00e4nderung der Fallzahlen ergeben. Insgesamt wurden 227 F\u00e4lle im Zust\u00e4ndigkeitsbereich des Gesundheitsamts <a class=\"mh-excerpt-more\" href=\"https:\/\/speyer24news.com\/?p=29196\" title=\"Landau und Kreis LD\">[&#8230;]<\/a><\/p>\n<\/div>","protected":false},"author":3,"featured_media":23857,"comment_status":"open","ping_status":"open","sticky":false,"template":"","format":"standard","meta":{"_monsterinsights_skip_tracking":false,"_monsterinsights_sitenote_active":false,"_monsterinsights_sitenote_note":"","_monsterinsights_sitenote_category":0,"footnotes":""},"categories":[675],"tags":[8011,5140,8009,2556,8012,6648,6913,7076,5904,7252,5683,8017,7255,58,6672,8014,3738,8013,8006,8007,3735,8016,6700,8010,2155,8015,7165,5417,7520,8008],"aioseo_notices":[],"amp_enabled":true,"_links":{"self":[{"href":"https:\/\/speyer24news.com\/index.php?rest_route=\/wp\/v2\/posts\/29196"}],"collection":[{"href":"https:\/\/speyer24news.com\/index.php?rest_route=\/wp\/v2\/posts"}],"about":[{"href":"https:\/\/speyer24news.com\/index.php?rest_route=\/wp\/v2\/types\/post"}],"author":[{"embeddable":true,"href":"https:\/\/speyer24news.com\/index.php?rest_route=\/wp\/v2\/users\/3"}],"replies":[{"embeddable":true,"href":"https:\/\/speyer24news.com\/index.php?rest_route=%2Fwp%2Fv2%2Fcomments&post=29196"}],"version-history":[{"count":1,"href":"https:\/\/speyer24news.com\/index.php?rest_route=\/wp\/v2\/posts\/29196\/revisions"}],"predecessor-version":[{"id":29222,"href":"https:\/\/speyer24news.com\/index.php?rest_route=\/wp\/v2\/posts\/29196\/revisions\/29222"}],"wp:featuredmedia":[{"embeddable":true,"href":"https:\/\/speyer24news.com\/index.php?rest_route=\/wp\/v2\/media\/23857"}],"wp:attachment":[{"href":"https:\/\/speyer24news.com\/index.php?rest_route=%2Fwp%2Fv2%2Fmedia&parent=29196"}],"wp:term":[{"taxonomy":"category","embeddable":true,"href":"https:\/\/speyer24news.com\/index.php?rest_route=%2Fwp%2Fv2%2Fcategories&post=29196"},{"taxonomy":"post_tag","embeddable":true,"href":"https:\/\/speyer24news.com\/index.php?rest_route=%2Fwp%2Fv2%2Ftags&post=29196"}],"curies":[{"name":"wp","href":"https:\/\/api.w.org\/{rel}","templated":true}]}}