{"id":29229,"date":"2020-07-17T14:32:07","date_gmt":"2020-07-17T13:32:07","guid":{"rendered":"https:\/\/speyer24news.com\/?p=29229"},"modified":"2020-07-17T14:33:30","modified_gmt":"2020-07-17T13:33:30","slug":"coronafallzahlen-stadtnotizen-speyer-4","status":"publish","type":"post","link":"https:\/\/speyer24news.com\/?p=29229","title":{"rendered":"Corona-Fallzahlen &#038; Stadtnotizen Speyer"},"content":{"rendered":"<style type=\"text\/css\">\r\n\t.ads_top_disp{}\r\n\t.ads_top_corner_disp{ float:left; margin:0px 10px 10px 0px; }\r\n\t.ads_first_p_disp{}\r\n\t.ads_bottom_disp{}\r\n\t<\/style>\n<h1 class=\"wp-block-heading\" style=\"text-align:center\"><strong>Coronafallzahlen aus Speyer<\/strong><\/h1>\n\n\n\n<figure class=\"wp-block-image\"><img decoding=\"async\" loading=\"lazy\" width=\"800\" height=\"400\" src=\"https:\/\/speyer24news.com\/wp-content\/uploads\/2020\/02\/virus-1812092_1920.jpg\" alt=\"\" class=\"wp-image-25128\" srcset=\"https:\/\/speyer24news.com\/wp-content\/uploads\/2020\/02\/virus-1812092_1920.jpg 800w, https:\/\/speyer24news.com\/wp-content\/uploads\/2020\/02\/virus-1812092_1920-300x150.jpg 300w, https:\/\/speyer24news.com\/wp-content\/uploads\/2020\/02\/virus-1812092_1920-768x384.jpg 768w\" sizes=\"(max-width: 800px) 100vw, 800px\" \/><\/figure>\n\n\n\n<h2 class=\"wp-block-heading\">Freitag, 17.07.2020<\/h2>\n\n\n\n<p>Anzahl best\u00e4tigter F\u00e4lle von Coronavirus (SARS-CoV-2)-Infektionen in der Stadt Speyer: 111 (+\/-0)<br>Davon bereits genesen: 102<br>Todesf\u00e4lle: 2<br>Personen in Quarant\u00e4ne: 17<br>Gemeldete F\u00e4lle der letzten sieben Tage: 2<\/p>\n\n\n\n<p><em>Stand: 17.07.2020, 13:30 Uhr<\/em><\/p>\n\n\n\n<p><em>Stadtverwaltung Speyer<br>17.07.2020<\/em><\/p>\n\n\n\n<h2 class=\"wp-block-heading\">Donnerstag, 16.07.2020<\/h2>\n\n\n\n<p>Anzahl best\u00e4tigter F\u00e4lle von Coronavirus (SARS-CoV-2)-Infektionen in der Stadt Speyer: 111 (+\/-0)<br>Davon bereits genesen: 102<br>Todesf\u00e4lle: 2<br>Personen in Quarant\u00e4ne: 19<br>Gemeldete F\u00e4lle der letzten sieben Tage: 3<\/p>\n\n\n\n<p><em>Stand: 16.07.2020, 15:30 Uhr<\/em><\/p>\n\n\n\n<p><em>Stadtverwaltung Speyer<br>17.07.2020<\/em><\/p>\n\n\n\n<h1 class=\"wp-block-heading\" style=\"text-align:center\">Stadtnotizen<\/h1>\n\n\n\n<figure class=\"wp-block-image\"><img decoding=\"async\" src=\"https:\/\/speyer24news.com\/wp-content\/uploads\/2020\/01\/Speyer-Stadtnachrichten-2.jpg\" alt=\"\"\/><\/figure>\n\n\n\n<h2 class=\"wp-block-heading\"><strong>Stadt ruft zum Gie\u00dfen von B\u00e4umen auf<\/strong><\/h2>\n\n\n\n<div class=\"wp-block-image\"><figure class=\"aligncenter\"><img decoding=\"async\" loading=\"lazy\" width=\"500\" height=\"667\" src=\"https:\/\/speyer24news.com\/wp-content\/uploads\/2020\/07\/OBin-Seiler-beim-Gie\u00dfen-eines-Jungbaumes-im-Domgarten.jpg\" alt=\"\" class=\"wp-image-29230\" srcset=\"https:\/\/speyer24news.com\/wp-content\/uploads\/2020\/07\/OBin-Seiler-beim-Gie\u00dfen-eines-Jungbaumes-im-Domgarten.jpg 500w, https:\/\/speyer24news.com\/wp-content\/uploads\/2020\/07\/OBin-Seiler-beim-Gie\u00dfen-eines-Jungbaumes-im-Domgarten-225x300.jpg 225w\" sizes=\"(max-width: 500px) 100vw, 500px\" \/><figcaption> Das Foto der Oberb\u00fcrgermeisterin wurde am 3. September 2019 im Domgarten im Rahmen der Aktion \u201eEinheitsbuddeln\u201c beim Angie\u00dfen eines Jungbaumes aufgenommen.<br><em>Foto: Stadt Speyer<\/em><\/figcaption><\/figure><\/div>\n\n\n\n<p>Auch wenn der Hochsommer noch etwas auf sich warten l\u00e4sst, f\u00fcr die B\u00e4ume im Stadtgebiet sind die wenigen Niederschl\u00e4ge auch in diesem Jahr bedrohlich. Bereits in den Sommerhalbjahren 2018 und 2019 stellten die geringen Niederschlagsmengen in Kombination mit gro\u00dfen Sonnenstundenanteilen und trockenem Ostwind die Gr\u00fcnfl\u00e4chen vor Herausforderungen, weshalb die Stadt die Bev\u00f6lkerung um Mithilfe bittet und zum Gie\u00dfen von B\u00e4umen aufruft.<\/p>\n\n\n\n<p>Der Klimawandel h\u00e4lt \u00fcberall Einzug und so machen die weniger werdenden Niederschlagsmengen und immer neue Hitzerekorde auch vor dem Gr\u00fcn der Stadt nicht Halt. Besonders betroffen sind B\u00e4ume, denen mit Blick auf die Erderw\u00e4rmung eine besonders wichtige Rolle zukommt, da ihre Bl\u00e4tter Kohlenstoff in Form von Kohlendioxid aus der Luft ziehen und dann den Sauerstoff wieder frei geben k\u00f6nnen. So ben\u00f6tigt ein Baum besonders in der Austriebsphase Wasser und nimmt pro W\u00e4sserungsgang mindestens 100 Liter an Wasser auf. Bei Stra\u00dfenb\u00e4umen, die meist \u00fcber wenig Platz unter der Erdoberfl\u00e4che verf\u00fcgen und das meiste Regenwasser \u00fcber die versiegelten Fl\u00e4chen direkt in die Kanalisation flie\u00dft ist, ist die Lage im Sommer besonders kritisch. Aus diesem Grund rufen Oberb\u00fcrgermeisterin Stefanie Seiler und Umweltdezernentin Irmgard M\u00fcnch-Weinmann zum Gie\u00dfen der B\u00e4ume im Stadtgebiet auf: \u201eSchon eine volle Gie\u00dfkanne am Tag idealerweise am Morgen oder sp\u00e4tabends kann helfen, um einen Baum vor der Austrocknung zu sch\u00fctzen.\u201c Wichtig ist das Gie\u00dfen der B\u00e4ume dabei nicht erst, wenn Hitzerekorde herrschen, sondern bereits zu Beginn des Sommers, um so die Voraussetzungen f\u00fcr ein gesundes Wachstum trotz widriger Bedingungen zu schaffen.<\/p>\n\n\n\n<p>\u201eDie B\u00e4ume im Stadtgebiet sind die gr\u00fcne Lunge Speyers, sie spenden Schatten und k\u00fchlen die Umgebung. Sie sind als nat\u00fcrliche Klimaanlagen \u00fcberlebenswichtig f\u00fcr uns alle\u201c, so die Oberb\u00fcrgermeisterin. Dabei gilt die Devise: Gie\u00dfen Sie lieber seltener, aber daf\u00fcr mehr. Dadurch vergr\u00f6\u00dfert sich die Chance, dass das Wasser tiefer einsinken kann. Die B\u00e4ume und das Klima werden es der Speyerer Bev\u00f6lkerung danken.<\/p>\n\n\n\n<p><em>Stadtverwaltung Speyer<br>17.07.2020<\/em><\/p>\n\n\n\n<h2 class=\"wp-block-heading\"><strong>Tiefbau f\u00fcr den Glasfaserausbau<\/strong><\/h2>\n\n\n\n<div class=\"wp-block-image\"><figure class=\"aligncenter\"><img decoding=\"async\" loading=\"lazy\" width=\"800\" height=\"533\" src=\"https:\/\/speyer24news.com\/wp-content\/uploads\/2020\/07\/RS220276_20190813_130819Glasfaser18.jpg\" alt=\"\" class=\"wp-image-29231\" srcset=\"https:\/\/speyer24news.com\/wp-content\/uploads\/2020\/07\/RS220276_20190813_130819Glasfaser18.jpg 800w, https:\/\/speyer24news.com\/wp-content\/uploads\/2020\/07\/RS220276_20190813_130819Glasfaser18-300x200.jpg 300w, https:\/\/speyer24news.com\/wp-content\/uploads\/2020\/07\/RS220276_20190813_130819Glasfaser18-768x512.jpg 768w\" sizes=\"(max-width: 800px) 100vw, 800px\" \/><figcaption>Die Stadtwerke Speyer (SWS) investieren 555.000,- Euro in die die Akquiese und Vorplanung f\u00fcpr das Glasfaser-Teilausbaugebiet &#8222;Auestrasse&#8220; in Speyer und beginnen in diesem Gebiet mit der Errichtung eines leistungsf\u00e4higen Glasfasernetzes f\u00fcr ein Hochgeschwindigkeits-Internet und modernste und schnellste Kommunikation leisten damit einen erheblichen Beitrag die Stadt zur &#8222;Smart City Speyer&#8220; zu machen. Die Aufsichtsratsvorsitzende OB Stefanie Seiler, Projektleiter Georg Weyrich, Gesch\u00e4ftsf\u00fchrer SWS Wolfgang B\u00fchring und Elektromeister Stephan Rosenow stellen das Projekt an der Baustelle vor<\/figcaption><\/figure><\/div>\n\n\n\n<p>Am Montag, 20. Juli 2020, beginnen die Arbeiten f\u00fcr den Ausbau des Glasfasernetzes im Auftrag der Stadtwerke Speyer im Cluster Auestra\u00dfe. Die Teilabschnitte An der Hofweide und Zum Schlangenw\u00fchl werden die ersten sein, die in Angriff genommen werden. Es arbeiten mehrere Kolonnen gleichzeitig. Die Leitungen werden meist im Gehwegbereich bzw. am Stra\u00dfenrand eingebracht, so dass der Verkehr nur halbseitig eingeschr\u00e4nkt ist.<\/p>\n\n\n\n<p><em>Stadtwerke Speyer (SWS) GmbH<br>17.07.2020<\/em><\/p>\n","protected":false},"excerpt":{"rendered":"<div class=\"mh-excerpt\"><p>Coronafallzahlen aus Speyer Freitag, 17.07.2020 Anzahl best\u00e4tigter F\u00e4lle von Coronavirus (SARS-CoV-2)-Infektionen in der Stadt Speyer: 111 (+\/-0)Davon bereits genesen: 102Todesf\u00e4lle: 2Personen in Quarant\u00e4ne: 17Gemeldete F\u00e4lle der letzten sieben Tage: 2 Stand: 17.07.2020, 13:30 Uhr Stadtverwaltung <a class=\"mh-excerpt-more\" href=\"https:\/\/speyer24news.com\/?p=29229\" title=\"Corona-Fallzahlen &#038; Stadtnotizen Speyer\">[&#8230;]<\/a><\/p>\n<\/div>","protected":false},"author":3,"featured_media":23902,"comment_status":"open","ping_status":"open","sticky":false,"template":"","format":"standard","meta":{"_monsterinsights_skip_tracking":false,"_monsterinsights_sitenote_active":false,"_monsterinsights_sitenote_note":"","_monsterinsights_sitenote_category":0,"footnotes":""},"categories":[47],"tags":[8018,8019,6940,6358,7003,6342,5007,5009,5008,7644,6],"aioseo_notices":[],"amp_enabled":true,"_links":{"self":[{"href":"https:\/\/speyer24news.com\/index.php?rest_route=\/wp\/v2\/posts\/29229"}],"collection":[{"href":"https:\/\/speyer24news.com\/index.php?rest_route=\/wp\/v2\/posts"}],"about":[{"href":"https:\/\/speyer24news.com\/index.php?rest_route=\/wp\/v2\/types\/post"}],"author":[{"embeddable":true,"href":"https:\/\/speyer24news.com\/index.php?rest_route=\/wp\/v2\/users\/3"}],"replies":[{"embeddable":true,"href":"https:\/\/speyer24news.com\/index.php?rest_route=%2Fwp%2Fv2%2Fcomments&post=29229"}],"version-history":[{"count":2,"href":"https:\/\/speyer24news.com\/index.php?rest_route=\/wp\/v2\/posts\/29229\/revisions"}],"predecessor-version":[{"id":29233,"href":"https:\/\/speyer24news.com\/index.php?rest_route=\/wp\/v2\/posts\/29229\/revisions\/29233"}],"wp:featuredmedia":[{"embeddable":true,"href":"https:\/\/speyer24news.com\/index.php?rest_route=\/wp\/v2\/media\/23902"}],"wp:attachment":[{"href":"https:\/\/speyer24news.com\/index.php?rest_route=%2Fwp%2Fv2%2Fmedia&parent=29229"}],"wp:term":[{"taxonomy":"category","embeddable":true,"href":"https:\/\/speyer24news.com\/index.php?rest_route=%2Fwp%2Fv2%2Fcategories&post=29229"},{"taxonomy":"post_tag","embeddable":true,"href":"https:\/\/speyer24news.com\/index.php?rest_route=%2Fwp%2Fv2%2Ftags&post=29229"}],"curies":[{"name":"wp","href":"https:\/\/api.w.org\/{rel}","templated":true}]}}