{"id":29241,"date":"2020-07-18T05:51:07","date_gmt":"2020-07-18T04:51:07","guid":{"rendered":"https:\/\/speyer24news.com\/?p=29241"},"modified":"2020-07-18T05:51:09","modified_gmt":"2020-07-18T04:51:09","slug":"hockenheim-63","status":"publish","type":"post","link":"https:\/\/speyer24news.com\/?p=29241","title":{"rendered":"Hockenheim"},"content":{"rendered":"<style type=\"text\/css\">\r\n\t.ads_top_disp{}\r\n\t.ads_top_corner_disp{ float:left; margin:0px 10px 10px 0px; }\r\n\t.ads_first_p_disp{}\r\n\t.ads_bottom_disp{}\r\n\t<\/style>\n<figure class=\"wp-block-image\"><img decoding=\"async\" loading=\"lazy\" width=\"800\" height=\"559\" src=\"https:\/\/speyer24news.com\/wp-content\/uploads\/2020\/01\/1250-Jahre-Hockenheim.jpg\" alt=\"\" class=\"wp-image-23860\" srcset=\"https:\/\/speyer24news.com\/wp-content\/uploads\/2020\/01\/1250-Jahre-Hockenheim.jpg 800w, https:\/\/speyer24news.com\/wp-content\/uploads\/2020\/01\/1250-Jahre-Hockenheim-300x210.jpg 300w, https:\/\/speyer24news.com\/wp-content\/uploads\/2020\/01\/1250-Jahre-Hockenheim-768x537.jpg 768w\" sizes=\"(max-width: 800px) 100vw, 800px\" \/><\/figure>\n\n\n\n<h2 class=\"wp-block-heading\"><strong>Dougie &amp; The Blind Brothers im Pumpwerk-Livestream<\/strong><\/h2>\n\n\n\n<div class=\"wp-block-image\"><figure class=\"aligncenter\"><img decoding=\"async\" loading=\"lazy\" width=\"800\" height=\"465\" src=\"https:\/\/speyer24news.com\/wp-content\/uploads\/2020\/07\/2020-07-17-Verwaltung_Pumpwerk_Livestream.jpg\" alt=\"\" class=\"wp-image-29244\" srcset=\"https:\/\/speyer24news.com\/wp-content\/uploads\/2020\/07\/2020-07-17-Verwaltung_Pumpwerk_Livestream.jpg 800w, https:\/\/speyer24news.com\/wp-content\/uploads\/2020\/07\/2020-07-17-Verwaltung_Pumpwerk_Livestream-300x174.jpg 300w, https:\/\/speyer24news.com\/wp-content\/uploads\/2020\/07\/2020-07-17-Verwaltung_Pumpwerk_Livestream-768x446.jpg 768w\" sizes=\"(max-width: 800px) 100vw, 800px\" \/><figcaption>Dougie &amp; the Blind Brothers rocken auch im live-Stream.<br><em>Foto:  Dougie &amp; the Blind Brothers<\/em><\/figcaption><\/figure><\/div>\n\n\n\n<p>Eigentlich liefe im Pumpwerk Hockenheim aktuell\ndas Pumpwerk-Sommer-Open Air. Und eigentlich w\u00e4re die Hockenheimer Formation Dougie\n&amp; The Blind Brothers hier als Stammgast wieder auf der B\u00fchne, um das\nPublikum mit ihrer handgemachten Musik zu begeistern. <\/p>\n\n\n\n<p>Corona-bedingt ist das alles zurzeit leider nicht m\u00f6glich. Trotzdem hat sich das Team des Kulturhauses Pumpwerk davon nicht entmutigen lassen und veranstaltet am <strong>Samstag, dem 18. Juli 2020, ab 20 Uhr<\/strong>, einen Live-Stream von der Hockenheimer Kleinkunstb\u00fchne mit der Band um S\u00e4nger und Gitarristen Daniel \u201eDougie\u201c Jasinski.<\/p>\n\n\n\n<p>Von langsamen Balladen bis zu schnellen Punk\nNummern \u2013 von Elvis zu den \u00c4rzten, von Tina Turner bis zu den Rolling Stones\nwird f\u00fcr die Rock\u2019n Roll Fans fast alles geboten. <\/p>\n\n\n\n<p>\u00dcber einen Live Chat k\u00f6nnen spontane\nMusikw\u00fcnsche der Zuschauer\/Innen erf\u00fcllt werden. Der Live-Stream ist kostenlos \u00fcber\ndem YouTube-Kanal der Band (<a href=\"https:\/\/youtu.be\/sh4T18aXgXA\">https:\/\/youtu.be\/sh4T18aXgXA<\/a>), \u00fcber die Homepage der Band unter <a href=\"http:\/\/www.dougieblindbrothers.de\">www.dougieblindbrothers.de<\/a> oder auch \u00fcber die Internetseite der Stadtverwaltung unter <a href=\"http:\/\/www.hockenheim.de\">www.hockenheim.de<\/a> abrufbar. <\/p>\n\n\n\n<p>Text: <em>Stadtverwaltung Hockenheim Foto: <br>18.07.2020<\/em><\/p>\n\n\n\n<h2 class=\"wp-block-heading\"><strong>\u00dcberraschung zum zehnten Geburtstag<\/strong><\/h2>\n\n\n\n<div class=\"wp-block-image\"><figure class=\"aligncenter\"><img decoding=\"async\" loading=\"lazy\" width=\"800\" height=\"600\" src=\"https:\/\/speyer24news.com\/wp-content\/uploads\/2020\/07\/2020-07-14-Verwaltung_Stadtbibliothek-Jubil\u00e4umsaktion.jpg\" alt=\"\" class=\"wp-image-29243\" srcset=\"https:\/\/speyer24news.com\/wp-content\/uploads\/2020\/07\/2020-07-14-Verwaltung_Stadtbibliothek-Jubil\u00e4umsaktion.jpg 800w, https:\/\/speyer24news.com\/wp-content\/uploads\/2020\/07\/2020-07-14-Verwaltung_Stadtbibliothek-Jubil\u00e4umsaktion-300x225.jpg 300w, https:\/\/speyer24news.com\/wp-content\/uploads\/2020\/07\/2020-07-14-Verwaltung_Stadtbibliothek-Jubil\u00e4umsaktion-768x576.jpg 768w, https:\/\/speyer24news.com\/wp-content\/uploads\/2020\/07\/2020-07-14-Verwaltung_Stadtbibliothek-Jubil\u00e4umsaktion-678x509.jpg 678w, https:\/\/speyer24news.com\/wp-content\/uploads\/2020\/07\/2020-07-14-Verwaltung_Stadtbibliothek-Jubil\u00e4umsaktion-326x245.jpg 326w, https:\/\/speyer24news.com\/wp-content\/uploads\/2020\/07\/2020-07-14-Verwaltung_Stadtbibliothek-Jubil\u00e4umsaktion-80x60.jpg 80w\" sizes=\"(max-width: 800px) 100vw, 800px\" \/><figcaption>\u201eLass dich \u00fcberraschen\u201c hei\u00dft es in der Stadtbibliothek anl\u00e4sslich des zehnten Geburtstags der wiedererrichteten Zehntscheune. <br><em>Foto: Stadt Hockenheim<\/em><\/figcaption><\/figure><\/div>\n\n\n\n<p>Am 9. Juli 2010 fand die feierliche\nEinweihung der Zehntscheune statt. Dies bedeutete auch die Wiederer\u00f6ffnung der\nStadtbibliothek Hockenheim und des Tabakmuseums nach den Umz\u00fcgen aus den alten\nGeb\u00e4uden. 10 Jahre sind Grund genug, einen kurzen Blick zur\u00fcck zu werfen.<\/p>\n\n\n\n<p>Viel Planung war notwendig gewesen\num die Umsiedlung der beiden Einrichtungen reibungslos \u00fcber die B\u00fchne zu\nbringen. Diese konnte dank tatkr\u00e4ftiger Hilfe vieler Beteiligter z\u00fcgig\ndurchgef\u00fchrt werden, damit die Schlie\u00dfzeiten der beiden Einrichtungen m\u00f6glichst\nkurz gehalten werden konnten. <\/p>\n\n\n\n<p>Nachdem die Zehntscheune in den\nBesitz der Stadt \u00fcbergegangen war und beschlossen wurde, das alte Geb\u00e4ude\nnahezu originalgetreu und mit neuer Funktion an dem heutigen Platz wieder zu\nerrichten, begannen auch schon die ersten Arbeiten und die Scheune wurde Stein\nf\u00fcr Stein am alten Standort abgetragen. <\/p>\n\n\n\n<p>Der Umzug, der von den Mitarbeitern\nder Stadtbibliothek federf\u00fchrend organisiert wurde, wurde tatkr\u00e4ftig von\nMitarbeitern des Bauhofs und auch Lesern der Stadtbibliothek, die vor dem Umzug\nflei\u00dfig ausgeliehen und die Leihmedien nach dem Umzug ins neue Geb\u00e4ude wieder\nabgegeben haben. Insgesamt mussten 36.000 Medien verpackt und transportiert\nwerden. Mit dem r\u00e4umlichen Umzug wurde auch auf ein moderneres Buchungssystem\numgestellt, das bis heute im Einsatz ist. <\/p>\n\n\n\n<p>Auch\nder Umzug des Tabakmuseums gelang dank der Bauhof-Mitarbeiter problemlos. F\u00fcr\ndie Ausstellung der Exponate war alles vorbereitet, im Vorfeld war die\nGestaltung am neuen Standort minuti\u00f6s geplant worden. Somit waren Historie und\nWissen an einem Ort vereint.<\/p>\n\n\n\n<p>Entstanden\nist mit der Errichtung am neuen, jetzigen Standort ein gelungenes Ensemble aus\nZehntscheune, katholischer Kirche und Festhalle. Und ganz nebenbei fand auch\nder Hockenheimer Mai eine neue Heimst\u00e4tte mit dem Zehntscheunen-Platz.<\/p>\n\n\n\n<p>Vieles Neues\nhat der Umzug mit sich gebracht: Der\n\u201eBuchtrip\u201c, den Rosa Gr\u00fcnstein und Gerhard Greiner ins Leben gerufen hatten,\nfand den Weg in die Zehntscheune nach Stationen in Alt- und Neulu\u00dfheim. Seitdem\nbereichert der Trip zweimal im Jahr das kulturelle Leben in Hockenheim. <\/p>\n\n\n\n<p>Gro\u00dfen\nAndrang gab es bei der Vorstellung des Romans \u201eDie Besch\u00fctzerin des Hauses\u201c von\nMarlene Klaus. Das Erstlingswerk der Hockenheimerin spielt im Ort, teilweise\nsogar an der Zehntscheune. Nicht verwunderlich, dass \u201edie H\u00fctte voll war\u201c \u2013 so\nvoll, dass eine zweite Lesung des Romans stattfinden sollte.<\/p>\n\n\n\n<p>Schon\nbald wurde die Stadtbibliothek Hockenheim mit dem Beitritt zum\nMetropol-Card-Bibliotheken-Rhein-Neckar e.V. digital. Damit hatten die Leserinnen und Leser nunmehr mit\nihrem Ausweis Zugang zu einer Vielzahl von Mitglieds-Bibliotheken. Damals waren\nes 6 Bibliotheken, mittlerweile k\u00f6nnen Medien aus \u00fcber 35 Bibliotheken sowie\nder Metropolbib, dem gemeinsamen Angebot von elektronischen Medien, ausgeliehen\nwerden. <\/p>\n\n\n\n<p>Mit\nder Verf\u00fcgbarkeit von E-Books, E-Magazinen, E-Paper und E-Audios steht die\nBibliothek nun rund um die Uhr, an jedem Tag der Woche, von \u00fcberall auf der\nWelt zur Verf\u00fcgung, Internetzugang vorausgesetzt. Auch ist die Zehntscheune\nmitsamt der Stadtbibliothek Schauplatz von Konzerten und Bilderausstellungen\ngeworden und das Veranstaltungsangebot f\u00fcr Kinder erweitert. Vorlesen mit der\nVorlesetante, Bilderbuchkino, Kamishibai und sogar Lesungen in der Salzgrotte\nund auch die Sommerferienaktionen erfreuen sich ungebrochen hoher Nachfrage.\nZuletzt wurden die R\u00e4umlichkeiten im Rahmen des \u00dcberraschungskinos als Kino im\nKleinformat umgewandelt. <\/p>\n\n\n\n<p>Besonderen\nAnklang finden die Bibliotheksn\u00e4chte, bei denen die Besucher die B\u00fccherei und\ndie Mitarbeiter einmal au\u00dferhalb des normalen Geschehens kennen lernen k\u00f6nnen.\nEinen festen Platz in der Bibliothek hat auch der j\u00e4hrliche \u201eInterkulturelle\nVorlese-Nachmittag\u201c der Lokalen Agenda gefunden. An diesem Tag lesen Teilnehmer\nGeschichten in ihrer Muttersprache f\u00fcr die anwesenden Kinder und Erwachsenen\nvor. Die ehrw\u00fcrdige Zehntscheune zeigt sich an seinem neuen Standort\nfacettenreich als literarische Heimat im Herzen Hockenheims, kulturelle B\u00fchne\nund Ort der Begegnungen. <\/p>\n\n\n\n<p>Damit\nauch trotz Corona das zehnj\u00e4hrige Bestehen gefeiert werden kann, haben sich die\nMitarbeiter etwas einfallen lassen und stellen \u00dcberraschungspakete zur Ausleihe\nbereit. So kann sich der Leser oder die Leserin auf unkomplizierte Art und\nWeise auf neues literarisches Terrain begeben. Die \u00dcberraschungspakete gibt es\nf\u00fcr die Bereiche Krimi, Regional-Krimi, Thriller, Heiteres, Historisches,\nFantasy, Bilderb\u00fccher, B\u00fccher f\u00fcr Kinder von sechs bis neun Jahren (sortiert\nnach Klassenstufen) sowie f\u00fcr Kinder von neun bis zw\u00f6lf Jahren. Die Aktion\nstartet ab sofort und l\u00e4uft zun\u00e4chst f\u00fcr zwei Wochen. <\/p>\n\n\n\n<p><em>Stadtverwaltung Hockenheim<br>18.07.2020<\/em><\/p>\n\n\n\n<h2 class=\"wp-block-heading\"><strong>\u00d6ffentliche Sitzung des\nJugendgemeinderates<\/strong><\/h2>\n\n\n\n<p>Am <strong>Mittwoch, dem 22.07.2020, 18:30\nUhr, <\/strong>findet im Kleinen Sitzungssaal &nbsp;des\nRathauses eine \u00f6ffentliche Sitzung des Jugendgemeinderates\nstatt.<\/p>\n\n\n\n<p>Es wird darum gebeten, im\nRathaus eine Mund- und Nasenbedeckung zu tragen, sofern keine Befreiung durch\neine \u00e4rztliche Bescheinigung mitgef\u00fchrt wird. Die Stadtverwaltung folgt damit\nden allgemeing\u00fcltigen Hygieneempfehlungen, um einen Beitrag zur Eind\u00e4mmung des\nCoronavirus zu leisten.<\/p>\n\n\n\n<p>Auf der Tagesordnung stehen folgende Punkte:<\/p>\n\n\n\n<ol><li>Tag der Jugend, Vorlage 40\/2019\/303\/8<\/li><li>Anstehende\nJugendgemeinderatswahl 2020, Vorlage: 40\/2020\/349\/1<\/li><li>Verschiedenes&nbsp;&nbsp;&nbsp;&nbsp;&nbsp;&nbsp;&nbsp;&nbsp;&nbsp;&nbsp; <\/li><\/ol>\n\n\n\n<p>Alle interessierten B\u00fcrger sind zur Sitzung herzlich\neingeladen.<\/p>\n\n\n\n<p><em>Stadtverwaltung Hockenheim<br>18.07.2020<\/em><\/p>\n\n\n\n<h2 class=\"wp-block-heading\"><strong>Fachbereich Finanzen\nvormittags nicht erreichbar<\/strong><\/h2>\n\n\n\n<p>Aus organisatorischen Gr\u00fcnden ist der Fachbereich Finanzen innerhalb der Stadtverwaltung Hockenheim <strong>am 30. Juli 2020 vormittags<\/strong> nicht erreichbar. <\/p>\n\n\n\n<p>Ab 31. Juli steht der Bereich wieder zu den\n\u00fcblichen Uhrzeiten zur Verf\u00fcgung. Diese sind von Montag bis Freitag 8 \u2013 12 Uhr,\nsowie Mittwochnachmittag von 14 bis 18 Uhr. Bitte beachten Sie, dass eine\npers\u00f6nliche Vorsprache bis auf weiteres nur nach voriger Terminvergabe m\u00f6glich\nist. <\/p>\n\n\n\n<p>Der Zutritt ist lediglich \u00fcber den Eingang\nRathausstra\u00dfe, Ecke Ottostra\u00dfe m\u00f6glich. Bitte tragen Sie beim Betreten des\nGeb\u00e4udes eine Mund-Nasen-Bedeckung, sofern keine Befreiung durch eine \u00e4rztliche\nBest\u00e4tigung mitgef\u00fchrt wird. Ebenso stehen am Eingangsbereich\nDesinfektionsmittelst\u00e4nder zur Verf\u00fcgung.<\/p>\n\n\n\n<p>Die Ansprechpartner des Fachbereichs Finanzen, sowie eine \u00dcbersicht aller Mitarbeiter der Stadtverwaltung finden Sie unter <a rel=\"noreferrer noopener\" href=\"http:\/\/www.hockenheim.de\/mitarbeiter?fbclid=IwAR2PfR5-RT5QG4ZREvWnYDg9p56wzx7oaLiVpA7bScpNrgxDWY5CdnshPFk\" target=\"_blank\">www.hockenheim.de\/mitarbeiter<\/a>.<\/p>\n\n\n\n<p><em>Stadtverwaltung Hockenheim<br>18.07.2020<\/em><\/p>\n\n\n\n<h2 class=\"wp-block-heading\"><strong>\u00d6ffentlichkeitsbeteiligung f\u00fcr Mobilit\u00e4tskonzept Hockenheim startet<\/strong><\/h2>\n\n\n\n<div class=\"wp-block-image\"><figure class=\"aligncenter\"><img decoding=\"async\" loading=\"lazy\" width=\"800\" height=\"450\" src=\"https:\/\/speyer24news.com\/wp-content\/uploads\/2020\/07\/2020-07-08-Verwaltung_\u00d6ffentlichkeitsbeteiligung-MoKo-Hockenheim.jpg\" alt=\"\" class=\"wp-image-29242\" srcset=\"https:\/\/speyer24news.com\/wp-content\/uploads\/2020\/07\/2020-07-08-Verwaltung_\u00d6ffentlichkeitsbeteiligung-MoKo-Hockenheim.jpg 800w, https:\/\/speyer24news.com\/wp-content\/uploads\/2020\/07\/2020-07-08-Verwaltung_\u00d6ffentlichkeitsbeteiligung-MoKo-Hockenheim-300x169.jpg 300w, https:\/\/speyer24news.com\/wp-content\/uploads\/2020\/07\/2020-07-08-Verwaltung_\u00d6ffentlichkeitsbeteiligung-MoKo-Hockenheim-768x432.jpg 768w, https:\/\/speyer24news.com\/wp-content\/uploads\/2020\/07\/2020-07-08-Verwaltung_\u00d6ffentlichkeitsbeteiligung-MoKo-Hockenheim-678x381.jpg 678w\" sizes=\"(max-width: 800px) 100vw, 800px\" \/><figcaption> Die Bestandsanalyse des klimafreundlichen Mobilit\u00e4tskonzeptes Hockenheim wurde auf vier Plakaten \u00fcbersichtlich aufbereitet und ist f\u00fcr Interessierte ab sofort in Schaufenstern an zentralen Punkten im Stadtgebiet angebracht. <br><em>Foto: Stadt Hockenheim<\/em><\/figcaption><\/figure><\/div>\n\n\n\n<p>Mit dem Beschluss des \u201eKlimafreundlichen\nMobilit\u00e4tskonzept Hockenheim\u201c in der Sitzung des Gemeinderates im Fr\u00fchjahr 2019\nwurde an der Erstellung eines des Klimaschutzteilkonzeptes gearbeitet. Daf\u00fcr\nstartet nun die erste Phase der \u00d6ffentlichkeitsbeteiligung. Interessierte\nk\u00f6nnen ab sofort Ideen, W\u00fcnsche und Anregungen einbringen.<\/p>\n\n\n\n<p>Das klimafreundliche Mobilit\u00e4tskonzept verfolgt\ndas Ziel, die Mobilit\u00e4t in Hockenheim zu verbessern und verkehrsbedingte\nTreibhausgasemissionen zu verringern. Dabei sollen alle Verkehrsarten\nbetrachtet und diese unter dem Gesichtspunkt des Klimaschutzes weiterentwickelt\nwerden.<\/p>\n\n\n\n<p>In Zusammenarbeit mit R+T Verkehrsplanung GmbH\nwurde in den letzten Monaten eine Bestandsanalyse und Verkehrserhebungen\ndurchgef\u00fchrt. Die Ergebnisse sind nun \u00dcbersichtlich als Plakate und Grafiken\naufgearbeitet. Sie fassen die aktuelle Situation im Stadtgebiet zusammen und\nsollen als Ausgangspunkt f\u00fcr Ideen und Anregungen der zuk\u00fcnftigen\nMobilit\u00e4tsentwicklung in Hockenheim dienen.<\/p>\n\n\n\n<h4 class=\"wp-block-heading\">Wie k\u00f6nnen sich Interessierte beteiligen?<\/h4>\n\n\n\n<p>Die Ergebnisse der Bestandsanalysen sind innerhalb der Stadt an zwei markanten Stellen im Kernstadtgebiet in Hockenheim ausgeh\u00e4ngt. Im Schaukasten vor der Zehntscheune und auch in dem Schaukasten vor dem Geb\u00e4ude der Stadtwerke Hockenheim k\u00f6nnen Interessierte die Inhalte der Bestandsanalyse finden. Ebenso sind die Inhalte auf der Internetseite der Stadtverwaltung Hockenheim unter <a href=\"https:\/\/www.hockenheim.de\/startseite\/leben\/mobilitaetskonzept.html\">https:\/\/www.hockenheim.de\/startseite\/leben\/mobilitaetskonzept.html<\/a> zu finden. <\/p>\n\n\n\n<p>Die Bestandsanalysen sind \u00fcbersichtlich in drei Themenbl\u00f6cke gegliedert:\u00a0 Kfz \u2013Verkehr, Rad- und Fu\u00dfverkehr, \u00d6PNV und Mobilit\u00e4tsverbund. <strong><em>Bis zum 31. Juli 2020<\/em><\/strong> k\u00f6nnen Interessierte ihre Ideen, W\u00fcnsche und Anregungen zur Verbesserung der klimafreundlichen Mobilit\u00e4t in Hockenheim einreichen. <\/p>\n\n\n\n<p>Die Ideen im Rahmen der \u00d6ffentlichkeitsbeteiligung k\u00f6nnen auf unterschiedliche Wege eingereicht werden: Auf postalischem Wege, per E-Mail, telefonisch oder auch pers\u00f6nlich w\u00e4hrend der <strong>B\u00fcrgersprechstunde am 22. Juli 2020<\/strong>.\u00a0 <\/p>\n\n\n\n<h4 class=\"wp-block-heading\">B\u00fcrgersprechstunde vor Ort<\/h4>\n\n\n\n<p>Zus\u00e4tzlich bietet der Fachbereich Bauen und\nWohnen am 22. Juli 2020 in Zusammenarbeit mit dem B\u00fcro R-T Verkehrsplanung eine\nB\u00fcrgersprechstunde an. Dort k\u00f6nnen neben Anregungen auch Fragen rund um das\nMobilit\u00e4tskonzept Hockenheim gestellt werden. Anmeldungen nimmt Frau Simonis,\nTelefon 06205\/21-416, E-Mail <a href=\"mailto:s.simonis@hockenheim.de\" target=\"_blank\" rel=\"noreferrer noopener\">s.simonis@hockenheim.de<\/a> bis\nzum 20. Juli 12 Uhr entgegen.&nbsp;Die Veranstaltungsplanung ber\u00fccksichtigt die\naktuell g\u00fcltigen Hygienerichtlinien. <\/p>\n\n\n\n<h4 class=\"wp-block-heading\">Ansprechpartner der \u00d6ffentlichkeitsbeteiligung<\/h4>\n\n\n\n<p>Stefanie Simonis, Fachbereich\nBauen und Wohnen, Stadt- und Umweltplanung, Rathausstra\u00dfe 1, 68766 Hockenheim,\nTelefon 06205\/21-416, E-Mail: <a href=\"mailto:s.simonis@hockenheim.de\" target=\"_blank\" rel=\"noreferrer noopener\">s.simonis@hockenheim.de<\/a>.<\/p>\n\n\n\n<p>Sebastian Hofherr, R+T Verkehrsplanung GmbH,\nJulius-Reiber-Stra\u00dfe 1764293 Darmstadt, E-Mail: <a href=\"mailto:s.hofherr@rt-verkehr.de\">s.hofherr@rt-verkehr.de<\/a>.<\/p>\n\n\n\n<h4 class=\"wp-block-heading\">Was geschieht mit den Ideen?<\/h4>\n\n\n\n<p>Die Ideen und Anregungen zur Verbesserung der\nMobilit\u00e4t werden gesammelt, ausgewertet und flie\u00dfen in das Mobilit\u00e4tskonzept\nder Gro\u00dfen Kreisstadt Hockenheim ein. Aus den Ergebnissen werden ebenso ein\nLeitbild und weitere Planungsziele entwickelt sowie eine Verkehrsprognose\nerarbeitet. Das Konzept soll Ma\u00dfnahmen f\u00fcr die n\u00e4chsten zehn bis 15 Jahre\ninitiieren, die die B\u00fcrger zu einer klimafreundlichen Verkehrsmittelwahl\nmotivieren. Diese Inhalte werden in einer zweiten Phase der\n\u00d6ffentlichkeitsbeteiligung im Herbst\/Winter 2020 vorgestellt.&nbsp;<\/p>\n\n\n\n<p><em>Stadtverwaltung Hockenheim<br>18.07.2020<\/em><\/p>\n\n\n\n<h1 class=\"wp-block-heading\" style=\"text-align:center\">Verkehrsnotizen<\/h1>\n\n\n\n<div class=\"wp-block-image\"><figure class=\"aligncenter\"><img decoding=\"async\" loading=\"lazy\" width=\"800\" height=\"565\" src=\"https:\/\/speyer24news.com\/wp-content\/uploads\/2020\/01\/Baustelle-2.jpg\" alt=\"\" class=\"wp-image-23900\" srcset=\"https:\/\/speyer24news.com\/wp-content\/uploads\/2020\/01\/Baustelle-2.jpg 800w, https:\/\/speyer24news.com\/wp-content\/uploads\/2020\/01\/Baustelle-2-300x212.jpg 300w, https:\/\/speyer24news.com\/wp-content\/uploads\/2020\/01\/Baustelle-2-768x542.jpg 768w\" sizes=\"(max-width: 800px) 100vw, 800px\" \/><\/figure><\/div>\n\n\n\n<h2 class=\"wp-block-heading\"><strong>Arbeiten im Stra\u00dfenraum<\/strong><\/h2>\n\n\n\n<div class=\"wp-block-image\"><figure class=\"aligncenter\"><img decoding=\"async\" src=\"https:\/\/speyer24news.com\/wp-content\/uploads\/2020\/01\/Vollsperrung.jpg\" alt=\"\" class=\"wp-image-23970\"\/><\/figure><\/div>\n\n\n\n<p>Die Jahnstra\u00dfe in Hockenheim wird in H\u00f6he Hausnummer 36 <strong>vom 20. Juli 2020 bis zur Beendigung der Arbeiten, l\u00e4ngstens bis 29.07.2020<\/strong> vollst\u00e4ndig gesperrt.<\/p>\n\n\n\n<p>Der Verkehr wird umgeleitet \u00fcber Hebelstra\u00dfe \u2013 K\u00f6rnerstra\u00dfe \u2013 Luisenstra\u00dfe sowie umgekehrt. Der Anliegerverkehr ist bis zur Baustelle zugelassen. <\/p>\n\n\n\n<p><em>Stadtverwaltung Hockenheim<br>18.07.2020<\/em><\/p>\n\n\n\n<h2 class=\"wp-block-heading\"><strong>Verkehrsbeeintr\u00e4chtigungen im Stadtgebiet<\/strong><\/h2>\n\n\n\n<p>Die Jahnstra\u00dfe in Hockenheim ist in H\u00f6he Hausnummer 10 <strong>seit 13. Juli bis zur Beendigung der Arbeiten, l\u00e4ngstens bis 23. Juli 2020<\/strong>, vollst\u00e4ndig gesperrt. Grund sind Arbeiten an der Gas- und Wasserversorgung.<\/p>\n\n\n\n<p>Der\nVerkehr wird umgeleitet \u00fcber Heidelberger Stra\u00dfe \u2013\nHubertusstra\u00dfe \u2013 Rathausstra\u00dfe sowie umgekehrt. <\/p>\n\n\n\n<p>Die Vollsperrung in der Karlstra\u00dfe in Hockenheim wird in H\u00f6he der B\u00fcrgermeister-Zahn-Stra\u00dfe 29 <strong>vom 28. Mai bis zur Beendigung der Arbeiten, l\u00e4ngstens bis 18. September 2020<\/strong>, verl\u00e4ngert. <\/p>\n\n\n\n<p>Der Verkehr wird umgeleitet \u00fcber B\u00fcrgermeister-Zahn-Stra\u00dfe\n\u2013 Berlinallee \u2013 Ludwigstra\u00dfe bzw. B\u00fcrgermeister-Zahn-Stra\u00dfe \u2013 Ziegelstra\u00dfe \u2013\nLudwigstra\u00dfe, sowie jeweils umgekehrt. Der Anliegerverkehr ist bei beiden\nBauma\u00dfnahmen jeweils bis zur Baustelle zugelassen.<\/p>\n\n\n\n<p><em>Stadtverwaltung Hockenheim<br>18.07.2020<\/em><\/p>\n","protected":false},"excerpt":{"rendered":"<div class=\"mh-excerpt\"><p>Dougie &amp; The Blind Brothers im Pumpwerk-Livestream Eigentlich liefe im Pumpwerk Hockenheim aktuell das Pumpwerk-Sommer-Open Air. Und eigentlich w\u00e4re die Hockenheimer Formation Dougie &amp; The Blind Brothers hier als Stammgast wieder auf der B\u00fchne, um <a class=\"mh-excerpt-more\" href=\"https:\/\/speyer24news.com\/?p=29241\" title=\"Hockenheim\">[&#8230;]<\/a><\/p>\n<\/div>","protected":false},"author":3,"featured_media":23861,"comment_status":"open","ping_status":"open","sticky":false,"template":"","format":"standard","meta":{"_monsterinsights_skip_tracking":false,"_monsterinsights_sitenote_active":false,"_monsterinsights_sitenote_note":"","_monsterinsights_sitenote_category":0,"footnotes":""},"categories":[489],"tags":[8033,8036,108,7039,8035,7185,8037,196,1286,8034],"aioseo_notices":[],"amp_enabled":true,"_links":{"self":[{"href":"https:\/\/speyer24news.com\/index.php?rest_route=\/wp\/v2\/posts\/29241"}],"collection":[{"href":"https:\/\/speyer24news.com\/index.php?rest_route=\/wp\/v2\/posts"}],"about":[{"href":"https:\/\/speyer24news.com\/index.php?rest_route=\/wp\/v2\/types\/post"}],"author":[{"embeddable":true,"href":"https:\/\/speyer24news.com\/index.php?rest_route=\/wp\/v2\/users\/3"}],"replies":[{"embeddable":true,"href":"https:\/\/speyer24news.com\/index.php?rest_route=%2Fwp%2Fv2%2Fcomments&post=29241"}],"version-history":[{"count":1,"href":"https:\/\/speyer24news.com\/index.php?rest_route=\/wp\/v2\/posts\/29241\/revisions"}],"predecessor-version":[{"id":29245,"href":"https:\/\/speyer24news.com\/index.php?rest_route=\/wp\/v2\/posts\/29241\/revisions\/29245"}],"wp:featuredmedia":[{"embeddable":true,"href":"https:\/\/speyer24news.com\/index.php?rest_route=\/wp\/v2\/media\/23861"}],"wp:attachment":[{"href":"https:\/\/speyer24news.com\/index.php?rest_route=%2Fwp%2Fv2%2Fmedia&parent=29241"}],"wp:term":[{"taxonomy":"category","embeddable":true,"href":"https:\/\/speyer24news.com\/index.php?rest_route=%2Fwp%2Fv2%2Fcategories&post=29241"},{"taxonomy":"post_tag","embeddable":true,"href":"https:\/\/speyer24news.com\/index.php?rest_route=%2Fwp%2Fv2%2Ftags&post=29241"}],"curies":[{"name":"wp","href":"https:\/\/api.w.org\/{rel}","templated":true}]}}