{"id":29247,"date":"2020-07-18T06:53:55","date_gmt":"2020-07-18T05:53:55","guid":{"rendered":"https:\/\/speyer24news.com\/?p=29247"},"modified":"2020-07-18T06:53:57","modified_gmt":"2020-07-18T05:53:57","slug":"mannheim-8","status":"publish","type":"post","link":"https:\/\/speyer24news.com\/?p=29247","title":{"rendered":"Mannheim"},"content":{"rendered":"<style type=\"text\/css\">\r\n\t.ads_top_disp{}\r\n\t.ads_top_corner_disp{ float:left; margin:0px 10px 10px 0px; }\r\n\t.ads_first_p_disp{}\r\n\t.ads_bottom_disp{}\r\n\t<\/style>\n<h2 class=\"wp-block-heading\">Abschluss der Reparaturarbeiten an der Walter-Pahl-Br\u00fccke in Mannheim-Waldhof<\/h2>\n\n\n\n<p>Die Walter-Pahl-Br\u00fccke, die durch einen LKW-Unfall im Sommer 2019 erheblich besch\u00e4digt wurde, ist nach Abschluss der Reparaturarbeiten wieder vollst\u00e4ndig funktionst\u00fcchtig.<\/p>\n\n\n\n<p>Die Verkehrssicherung und die damit verbundene Sperrung unterschiedlicher Fahrspuren konnte bereits Ende Juni 2020 zur\u00fcckgebaut werden. Nachdem nun die abschlie\u00dfende Betonbeschichtung im Bereich des neu eingebauten Br\u00fcckenh\u00e4ngers aufgebracht wurde, steht das Br\u00fcckenbauwerk wieder uneingeschr\u00e4nkt zur Verf\u00fcgung.<\/p>\n\n\n\n<p><em>Stadt Mannheim<br>18.07.2020<\/em><\/p>\n\n\n\n<h2 class=\"wp-block-heading\">Kontrollen am Strandbad<\/h2>\n\n\n\n<p>Da in der letzten Zeit vermehrt Verst\u00f6\u00dfe gegen die Satzung zur Benutzung des Mannheimer Strandbads festgestellt wurden, werden am <strong>Sonntag, 19. Juli 2020<\/strong>, von 10 bis 18 Uhr Mitarbeiter einer Security Firma die Zug\u00e4nge zum Strandbad kontrollieren. Sie werden vor allem darauf achten, dass Besucherinnen und Besucher ihre Fahrr\u00e4der nicht mit auf das Gel\u00e4nde des Strandbads nehmen. Durch die Aktion soll ebenso \u00fcber die allgemeinen Regelungen im Strandbad aufgekl\u00e4rt werden. Die Satzung zur Benutzung des Strandbads kann nachgelesen werden unter <a href=\"http:\/\/www.mannheim.de\">www.mannheim.de<\/a><\/p>\n\n\n\n<p><em>Stadt Mannheim<br>18.07.2020<\/em><\/p>\n\n\n\n<h2 class=\"wp-block-heading\">GIRLS GO MOVIE \u2013 Kurzfilmfestival &amp; Filmcoaching 2020<\/h2>\n\n\n\n<h3 class=\"wp-block-heading\">Filmeinreichungen f\u00fcr das 16. Kurzfilmfestival 2020 m\u00f6glich \u2013 Deadline: 14. September<\/h3>\n\n\n\n<h4 class=\"wp-block-heading\">Einladung zu Sommerferiencamps \u201eFilmproduktion\u201c und \u201eSocial Media-Workshop\u201c<br>Freie Pl\u00e4tze im Filmcoaching Programm \u2013 Anmeldung bis 31. Juli<\/h4>\n\n\n\n<div class=\"wp-block-image\"><figure class=\"aligncenter\"><img decoding=\"async\" loading=\"lazy\" width=\"576\" height=\"610\" src=\"https:\/\/speyer24news.com\/wp-content\/uploads\/2020\/07\/GirlsGoMovie2.png\" alt=\"\" class=\"wp-image-29255\" srcset=\"https:\/\/speyer24news.com\/wp-content\/uploads\/2020\/07\/GirlsGoMovie2.png 576w, https:\/\/speyer24news.com\/wp-content\/uploads\/2020\/07\/GirlsGoMovie2-283x300.png 283w\" sizes=\"(max-width: 576px) 100vw, 576px\" \/><\/figure><\/div>\n\n\n\n<p>Zum mittlerweile 16. Mal findet am <strong>14. und 15. November<\/strong> in Mannheim das Kurzfilmfestival GIRLS GO MOVIE statt. Junge Filmemacherinnen k\u00f6nnen bis zum 14. September ihre Filmbeitr\u00e4ge zum Wettbewerb einreichen. Mitmachen d\u00fcrfen M\u00e4dchen und junge Frauen zwischen zw\u00f6lf und 27 Jahren aus Mannheim, Baden-W\u00fcrttemberg, Rheinland-Pfalz und seit 2020 auch aus Hessen. Erstlingswerke von Einzelakteurinnen sind genauso willkommen wie Gruppenarbeiten von erfahrenen Nachwuchs-Filmerinnen.<\/p>\n\n\n\n<p>Die Filme d\u00fcrfen nicht l\u00e4nger als zehn Minuten und nicht \u00e4lter als zwei Jahre sein. Egal ob Spielfilm, Clip, Dokumentation oder Experimentalfilm \u2013 Genre und Thema sind frei. Was z\u00e4hlt, ist der Blick der jungen Frauen auf die Welt! Es werden in zwei Alterskategorien f\u00fcnf Preise in H\u00f6he von insgesamt 3100 Euro vergeben. Der Offene Kanal OK-TV Ludwigshafen vergibt gemeinsam mit Metropolregion.TV den TV-Sonderpreis. Der Zonta-Club Mannheim e.V. verleiht erneut den mit 500 Euro dotierten Zonta-Preis.<\/p>\n\n\n\n<p><strong>Das Online-Abgabeformular f\u00fcr Filmbeitr\u00e4ge und weitere Teilnahmebedingungen gibt es im Internet unter: <a href=\"http:\/\/www.girlsgomovie.de\">www.girlsgomovie.de<\/a>.<\/strong><\/p>\n\n\n\n<h4 class=\"wp-block-heading\">Freie Pl\u00e4tze in den Sommerferiencamps \u201eSocial Media-Workshop\u201c und \u201eFilmproduktion\u201c<\/h4>\n\n\n\n<p>In den Sommerferien finden erneut Feriencamps zur Filmproduktion statt. Eines davon mit dem zus\u00e4tzlichen Schwerpunkt Social Media und dem Umgang mit Videos auf YouTube und Instagram. Die Teilnehmerinnen zwischen zw\u00f6lf und 17 Jahren aus Mannheim und der Metropolregion Rhein-Neckar durchlaufen w\u00e4hrend der f\u00fcnf Tage der Feriencamps alle Phasen der klassischen Filmproduktion: Von der Ideenentwicklung und Konzeption \u00fcber das Drehbuch und das Storyboard bis hin zur Produktion und schlie\u00dflich der Filmmontage bringen sie ihre Talente in einem gemeinsamen Projekt zusammen. Die Feriencamps werden von je zwei Medienfachfrauen angeleitet. Vorerfahrungen sind hierf\u00fcr nicht n\u00f6tig.<\/p>\n\n\n\n<p>Bei der Durchf\u00fchrung der Camps richten sich die Veranstalterinnen nach den bis dahin geltenden Hygienevorschriften.<\/p>\n\n\n\n<p>Das erste Feriencamp mit Schwerpunkt Social Media findet in der Woche <strong>vom 3. bis 7. August<\/strong> statt, das zweite Feriencamp <strong>vom 7. bis 11. September, jeweils von 10 bis 16 Uhr, im Jugendkulturzentrum forum, Neckarpromenade 46, in Mannheim. Die Teilnahmegeb\u00fchr betr\u00e4gt 50 Euro<\/strong>.<\/p>\n\n\n\n<h4 class=\"wp-block-heading\">Freie Pl\u00e4tze in individuellen Filmcoachings<\/h4>\n\n\n\n<p>Die Programme in den individuellen Filmcoachings stehen allen M\u00e4dchen und Frauen von zw\u00f6lf bis 27 Jahren aus Mannheim, Baden-W\u00fcrttemberg, Rheinland-Pfalz und Hessen zur Verf\u00fcgung. Sie bieten eine intensive und individuelle Zusammenarbeit mit den Mentorinnen vor Ort, via Online-Kommunikationstools oder Telefon, mit deren professioneller Unterst\u00fctzung und Begleitung Filmideen besprochen und verwirklicht werden k\u00f6nnen. Dies geschieht in Form filmischer Beratung und Begleitung, Unterst\u00fctzung beim Drehbuch, Filmdreh und Schnitt sowie durch Vermittlung von technischem Equipment oder auch einer kompletten Begleitung von der Idee bis zum fertigen Film. Im Rahmen des Mentoringprogramms mit Studentinnen und Absolventinnen der Filmakademie Baden-W\u00fcrttemberg k\u00f6nnen sich erfahrene Filmemacherinnen f\u00fcr eine individuelle Betreuung bewerben.<\/p>\n\n\n\n<p>Diese Angebote sind kostenlos und k\u00f6nnen noch bis zum 14. September in Anspruch genommen werden. <strong>Die Anmeldung ist bis zum 31. Juli m\u00f6glich<\/strong>.<\/p>\n\n\n\n<p><strong>Anmeldungen zu den Filmcoachings und Sommerferiencamps sind nur online m\u00f6glich unter: <a href=\"http:\/\/www.girlsgomovie.de\">www.girlsgomovie.de<\/a>.<\/strong><\/p>\n\n\n\n<p>Das 16. Kurzfilmfestival GIRLS GO MOVIE findet voraussichtlich im CinemaxX Mannheim statt und bietet neben den Filmscreenings, Filmtalks und Diskussionen auch das Berufsorientierungsformat Focus your Job und erm\u00f6glicht einen Erfahrungsaustausch. Entsprechend den bis dahin geltenden Hygienema\u00dfnahmen behalten die Veranstalterinnen sich vor, das Festival mit Rahmenprogramm kurzfristig als Online-Veranstaltung durchzuf\u00fchren. Die aktuellen Informationen werden kurzfristig auf der Homepage sowie den Social-Media-Kan\u00e4len von GIRLS GO MOVIE ver\u00f6ffentlicht.<\/p>\n\n\n\n<div class=\"wp-block-image\"><figure class=\"aligncenter\"><img decoding=\"async\" loading=\"lazy\" width=\"600\" height=\"223\" src=\"https:\/\/speyer24news.com\/wp-content\/uploads\/2020\/07\/GirlsGoMovie.png\" alt=\"\" class=\"wp-image-29256\" srcset=\"https:\/\/speyer24news.com\/wp-content\/uploads\/2020\/07\/GirlsGoMovie.png 600w, https:\/\/speyer24news.com\/wp-content\/uploads\/2020\/07\/GirlsGoMovie-300x112.png 300w\" sizes=\"(max-width: 600px) 100vw, 600px\" \/><\/figure><\/div>\n\n\n\n<h4 class=\"wp-block-heading\">Hintergrund:<\/h4>\n\n\n\n<p>GIRLS GO MOVIE wird vom Stadtjugendring Mannheim e.V. \u2013 Jugendkulturzentrum forum und der Stadt Mannheim, Fachbereich Jugendamt und Gesundheitsamt, Abteilung Jugendf\u00f6rderung, veranstaltet.<br>\nHauptf\u00f6rderer sind die Landesanstalt f\u00fcr Kommunikation Baden-W\u00fcrttemberg (LFK) als Beitrag zur Initiative Kindermedienland, die Filmf\u00f6rderung Baden-W\u00fcrttemberg (MfG), die Stiftung MedienKompetenz Forum S\u00fcdwest (MKFS) sowie das Kulturamt der Stadt Mannheim. Gef\u00f6rdert durch die Stadt Mannheim. Schirmherrinnen sind Daniela Knapp und Daniela K\u00f6tz.<\/p>\n\n\n\n<p><em>Stadt Mannheim<br>18.07.2020<\/em><\/p>\n\n\n\n<h2 class=\"wp-block-heading\">80 neue Kinderbetreuungspl\u00e4tze f\u00fcr den Lindenhof<\/h2>\n\n\n\n<h3 class=\"wp-block-heading\">Fr\u00fchere Container der evangelischen Kirche k\u00f6nnen f\u00fcr Interimsl\u00f6sung auf dem Pfalzplatz genutzt werden \/ Er\u00f6ffnung im Oktober am Luisenpark geplant<\/h3>\n\n\n\n<div class=\"wp-block-image\"><figure class=\"aligncenter\"><img decoding=\"async\" loading=\"lazy\" width=\"800\" height=\"533\" src=\"https:\/\/speyer24news.com\/wp-content\/uploads\/2020\/07\/nursery-2114173_1920.jpg\" alt=\"\" class=\"wp-image-29254\" srcset=\"https:\/\/speyer24news.com\/wp-content\/uploads\/2020\/07\/nursery-2114173_1920.jpg 800w, https:\/\/speyer24news.com\/wp-content\/uploads\/2020\/07\/nursery-2114173_1920-300x200.jpg 300w, https:\/\/speyer24news.com\/wp-content\/uploads\/2020\/07\/nursery-2114173_1920-768x512.jpg 768w\" sizes=\"(max-width: 800px) 100vw, 800px\" \/><\/figure><\/div>\n\n\n\n<p>Der Stadt Mannheim ist es gelungen, in Zusammenarbeit mit der Evangelischen Kirche und der Stadtpark Mannheim gGmbH die M\u00f6glichkeit zu schaffen, ab Mitte Oktober 80 neue Kindergartenpl\u00e4tze f\u00fcr \u00fcber dreij\u00e4hrige Kinder einzurichten. Die Pl\u00e4tze sollen als Interimsl\u00f6sung in freier Tr\u00e4gerschaft bereitgestellt werden. Hierzu plant die Stadtverwaltung, Container am Josef-Bu\u00dfj\u00e4ger-Weg nahe des Luisenparks zu nutzen, die im Sommer kommenden Jahres dann auf den Pfalzplatz im Stadtteil Lindenhof umziehen sollen.<\/p>\n\n\n\n<p>In diesen Containern waren bereits vor\u00fcbergehend die Kinder des evangelischen Christuskindergartens betreut worden, w\u00e4hrend ihre Einrichtung in der Maximilianstra\u00dfe neu gebaut worden war. \u201eDie Stadtverwaltung kann diese Container nun f\u00fcr den kurzfristigen Ausbau der Kindertagesbetreuung in Mannheim anmieten. Damit die Betreuungspl\u00e4tze m\u00f6glichst schnell bereitstehen, soll die Einrichtung zun\u00e4chst im Josef-Bu\u00dfj\u00e4ger-Weg in Betrieb genommen werden. Wir freuen uns, dass es dadurch m\u00f6glich wird, kurzfristig 80 neue Pl\u00e4tze in Mannheim einzurichten\u201c, hebt Familienb\u00fcrgermeister Dirk Grunert hervor.<\/p>\n\n\n\n<p>Bis Sommer 2021 ist dann der Umzug der Container auf den Pfalzplatz im Lindenhof geplant, um sie dort als Interimsl\u00f6sung gem\u00e4\u00df des vom Gemeinderat beschlossenen Ausbaukonzepts zur Kinderbetreuung im Stadtteil zu nutzen. \u00dcber die entsprechende Ma\u00dfnahmengenehmigung entscheidet der Ausschuss f\u00fcr Umwelt und Technik (AUT) am 23.Juli.<\/p>\n\n\n\n<p>Gem\u00e4\u00df des Kita-Ausbauplanes ist im Stadtteil Lindenhof unter anderem vorgesehen, auf dem st\u00e4dtischen Grundst\u00fcck Landteilstra\u00dfe\/Ecke Waldparkstra\u00dfe einen viergruppigen Kindergarten in freier Tr\u00e4gerschaft zu errichten. Mit dem neuen Kindergarten wird ein weiterer Schritt zur besseren Versorgung im Stadtteil mit 80 neuen Pl\u00e4tzen in der Betreuung f\u00fcr Kleinkinder unternommen. Zus\u00e4tzlich ist eine \u201eDrau\u00dfengruppe\u201c geplant. F\u00fcr den Bau der Kita wird im n\u00e4chsten Schritt ein Architektenwettbewerb initiiert.<\/p>\n\n\n\n<p>Zudem sollen 80 neue Kita-Pl\u00e4tze im Gl\u00fcckstein-Quartier entstehen. An zentraler Stelle direkt am Lindenhofplatz gelegen wird die Familienheim Rhein-Neckar e.G. auf dem Grundst\u00fcck der ehemaligen Hauptfeuerwache (Baufeld 12) ein Wohn- und Gesch\u00e4ftsgeb\u00e4ude bauen. Im Erdgeschoss des Geb\u00e4udes ist eine Kita mit zwei Krippen- und drei Kiga-Gruppen geplant. Die Kita wird auf der zur Gl\u00fccksteinallee zugewandten Seite liegen, die r\u00fcckw\u00e4rtige Freifl\u00e4che soll als Au\u00dfenspielbereich der Kita dienen.<\/p>\n\n\n\n<p>Gleichzeitig wurde mit dem Ausbaukonzept auch die langfristige bauliche Entwicklung des Pfalzplatzes f\u00fcr die Kinderbetreuung mit einer siebengruppigen Kita beschlossen, ebenso wie eine \u00dcbergangsl\u00f6sung beispielsweise in Containerbauweise auf dem Pfalzplatz und auf dem Grundst\u00fcck Wilhelm-Leuscher-Stra\u00dfe 10-12. Hier wird derzeit gepr\u00fcft, wie verschiedene Zielsetzungen wie der Erhalt des \u00f6ffentlichen Spielplatzes, Erhalt des Baumbestandes und die Realisierung einer Kinderbetreuungseinrichtung bestm\u00f6glich in Einklang gebracht werden k\u00f6nnen.<\/p>\n\n\n\n<p><em>Stadt Mannheim<br>18.07.2020<\/em><\/p>\n\n\n\n<h2 class=\"wp-block-heading\">10.000 Euro f\u00fcr die besten Gr\u00fcndungsideen: Jetzt f\u00fcr den Mannheimer Existenzgr\u00fcndungspreis MEXI 2021 bewerben<\/h2>\n\n\n\n<div class=\"wp-block-image\"><figure class=\"aligncenter\"><img decoding=\"async\" loading=\"lazy\" width=\"800\" height=\"550\" src=\"https:\/\/speyer24news.com\/wp-content\/uploads\/2020\/07\/MEXI.jpg\" alt=\"\" class=\"wp-image-29253\" srcset=\"https:\/\/speyer24news.com\/wp-content\/uploads\/2020\/07\/MEXI.jpg 800w, https:\/\/speyer24news.com\/wp-content\/uploads\/2020\/07\/MEXI-300x206.jpg 300w, https:\/\/speyer24news.com\/wp-content\/uploads\/2020\/07\/MEXI-768x528.jpg 768w\" sizes=\"(max-width: 800px) 100vw, 800px\" \/><figcaption>Mannheim. 05.11.19| Stadthaus N1. 9. Mannheimer Wirtschaftsforum. &#8222;Eine Stadt in Mobilit\u00e4t&#8220;\n\n-Mannheimer Existenzgru?ndungspreis 2020 Ein weiterer Ho?hepunkt des Abends wird die Preisverleihung des Mannheimer Existenzgru?ndungspreises sein. In den Kategorien Technologie, gesponsert von Roche, dotiert mit 10000 Euro\n\nBild: Markus Prosswitz  05NOV19 \/ Photo-Pro\u00dfwitz &amp; masterpress  (Bild ist honorarpflichtig &#8211; No Model Release!) \nBILD- ID 2 |<\/figcaption><\/figure><\/div>\n\n\n\n<p>Bis zum 31. August k\u00f6nnen sich Unternehmensgr\u00fcnderinnen und -gr\u00fcnder f\u00fcr den Mannheimer Existenzgr\u00fcndungspreis MEXI 2021 in den Kategorien Technologie und Dienstleistungen bewerben. Mit einem Preisgeld in H\u00f6he von 10.000 Euro je Kategorie, das jeweils von Roche sowie der Sparkasse Rhein Neckar Nord gesponsert wird, ist der MEXI der am h\u00f6chsten dotierte regionale Preis f\u00fcr Startups in Deutschland. Dar\u00fcber hinaus k\u00f6nnen sich die MEXI Gewinnerinnen und Gewinner \u00fcber eine ganzseitige Anzeige im Wirtschaftsmagazin Econo, mehreren Publikationen in den Medien der Mannheimer Wirtschaftsf\u00f6rderung sowie die begehrte Preisskulptur freuen. \u201eDie Verleihung des MEXI ist eine unserer Highlight-Aktivit\u00e4ten zur Gr\u00fcndungsf\u00f6rderung\u201c, betont Christiane Ram, Leiterin der Wirtschaftsf\u00f6rderung.<\/p>\n\n\n\n<p>Der MEXI wird im Rahmen des Mannheimer Wirtschaftsforums am 12. November offiziell von Wirtschaftsb\u00fcrgermeister Michael Gr\u00f6tsch verliehen. Schirmherr des Preises ist Oberb\u00fcrgermeister Dr. Peter Kurz.<\/p>\n\n\n\n<p>Voraussetzung zur Bewerbung ist unter anderem eine Gr\u00fcndung nach dem 31.3.2017. Unternehmenssitz muss Mannheim sein.<br>Alle Informationen rund um den MEXI und zum Bewerbungsverfahren gibt\u2019s hier: <a href=\"http:\/\/www.mannheim.de\/mexi\">www.mannheim.de\/mexi<\/a><\/p>\n\n\n\n<p><strong>Weitere Informationen zum Existenzgr\u00fcndungspreis MEXI:<\/strong><br>Matthias Henel<br>Fachbereich f\u00fcr Wirtschafts- und Strukturf\u00f6rderung der Stadt Mannheim<br>Telefon: 0621 293-2154<br>E-Mail: <a href=\"matthias.henel@mannheim.de\">matthias.henel@mannheim.de<\/a>.<\/p>\n\n\n\n<p><em>Text: Stadt Mannheim Foto: Stadt Mannheim \/ Markus Pro\u00dfwitz<br>18.07.2020<\/em><\/p>\n\n\n\n<h2 class=\"wp-block-heading\">Mannheim sucht die Tigerm\u00fccke<\/h2>\n\n\n\n<figure class=\"wp-block-image\"><img decoding=\"async\" loading=\"lazy\" width=\"800\" height=\"530\" src=\"https:\/\/speyer24news.com\/wp-content\/uploads\/2020\/05\/tiger-mosquito-49141_1920-1.jpg\" alt=\"\" class=\"wp-image-26771\" srcset=\"https:\/\/speyer24news.com\/wp-content\/uploads\/2020\/05\/tiger-mosquito-49141_1920-1.jpg 800w, https:\/\/speyer24news.com\/wp-content\/uploads\/2020\/05\/tiger-mosquito-49141_1920-1-300x199.jpg 300w, https:\/\/speyer24news.com\/wp-content\/uploads\/2020\/05\/tiger-mosquito-49141_1920-1-768x509.jpg 768w\" sizes=\"(max-width: 800px) 100vw, 800px\" \/><figcaption>Die asiatische Tigerm\u00fccke<\/figcaption><\/figure>\n\n\n\n<p>Auch in diesem Jahr m\u00f6chte das Gesundheitsamt der Stadt Mannheim alle B\u00fcrger*innen motivieren, sich an der Jagd nach der Asiatischen Tigerm\u00fccke (Aedes Albopictus) zu beteiligen. Um zu verhindern, dass sich die M\u00fccken bei uns ansiedeln, ist es notwendig, schon kleine Populationen zu lokalisieren und einzud\u00e4mmen. In den vergangenen Jahren wurde in der Metropolregion rund um Mannheim bereits eine H\u00e4ufung an Tigerm\u00fccken festgestellt. Es ist daher nicht ausgeschlossen, dass auch in Mannheim bereits Populationen der Asiatischen Tigerm\u00fccke heimisch sind, jedoch wurden bislang noch keine nachgewiesen.<\/p>\n\n\n\n<p>In den vergangenen Jahren hatte die Stadtverwaltung Mannheim dazu aufgerufen, potentielle Asiatische Tigerm\u00fccken pers\u00f6nlich im Fachbereich Jugendamt und Gesundheitsamt in R1, 12 abzugeben oder diese mit der Post zu schicken. Insgesamt wurden dem Gesundheitsamt seit 2016 bisher circa 40 Exemplare verschiedener M\u00fccken- oder anderer Insektenarten zur \u00dcberpr\u00fcfung zugesandt. Dies zeigt ein gro\u00dfes Engagement der Mannheimer*innen. Darunter konnte die Asiatische Tigerm\u00fccke gl\u00fccklicherweise bisher nicht identifiziert werden. Sie kann sehr leicht mit einheimischen M\u00fcckenarten verwechselt werden, vor allem mit der Ringelschnake (Culiseta annulata). Wie die Namen andeuten, sind beide Arten durch Tigerung beziehungsweise Ringelung gekennzeichnet. Im Vergleich ist dies jedoch bei der Tigerm\u00fccke weit ausgepr\u00e4gter. Auch sind Tigerm\u00fccken mit etwa 7 Millimetern wesentlich kleiner als unsere Ringelschnacken. Bei n\u00e4herem Hinsehen wird zudem ein Merkmal erkennbar, das der Tigerm\u00fccke den lateinischen Namen &#8222;albopictus&#8220; einbrachte, was &#8222;der Wei\u00dfgezeichnete&#8220; bedeutet: Die Tiere haben auf der vorderen R\u00fcckenh\u00e4lfte eine deutliche wei\u00dfe Linie, die bei unseren Ringelschnaken v\u00f6llig fehlt.<\/p>\n\n\n\n<div class=\"wp-block-image\"><figure class=\"aligncenter\"><img decoding=\"async\" loading=\"lazy\" width=\"800\" height=\"489\" src=\"https:\/\/speyer24news.com\/wp-content\/uploads\/2020\/05\/mosquito-83639_1920.jpg\" alt=\"\" class=\"wp-image-26772\" srcset=\"https:\/\/speyer24news.com\/wp-content\/uploads\/2020\/05\/mosquito-83639_1920.jpg 800w, https:\/\/speyer24news.com\/wp-content\/uploads\/2020\/05\/mosquito-83639_1920-300x183.jpg 300w, https:\/\/speyer24news.com\/wp-content\/uploads\/2020\/05\/mosquito-83639_1920-768x469.jpg 768w\" sizes=\"(max-width: 800px) 100vw, 800px\" \/><figcaption>Einheimische M\u00fccke<\/figcaption><\/figure><\/div>\n\n\n\n<h4 class=\"wp-block-heading\">Hintergrund<\/h4>\n\n\n\n<p>Die Asiatische Tigerm\u00fccke stammt urspr\u00fcnglich aus S\u00fcdostasien und ist dort eine der h\u00e4ufigsten und am weitesten verbreiteten Stechm\u00fcckenarten. In der j\u00fcngsten Vergangenheit kam es vermehrt zur Einschleppung der Asiatischen Tigerm\u00fccke, etwa durch die Zunahme des internationalen Warenverkehrs, zun\u00e4chst vor allem nach S\u00fcdeuropa \u2013 inzwischen aber auch nach Deutschland.<\/p>\n\n\n\n<h4 class=\"wp-block-heading\">Medizinische Relevanz<\/h4>\n\n\n\n<p>Die Asiatische Tigerm\u00fccke ist aber nicht nur l\u00e4stig, sondern auch eine potenzielle \u00dcbertr\u00e4gerin verschiedener f\u00fcr den Menschen gef\u00e4hrlicher Viren. Sie gilt als \u00dcbertr\u00e4gerin f\u00fcr das Dengue-, das Chikungunya- oder das West-Nil-Virus, vermutet wird auch die \u00dcbertragungsm\u00f6glichkeit weiterer Virusarten, die in Europa bisher nicht vorkommen. In Deutschland ist bisher kein einziger heimisch erworbener Krankheitsfall durch diese Virusarten bekannt, es kam aber in S\u00fcdeuropa, in L\u00e4ndern wie Italien, Spanien oder etwa im S\u00fcden Frankreichs bereits zu vereinzelten Krankheitsausbr\u00fcchen.<\/p>\n\n\n\n<h4 class=\"wp-block-heading\">Brutst\u00e4tten<\/h4>\n\n\n\n<div class=\"wp-block-image\"><figure class=\"aligncenter\"><img decoding=\"async\" loading=\"lazy\" width=\"330\" height=\"322\" src=\"https:\/\/speyer24news.com\/wp-content\/uploads\/2020\/05\/Kabs_logo.jpg\" alt=\"\" class=\"wp-image-26769\" srcset=\"https:\/\/speyer24news.com\/wp-content\/uploads\/2020\/05\/Kabs_logo.jpg 330w, https:\/\/speyer24news.com\/wp-content\/uploads\/2020\/05\/Kabs_logo-300x293.jpg 300w\" sizes=\"(max-width: 330px) 100vw, 330px\" \/><\/figure><\/div>\n\n\n\n<p>Tigerm\u00fccken nutzen kleinste Wasseransammlungen in nat\u00fcrlichen und k\u00fcnstlichen Beh\u00e4ltern wie zum Beispiel Astl\u00f6cher in B\u00e4umen, Regentonnen, Gullys, Blumenvasen und Blumentopfuntersetzer, Vogeltr\u00e4nken, Gebrauchtreifen, verstopfte Dachrinnen und \u00e4hnliches. Es ist daher wichtig, potentielle Brutst\u00e4tten zu beseitigen, indem man beispielsweise Eimer oder Gie\u00dfkannen so lagert, dass sich kein Regenwasser ansammeln kann.<\/p>\n\n\n\n<p>Seit Jahren wird im Bereich der Oberrheinebene durch die Kommunale Aktionsgemeinschaft zur Bek\u00e4mpfung der Schnakenplage (KABS) e.V. das Vorkommen von Stechm\u00fccken beobachtet und die \u201eSchnakenplage\u201c durch umweltvertr\u00e4gliche Ma\u00dfnahmen einged\u00e4mmt. Weitere Informationen zu Tigerm\u00fccken und wie sie eindeutig zu identifizieren sind, finden sich auf der Internetseite der KABS unter: <a href=\"http:\/\/www.kabsev.de\">http:\/\/www.kabsev.de<\/a>.<\/p>\n\n\n\n<p><em>Stadt Mannheim<br>18.07.2020<\/em><\/p>\n\n\n\n<h2 class=\"wp-block-heading\">Jugendliche diskutieren \u00fcber ihre Bed\u00fcrfnisse w\u00e4hrend der Corona-Pandemie \u2013 Austausch mit Bildungsb\u00fcrgermeister Dirk Grunert<\/h2>\n\n\n\n<p>Die Corona-Krise hat den Alltag aller B\u00fcrger*innen ver\u00e4ndert. In der \u00f6ffentlichen Diskussion f\u00fchlen sich jedoch gerade viele junge Menschen zu wenig geh\u00f6rt und wahrgenommen. Der Schulbetrieb und viele Freizeitm\u00f6glichkeiten wurden eingeschr\u00e4nkt, aber in der Wahrnehmung vieler Jugendlicher hat kaum jemand gefragt, wie sich dies auf das Leben junger Menschen auswirkt. Der Mannheimer Jugendbeirat hat sich daher entschlossen, diesem Thema einen gr\u00f6\u00dferen Raum zu geben.<\/p>\n\n\n\n<p>Unter dem Titel \u201eCorona \u2013 Mannheims (un)geh\u00f6rte Jugend\u201c l\u00e4dt der Jugendbeirat interessierte Jugendliche zwischen zehn und 20 Jahren dazu ein, sich Geh\u00f6r zu verschaffen. In drei interaktiven Workshops werden die Themenfelder Bildung und Schule, Freizeit sowie Mobilit\u00e4t, Umwelt und Wirtschaft behandelt, um herauszufinden, was Jugendliche w\u00e4hrend der Corona-Pandemie brauchen oder brauchten und was sie sich f\u00fcr die Zukunft w\u00fcnschen. Die Workshopergebnisse werden dann im Anschluss mit dem Mannheimer B\u00fcrgermeister f\u00fcr Bildung, Jugend und Gesundheit, Dirk Grunert, diskutiert. Der Jugendbeirat wird die Diskussionsergebnisse im Nachgang zu der Veranstaltung in die Verwaltung und Politik einbringen, um sicherzustellen, dass die Anliegen der Jugendlichen Geh\u00f6r finden und entsprechend weiterverfolgt werden.<\/p>\n\n\n\n<p>Die Veranstaltung findet am <strong>Sonntag, den 19. Juli 2020<\/strong>, von 14 bis 18 Uhr im Stadthaus N 1 (Ratssaal) statt. Die Anzahl der Pl\u00e4tze ist Corona-bedingt limitiert; eine Teilnahme ist nur nach vorheriger verbindlicher Online-Anmeldung auf <a href=\"http:\/\/www.68deins.de\">www.68deins.de<\/a> m\u00f6glich.<\/p>\n\n\n\n<h4 class=\"wp-block-heading\">Hintergrund:<\/h4>\n\n\n\n<p>Der Jugendbeirat \u2013 ein Gremium der 68DEINS! Kinder- und Jugendbeteiligung \u2013 vertritt die Interessen von Kindern und Jugendlichen in Mannheim. In den Jugendbeirat sind Jugendliche aus dem Stadtjugendring Mannheim e.V., aus den Mannheimeimer Jugendparteiorganisationen, aus dem Stadtsch\u00fclerrat und aus der offenen Jugendarbeit delegiert. Der Jugendbeirat wird bei seiner Arbeit unterst\u00fctzt durch das 68DEINS! Kinder- und Jugendb\u00fcro und das Bundesprogramm \u201eDemokratie Leben\u201c. Das 68DEINS! Kinder- und Jugendb\u00fcro Mannheim befindet sich in der Tr\u00e4gerschaft des Stadtjugendring Mannheim e.V. sowie der Stadt Mannheim, Fachbereich Jugendamt und Gesundheitsamt sowie Fachbereich Demokratie und Strategie.<\/p>\n\n\n\n<p>Kontakt: Marie Ostwald, 68DEINS! Kinder- und Jugendb\u00fcro, E-Mail: <a href=\"marie.ostwald@sjr-mannheim.de\">marie.ostwald@sjr-mannheim.de<\/a>.<\/p>\n\n\n\n<p><em>Stadt Mannheim<br>18.07.2020<\/em><\/p>\n\n\n\n<h2 class=\"wp-block-heading\">Sieger des Wettbewerbs \u201eBeispielhaftes Bauen Mannheim 2013-2020\u201c stehen fest<\/h2>\n\n\n\n<div class=\"wp-block-image\"><figure class=\"aligncenter\"><img decoding=\"async\" loading=\"lazy\" width=\"800\" height=\"502\" src=\"https:\/\/speyer24news.com\/wp-content\/uploads\/2020\/07\/Beispielhaftes-Bauen-\u00dcbersicht-Sieger-Quast-Mundorff-Pier.jpg\" alt=\"\" class=\"wp-image-29252\" srcset=\"https:\/\/speyer24news.com\/wp-content\/uploads\/2020\/07\/Beispielhaftes-Bauen-\u00dcbersicht-Sieger-Quast-Mundorff-Pier.jpg 800w, https:\/\/speyer24news.com\/wp-content\/uploads\/2020\/07\/Beispielhaftes-Bauen-\u00dcbersicht-Sieger-Quast-Mundorff-Pier-300x188.jpg 300w, https:\/\/speyer24news.com\/wp-content\/uploads\/2020\/07\/Beispielhaftes-Bauen-\u00dcbersicht-Sieger-Quast-Mundorff-Pier-768x482.jpg 768w\" sizes=\"(max-width: 800px) 100vw, 800px\" \/><figcaption>Wettbewerbsergebnisse \u201eBeispielhaftes Bauen in Mannheim\u201c <br><em>Foto: Thomas Troester<\/em><\/figcaption><\/figure><\/div>\n\n\n\n<p>Um die Qualit\u00e4t der bebauten Umwelt zur Diskussion zu stellen, f\u00fchrt die Architektenkammer unter der Schirmherrschaft von Oberb\u00fcrgermeister Dr. Peter Kurz gemeinsam mit der Stadt Mannheim das Auszeichnungsverfahren &#8222;Beispielhaftes Bauen Mannheim 2013-2020&#8220; durch. Das Ziel: gut gestaltete Architektur aus allen Lebensbereichen auffinden und durch das gelungene Beispiel weitere Impulse f\u00fcr die positive Entwicklung der Baukultur in der Stadt Mannheim geben. Nun steht das Ergebnis fest.<\/p>\n\n\n\n<p>Am Dienstag und Mittwoch, den 7. und 8. Juli 2020 beriet eine siebenk\u00f6pfige Jury unter Vorsitz von Prof. J\u00f6rg Aldinger \u00fcber die 57 eingereichten Arbeiten. Die Sachjuroren und -jurorinnen brachten dabei ihre Kompetenz als Stadt-Kenner ein, die ausw\u00e4rtigen Architektinnen und Architekten ihr fachliches Wissen. In einer mehrst\u00fcndigen Schlussberatung am Mittwoch diskutierte die Jury eingehend die besichtigten Objekte und vergab zuletzt 17 Auszeichnungen.<\/p>\n\n\n\n<p>\u201eDie hohe Anzahl der Einreichungen und die sehr gute Qualit\u00e4t der eingereichten Arbeiten, die sich in der weit \u00fcberdurchschnittlichen Anzahl der Auszeichnungen widerspiegelt ist immer auch Werbung f\u00fcr die Stadt und ihre Gesellschaft\u201c, so Baub\u00fcrgermeister Lothar Quast zum Wettbewerb. \u201e\u00dcber alle Projekte hinweg ist beachtlich, dass ein gro\u00dfer Teil der Projekte Ergebnisse von Planungswettbewerben und konkurrierenden Verfahren sind. Hier zahlt sich offensichtlich unsere intensive und kontinuierliche F\u00f6rderung der Baukultur aus\u201c, so Quast weiter.<\/p>\n\n\n\n<p>Das Auszeichnungsverfahren hat insgesamt ein sehr gutes Bild von der Baukultur in der Stadt Mannheim ergeben. \u201eWir haben uns jedoch auf die Suche nach unkonventionell Gebautem begeben mit konzeptioneller Kraft und Zeitbezug. Dabei haben wir 17 Objekte gefunden, die Antwort geben auf die Frage: Was braucht die Gesellschaft?\u201c, sagte Jurysprecher Ren\u00e9 Damian Pier, Landesvorstand der Architektenkammer. \u201eZum Beispiel der Taylor Park, f\u00fcr den die Stadt Mannheim innovativ und mutig Zeichen setzt. Er zeigt wie ein Gewerbegebiet heute biodivers gestaltet und gleichzeitig attraktiver Bewegungsraum f\u00fcr die Bev\u00f6lkerung geschaffen werden kann\u201c, so der Freie Innenarchitekt aus Stuttgart.<\/p>\n\n\n\n<p>Das Spektrum der pr\u00e4mierten Arbeiten reicht vom neugebauten Einfamilienhaus als Nachverdichtung \u00fcber ein saniertes Einfamilienhaus aus den 1960er Jahren, von der Erweiterung der Uhlandschule bis zum neuen Betriebshof auf dem Hauptfriedhof. Unkonventionell sind auch das von Studierenden und Gefl\u00fcchteten gemeinsam gebaute Gemeinschaftshaus, der Umbau eines Bunkers zum MARCHIVUM sowie die Umnutzung eines Kohlekellers im Schloss zu H\u00f6rs\u00e4len der MBS.<\/p>\n\n\n\n<p>Nach 2001, 2007 und 2013 ist es das vierte Auszeichnungsverfahren Beispielhaftes Bauen in Mannheim. Die Feierstunde zur Verleihung von Urkunden und Plaketten an die Preistr\u00e4ger und die Ausstellungser\u00f6ffnung ist f\u00fcr Montag, den 19. Oktober 2020 um 18 Uhr geplant, sofern die dann geltende Corona-Verordnung dies zul\u00e4sst.<\/p>\n\n\n\n<p>Text: <em>Stadt Mannheim Foto: Stadt Mannheim, Thomas Tr\u00f6ster<br>18.07.2020<\/em><\/p>\n\n\n\n<h2 class=\"wp-block-heading\">Europ\u00e4ischer Sozialfonds (ESF): 2021 stehen 610.000 Euro zur St\u00e4rkung des Arbeitsmarktes in Mannheim bereit<\/h2>\n\n\n\n<figure class=\"wp-block-image\"><img decoding=\"async\" src=\"https:\/\/speyer24news.com\/wp-content\/uploads\/2020\/07\/Geld.jpg\" alt=\"\" class=\"wp-image-28915\"\/><\/figure>\n\n\n\n<p>Im Jahr 2021 stehen f\u00fcr Mannheim 610.000 Euro aus Mitteln des Europ\u00e4ischen Sozialfonds (ESF) aus dem regionalen Kontingent des Ministeriums f\u00fcr Soziales und Integration Baden-W\u00fcrttemberg zur Verf\u00fcgung. Die ESF-F\u00f6rderung konzentriert sich auf zwei Ziele:<\/p>\n\n\n\n<ul><li>Verbesserung der Besch\u00e4ftigungsf\u00e4higkeit und der Teilhabechancen von Menschen, die besonders von Armut und Ausgrenzung bedroht sind.<\/li><li>Vermeidung von Schulabbruch und Verbesserung der Ausbildungsf\u00e4higkeit.<\/li><\/ul>\n\n\n\n<p>Wirtschafts- und Sozialb\u00fcrgermeister Michael Gr\u00f6tsch betont: \u201eVor dem Hintergrund der Auswirkungen der Corona-Pandemie auf den Arbeits- und Ausbildungsmarkt wird die Unterst\u00fctzung bestimmter Zielgruppen auf dem Arbeitsmarkt durch den Europ\u00e4ischen Sozialfonds im Jahr 2021 umso wichtiger. Durch den ESF k\u00f6nnen Impulse gesetzt werden, die unsere gemeinsamen Aktivit\u00e4ten mit der Agentur f\u00fcr Arbeit Mannheim, den Kammern, den Beruflichen Schulen und dem Fachbereich Bildung der Stadt Mannheim intensivieren.\u201c<\/p>\n\n\n\n<p>Mit dem Regionalen Arbeitskreis ESF Mannheim wurde die regionale Arbeitsmarktstrategie unter Federf\u00fchrung des Fachbereichs f\u00fcr Wirtschafts- und Strukturf\u00f6rderung f\u00fcr das F\u00f6rderjahr 2021 entwickelt. Der ESF ist das zentrale EU-Finanzierungsinstrument f\u00fcr die Arbeitsmarkt- und Sozialpolitik.<\/p>\n\n\n\n<p>Das Querschnittsziel &#8222;Gleichstellung von Frauen und M\u00e4nnern&#8220; ist f\u00fcr den Arbeitskreis ESF Mannheim von hoher Bedeutung, um gerade auch jungen Frauen und Frauen eine Integration in den Ausbildungs- und Arbeitsmarkt zu erm\u00f6glichen. Mit dem Querschnittsziel \u201eChancengleichheit und Nichtdiskriminierung\u201c wird die Integration verschiedener Zielgruppen nachhaltig unterst\u00fctzt.<\/p>\n\n\n\n<p>N\u00e4here Informationen und die Arbeitsmarktstrategie erhalten Bildungseinrichtungen und Besch\u00e4ftigungstr\u00e4ger, die f\u00fcr eines der beiden spezifischen Ziele Ideen f\u00fcr Projekte haben, bei der Gesch\u00e4ftsf\u00fchrung des Arbeitskreises ESF beim Fachbereich f\u00fcr Wirtschafts- und Strukturf\u00f6rderung der Stadt Mannheim (Telefon: 0621 \/ 293-2049 oder 293-3355, E-Mail: Harald.Pfeiffer@mannheim.de oder Rolf.Schaefer@mannheim.de ) oder auf der Internetseite www.mannheim.de\/europaeischer-sozialfonds.<\/p>\n\n\n\n<p>Weitere wichtige Hinweise zum Europ\u00e4ischen Sozialfonds sind auf der ESF-Internetseite des Landes Baden-W\u00fcrttemberg www.esf-bw.de verf\u00fcgbar.<\/p>\n\n\n\n<p><em>Stadt Mannheim<br>18.07.2020<\/em><\/p>\n\n\n\n<h2 class=\"wp-block-heading\">Sommerferien-Programm der Stadtbibliothek Mannheim<\/h2>\n\n\n\n<div class=\"wp-block-image\"><figure class=\"aligncenter\"><img decoding=\"async\" loading=\"lazy\" width=\"800\" height=\"274\" src=\"https:\/\/speyer24news.com\/wp-content\/uploads\/2020\/07\/Stadtbibliothek-Mannheim.png\" alt=\"\" class=\"wp-image-29251\" srcset=\"https:\/\/speyer24news.com\/wp-content\/uploads\/2020\/07\/Stadtbibliothek-Mannheim.png 800w, https:\/\/speyer24news.com\/wp-content\/uploads\/2020\/07\/Stadtbibliothek-Mannheim-300x103.png 300w, https:\/\/speyer24news.com\/wp-content\/uploads\/2020\/07\/Stadtbibliothek-Mannheim-768x263.png 768w\" sizes=\"(max-width: 800px) 100vw, 800px\" \/><\/figure><\/div>\n\n\n\n<p>F\u00fcr alle Kinder und Jugendlichen, die nicht oder nicht w\u00e4hrend der ganzen Ferien verreist sind, bietet die Stadtbibliothek Mannheim auch in diesem Jahr wieder zahlreiche Aktionen an. Drei Wochen lang gibt es unter dem Motto \u201eNeckargeist trifft Rapunzel\u201c zw\u00f6lf verschiedene M\u00e4rchen-Werkst\u00e4tten. Es werden Trickfilme gedreht, H\u00f6rspiele aufgenommen, ein M\u00e4rchen-Automat gebaut und noch vieles mehr. Die M\u00e4rchen-Veranstaltungen finden im Rahmen des Kinder- und Jugendliteratursommers Baden-W\u00fcrttemberg statt und werden von der Baden-W\u00fcrttemberg Stiftung gef\u00f6rdert.<\/p>\n\n\n\n<p>F\u00fcr alle, die sich lieber im virtuellen Raum treffen, gibt es f\u00fcr Eltern und Kinder weitere Termine der beliebten \u201eFlitzeb\u00fccher &#8211; Musik und Bewegung mit Coccinelli\u201c. Und Illustratorinnen aus der Metropolregion Rhein-Neckar fertigen im \u201eZeichenwerk digital\u201c Wimmelbilder nach Vorschl\u00e4gen von Kindern an, die hinterher ausgedruckt und ausgemalt werden k\u00f6nnen.<\/p>\n\n\n\n<p>Auch die Fragen zu Kinder- und Jugendromanen im Sommerleseclub werden in diesem Jahr \u00fcber eine Internetseite beantwortet. Live treffen kann man dagegen die Fahrradbibliothek FaBio dienstags im Luisenpark und mittwochs im Herzogenriedpark, jeweils zwischen 14 und 17 Uhr.<\/p>\n\n\n\n<p>Alle Informationen zu Angeboten und \u00d6ffnungszeiten gibt es auf der Homepage: <a href=\"http:\/\/www.stadtbibliothek.mannheim.de\">www.stadtbibliothek.mannheim.de<\/a><\/p>\n\n\n\n<p><em>Stadt Mannheim<br>18.07.2020<\/em><\/p>\n\n\n\n<h2 class=\"wp-block-heading\">\u00d6ffnungszeiten der Stadtbibliothek Mannheim in den Sommerferien<\/h2>\n\n\n\n<figure class=\"wp-block-image\"><img decoding=\"async\" src=\"https:\/\/speyer24news.com\/wp-content\/uploads\/2020\/07\/B\u00fccher.jpg\" alt=\"\" class=\"wp-image-29142\"\/><\/figure>\n\n\n\n<p>Die <strong>Zentralbibliothek im Stadthaus in N1<\/strong> beh\u00e4lt in den Sommerferien ihre regul\u00e4ren \u00d6ffnungszeiten (Dienstag bis Freitag von 10 bis 19 Uhr und Samstag von 10 bis 15 Uhr) unver\u00e4ndert bei.<\/p>\n\n\n\n<p>Die <strong>Kinder- und Jugendbibliothek im Dalberghaus, N 3, 4,<\/strong> ist vom 28. Juli bis zum 1. August dienstags bis freitags von 11 bis 18 Uhr und samstags von 10 bis 14 Uhr ge\u00f6ffnet. Den ganzen August \u00fcber \u00f6ffnet die Kinder- und Jugendbibliothek dann dienstags von 10 bis 18 Uhr und mittwochs bis freitags von 10 bis 15 Uhr. Samstags bleibt die Bibliothek geschlossen.<\/p>\n\n\n\n<p>Die<strong> Musikbibliothek im Dalberghaus, N 3, 4,<\/strong> hat vom 28. Juli bis zum 1. August zu folgenden Zeiten ge\u00f6ffnet: Dienstag, Mittwoch 13 bis 18 Uhr sowie Donnerstag und Freitag 11 bis 18 Uhr. Der 1. August ist auch der erste Samstag im Monat, so dass die Bibliothek an diesem Tag f\u00fcr die Besucher*innen von 10 bis 14 Uhr regul\u00e4r ge\u00f6ffnet wird. Im August ist die Musikbibliothek von Dienstag bis Freitag zwischen 15 und 18 Uhr zu erreichen.<\/p>\n\n\n\n<p>Ab dem 1. September gelten dann f\u00fcr beide Bibliotheken im Dalberghaus wieder folgende \u00d6ffnungszeiten: Dienstag bis Donnerstag 13 bis 18 Uhr sowie Freitag 11 bis 18 Uhr. Am Samstag, 5.September, \u00f6ffnen beide Bibliotheken von 10 bis 14 Uhr. Am Samstag, 12. September, ist nur die Kinder- und Jugendbibliothek zwischen 10 und 14 Uhr ge\u00f6ffnet.<\/p>\n\n\n\n<p>F\u00fcr die Bibliotheken Neckarstadt-West und Herzogenried mit Mobiler Bibliothek gelten folgende Zeiten:<\/p>\n\n\n\n<p><strong>Neckarstadt-West: <\/strong>3. bis 14. August geschlossen. Ab dem 17. August ist die Bibliothek wieder regul\u00e4r ge\u00f6ffnet (Dienstag 10 bis 12 Uhr und 13 bis 16 Uhr, Mittwoch 10 bis 13 Uhr und Donnerstag 13 bis 18 Uhr).<\/p>\n\n\n\n<p><strong>Die Zweigstelle Herzogenried<\/strong> beginnt am 3. August mit den Ferien\u00f6ffnungszeiten f\u00fcr die Dauer der gesamten Sommerferien: Montag 14 bis 18 Uhr, Dienstag geschlossen, Mittwoch bis Freitag 9 bis 13 Uhr.<\/p>\n\n\n\n<p>Angegliedert an die Zweigstelle Herzogenried ist <strong>die Mobile Bibliothek<\/strong> \u2013 der B\u00fccherbus. Dieser f\u00e4hrt mit einem gesonderten Corona-Fahrplan und bleibt ab dem 3. August bis zum Ferienende im Depot. Ausnahmen an folgenden Tagen: Dienstag, 18. August, Gartenstadt, Alfred-Delp-Schule von 13.30 bis 15 Uhr. Am Mittwoch, 19. August beginnt die Tour mit der Haltestelle in Rheinau-S\u00fcd am Marktplatz von 10 bis 11.30 Uhr. Weiter geht es mit Neuhermsheim am Gerd-Dehof-Platz von 12.30 bis 14 Uhr. Die Tour endet auf dem Lindenhof, Meer\u00e4ckerplatz, von 14.30 bis 16 Uhr. Am Donnerstag, 20. August, wird die Haltestelle Franklin (vor dem Boulderhaus) von 13.30 bis 15 Uhr angefahren.<\/p>\n\n\n\n<p>Leider ist es nicht m\u00f6glich, den Bus zu betreten. Es k\u00f6nnen Medien nur kontaktlos abgegeben und bestellte Medien abgeholt werden.<\/p>\n\n\n\n<p><strong>Die Zweigstelle Sch\u00f6nau<\/strong> ist nach einem Brandschaden und dem daraus resultierenden Wiederaufbau geschlossen.<\/p>\n\n\n\n<p>Die Zweigstellen Sandhofen und K\u00e4fertal stehen Besucher*innen zu folgenden Zeiten offen:<br>In <strong>Sandhofen <\/strong>beginnt die Ferienzeit am 3. August mit den Sommer-\u00d6ffnungszeiten: Montag 13 bis 16 Uhr, Dienstag und Donnerstag 10 bis 12 Uhr und 13 bis 16 Uhr. Geschlossen ist vom 24. August bis zum 11. September.<\/p>\n\n\n\n<p>In <strong>K\u00e4fertal <\/strong>macht die Zweigstelle vom 17. August bis zum 11. September eine Pause. In den Wochen vom 27. Juli bis zum 14. August und vom 7. bis zum 11. September gelten folgende \u00d6ffnungszeiten: Montag 14 bis 16 Uhr, Dienstag 10 bis 12 Uhr, Mittwoch 14 bis 18 Uhr und Freitag 10 bis 12 Uhr.<\/p>\n\n\n\n<p><strong>Friedrichsfeld <\/strong>macht eine dreiw\u00f6chige Sommerpause vom 17. August bis zum 4. September. In der restlichen Zeit steht die Bibliothek nur mit Terminvereinbarung per Mail an <a href=\"stadtbibliothek.friedrichsfeld@mannheim.de\">stadtbibliothek.friedrichsfeld@mannheim.de<\/a> oder telefonisch unter 0621\/47 32 29 zur Verf\u00fcgung.<\/p>\n\n\n\n<p>In <strong>Seckenheim <\/strong>bleiben die Bibliothekst\u00fcren in den Ferien vom 3. bis zum 21. August geschlossen. In den \u00fcbrigen Ferienwochen ist die Zweigstelle zu ihren regul\u00e4ren Zeiten ge\u00f6ffnet: Montag 14 bis 18 Uhr, Mittwoch 10 bis 12 Uhr und 15 bis 17 Uhr, Donnerstag 14 bis 18 Uhr und am ersten Samstag im Monat 11 bis 13 Uhr.<\/p>\n\n\n\n<p><strong>Die Zweigstelle Neckarau<\/strong> kann man w\u00e4hrend der gesamten Ferien besuchen und sich mit Lesefutter eindecken. Vom 3. August bis zum 11. September gelten folgende Ferien\u00f6ffnungszeiten: Montag, Dienstag, Mittwoch von 10 bis 12 Uhr und 13 bis 16 Uhr und Freitag 9 bis 14 Uhr.<\/p>\n\n\n\n<p>Auch die kombinierten Schul- und \u00d6ffentlichen Bibliotheken in Feudenheim, Rheinau und Vogelstang bieten w\u00e4hrend der Ferien zu teilweise unterschiedlichen Zeiten ihren Service an.<\/p>\n\n\n\n<p>In <strong>Feudenheim <\/strong>gelten in der Woche vom 27. Juli bis 1. August folgende Zeiten: Montag 14.30 bis 18 Uhr, Dienstag und Donnerstag 11 bis 13.30 Uhr und 14.30 bis 17 Uhr, Freitag 11 bis 13 Uhr. Geschlossen ist die Bibliothek in der Zeit vom 17. August bis einschlie\u00dflich 4. September. In den Ferienwochen ab dem 3. August, vor und nach der Schlie\u00dfungszeit, sind die T\u00fcren zu folgenden Zeiten f\u00fcr das Publikum ge\u00f6ffnet: Montag, Dienstag, Donnerstag 10.30 bis 13 Uhr und 14 bis 16 Uhr, Freitag 10.30 bis 13 Uhr.<\/p>\n\n\n\n<p><strong>Die Zweigstelle Rheinau<\/strong> \u00e4ndert ihre Zeiten nicht und bleibt f\u00fcr Leser*innen zu den gewohnten Zeiten den ganzen Sommer \u00fcber erreichbar: Montag, Dienstag 13 bis 19 Uhr, Mittwoch, Donnerstag 10 bis 17 Uhr.<\/p>\n\n\n\n<p><strong>Die Zweigstelle Vogelstang<\/strong> ist vom 24. August bis 4. September zu folgenden Zeiten ge\u00f6ffnet: Montag, Mittwoch, Donnerstag und Freitag 9 bis 13 Uhr. Vom 30. Juli bis 21. August und vom 7. bis 11. September ist die Zweigstelle geschlossen.<\/p>\n\n\n\n<h4 class=\"wp-block-heading\">Es gelten in der gesamten Stadtbibliothek Mannheim weiterhin Maskenpflicht und Abstandsregelung.<\/h4>\n\n\n\n<p>Aktuelle \u00c4nderungen der \u00d6ffnungszeiten und weitere Informationen gibt\u2019s unter <a href=\"http:\/\/www.stadtbibliothek.mannheim.de\">www.stadtbibliothek.mannheim.de<\/a>.<\/p>\n\n\n\n<p><em>Stadt Mannheim<br>18.07.2020<\/em><\/p>\n\n\n\n<h2 class=\"wp-block-heading\">120 Schulranzen f\u00fcr Schulanf\u00e4nger<\/h2>\n\n\n\n<h3 class=\"wp-block-heading\">Kiwanis-Club unterst\u00fctzt Kinder f\u00fcr einen guten Schulstart<\/h3>\n\n\n\n<div class=\"wp-block-image\"><figure class=\"aligncenter\"><img decoding=\"async\" loading=\"lazy\" width=\"800\" height=\"533\" src=\"https:\/\/speyer24news.com\/wp-content\/uploads\/2020\/07\/IMG_8122-schulranzen1.jpg\" alt=\"\" class=\"wp-image-29248\" srcset=\"https:\/\/speyer24news.com\/wp-content\/uploads\/2020\/07\/IMG_8122-schulranzen1.jpg 800w, https:\/\/speyer24news.com\/wp-content\/uploads\/2020\/07\/IMG_8122-schulranzen1-300x200.jpg 300w, https:\/\/speyer24news.com\/wp-content\/uploads\/2020\/07\/IMG_8122-schulranzen1-768x512.jpg 768w\" sizes=\"(max-width: 800px) 100vw, 800px\" \/><\/figure><\/div>\n\n\n\n<p>Im nunmehr elften Jahr in Folge engagiert sich der Service-Club \u201eKiwanis Mannheim-Kurpfalz\u201c, um k\u00fcnftigen ABC-Sch\u00fctzen mit der Spende von Schulranzen-Sets einen guten Schulstart zu erm\u00f6glichen. Auch in diesem Jahr werden wieder 120 Sets an die Schulanf\u00e4nger*innen der st\u00e4dtischen Kindertagesst\u00e4tten gespendet.<\/p>\n\n\n\n<p>Da in diesem Jahr aufgrund der aktuellen Hygienevorgaben allerdings nicht alle Kinder ihre Ranzen pers\u00f6nlich entgegennehmen k\u00f6nnen, haben sich die Spender von Kiwanis und der Fachbereich Kindertagesst\u00e4tten darauf verst\u00e4ndigt, die Ranzen in einem kleinen aber feinen Rahmen zehn Kindern aus dem Kinderhaus K2 stellvertretend f\u00fcr alle anderen Kinder zu \u00fcbergeben. Bildungsb\u00fcrgermeister Dirk Grunert nahm die Spende im Namen der Stadt f\u00fcr die Kinder der st\u00e4dtischen Kindertageseinrichtungen in Empfang.<\/p>\n\n\n\n<p>\u201eF\u00fcr alle Kinder in Mannheim unabh\u00e4ngig von ihrer Herkunft gleiche Bildungs- und Entwicklungschancen zu schaffen, ist der Stadt Mannheim und mir pers\u00f6nlich ein grundlegendes Anliegen. Die heutige Schulranzen-\u00dcbergabe an die hierf\u00fcr ausgew\u00e4hlten Kinder mit entsprechenden Unterst\u00fctzungsbedarf dient dazu, diesen einen \u201agleichwertigen\u2018 Schulstart erm\u00f6glichen. So ist gew\u00e4hrleistet, dass die Kinder mit einer guten Erstausstattung auch einen guten Schulstart haben k\u00f6nnen\u201c, betonte der B\u00fcrgermeister.<\/p>\n\n\n\n<p>Die qualitativ sehr guten Ranzen sind ausgestattet mit einem M\u00e4ppchen, einem Brust- und einem Turnbeutel.<\/p>\n\n\n\n<p>&#8222;Kiwanis ist die zweitgr\u00f6\u00dfte Kinderhiflsorganisation der Welt und wir hier in Mannheim engagieren uns f\u00fcr Kinder in unserer Region. Wir danken unseren Spendern, die anstatt an Weihnachtsgeschenke an die Kinder denken, wir danken vielen ehrenamtlichen Helfern, die uns bei Aktionen unterst\u00fctzen, die Gelder daf\u00fcr anzusammeln und hoffen, dass wir auch in Zukunft gen\u00fcgend Helfer daf\u00fcr finden. Wir suchen gerade jetzt in der Krise junge Mitstreiter f\u00fcr unseren Club&#8220;, sagte der Pr\u00e4sidenten des F\u00f6rdervereins, Herbert Siebert.<\/p>\n\n\n\n<div class=\"wp-block-image\"><figure class=\"aligncenter\"><img decoding=\"async\" loading=\"lazy\" width=\"800\" height=\"600\" src=\"https:\/\/speyer24news.com\/wp-content\/uploads\/2020\/07\/kiwanis.jpg\" alt=\"\" class=\"wp-image-29249\" srcset=\"https:\/\/speyer24news.com\/wp-content\/uploads\/2020\/07\/kiwanis.jpg 800w, https:\/\/speyer24news.com\/wp-content\/uploads\/2020\/07\/kiwanis-300x225.jpg 300w, https:\/\/speyer24news.com\/wp-content\/uploads\/2020\/07\/kiwanis-768x576.jpg 768w, https:\/\/speyer24news.com\/wp-content\/uploads\/2020\/07\/kiwanis-678x509.jpg 678w, https:\/\/speyer24news.com\/wp-content\/uploads\/2020\/07\/kiwanis-326x245.jpg 326w, https:\/\/speyer24news.com\/wp-content\/uploads\/2020\/07\/kiwanis-80x60.jpg 80w\" sizes=\"(max-width: 800px) 100vw, 800px\" \/><\/figure><\/div>\n\n\n\n<p>Gro\u00dfe Freude herrschte bei den Kindern, die zusammen mit ihren Eltern und den Erzieher*innen der Einrichtung in K2 gekommen waren, um die Geschenke aus den H\u00e4nden der Spender stellvertretend f\u00fcr alle anderen Kinder in Empfang zu nehmen.<\/p>\n\n\n\n<p>Der B\u00fcrgermeister dankte dem Pr\u00e4sidenten Gerd Reinwald und Vice Petra W\u00fcste sowie dem Pr\u00e4sidenten des F\u00f6rdervereins Herbert Siebert und allen Mitgliedern des Clubs f\u00fcr ihr hohes Engagement und die seit mehr als einem Jahrzehnt w\u00e4hrende Kontinuit\u00e4t der Hilfe: \u201eIch danke den Spender*innen herzlich daf\u00fcr, dass sie die Menschen im Blick haben und wertsch\u00e4tzen, die Unterst\u00fctzung im Sinne der Chancengleichheit f\u00fcr ihre Kinder ben\u00f6tigen\u201c, hob er hervor. Mit der Ma\u00dfnahme wird den Kindern eine Sachspende im Wert von zirka 20.000 Euro \u00fcbergeben.<\/p>\n\n\n\n<p>Zus\u00e4tzlich gesunde Ern\u00e4hrung unterst\u00fctzt: \u201eVitamine f\u00fcr die Kinder Mannheims\u201c<\/p>\n\n\n\n<p>Zus\u00e4tzlich spendete der Serviceclub eine Summe von 2000 Euro f\u00fcr das Projekt \u201eVitamine f\u00fcr die Kinder Mannheims\u201c. Diese Summe wird auf st\u00e4dtische Tageseinrichtungen f\u00fcr Kinder aufgeteilt, die sich in Stadtteilen mit besonderen sozialstrukturellen und \u00f6konomischen Herausforderungen befinden. \u201eGenau dort kommt dieses Projekt in seiner finanziellen Dimension bestens an und hilft den Kinder in unseren Einrichtungen bei einer gesunden und n\u00e4hrstoffreichen Lebensweise\u201c, so der Gesundheitsb\u00fcrgermeister.<\/p>\n\n\n\n<figure class=\"wp-block-image\"><img decoding=\"async\" loading=\"lazy\" width=\"800\" height=\"533\" src=\"https:\/\/speyer24news.com\/wp-content\/uploads\/2020\/07\/IMG_8115-schulranzen5.jpg\" alt=\"\" class=\"wp-image-29250\" srcset=\"https:\/\/speyer24news.com\/wp-content\/uploads\/2020\/07\/IMG_8115-schulranzen5.jpg 800w, https:\/\/speyer24news.com\/wp-content\/uploads\/2020\/07\/IMG_8115-schulranzen5-300x200.jpg 300w, https:\/\/speyer24news.com\/wp-content\/uploads\/2020\/07\/IMG_8115-schulranzen5-768x512.jpg 768w\" sizes=\"(max-width: 800px) 100vw, 800px\" \/><\/figure>\n\n\n\n<p>Bereits seit 2012 unterst\u00fctzt Kiwanis die gesunde Ern\u00e4hrung in den Tageseinrichtungen und konnte sich durch Besuche in den Kinderg\u00e4rten selbst davon \u00fcberzeugen, dass die Spende zielgerichtet ankommt. Diese Spende erm\u00f6glicht mit den Kindern gemeinsam zusammengestellte gesunde Fr\u00fchst\u00fccksbuffets, Besuche und Eink\u00e4ufe auf dem Mannheimer Wochenmarkt und auf Feldern und Bauernh\u00f6fen. Mit der &#8222;Vitamine-Unterst\u00fctzung&#8220; k\u00f6nnen die bisherigen guten Ma\u00dfnahmen in diesem Bereich fortgesetzt werden.<\/p>\n\n\n\n<p>Die Kinder, die neben dem Eltern-Kind-Zentrum K2 in den Einrichtungen ihre Schulranzensets erhalten, kommen aus den folgenden Einrichtungen: Insgesamt werden 120 Kinder aus 15 Einrichtungen bedacht.<\/p>\n\n\n\n<ul><li> Kinderhaus Am Park<\/li><li> Eltern-Kind-Zentrum Elfenstra\u00dfe<\/li><li> Kindergarten Erlenhof<\/li><li> Kindergarten Gryphiusweg<\/li><li> Kinderhaus Herzogenried<\/li><li> Kindergarten Johann-Sch\u00fctte-Stra\u00dfe<\/li><li> Kinderhaus Kerschensteiner<\/li><li> Kinderhaus Kleine Riedstra\u00dfe<\/li><li> Kinderhaus Neckarstadt-West<\/li><li> Kinderhaus Neckarufer<\/li><li> Kindergarten M2<\/li><li> Kinderhaus Sickinger<\/li><li> Eltern-Kind-Zentrum Ulmenweg<\/li><li> Kindergarten Weylstra\u00dfe<\/li><\/ul>\n\n\n\n<p><em>Stadt Mannheim<br>18.07.2020<\/em><\/p>\n","protected":false},"excerpt":{"rendered":"<div class=\"mh-excerpt\"><p>Abschluss der Reparaturarbeiten an der Walter-Pahl-Br\u00fccke in Mannheim-Waldhof Die Walter-Pahl-Br\u00fccke, die durch einen LKW-Unfall im Sommer 2019 erheblich besch\u00e4digt wurde, ist nach Abschluss der Reparaturarbeiten wieder vollst\u00e4ndig funktionst\u00fcchtig. Die Verkehrssicherung und die damit verbundene Sperrung <a class=\"mh-excerpt-more\" href=\"https:\/\/speyer24news.com\/?p=29247\" title=\"Mannheim\">[&#8230;]<\/a><\/p>\n<\/div>","protected":false},"author":3,"featured_media":0,"comment_status":"open","ping_status":"open","sticky":false,"template":"","format":"standard","meta":{"_monsterinsights_skip_tracking":false,"_monsterinsights_sitenote_active":false,"_monsterinsights_sitenote_note":"","_monsterinsights_sitenote_category":0,"footnotes":""},"categories":[6753],"tags":[8047,8045,8046,8043,8040,8041,8042,8052,56,8051,8050,8048,8039,6737,8044,8038],"aioseo_notices":[],"amp_enabled":true,"_links":{"self":[{"href":"https:\/\/speyer24news.com\/index.php?rest_route=\/wp\/v2\/posts\/29247"}],"collection":[{"href":"https:\/\/speyer24news.com\/index.php?rest_route=\/wp\/v2\/posts"}],"about":[{"href":"https:\/\/speyer24news.com\/index.php?rest_route=\/wp\/v2\/types\/post"}],"author":[{"embeddable":true,"href":"https:\/\/speyer24news.com\/index.php?rest_route=\/wp\/v2\/users\/3"}],"replies":[{"embeddable":true,"href":"https:\/\/speyer24news.com\/index.php?rest_route=%2Fwp%2Fv2%2Fcomments&post=29247"}],"version-history":[{"count":1,"href":"https:\/\/speyer24news.com\/index.php?rest_route=\/wp\/v2\/posts\/29247\/revisions"}],"predecessor-version":[{"id":29257,"href":"https:\/\/speyer24news.com\/index.php?rest_route=\/wp\/v2\/posts\/29247\/revisions\/29257"}],"wp:attachment":[{"href":"https:\/\/speyer24news.com\/index.php?rest_route=%2Fwp%2Fv2%2Fmedia&parent=29247"}],"wp:term":[{"taxonomy":"category","embeddable":true,"href":"https:\/\/speyer24news.com\/index.php?rest_route=%2Fwp%2Fv2%2Fcategories&post=29247"},{"taxonomy":"post_tag","embeddable":true,"href":"https:\/\/speyer24news.com\/index.php?rest_route=%2Fwp%2Fv2%2Ftags&post=29247"}],"curies":[{"name":"wp","href":"https:\/\/api.w.org\/{rel}","templated":true}]}}