{"id":29317,"date":"2020-07-19T09:24:45","date_gmt":"2020-07-19T08:24:45","guid":{"rendered":"https:\/\/speyer24news.com\/?p=29317"},"modified":"2020-07-19T09:24:45","modified_gmt":"2020-07-19T08:24:45","slug":"speyer-35","status":"publish","type":"post","link":"https:\/\/speyer24news.com\/?p=29317","title":{"rendered":"Speyer"},"content":{"rendered":"<style type=\"text\/css\">\r\n\t.ads_top_disp{}\r\n\t.ads_top_corner_disp{ float:left; margin:0px 10px 10px 0px; }\r\n\t.ads_first_p_disp{}\r\n\t.ads_bottom_disp{}\r\n\t<\/style>\n<h2 class=\"wp-block-heading\"><strong>Stadt erl\u00e4sst Freisitzgeb\u00fchren bis Saisonende \u2013 Wochenmarkt bleibt auf Festplatz<\/strong><\/h2>\n\n\n\n<div class=\"wp-block-image\"><figure class=\"aligncenter\"><img decoding=\"async\" loading=\"lazy\" width=\"500\" height=\"628\" src=\"https:\/\/speyer24news.com\/wp-content\/uploads\/2020\/06\/200612_OBin-Stefanie-Seiler-und-Thor-Theile.jpg\" alt=\"\" class=\"wp-image-27933\" srcset=\"https:\/\/speyer24news.com\/wp-content\/uploads\/2020\/06\/200612_OBin-Stefanie-Seiler-und-Thor-Theile.jpg 500w, https:\/\/speyer24news.com\/wp-content\/uploads\/2020\/06\/200612_OBin-Stefanie-Seiler-und-Thor-Theile-239x300.jpg 239w\" sizes=\"(max-width: 500px) 100vw, 500px\" \/><\/figure><\/div>\n\n\n\n<p>Die Stadt Speyer wird die \u00f6rtliche Gastronomie weiter entlasten und bis zum Saisonende auf die Freisitzgeb\u00fchren verzichten. Die kostenfreie Erweiterung der Freisitze wird bis zum 30. September 2020 verl\u00e4ngert. Um die Besucherstr\u00f6me besonders an den Samstagen zu regulieren und die Einhaltung des Mindestabstandes gew\u00e4hrleisten zu k\u00f6nnen, wird zudem der Wochenmarkt vorerst bis zum Jahresende auf dem Festplatz bleiben.<\/p>\n\n\n\n<p>\u201eDie Gastronomie kann nach wie vor nicht die Ums\u00e4tze erzielen, die sonst zu dieser Jahreszeit \u00fcblich sind. Aus diesem Grund haben wir uns entschieden, den Gastronominnen und Gastronomen unserer Stadt mit dem Erlass der Freisitzgeb\u00fchren und der Verl\u00e4ngerung der ebenfalls kostenfreien Erweiterung entgegen zu kommen und ihnen zumindest etwas unter die Arme zu greifen\u201c, erkl\u00e4rt Oberb\u00fcrgermeisterin Stefanie Seiler. Zus\u00e4tzlich profitieren die Betriebe von der zweiten Landesverordnung zur \u00c4nderung der zehnten Corona-Bek\u00e4mpfungsverordnung, die seit dem 15. Juli 2020 gilt und einen Ausschank und Aufenthalt im Thekenbereich erm\u00f6glicht. Die entsprechenden aktualisierten Hygiene- und Schutzma\u00dfnahmen f\u00fcr Gastronomie und Beherbergungsbetriebe sind dieser Meldung als Anhang beigef\u00fcgt.<\/p>\n\n\n\n<div class=\"wp-block-image\"><figure class=\"aligncenter\"><img decoding=\"async\" src=\"https:\/\/speyer24news.com\/wp-content\/uploads\/2020\/07\/Wochenmarkt.jpg\" alt=\"\" class=\"wp-image-29318\"\/><\/figure><\/div>\n\n\n\n<p>Vorerst auf dem Festplatz bleiben wird der Wochenmarkt am Samstag. \u201eWir wissen, wie sehr die Speyererinnen und Speyerer ihren Markt auf dem K\u00f6nigsplatz m\u00f6gen. Die \u00f6rtlichen Gegebenheiten machen eine R\u00fcckverlegung unter Einhaltung der notwendigen Hygiene- und Abstandsregelungen aber weiterhin nicht m\u00f6glich\u201c, so die Stadtchefin. Um die Einhaltung des Mindestabstandes zwischen den St\u00e4nden und auch bei Warteschlangen zu gew\u00e4hrleisten, wird die Verlegung des Wochenmarktes auf den Festplatz daher bis zum Jahresende verl\u00e4ngert. Besucher*innen und Beschicker*innen k\u00f6nnen wie gehabt w\u00e4hrend der \u00fcblichen Markzeiten kostenlos auf dem Festplatz parken. Eine R\u00fcckverlegung auf den K\u00f6nigsplatz wird mit Blick auf das Infektionsgeschehen im Herbst im Verwaltungsstab beraten.<\/p>\n\n\n\n<p><em>Stadtverwaltung Speyer<br>19.07.2020<\/em><\/p>\n","protected":false},"excerpt":{"rendered":"<div class=\"mh-excerpt\"><p>Stadt erl\u00e4sst Freisitzgeb\u00fchren bis Saisonende \u2013 Wochenmarkt bleibt auf Festplatz Die Stadt Speyer wird die \u00f6rtliche Gastronomie weiter entlasten und bis zum Saisonende auf die Freisitzgeb\u00fchren verzichten. Die kostenfreie Erweiterung der Freisitze wird bis zum <a class=\"mh-excerpt-more\" href=\"https:\/\/speyer24news.com\/?p=29317\" title=\"Speyer\">[&#8230;]<\/a><\/p>\n<\/div>","protected":false},"author":3,"featured_media":23902,"comment_status":"open","ping_status":"open","sticky":false,"template":"","format":"standard","meta":{"_monsterinsights_skip_tracking":false,"_monsterinsights_sitenote_active":false,"_monsterinsights_sitenote_note":"","_monsterinsights_sitenote_category":0,"footnotes":""},"categories":[9],"tags":[6940,6359,6358,7387,6891,6,8085,46],"aioseo_notices":[],"amp_enabled":true,"_links":{"self":[{"href":"https:\/\/speyer24news.com\/index.php?rest_route=\/wp\/v2\/posts\/29317"}],"collection":[{"href":"https:\/\/speyer24news.com\/index.php?rest_route=\/wp\/v2\/posts"}],"about":[{"href":"https:\/\/speyer24news.com\/index.php?rest_route=\/wp\/v2\/types\/post"}],"author":[{"embeddable":true,"href":"https:\/\/speyer24news.com\/index.php?rest_route=\/wp\/v2\/users\/3"}],"replies":[{"embeddable":true,"href":"https:\/\/speyer24news.com\/index.php?rest_route=%2Fwp%2Fv2%2Fcomments&post=29317"}],"version-history":[{"count":1,"href":"https:\/\/speyer24news.com\/index.php?rest_route=\/wp\/v2\/posts\/29317\/revisions"}],"predecessor-version":[{"id":29319,"href":"https:\/\/speyer24news.com\/index.php?rest_route=\/wp\/v2\/posts\/29317\/revisions\/29319"}],"wp:featuredmedia":[{"embeddable":true,"href":"https:\/\/speyer24news.com\/index.php?rest_route=\/wp\/v2\/media\/23902"}],"wp:attachment":[{"href":"https:\/\/speyer24news.com\/index.php?rest_route=%2Fwp%2Fv2%2Fmedia&parent=29317"}],"wp:term":[{"taxonomy":"category","embeddable":true,"href":"https:\/\/speyer24news.com\/index.php?rest_route=%2Fwp%2Fv2%2Fcategories&post=29317"},{"taxonomy":"post_tag","embeddable":true,"href":"https:\/\/speyer24news.com\/index.php?rest_route=%2Fwp%2Fv2%2Ftags&post=29317"}],"curies":[{"name":"wp","href":"https:\/\/api.w.org\/{rel}","templated":true}]}}