{"id":29322,"date":"2020-07-19T09:57:26","date_gmt":"2020-07-19T08:57:26","guid":{"rendered":"https:\/\/speyer24news.com\/?p=29322"},"modified":"2020-07-19T09:57:27","modified_gmt":"2020-07-19T08:57:27","slug":"schifferstadt-76","status":"publish","type":"post","link":"https:\/\/speyer24news.com\/?p=29322","title":{"rendered":"Schifferstadt"},"content":{"rendered":"<style type=\"text\/css\">\r\n\t.ads_top_disp{}\r\n\t.ads_top_corner_disp{ float:left; margin:0px 10px 10px 0px; }\r\n\t.ads_first_p_disp{}\r\n\t.ads_bottom_disp{}\r\n\t<\/style>\n<h2 class=\"wp-block-heading\"><strong>Der Kreuzplatz nimmt Form an<\/strong><\/h2>\n\n\n\n<div class=\"wp-block-image\"><figure class=\"aligncenter\"><img decoding=\"async\" loading=\"lazy\" width=\"500\" height=\"634\" src=\"https:\/\/speyer24news.com\/wp-content\/uploads\/2020\/07\/Kreuzplatz-17.07.2020.jpg\" alt=\"\" class=\"wp-image-29326\" srcset=\"https:\/\/speyer24news.com\/wp-content\/uploads\/2020\/07\/Kreuzplatz-17.07.2020.jpg 500w, https:\/\/speyer24news.com\/wp-content\/uploads\/2020\/07\/Kreuzplatz-17.07.2020-237x300.jpg 237w\" sizes=\"(max-width: 500px) 100vw, 500px\" \/><\/figure><\/div>\n\n\n\n<p>Stein um Stein schl\u00e4ngelt sich der neu gepflasterte Weg \u00fcber\nden Kreuzplatz. Damit Jung und Alt im Schatten der Platanen ihre Freizeit hier\ngenie\u00dfen k\u00f6nnen, gesellen sich in den n\u00e4chsten Tagen und Wochen ein\nGleichgewichtstrainer und eine sogenannte Spinner Bowl, eine Art Drehsch\u00fcssel,\ndazu. Auch den Sockel f\u00fcr das namensgebende Kreuz setzt die Firma Bartholom\u00e4\nzeitnah. <\/p>\n\n\n\n<p>Aktuell l\u00e4uft noch eine Untersuchung zur Absenkung des\nGrundwassers. Von deren Ergebnis ist abh\u00e4ngig, wann der Brunnenschacht gesetzt\nwerden kann. Dies wird jedoch fr\u00fchestens Mitte August, im Anschluss an die\nBetriebsferien der Firma Fl\u00f6rchinger, die mit der Gestaltung des Kreuzplatzes\nbeauftragt ist, m\u00f6glich sein. Steht der Brunnen, k\u00f6nnen die Wege in diesem\nBereich angelegt und befestigt werden. <\/p>\n\n\n\n<p>Im Herbst beginnt der dritte und letzte Bauabschnitt, bei dem\ndie Hauptstra\u00dfe zwischen der Brunnen- und der Sandgasse gesperrt werden muss.\nSobald der Zeitpunkt der Sperrung feststeht, informiert die Stadtverwaltung\n\u00fcber ihre Website www.schifferstadt.de, diesen Newsletter und \u00fcber die\nst\u00e4dtische Facebook-Seite \u201eSchifferstadt \u2013 meine Stadt\u201c. Auch sind\nAbstimmungsgespr\u00e4che mit den Gewerbetreibenden vor Beginn des Bauabschnittes\ngeplant. <\/p>\n\n\n\n<p>Die Stadtverwaltung dankt allen Anwohnern sowie den\nB\u00fcrgerinnen und B\u00fcrgern f\u00fcr ihr Verst\u00e4ndnis angesichts der mit den Bauarbeiten\neinhergehenden Herausforderungen. <\/p>\n\n\n\n<p><em>Stadtverwaltung Schifferstadt<br>19.07.2020<\/em><\/p>\n\n\n\n<h2 class=\"wp-block-heading\"><strong>Eine Slackline f\u00fcr\nInsekten<\/strong><\/h2>\n\n\n\n<h3 class=\"wp-block-heading\"><strong>Bienenhotel f\u00fcr Biodiversit\u00e4tsprojekt Portheide<\/strong><\/h3>\n\n\n\n<div class=\"wp-block-image\"><figure class=\"aligncenter\"><img decoding=\"async\" loading=\"lazy\" width=\"800\" height=\"600\" src=\"https:\/\/speyer24news.com\/wp-content\/uploads\/2020\/07\/Biodiversit\u00e4t-Portheide-7.jpg\" alt=\"\" class=\"wp-image-29324\" srcset=\"https:\/\/speyer24news.com\/wp-content\/uploads\/2020\/07\/Biodiversit\u00e4t-Portheide-7.jpg 800w, https:\/\/speyer24news.com\/wp-content\/uploads\/2020\/07\/Biodiversit\u00e4t-Portheide-7-300x225.jpg 300w, https:\/\/speyer24news.com\/wp-content\/uploads\/2020\/07\/Biodiversit\u00e4t-Portheide-7-768x576.jpg 768w, https:\/\/speyer24news.com\/wp-content\/uploads\/2020\/07\/Biodiversit\u00e4t-Portheide-7-678x509.jpg 678w, https:\/\/speyer24news.com\/wp-content\/uploads\/2020\/07\/Biodiversit\u00e4t-Portheide-7-326x245.jpg 326w, https:\/\/speyer24news.com\/wp-content\/uploads\/2020\/07\/Biodiversit\u00e4t-Portheide-7-80x60.jpg 80w\" sizes=\"(max-width: 800px) 100vw, 800px\" \/><\/figure><\/div>\n\n\n\n<p>\u201eWarum riecht es hier nach Schupfnudeln?\u201c, ist wohl die\neinzige Frage, die Markus H\u00e4u\u00dfler, Leiter der Stadtg\u00e4rtnerei am vergangenen\nMittwoch nicht beantworten kann. Daf\u00fcr wei\u00df er wie fest Sand zusammengedr\u00fcckt\nwerden muss, damit sich die Insekten kleine G\u00e4nge darin graben k\u00f6nnen, und\nwieso die Kinder aus der Kita \u201eHaus des Kindes\u201c die Nistplatten in bunten\nFarben anmalen sollten. <\/p>\n\n\n\n<p>Das Gel\u00e4nde an der Portheide, Ecke Dudenhofener Stra\u00dfe wird\nn\u00e4mlich zur Biodiversit\u00e4tsfl\u00e4che oder einfacher ausgedr\u00fcckt zum Naturgarten. Verschiedene\nB\u00fcsche und B\u00e4ume tragen abwechselnd das ganze Jahr \u00fcber Fr\u00fcchte, damit neben\nden Insekten auch die V\u00f6gel auf ihre Kosten kommen. An einem gro\u00dfen Bienenhotel\narbeiten die Kita-Kinder noch zusammen mit der Stadtg\u00e4rtnerei. Bei der\noffiziellen Einweihung am vergangenen Mittwoch fanden schon mal eine Kiste\nvoller Sand und ein Sto\u00df bunter Nistplatten mit unterschiedlich gro\u00dfen Bohrl\u00f6chern\nPlatz. \u201eUnd k\u00f6nnt ihr euch vorstellen, was wir damit machen?\u201c, fragt H\u00e4u\u00dfler\nund h\u00e4lt ein breites, blaues Band in die H\u00f6he. \u201eEine Slackline f\u00fcr die\nInsekten!\u201c, sind sich die Kids sofort einig. Ganz so abenteuerlich ist es dann\naber nicht \u2013 trotzdem braucht es vier Kinder und einen Stadtg\u00e4rtnerei-Leiter,\num die Nistplatten mit der \u201eSlackline\u201c zusammenzubinden, damit sie ordentlich\naufeinandergestapelt sind und die Bienen einziehen k\u00f6nnen. <\/p>\n\n\n\n<p>\u201eIhr k\u00f6nnt richtig stolz sein auf eure tolle Leistung\u201c, freut\nsich B\u00fcrgermeisterin Ilona Volk mit den Kindern und Erzieherinnen vor Ort.\n\u201eJetzt wo ihr so viel \u00fcber die Wildbienen und ihre Schlupfl\u00f6cher wisst, sagt\ndas ruhig euren Eltern und Freunden weiter. So k\u00f6nnen wir alle noch etwas \u00fcber\nunsere Tiere und die Natur lernen.\u201c<\/p>\n\n\n\n<h4 class=\"wp-block-heading\"><strong>\u201eHaus des Kindes\u201c wird FaireKITA<\/strong><\/h4>\n\n\n\n<div class=\"wp-block-image\"><figure class=\"aligncenter\"><img decoding=\"async\" loading=\"lazy\" width=\"800\" height=\"600\" src=\"https:\/\/speyer24news.com\/wp-content\/uploads\/2020\/07\/Biodiversit\u00e4t-Portheide-2.jpg\" alt=\"\" class=\"wp-image-29325\" srcset=\"https:\/\/speyer24news.com\/wp-content\/uploads\/2020\/07\/Biodiversit\u00e4t-Portheide-2.jpg 800w, https:\/\/speyer24news.com\/wp-content\/uploads\/2020\/07\/Biodiversit\u00e4t-Portheide-2-300x225.jpg 300w, https:\/\/speyer24news.com\/wp-content\/uploads\/2020\/07\/Biodiversit\u00e4t-Portheide-2-768x576.jpg 768w, https:\/\/speyer24news.com\/wp-content\/uploads\/2020\/07\/Biodiversit\u00e4t-Portheide-2-678x509.jpg 678w, https:\/\/speyer24news.com\/wp-content\/uploads\/2020\/07\/Biodiversit\u00e4t-Portheide-2-326x245.jpg 326w, https:\/\/speyer24news.com\/wp-content\/uploads\/2020\/07\/Biodiversit\u00e4t-Portheide-2-80x60.jpg 80w\" sizes=\"(max-width: 800px) 100vw, 800px\" \/><\/figure><\/div>\n\n\n\n<p>Ein Korb voll fairer K\u00f6stlichkeiten aus dem Weltladen f\u00fcr die\nKinder und eine Urkunde f\u00fcr Kita-Leiterin Esther Knoche \u2013 als erste\nSchifferstadter Kindertagesst\u00e4tte wird das \u201eHaus des Kindes\u201c als FaireKITA\nzertifiziert. Stolz \u00fcberreichen B\u00fcrgermeisterin Ilona Volk und die f\u00fcr die\nBereiche Naturschutz und Umwelt zust\u00e4ndige Erste Beigeordnete Ulla\nBehrendt-Roden ihre Mitbringsel an die Kleinen und Gro\u00dfen. <\/p>\n\n\n\n<p>Voraussetzung f\u00fcr die Auszeichnung zur FairenKITA ist ein Blick\n\u00fcber den Tellerrand hinaus zu den Familien in anderen Teilen der Welt. Das\nschaffen das Erzieher-Team, die Kinder und Eltern beim \u201eHaus des Kindes\u201c mit\nAusfl\u00fcgen in den Weltladen, wo fair produzierte und gehandelte Produkten, zum\nBeispiel Tee oder Schokolade, probiert und f\u00fcr den Kita-Alltag eingekauft\nwerden. Wie k\u00f6nnen wir M\u00fcll vermeiden und wie zur Artenvielfalt beitragen, sind\nnur einige der Fragen, denen sich die Kids in ihrem Alltag widmen. Zwei von\nihnen haben sogar gleich eine ganze Liste mit Tipps zum Umweltschutz\nzusammengestellt. Da darf der Punkt \u201eBio brodukte und fehre brodukte kaufen\u201c\nnat\u00fcrlich nicht fehlen.&nbsp; &nbsp;<\/p>\n\n\n\n<p>Ganz begeistert zeigte sich Behrendt-Roden von den vielen\nFragen der Kinder an den Stadtg\u00e4rtner und hatte zum Schluss noch eine Bitte an\nsie: \u201eH\u00f6rt bitte nicht auf, Fragen zu stellen und neugierig zu bleiben. Auch\nf\u00fcr die Erwachsenen ist es oft hilfreich, Anst\u00f6\u00dfe zum Nachdenken zu bekommen\nund so ebenfalls dazuzulernen.\u201c <\/p>\n\n\n\n<p>Auch andere Schifferstadter Kindertagesst\u00e4tten bem\u00fchen sich\nmomentan um den Titel \u201eFaireKITA\u201c.<\/p>\n\n\n\n<p><em>Stadtverwaltung Schifferstadt<br>19.07.2020<\/em><\/p>\n\n\n\n<h2 class=\"wp-block-heading\"><strong>Sprechzeiten Bauberatung<\/strong><\/h2>\n\n\n\n<div class=\"wp-block-image\"><figure class=\"aligncenter\"><img decoding=\"async\" loading=\"lazy\" width=\"800\" height=\"532\" src=\"https:\/\/speyer24news.com\/wp-content\/uploads\/2020\/07\/building-1080592_1920.jpg\" alt=\"\" class=\"wp-image-29323\" srcset=\"https:\/\/speyer24news.com\/wp-content\/uploads\/2020\/07\/building-1080592_1920.jpg 800w, https:\/\/speyer24news.com\/wp-content\/uploads\/2020\/07\/building-1080592_1920-300x200.jpg 300w, https:\/\/speyer24news.com\/wp-content\/uploads\/2020\/07\/building-1080592_1920-768x511.jpg 768w\" sizes=\"(max-width: 800px) 100vw, 800px\" \/><\/figure><\/div>\n\n\n\n<p>Sie m\u00f6chten in Schifferstadt bauen und brauchen\nUnterst\u00fctzung? Montags, mittwochs und donnerstags von 8:30 bis 12 Uhr,\ndonnerstagsnachmittags zus\u00e4tzlich von 14 bis 16 Uhr erreichen Sie die Bauberatung\nunter der 06235 \/ 44238. <\/p>\n\n\n\n<p>Anliegen, im besten Fall auch Zeichnungen und\/oder Pl\u00e4ne\nsowie Kontaktdaten k\u00f6nnen auch einfach an bauberatung@schifferstadt.de gesendet\nwerden. Frank Allgaier vom Fachbereich \u201eBauen und Umwelt\u201c meldet sich zur\u00fcck,\nber\u00e4t Sie gerne und unterst\u00fctzt Sie, beispielsweise bei der Kommunikation mit\nder Verwaltung des Rhein-Pfalz-Kreises. Pers\u00f6nliche Beratungstermine im Rathaus\nsind derzeit leider nicht m\u00f6glich.<\/p>\n\n\n\n<p>Erg\u00e4nzend zu den telefonischen Erreichbarkeiten bei der\nStadtverwaltung k\u00f6nnen Interessierte dienstags und freitags von 9 bis 12 Uhr\nbei der Kreisverwaltung des Rhein-Pfalz-Kreises unter der 0621 \/ 59090 anrufen.<\/p>\n\n\n\n<p><em>Stadtverwaltung Schifferstadt<br>19.07.2020<\/em><\/p>\n\n\n\n<h2 class=\"wp-block-heading\"><strong>Parkplatz in der\nHauptstra\u00dfe gesperrt<\/strong><\/h2>\n\n\n\n<p>Am <strong>Montag, 20. und Dienstag, 21. Juli<\/strong> ist der Parkplatz in der Hauptstra\u00dfe gegen\u00fcber der Reha &amp; Sport Factory f\u00fcr G\u00e4rtnerarbeiten teilweise gesperrt. <\/p>\n\n\n\n<p>Damit die Mitarbeiterinnen und Mitarbeiter der Stadtg\u00e4rtnerei\nbei den notwendigen Arbeiten, u.a. beim Heckenschnitt, ausreichend Platz zur\nVerf\u00fcgung haben und keine Fahrzeuge besch\u00e4digt werden, hat sich die\nStadtverwaltung dazu entschlossen, am Montag die eine, am Dienstag die andere\nH\u00e4lfte des Parkplatzes abzusperren. Stadtverwaltung und Stadtg\u00e4rtnerei danken\nallen B\u00fcrgerinnen und B\u00fcrgern f\u00fcr Ihr Verst\u00e4ndnis! <\/p>\n\n\n\n<p>Auf H\u00f6he der Hauptstra\u00dfe 17 und nahe dem Kreisel in der Waldseer Stra\u00dfe stehen weitere \u00f6ffentliche Parkpl\u00e4tze zur Verf\u00fcgung.<\/p>\n\n\n\n<p><em>Stadtverwaltung Schifferstadt<br>19.07.2020<\/em><\/p>\n\n\n\n<h1 class=\"wp-block-heading\" style=\"text-align:center\">Volkshochschul-Kurse (VHS) Schifferstadt<\/h1>\n\n\n\n<div class=\"wp-block-image\"><figure class=\"aligncenter\"><img decoding=\"async\" src=\"https:\/\/speyer24news.com\/wp-content\/uploads\/2020\/01\/VHS.png\" alt=\"\" class=\"wp-image-23911\"\/><\/figure><\/div>\n\n\n\n<h2 class=\"wp-block-heading\"><strong>Online-Kurs: Englisch f\u00fcr\nAnf\u00e4nger*innen<\/strong><\/h2>\n\n\n\n<p>Am <strong>Dienstag, 4. August<\/strong> beginnt um 10:30 Uhr der Online-Kurs \u201eEnglisch f\u00fcr Anf\u00e4nger*innen\u201c. Insgesamt sind f\u00fcnf Termine geplant.<\/p>\n\n\n\n<p>Wer keine oder nur sehr wenige Vorkenntnisse in Englisch hat und\ndas \u00e4ndern m\u00f6chte, kann im Online-Kurs der Volkshochschule Rhein-Pfalz-Kreis\ndie Grundlagen der Sprache erlernen.&nbsp;\nKursteilnehmerinnen und -teilnehmer erhalten das Lernmaterial vom\nDozenten per E-Mail \u2013 ebenso wie den Zugang zur Videoschaltung in Google\nHangouts. Eine eigene Google-Adresse ist dazu nicht erforderlich. Headset und\nWebcam sind von Vorteil, aber nicht zwingend erforderlich. Die Volkshochschule\nRhein-Pfalz-Kreis weist darauf hin, dass ihre Datenschutzerkl\u00e4rung nicht mit\nden Datenschutzregelungen von Google Hangouts \u00fcbereinstimmt. Mit der\nKurs-Anmeldung stimmen die Teilnehmerinnen und Teilnehmer zugleich der Nutzung\nvon Google Hangouts zu.<\/p>\n\n\n\n<p>F\u00fcr weitere Informationen und Anmeldungen k\u00f6nnen sich Interessierte bei der Stadtverwaltung Schifferstadt unter der Telefonnummer 06235\/44302 oder 44305 melden. <\/p>\n\n\n\n<h2 class=\"wp-block-heading\"><strong>Online-Kurs: Englisch f\u00fcr die Reise \u2013\nA2<\/strong><\/h2>\n\n\n\n<p>Am <strong>Dienstag, 4. August<\/strong> beginnt um 16 Uhr der Online-Kurs \u201eEnglisch f\u00fcr die Reise \u2013 A2\u201c. <\/p>\n\n\n\n<p>Sie planen eine Reise nach Gro\u00dfbritannien, in die Vereinigten\nStaaten oder ein anderes Land, in dem Englischkenntnisse von Vorteil w\u00e4ren? In\ndiesem Online-Kurs trainieren und erweitern Sie an f\u00fcnf Terminen die bereits\nvorhandenen Sprachkenntnisse, vor allem f\u00fcr wichtige Situationen, in die\nReisende gerne mal geraten k\u00f6nnen. Das Lernmaterial erhalten die\nKursteilnehmerinnen und -teilnehmer vom Dozenten per E-Mail \u2013 ebenso wie den\nZugang zur Videoschaltung in Google Hangouts. Eine eigene Google-Adresse ist\ndazu nicht erforderlich. Headset und Webcam sind von Vorteil, aber nicht\nzwingend erforderlich. Die Volkshochschule Rhein-Pfalz-Kreis weist darauf hin,\ndass ihre Datenschutzerkl\u00e4rung nicht mit den Datenschutzregelungen von Google\nHangouts \u00fcbereinstimmt. Mit der Kurs-Anmeldung stimmen die Teilnehmerinnen und\nTeilnehmer zugleich der Nutzung von Google Hangouts zu.<\/p>\n\n\n\n<p>F\u00fcr weitere Informationen und Anmeldungen k\u00f6nnen sich\nInteressierte bei der Stadtverwaltung Schifferstadt unter der Telefonnummer\n06235\/44302 oder 44305 melden.<\/p>\n\n\n\n<h2 class=\"wp-block-heading\"><strong>Online-Kurs: English for Conversation\nB1<\/strong><\/h2>\n\n\n\n<p>Am <strong>Donnerstag, 6. August<\/strong> beginnt um 9 Uhr der Online-Kurs \u201eonline &#8211; Englisch f\u00fcr die Reise \u2013 A2\u201c. <\/p>\n\n\n\n<p>Like to join an online class to practice and improve your\nEnglish? There will be five sessions with fun and interesting topics to talk\nabout, but also time for conversation about everyday situations at an\nintermediate level of English. Your teacher will be happy to provide you with\nthe necessary materials via email and to help you to access the class meetings.\nHeadset and webcam would be helpful, but not necessary.<\/p>\n\n\n\n<p>Die Volkshochschule Rhein-Pfalz-Kreis weist darauf hin, dass\nihre Datenschutzerkl\u00e4rung nicht mit den Datenschutzregelungen von Google\nHangouts \u00fcbereinstimmt. Mit der Kurs-Anmeldung stimmen die Teilnehmerinnen und\nTeilnehmer zugleich der Nutzung von Google Hangouts zu.<\/p>\n\n\n\n<p>F\u00fcr weitere Informationen und Anmeldungen k\u00f6nnen sich Interessierte bei der Stadtverwaltung Schifferstadt unter der Telefonnummer 06235\/44302 oder 44305 melden.<\/p>\n\n\n\n<p><em>Stadtverwaltung Schifferstadt \/ Volkshochschule (VHS) Rhein-Pfalz-Kreis<br>19.07.2020<\/em><\/p>\n","protected":false},"excerpt":{"rendered":"<div class=\"mh-excerpt\"><p>Der Kreuzplatz nimmt Form an Stein um Stein schl\u00e4ngelt sich der neu gepflasterte Weg \u00fcber den Kreuzplatz. Damit Jung und Alt im Schatten der Platanen ihre Freizeit hier genie\u00dfen k\u00f6nnen, gesellen sich in den n\u00e4chsten <a class=\"mh-excerpt-more\" href=\"https:\/\/speyer24news.com\/?p=29322\" title=\"Schifferstadt\">[&#8230;]<\/a><\/p>\n<\/div>","protected":false},"author":3,"featured_media":0,"comment_status":"open","ping_status":"open","sticky":false,"template":"","format":"standard","meta":{"_monsterinsights_skip_tracking":false,"_monsterinsights_sitenote_active":false,"_monsterinsights_sitenote_note":"","_monsterinsights_sitenote_category":0,"footnotes":""},"categories":[126],"tags":[8093,8088,8089,8092,8091,8090,5231,8094,127,2582,3045],"aioseo_notices":[],"amp_enabled":true,"_links":{"self":[{"href":"https:\/\/speyer24news.com\/index.php?rest_route=\/wp\/v2\/posts\/29322"}],"collection":[{"href":"https:\/\/speyer24news.com\/index.php?rest_route=\/wp\/v2\/posts"}],"about":[{"href":"https:\/\/speyer24news.com\/index.php?rest_route=\/wp\/v2\/types\/post"}],"author":[{"embeddable":true,"href":"https:\/\/speyer24news.com\/index.php?rest_route=\/wp\/v2\/users\/3"}],"replies":[{"embeddable":true,"href":"https:\/\/speyer24news.com\/index.php?rest_route=%2Fwp%2Fv2%2Fcomments&post=29322"}],"version-history":[{"count":1,"href":"https:\/\/speyer24news.com\/index.php?rest_route=\/wp\/v2\/posts\/29322\/revisions"}],"predecessor-version":[{"id":29327,"href":"https:\/\/speyer24news.com\/index.php?rest_route=\/wp\/v2\/posts\/29322\/revisions\/29327"}],"wp:attachment":[{"href":"https:\/\/speyer24news.com\/index.php?rest_route=%2Fwp%2Fv2%2Fmedia&parent=29322"}],"wp:term":[{"taxonomy":"category","embeddable":true,"href":"https:\/\/speyer24news.com\/index.php?rest_route=%2Fwp%2Fv2%2Fcategories&post=29322"},{"taxonomy":"post_tag","embeddable":true,"href":"https:\/\/speyer24news.com\/index.php?rest_route=%2Fwp%2Fv2%2Ftags&post=29322"}],"curies":[{"name":"wp","href":"https:\/\/api.w.org\/{rel}","templated":true}]}}